{"id":16870,"date":"2024-10-16T15:04:07","date_gmt":"2024-10-16T18:04:07","guid":{"rendered":"https:\/\/www.manquecura.cl\/valle-lo-campino\/?p=16870"},"modified":"2024-10-16T15:04:07","modified_gmt":"2024-10-16T18:04:07","slug":"auditoria-anual-de-salvaguarda","status":"publish","type":"post","link":"https:\/\/www.manquecura.cl\/valle-lo-campino\/noticias\/auditoria-anual-de-salvaguarda\/","title":{"rendered":"Auditor\u00eda Anual de Salvaguarda"},"content":{"rendered":"<p>En un esfuerzo continuo por salvaguardar a todos los estudiantes y miembros de la comunidad educativa, el colegio realiz\u00f3 la Auditor\u00eda Anual de Salvaguarda el pasado 14, 15 y 16 de octubre. Este proceso, que se ha venido implementando desde 2014, refleja el compromiso de los colegios Cognita con el cuidado y la protecci\u00f3n de sus estudiantes, as\u00ed como el desarrollo de una cultura de seguridad y prevenci\u00f3n.<\/p>\n<p>La auditor\u00eda, realizada por Lisa Pittwood, proveniente del Reino Unido, tiene como objetivo asegurar que los procedimientos y procesos relacionados con Salvaguarda dentro de los colegios se cumplan con los m\u00e1s altos est\u00e1ndares, garantizando as\u00ed la seguridad y el bienestar de los estudiantes y la comunidad educativa en su conjunto.<br \/>\nEn esta visita se busca entender c\u00f3mo el colegio procura mantener a lo\/as estudiantes seguros y qu\u00e9 acciones despliega e instala para promover el bienestar y la salud mental en el estudiantado. Para esto se revisar\u00e1 una amplia gama de temas, incluyendo Cultura y Liderazgo de Salvaguarda; Bienestar y Protecci\u00f3n Infantil; Implementaci\u00f3n y conocimiento de Pol\u00edticas, Protocolos y Procedimientos; Curr\u00edculum y Aprendizaje, entre otros aspectos fundamentales para garantizar un entorno seguro y favorable para el aprendizaje, la sana convivencia, el desarrollo propicio y el bienestar de nuestro\/as estudiantes.<\/p>\n<p>Durante su visita, Lisa sostuvo reuniones con distintos integrantes de la comunidad educativa: Equipo Directivo, administrativos, docentes y estudiantes, donde se revis\u00f3 el conocimiento, experiencias y visi\u00f3n que tienen sobre la salvaguarda y cu\u00e1l es su rol en la presencia y promoci\u00f3n de esta al interior del colegio.<\/p>\n<p>Agradecemos de antemano a todos quienes participaron en esta auditor\u00eda. Estamos seguros de que, con la colaboraci\u00f3n de toda la comunidad, podremos seguir avanzando hacia un entorno m\u00e1s seguro y protector para todos.<\/p>\n<p>#Safeguarding<br \/>\n#Salvaguarda<\/p>\n"},"excerpt":{"rendered":"<p>En un esfuerzo continuo por salvaguardar a todos los estudiantes y miembros de la comunidad educativa, el colegio realiz\u00f3 la Auditor\u00eda Anual de Salvaguarda el pasado 14, 15 y 16 de octubre. Este proceso, que se ha venido implementando desde 2014, refleja el compromiso de los colegios Cognita con el cuidado y la protecci\u00f3n de [&hellip;]<\/p>\n","protected":false},"author":34,"featured_media":16871,"comment_status":"open","ping_status":"open","sticky":false,"template":"","format":"standard","meta":{"_acf_changed":false,"content-type":"","_jetpack_memberships_contains_paid_content":false,"footnotes":""},"categories":[1],"tags":[],"class_list":["post-16870","post","type-post","status-publish","format-standard","has-post-thumbnail","hentry","category-vida-escolar"],"acf":[],"yoast_head":"<!-- This site is optimized with the Yoast SEO plugin v27.1.1 - https:\/\/yoast.com\/product\/yoast-seo-wordpress\/ -->\n<title>Auditor\u00eda Anual de Salvaguarda - Colegio Manquecura Valle Lo Campino<\/title>\n<meta name=\"robots\" content=\"index, follow, max-snippet:-1, max-image-preview:large, max-video-preview:-1\" \/>\n<link rel=\"canonical\" href=\"https:\/\/www.manquecura.cl\/valle-lo-campino\/noticias\/auditoria-anual-de-salvaguarda\/\" \/>\n<meta property=\"og:locale\" content=\"es_ES\" \/>\n<meta property=\"og:type\" content=\"article\" \/>\n<meta property=\"og:title\" content=\"Auditor\u00eda Anual de Salvaguarda - Colegio Manquecura Valle Lo Campino\" \/>\n<meta property=\"og:description\" content=\"En un esfuerzo continuo por salvaguardar a todos los estudiantes y miembros de la comunidad educativa, el colegio realiz\u00f3 la Auditor\u00eda Anual de Salvaguarda el pasado 14, 15 y 16 de octubre. Este proceso, que se ha venido implementando desde 2014, refleja el compromiso de los colegios Cognita con el cuidado y la protecci\u00f3n de [&hellip;]\" \/>\n<meta property=\"og:url\" content=\"https:\/\/www.manquecura.cl\/valle-lo-campino\/noticias\/auditoria-anual-de-salvaguarda\/\" \/>\n<meta property=\"og:site_name\" content=\"Colegio Manquecura Valle Lo Campino\" \/>\n<meta property=\"article:publisher\" content=\"http:\/\/www.facebook.com\/ColegiosManquecura\" \/>\n<meta property=\"article:published_time\" content=\"2024-10-16T18:04:07+00:00\" \/>\n<meta property=\"og:image\" content=\"https:\/\/www.manquecura.cl\/valle-lo-campino\/wp-content\/uploads\/sites\/40\/2024\/10\/Diseno-sin-titulo.jpg\" \/>\n\t<meta property=\"og:image:width\" content=\"836\" \/>\n\t<meta property=\"og:image:height\" content=\"523\" \/>\n\t<meta property=\"og:image:type\" content=\"image\/jpeg\" \/>\n<meta name=\"author\" content=\"danielacastro\" \/>\n<meta name=\"twitter:card\" content=\"summary_large_image\" \/>\n<meta name=\"twitter:label1\" content=\"Escrito por\" \/>\n\t<meta name=\"twitter:data1\" content=\"danielacastro\" \/>\n\t<meta name=\"twitter:label2\" content=\"Tiempo de lectura\" \/>\n\t<meta name=\"twitter:data2\" content=\"2 minutos\" \/>\n<script type=\"application\/ld+json\" class=\"yoast-schema-graph\">{\"@context\":\"https:\/\/schema.org\",\"@graph\":[{\"@type\":\"Article\",\"@id\":\"https:\/\/www.manquecura.cl\/valle-lo-campino\/noticias\/auditoria-anual-de-salvaguarda\/#article\",\"isPartOf\":{\"@id\":\"https:\/\/www.manquecura.cl\/valle-lo-campino\/noticias\/auditoria-anual-de-salvaguarda\/\"},\"author\":{\"name\":\"danielacastro\",\"@id\":\"https:\/\/www.manquecura.cl\/valle-lo-campino\/#\/schema\/person\/5eb92a7b45165cdbdbb271bcdacc9d9e\"},\"headline\":\"Auditor\u00eda Anual de Salvaguarda\",\"datePublished\":\"2024-10-16T18:04:07+00:00\",\"mainEntityOfPage\":{\"@id\":\"https:\/\/www.manquecura.cl\/valle-lo-campino\/noticias\/auditoria-anual-de-salvaguarda\/\"},\"wordCount\":309,\"commentCount\":0,\"publisher\":{\"@id\":\"https:\/\/www.manquecura.cl\/valle-lo-campino\/#organization\"},\"image\":{\"@id\":\"https:\/\/www.manquecura.cl\/valle-lo-campino\/noticias\/auditoria-anual-de-salvaguarda\/#primaryimage\"},\"thumbnailUrl\":\"https:\/\/www.manquecura.cl\/valle-lo-campino\/wp-content\/uploads\/sites\/40\/2024\/10\/Diseno-sin-titulo.jpg\",\"articleSection\":[\"Vida Escolar\"],\"inLanguage\":\"es\",\"potentialAction\":[{\"@type\":\"CommentAction\",\"name\":\"Comment\",\"target\":[\"https:\/\/www.manquecura.cl\/valle-lo-campino\/noticias\/auditoria-anual-de-salvaguarda\/#respond\"]}]},{\"@type\":\"WebPage\",\"@id\":\"https:\/\/www.manquecura.cl\/valle-lo-campino\/noticias\/auditoria-anual-de-salvaguarda\/\",\"url\":\"https:\/\/www.manquecura.cl\/valle-lo-campino\/noticias\/auditoria-anual-de-salvaguarda\/\",\"name\":\"Auditor\u00eda Anual de Salvaguarda - Colegio Manquecura Valle Lo Campino\",\"isPartOf\":{\"@id\":\"https:\/\/www.manquecura.cl\/valle-lo-campino\/#website\"},\"primaryImageOfPage\":{\"@id\":\"https:\/\/www.manquecura.cl\/valle-lo-campino\/noticias\/auditoria-anual-de-salvaguarda\/#primaryimage\"},\"image\":{\"@id\":\"https:\/\/www.manquecura.cl\/valle-lo-campino\/noticias\/auditoria-anual-de-salvaguarda\/#primaryimage\"},\"thumbnailUrl\":\"https:\/\/www.manquecura.cl\/valle-lo-campino\/wp-content\/uploads\/sites\/40\/2024\/10\/Diseno-sin-titulo.jpg\",\"datePublished\":\"2024-10-16T18:04:07+00:00\",\"breadcrumb\":{\"@id\":\"https:\/\/www.manquecura.cl\/valle-lo-campino\/noticias\/auditoria-anual-de-salvaguarda\/#breadcrumb\"},\"inLanguage\":\"es\",\"potentialAction\":[{\"@type\":\"ReadAction\",\"target\":[\"https:\/\/www.manquecura.cl\/valle-lo-campino\/noticias\/auditoria-anual-de-salvaguarda\/\"]}]},{\"@type\":\"ImageObject\",\"inLanguage\":\"es\",\"@id\":\"https:\/\/www.manquecura.cl\/valle-lo-campino\/noticias\/auditoria-anual-de-salvaguarda\/#primaryimage\",\"url\":\"https:\/\/www.manquecura.cl\/valle-lo-campino\/wp-content\/uploads\/sites\/40\/2024\/10\/Diseno-sin-titulo.jpg\",\"contentUrl\":\"https:\/\/www.manquecura.cl\/valle-lo-campino\/wp-content\/uploads\/sites\/40\/2024\/10\/Diseno-sin-titulo.jpg\",\"width\":836,\"height\":523},{\"@type\":\"BreadcrumbList\",\"@id\":\"https:\/\/www.manquecura.cl\/valle-lo-campino\/noticias\/auditoria-anual-de-salvaguarda\/#breadcrumb\",\"itemListElement\":[{\"@type\":\"ListItem\",\"position\":1,\"name\":\"Home\",\"item\":\"https:\/\/www.manquecura.cl\/valle-lo-campino\/\"},{\"@type\":\"ListItem\",\"position\":2,\"name\":\"Auditor\u00eda Anual de Salvaguarda\"}]},{\"@type\":\"WebSite\",\"@id\":\"https:\/\/www.manquecura.cl\/valle-lo-campino\/#website\",\"url\":\"https:\/\/www.manquecura.cl\/valle-lo-campino\/\",\"name\":\"Colegio Manquecura Valle Lo Campino\",\"description\":\"Parte de los Colegios Cognita\",\"publisher\":{\"@id\":\"https:\/\/www.manquecura.cl\/valle-lo-campino\/#organization\"},\"potentialAction\":[{\"@type\":\"SearchAction\",\"target\":{\"@type\":\"EntryPoint\",\"urlTemplate\":\"https:\/\/www.manquecura.cl\/valle-lo-campino\/?s={search_term_string}\"},\"query-input\":{\"@type\":\"PropertyValueSpecification\",\"valueRequired\":true,\"valueName\":\"search_term_string\"}}],\"inLanguage\":\"es\"},{\"@type\":\"Organization\",\"@id\":\"https:\/\/www.manquecura.cl\/valle-lo-campino\/#organization\",\"name\":\"Colegio Manquecura Valle Lo Campino\",\"url\":\"https:\/\/www.manquecura.cl\/valle-lo-campino\/\",\"logo\":{\"@type\":\"ImageObject\",\"inLanguage\":\"es\",\"@id\":\"https:\/\/www.manquecura.cl\/valle-lo-campino\/#\/schema\/logo\/image\/\",\"url\":\"https:\/\/www.manquecura.cl\/valle-lo-campino\/wp-content\/uploads\/sites\/40\/2025\/02\/logo_Manquecura_Valle-Lo-Campino_horizontal_color.webp\",\"contentUrl\":\"https:\/\/www.manquecura.cl\/valle-lo-campino\/wp-content\/uploads\/sites\/40\/2025\/02\/logo_Manquecura_Valle-Lo-Campino_horizontal_color.webp\",\"width\":400,\"height\":119,\"caption\":\"Colegio Manquecura Valle Lo Campino\"},\"image\":{\"@id\":\"https:\/\/www.manquecura.cl\/valle-lo-campino\/#\/schema\/logo\/image\/\"},\"sameAs\":[\"http:\/\/www.facebook.com\/ColegiosManquecura\",\"http:\/\/www.instagram.com\/manquecura_vallelocampino\/\",\"http:\/\/www.youtube.com\/c\/CognitaChile\"]},{\"@type\":\"Person\",\"@id\":\"https:\/\/www.manquecura.cl\/valle-lo-campino\/#\/schema\/person\/5eb92a7b45165cdbdbb271bcdacc9d9e\",\"name\":\"danielacastro\",\"image\":{\"@type\":\"ImageObject\",\"inLanguage\":\"es\",\"@id\":\"https:\/\/www.manquecura.cl\/valle-lo-campino\/#\/schema\/person\/image\/\",\"url\":\"https:\/\/secure.gravatar.com\/avatar\/16a603f2cc3ad485cabfe7c59b923050a809d8344cba940b4148737780592211?s=96&d=mm&r=g\",\"contentUrl\":\"https:\/\/secure.gravatar.com\/avatar\/16a603f2cc3ad485cabfe7c59b923050a809d8344cba940b4148737780592211?s=96&d=mm&r=g\",\"caption\":\"danielacastro\"}}]}<\/script>\n<!-- \/ Yoast SEO plugin. -->","yoast_head_json":{"title":"Auditor\u00eda Anual de Salvaguarda - Colegio Manquecura Valle Lo Campino","robots":{"index":"index","follow":"follow","max-snippet":"max-snippet:-1","max-image-preview":"max-image-preview:large","max-video-preview":"max-video-preview:-1"},"canonical":"https:\/\/www.manquecura.cl\/valle-lo-campino\/noticias\/auditoria-anual-de-salvaguarda\/","og_locale":"es_ES","og_type":"article","og_title":"Auditor\u00eda Anual de Salvaguarda - Colegio Manquecura Valle Lo Campino","og_description":"En un esfuerzo continuo por salvaguardar a todos los estudiantes y miembros de la comunidad educativa, el colegio realiz\u00f3 la Auditor\u00eda Anual de Salvaguarda el pasado 14, 15 y 16 de octubre. Este proceso, que se ha venido implementando desde 2014, refleja el compromiso de los colegios Cognita con el cuidado y la protecci\u00f3n de [&hellip;]","og_url":"https:\/\/www.manquecura.cl\/valle-lo-campino\/noticias\/auditoria-anual-de-salvaguarda\/","og_site_name":"Colegio Manquecura Valle Lo Campino","article_publisher":"http:\/\/www.facebook.com\/ColegiosManquecura","article_published_time":"2024-10-16T18:04:07+00:00","og_image":[{"width":836,"height":523,"url":"https:\/\/www.manquecura.cl\/valle-lo-campino\/wp-content\/uploads\/sites\/40\/2024\/10\/Diseno-sin-titulo.jpg","type":"image\/jpeg"}],"author":"danielacastro","twitter_card":"summary_large_image","twitter_misc":{"Escrito por":"danielacastro","Tiempo de lectura":"2 minutos"},"schema":{"@context":"https:\/\/schema.org","@graph":[{"@type":"Article","@id":"https:\/\/www.manquecura.cl\/valle-lo-campino\/noticias\/auditoria-anual-de-salvaguarda\/#article","isPartOf":{"@id":"https:\/\/www.manquecura.cl\/valle-lo-campino\/noticias\/auditoria-anual-de-salvaguarda\/"},"author":{"name":"danielacastro","@id":"https:\/\/www.manquecura.cl\/valle-lo-campino\/#\/schema\/person\/5eb92a7b45165cdbdbb271bcdacc9d9e"},"headline":"Auditor\u00eda Anual de Salvaguarda","datePublished":"2024-10-16T18:04:07+00:00","mainEntityOfPage":{"@id":"https:\/\/www.manquecura.cl\/valle-lo-campino\/noticias\/auditoria-anual-de-salvaguarda\/"},"wordCount":309,"commentCount":0,"publisher":{"@id":"https:\/\/www.manquecura.cl\/valle-lo-campino\/#organization"},"image":{"@id":"https:\/\/www.manquecura.cl\/valle-lo-campino\/noticias\/auditoria-anual-de-salvaguarda\/#primaryimage"},"thumbnailUrl":"https:\/\/www.manquecura.cl\/valle-lo-campino\/wp-content\/uploads\/sites\/40\/2024\/10\/Diseno-sin-titulo.jpg","articleSection":["Vida Escolar"],"inLanguage":"es","potentialAction":[{"@type":"CommentAction","name":"Comment","target":["https:\/\/www.manquecura.cl\/valle-lo-campino\/noticias\/auditoria-anual-de-salvaguarda\/#respond"]}]},{"@type":"WebPage","@id":"https:\/\/www.manquecura.cl\/valle-lo-campino\/noticias\/auditoria-anual-de-salvaguarda\/","url":"https:\/\/www.manquecura.cl\/valle-lo-campino\/noticias\/auditoria-anual-de-salvaguarda\/","name":"Auditor\u00eda Anual de Salvaguarda - Colegio Manquecura Valle Lo Campino","isPartOf":{"@id":"https:\/\/www.manquecura.cl\/valle-lo-campino\/#website"},"primaryImageOfPage":{"@id":"https:\/\/www.manquecura.cl\/valle-lo-campino\/noticias\/auditoria-anual-de-salvaguarda\/#primaryimage"},"image":{"@id":"https:\/\/www.manquecura.cl\/valle-lo-campino\/noticias\/auditoria-anual-de-salvaguarda\/#primaryimage"},"thumbnailUrl":"https:\/\/www.manquecura.cl\/valle-lo-campino\/wp-content\/uploads\/sites\/40\/2024\/10\/Diseno-sin-titulo.jpg","datePublished":"2024-10-16T18:04:07+00:00","breadcrumb":{"@id":"https:\/\/www.manquecura.cl\/valle-lo-campino\/noticias\/auditoria-anual-de-salvaguarda\/#breadcrumb"},"inLanguage":"es","potentialAction":[{"@type":"ReadAction","target":["https:\/\/www.manquecura.cl\/valle-lo-campino\/noticias\/auditoria-anual-de-salvaguarda\/"]}]},{"@type":"ImageObject","inLanguage":"es","@id":"https:\/\/www.manquecura.cl\/valle-lo-campino\/noticias\/auditoria-anual-de-salvaguarda\/#primaryimage","url":"https:\/\/www.manquecura.cl\/valle-lo-campino\/wp-content\/uploads\/sites\/40\/2024\/10\/Diseno-sin-titulo.jpg","contentUrl":"https:\/\/www.manquecura.cl\/valle-lo-campino\/wp-content\/uploads\/sites\/40\/2024\/10\/Diseno-sin-titulo.jpg","width":836,"height":523},{"@type":"BreadcrumbList","@id":"https:\/\/www.manquecura.cl\/valle-lo-campino\/noticias\/auditoria-anual-de-salvaguarda\/#breadcrumb","itemListElement":[{"@type":"ListItem","position":1,"name":"Home","item":"https:\/\/www.manquecura.cl\/valle-lo-campino\/"},{"@type":"ListItem","position":2,"name":"Auditor\u00eda Anual de Salvaguarda"}]},{"@type":"WebSite","@id":"https:\/\/www.manquecura.cl\/valle-lo-campino\/#website","url":"https:\/\/www.manquecura.cl\/valle-lo-campino\/","name":"Colegio Manquecura Valle Lo Campino","description":"Parte de los Colegios Cognita","publisher":{"@id":"https:\/\/www.manquecura.cl\/valle-lo-campino\/#organization"},"potentialAction":[{"@type":"SearchAction","target":{"@type":"EntryPoint","urlTemplate":"https:\/\/www.manquecura.cl\/valle-lo-campino\/?s={search_term_string}"},"query-input":{"@type":"PropertyValueSpecification","valueRequired":true,"valueName":"search_term_string"}}],"inLanguage":"es"},{"@type":"Organization","@id":"https:\/\/www.manquecura.cl\/valle-lo-campino\/#organization","name":"Colegio Manquecura Valle Lo Campino","url":"https:\/\/www.manquecura.cl\/valle-lo-campino\/","logo":{"@type":"ImageObject","inLanguage":"es","@id":"https:\/\/www.manquecura.cl\/valle-lo-campino\/#\/schema\/logo\/image\/","url":"https:\/\/www.manquecura.cl\/valle-lo-campino\/wp-content\/uploads\/sites\/40\/2025\/02\/logo_Manquecura_Valle-Lo-Campino_horizontal_color.webp","contentUrl":"https:\/\/www.manquecura.cl\/valle-lo-campino\/wp-content\/uploads\/sites\/40\/2025\/02\/logo_Manquecura_Valle-Lo-Campino_horizontal_color.webp","width":400,"height":119,"caption":"Colegio Manquecura Valle Lo Campino"},"image":{"@id":"https:\/\/www.manquecura.cl\/valle-lo-campino\/#\/schema\/logo\/image\/"},"sameAs":["http:\/\/www.facebook.com\/ColegiosManquecura","http:\/\/www.instagram.com\/manquecura_vallelocampino\/","http:\/\/www.youtube.com\/c\/CognitaChile"]},{"@type":"Person","@id":"https:\/\/www.manquecura.cl\/valle-lo-campino\/#\/schema\/person\/5eb92a7b45165cdbdbb271bcdacc9d9e","name":"danielacastro","image":{"@type":"ImageObject","inLanguage":"es","@id":"https:\/\/www.manquecura.cl\/valle-lo-campino\/#\/schema\/person\/image\/","url":"https:\/\/secure.gravatar.com\/avatar\/16a603f2cc3ad485cabfe7c59b923050a809d8344cba940b4148737780592211?s=96&d=mm&r=g","contentUrl":"https:\/\/secure.gravatar.com\/avatar\/16a603f2cc3ad485cabfe7c59b923050a809d8344cba940b4148737780592211?s=96&d=mm&r=g","caption":"danielacastro"}}]}},"jetpack_featured_media_url":"https:\/\/www.manquecura.cl\/valle-lo-campino\/wp-content\/uploads\/sites\/40\/2024\/10\/Diseno-sin-titulo.jpg","previous_post_ID":16763,"previous_post_title":"\u00a1El CAMPUR GENERAL regresa!","previous_post_excerpt":"Nos emociona anunciar la conformaci\u00f3n del CAMPUR de Transici\u00f3n para el periodo 2024-2025. Este grupo nace gracias a la iniciativa de nuestras apoderadas, quienes han dado un paso adelante para retomar esta importante instituci\u00f3n, perdida durante la pandemia. Este CAMPUR de Transici\u00f3n estar\u00e1 activo hasta finales de 2025, y en octubre del pr\u00f3ximo a\u00f1o se [&hellip;]","previous_post_link":"https:\/\/www.manquecura.cl\/valle-lo-campino\/noticias\/el-campur-general-regresa\/","previous_post_class":["post-16763","post","type-post","status-publish","format-standard","has-post-thumbnail","hentry","category-vida-escolar"],"next_post_ID":16860,"next_post_title":"\u00a1Gracias a nuestro ex-alumno!","next_post_excerpt":"\ud83c\udfa5\u2728 \u00a1Con mucha alegr\u00eda les compartimos una gran noticia! Este martes se hizo la entrega oficial de un incre\u00edble video que captura los mejores momentos de nuestra\u00a0Feria Cient\u00edfica\u00a0\ud83e\uddea\ud83c\udf0d, organizada por los Departamentos de Ciencias e Ingl\u00e9s, ya que varios de los proyectos fueron presentados en este idioma. La producci\u00f3n estuvo a cargo de nuestro ex-estudiante [&hellip;]","next_post_link":"https:\/\/www.manquecura.cl\/valle-lo-campino\/noticias\/gracias-a-nuestro-ex-alumno\/","next_post_class":["post-16860","post","type-post","status-publish","format-standard","has-post-thumbnail","hentry","category-vida-escolar"],"jetpack_sharing_enabled":true,"_links":{"self":[{"href":"https:\/\/www.manquecura.cl\/valle-lo-campino\/wp-json\/wp\/v2\/posts\/16870","targetHints":{"allow":["GET"]}}],"collection":[{"href":"https:\/\/www.manquecura.cl\/valle-lo-campino\/wp-json\/wp\/v2\/posts"}],"about":[{"href":"https:\/\/www.manquecura.cl\/valle-lo-campino\/wp-json\/wp\/v2\/types\/post"}],"author":[{"embeddable":true,"href":"https:\/\/www.manquecura.cl\/valle-lo-campino\/wp-json\/wp\/v2\/users\/34"}],"replies":[{"embeddable":true,"href":"https:\/\/www.manquecura.cl\/valle-lo-campino\/wp-json\/wp\/v2\/comments?post=16870"}],"version-history":[{"count":0,"href":"https:\/\/www.manquecura.cl\/valle-lo-campino\/wp-json\/wp\/v2\/posts\/16870\/revisions"}],"wp:featuredmedia":[{"embeddable":true,"href":"https:\/\/www.manquecura.cl\/valle-lo-campino\/wp-json\/wp\/v2\/media\/16871"}],"wp:attachment":[{"href":"https:\/\/www.manquecura.cl\/valle-lo-campino\/wp-json\/wp\/v2\/media?parent=16870"}],"wp:term":[{"taxonomy":"category","embeddable":true,"href":"https:\/\/www.manquecura.cl\/valle-lo-campino\/wp-json\/wp\/v2\/categories?post=16870"},{"taxonomy":"post_tag","embeddable":true,"href":"https:\/\/www.manquecura.cl\/valle-lo-campino\/wp-json\/wp\/v2\/tags?post=16870"}],"curies":[{"name":"wp","href":"https:\/\/api.w.org\/{rel}","templated":true}]}}