{"id":16227,"date":"2024-01-17T15:52:21","date_gmt":"2024-01-17T18:52:21","guid":{"rendered":"https:\/\/www.manquecura.cl\/valle-lo-campino\/?p=16227"},"modified":"2024-01-17T15:52:21","modified_gmt":"2024-01-17T18:52:21","slug":"informacion-ingreso-a-clases-2024","status":"publish","type":"post","link":"https:\/\/www.manquecura.cl\/valle-lo-campino\/noticias\/informacion-ingreso-a-clases-2024\/","title":{"rendered":"Informaci\u00f3n Ingreso a Clases 2024"},"content":{"rendered":"<p>La primera semana de clases tendremos horarios por nivel y tambi\u00e9n horario especial para Educaci\u00f3n Parvularia y 1\u00b0 B\u00e1sicos. A continuaci\u00f3n, podr\u00e1n revisar el detalle:<\/p>\n<p><em>*Las puertas de Educaci\u00f3n Parvularia estar\u00e1n abiertas a las 07:50 hrs para el ingreso de los ni\u00f1os\/as y comenzar con la rutina de clases*<\/em><\/p>\n<p><u><strong>Lunes 04 de marzo:<\/strong><\/u><br \/>\nIngreso estudiantes de Play Group y Jard\u00edn Infantil &#8211; horario de 8:00 a 11:00 hrs. <strong>(horario se mantiene hasta el 15 de marzo)<\/strong><br \/>\nIngreso estudiantes de 1\u00b0 b\u00e1sico &#8211; horario de 8:00 a 12:30 hrs. <strong>(horario se mantiene hasta el 15 de marzo)<\/strong><br \/>\nIngreso estudiantes de 2\u00b0 a 3\u00b0 B\u00e1sico &#8211; horario de 8:00 a 12:30 hrs.<\/p>\n<p>Ingreso estudiantes de 4\u00b0 a 6\u00b0 B\u00e1sico &#8211; horario de 8:00 a 12:45 hrs.<br \/>\nIngreso estudiantes de 7\u00b0 a IV Medio &#8211; horario de 8:00 a 13:00 hrs.<\/p>\n<p><u><strong>Martes 05 de marzo:<\/strong><\/u><br \/>\nIngreso estudiantes de Pre K\u00ednder y K\u00ednder &#8211; horario de 8:00 a 11:30 hrs. <strong>(horario se mantiene hasta el 15 de marzo)<\/strong><\/p>\n<p><strong><u>Desde el 04 al 08 de marzo todos niveles, mantendr\u00e1n el horario de primer d\u00eda de clases.<\/u><\/strong><\/p>\n<p>El d\u00eda <strong>lunes 11 de marzo se dar\u00e1 inicio a la jornada completa de clases<\/strong>. Excepto Educaci\u00f3n Parvularia a 1\u00b0 b\u00e1sicos, quienes comenzar\u00e1n con jornada completa a partir del 18 de marzo.<\/p>\n<p><a href=\"https:\/\/www.manquecura.cl\/valle-lo-campino\/horario-jornada-escolar-2024\/\">Revise aqu\u00ed Horario Escolar 2024<\/a><\/p>\n"},"excerpt":{"rendered":"<p>La primera semana de clases tendremos horarios por nivel y tambi\u00e9n horario especial para Educaci\u00f3n Parvularia y 1\u00b0 B\u00e1sicos. A continuaci\u00f3n, podr\u00e1n revisar el detalle: *Las puertas de Educaci\u00f3n Parvularia estar\u00e1n abiertas a las 07:50 hrs para el ingreso de los ni\u00f1os\/as y comenzar con la rutina de clases* Lunes 04 de marzo: Ingreso estudiantes [&hellip;]<\/p>\n","protected":false},"author":14,"featured_media":16233,"comment_status":"open","ping_status":"open","sticky":false,"template":"","format":"standard","meta":{"_acf_changed":false,"content-type":"","_jetpack_memberships_contains_paid_content":false,"footnotes":""},"categories":[1],"tags":[],"class_list":["post-16227","post","type-post","status-publish","format-standard","has-post-thumbnail","hentry","category-vida-escolar"],"acf":[],"yoast_head":"<!-- This site is optimized with the Yoast SEO plugin v27.1.1 - https:\/\/yoast.com\/product\/yoast-seo-wordpress\/ -->\n<title>Informaci\u00f3n Ingreso a Clases 2024 - Colegio Manquecura Valle Lo Campino<\/title>\n<meta name=\"robots\" content=\"index, follow, max-snippet:-1, max-image-preview:large, max-video-preview:-1\" \/>\n<link rel=\"canonical\" href=\"https:\/\/www.manquecura.cl\/valle-lo-campino\/noticias\/informacion-ingreso-a-clases-2024\/\" \/>\n<meta property=\"og:locale\" content=\"es_ES\" \/>\n<meta property=\"og:type\" content=\"article\" \/>\n<meta property=\"og:title\" content=\"Informaci\u00f3n Ingreso a Clases 2024 - Colegio Manquecura Valle Lo Campino\" \/>\n<meta property=\"og:description\" content=\"La primera semana de clases tendremos horarios por nivel y tambi\u00e9n horario especial para Educaci\u00f3n Parvularia y 1\u00b0 B\u00e1sicos. A continuaci\u00f3n, podr\u00e1n revisar el detalle: *Las puertas de Educaci\u00f3n Parvularia estar\u00e1n abiertas a las 07:50 hrs para el ingreso de los ni\u00f1os\/as y comenzar con la rutina de clases* Lunes 04 de marzo: Ingreso estudiantes [&hellip;]\" \/>\n<meta property=\"og:url\" content=\"https:\/\/www.manquecura.cl\/valle-lo-campino\/noticias\/informacion-ingreso-a-clases-2024\/\" \/>\n<meta property=\"og:site_name\" content=\"Colegio Manquecura Valle Lo Campino\" \/>\n<meta property=\"article:publisher\" content=\"http:\/\/www.facebook.com\/ColegiosManquecura\" \/>\n<meta property=\"article:published_time\" content=\"2024-01-17T18:52:21+00:00\" \/>\n<meta property=\"og:image\" content=\"https:\/\/www.manquecura.cl\/valle-lo-campino\/wp-content\/uploads\/sites\/40\/2024\/01\/WEB_VLC-18.png\" \/>\n\t<meta property=\"og:image:width\" content=\"836\" \/>\n\t<meta property=\"og:image:height\" content=\"523\" \/>\n\t<meta property=\"og:image:type\" content=\"image\/png\" \/>\n<meta name=\"author\" content=\"jorgedelcampo\" \/>\n<meta name=\"twitter:card\" content=\"summary_large_image\" \/>\n<meta name=\"twitter:label1\" content=\"Escrito por\" \/>\n\t<meta name=\"twitter:data1\" content=\"jorgedelcampo\" \/>\n\t<meta name=\"twitter:label2\" content=\"Tiempo de lectura\" \/>\n\t<meta name=\"twitter:data2\" content=\"2 minutos\" \/>\n<script type=\"application\/ld+json\" class=\"yoast-schema-graph\">{\"@context\":\"https:\/\/schema.org\",\"@graph\":[{\"@type\":\"Article\",\"@id\":\"https:\/\/www.manquecura.cl\/valle-lo-campino\/noticias\/informacion-ingreso-a-clases-2024\/#article\",\"isPartOf\":{\"@id\":\"https:\/\/www.manquecura.cl\/valle-lo-campino\/noticias\/informacion-ingreso-a-clases-2024\/\"},\"author\":{\"name\":\"jorgedelcampo\",\"@id\":\"https:\/\/www.manquecura.cl\/valle-lo-campino\/#\/schema\/person\/0debeea140e397b5d490ee7e553255d8\"},\"headline\":\"Informaci\u00f3n Ingreso a Clases 2024\",\"datePublished\":\"2024-01-17T18:52:21+00:00\",\"mainEntityOfPage\":{\"@id\":\"https:\/\/www.manquecura.cl\/valle-lo-campino\/noticias\/informacion-ingreso-a-clases-2024\/\"},\"wordCount\":213,\"commentCount\":0,\"publisher\":{\"@id\":\"https:\/\/www.manquecura.cl\/valle-lo-campino\/#organization\"},\"image\":{\"@id\":\"https:\/\/www.manquecura.cl\/valle-lo-campino\/noticias\/informacion-ingreso-a-clases-2024\/#primaryimage\"},\"thumbnailUrl\":\"https:\/\/www.manquecura.cl\/valle-lo-campino\/wp-content\/uploads\/sites\/40\/2024\/01\/WEB_VLC-18.png\",\"articleSection\":[\"Vida Escolar\"],\"inLanguage\":\"es\",\"potentialAction\":[{\"@type\":\"CommentAction\",\"name\":\"Comment\",\"target\":[\"https:\/\/www.manquecura.cl\/valle-lo-campino\/noticias\/informacion-ingreso-a-clases-2024\/#respond\"]}]},{\"@type\":\"WebPage\",\"@id\":\"https:\/\/www.manquecura.cl\/valle-lo-campino\/noticias\/informacion-ingreso-a-clases-2024\/\",\"url\":\"https:\/\/www.manquecura.cl\/valle-lo-campino\/noticias\/informacion-ingreso-a-clases-2024\/\",\"name\":\"Informaci\u00f3n Ingreso a Clases 2024 - Colegio Manquecura Valle Lo Campino\",\"isPartOf\":{\"@id\":\"https:\/\/www.manquecura.cl\/valle-lo-campino\/#website\"},\"primaryImageOfPage\":{\"@id\":\"https:\/\/www.manquecura.cl\/valle-lo-campino\/noticias\/informacion-ingreso-a-clases-2024\/#primaryimage\"},\"image\":{\"@id\":\"https:\/\/www.manquecura.cl\/valle-lo-campino\/noticias\/informacion-ingreso-a-clases-2024\/#primaryimage\"},\"thumbnailUrl\":\"https:\/\/www.manquecura.cl\/valle-lo-campino\/wp-content\/uploads\/sites\/40\/2024\/01\/WEB_VLC-18.png\",\"datePublished\":\"2024-01-17T18:52:21+00:00\",\"breadcrumb\":{\"@id\":\"https:\/\/www.manquecura.cl\/valle-lo-campino\/noticias\/informacion-ingreso-a-clases-2024\/#breadcrumb\"},\"inLanguage\":\"es\",\"potentialAction\":[{\"@type\":\"ReadAction\",\"target\":[\"https:\/\/www.manquecura.cl\/valle-lo-campino\/noticias\/informacion-ingreso-a-clases-2024\/\"]}]},{\"@type\":\"ImageObject\",\"inLanguage\":\"es\",\"@id\":\"https:\/\/www.manquecura.cl\/valle-lo-campino\/noticias\/informacion-ingreso-a-clases-2024\/#primaryimage\",\"url\":\"https:\/\/www.manquecura.cl\/valle-lo-campino\/wp-content\/uploads\/sites\/40\/2024\/01\/WEB_VLC-18.png\",\"contentUrl\":\"https:\/\/www.manquecura.cl\/valle-lo-campino\/wp-content\/uploads\/sites\/40\/2024\/01\/WEB_VLC-18.png\",\"width\":836,\"height\":523},{\"@type\":\"BreadcrumbList\",\"@id\":\"https:\/\/www.manquecura.cl\/valle-lo-campino\/noticias\/informacion-ingreso-a-clases-2024\/#breadcrumb\",\"itemListElement\":[{\"@type\":\"ListItem\",\"position\":1,\"name\":\"Home\",\"item\":\"https:\/\/www.manquecura.cl\/valle-lo-campino\/\"},{\"@type\":\"ListItem\",\"position\":2,\"name\":\"Informaci\u00f3n Ingreso a Clases 2024\"}]},{\"@type\":\"WebSite\",\"@id\":\"https:\/\/www.manquecura.cl\/valle-lo-campino\/#website\",\"url\":\"https:\/\/www.manquecura.cl\/valle-lo-campino\/\",\"name\":\"Colegio Manquecura Valle Lo Campino\",\"description\":\"Parte de los Colegios Cognita\",\"publisher\":{\"@id\":\"https:\/\/www.manquecura.cl\/valle-lo-campino\/#organization\"},\"potentialAction\":[{\"@type\":\"SearchAction\",\"target\":{\"@type\":\"EntryPoint\",\"urlTemplate\":\"https:\/\/www.manquecura.cl\/valle-lo-campino\/?s={search_term_string}\"},\"query-input\":{\"@type\":\"PropertyValueSpecification\",\"valueRequired\":true,\"valueName\":\"search_term_string\"}}],\"inLanguage\":\"es\"},{\"@type\":\"Organization\",\"@id\":\"https:\/\/www.manquecura.cl\/valle-lo-campino\/#organization\",\"name\":\"Colegio Manquecura Valle Lo Campino\",\"url\":\"https:\/\/www.manquecura.cl\/valle-lo-campino\/\",\"logo\":{\"@type\":\"ImageObject\",\"inLanguage\":\"es\",\"@id\":\"https:\/\/www.manquecura.cl\/valle-lo-campino\/#\/schema\/logo\/image\/\",\"url\":\"https:\/\/www.manquecura.cl\/valle-lo-campino\/wp-content\/uploads\/sites\/40\/2025\/02\/logo_Manquecura_Valle-Lo-Campino_horizontal_color.webp\",\"contentUrl\":\"https:\/\/www.manquecura.cl\/valle-lo-campino\/wp-content\/uploads\/sites\/40\/2025\/02\/logo_Manquecura_Valle-Lo-Campino_horizontal_color.webp\",\"width\":400,\"height\":119,\"caption\":\"Colegio Manquecura Valle Lo Campino\"},\"image\":{\"@id\":\"https:\/\/www.manquecura.cl\/valle-lo-campino\/#\/schema\/logo\/image\/\"},\"sameAs\":[\"http:\/\/www.facebook.com\/ColegiosManquecura\",\"http:\/\/www.instagram.com\/manquecura_vallelocampino\/\",\"http:\/\/www.youtube.com\/c\/CognitaChile\"]},{\"@type\":\"Person\",\"@id\":\"https:\/\/www.manquecura.cl\/valle-lo-campino\/#\/schema\/person\/0debeea140e397b5d490ee7e553255d8\",\"name\":\"jorgedelcampo\",\"image\":{\"@type\":\"ImageObject\",\"inLanguage\":\"es\",\"@id\":\"https:\/\/www.manquecura.cl\/valle-lo-campino\/#\/schema\/person\/image\/\",\"url\":\"https:\/\/secure.gravatar.com\/avatar\/4a315f521213b2dc91dbda9bf799f711c8a98ab6f5606ec42cf5b33d1e762e8a?s=96&d=mm&r=g\",\"contentUrl\":\"https:\/\/secure.gravatar.com\/avatar\/4a315f521213b2dc91dbda9bf799f711c8a98ab6f5606ec42cf5b33d1e762e8a?s=96&d=mm&r=g\",\"caption\":\"jorgedelcampo\"}}]}<\/script>\n<!-- \/ Yoast SEO plugin. -->","yoast_head_json":{"title":"Informaci\u00f3n Ingreso a Clases 2024 - Colegio Manquecura Valle Lo Campino","robots":{"index":"index","follow":"follow","max-snippet":"max-snippet:-1","max-image-preview":"max-image-preview:large","max-video-preview":"max-video-preview:-1"},"canonical":"https:\/\/www.manquecura.cl\/valle-lo-campino\/noticias\/informacion-ingreso-a-clases-2024\/","og_locale":"es_ES","og_type":"article","og_title":"Informaci\u00f3n Ingreso a Clases 2024 - Colegio Manquecura Valle Lo Campino","og_description":"La primera semana de clases tendremos horarios por nivel y tambi\u00e9n horario especial para Educaci\u00f3n Parvularia y 1\u00b0 B\u00e1sicos. A continuaci\u00f3n, podr\u00e1n revisar el detalle: *Las puertas de Educaci\u00f3n Parvularia estar\u00e1n abiertas a las 07:50 hrs para el ingreso de los ni\u00f1os\/as y comenzar con la rutina de clases* Lunes 04 de marzo: Ingreso estudiantes [&hellip;]","og_url":"https:\/\/www.manquecura.cl\/valle-lo-campino\/noticias\/informacion-ingreso-a-clases-2024\/","og_site_name":"Colegio Manquecura Valle Lo Campino","article_publisher":"http:\/\/www.facebook.com\/ColegiosManquecura","article_published_time":"2024-01-17T18:52:21+00:00","og_image":[{"width":836,"height":523,"url":"https:\/\/www.manquecura.cl\/valle-lo-campino\/wp-content\/uploads\/sites\/40\/2024\/01\/WEB_VLC-18.png","type":"image\/png"}],"author":"jorgedelcampo","twitter_card":"summary_large_image","twitter_misc":{"Escrito por":"jorgedelcampo","Tiempo de lectura":"2 minutos"},"schema":{"@context":"https:\/\/schema.org","@graph":[{"@type":"Article","@id":"https:\/\/www.manquecura.cl\/valle-lo-campino\/noticias\/informacion-ingreso-a-clases-2024\/#article","isPartOf":{"@id":"https:\/\/www.manquecura.cl\/valle-lo-campino\/noticias\/informacion-ingreso-a-clases-2024\/"},"author":{"name":"jorgedelcampo","@id":"https:\/\/www.manquecura.cl\/valle-lo-campino\/#\/schema\/person\/0debeea140e397b5d490ee7e553255d8"},"headline":"Informaci\u00f3n Ingreso a Clases 2024","datePublished":"2024-01-17T18:52:21+00:00","mainEntityOfPage":{"@id":"https:\/\/www.manquecura.cl\/valle-lo-campino\/noticias\/informacion-ingreso-a-clases-2024\/"},"wordCount":213,"commentCount":0,"publisher":{"@id":"https:\/\/www.manquecura.cl\/valle-lo-campino\/#organization"},"image":{"@id":"https:\/\/www.manquecura.cl\/valle-lo-campino\/noticias\/informacion-ingreso-a-clases-2024\/#primaryimage"},"thumbnailUrl":"https:\/\/www.manquecura.cl\/valle-lo-campino\/wp-content\/uploads\/sites\/40\/2024\/01\/WEB_VLC-18.png","articleSection":["Vida Escolar"],"inLanguage":"es","potentialAction":[{"@type":"CommentAction","name":"Comment","target":["https:\/\/www.manquecura.cl\/valle-lo-campino\/noticias\/informacion-ingreso-a-clases-2024\/#respond"]}]},{"@type":"WebPage","@id":"https:\/\/www.manquecura.cl\/valle-lo-campino\/noticias\/informacion-ingreso-a-clases-2024\/","url":"https:\/\/www.manquecura.cl\/valle-lo-campino\/noticias\/informacion-ingreso-a-clases-2024\/","name":"Informaci\u00f3n Ingreso a Clases 2024 - Colegio Manquecura Valle Lo Campino","isPartOf":{"@id":"https:\/\/www.manquecura.cl\/valle-lo-campino\/#website"},"primaryImageOfPage":{"@id":"https:\/\/www.manquecura.cl\/valle-lo-campino\/noticias\/informacion-ingreso-a-clases-2024\/#primaryimage"},"image":{"@id":"https:\/\/www.manquecura.cl\/valle-lo-campino\/noticias\/informacion-ingreso-a-clases-2024\/#primaryimage"},"thumbnailUrl":"https:\/\/www.manquecura.cl\/valle-lo-campino\/wp-content\/uploads\/sites\/40\/2024\/01\/WEB_VLC-18.png","datePublished":"2024-01-17T18:52:21+00:00","breadcrumb":{"@id":"https:\/\/www.manquecura.cl\/valle-lo-campino\/noticias\/informacion-ingreso-a-clases-2024\/#breadcrumb"},"inLanguage":"es","potentialAction":[{"@type":"ReadAction","target":["https:\/\/www.manquecura.cl\/valle-lo-campino\/noticias\/informacion-ingreso-a-clases-2024\/"]}]},{"@type":"ImageObject","inLanguage":"es","@id":"https:\/\/www.manquecura.cl\/valle-lo-campino\/noticias\/informacion-ingreso-a-clases-2024\/#primaryimage","url":"https:\/\/www.manquecura.cl\/valle-lo-campino\/wp-content\/uploads\/sites\/40\/2024\/01\/WEB_VLC-18.png","contentUrl":"https:\/\/www.manquecura.cl\/valle-lo-campino\/wp-content\/uploads\/sites\/40\/2024\/01\/WEB_VLC-18.png","width":836,"height":523},{"@type":"BreadcrumbList","@id":"https:\/\/www.manquecura.cl\/valle-lo-campino\/noticias\/informacion-ingreso-a-clases-2024\/#breadcrumb","itemListElement":[{"@type":"ListItem","position":1,"name":"Home","item":"https:\/\/www.manquecura.cl\/valle-lo-campino\/"},{"@type":"ListItem","position":2,"name":"Informaci\u00f3n Ingreso a Clases 2024"}]},{"@type":"WebSite","@id":"https:\/\/www.manquecura.cl\/valle-lo-campino\/#website","url":"https:\/\/www.manquecura.cl\/valle-lo-campino\/","name":"Colegio Manquecura Valle Lo Campino","description":"Parte de los Colegios Cognita","publisher":{"@id":"https:\/\/www.manquecura.cl\/valle-lo-campino\/#organization"},"potentialAction":[{"@type":"SearchAction","target":{"@type":"EntryPoint","urlTemplate":"https:\/\/www.manquecura.cl\/valle-lo-campino\/?s={search_term_string}"},"query-input":{"@type":"PropertyValueSpecification","valueRequired":true,"valueName":"search_term_string"}}],"inLanguage":"es"},{"@type":"Organization","@id":"https:\/\/www.manquecura.cl\/valle-lo-campino\/#organization","name":"Colegio Manquecura Valle Lo Campino","url":"https:\/\/www.manquecura.cl\/valle-lo-campino\/","logo":{"@type":"ImageObject","inLanguage":"es","@id":"https:\/\/www.manquecura.cl\/valle-lo-campino\/#\/schema\/logo\/image\/","url":"https:\/\/www.manquecura.cl\/valle-lo-campino\/wp-content\/uploads\/sites\/40\/2025\/02\/logo_Manquecura_Valle-Lo-Campino_horizontal_color.webp","contentUrl":"https:\/\/www.manquecura.cl\/valle-lo-campino\/wp-content\/uploads\/sites\/40\/2025\/02\/logo_Manquecura_Valle-Lo-Campino_horizontal_color.webp","width":400,"height":119,"caption":"Colegio Manquecura Valle Lo Campino"},"image":{"@id":"https:\/\/www.manquecura.cl\/valle-lo-campino\/#\/schema\/logo\/image\/"},"sameAs":["http:\/\/www.facebook.com\/ColegiosManquecura","http:\/\/www.instagram.com\/manquecura_vallelocampino\/","http:\/\/www.youtube.com\/c\/CognitaChile"]},{"@type":"Person","@id":"https:\/\/www.manquecura.cl\/valle-lo-campino\/#\/schema\/person\/0debeea140e397b5d490ee7e553255d8","name":"jorgedelcampo","image":{"@type":"ImageObject","inLanguage":"es","@id":"https:\/\/www.manquecura.cl\/valle-lo-campino\/#\/schema\/person\/image\/","url":"https:\/\/secure.gravatar.com\/avatar\/4a315f521213b2dc91dbda9bf799f711c8a98ab6f5606ec42cf5b33d1e762e8a?s=96&d=mm&r=g","contentUrl":"https:\/\/secure.gravatar.com\/avatar\/4a315f521213b2dc91dbda9bf799f711c8a98ab6f5606ec42cf5b33d1e762e8a?s=96&d=mm&r=g","caption":"jorgedelcampo"}}]}},"jetpack_featured_media_url":"https:\/\/www.manquecura.cl\/valle-lo-campino\/wp-content\/uploads\/sites\/40\/2024\/01\/WEB_VLC-18.png","previous_post_ID":16226,"previous_post_title":"Informaci\u00f3n Open House 2024","previous_post_excerpt":"Invitamos a nuestros\/as estudiantes y sus familias a participar en el\u202fOpen House 2024,\u202f instancia en la que el colegio abrir\u00e1 sus puertas para que los ni\u00f1os, ni\u00f1as y j\u00f3venes tengan la posibilidad de conocer sus salas de clases, profesores jefes, y tambi\u00e9n encontrarse con sus compa\u00f1eros(as) y amigos(as). Esta actividad se realizar\u00e1 los siguientes d\u00edas: [&hellip;]","previous_post_link":"https:\/\/www.manquecura.cl\/valle-lo-campino\/noticias\/informacion-open-house-2024\/","previous_post_class":["post-16226","post","type-post","status-publish","format-standard","has-post-thumbnail","hentry","category-vida-escolar"],"next_post_ID":16426,"next_post_title":"Open House 2024","next_post_excerpt":"Los \u00faltimos d\u00edas de febrero llevamos a cabo nuestro tradicional Open House, instancia en la que participaron alumnos, apoderados y profesores. En ella, recibieron una c\u00e1lida bienvenida de nuestra Rectora, Sra. Mar\u00eda Teresa Ja\u00f1a y de los Directores de Estudios, nuestros ni\u00f1os pudieron reconocer sus salas, conversar con sus profesores y encontrarse con sus compa\u00f1eros. [&hellip;]","next_post_link":"https:\/\/www.manquecura.cl\/valle-lo-campino\/noticias\/open-house-2024\/","next_post_class":["post-16426","post","type-post","status-publish","format-standard","has-post-thumbnail","hentry","category-vida-escolar"],"jetpack_sharing_enabled":true,"_links":{"self":[{"href":"https:\/\/www.manquecura.cl\/valle-lo-campino\/wp-json\/wp\/v2\/posts\/16227","targetHints":{"allow":["GET"]}}],"collection":[{"href":"https:\/\/www.manquecura.cl\/valle-lo-campino\/wp-json\/wp\/v2\/posts"}],"about":[{"href":"https:\/\/www.manquecura.cl\/valle-lo-campino\/wp-json\/wp\/v2\/types\/post"}],"author":[{"embeddable":true,"href":"https:\/\/www.manquecura.cl\/valle-lo-campino\/wp-json\/wp\/v2\/users\/14"}],"replies":[{"embeddable":true,"href":"https:\/\/www.manquecura.cl\/valle-lo-campino\/wp-json\/wp\/v2\/comments?post=16227"}],"version-history":[{"count":0,"href":"https:\/\/www.manquecura.cl\/valle-lo-campino\/wp-json\/wp\/v2\/posts\/16227\/revisions"}],"wp:featuredmedia":[{"embeddable":true,"href":"https:\/\/www.manquecura.cl\/valle-lo-campino\/wp-json\/wp\/v2\/media\/16233"}],"wp:attachment":[{"href":"https:\/\/www.manquecura.cl\/valle-lo-campino\/wp-json\/wp\/v2\/media?parent=16227"}],"wp:term":[{"taxonomy":"category","embeddable":true,"href":"https:\/\/www.manquecura.cl\/valle-lo-campino\/wp-json\/wp\/v2\/categories?post=16227"},{"taxonomy":"post_tag","embeddable":true,"href":"https:\/\/www.manquecura.cl\/valle-lo-campino\/wp-json\/wp\/v2\/tags?post=16227"}],"curies":[{"name":"wp","href":"https:\/\/api.w.org\/{rel}","templated":true}]}}