{"id":15836,"date":"2023-10-11T16:49:49","date_gmt":"2023-10-11T19:49:49","guid":{"rendered":"https:\/\/www.manquecura.cl\/valle-lo-campino\/?p=15836"},"modified":"2023-10-11T16:49:49","modified_gmt":"2023-10-11T19:49:49","slug":"salida-pedagogica-i-medio-b-expo-futuro-novato-a-universidad-catolica-de-chile","status":"publish","type":"post","link":"https:\/\/www.manquecura.cl\/valle-lo-campino\/noticias\/salida-pedagogica-i-medio-b-expo-futuro-novato-a-universidad-catolica-de-chile\/","title":{"rendered":"Salida Pedag\u00f3gica I\u00b0 Medio B &#8211; Expo Futuro Novato\/a, Universidad Cat\u00f3lica de Chile"},"content":{"rendered":"<p>Estudiantes de I\u00b0 Medio B, participaron de una experiencia distinta que no acostumbramos a realizar como colegio, pero que puede ser enriquecedora para el futuro de nuestros\/as j\u00f3venes.<\/p>\n<p>Ellos asistieron a la Expo Futuro Novato y Novata, realizada por la Pontificia Universidad Cat\u00f3lica de Chile, donde se presentaron m\u00e1s de 60 carreras universitarias e iniciativas de esta misma.<\/p>\n<p>Instancia donde todos\/as aprovecharon para conocer la instituci\u00f3n y las carreras que el d\u00eda de ma\u00f1ana podr\u00edan elegir como profesi\u00f3n.<\/p>\n<p>Esperamos que esta oportunidad haya sido provechosa para nuestros\/as estudiantes.<\/p>\n<div id='gallery-2' class='gallery galleryid-15836 gallery-columns-3 gallery-size-thumbnail'><figure class='gallery-item'>\n\t\t\t<div class='gallery-icon landscape'>\n\t\t\t\t<a href='https:\/\/www.manquecura.cl\/valle-lo-campino\/wp-content\/uploads\/sites\/40\/2023\/10\/EXPO_FUT_UCATO-1.png'><img loading=\"lazy\" decoding=\"async\" width=\"150\" height=\"150\" src=\"https:\/\/www.manquecura.cl\/valle-lo-campino\/wp-content\/uploads\/sites\/40\/2023\/10\/EXPO_FUT_UCATO-1.png?w=150&amp;h=150&amp;crop=1\" class=\"attachment-thumbnail size-thumbnail\" alt=\"\" \/><\/a>\n\t\t\t<\/div><\/figure><figure class='gallery-item'>\n\t\t\t<div class='gallery-icon landscape'>\n\t\t\t\t<a href='https:\/\/www.manquecura.cl\/valle-lo-campino\/wp-content\/uploads\/sites\/40\/2023\/10\/EXPO_FUT_UCATO-3.png'><img loading=\"lazy\" decoding=\"async\" width=\"150\" height=\"150\" src=\"https:\/\/www.manquecura.cl\/valle-lo-campino\/wp-content\/uploads\/sites\/40\/2023\/10\/EXPO_FUT_UCATO-3.png?w=150&amp;h=150&amp;crop=1\" class=\"attachment-thumbnail size-thumbnail\" alt=\"\" \/><\/a>\n\t\t\t<\/div><\/figure><figure class='gallery-item'>\n\t\t\t<div class='gallery-icon landscape'>\n\t\t\t\t<a href='https:\/\/www.manquecura.cl\/valle-lo-campino\/wp-content\/uploads\/sites\/40\/2023\/10\/EXPO_FUT_UCATO-2.png'><img loading=\"lazy\" decoding=\"async\" width=\"150\" height=\"150\" src=\"https:\/\/www.manquecura.cl\/valle-lo-campino\/wp-content\/uploads\/sites\/40\/2023\/10\/EXPO_FUT_UCATO-2.png?w=150&amp;h=150&amp;crop=1\" class=\"attachment-thumbnail size-thumbnail\" alt=\"\" \/><\/a>\n\t\t\t<\/div><\/figure>\n\t\t<\/div>\n\n"},"excerpt":{"rendered":"<p>Estudiantes de I\u00b0 Medio B, participaron de una experiencia distinta que no acostumbramos a realizar como colegio, pero que puede ser enriquecedora para el futuro de nuestros\/as j\u00f3venes. Ellos asistieron a la Expo Futuro Novato y Novata, realizada por la Pontificia Universidad Cat\u00f3lica de Chile, donde se presentaron m\u00e1s de 60 carreras universitarias e iniciativas [&hellip;]<\/p>\n","protected":false},"author":14,"featured_media":15837,"comment_status":"open","ping_status":"open","sticky":false,"template":"","format":"standard","meta":{"_acf_changed":false,"content-type":"","_jetpack_memberships_contains_paid_content":false,"footnotes":""},"categories":[1],"tags":[],"class_list":["post-15836","post","type-post","status-publish","format-standard","has-post-thumbnail","hentry","category-vida-escolar"],"acf":[],"yoast_head":"<!-- This site is optimized with the Yoast SEO plugin v27.1.1 - https:\/\/yoast.com\/product\/yoast-seo-wordpress\/ -->\n<title>Salida Pedag\u00f3gica I\u00b0 Medio B - Expo Futuro Novato\/a, Universidad Cat\u00f3lica de Chile - Colegio Manquecura Valle Lo Campino<\/title>\n<meta name=\"robots\" content=\"index, follow, max-snippet:-1, max-image-preview:large, max-video-preview:-1\" \/>\n<link rel=\"canonical\" href=\"https:\/\/www.manquecura.cl\/valle-lo-campino\/noticias\/salida-pedagogica-i-medio-b-expo-futuro-novato-a-universidad-catolica-de-chile\/\" \/>\n<meta property=\"og:locale\" content=\"es_ES\" \/>\n<meta property=\"og:type\" content=\"article\" \/>\n<meta property=\"og:title\" content=\"Salida Pedag\u00f3gica I\u00b0 Medio B - Expo Futuro Novato\/a, Universidad Cat\u00f3lica de Chile - Colegio Manquecura Valle Lo Campino\" \/>\n<meta property=\"og:description\" content=\"Estudiantes de I\u00b0 Medio B, participaron de una experiencia distinta que no acostumbramos a realizar como colegio, pero que puede ser enriquecedora para el futuro de nuestros\/as j\u00f3venes. Ellos asistieron a la Expo Futuro Novato y Novata, realizada por la Pontificia Universidad Cat\u00f3lica de Chile, donde se presentaron m\u00e1s de 60 carreras universitarias e iniciativas [&hellip;]\" \/>\n<meta property=\"og:url\" content=\"https:\/\/www.manquecura.cl\/valle-lo-campino\/noticias\/salida-pedagogica-i-medio-b-expo-futuro-novato-a-universidad-catolica-de-chile\/\" \/>\n<meta property=\"og:site_name\" content=\"Colegio Manquecura Valle Lo Campino\" \/>\n<meta property=\"article:publisher\" content=\"http:\/\/www.facebook.com\/ColegiosManquecura\" \/>\n<meta property=\"article:published_time\" content=\"2023-10-11T19:49:49+00:00\" \/>\n<meta property=\"og:image\" content=\"https:\/\/www.manquecura.cl\/valle-lo-campino\/wp-content\/uploads\/sites\/40\/2023\/10\/EXPO_FUT_UCATO-1.png?w=150&amp;h=150&amp;crop=1\" \/>\n<meta name=\"author\" content=\"jorgedelcampo\" \/>\n<meta name=\"twitter:card\" content=\"summary_large_image\" \/>\n<meta name=\"twitter:label1\" content=\"Escrito por\" \/>\n\t<meta name=\"twitter:data1\" content=\"jorgedelcampo\" \/>\n\t<meta name=\"twitter:label2\" content=\"Tiempo de lectura\" \/>\n\t<meta name=\"twitter:data2\" content=\"1 minuto\" \/>\n<script type=\"application\/ld+json\" class=\"yoast-schema-graph\">{\"@context\":\"https:\/\/schema.org\",\"@graph\":[{\"@type\":\"Article\",\"@id\":\"https:\/\/www.manquecura.cl\/valle-lo-campino\/noticias\/salida-pedagogica-i-medio-b-expo-futuro-novato-a-universidad-catolica-de-chile\/#article\",\"isPartOf\":{\"@id\":\"https:\/\/www.manquecura.cl\/valle-lo-campino\/noticias\/salida-pedagogica-i-medio-b-expo-futuro-novato-a-universidad-catolica-de-chile\/\"},\"author\":{\"name\":\"jorgedelcampo\",\"@id\":\"https:\/\/www.manquecura.cl\/valle-lo-campino\/#\/schema\/person\/0debeea140e397b5d490ee7e553255d8\"},\"headline\":\"Salida Pedag\u00f3gica I\u00b0 Medio B &#8211; Expo Futuro Novato\/a, Universidad Cat\u00f3lica de Chile\",\"datePublished\":\"2023-10-11T19:49:49+00:00\",\"mainEntityOfPage\":{\"@id\":\"https:\/\/www.manquecura.cl\/valle-lo-campino\/noticias\/salida-pedagogica-i-medio-b-expo-futuro-novato-a-universidad-catolica-de-chile\/\"},\"wordCount\":118,\"commentCount\":0,\"publisher\":{\"@id\":\"https:\/\/www.manquecura.cl\/valle-lo-campino\/#organization\"},\"image\":{\"@id\":\"https:\/\/www.manquecura.cl\/valle-lo-campino\/noticias\/salida-pedagogica-i-medio-b-expo-futuro-novato-a-universidad-catolica-de-chile\/#primaryimage\"},\"thumbnailUrl\":\"https:\/\/www.manquecura.cl\/valle-lo-campino\/wp-content\/uploads\/sites\/40\/2023\/10\/EXPO_FUT_UCATO-2.png\",\"articleSection\":[\"Vida Escolar\"],\"inLanguage\":\"es\",\"potentialAction\":[{\"@type\":\"CommentAction\",\"name\":\"Comment\",\"target\":[\"https:\/\/www.manquecura.cl\/valle-lo-campino\/noticias\/salida-pedagogica-i-medio-b-expo-futuro-novato-a-universidad-catolica-de-chile\/#respond\"]}]},{\"@type\":\"WebPage\",\"@id\":\"https:\/\/www.manquecura.cl\/valle-lo-campino\/noticias\/salida-pedagogica-i-medio-b-expo-futuro-novato-a-universidad-catolica-de-chile\/\",\"url\":\"https:\/\/www.manquecura.cl\/valle-lo-campino\/noticias\/salida-pedagogica-i-medio-b-expo-futuro-novato-a-universidad-catolica-de-chile\/\",\"name\":\"Salida Pedag\u00f3gica I\u00b0 Medio B - Expo Futuro Novato\/a, Universidad Cat\u00f3lica de Chile - Colegio Manquecura Valle Lo Campino\",\"isPartOf\":{\"@id\":\"https:\/\/www.manquecura.cl\/valle-lo-campino\/#website\"},\"primaryImageOfPage\":{\"@id\":\"https:\/\/www.manquecura.cl\/valle-lo-campino\/noticias\/salida-pedagogica-i-medio-b-expo-futuro-novato-a-universidad-catolica-de-chile\/#primaryimage\"},\"image\":{\"@id\":\"https:\/\/www.manquecura.cl\/valle-lo-campino\/noticias\/salida-pedagogica-i-medio-b-expo-futuro-novato-a-universidad-catolica-de-chile\/#primaryimage\"},\"thumbnailUrl\":\"https:\/\/www.manquecura.cl\/valle-lo-campino\/wp-content\/uploads\/sites\/40\/2023\/10\/EXPO_FUT_UCATO-2.png\",\"datePublished\":\"2023-10-11T19:49:49+00:00\",\"breadcrumb\":{\"@id\":\"https:\/\/www.manquecura.cl\/valle-lo-campino\/noticias\/salida-pedagogica-i-medio-b-expo-futuro-novato-a-universidad-catolica-de-chile\/#breadcrumb\"},\"inLanguage\":\"es\",\"potentialAction\":[{\"@type\":\"ReadAction\",\"target\":[\"https:\/\/www.manquecura.cl\/valle-lo-campino\/noticias\/salida-pedagogica-i-medio-b-expo-futuro-novato-a-universidad-catolica-de-chile\/\"]}]},{\"@type\":\"ImageObject\",\"inLanguage\":\"es\",\"@id\":\"https:\/\/www.manquecura.cl\/valle-lo-campino\/noticias\/salida-pedagogica-i-medio-b-expo-futuro-novato-a-universidad-catolica-de-chile\/#primaryimage\",\"url\":\"https:\/\/www.manquecura.cl\/valle-lo-campino\/wp-content\/uploads\/sites\/40\/2023\/10\/EXPO_FUT_UCATO-2.png\",\"contentUrl\":\"https:\/\/www.manquecura.cl\/valle-lo-campino\/wp-content\/uploads\/sites\/40\/2023\/10\/EXPO_FUT_UCATO-2.png\",\"width\":836,\"height\":523},{\"@type\":\"BreadcrumbList\",\"@id\":\"https:\/\/www.manquecura.cl\/valle-lo-campino\/noticias\/salida-pedagogica-i-medio-b-expo-futuro-novato-a-universidad-catolica-de-chile\/#breadcrumb\",\"itemListElement\":[{\"@type\":\"ListItem\",\"position\":1,\"name\":\"Home\",\"item\":\"https:\/\/www.manquecura.cl\/valle-lo-campino\/\"},{\"@type\":\"ListItem\",\"position\":2,\"name\":\"Salida Pedag\u00f3gica I\u00b0 Medio B &#8211; Expo Futuro Novato\/a, Universidad Cat\u00f3lica de Chile\"}]},{\"@type\":\"WebSite\",\"@id\":\"https:\/\/www.manquecura.cl\/valle-lo-campino\/#website\",\"url\":\"https:\/\/www.manquecura.cl\/valle-lo-campino\/\",\"name\":\"Colegio Manquecura Valle Lo Campino\",\"description\":\"Parte de los Colegios Cognita\",\"publisher\":{\"@id\":\"https:\/\/www.manquecura.cl\/valle-lo-campino\/#organization\"},\"potentialAction\":[{\"@type\":\"SearchAction\",\"target\":{\"@type\":\"EntryPoint\",\"urlTemplate\":\"https:\/\/www.manquecura.cl\/valle-lo-campino\/?s={search_term_string}\"},\"query-input\":{\"@type\":\"PropertyValueSpecification\",\"valueRequired\":true,\"valueName\":\"search_term_string\"}}],\"inLanguage\":\"es\"},{\"@type\":\"Organization\",\"@id\":\"https:\/\/www.manquecura.cl\/valle-lo-campino\/#organization\",\"name\":\"Colegio Manquecura Valle Lo Campino\",\"url\":\"https:\/\/www.manquecura.cl\/valle-lo-campino\/\",\"logo\":{\"@type\":\"ImageObject\",\"inLanguage\":\"es\",\"@id\":\"https:\/\/www.manquecura.cl\/valle-lo-campino\/#\/schema\/logo\/image\/\",\"url\":\"https:\/\/www.manquecura.cl\/valle-lo-campino\/wp-content\/uploads\/sites\/40\/2025\/02\/logo_Manquecura_Valle-Lo-Campino_horizontal_color.webp\",\"contentUrl\":\"https:\/\/www.manquecura.cl\/valle-lo-campino\/wp-content\/uploads\/sites\/40\/2025\/02\/logo_Manquecura_Valle-Lo-Campino_horizontal_color.webp\",\"width\":400,\"height\":119,\"caption\":\"Colegio Manquecura Valle Lo Campino\"},\"image\":{\"@id\":\"https:\/\/www.manquecura.cl\/valle-lo-campino\/#\/schema\/logo\/image\/\"},\"sameAs\":[\"http:\/\/www.facebook.com\/ColegiosManquecura\",\"http:\/\/www.instagram.com\/manquecura_vallelocampino\/\",\"http:\/\/www.youtube.com\/c\/CognitaChile\"]},{\"@type\":\"Person\",\"@id\":\"https:\/\/www.manquecura.cl\/valle-lo-campino\/#\/schema\/person\/0debeea140e397b5d490ee7e553255d8\",\"name\":\"jorgedelcampo\",\"image\":{\"@type\":\"ImageObject\",\"inLanguage\":\"es\",\"@id\":\"https:\/\/www.manquecura.cl\/valle-lo-campino\/#\/schema\/person\/image\/\",\"url\":\"https:\/\/secure.gravatar.com\/avatar\/4a315f521213b2dc91dbda9bf799f711c8a98ab6f5606ec42cf5b33d1e762e8a?s=96&d=mm&r=g\",\"contentUrl\":\"https:\/\/secure.gravatar.com\/avatar\/4a315f521213b2dc91dbda9bf799f711c8a98ab6f5606ec42cf5b33d1e762e8a?s=96&d=mm&r=g\",\"caption\":\"jorgedelcampo\"}}]}<\/script>\n<!-- \/ Yoast SEO plugin. -->","yoast_head_json":{"title":"Salida Pedag\u00f3gica I\u00b0 Medio B - Expo Futuro Novato\/a, Universidad Cat\u00f3lica de Chile - Colegio Manquecura Valle Lo Campino","robots":{"index":"index","follow":"follow","max-snippet":"max-snippet:-1","max-image-preview":"max-image-preview:large","max-video-preview":"max-video-preview:-1"},"canonical":"https:\/\/www.manquecura.cl\/valle-lo-campino\/noticias\/salida-pedagogica-i-medio-b-expo-futuro-novato-a-universidad-catolica-de-chile\/","og_locale":"es_ES","og_type":"article","og_title":"Salida Pedag\u00f3gica I\u00b0 Medio B - Expo Futuro Novato\/a, Universidad Cat\u00f3lica de Chile - Colegio Manquecura Valle Lo Campino","og_description":"Estudiantes de I\u00b0 Medio B, participaron de una experiencia distinta que no acostumbramos a realizar como colegio, pero que puede ser enriquecedora para el futuro de nuestros\/as j\u00f3venes. Ellos asistieron a la Expo Futuro Novato y Novata, realizada por la Pontificia Universidad Cat\u00f3lica de Chile, donde se presentaron m\u00e1s de 60 carreras universitarias e iniciativas [&hellip;]","og_url":"https:\/\/www.manquecura.cl\/valle-lo-campino\/noticias\/salida-pedagogica-i-medio-b-expo-futuro-novato-a-universidad-catolica-de-chile\/","og_site_name":"Colegio Manquecura Valle Lo Campino","article_publisher":"http:\/\/www.facebook.com\/ColegiosManquecura","article_published_time":"2023-10-11T19:49:49+00:00","og_image":[{"url":"https:\/\/www.manquecura.cl\/valle-lo-campino\/wp-content\/uploads\/sites\/40\/2023\/10\/EXPO_FUT_UCATO-1.png?w=150&amp;h=150&amp;crop=1","type":"","width":"","height":""}],"author":"jorgedelcampo","twitter_card":"summary_large_image","twitter_misc":{"Escrito por":"jorgedelcampo","Tiempo de lectura":"1 minuto"},"schema":{"@context":"https:\/\/schema.org","@graph":[{"@type":"Article","@id":"https:\/\/www.manquecura.cl\/valle-lo-campino\/noticias\/salida-pedagogica-i-medio-b-expo-futuro-novato-a-universidad-catolica-de-chile\/#article","isPartOf":{"@id":"https:\/\/www.manquecura.cl\/valle-lo-campino\/noticias\/salida-pedagogica-i-medio-b-expo-futuro-novato-a-universidad-catolica-de-chile\/"},"author":{"name":"jorgedelcampo","@id":"https:\/\/www.manquecura.cl\/valle-lo-campino\/#\/schema\/person\/0debeea140e397b5d490ee7e553255d8"},"headline":"Salida Pedag\u00f3gica I\u00b0 Medio B &#8211; Expo Futuro Novato\/a, Universidad Cat\u00f3lica de Chile","datePublished":"2023-10-11T19:49:49+00:00","mainEntityOfPage":{"@id":"https:\/\/www.manquecura.cl\/valle-lo-campino\/noticias\/salida-pedagogica-i-medio-b-expo-futuro-novato-a-universidad-catolica-de-chile\/"},"wordCount":118,"commentCount":0,"publisher":{"@id":"https:\/\/www.manquecura.cl\/valle-lo-campino\/#organization"},"image":{"@id":"https:\/\/www.manquecura.cl\/valle-lo-campino\/noticias\/salida-pedagogica-i-medio-b-expo-futuro-novato-a-universidad-catolica-de-chile\/#primaryimage"},"thumbnailUrl":"https:\/\/www.manquecura.cl\/valle-lo-campino\/wp-content\/uploads\/sites\/40\/2023\/10\/EXPO_FUT_UCATO-2.png","articleSection":["Vida Escolar"],"inLanguage":"es","potentialAction":[{"@type":"CommentAction","name":"Comment","target":["https:\/\/www.manquecura.cl\/valle-lo-campino\/noticias\/salida-pedagogica-i-medio-b-expo-futuro-novato-a-universidad-catolica-de-chile\/#respond"]}]},{"@type":"WebPage","@id":"https:\/\/www.manquecura.cl\/valle-lo-campino\/noticias\/salida-pedagogica-i-medio-b-expo-futuro-novato-a-universidad-catolica-de-chile\/","url":"https:\/\/www.manquecura.cl\/valle-lo-campino\/noticias\/salida-pedagogica-i-medio-b-expo-futuro-novato-a-universidad-catolica-de-chile\/","name":"Salida Pedag\u00f3gica I\u00b0 Medio B - Expo Futuro Novato\/a, Universidad Cat\u00f3lica de Chile - Colegio Manquecura Valle Lo Campino","isPartOf":{"@id":"https:\/\/www.manquecura.cl\/valle-lo-campino\/#website"},"primaryImageOfPage":{"@id":"https:\/\/www.manquecura.cl\/valle-lo-campino\/noticias\/salida-pedagogica-i-medio-b-expo-futuro-novato-a-universidad-catolica-de-chile\/#primaryimage"},"image":{"@id":"https:\/\/www.manquecura.cl\/valle-lo-campino\/noticias\/salida-pedagogica-i-medio-b-expo-futuro-novato-a-universidad-catolica-de-chile\/#primaryimage"},"thumbnailUrl":"https:\/\/www.manquecura.cl\/valle-lo-campino\/wp-content\/uploads\/sites\/40\/2023\/10\/EXPO_FUT_UCATO-2.png","datePublished":"2023-10-11T19:49:49+00:00","breadcrumb":{"@id":"https:\/\/www.manquecura.cl\/valle-lo-campino\/noticias\/salida-pedagogica-i-medio-b-expo-futuro-novato-a-universidad-catolica-de-chile\/#breadcrumb"},"inLanguage":"es","potentialAction":[{"@type":"ReadAction","target":["https:\/\/www.manquecura.cl\/valle-lo-campino\/noticias\/salida-pedagogica-i-medio-b-expo-futuro-novato-a-universidad-catolica-de-chile\/"]}]},{"@type":"ImageObject","inLanguage":"es","@id":"https:\/\/www.manquecura.cl\/valle-lo-campino\/noticias\/salida-pedagogica-i-medio-b-expo-futuro-novato-a-universidad-catolica-de-chile\/#primaryimage","url":"https:\/\/www.manquecura.cl\/valle-lo-campino\/wp-content\/uploads\/sites\/40\/2023\/10\/EXPO_FUT_UCATO-2.png","contentUrl":"https:\/\/www.manquecura.cl\/valle-lo-campino\/wp-content\/uploads\/sites\/40\/2023\/10\/EXPO_FUT_UCATO-2.png","width":836,"height":523},{"@type":"BreadcrumbList","@id":"https:\/\/www.manquecura.cl\/valle-lo-campino\/noticias\/salida-pedagogica-i-medio-b-expo-futuro-novato-a-universidad-catolica-de-chile\/#breadcrumb","itemListElement":[{"@type":"ListItem","position":1,"name":"Home","item":"https:\/\/www.manquecura.cl\/valle-lo-campino\/"},{"@type":"ListItem","position":2,"name":"Salida Pedag\u00f3gica I\u00b0 Medio B &#8211; Expo Futuro Novato\/a, Universidad Cat\u00f3lica de Chile"}]},{"@type":"WebSite","@id":"https:\/\/www.manquecura.cl\/valle-lo-campino\/#website","url":"https:\/\/www.manquecura.cl\/valle-lo-campino\/","name":"Colegio Manquecura Valle Lo Campino","description":"Parte de los Colegios Cognita","publisher":{"@id":"https:\/\/www.manquecura.cl\/valle-lo-campino\/#organization"},"potentialAction":[{"@type":"SearchAction","target":{"@type":"EntryPoint","urlTemplate":"https:\/\/www.manquecura.cl\/valle-lo-campino\/?s={search_term_string}"},"query-input":{"@type":"PropertyValueSpecification","valueRequired":true,"valueName":"search_term_string"}}],"inLanguage":"es"},{"@type":"Organization","@id":"https:\/\/www.manquecura.cl\/valle-lo-campino\/#organization","name":"Colegio Manquecura Valle Lo Campino","url":"https:\/\/www.manquecura.cl\/valle-lo-campino\/","logo":{"@type":"ImageObject","inLanguage":"es","@id":"https:\/\/www.manquecura.cl\/valle-lo-campino\/#\/schema\/logo\/image\/","url":"https:\/\/www.manquecura.cl\/valle-lo-campino\/wp-content\/uploads\/sites\/40\/2025\/02\/logo_Manquecura_Valle-Lo-Campino_horizontal_color.webp","contentUrl":"https:\/\/www.manquecura.cl\/valle-lo-campino\/wp-content\/uploads\/sites\/40\/2025\/02\/logo_Manquecura_Valle-Lo-Campino_horizontal_color.webp","width":400,"height":119,"caption":"Colegio Manquecura Valle Lo Campino"},"image":{"@id":"https:\/\/www.manquecura.cl\/valle-lo-campino\/#\/schema\/logo\/image\/"},"sameAs":["http:\/\/www.facebook.com\/ColegiosManquecura","http:\/\/www.instagram.com\/manquecura_vallelocampino\/","http:\/\/www.youtube.com\/c\/CognitaChile"]},{"@type":"Person","@id":"https:\/\/www.manquecura.cl\/valle-lo-campino\/#\/schema\/person\/0debeea140e397b5d490ee7e553255d8","name":"jorgedelcampo","image":{"@type":"ImageObject","inLanguage":"es","@id":"https:\/\/www.manquecura.cl\/valle-lo-campino\/#\/schema\/person\/image\/","url":"https:\/\/secure.gravatar.com\/avatar\/4a315f521213b2dc91dbda9bf799f711c8a98ab6f5606ec42cf5b33d1e762e8a?s=96&d=mm&r=g","contentUrl":"https:\/\/secure.gravatar.com\/avatar\/4a315f521213b2dc91dbda9bf799f711c8a98ab6f5606ec42cf5b33d1e762e8a?s=96&d=mm&r=g","caption":"jorgedelcampo"}}]}},"jetpack_featured_media_url":"https:\/\/www.manquecura.cl\/valle-lo-campino\/wp-content\/uploads\/sites\/40\/2023\/10\/EXPO_FUT_UCATO-2.png","previous_post_ID":15817,"previous_post_title":"Entrega Campa\u00f1a Solidaria Parroquia Santa Catalina y Red de Apoyo Solidario","previous_post_excerpt":"Nuestra profesora de Religi\u00f3n Rita Pineda, hizo entrega de las donaciones de nuestra Campa\u00f1a de Invierno en la Parroquia Santa Catalina y la Red de Apoyo Solidario de \u00d1u\u00f1oa. Agradecemos una vez m\u00e1s a quienes con mucho compromiso y un coraz\u00f3n noble, han motivado y ayudado para el \u00e9xito de esta tarea.","previous_post_link":"https:\/\/www.manquecura.cl\/valle-lo-campino\/noticias\/entrega-campana-solidaria-parroquia-santa-catalina-y-red-de-apoyo-solidario\/","previous_post_class":["post-15817","post","type-post","status-publish","format-standard","has-post-thumbnail","hentry","category-vida-escolar"],"next_post_ID":15854,"next_post_title":"Visita Astrokids 2\u00b0 B\u00e1sicos","next_post_excerpt":"Nuestros\/as estudiantes de 2\u00b0 b\u00e1sico recibieron la visita del Planetario M\u00f3vil AstroKidz, un domo espacial dentro del cual se embarca en un impactante viaje educativo por el Sistema Solar y m\u00e1s all\u00e1. Este proyecto Campur a cargo de Miss Edith Ramos, tuvo como objetivo observar un gran meteorito y conocer su historia. \u00a1Este meteorito es [&hellip;]","next_post_link":"https:\/\/www.manquecura.cl\/valle-lo-campino\/noticias\/visita-astrokids-2-basicos\/","next_post_class":["post-15854","post","type-post","status-publish","format-standard","has-post-thumbnail","hentry","category-vida-escolar"],"jetpack_sharing_enabled":true,"_links":{"self":[{"href":"https:\/\/www.manquecura.cl\/valle-lo-campino\/wp-json\/wp\/v2\/posts\/15836","targetHints":{"allow":["GET"]}}],"collection":[{"href":"https:\/\/www.manquecura.cl\/valle-lo-campino\/wp-json\/wp\/v2\/posts"}],"about":[{"href":"https:\/\/www.manquecura.cl\/valle-lo-campino\/wp-json\/wp\/v2\/types\/post"}],"author":[{"embeddable":true,"href":"https:\/\/www.manquecura.cl\/valle-lo-campino\/wp-json\/wp\/v2\/users\/14"}],"replies":[{"embeddable":true,"href":"https:\/\/www.manquecura.cl\/valle-lo-campino\/wp-json\/wp\/v2\/comments?post=15836"}],"version-history":[{"count":0,"href":"https:\/\/www.manquecura.cl\/valle-lo-campino\/wp-json\/wp\/v2\/posts\/15836\/revisions"}],"wp:featuredmedia":[{"embeddable":true,"href":"https:\/\/www.manquecura.cl\/valle-lo-campino\/wp-json\/wp\/v2\/media\/15837"}],"wp:attachment":[{"href":"https:\/\/www.manquecura.cl\/valle-lo-campino\/wp-json\/wp\/v2\/media?parent=15836"}],"wp:term":[{"taxonomy":"category","embeddable":true,"href":"https:\/\/www.manquecura.cl\/valle-lo-campino\/wp-json\/wp\/v2\/categories?post=15836"},{"taxonomy":"post_tag","embeddable":true,"href":"https:\/\/www.manquecura.cl\/valle-lo-campino\/wp-json\/wp\/v2\/tags?post=15836"}],"curies":[{"name":"wp","href":"https:\/\/api.w.org\/{rel}","templated":true}]}}