{"id":15805,"date":"2023-10-05T16:07:34","date_gmt":"2023-10-05T19:07:34","guid":{"rendered":"https:\/\/www.manquecura.cl\/valle-lo-campino\/?p=15805"},"modified":"2023-10-05T16:07:34","modified_gmt":"2023-10-05T19:07:34","slug":"miss-claudia-davila-obtiene-beca-de-cognita-chile-learning-without-bordes-aprendizaje-sin-fronteras","status":"publish","type":"post","link":"https:\/\/www.manquecura.cl\/valle-lo-campino\/noticias\/miss-claudia-davila-obtiene-beca-de-cognita-chile-learning-without-bordes-aprendizaje-sin-fronteras\/","title":{"rendered":"Miss Claudia D\u00e1vila obtiene beca de Cognita Chile: Learning Without Bordes (Aprendizaje sin Fronteras)"},"content":{"rendered":"<p>Nuestra querida educadora, Miss Claudia D\u00e1vila, ha sido elegida para participar en el Programa de Intercambio Docente de Cognita Chile: Learning Without Borders (Aprendizaje sin Fronteras).<\/p>\n<p>Este programa promueve el crecimiento y el desarrollo profesional, favoreciendo el intercambio de buenas pr\u00e1cticas y metodolog\u00edas educativas, a trav\u00e9s de una pasant\u00eda de 3 semanas en un colegio Cognita de Europa. En el mes de enero de 2024.<\/p>\n<p>Aprendizaje sin Fronteras es una oportunidad \u00fanica de aprendizaje intercultural y perspectiva global, que le permitir\u00e1 a Miss Claudia participar activamente en la planificaci\u00f3n y reuniones regulares de los equipos directivos del colegio que visitar\u00e1; asistir a clases y talleres con estudiantes de diferentes ciclos, y generar tambi\u00e9n nuevas redes de colaboraci\u00f3n m\u00e1s all\u00e1 de las fronteras.<\/p>\n<p>\ud83c\udfc6Felicitamos a nuestra docente, por este gran reconocimiento \ud83c\udfc6<\/p>\n<p>[multimedia id=&#8221;1&#8243;]<\/p>\n"},"excerpt":{"rendered":"<p>Nuestra querida educadora, Miss Claudia D\u00e1vila, ha sido elegida para participar en el Programa de Intercambio Docente de Cognita Chile: Learning Without Borders (Aprendizaje sin Fronteras). Este programa promueve el crecimiento y el desarrollo profesional, favoreciendo el intercambio de buenas pr\u00e1cticas y metodolog\u00edas educativas, a trav\u00e9s de una pasant\u00eda de 3 semanas en un colegio [&hellip;]<\/p>\n","protected":false},"author":14,"featured_media":15806,"comment_status":"open","ping_status":"open","sticky":false,"template":"","format":"standard","meta":{"_acf_changed":false,"content-type":"","_jetpack_memberships_contains_paid_content":false,"footnotes":""},"categories":[1],"tags":[],"class_list":["post-15805","post","type-post","status-publish","format-standard","has-post-thumbnail","hentry","category-vida-escolar"],"acf":[],"yoast_head":"<!-- This site is optimized with the Yoast SEO plugin v27.1.1 - https:\/\/yoast.com\/product\/yoast-seo-wordpress\/ -->\n<title>Miss Claudia D\u00e1vila obtiene beca de Cognita Chile: Learning Without Bordes (Aprendizaje sin Fronteras) - Colegio Manquecura Valle Lo Campino<\/title>\n<meta name=\"robots\" content=\"index, follow, max-snippet:-1, max-image-preview:large, max-video-preview:-1\" \/>\n<link rel=\"canonical\" href=\"https:\/\/www.manquecura.cl\/valle-lo-campino\/noticias\/miss-claudia-davila-obtiene-beca-de-cognita-chile-learning-without-bordes-aprendizaje-sin-fronteras\/\" \/>\n<meta property=\"og:locale\" content=\"es_ES\" \/>\n<meta property=\"og:type\" content=\"article\" \/>\n<meta property=\"og:title\" content=\"Miss Claudia D\u00e1vila obtiene beca de Cognita Chile: Learning Without Bordes (Aprendizaje sin Fronteras) - Colegio Manquecura Valle Lo Campino\" \/>\n<meta property=\"og:description\" content=\"Nuestra querida educadora, Miss Claudia D\u00e1vila, ha sido elegida para participar en el Programa de Intercambio Docente de Cognita Chile: Learning Without Borders (Aprendizaje sin Fronteras). Este programa promueve el crecimiento y el desarrollo profesional, favoreciendo el intercambio de buenas pr\u00e1cticas y metodolog\u00edas educativas, a trav\u00e9s de una pasant\u00eda de 3 semanas en un colegio [&hellip;]\" \/>\n<meta property=\"og:url\" content=\"https:\/\/www.manquecura.cl\/valle-lo-campino\/noticias\/miss-claudia-davila-obtiene-beca-de-cognita-chile-learning-without-bordes-aprendizaje-sin-fronteras\/\" \/>\n<meta property=\"og:site_name\" content=\"Colegio Manquecura Valle Lo Campino\" \/>\n<meta property=\"article:publisher\" content=\"http:\/\/www.facebook.com\/ColegiosManquecura\" \/>\n<meta property=\"article:published_time\" content=\"2023-10-05T19:07:34+00:00\" \/>\n<meta name=\"author\" content=\"jorgedelcampo\" \/>\n<meta name=\"twitter:card\" content=\"summary_large_image\" \/>\n<meta name=\"twitter:label1\" content=\"Escrito por\" \/>\n\t<meta name=\"twitter:data1\" content=\"jorgedelcampo\" \/>\n\t<meta name=\"twitter:label2\" content=\"Tiempo de lectura\" \/>\n\t<meta name=\"twitter:data2\" content=\"1 minuto\" \/>\n<script type=\"application\/ld+json\" class=\"yoast-schema-graph\">{\"@context\":\"https:\/\/schema.org\",\"@graph\":[{\"@type\":\"Article\",\"@id\":\"https:\/\/www.manquecura.cl\/valle-lo-campino\/noticias\/miss-claudia-davila-obtiene-beca-de-cognita-chile-learning-without-bordes-aprendizaje-sin-fronteras\/#article\",\"isPartOf\":{\"@id\":\"https:\/\/www.manquecura.cl\/valle-lo-campino\/noticias\/miss-claudia-davila-obtiene-beca-de-cognita-chile-learning-without-bordes-aprendizaje-sin-fronteras\/\"},\"author\":{\"name\":\"jorgedelcampo\",\"@id\":\"https:\/\/www.manquecura.cl\/valle-lo-campino\/#\/schema\/person\/0debeea140e397b5d490ee7e553255d8\"},\"headline\":\"Miss Claudia D\u00e1vila obtiene beca de Cognita Chile: Learning Without Bordes (Aprendizaje sin Fronteras)\",\"datePublished\":\"2023-10-05T19:07:34+00:00\",\"mainEntityOfPage\":{\"@id\":\"https:\/\/www.manquecura.cl\/valle-lo-campino\/noticias\/miss-claudia-davila-obtiene-beca-de-cognita-chile-learning-without-bordes-aprendizaje-sin-fronteras\/\"},\"wordCount\":154,\"commentCount\":0,\"publisher\":{\"@id\":\"https:\/\/www.manquecura.cl\/valle-lo-campino\/#organization\"},\"image\":{\"@id\":\"https:\/\/www.manquecura.cl\/valle-lo-campino\/noticias\/miss-claudia-davila-obtiene-beca-de-cognita-chile-learning-without-bordes-aprendizaje-sin-fronteras\/#primaryimage\"},\"thumbnailUrl\":\"https:\/\/www.manquecura.cl\/valle-lo-campino\/wp-content\/uploads\/sites\/40\/2023\/10\/CLAUDIA_DAVILA_WEB.png\",\"articleSection\":[\"Vida Escolar\"],\"inLanguage\":\"es\",\"potentialAction\":[{\"@type\":\"CommentAction\",\"name\":\"Comment\",\"target\":[\"https:\/\/www.manquecura.cl\/valle-lo-campino\/noticias\/miss-claudia-davila-obtiene-beca-de-cognita-chile-learning-without-bordes-aprendizaje-sin-fronteras\/#respond\"]}]},{\"@type\":\"WebPage\",\"@id\":\"https:\/\/www.manquecura.cl\/valle-lo-campino\/noticias\/miss-claudia-davila-obtiene-beca-de-cognita-chile-learning-without-bordes-aprendizaje-sin-fronteras\/\",\"url\":\"https:\/\/www.manquecura.cl\/valle-lo-campino\/noticias\/miss-claudia-davila-obtiene-beca-de-cognita-chile-learning-without-bordes-aprendizaje-sin-fronteras\/\",\"name\":\"Miss Claudia D\u00e1vila obtiene beca de Cognita Chile: Learning Without Bordes (Aprendizaje sin Fronteras) - Colegio Manquecura Valle Lo Campino\",\"isPartOf\":{\"@id\":\"https:\/\/www.manquecura.cl\/valle-lo-campino\/#website\"},\"primaryImageOfPage\":{\"@id\":\"https:\/\/www.manquecura.cl\/valle-lo-campino\/noticias\/miss-claudia-davila-obtiene-beca-de-cognita-chile-learning-without-bordes-aprendizaje-sin-fronteras\/#primaryimage\"},\"image\":{\"@id\":\"https:\/\/www.manquecura.cl\/valle-lo-campino\/noticias\/miss-claudia-davila-obtiene-beca-de-cognita-chile-learning-without-bordes-aprendizaje-sin-fronteras\/#primaryimage\"},\"thumbnailUrl\":\"https:\/\/www.manquecura.cl\/valle-lo-campino\/wp-content\/uploads\/sites\/40\/2023\/10\/CLAUDIA_DAVILA_WEB.png\",\"datePublished\":\"2023-10-05T19:07:34+00:00\",\"breadcrumb\":{\"@id\":\"https:\/\/www.manquecura.cl\/valle-lo-campino\/noticias\/miss-claudia-davila-obtiene-beca-de-cognita-chile-learning-without-bordes-aprendizaje-sin-fronteras\/#breadcrumb\"},\"inLanguage\":\"es\",\"potentialAction\":[{\"@type\":\"ReadAction\",\"target\":[\"https:\/\/www.manquecura.cl\/valle-lo-campino\/noticias\/miss-claudia-davila-obtiene-beca-de-cognita-chile-learning-without-bordes-aprendizaje-sin-fronteras\/\"]}]},{\"@type\":\"ImageObject\",\"inLanguage\":\"es\",\"@id\":\"https:\/\/www.manquecura.cl\/valle-lo-campino\/noticias\/miss-claudia-davila-obtiene-beca-de-cognita-chile-learning-without-bordes-aprendizaje-sin-fronteras\/#primaryimage\",\"url\":\"https:\/\/www.manquecura.cl\/valle-lo-campino\/wp-content\/uploads\/sites\/40\/2023\/10\/CLAUDIA_DAVILA_WEB.png\",\"contentUrl\":\"https:\/\/www.manquecura.cl\/valle-lo-campino\/wp-content\/uploads\/sites\/40\/2023\/10\/CLAUDIA_DAVILA_WEB.png\",\"width\":836,\"height\":523},{\"@type\":\"BreadcrumbList\",\"@id\":\"https:\/\/www.manquecura.cl\/valle-lo-campino\/noticias\/miss-claudia-davila-obtiene-beca-de-cognita-chile-learning-without-bordes-aprendizaje-sin-fronteras\/#breadcrumb\",\"itemListElement\":[{\"@type\":\"ListItem\",\"position\":1,\"name\":\"Home\",\"item\":\"https:\/\/www.manquecura.cl\/valle-lo-campino\/\"},{\"@type\":\"ListItem\",\"position\":2,\"name\":\"Miss Claudia D\u00e1vila obtiene beca de Cognita Chile: Learning Without Bordes (Aprendizaje sin Fronteras)\"}]},{\"@type\":\"WebSite\",\"@id\":\"https:\/\/www.manquecura.cl\/valle-lo-campino\/#website\",\"url\":\"https:\/\/www.manquecura.cl\/valle-lo-campino\/\",\"name\":\"Colegio Manquecura Valle Lo Campino\",\"description\":\"Parte de los Colegios Cognita\",\"publisher\":{\"@id\":\"https:\/\/www.manquecura.cl\/valle-lo-campino\/#organization\"},\"potentialAction\":[{\"@type\":\"SearchAction\",\"target\":{\"@type\":\"EntryPoint\",\"urlTemplate\":\"https:\/\/www.manquecura.cl\/valle-lo-campino\/?s={search_term_string}\"},\"query-input\":{\"@type\":\"PropertyValueSpecification\",\"valueRequired\":true,\"valueName\":\"search_term_string\"}}],\"inLanguage\":\"es\"},{\"@type\":\"Organization\",\"@id\":\"https:\/\/www.manquecura.cl\/valle-lo-campino\/#organization\",\"name\":\"Colegio Manquecura Valle Lo Campino\",\"url\":\"https:\/\/www.manquecura.cl\/valle-lo-campino\/\",\"logo\":{\"@type\":\"ImageObject\",\"inLanguage\":\"es\",\"@id\":\"https:\/\/www.manquecura.cl\/valle-lo-campino\/#\/schema\/logo\/image\/\",\"url\":\"https:\/\/www.manquecura.cl\/valle-lo-campino\/wp-content\/uploads\/sites\/40\/2025\/02\/logo_Manquecura_Valle-Lo-Campino_horizontal_color.webp\",\"contentUrl\":\"https:\/\/www.manquecura.cl\/valle-lo-campino\/wp-content\/uploads\/sites\/40\/2025\/02\/logo_Manquecura_Valle-Lo-Campino_horizontal_color.webp\",\"width\":400,\"height\":119,\"caption\":\"Colegio Manquecura Valle Lo Campino\"},\"image\":{\"@id\":\"https:\/\/www.manquecura.cl\/valle-lo-campino\/#\/schema\/logo\/image\/\"},\"sameAs\":[\"http:\/\/www.facebook.com\/ColegiosManquecura\",\"http:\/\/www.instagram.com\/manquecura_vallelocampino\/\",\"http:\/\/www.youtube.com\/c\/CognitaChile\"]},{\"@type\":\"Person\",\"@id\":\"https:\/\/www.manquecura.cl\/valle-lo-campino\/#\/schema\/person\/0debeea140e397b5d490ee7e553255d8\",\"name\":\"jorgedelcampo\",\"image\":{\"@type\":\"ImageObject\",\"inLanguage\":\"es\",\"@id\":\"https:\/\/www.manquecura.cl\/valle-lo-campino\/#\/schema\/person\/image\/\",\"url\":\"https:\/\/secure.gravatar.com\/avatar\/4a315f521213b2dc91dbda9bf799f711c8a98ab6f5606ec42cf5b33d1e762e8a?s=96&d=mm&r=g\",\"contentUrl\":\"https:\/\/secure.gravatar.com\/avatar\/4a315f521213b2dc91dbda9bf799f711c8a98ab6f5606ec42cf5b33d1e762e8a?s=96&d=mm&r=g\",\"caption\":\"jorgedelcampo\"}}]}<\/script>\n<!-- \/ Yoast SEO plugin. -->","yoast_head_json":{"title":"Miss Claudia D\u00e1vila obtiene beca de Cognita Chile: Learning Without Bordes (Aprendizaje sin Fronteras) - Colegio Manquecura Valle Lo Campino","robots":{"index":"index","follow":"follow","max-snippet":"max-snippet:-1","max-image-preview":"max-image-preview:large","max-video-preview":"max-video-preview:-1"},"canonical":"https:\/\/www.manquecura.cl\/valle-lo-campino\/noticias\/miss-claudia-davila-obtiene-beca-de-cognita-chile-learning-without-bordes-aprendizaje-sin-fronteras\/","og_locale":"es_ES","og_type":"article","og_title":"Miss Claudia D\u00e1vila obtiene beca de Cognita Chile: Learning Without Bordes (Aprendizaje sin Fronteras) - Colegio Manquecura Valle Lo Campino","og_description":"Nuestra querida educadora, Miss Claudia D\u00e1vila, ha sido elegida para participar en el Programa de Intercambio Docente de Cognita Chile: Learning Without Borders (Aprendizaje sin Fronteras). Este programa promueve el crecimiento y el desarrollo profesional, favoreciendo el intercambio de buenas pr\u00e1cticas y metodolog\u00edas educativas, a trav\u00e9s de una pasant\u00eda de 3 semanas en un colegio [&hellip;]","og_url":"https:\/\/www.manquecura.cl\/valle-lo-campino\/noticias\/miss-claudia-davila-obtiene-beca-de-cognita-chile-learning-without-bordes-aprendizaje-sin-fronteras\/","og_site_name":"Colegio Manquecura Valle Lo Campino","article_publisher":"http:\/\/www.facebook.com\/ColegiosManquecura","article_published_time":"2023-10-05T19:07:34+00:00","author":"jorgedelcampo","twitter_card":"summary_large_image","twitter_misc":{"Escrito por":"jorgedelcampo","Tiempo de lectura":"1 minuto"},"schema":{"@context":"https:\/\/schema.org","@graph":[{"@type":"Article","@id":"https:\/\/www.manquecura.cl\/valle-lo-campino\/noticias\/miss-claudia-davila-obtiene-beca-de-cognita-chile-learning-without-bordes-aprendizaje-sin-fronteras\/#article","isPartOf":{"@id":"https:\/\/www.manquecura.cl\/valle-lo-campino\/noticias\/miss-claudia-davila-obtiene-beca-de-cognita-chile-learning-without-bordes-aprendizaje-sin-fronteras\/"},"author":{"name":"jorgedelcampo","@id":"https:\/\/www.manquecura.cl\/valle-lo-campino\/#\/schema\/person\/0debeea140e397b5d490ee7e553255d8"},"headline":"Miss Claudia D\u00e1vila obtiene beca de Cognita Chile: Learning Without Bordes (Aprendizaje sin Fronteras)","datePublished":"2023-10-05T19:07:34+00:00","mainEntityOfPage":{"@id":"https:\/\/www.manquecura.cl\/valle-lo-campino\/noticias\/miss-claudia-davila-obtiene-beca-de-cognita-chile-learning-without-bordes-aprendizaje-sin-fronteras\/"},"wordCount":154,"commentCount":0,"publisher":{"@id":"https:\/\/www.manquecura.cl\/valle-lo-campino\/#organization"},"image":{"@id":"https:\/\/www.manquecura.cl\/valle-lo-campino\/noticias\/miss-claudia-davila-obtiene-beca-de-cognita-chile-learning-without-bordes-aprendizaje-sin-fronteras\/#primaryimage"},"thumbnailUrl":"https:\/\/www.manquecura.cl\/valle-lo-campino\/wp-content\/uploads\/sites\/40\/2023\/10\/CLAUDIA_DAVILA_WEB.png","articleSection":["Vida Escolar"],"inLanguage":"es","potentialAction":[{"@type":"CommentAction","name":"Comment","target":["https:\/\/www.manquecura.cl\/valle-lo-campino\/noticias\/miss-claudia-davila-obtiene-beca-de-cognita-chile-learning-without-bordes-aprendizaje-sin-fronteras\/#respond"]}]},{"@type":"WebPage","@id":"https:\/\/www.manquecura.cl\/valle-lo-campino\/noticias\/miss-claudia-davila-obtiene-beca-de-cognita-chile-learning-without-bordes-aprendizaje-sin-fronteras\/","url":"https:\/\/www.manquecura.cl\/valle-lo-campino\/noticias\/miss-claudia-davila-obtiene-beca-de-cognita-chile-learning-without-bordes-aprendizaje-sin-fronteras\/","name":"Miss Claudia D\u00e1vila obtiene beca de Cognita Chile: Learning Without Bordes (Aprendizaje sin Fronteras) - Colegio Manquecura Valle Lo Campino","isPartOf":{"@id":"https:\/\/www.manquecura.cl\/valle-lo-campino\/#website"},"primaryImageOfPage":{"@id":"https:\/\/www.manquecura.cl\/valle-lo-campino\/noticias\/miss-claudia-davila-obtiene-beca-de-cognita-chile-learning-without-bordes-aprendizaje-sin-fronteras\/#primaryimage"},"image":{"@id":"https:\/\/www.manquecura.cl\/valle-lo-campino\/noticias\/miss-claudia-davila-obtiene-beca-de-cognita-chile-learning-without-bordes-aprendizaje-sin-fronteras\/#primaryimage"},"thumbnailUrl":"https:\/\/www.manquecura.cl\/valle-lo-campino\/wp-content\/uploads\/sites\/40\/2023\/10\/CLAUDIA_DAVILA_WEB.png","datePublished":"2023-10-05T19:07:34+00:00","breadcrumb":{"@id":"https:\/\/www.manquecura.cl\/valle-lo-campino\/noticias\/miss-claudia-davila-obtiene-beca-de-cognita-chile-learning-without-bordes-aprendizaje-sin-fronteras\/#breadcrumb"},"inLanguage":"es","potentialAction":[{"@type":"ReadAction","target":["https:\/\/www.manquecura.cl\/valle-lo-campino\/noticias\/miss-claudia-davila-obtiene-beca-de-cognita-chile-learning-without-bordes-aprendizaje-sin-fronteras\/"]}]},{"@type":"ImageObject","inLanguage":"es","@id":"https:\/\/www.manquecura.cl\/valle-lo-campino\/noticias\/miss-claudia-davila-obtiene-beca-de-cognita-chile-learning-without-bordes-aprendizaje-sin-fronteras\/#primaryimage","url":"https:\/\/www.manquecura.cl\/valle-lo-campino\/wp-content\/uploads\/sites\/40\/2023\/10\/CLAUDIA_DAVILA_WEB.png","contentUrl":"https:\/\/www.manquecura.cl\/valle-lo-campino\/wp-content\/uploads\/sites\/40\/2023\/10\/CLAUDIA_DAVILA_WEB.png","width":836,"height":523},{"@type":"BreadcrumbList","@id":"https:\/\/www.manquecura.cl\/valle-lo-campino\/noticias\/miss-claudia-davila-obtiene-beca-de-cognita-chile-learning-without-bordes-aprendizaje-sin-fronteras\/#breadcrumb","itemListElement":[{"@type":"ListItem","position":1,"name":"Home","item":"https:\/\/www.manquecura.cl\/valle-lo-campino\/"},{"@type":"ListItem","position":2,"name":"Miss Claudia D\u00e1vila obtiene beca de Cognita Chile: Learning Without Bordes (Aprendizaje sin Fronteras)"}]},{"@type":"WebSite","@id":"https:\/\/www.manquecura.cl\/valle-lo-campino\/#website","url":"https:\/\/www.manquecura.cl\/valle-lo-campino\/","name":"Colegio Manquecura Valle Lo Campino","description":"Parte de los Colegios Cognita","publisher":{"@id":"https:\/\/www.manquecura.cl\/valle-lo-campino\/#organization"},"potentialAction":[{"@type":"SearchAction","target":{"@type":"EntryPoint","urlTemplate":"https:\/\/www.manquecura.cl\/valle-lo-campino\/?s={search_term_string}"},"query-input":{"@type":"PropertyValueSpecification","valueRequired":true,"valueName":"search_term_string"}}],"inLanguage":"es"},{"@type":"Organization","@id":"https:\/\/www.manquecura.cl\/valle-lo-campino\/#organization","name":"Colegio Manquecura Valle Lo Campino","url":"https:\/\/www.manquecura.cl\/valle-lo-campino\/","logo":{"@type":"ImageObject","inLanguage":"es","@id":"https:\/\/www.manquecura.cl\/valle-lo-campino\/#\/schema\/logo\/image\/","url":"https:\/\/www.manquecura.cl\/valle-lo-campino\/wp-content\/uploads\/sites\/40\/2025\/02\/logo_Manquecura_Valle-Lo-Campino_horizontal_color.webp","contentUrl":"https:\/\/www.manquecura.cl\/valle-lo-campino\/wp-content\/uploads\/sites\/40\/2025\/02\/logo_Manquecura_Valle-Lo-Campino_horizontal_color.webp","width":400,"height":119,"caption":"Colegio Manquecura Valle Lo Campino"},"image":{"@id":"https:\/\/www.manquecura.cl\/valle-lo-campino\/#\/schema\/logo\/image\/"},"sameAs":["http:\/\/www.facebook.com\/ColegiosManquecura","http:\/\/www.instagram.com\/manquecura_vallelocampino\/","http:\/\/www.youtube.com\/c\/CognitaChile"]},{"@type":"Person","@id":"https:\/\/www.manquecura.cl\/valle-lo-campino\/#\/schema\/person\/0debeea140e397b5d490ee7e553255d8","name":"jorgedelcampo","image":{"@type":"ImageObject","inLanguage":"es","@id":"https:\/\/www.manquecura.cl\/valle-lo-campino\/#\/schema\/person\/image\/","url":"https:\/\/secure.gravatar.com\/avatar\/4a315f521213b2dc91dbda9bf799f711c8a98ab6f5606ec42cf5b33d1e762e8a?s=96&d=mm&r=g","contentUrl":"https:\/\/secure.gravatar.com\/avatar\/4a315f521213b2dc91dbda9bf799f711c8a98ab6f5606ec42cf5b33d1e762e8a?s=96&d=mm&r=g","caption":"jorgedelcampo"}}]}},"jetpack_featured_media_url":"https:\/\/www.manquecura.cl\/valle-lo-campino\/wp-content\/uploads\/sites\/40\/2023\/10\/CLAUDIA_DAVILA_WEB.png","previous_post_ID":15771,"previous_post_title":"Aniversario N\u00b023","previous_post_excerpt":"Este a\u00f1o nuestro colegio cumple 23 a\u00f1os, de vida, de comunidad, de trabajo y de crecimiento, que se ve reflejado d\u00eda a d\u00eda. Y por supuesto celebramos junto a todos nuestros alumnos y equipo docente con actividades en todos los ciclos. Felicitamos al\u00a0CAMPUR de Alumnos y docentes\u00a0por su compromiso y trabajo en todas las actividades [&hellip;]","previous_post_link":"https:\/\/www.manquecura.cl\/valle-lo-campino\/noticias\/aniversario-n23\/","previous_post_class":["post-15771","post","type-post","status-publish","format-standard","has-post-thumbnail","hentry","category-vida-escolar"],"next_post_ID":15847,"next_post_title":"Talento Manquecura - ex estudiante Josefina Jeria","next_post_excerpt":"Hemos creado esta secci\u00f3n de noticias para contarles todos los talentos que tenemos y hemos tenido dentro de nuestro colegio. Hoy corresponde el turno de la ex estudiante Josefina Jeria Gonz\u00e1lez, quien es Patinadora Art\u00edstica, este a\u00f1o ingreso al Alto Rendimiento y es parte de la Federaci\u00f3n chilena de Patinaje. Sus logros parten en 2018 [&hellip;]","next_post_link":"https:\/\/www.manquecura.cl\/valle-lo-campino\/noticias\/talento-manquecura-ex-estudiante-josefina-jeria\/","next_post_class":["post-15847","post","type-post","status-publish","format-standard","has-post-thumbnail","hentry","category-vida-escolar"],"jetpack_sharing_enabled":true,"_links":{"self":[{"href":"https:\/\/www.manquecura.cl\/valle-lo-campino\/wp-json\/wp\/v2\/posts\/15805","targetHints":{"allow":["GET"]}}],"collection":[{"href":"https:\/\/www.manquecura.cl\/valle-lo-campino\/wp-json\/wp\/v2\/posts"}],"about":[{"href":"https:\/\/www.manquecura.cl\/valle-lo-campino\/wp-json\/wp\/v2\/types\/post"}],"author":[{"embeddable":true,"href":"https:\/\/www.manquecura.cl\/valle-lo-campino\/wp-json\/wp\/v2\/users\/14"}],"replies":[{"embeddable":true,"href":"https:\/\/www.manquecura.cl\/valle-lo-campino\/wp-json\/wp\/v2\/comments?post=15805"}],"version-history":[{"count":0,"href":"https:\/\/www.manquecura.cl\/valle-lo-campino\/wp-json\/wp\/v2\/posts\/15805\/revisions"}],"wp:featuredmedia":[{"embeddable":true,"href":"https:\/\/www.manquecura.cl\/valle-lo-campino\/wp-json\/wp\/v2\/media\/15806"}],"wp:attachment":[{"href":"https:\/\/www.manquecura.cl\/valle-lo-campino\/wp-json\/wp\/v2\/media?parent=15805"}],"wp:term":[{"taxonomy":"category","embeddable":true,"href":"https:\/\/www.manquecura.cl\/valle-lo-campino\/wp-json\/wp\/v2\/categories?post=15805"},{"taxonomy":"post_tag","embeddable":true,"href":"https:\/\/www.manquecura.cl\/valle-lo-campino\/wp-json\/wp\/v2\/tags?post=15805"}],"curies":[{"name":"wp","href":"https:\/\/api.w.org\/{rel}","templated":true}]}}