{"id":15702,"date":"2023-09-25T08:52:21","date_gmt":"2023-09-25T11:52:21","guid":{"rendered":"https:\/\/www.manquecura.cl\/valle-lo-campino\/?p=15702"},"modified":"2023-09-25T08:52:21","modified_gmt":"2023-09-25T11:52:21","slug":"seguimosmejorando-nuevo-enlace-satelital","status":"publish","type":"post","link":"https:\/\/www.manquecura.cl\/valle-lo-campino\/noticias\/seguimosmejorando-nuevo-enlace-satelital\/","title":{"rendered":"#SeguimosMejorando: Nuevo Enlace Satelital"},"content":{"rendered":"<p>En el marco del plan de mejoras de nuestro colegio, compartimos una nueva implementaci\u00f3n en la infraestructura tecnol\u00f3gica, la que beneficiar\u00e1 directamente a nuestros estudiantes y garantizar\u00e1 la continuidad de la conexi\u00f3n a Internet en situaciones clim\u00e1ticas adversas o de interrupciones o fallas t\u00e9cnicas del proveedor del servicio.<\/p>\n<p>En nuestro constante esfuerzo por brindar una educaci\u00f3n de calidad, seguir mejorando y mantenernos preparados para cualquier eventualidad, hemos implementado una soluci\u00f3n de enlace de Internet satelital. Esta tecnolog\u00eda nos permitir\u00e1 mantener una conexi\u00f3n a Internet estable y veloz en caso de que surjan problemas con nuestra conexi\u00f3n principal de fibra \u00f3ptica.<\/p>\n<p>Queremos compartir con ustedes los detalles de esta implementaci\u00f3n y c\u00f3mo contribuir\u00e1 al bienestar de nuestros estudiantes:<\/p>\n<p>Continuidad de la educaci\u00f3n: Con la implementaci\u00f3n de Internet Satelital, podemos garantizar que nuestros estudiantes tengan acceso a recursos en l\u00ednea y plataformas educativas en todo momento, incluso en situaciones de emergencia o interrupciones en el servicio de fibra \u00f3ptica.<\/p>\n<p>Resistencia a interrupciones: la conexi\u00f3n satelital es menos susceptible a problemas como el robo de cables, accidentes o cortes de fibra \u00f3ptica, lo que garantiza que la educaci\u00f3n de nuestros estudiantes no se vea afectada por estas eventualidades.<\/p>\n<p>Velocidad y calidad: la implementaci\u00f3n de Starlink ofrece una conexi\u00f3n a Internet de alta velocidad y calidad, lo que permite una experiencia en l\u00ednea sin interrupciones y facilita la participaci\u00f3n de nuestros estudiantes en clases virtuales, investigaciones y proyectos en l\u00ednea.<\/p>\n<p>Estamos comprometidos en brindar una educaci\u00f3n de calidad y adaptarnos a un mundo en constante cambio.<\/p>\n"},"excerpt":{"rendered":"<p>En el marco del plan de mejoras de nuestro colegio, compartimos una nueva implementaci\u00f3n en la infraestructura tecnol\u00f3gica, la que beneficiar\u00e1 directamente a nuestros estudiantes y garantizar\u00e1 la continuidad de la conexi\u00f3n a Internet en situaciones clim\u00e1ticas adversas o de interrupciones o fallas t\u00e9cnicas del proveedor del servicio. En nuestro constante esfuerzo por brindar una [&hellip;]<\/p>\n","protected":false},"author":14,"featured_media":15703,"comment_status":"open","ping_status":"open","sticky":false,"template":"","format":"standard","meta":{"_acf_changed":false,"content-type":"","_jetpack_memberships_contains_paid_content":false,"footnotes":""},"categories":[1],"tags":[],"class_list":["post-15702","post","type-post","status-publish","format-standard","has-post-thumbnail","hentry","category-vida-escolar"],"acf":[],"yoast_head":"<!-- This site is optimized with the Yoast SEO plugin v27.1.1 - https:\/\/yoast.com\/product\/yoast-seo-wordpress\/ -->\n<title>#SeguimosMejorando: Nuevo Enlace Satelital - Colegio Manquecura Valle Lo Campino<\/title>\n<meta name=\"robots\" content=\"index, follow, max-snippet:-1, max-image-preview:large, max-video-preview:-1\" \/>\n<link rel=\"canonical\" href=\"https:\/\/www.manquecura.cl\/valle-lo-campino\/noticias\/seguimosmejorando-nuevo-enlace-satelital\/\" \/>\n<meta property=\"og:locale\" content=\"es_ES\" \/>\n<meta property=\"og:type\" content=\"article\" \/>\n<meta property=\"og:title\" content=\"#SeguimosMejorando: Nuevo Enlace Satelital - Colegio Manquecura Valle Lo Campino\" \/>\n<meta property=\"og:description\" content=\"En el marco del plan de mejoras de nuestro colegio, compartimos una nueva implementaci\u00f3n en la infraestructura tecnol\u00f3gica, la que beneficiar\u00e1 directamente a nuestros estudiantes y garantizar\u00e1 la continuidad de la conexi\u00f3n a Internet en situaciones clim\u00e1ticas adversas o de interrupciones o fallas t\u00e9cnicas del proveedor del servicio. En nuestro constante esfuerzo por brindar una [&hellip;]\" \/>\n<meta property=\"og:url\" content=\"https:\/\/www.manquecura.cl\/valle-lo-campino\/noticias\/seguimosmejorando-nuevo-enlace-satelital\/\" \/>\n<meta property=\"og:site_name\" content=\"Colegio Manquecura Valle Lo Campino\" \/>\n<meta property=\"article:publisher\" content=\"http:\/\/www.facebook.com\/ColegiosManquecura\" \/>\n<meta property=\"article:published_time\" content=\"2023-09-25T11:52:21+00:00\" \/>\n<meta name=\"author\" content=\"jorgedelcampo\" \/>\n<meta name=\"twitter:card\" content=\"summary_large_image\" \/>\n<meta name=\"twitter:label1\" content=\"Escrito por\" \/>\n\t<meta name=\"twitter:data1\" content=\"jorgedelcampo\" \/>\n\t<meta name=\"twitter:label2\" content=\"Tiempo de lectura\" \/>\n\t<meta name=\"twitter:data2\" content=\"1 minuto\" \/>\n<script type=\"application\/ld+json\" class=\"yoast-schema-graph\">{\"@context\":\"https:\/\/schema.org\",\"@graph\":[{\"@type\":\"Article\",\"@id\":\"https:\/\/www.manquecura.cl\/valle-lo-campino\/noticias\/seguimosmejorando-nuevo-enlace-satelital\/#article\",\"isPartOf\":{\"@id\":\"https:\/\/www.manquecura.cl\/valle-lo-campino\/noticias\/seguimosmejorando-nuevo-enlace-satelital\/\"},\"author\":{\"name\":\"jorgedelcampo\",\"@id\":\"https:\/\/www.manquecura.cl\/valle-lo-campino\/#\/schema\/person\/0debeea140e397b5d490ee7e553255d8\"},\"headline\":\"#SeguimosMejorando: Nuevo Enlace Satelital\",\"datePublished\":\"2023-09-25T11:52:21+00:00\",\"mainEntityOfPage\":{\"@id\":\"https:\/\/www.manquecura.cl\/valle-lo-campino\/noticias\/seguimosmejorando-nuevo-enlace-satelital\/\"},\"wordCount\":279,\"commentCount\":0,\"publisher\":{\"@id\":\"https:\/\/www.manquecura.cl\/valle-lo-campino\/#organization\"},\"image\":{\"@id\":\"https:\/\/www.manquecura.cl\/valle-lo-campino\/noticias\/seguimosmejorando-nuevo-enlace-satelital\/#primaryimage\"},\"thumbnailUrl\":\"https:\/\/www.manquecura.cl\/valle-lo-campino\/wp-content\/uploads\/sites\/40\/2023\/09\/internetsatelital.jpg\",\"articleSection\":[\"Vida Escolar\"],\"inLanguage\":\"es\",\"potentialAction\":[{\"@type\":\"CommentAction\",\"name\":\"Comment\",\"target\":[\"https:\/\/www.manquecura.cl\/valle-lo-campino\/noticias\/seguimosmejorando-nuevo-enlace-satelital\/#respond\"]}]},{\"@type\":\"WebPage\",\"@id\":\"https:\/\/www.manquecura.cl\/valle-lo-campino\/noticias\/seguimosmejorando-nuevo-enlace-satelital\/\",\"url\":\"https:\/\/www.manquecura.cl\/valle-lo-campino\/noticias\/seguimosmejorando-nuevo-enlace-satelital\/\",\"name\":\"#SeguimosMejorando: Nuevo Enlace Satelital - Colegio Manquecura Valle Lo Campino\",\"isPartOf\":{\"@id\":\"https:\/\/www.manquecura.cl\/valle-lo-campino\/#website\"},\"primaryImageOfPage\":{\"@id\":\"https:\/\/www.manquecura.cl\/valle-lo-campino\/noticias\/seguimosmejorando-nuevo-enlace-satelital\/#primaryimage\"},\"image\":{\"@id\":\"https:\/\/www.manquecura.cl\/valle-lo-campino\/noticias\/seguimosmejorando-nuevo-enlace-satelital\/#primaryimage\"},\"thumbnailUrl\":\"https:\/\/www.manquecura.cl\/valle-lo-campino\/wp-content\/uploads\/sites\/40\/2023\/09\/internetsatelital.jpg\",\"datePublished\":\"2023-09-25T11:52:21+00:00\",\"breadcrumb\":{\"@id\":\"https:\/\/www.manquecura.cl\/valle-lo-campino\/noticias\/seguimosmejorando-nuevo-enlace-satelital\/#breadcrumb\"},\"inLanguage\":\"es\",\"potentialAction\":[{\"@type\":\"ReadAction\",\"target\":[\"https:\/\/www.manquecura.cl\/valle-lo-campino\/noticias\/seguimosmejorando-nuevo-enlace-satelital\/\"]}]},{\"@type\":\"ImageObject\",\"inLanguage\":\"es\",\"@id\":\"https:\/\/www.manquecura.cl\/valle-lo-campino\/noticias\/seguimosmejorando-nuevo-enlace-satelital\/#primaryimage\",\"url\":\"https:\/\/www.manquecura.cl\/valle-lo-campino\/wp-content\/uploads\/sites\/40\/2023\/09\/internetsatelital.jpg\",\"contentUrl\":\"https:\/\/www.manquecura.cl\/valle-lo-campino\/wp-content\/uploads\/sites\/40\/2023\/09\/internetsatelital.jpg\",\"width\":912,\"height\":632},{\"@type\":\"BreadcrumbList\",\"@id\":\"https:\/\/www.manquecura.cl\/valle-lo-campino\/noticias\/seguimosmejorando-nuevo-enlace-satelital\/#breadcrumb\",\"itemListElement\":[{\"@type\":\"ListItem\",\"position\":1,\"name\":\"Home\",\"item\":\"https:\/\/www.manquecura.cl\/valle-lo-campino\/\"},{\"@type\":\"ListItem\",\"position\":2,\"name\":\"#SeguimosMejorando: Nuevo Enlace Satelital\"}]},{\"@type\":\"WebSite\",\"@id\":\"https:\/\/www.manquecura.cl\/valle-lo-campino\/#website\",\"url\":\"https:\/\/www.manquecura.cl\/valle-lo-campino\/\",\"name\":\"Colegio Manquecura Valle Lo Campino\",\"description\":\"Parte de los Colegios Cognita\",\"publisher\":{\"@id\":\"https:\/\/www.manquecura.cl\/valle-lo-campino\/#organization\"},\"potentialAction\":[{\"@type\":\"SearchAction\",\"target\":{\"@type\":\"EntryPoint\",\"urlTemplate\":\"https:\/\/www.manquecura.cl\/valle-lo-campino\/?s={search_term_string}\"},\"query-input\":{\"@type\":\"PropertyValueSpecification\",\"valueRequired\":true,\"valueName\":\"search_term_string\"}}],\"inLanguage\":\"es\"},{\"@type\":\"Organization\",\"@id\":\"https:\/\/www.manquecura.cl\/valle-lo-campino\/#organization\",\"name\":\"Colegio Manquecura Valle Lo Campino\",\"url\":\"https:\/\/www.manquecura.cl\/valle-lo-campino\/\",\"logo\":{\"@type\":\"ImageObject\",\"inLanguage\":\"es\",\"@id\":\"https:\/\/www.manquecura.cl\/valle-lo-campino\/#\/schema\/logo\/image\/\",\"url\":\"https:\/\/www.manquecura.cl\/valle-lo-campino\/wp-content\/uploads\/sites\/40\/2025\/02\/logo_Manquecura_Valle-Lo-Campino_horizontal_color.webp\",\"contentUrl\":\"https:\/\/www.manquecura.cl\/valle-lo-campino\/wp-content\/uploads\/sites\/40\/2025\/02\/logo_Manquecura_Valle-Lo-Campino_horizontal_color.webp\",\"width\":400,\"height\":119,\"caption\":\"Colegio Manquecura Valle Lo Campino\"},\"image\":{\"@id\":\"https:\/\/www.manquecura.cl\/valle-lo-campino\/#\/schema\/logo\/image\/\"},\"sameAs\":[\"http:\/\/www.facebook.com\/ColegiosManquecura\",\"http:\/\/www.instagram.com\/manquecura_vallelocampino\/\",\"http:\/\/www.youtube.com\/c\/CognitaChile\"]},{\"@type\":\"Person\",\"@id\":\"https:\/\/www.manquecura.cl\/valle-lo-campino\/#\/schema\/person\/0debeea140e397b5d490ee7e553255d8\",\"name\":\"jorgedelcampo\",\"image\":{\"@type\":\"ImageObject\",\"inLanguage\":\"es\",\"@id\":\"https:\/\/www.manquecura.cl\/valle-lo-campino\/#\/schema\/person\/image\/\",\"url\":\"https:\/\/secure.gravatar.com\/avatar\/4a315f521213b2dc91dbda9bf799f711c8a98ab6f5606ec42cf5b33d1e762e8a?s=96&d=mm&r=g\",\"contentUrl\":\"https:\/\/secure.gravatar.com\/avatar\/4a315f521213b2dc91dbda9bf799f711c8a98ab6f5606ec42cf5b33d1e762e8a?s=96&d=mm&r=g\",\"caption\":\"jorgedelcampo\"}}]}<\/script>\n<!-- \/ Yoast SEO plugin. -->","yoast_head_json":{"title":"#SeguimosMejorando: Nuevo Enlace Satelital - Colegio Manquecura Valle Lo Campino","robots":{"index":"index","follow":"follow","max-snippet":"max-snippet:-1","max-image-preview":"max-image-preview:large","max-video-preview":"max-video-preview:-1"},"canonical":"https:\/\/www.manquecura.cl\/valle-lo-campino\/noticias\/seguimosmejorando-nuevo-enlace-satelital\/","og_locale":"es_ES","og_type":"article","og_title":"#SeguimosMejorando: Nuevo Enlace Satelital - Colegio Manquecura Valle Lo Campino","og_description":"En el marco del plan de mejoras de nuestro colegio, compartimos una nueva implementaci\u00f3n en la infraestructura tecnol\u00f3gica, la que beneficiar\u00e1 directamente a nuestros estudiantes y garantizar\u00e1 la continuidad de la conexi\u00f3n a Internet en situaciones clim\u00e1ticas adversas o de interrupciones o fallas t\u00e9cnicas del proveedor del servicio. En nuestro constante esfuerzo por brindar una [&hellip;]","og_url":"https:\/\/www.manquecura.cl\/valle-lo-campino\/noticias\/seguimosmejorando-nuevo-enlace-satelital\/","og_site_name":"Colegio Manquecura Valle Lo Campino","article_publisher":"http:\/\/www.facebook.com\/ColegiosManquecura","article_published_time":"2023-09-25T11:52:21+00:00","author":"jorgedelcampo","twitter_card":"summary_large_image","twitter_misc":{"Escrito por":"jorgedelcampo","Tiempo de lectura":"1 minuto"},"schema":{"@context":"https:\/\/schema.org","@graph":[{"@type":"Article","@id":"https:\/\/www.manquecura.cl\/valle-lo-campino\/noticias\/seguimosmejorando-nuevo-enlace-satelital\/#article","isPartOf":{"@id":"https:\/\/www.manquecura.cl\/valle-lo-campino\/noticias\/seguimosmejorando-nuevo-enlace-satelital\/"},"author":{"name":"jorgedelcampo","@id":"https:\/\/www.manquecura.cl\/valle-lo-campino\/#\/schema\/person\/0debeea140e397b5d490ee7e553255d8"},"headline":"#SeguimosMejorando: Nuevo Enlace Satelital","datePublished":"2023-09-25T11:52:21+00:00","mainEntityOfPage":{"@id":"https:\/\/www.manquecura.cl\/valle-lo-campino\/noticias\/seguimosmejorando-nuevo-enlace-satelital\/"},"wordCount":279,"commentCount":0,"publisher":{"@id":"https:\/\/www.manquecura.cl\/valle-lo-campino\/#organization"},"image":{"@id":"https:\/\/www.manquecura.cl\/valle-lo-campino\/noticias\/seguimosmejorando-nuevo-enlace-satelital\/#primaryimage"},"thumbnailUrl":"https:\/\/www.manquecura.cl\/valle-lo-campino\/wp-content\/uploads\/sites\/40\/2023\/09\/internetsatelital.jpg","articleSection":["Vida Escolar"],"inLanguage":"es","potentialAction":[{"@type":"CommentAction","name":"Comment","target":["https:\/\/www.manquecura.cl\/valle-lo-campino\/noticias\/seguimosmejorando-nuevo-enlace-satelital\/#respond"]}]},{"@type":"WebPage","@id":"https:\/\/www.manquecura.cl\/valle-lo-campino\/noticias\/seguimosmejorando-nuevo-enlace-satelital\/","url":"https:\/\/www.manquecura.cl\/valle-lo-campino\/noticias\/seguimosmejorando-nuevo-enlace-satelital\/","name":"#SeguimosMejorando: Nuevo Enlace Satelital - Colegio Manquecura Valle Lo Campino","isPartOf":{"@id":"https:\/\/www.manquecura.cl\/valle-lo-campino\/#website"},"primaryImageOfPage":{"@id":"https:\/\/www.manquecura.cl\/valle-lo-campino\/noticias\/seguimosmejorando-nuevo-enlace-satelital\/#primaryimage"},"image":{"@id":"https:\/\/www.manquecura.cl\/valle-lo-campino\/noticias\/seguimosmejorando-nuevo-enlace-satelital\/#primaryimage"},"thumbnailUrl":"https:\/\/www.manquecura.cl\/valle-lo-campino\/wp-content\/uploads\/sites\/40\/2023\/09\/internetsatelital.jpg","datePublished":"2023-09-25T11:52:21+00:00","breadcrumb":{"@id":"https:\/\/www.manquecura.cl\/valle-lo-campino\/noticias\/seguimosmejorando-nuevo-enlace-satelital\/#breadcrumb"},"inLanguage":"es","potentialAction":[{"@type":"ReadAction","target":["https:\/\/www.manquecura.cl\/valle-lo-campino\/noticias\/seguimosmejorando-nuevo-enlace-satelital\/"]}]},{"@type":"ImageObject","inLanguage":"es","@id":"https:\/\/www.manquecura.cl\/valle-lo-campino\/noticias\/seguimosmejorando-nuevo-enlace-satelital\/#primaryimage","url":"https:\/\/www.manquecura.cl\/valle-lo-campino\/wp-content\/uploads\/sites\/40\/2023\/09\/internetsatelital.jpg","contentUrl":"https:\/\/www.manquecura.cl\/valle-lo-campino\/wp-content\/uploads\/sites\/40\/2023\/09\/internetsatelital.jpg","width":912,"height":632},{"@type":"BreadcrumbList","@id":"https:\/\/www.manquecura.cl\/valle-lo-campino\/noticias\/seguimosmejorando-nuevo-enlace-satelital\/#breadcrumb","itemListElement":[{"@type":"ListItem","position":1,"name":"Home","item":"https:\/\/www.manquecura.cl\/valle-lo-campino\/"},{"@type":"ListItem","position":2,"name":"#SeguimosMejorando: Nuevo Enlace Satelital"}]},{"@type":"WebSite","@id":"https:\/\/www.manquecura.cl\/valle-lo-campino\/#website","url":"https:\/\/www.manquecura.cl\/valle-lo-campino\/","name":"Colegio Manquecura Valle Lo Campino","description":"Parte de los Colegios Cognita","publisher":{"@id":"https:\/\/www.manquecura.cl\/valle-lo-campino\/#organization"},"potentialAction":[{"@type":"SearchAction","target":{"@type":"EntryPoint","urlTemplate":"https:\/\/www.manquecura.cl\/valle-lo-campino\/?s={search_term_string}"},"query-input":{"@type":"PropertyValueSpecification","valueRequired":true,"valueName":"search_term_string"}}],"inLanguage":"es"},{"@type":"Organization","@id":"https:\/\/www.manquecura.cl\/valle-lo-campino\/#organization","name":"Colegio Manquecura Valle Lo Campino","url":"https:\/\/www.manquecura.cl\/valle-lo-campino\/","logo":{"@type":"ImageObject","inLanguage":"es","@id":"https:\/\/www.manquecura.cl\/valle-lo-campino\/#\/schema\/logo\/image\/","url":"https:\/\/www.manquecura.cl\/valle-lo-campino\/wp-content\/uploads\/sites\/40\/2025\/02\/logo_Manquecura_Valle-Lo-Campino_horizontal_color.webp","contentUrl":"https:\/\/www.manquecura.cl\/valle-lo-campino\/wp-content\/uploads\/sites\/40\/2025\/02\/logo_Manquecura_Valle-Lo-Campino_horizontal_color.webp","width":400,"height":119,"caption":"Colegio Manquecura Valle Lo Campino"},"image":{"@id":"https:\/\/www.manquecura.cl\/valle-lo-campino\/#\/schema\/logo\/image\/"},"sameAs":["http:\/\/www.facebook.com\/ColegiosManquecura","http:\/\/www.instagram.com\/manquecura_vallelocampino\/","http:\/\/www.youtube.com\/c\/CognitaChile"]},{"@type":"Person","@id":"https:\/\/www.manquecura.cl\/valle-lo-campino\/#\/schema\/person\/0debeea140e397b5d490ee7e553255d8","name":"jorgedelcampo","image":{"@type":"ImageObject","inLanguage":"es","@id":"https:\/\/www.manquecura.cl\/valle-lo-campino\/#\/schema\/person\/image\/","url":"https:\/\/secure.gravatar.com\/avatar\/4a315f521213b2dc91dbda9bf799f711c8a98ab6f5606ec42cf5b33d1e762e8a?s=96&d=mm&r=g","contentUrl":"https:\/\/secure.gravatar.com\/avatar\/4a315f521213b2dc91dbda9bf799f711c8a98ab6f5606ec42cf5b33d1e762e8a?s=96&d=mm&r=g","caption":"jorgedelcampo"}}]}},"jetpack_featured_media_url":"https:\/\/www.manquecura.cl\/valle-lo-campino\/wp-content\/uploads\/sites\/40\/2023\/09\/internetsatelital.jpg","previous_post_ID":15665,"previous_post_title":"\"SeguimosMejorando - Instalaci\u00f3n Mallas de Seguridad Sectores de Altura y Escaleras","previous_post_excerpt":"Este viernes 15 de septiembre, se instalaron mallas de seguridad para\u00a0todos los sectores de altura y escaleras de los cuatro pabellones. &#8220;Es importante tanto para nosotros como para nuestros y nuestras estudiantes seguir mejorando en temas de infraestructura y seguridad del colegio&#8221;, comenta nuestra rectora Mar\u00eda Teresa Ja\u00f1a M\u00e1s de 535 mt2. ser\u00e1n cubiertos por [&hellip;]","previous_post_link":"https:\/\/www.manquecura.cl\/valle-lo-campino\/noticias\/seguimosmejorando-instalacion-mallas-de-seguridad-sectores-de-altura-y-escalera\/","previous_post_class":["post-15665","post","type-post","status-publish","format-standard","has-post-thumbnail","hentry","category-vida-escolar"],"next_post_ID":15705,"next_post_title":"Taller para Departamento de Ingl\u00e9s","next_post_excerpt":"Docentes de ingl\u00e9s de programa tradicional y los coordinadores del departamento de ingl\u00e9s de toda la red Cognita Chile, se reunieron con Michael Tomlinson, autor del libro de estudio \u201cKid\u2019s Box\u201d, el cual es utilizado por los estudiantes de 1\u00b0 a 4\u00b0 B\u00e1sico en nuestras clases de ingl\u00e9s. La visita a Chile de Tomlinson fue [&hellip;]","next_post_link":"https:\/\/www.manquecura.cl\/valle-lo-campino\/noticias\/taller-para-departamento-de-ingles\/","next_post_class":["post-15705","post","type-post","status-publish","format-standard","has-post-thumbnail","hentry","category-vida-escolar"],"jetpack_sharing_enabled":true,"_links":{"self":[{"href":"https:\/\/www.manquecura.cl\/valle-lo-campino\/wp-json\/wp\/v2\/posts\/15702","targetHints":{"allow":["GET"]}}],"collection":[{"href":"https:\/\/www.manquecura.cl\/valle-lo-campino\/wp-json\/wp\/v2\/posts"}],"about":[{"href":"https:\/\/www.manquecura.cl\/valle-lo-campino\/wp-json\/wp\/v2\/types\/post"}],"author":[{"embeddable":true,"href":"https:\/\/www.manquecura.cl\/valle-lo-campino\/wp-json\/wp\/v2\/users\/14"}],"replies":[{"embeddable":true,"href":"https:\/\/www.manquecura.cl\/valle-lo-campino\/wp-json\/wp\/v2\/comments?post=15702"}],"version-history":[{"count":0,"href":"https:\/\/www.manquecura.cl\/valle-lo-campino\/wp-json\/wp\/v2\/posts\/15702\/revisions"}],"wp:featuredmedia":[{"embeddable":true,"href":"https:\/\/www.manquecura.cl\/valle-lo-campino\/wp-json\/wp\/v2\/media\/15703"}],"wp:attachment":[{"href":"https:\/\/www.manquecura.cl\/valle-lo-campino\/wp-json\/wp\/v2\/media?parent=15702"}],"wp:term":[{"taxonomy":"category","embeddable":true,"href":"https:\/\/www.manquecura.cl\/valle-lo-campino\/wp-json\/wp\/v2\/categories?post=15702"},{"taxonomy":"post_tag","embeddable":true,"href":"https:\/\/www.manquecura.cl\/valle-lo-campino\/wp-json\/wp\/v2\/tags?post=15702"}],"curies":[{"name":"wp","href":"https:\/\/api.w.org\/{rel}","templated":true}]}}