{"id":15665,"date":"2023-09-15T13:41:51","date_gmt":"2023-09-15T16:41:51","guid":{"rendered":"https:\/\/www.manquecura.cl\/valle-lo-campino\/?p=15665"},"modified":"2023-09-15T13:41:51","modified_gmt":"2023-09-15T16:41:51","slug":"seguimosmejorando-instalacion-mallas-de-seguridad-sectores-de-altura-y-escalera","status":"publish","type":"post","link":"https:\/\/www.manquecura.cl\/valle-lo-campino\/noticias\/seguimosmejorando-instalacion-mallas-de-seguridad-sectores-de-altura-y-escalera\/","title":{"rendered":"&#8220;SeguimosMejorando &#8211; Instalaci\u00f3n Mallas de Seguridad Sectores de Altura y Escaleras"},"content":{"rendered":"<p>Este viernes 15 de septiembre, se <strong>instalaron mallas de seguridad <\/strong>para\u00a0todos los sectores de altura y escaleras de los cuatro pabellones.<\/p>\n<p><em>&#8220;Es importante tanto para nosotros como para nuestros y nuestras estudiantes seguir mejorando en temas de infraestructura y seguridad del colegio&#8221;, comenta nuestra rectora Mar\u00eda Teresa Ja\u00f1a<\/em><\/p>\n<p>M\u00e1s de 535 mt2. ser\u00e1n cubiertos por mallas de 2mm de espesor, por lo que enmarcado en nuestra Cultura de Salvaguarda y velando por el bienestar integral de nuestros estudiantes, seguimos trabajando por facilitar un entorno protegido y seguro para todos.<\/p>\n<p><em>&#8220;Si bien, como colegio, estamos\u00a0reforzando que nuestros estudiantes puedan reconocer y prevenir situaciones en los que ellos mismos se pongan en riesgo, debemos tambi\u00e9n, como parte de nuestro compromiso de salvaguarda, entregar\u00a0protecci\u00f3n\u00a0y seguridad a los\/las estudiantes de nuestra comunidad&#8221;,\u00a0explica\u00a0Andrea Cornejo, Delegada de Salvaguarda (DSL)<\/em><\/p>\n<p>Es importante mencionar que se han tomado todos los resguardos de seguridad con los trabajadores de la empresa externa contratada (recepci\u00f3n y validaci\u00f3n de certificados de antecedentes e inhabilidades, entre otros).<\/p>\n<p>Solicitamos\u00a0su colaboraci\u00f3n y apoyo para el mejor uso de todas las nuevas mejoras que estamos realizando en nuestro colegio.<\/p>\n<p>[multimedia id=&#8221;1&#8243;]<\/p>\n"},"excerpt":{"rendered":"<p>Este viernes 15 de septiembre, se instalaron mallas de seguridad para\u00a0todos los sectores de altura y escaleras de los cuatro pabellones. &#8220;Es importante tanto para nosotros como para nuestros y nuestras estudiantes seguir mejorando en temas de infraestructura y seguridad del colegio&#8221;, comenta nuestra rectora Mar\u00eda Teresa Ja\u00f1a M\u00e1s de 535 mt2. ser\u00e1n cubiertos por [&hellip;]<\/p>\n","protected":false},"author":14,"featured_media":15666,"comment_status":"open","ping_status":"open","sticky":false,"template":"","format":"standard","meta":{"_acf_changed":false,"content-type":"","_jetpack_memberships_contains_paid_content":false,"footnotes":""},"categories":[1],"tags":[],"class_list":["post-15665","post","type-post","status-publish","format-standard","has-post-thumbnail","hentry","category-vida-escolar"],"acf":[],"yoast_head":"<!-- This site is optimized with the Yoast SEO plugin v27.1.1 - https:\/\/yoast.com\/product\/yoast-seo-wordpress\/ -->\n<title>&quot;SeguimosMejorando - Instalaci\u00f3n Mallas de Seguridad Sectores de Altura y Escaleras - Colegio Manquecura Valle Lo Campino<\/title>\n<meta name=\"robots\" content=\"index, follow, max-snippet:-1, max-image-preview:large, max-video-preview:-1\" \/>\n<link rel=\"canonical\" href=\"https:\/\/www.manquecura.cl\/valle-lo-campino\/noticias\/seguimosmejorando-instalacion-mallas-de-seguridad-sectores-de-altura-y-escalera\/\" \/>\n<meta property=\"og:locale\" content=\"es_ES\" \/>\n<meta property=\"og:type\" content=\"article\" \/>\n<meta property=\"og:title\" content=\"&quot;SeguimosMejorando - Instalaci\u00f3n Mallas de Seguridad Sectores de Altura y Escaleras - Colegio Manquecura Valle Lo Campino\" \/>\n<meta property=\"og:description\" content=\"Este viernes 15 de septiembre, se instalaron mallas de seguridad para\u00a0todos los sectores de altura y escaleras de los cuatro pabellones. &#8220;Es importante tanto para nosotros como para nuestros y nuestras estudiantes seguir mejorando en temas de infraestructura y seguridad del colegio&#8221;, comenta nuestra rectora Mar\u00eda Teresa Ja\u00f1a M\u00e1s de 535 mt2. ser\u00e1n cubiertos por [&hellip;]\" \/>\n<meta property=\"og:url\" content=\"https:\/\/www.manquecura.cl\/valle-lo-campino\/noticias\/seguimosmejorando-instalacion-mallas-de-seguridad-sectores-de-altura-y-escalera\/\" \/>\n<meta property=\"og:site_name\" content=\"Colegio Manquecura Valle Lo Campino\" \/>\n<meta property=\"article:publisher\" content=\"http:\/\/www.facebook.com\/ColegiosManquecura\" \/>\n<meta property=\"article:published_time\" content=\"2023-09-15T16:41:51+00:00\" \/>\n<meta name=\"author\" content=\"jorgedelcampo\" \/>\n<meta name=\"twitter:card\" content=\"summary_large_image\" \/>\n<meta name=\"twitter:label1\" content=\"Escrito por\" \/>\n\t<meta name=\"twitter:data1\" content=\"jorgedelcampo\" \/>\n\t<meta name=\"twitter:label2\" content=\"Tiempo de lectura\" \/>\n\t<meta name=\"twitter:data2\" content=\"1 minuto\" \/>\n<script type=\"application\/ld+json\" class=\"yoast-schema-graph\">{\"@context\":\"https:\/\/schema.org\",\"@graph\":[{\"@type\":\"Article\",\"@id\":\"https:\/\/www.manquecura.cl\/valle-lo-campino\/noticias\/seguimosmejorando-instalacion-mallas-de-seguridad-sectores-de-altura-y-escalera\/#article\",\"isPartOf\":{\"@id\":\"https:\/\/www.manquecura.cl\/valle-lo-campino\/noticias\/seguimosmejorando-instalacion-mallas-de-seguridad-sectores-de-altura-y-escalera\/\"},\"author\":{\"name\":\"jorgedelcampo\",\"@id\":\"https:\/\/www.manquecura.cl\/valle-lo-campino\/#\/schema\/person\/0debeea140e397b5d490ee7e553255d8\"},\"headline\":\"&#8220;SeguimosMejorando &#8211; Instalaci\u00f3n Mallas de Seguridad Sectores de Altura y Escaleras\",\"datePublished\":\"2023-09-15T16:41:51+00:00\",\"mainEntityOfPage\":{\"@id\":\"https:\/\/www.manquecura.cl\/valle-lo-campino\/noticias\/seguimosmejorando-instalacion-mallas-de-seguridad-sectores-de-altura-y-escalera\/\"},\"wordCount\":212,\"commentCount\":0,\"publisher\":{\"@id\":\"https:\/\/www.manquecura.cl\/valle-lo-campino\/#organization\"},\"image\":{\"@id\":\"https:\/\/www.manquecura.cl\/valle-lo-campino\/noticias\/seguimosmejorando-instalacion-mallas-de-seguridad-sectores-de-altura-y-escalera\/#primaryimage\"},\"thumbnailUrl\":\"https:\/\/www.manquecura.cl\/valle-lo-campino\/wp-content\/uploads\/sites\/40\/2023\/09\/mallas_seguridad_altura_4.png\",\"articleSection\":[\"Vida Escolar\"],\"inLanguage\":\"es\",\"potentialAction\":[{\"@type\":\"CommentAction\",\"name\":\"Comment\",\"target\":[\"https:\/\/www.manquecura.cl\/valle-lo-campino\/noticias\/seguimosmejorando-instalacion-mallas-de-seguridad-sectores-de-altura-y-escalera\/#respond\"]}]},{\"@type\":\"WebPage\",\"@id\":\"https:\/\/www.manquecura.cl\/valle-lo-campino\/noticias\/seguimosmejorando-instalacion-mallas-de-seguridad-sectores-de-altura-y-escalera\/\",\"url\":\"https:\/\/www.manquecura.cl\/valle-lo-campino\/noticias\/seguimosmejorando-instalacion-mallas-de-seguridad-sectores-de-altura-y-escalera\/\",\"name\":\"\\\"SeguimosMejorando - Instalaci\u00f3n Mallas de Seguridad Sectores de Altura y Escaleras - Colegio Manquecura Valle Lo Campino\",\"isPartOf\":{\"@id\":\"https:\/\/www.manquecura.cl\/valle-lo-campino\/#website\"},\"primaryImageOfPage\":{\"@id\":\"https:\/\/www.manquecura.cl\/valle-lo-campino\/noticias\/seguimosmejorando-instalacion-mallas-de-seguridad-sectores-de-altura-y-escalera\/#primaryimage\"},\"image\":{\"@id\":\"https:\/\/www.manquecura.cl\/valle-lo-campino\/noticias\/seguimosmejorando-instalacion-mallas-de-seguridad-sectores-de-altura-y-escalera\/#primaryimage\"},\"thumbnailUrl\":\"https:\/\/www.manquecura.cl\/valle-lo-campino\/wp-content\/uploads\/sites\/40\/2023\/09\/mallas_seguridad_altura_4.png\",\"datePublished\":\"2023-09-15T16:41:51+00:00\",\"breadcrumb\":{\"@id\":\"https:\/\/www.manquecura.cl\/valle-lo-campino\/noticias\/seguimosmejorando-instalacion-mallas-de-seguridad-sectores-de-altura-y-escalera\/#breadcrumb\"},\"inLanguage\":\"es\",\"potentialAction\":[{\"@type\":\"ReadAction\",\"target\":[\"https:\/\/www.manquecura.cl\/valle-lo-campino\/noticias\/seguimosmejorando-instalacion-mallas-de-seguridad-sectores-de-altura-y-escalera\/\"]}]},{\"@type\":\"ImageObject\",\"inLanguage\":\"es\",\"@id\":\"https:\/\/www.manquecura.cl\/valle-lo-campino\/noticias\/seguimosmejorando-instalacion-mallas-de-seguridad-sectores-de-altura-y-escalera\/#primaryimage\",\"url\":\"https:\/\/www.manquecura.cl\/valle-lo-campino\/wp-content\/uploads\/sites\/40\/2023\/09\/mallas_seguridad_altura_4.png\",\"contentUrl\":\"https:\/\/www.manquecura.cl\/valle-lo-campino\/wp-content\/uploads\/sites\/40\/2023\/09\/mallas_seguridad_altura_4.png\",\"width\":836,\"height\":523},{\"@type\":\"BreadcrumbList\",\"@id\":\"https:\/\/www.manquecura.cl\/valle-lo-campino\/noticias\/seguimosmejorando-instalacion-mallas-de-seguridad-sectores-de-altura-y-escalera\/#breadcrumb\",\"itemListElement\":[{\"@type\":\"ListItem\",\"position\":1,\"name\":\"Home\",\"item\":\"https:\/\/www.manquecura.cl\/valle-lo-campino\/\"},{\"@type\":\"ListItem\",\"position\":2,\"name\":\"&#8220;SeguimosMejorando &#8211; Instalaci\u00f3n Mallas de Seguridad Sectores de Altura y Escaleras\"}]},{\"@type\":\"WebSite\",\"@id\":\"https:\/\/www.manquecura.cl\/valle-lo-campino\/#website\",\"url\":\"https:\/\/www.manquecura.cl\/valle-lo-campino\/\",\"name\":\"Colegio Manquecura Valle Lo Campino\",\"description\":\"Parte de los Colegios Cognita\",\"publisher\":{\"@id\":\"https:\/\/www.manquecura.cl\/valle-lo-campino\/#organization\"},\"potentialAction\":[{\"@type\":\"SearchAction\",\"target\":{\"@type\":\"EntryPoint\",\"urlTemplate\":\"https:\/\/www.manquecura.cl\/valle-lo-campino\/?s={search_term_string}\"},\"query-input\":{\"@type\":\"PropertyValueSpecification\",\"valueRequired\":true,\"valueName\":\"search_term_string\"}}],\"inLanguage\":\"es\"},{\"@type\":\"Organization\",\"@id\":\"https:\/\/www.manquecura.cl\/valle-lo-campino\/#organization\",\"name\":\"Colegio Manquecura Valle Lo Campino\",\"url\":\"https:\/\/www.manquecura.cl\/valle-lo-campino\/\",\"logo\":{\"@type\":\"ImageObject\",\"inLanguage\":\"es\",\"@id\":\"https:\/\/www.manquecura.cl\/valle-lo-campino\/#\/schema\/logo\/image\/\",\"url\":\"https:\/\/www.manquecura.cl\/valle-lo-campino\/wp-content\/uploads\/sites\/40\/2025\/02\/logo_Manquecura_Valle-Lo-Campino_horizontal_color.webp\",\"contentUrl\":\"https:\/\/www.manquecura.cl\/valle-lo-campino\/wp-content\/uploads\/sites\/40\/2025\/02\/logo_Manquecura_Valle-Lo-Campino_horizontal_color.webp\",\"width\":400,\"height\":119,\"caption\":\"Colegio Manquecura Valle Lo Campino\"},\"image\":{\"@id\":\"https:\/\/www.manquecura.cl\/valle-lo-campino\/#\/schema\/logo\/image\/\"},\"sameAs\":[\"http:\/\/www.facebook.com\/ColegiosManquecura\",\"http:\/\/www.instagram.com\/manquecura_vallelocampino\/\",\"http:\/\/www.youtube.com\/c\/CognitaChile\"]},{\"@type\":\"Person\",\"@id\":\"https:\/\/www.manquecura.cl\/valle-lo-campino\/#\/schema\/person\/0debeea140e397b5d490ee7e553255d8\",\"name\":\"jorgedelcampo\",\"image\":{\"@type\":\"ImageObject\",\"inLanguage\":\"es\",\"@id\":\"https:\/\/www.manquecura.cl\/valle-lo-campino\/#\/schema\/person\/image\/\",\"url\":\"https:\/\/secure.gravatar.com\/avatar\/4a315f521213b2dc91dbda9bf799f711c8a98ab6f5606ec42cf5b33d1e762e8a?s=96&d=mm&r=g\",\"contentUrl\":\"https:\/\/secure.gravatar.com\/avatar\/4a315f521213b2dc91dbda9bf799f711c8a98ab6f5606ec42cf5b33d1e762e8a?s=96&d=mm&r=g\",\"caption\":\"jorgedelcampo\"}}]}<\/script>\n<!-- \/ Yoast SEO plugin. -->","yoast_head_json":{"title":"\"SeguimosMejorando - Instalaci\u00f3n Mallas de Seguridad Sectores de Altura y Escaleras - Colegio Manquecura Valle Lo Campino","robots":{"index":"index","follow":"follow","max-snippet":"max-snippet:-1","max-image-preview":"max-image-preview:large","max-video-preview":"max-video-preview:-1"},"canonical":"https:\/\/www.manquecura.cl\/valle-lo-campino\/noticias\/seguimosmejorando-instalacion-mallas-de-seguridad-sectores-de-altura-y-escalera\/","og_locale":"es_ES","og_type":"article","og_title":"\"SeguimosMejorando - Instalaci\u00f3n Mallas de Seguridad Sectores de Altura y Escaleras - Colegio Manquecura Valle Lo Campino","og_description":"Este viernes 15 de septiembre, se instalaron mallas de seguridad para\u00a0todos los sectores de altura y escaleras de los cuatro pabellones. &#8220;Es importante tanto para nosotros como para nuestros y nuestras estudiantes seguir mejorando en temas de infraestructura y seguridad del colegio&#8221;, comenta nuestra rectora Mar\u00eda Teresa Ja\u00f1a M\u00e1s de 535 mt2. ser\u00e1n cubiertos por [&hellip;]","og_url":"https:\/\/www.manquecura.cl\/valle-lo-campino\/noticias\/seguimosmejorando-instalacion-mallas-de-seguridad-sectores-de-altura-y-escalera\/","og_site_name":"Colegio Manquecura Valle Lo Campino","article_publisher":"http:\/\/www.facebook.com\/ColegiosManquecura","article_published_time":"2023-09-15T16:41:51+00:00","author":"jorgedelcampo","twitter_card":"summary_large_image","twitter_misc":{"Escrito por":"jorgedelcampo","Tiempo de lectura":"1 minuto"},"schema":{"@context":"https:\/\/schema.org","@graph":[{"@type":"Article","@id":"https:\/\/www.manquecura.cl\/valle-lo-campino\/noticias\/seguimosmejorando-instalacion-mallas-de-seguridad-sectores-de-altura-y-escalera\/#article","isPartOf":{"@id":"https:\/\/www.manquecura.cl\/valle-lo-campino\/noticias\/seguimosmejorando-instalacion-mallas-de-seguridad-sectores-de-altura-y-escalera\/"},"author":{"name":"jorgedelcampo","@id":"https:\/\/www.manquecura.cl\/valle-lo-campino\/#\/schema\/person\/0debeea140e397b5d490ee7e553255d8"},"headline":"&#8220;SeguimosMejorando &#8211; Instalaci\u00f3n Mallas de Seguridad Sectores de Altura y Escaleras","datePublished":"2023-09-15T16:41:51+00:00","mainEntityOfPage":{"@id":"https:\/\/www.manquecura.cl\/valle-lo-campino\/noticias\/seguimosmejorando-instalacion-mallas-de-seguridad-sectores-de-altura-y-escalera\/"},"wordCount":212,"commentCount":0,"publisher":{"@id":"https:\/\/www.manquecura.cl\/valle-lo-campino\/#organization"},"image":{"@id":"https:\/\/www.manquecura.cl\/valle-lo-campino\/noticias\/seguimosmejorando-instalacion-mallas-de-seguridad-sectores-de-altura-y-escalera\/#primaryimage"},"thumbnailUrl":"https:\/\/www.manquecura.cl\/valle-lo-campino\/wp-content\/uploads\/sites\/40\/2023\/09\/mallas_seguridad_altura_4.png","articleSection":["Vida Escolar"],"inLanguage":"es","potentialAction":[{"@type":"CommentAction","name":"Comment","target":["https:\/\/www.manquecura.cl\/valle-lo-campino\/noticias\/seguimosmejorando-instalacion-mallas-de-seguridad-sectores-de-altura-y-escalera\/#respond"]}]},{"@type":"WebPage","@id":"https:\/\/www.manquecura.cl\/valle-lo-campino\/noticias\/seguimosmejorando-instalacion-mallas-de-seguridad-sectores-de-altura-y-escalera\/","url":"https:\/\/www.manquecura.cl\/valle-lo-campino\/noticias\/seguimosmejorando-instalacion-mallas-de-seguridad-sectores-de-altura-y-escalera\/","name":"\"SeguimosMejorando - Instalaci\u00f3n Mallas de Seguridad Sectores de Altura y Escaleras - Colegio Manquecura Valle Lo Campino","isPartOf":{"@id":"https:\/\/www.manquecura.cl\/valle-lo-campino\/#website"},"primaryImageOfPage":{"@id":"https:\/\/www.manquecura.cl\/valle-lo-campino\/noticias\/seguimosmejorando-instalacion-mallas-de-seguridad-sectores-de-altura-y-escalera\/#primaryimage"},"image":{"@id":"https:\/\/www.manquecura.cl\/valle-lo-campino\/noticias\/seguimosmejorando-instalacion-mallas-de-seguridad-sectores-de-altura-y-escalera\/#primaryimage"},"thumbnailUrl":"https:\/\/www.manquecura.cl\/valle-lo-campino\/wp-content\/uploads\/sites\/40\/2023\/09\/mallas_seguridad_altura_4.png","datePublished":"2023-09-15T16:41:51+00:00","breadcrumb":{"@id":"https:\/\/www.manquecura.cl\/valle-lo-campino\/noticias\/seguimosmejorando-instalacion-mallas-de-seguridad-sectores-de-altura-y-escalera\/#breadcrumb"},"inLanguage":"es","potentialAction":[{"@type":"ReadAction","target":["https:\/\/www.manquecura.cl\/valle-lo-campino\/noticias\/seguimosmejorando-instalacion-mallas-de-seguridad-sectores-de-altura-y-escalera\/"]}]},{"@type":"ImageObject","inLanguage":"es","@id":"https:\/\/www.manquecura.cl\/valle-lo-campino\/noticias\/seguimosmejorando-instalacion-mallas-de-seguridad-sectores-de-altura-y-escalera\/#primaryimage","url":"https:\/\/www.manquecura.cl\/valle-lo-campino\/wp-content\/uploads\/sites\/40\/2023\/09\/mallas_seguridad_altura_4.png","contentUrl":"https:\/\/www.manquecura.cl\/valle-lo-campino\/wp-content\/uploads\/sites\/40\/2023\/09\/mallas_seguridad_altura_4.png","width":836,"height":523},{"@type":"BreadcrumbList","@id":"https:\/\/www.manquecura.cl\/valle-lo-campino\/noticias\/seguimosmejorando-instalacion-mallas-de-seguridad-sectores-de-altura-y-escalera\/#breadcrumb","itemListElement":[{"@type":"ListItem","position":1,"name":"Home","item":"https:\/\/www.manquecura.cl\/valle-lo-campino\/"},{"@type":"ListItem","position":2,"name":"&#8220;SeguimosMejorando &#8211; Instalaci\u00f3n Mallas de Seguridad Sectores de Altura y Escaleras"}]},{"@type":"WebSite","@id":"https:\/\/www.manquecura.cl\/valle-lo-campino\/#website","url":"https:\/\/www.manquecura.cl\/valle-lo-campino\/","name":"Colegio Manquecura Valle Lo Campino","description":"Parte de los Colegios Cognita","publisher":{"@id":"https:\/\/www.manquecura.cl\/valle-lo-campino\/#organization"},"potentialAction":[{"@type":"SearchAction","target":{"@type":"EntryPoint","urlTemplate":"https:\/\/www.manquecura.cl\/valle-lo-campino\/?s={search_term_string}"},"query-input":{"@type":"PropertyValueSpecification","valueRequired":true,"valueName":"search_term_string"}}],"inLanguage":"es"},{"@type":"Organization","@id":"https:\/\/www.manquecura.cl\/valle-lo-campino\/#organization","name":"Colegio Manquecura Valle Lo Campino","url":"https:\/\/www.manquecura.cl\/valle-lo-campino\/","logo":{"@type":"ImageObject","inLanguage":"es","@id":"https:\/\/www.manquecura.cl\/valle-lo-campino\/#\/schema\/logo\/image\/","url":"https:\/\/www.manquecura.cl\/valle-lo-campino\/wp-content\/uploads\/sites\/40\/2025\/02\/logo_Manquecura_Valle-Lo-Campino_horizontal_color.webp","contentUrl":"https:\/\/www.manquecura.cl\/valle-lo-campino\/wp-content\/uploads\/sites\/40\/2025\/02\/logo_Manquecura_Valle-Lo-Campino_horizontal_color.webp","width":400,"height":119,"caption":"Colegio Manquecura Valle Lo Campino"},"image":{"@id":"https:\/\/www.manquecura.cl\/valle-lo-campino\/#\/schema\/logo\/image\/"},"sameAs":["http:\/\/www.facebook.com\/ColegiosManquecura","http:\/\/www.instagram.com\/manquecura_vallelocampino\/","http:\/\/www.youtube.com\/c\/CognitaChile"]},{"@type":"Person","@id":"https:\/\/www.manquecura.cl\/valle-lo-campino\/#\/schema\/person\/0debeea140e397b5d490ee7e553255d8","name":"jorgedelcampo","image":{"@type":"ImageObject","inLanguage":"es","@id":"https:\/\/www.manquecura.cl\/valle-lo-campino\/#\/schema\/person\/image\/","url":"https:\/\/secure.gravatar.com\/avatar\/4a315f521213b2dc91dbda9bf799f711c8a98ab6f5606ec42cf5b33d1e762e8a?s=96&d=mm&r=g","contentUrl":"https:\/\/secure.gravatar.com\/avatar\/4a315f521213b2dc91dbda9bf799f711c8a98ab6f5606ec42cf5b33d1e762e8a?s=96&d=mm&r=g","caption":"jorgedelcampo"}}]}},"jetpack_featured_media_url":"https:\/\/www.manquecura.cl\/valle-lo-campino\/wp-content\/uploads\/sites\/40\/2023\/09\/mallas_seguridad_altura_4.png","previous_post_ID":15626,"previous_post_title":"Fiesta Costumbrista 2023","previous_post_excerpt":"As\u00ed se vivi\u00f3 nuestra tradicional\u00a0Fiesta Costumbrista, este a\u00f1o tal como se plane\u00f3, todos los cursos presentaron bailes de todas las zonas de nuestro pa\u00eds, gracias a la preparaci\u00f3n de nuestros profesores de Educaci\u00f3n F\u00edsica, a quienes aprovechamos de felicitar por su gran trabajo previo a la presentaci\u00f3n. Contamos adem\u00e1s con el Stands de Comida, organizado [&hellip;]","previous_post_link":"https:\/\/www.manquecura.cl\/valle-lo-campino\/noticias\/fiesta-costumbrista-2023\/","previous_post_class":["post-15626","post","type-post","status-publish","format-standard","has-post-thumbnail","hentry","category-vida-escolar"],"next_post_ID":15702,"next_post_title":"#SeguimosMejorando: Nuevo Enlace Satelital","next_post_excerpt":"En el marco del plan de mejoras de nuestro colegio, compartimos una nueva implementaci\u00f3n en la infraestructura tecnol\u00f3gica, la que beneficiar\u00e1 directamente a nuestros estudiantes y garantizar\u00e1 la continuidad de la conexi\u00f3n a Internet en situaciones clim\u00e1ticas adversas o de interrupciones o fallas t\u00e9cnicas del proveedor del servicio. En nuestro constante esfuerzo por brindar una [&hellip;]","next_post_link":"https:\/\/www.manquecura.cl\/valle-lo-campino\/noticias\/seguimosmejorando-nuevo-enlace-satelital\/","next_post_class":["post-15702","post","type-post","status-publish","format-standard","has-post-thumbnail","hentry","category-vida-escolar"],"jetpack_sharing_enabled":true,"_links":{"self":[{"href":"https:\/\/www.manquecura.cl\/valle-lo-campino\/wp-json\/wp\/v2\/posts\/15665","targetHints":{"allow":["GET"]}}],"collection":[{"href":"https:\/\/www.manquecura.cl\/valle-lo-campino\/wp-json\/wp\/v2\/posts"}],"about":[{"href":"https:\/\/www.manquecura.cl\/valle-lo-campino\/wp-json\/wp\/v2\/types\/post"}],"author":[{"embeddable":true,"href":"https:\/\/www.manquecura.cl\/valle-lo-campino\/wp-json\/wp\/v2\/users\/14"}],"replies":[{"embeddable":true,"href":"https:\/\/www.manquecura.cl\/valle-lo-campino\/wp-json\/wp\/v2\/comments?post=15665"}],"version-history":[{"count":0,"href":"https:\/\/www.manquecura.cl\/valle-lo-campino\/wp-json\/wp\/v2\/posts\/15665\/revisions"}],"wp:featuredmedia":[{"embeddable":true,"href":"https:\/\/www.manquecura.cl\/valle-lo-campino\/wp-json\/wp\/v2\/media\/15666"}],"wp:attachment":[{"href":"https:\/\/www.manquecura.cl\/valle-lo-campino\/wp-json\/wp\/v2\/media?parent=15665"}],"wp:term":[{"taxonomy":"category","embeddable":true,"href":"https:\/\/www.manquecura.cl\/valle-lo-campino\/wp-json\/wp\/v2\/categories?post=15665"},{"taxonomy":"post_tag","embeddable":true,"href":"https:\/\/www.manquecura.cl\/valle-lo-campino\/wp-json\/wp\/v2\/tags?post=15665"}],"curies":[{"name":"wp","href":"https:\/\/api.w.org\/{rel}","templated":true}]}}