{"id":15465,"date":"2023-08-01T19:12:13","date_gmt":"2023-08-01T23:12:13","guid":{"rendered":"https:\/\/www.manquecura.cl\/\/valle-lo-campino\/?p=15465"},"modified":"2023-08-01T19:12:13","modified_gmt":"2023-08-01T23:12:13","slug":"estudiantes-de-manquecura-valle-lo-campino-participaron-en-desafio-cientifico-internacional-en-barcelona","status":"publish","type":"post","link":"https:\/\/www.manquecura.cl\/valle-lo-campino\/noticias\/estudiantes-de-manquecura-valle-lo-campino-participaron-en-desafio-cientifico-internacional-en-barcelona\/","title":{"rendered":"Estudiantes de Manquecura Valle Lo Campino participaron en Desaf\u00edo Cient\u00edfico Internacional en Barcelona"},"content":{"rendered":"<p>Estudiantes de la red de colegios Cognita Chile est\u00e1n participando actualmente en el Programa Internacional de J\u00f3venes Cient\u00edficos de Barcelona (BIYSC), formando parte de un selecto grupo de todo el mundo, que comparten la pasi\u00f3n por la ciencia y tecnolog\u00eda.<\/p>\n<p>Felicitamos a nuestros estudiantes, quienes trabajaron en diferentes proyectos cient\u00edficos:<\/p>\n<ul>\n<li>Sebasti\u00e1n Saavedra: Synthetic biology: engineering life for new social and medical challenges (Biolog\u00eda sint\u00e9tica: ingenier\u00eda de la vida para nuevos retos sociales y m\u00e9dicos)<\/li>\n<li>Sof\u00eda Ampuero: Broadening medical expertise: from the clinic to the lab bench and back. (Ampliar los conocimientos m\u00e9dicos: de la cl\u00ednica al laboratorio y viceversa)<\/li>\n<li>Mar\u00eda Ignacia Barra:Multi-omics in the fight against leukemia (La multi\u00f3mica en la lucha contra la leuc\u00e9mia)<\/li>\n<li>Pilar Saavedra: Planarian stem cells: the genetics of immortality (C\u00e9lulas madre de planarias: la gen\u00e9tica de la inmortalidad)<\/li>\n<\/ul>\n<p>El programa BIYSC est\u00e1 dise\u00f1ado para ofrecer a los estudiantes una experiencia de clase mundial, lo que les permite trabajar en los desaf\u00edos cient\u00edficos y tecnol\u00f3gicos planteados por los centros de investigaci\u00f3n internacionales.<br \/>\n[multimedia id=&#8221;1&#8243;]<\/p>\n"},"excerpt":{"rendered":"<p>Estudiantes de la red de colegios Cognita Chile est\u00e1n participando actualmente en el Programa Internacional de J\u00f3venes Cient\u00edficos de Barcelona (BIYSC), formando parte de un selecto grupo de todo el mundo, que comparten la pasi\u00f3n por la ciencia y tecnolog\u00eda. Felicitamos a nuestros estudiantes, quienes trabajaron en diferentes proyectos cient\u00edficos: Sebasti\u00e1n Saavedra: Synthetic biology: engineering [&hellip;]<\/p>\n","protected":false},"author":14,"featured_media":15468,"comment_status":"open","ping_status":"open","sticky":false,"template":"","format":"standard","meta":{"_acf_changed":false,"content-type":"","_jetpack_memberships_contains_paid_content":false,"footnotes":""},"categories":[1],"tags":[],"class_list":["post-15465","post","type-post","status-publish","format-standard","has-post-thumbnail","hentry","category-vida-escolar"],"acf":[],"yoast_head":"<!-- This site is optimized with the Yoast SEO plugin v27.1.1 - https:\/\/yoast.com\/product\/yoast-seo-wordpress\/ -->\n<title>Estudiantes de Manquecura Valle Lo Campino participaron en Desaf\u00edo Cient\u00edfico Internacional en Barcelona - Colegio Manquecura Valle Lo Campino<\/title>\n<meta name=\"robots\" content=\"index, follow, max-snippet:-1, max-image-preview:large, max-video-preview:-1\" \/>\n<link rel=\"canonical\" href=\"https:\/\/www.manquecura.cl\/valle-lo-campino\/noticias\/estudiantes-de-manquecura-valle-lo-campino-participaron-en-desafio-cientifico-internacional-en-barcelona\/\" \/>\n<meta property=\"og:locale\" content=\"es_ES\" \/>\n<meta property=\"og:type\" content=\"article\" \/>\n<meta property=\"og:title\" content=\"Estudiantes de Manquecura Valle Lo Campino participaron en Desaf\u00edo Cient\u00edfico Internacional en Barcelona - Colegio Manquecura Valle Lo Campino\" \/>\n<meta property=\"og:description\" content=\"Estudiantes de la red de colegios Cognita Chile est\u00e1n participando actualmente en el Programa Internacional de J\u00f3venes Cient\u00edficos de Barcelona (BIYSC), formando parte de un selecto grupo de todo el mundo, que comparten la pasi\u00f3n por la ciencia y tecnolog\u00eda. Felicitamos a nuestros estudiantes, quienes trabajaron en diferentes proyectos cient\u00edficos: Sebasti\u00e1n Saavedra: Synthetic biology: engineering [&hellip;]\" \/>\n<meta property=\"og:url\" content=\"https:\/\/www.manquecura.cl\/valle-lo-campino\/noticias\/estudiantes-de-manquecura-valle-lo-campino-participaron-en-desafio-cientifico-internacional-en-barcelona\/\" \/>\n<meta property=\"og:site_name\" content=\"Colegio Manquecura Valle Lo Campino\" \/>\n<meta property=\"article:publisher\" content=\"http:\/\/www.facebook.com\/ColegiosManquecura\" \/>\n<meta property=\"article:published_time\" content=\"2023-08-01T23:12:13+00:00\" \/>\n<meta name=\"author\" content=\"jorgedelcampo\" \/>\n<meta name=\"twitter:card\" content=\"summary_large_image\" \/>\n<meta name=\"twitter:label1\" content=\"Escrito por\" \/>\n\t<meta name=\"twitter:data1\" content=\"jorgedelcampo\" \/>\n\t<meta name=\"twitter:label2\" content=\"Tiempo de lectura\" \/>\n\t<meta name=\"twitter:data2\" content=\"1 minuto\" \/>\n<script type=\"application\/ld+json\" class=\"yoast-schema-graph\">{\"@context\":\"https:\/\/schema.org\",\"@graph\":[{\"@type\":\"Article\",\"@id\":\"https:\/\/www.manquecura.cl\/valle-lo-campino\/noticias\/estudiantes-de-manquecura-valle-lo-campino-participaron-en-desafio-cientifico-internacional-en-barcelona\/#article\",\"isPartOf\":{\"@id\":\"https:\/\/www.manquecura.cl\/valle-lo-campino\/noticias\/estudiantes-de-manquecura-valle-lo-campino-participaron-en-desafio-cientifico-internacional-en-barcelona\/\"},\"author\":{\"name\":\"jorgedelcampo\",\"@id\":\"https:\/\/www.manquecura.cl\/valle-lo-campino\/#\/schema\/person\/0debeea140e397b5d490ee7e553255d8\"},\"headline\":\"Estudiantes de Manquecura Valle Lo Campino participaron en Desaf\u00edo Cient\u00edfico Internacional en Barcelona\",\"datePublished\":\"2023-08-01T23:12:13+00:00\",\"mainEntityOfPage\":{\"@id\":\"https:\/\/www.manquecura.cl\/valle-lo-campino\/noticias\/estudiantes-de-manquecura-valle-lo-campino-participaron-en-desafio-cientifico-internacional-en-barcelona\/\"},\"wordCount\":208,\"commentCount\":0,\"publisher\":{\"@id\":\"https:\/\/www.manquecura.cl\/valle-lo-campino\/#organization\"},\"image\":{\"@id\":\"https:\/\/www.manquecura.cl\/valle-lo-campino\/noticias\/estudiantes-de-manquecura-valle-lo-campino-participaron-en-desafio-cientifico-internacional-en-barcelona\/#primaryimage\"},\"thumbnailUrl\":\"https:\/\/www.manquecura.cl\/valle-lo-campino\/wp-content\/uploads\/sites\/40\/2023\/08\/WEB_VLC-3.png\",\"articleSection\":[\"Vida Escolar\"],\"inLanguage\":\"es\",\"potentialAction\":[{\"@type\":\"CommentAction\",\"name\":\"Comment\",\"target\":[\"https:\/\/www.manquecura.cl\/valle-lo-campino\/noticias\/estudiantes-de-manquecura-valle-lo-campino-participaron-en-desafio-cientifico-internacional-en-barcelona\/#respond\"]}]},{\"@type\":\"WebPage\",\"@id\":\"https:\/\/www.manquecura.cl\/valle-lo-campino\/noticias\/estudiantes-de-manquecura-valle-lo-campino-participaron-en-desafio-cientifico-internacional-en-barcelona\/\",\"url\":\"https:\/\/www.manquecura.cl\/valle-lo-campino\/noticias\/estudiantes-de-manquecura-valle-lo-campino-participaron-en-desafio-cientifico-internacional-en-barcelona\/\",\"name\":\"Estudiantes de Manquecura Valle Lo Campino participaron en Desaf\u00edo Cient\u00edfico Internacional en Barcelona - Colegio Manquecura Valle Lo Campino\",\"isPartOf\":{\"@id\":\"https:\/\/www.manquecura.cl\/valle-lo-campino\/#website\"},\"primaryImageOfPage\":{\"@id\":\"https:\/\/www.manquecura.cl\/valle-lo-campino\/noticias\/estudiantes-de-manquecura-valle-lo-campino-participaron-en-desafio-cientifico-internacional-en-barcelona\/#primaryimage\"},\"image\":{\"@id\":\"https:\/\/www.manquecura.cl\/valle-lo-campino\/noticias\/estudiantes-de-manquecura-valle-lo-campino-participaron-en-desafio-cientifico-internacional-en-barcelona\/#primaryimage\"},\"thumbnailUrl\":\"https:\/\/www.manquecura.cl\/valle-lo-campino\/wp-content\/uploads\/sites\/40\/2023\/08\/WEB_VLC-3.png\",\"datePublished\":\"2023-08-01T23:12:13+00:00\",\"breadcrumb\":{\"@id\":\"https:\/\/www.manquecura.cl\/valle-lo-campino\/noticias\/estudiantes-de-manquecura-valle-lo-campino-participaron-en-desafio-cientifico-internacional-en-barcelona\/#breadcrumb\"},\"inLanguage\":\"es\",\"potentialAction\":[{\"@type\":\"ReadAction\",\"target\":[\"https:\/\/www.manquecura.cl\/valle-lo-campino\/noticias\/estudiantes-de-manquecura-valle-lo-campino-participaron-en-desafio-cientifico-internacional-en-barcelona\/\"]}]},{\"@type\":\"ImageObject\",\"inLanguage\":\"es\",\"@id\":\"https:\/\/www.manquecura.cl\/valle-lo-campino\/noticias\/estudiantes-de-manquecura-valle-lo-campino-participaron-en-desafio-cientifico-internacional-en-barcelona\/#primaryimage\",\"url\":\"https:\/\/www.manquecura.cl\/valle-lo-campino\/wp-content\/uploads\/sites\/40\/2023\/08\/WEB_VLC-3.png\",\"contentUrl\":\"https:\/\/www.manquecura.cl\/valle-lo-campino\/wp-content\/uploads\/sites\/40\/2023\/08\/WEB_VLC-3.png\",\"width\":836,\"height\":523},{\"@type\":\"BreadcrumbList\",\"@id\":\"https:\/\/www.manquecura.cl\/valle-lo-campino\/noticias\/estudiantes-de-manquecura-valle-lo-campino-participaron-en-desafio-cientifico-internacional-en-barcelona\/#breadcrumb\",\"itemListElement\":[{\"@type\":\"ListItem\",\"position\":1,\"name\":\"Home\",\"item\":\"https:\/\/www.manquecura.cl\/valle-lo-campino\/\"},{\"@type\":\"ListItem\",\"position\":2,\"name\":\"Estudiantes de Manquecura Valle Lo Campino participaron en Desaf\u00edo Cient\u00edfico Internacional en Barcelona\"}]},{\"@type\":\"WebSite\",\"@id\":\"https:\/\/www.manquecura.cl\/valle-lo-campino\/#website\",\"url\":\"https:\/\/www.manquecura.cl\/valle-lo-campino\/\",\"name\":\"Colegio Manquecura Valle Lo Campino\",\"description\":\"Parte de los Colegios Cognita\",\"publisher\":{\"@id\":\"https:\/\/www.manquecura.cl\/valle-lo-campino\/#organization\"},\"potentialAction\":[{\"@type\":\"SearchAction\",\"target\":{\"@type\":\"EntryPoint\",\"urlTemplate\":\"https:\/\/www.manquecura.cl\/valle-lo-campino\/?s={search_term_string}\"},\"query-input\":{\"@type\":\"PropertyValueSpecification\",\"valueRequired\":true,\"valueName\":\"search_term_string\"}}],\"inLanguage\":\"es\"},{\"@type\":\"Organization\",\"@id\":\"https:\/\/www.manquecura.cl\/valle-lo-campino\/#organization\",\"name\":\"Colegio Manquecura Valle Lo Campino\",\"url\":\"https:\/\/www.manquecura.cl\/valle-lo-campino\/\",\"logo\":{\"@type\":\"ImageObject\",\"inLanguage\":\"es\",\"@id\":\"https:\/\/www.manquecura.cl\/valle-lo-campino\/#\/schema\/logo\/image\/\",\"url\":\"https:\/\/www.manquecura.cl\/valle-lo-campino\/wp-content\/uploads\/sites\/40\/2025\/02\/logo_Manquecura_Valle-Lo-Campino_horizontal_color.webp\",\"contentUrl\":\"https:\/\/www.manquecura.cl\/valle-lo-campino\/wp-content\/uploads\/sites\/40\/2025\/02\/logo_Manquecura_Valle-Lo-Campino_horizontal_color.webp\",\"width\":400,\"height\":119,\"caption\":\"Colegio Manquecura Valle Lo Campino\"},\"image\":{\"@id\":\"https:\/\/www.manquecura.cl\/valle-lo-campino\/#\/schema\/logo\/image\/\"},\"sameAs\":[\"http:\/\/www.facebook.com\/ColegiosManquecura\",\"http:\/\/www.instagram.com\/manquecura_vallelocampino\/\",\"http:\/\/www.youtube.com\/c\/CognitaChile\"]},{\"@type\":\"Person\",\"@id\":\"https:\/\/www.manquecura.cl\/valle-lo-campino\/#\/schema\/person\/0debeea140e397b5d490ee7e553255d8\",\"name\":\"jorgedelcampo\",\"image\":{\"@type\":\"ImageObject\",\"inLanguage\":\"es\",\"@id\":\"https:\/\/www.manquecura.cl\/valle-lo-campino\/#\/schema\/person\/image\/\",\"url\":\"https:\/\/secure.gravatar.com\/avatar\/4a315f521213b2dc91dbda9bf799f711c8a98ab6f5606ec42cf5b33d1e762e8a?s=96&d=mm&r=g\",\"contentUrl\":\"https:\/\/secure.gravatar.com\/avatar\/4a315f521213b2dc91dbda9bf799f711c8a98ab6f5606ec42cf5b33d1e762e8a?s=96&d=mm&r=g\",\"caption\":\"jorgedelcampo\"}}]}<\/script>\n<!-- \/ Yoast SEO plugin. -->","yoast_head_json":{"title":"Estudiantes de Manquecura Valle Lo Campino participaron en Desaf\u00edo Cient\u00edfico Internacional en Barcelona - Colegio Manquecura Valle Lo Campino","robots":{"index":"index","follow":"follow","max-snippet":"max-snippet:-1","max-image-preview":"max-image-preview:large","max-video-preview":"max-video-preview:-1"},"canonical":"https:\/\/www.manquecura.cl\/valle-lo-campino\/noticias\/estudiantes-de-manquecura-valle-lo-campino-participaron-en-desafio-cientifico-internacional-en-barcelona\/","og_locale":"es_ES","og_type":"article","og_title":"Estudiantes de Manquecura Valle Lo Campino participaron en Desaf\u00edo Cient\u00edfico Internacional en Barcelona - Colegio Manquecura Valle Lo Campino","og_description":"Estudiantes de la red de colegios Cognita Chile est\u00e1n participando actualmente en el Programa Internacional de J\u00f3venes Cient\u00edficos de Barcelona (BIYSC), formando parte de un selecto grupo de todo el mundo, que comparten la pasi\u00f3n por la ciencia y tecnolog\u00eda. Felicitamos a nuestros estudiantes, quienes trabajaron en diferentes proyectos cient\u00edficos: Sebasti\u00e1n Saavedra: Synthetic biology: engineering [&hellip;]","og_url":"https:\/\/www.manquecura.cl\/valle-lo-campino\/noticias\/estudiantes-de-manquecura-valle-lo-campino-participaron-en-desafio-cientifico-internacional-en-barcelona\/","og_site_name":"Colegio Manquecura Valle Lo Campino","article_publisher":"http:\/\/www.facebook.com\/ColegiosManquecura","article_published_time":"2023-08-01T23:12:13+00:00","author":"jorgedelcampo","twitter_card":"summary_large_image","twitter_misc":{"Escrito por":"jorgedelcampo","Tiempo de lectura":"1 minuto"},"schema":{"@context":"https:\/\/schema.org","@graph":[{"@type":"Article","@id":"https:\/\/www.manquecura.cl\/valle-lo-campino\/noticias\/estudiantes-de-manquecura-valle-lo-campino-participaron-en-desafio-cientifico-internacional-en-barcelona\/#article","isPartOf":{"@id":"https:\/\/www.manquecura.cl\/valle-lo-campino\/noticias\/estudiantes-de-manquecura-valle-lo-campino-participaron-en-desafio-cientifico-internacional-en-barcelona\/"},"author":{"name":"jorgedelcampo","@id":"https:\/\/www.manquecura.cl\/valle-lo-campino\/#\/schema\/person\/0debeea140e397b5d490ee7e553255d8"},"headline":"Estudiantes de Manquecura Valle Lo Campino participaron en Desaf\u00edo Cient\u00edfico Internacional en Barcelona","datePublished":"2023-08-01T23:12:13+00:00","mainEntityOfPage":{"@id":"https:\/\/www.manquecura.cl\/valle-lo-campino\/noticias\/estudiantes-de-manquecura-valle-lo-campino-participaron-en-desafio-cientifico-internacional-en-barcelona\/"},"wordCount":208,"commentCount":0,"publisher":{"@id":"https:\/\/www.manquecura.cl\/valle-lo-campino\/#organization"},"image":{"@id":"https:\/\/www.manquecura.cl\/valle-lo-campino\/noticias\/estudiantes-de-manquecura-valle-lo-campino-participaron-en-desafio-cientifico-internacional-en-barcelona\/#primaryimage"},"thumbnailUrl":"https:\/\/www.manquecura.cl\/valle-lo-campino\/wp-content\/uploads\/sites\/40\/2023\/08\/WEB_VLC-3.png","articleSection":["Vida Escolar"],"inLanguage":"es","potentialAction":[{"@type":"CommentAction","name":"Comment","target":["https:\/\/www.manquecura.cl\/valle-lo-campino\/noticias\/estudiantes-de-manquecura-valle-lo-campino-participaron-en-desafio-cientifico-internacional-en-barcelona\/#respond"]}]},{"@type":"WebPage","@id":"https:\/\/www.manquecura.cl\/valle-lo-campino\/noticias\/estudiantes-de-manquecura-valle-lo-campino-participaron-en-desafio-cientifico-internacional-en-barcelona\/","url":"https:\/\/www.manquecura.cl\/valle-lo-campino\/noticias\/estudiantes-de-manquecura-valle-lo-campino-participaron-en-desafio-cientifico-internacional-en-barcelona\/","name":"Estudiantes de Manquecura Valle Lo Campino participaron en Desaf\u00edo Cient\u00edfico Internacional en Barcelona - Colegio Manquecura Valle Lo Campino","isPartOf":{"@id":"https:\/\/www.manquecura.cl\/valle-lo-campino\/#website"},"primaryImageOfPage":{"@id":"https:\/\/www.manquecura.cl\/valle-lo-campino\/noticias\/estudiantes-de-manquecura-valle-lo-campino-participaron-en-desafio-cientifico-internacional-en-barcelona\/#primaryimage"},"image":{"@id":"https:\/\/www.manquecura.cl\/valle-lo-campino\/noticias\/estudiantes-de-manquecura-valle-lo-campino-participaron-en-desafio-cientifico-internacional-en-barcelona\/#primaryimage"},"thumbnailUrl":"https:\/\/www.manquecura.cl\/valle-lo-campino\/wp-content\/uploads\/sites\/40\/2023\/08\/WEB_VLC-3.png","datePublished":"2023-08-01T23:12:13+00:00","breadcrumb":{"@id":"https:\/\/www.manquecura.cl\/valle-lo-campino\/noticias\/estudiantes-de-manquecura-valle-lo-campino-participaron-en-desafio-cientifico-internacional-en-barcelona\/#breadcrumb"},"inLanguage":"es","potentialAction":[{"@type":"ReadAction","target":["https:\/\/www.manquecura.cl\/valle-lo-campino\/noticias\/estudiantes-de-manquecura-valle-lo-campino-participaron-en-desafio-cientifico-internacional-en-barcelona\/"]}]},{"@type":"ImageObject","inLanguage":"es","@id":"https:\/\/www.manquecura.cl\/valle-lo-campino\/noticias\/estudiantes-de-manquecura-valle-lo-campino-participaron-en-desafio-cientifico-internacional-en-barcelona\/#primaryimage","url":"https:\/\/www.manquecura.cl\/valle-lo-campino\/wp-content\/uploads\/sites\/40\/2023\/08\/WEB_VLC-3.png","contentUrl":"https:\/\/www.manquecura.cl\/valle-lo-campino\/wp-content\/uploads\/sites\/40\/2023\/08\/WEB_VLC-3.png","width":836,"height":523},{"@type":"BreadcrumbList","@id":"https:\/\/www.manquecura.cl\/valle-lo-campino\/noticias\/estudiantes-de-manquecura-valle-lo-campino-participaron-en-desafio-cientifico-internacional-en-barcelona\/#breadcrumb","itemListElement":[{"@type":"ListItem","position":1,"name":"Home","item":"https:\/\/www.manquecura.cl\/valle-lo-campino\/"},{"@type":"ListItem","position":2,"name":"Estudiantes de Manquecura Valle Lo Campino participaron en Desaf\u00edo Cient\u00edfico Internacional en Barcelona"}]},{"@type":"WebSite","@id":"https:\/\/www.manquecura.cl\/valle-lo-campino\/#website","url":"https:\/\/www.manquecura.cl\/valle-lo-campino\/","name":"Colegio Manquecura Valle Lo Campino","description":"Parte de los Colegios Cognita","publisher":{"@id":"https:\/\/www.manquecura.cl\/valle-lo-campino\/#organization"},"potentialAction":[{"@type":"SearchAction","target":{"@type":"EntryPoint","urlTemplate":"https:\/\/www.manquecura.cl\/valle-lo-campino\/?s={search_term_string}"},"query-input":{"@type":"PropertyValueSpecification","valueRequired":true,"valueName":"search_term_string"}}],"inLanguage":"es"},{"@type":"Organization","@id":"https:\/\/www.manquecura.cl\/valle-lo-campino\/#organization","name":"Colegio Manquecura Valle Lo Campino","url":"https:\/\/www.manquecura.cl\/valle-lo-campino\/","logo":{"@type":"ImageObject","inLanguage":"es","@id":"https:\/\/www.manquecura.cl\/valle-lo-campino\/#\/schema\/logo\/image\/","url":"https:\/\/www.manquecura.cl\/valle-lo-campino\/wp-content\/uploads\/sites\/40\/2025\/02\/logo_Manquecura_Valle-Lo-Campino_horizontal_color.webp","contentUrl":"https:\/\/www.manquecura.cl\/valle-lo-campino\/wp-content\/uploads\/sites\/40\/2025\/02\/logo_Manquecura_Valle-Lo-Campino_horizontal_color.webp","width":400,"height":119,"caption":"Colegio Manquecura Valle Lo Campino"},"image":{"@id":"https:\/\/www.manquecura.cl\/valle-lo-campino\/#\/schema\/logo\/image\/"},"sameAs":["http:\/\/www.facebook.com\/ColegiosManquecura","http:\/\/www.instagram.com\/manquecura_vallelocampino\/","http:\/\/www.youtube.com\/c\/CognitaChile"]},{"@type":"Person","@id":"https:\/\/www.manquecura.cl\/valle-lo-campino\/#\/schema\/person\/0debeea140e397b5d490ee7e553255d8","name":"jorgedelcampo","image":{"@type":"ImageObject","inLanguage":"es","@id":"https:\/\/www.manquecura.cl\/valle-lo-campino\/#\/schema\/person\/image\/","url":"https:\/\/secure.gravatar.com\/avatar\/4a315f521213b2dc91dbda9bf799f711c8a98ab6f5606ec42cf5b33d1e762e8a?s=96&d=mm&r=g","contentUrl":"https:\/\/secure.gravatar.com\/avatar\/4a315f521213b2dc91dbda9bf799f711c8a98ab6f5606ec42cf5b33d1e762e8a?s=96&d=mm&r=g","caption":"jorgedelcampo"}}]}},"jetpack_featured_media_url":"https:\/\/www.manquecura.cl\/valle-lo-campino\/wp-content\/uploads\/sites\/40\/2023\/08\/WEB_VLC-3.png","previous_post_ID":15463,"previous_post_title":"#SEGUIMOSMEJORANDO: Video Bienvenida y resumen mejoras del colegio","previous_post_excerpt":"Nuestro Equipo Directivo les da la m\u00e1s cordial bienvenida a este II Semestre del a\u00f1o escolar 2023. Este a\u00f1o hemos tenido importantes mejoras tanto a nivel acad\u00e9mico, de infraestructura, EdTech, lo que nos tiene muy emocionados y motivados para afrontar lo que queda de este 2023. Les deseamos que este II\u00b0 semestre escolar sea el [&hellip;]","previous_post_link":"https:\/\/www.manquecura.cl\/valle-lo-campino\/noticias\/seguimosmejorando-video-bienvenida-y-resumen-mejoras-del-colegio\/","previous_post_class":["post-15463","post","type-post","status-publish","format-standard","has-post-thumbnail","hentry","category-vida-escolar"],"next_post_ID":15487,"next_post_title":"Brigada Road Safety Segundo Semestre","next_post_excerpt":"En el marco de nuestro Programa Sello Road Safety, nuestra Brigada de Educaci\u00f3n Vial, junto a nuestra Encargada de Seguridad del Alumno, inici\u00f3 el Segundo Semestre con una actividad diaria, dirigiendo el transito en los pasos peatonales aleda\u00f1os al colegio. Tanto peatones como conductores agradecieron el orden y apoyo en sus actividades cotidianas, ya que [&hellip;]","next_post_link":"https:\/\/www.manquecura.cl\/valle-lo-campino\/noticias\/brigada-road-safety-segundo-semestre\/","next_post_class":["post-15487","post","type-post","status-publish","format-standard","has-post-thumbnail","hentry","category-vida-escolar"],"jetpack_sharing_enabled":true,"_links":{"self":[{"href":"https:\/\/www.manquecura.cl\/valle-lo-campino\/wp-json\/wp\/v2\/posts\/15465","targetHints":{"allow":["GET"]}}],"collection":[{"href":"https:\/\/www.manquecura.cl\/valle-lo-campino\/wp-json\/wp\/v2\/posts"}],"about":[{"href":"https:\/\/www.manquecura.cl\/valle-lo-campino\/wp-json\/wp\/v2\/types\/post"}],"author":[{"embeddable":true,"href":"https:\/\/www.manquecura.cl\/valle-lo-campino\/wp-json\/wp\/v2\/users\/14"}],"replies":[{"embeddable":true,"href":"https:\/\/www.manquecura.cl\/valle-lo-campino\/wp-json\/wp\/v2\/comments?post=15465"}],"version-history":[{"count":0,"href":"https:\/\/www.manquecura.cl\/valle-lo-campino\/wp-json\/wp\/v2\/posts\/15465\/revisions"}],"wp:featuredmedia":[{"embeddable":true,"href":"https:\/\/www.manquecura.cl\/valle-lo-campino\/wp-json\/wp\/v2\/media\/15468"}],"wp:attachment":[{"href":"https:\/\/www.manquecura.cl\/valle-lo-campino\/wp-json\/wp\/v2\/media?parent=15465"}],"wp:term":[{"taxonomy":"category","embeddable":true,"href":"https:\/\/www.manquecura.cl\/valle-lo-campino\/wp-json\/wp\/v2\/categories?post=15465"},{"taxonomy":"post_tag","embeddable":true,"href":"https:\/\/www.manquecura.cl\/valle-lo-campino\/wp-json\/wp\/v2\/tags?post=15465"}],"curies":[{"name":"wp","href":"https:\/\/api.w.org\/{rel}","templated":true}]}}