{"id":15409,"date":"2023-07-25T12:44:37","date_gmt":"2023-07-25T16:44:37","guid":{"rendered":"https:\/\/www.manquecura.cl\/\/valle-lo-campino\/?p=15409"},"modified":"2023-07-25T12:44:37","modified_gmt":"2023-07-25T16:44:37","slug":"participacion-poetry-contest-en-pumahue-huechuraba","status":"publish","type":"post","link":"https:\/\/www.manquecura.cl\/valle-lo-campino\/noticias\/participacion-poetry-contest-en-pumahue-huechuraba\/","title":{"rendered":"Participaci\u00f3n Poetry Contest en Pumahue Huechuraba"},"content":{"rendered":"<p>\u2728ENGLISH WEEK\u2728<br \/>\nNuestros\/as estudiantes participaron en Poetry Contest en la semana del ingl\u00e9s con la invitaci\u00f3n del Colegio Pumahue Huechuraba, y la presencia de otros colegios de nuestra red de colegios y de jurado se encontraba Sof\u00eda Lyons, Directora de Ense\u00f1anza y Aprendizaje Biling\u00fce de Cognita Chile.<\/p>\n<p>4\u00b0 B\u00e1sico Emilia Acu\u00f1a; Maximiliano V\u00e1squez<br \/>\n6\u00b0 Sof\u00eda Palacios, Paula Sandoval<br \/>\n8\u00b0 C\u00e9dric Classen, Isidora Gallardo<\/p>\n<p>Estamos muy felices de contarles que 3 de nuestros estudiantes, ganaron en este concurso obteniendo medallas y diplomas por su trabajo y esfuerzo para su presentaci\u00f3n.<\/p>\n<p>[multimedia id=&#8221;1&#8243;]<\/p>\n"},"excerpt":{"rendered":"<p>\u2728ENGLISH WEEK\u2728 Nuestros\/as estudiantes participaron en Poetry Contest en la semana del ingl\u00e9s con la invitaci\u00f3n del Colegio Pumahue Huechuraba, y la presencia de otros colegios de nuestra red de colegios y de jurado se encontraba Sof\u00eda Lyons, Directora de Ense\u00f1anza y Aprendizaje Biling\u00fce de Cognita Chile. 4\u00b0 B\u00e1sico Emilia Acu\u00f1a; Maximiliano V\u00e1squez 6\u00b0 Sof\u00eda [&hellip;]<\/p>\n","protected":false},"author":14,"featured_media":15410,"comment_status":"open","ping_status":"open","sticky":false,"template":"","format":"standard","meta":{"_acf_changed":false,"content-type":"","_jetpack_memberships_contains_paid_content":false,"footnotes":""},"categories":[1],"tags":[],"class_list":["post-15409","post","type-post","status-publish","format-standard","has-post-thumbnail","hentry","category-vida-escolar"],"acf":[],"yoast_head":"<!-- This site is optimized with the Yoast SEO plugin v27.1.1 - https:\/\/yoast.com\/product\/yoast-seo-wordpress\/ -->\n<title>Participaci\u00f3n Poetry Contest en Pumahue Huechuraba - Colegio Manquecura Valle Lo Campino<\/title>\n<meta name=\"robots\" content=\"index, follow, max-snippet:-1, max-image-preview:large, max-video-preview:-1\" \/>\n<link rel=\"canonical\" href=\"https:\/\/www.manquecura.cl\/valle-lo-campino\/noticias\/participacion-poetry-contest-en-pumahue-huechuraba\/\" \/>\n<meta property=\"og:locale\" content=\"es_ES\" \/>\n<meta property=\"og:type\" content=\"article\" \/>\n<meta property=\"og:title\" content=\"Participaci\u00f3n Poetry Contest en Pumahue Huechuraba - Colegio Manquecura Valle Lo Campino\" \/>\n<meta property=\"og:description\" content=\"\u2728ENGLISH WEEK\u2728 Nuestros\/as estudiantes participaron en Poetry Contest en la semana del ingl\u00e9s con la invitaci\u00f3n del Colegio Pumahue Huechuraba, y la presencia de otros colegios de nuestra red de colegios y de jurado se encontraba Sof\u00eda Lyons, Directora de Ense\u00f1anza y Aprendizaje Biling\u00fce de Cognita Chile. 4\u00b0 B\u00e1sico Emilia Acu\u00f1a; Maximiliano V\u00e1squez 6\u00b0 Sof\u00eda [&hellip;]\" \/>\n<meta property=\"og:url\" content=\"https:\/\/www.manquecura.cl\/valle-lo-campino\/noticias\/participacion-poetry-contest-en-pumahue-huechuraba\/\" \/>\n<meta property=\"og:site_name\" content=\"Colegio Manquecura Valle Lo Campino\" \/>\n<meta property=\"article:publisher\" content=\"http:\/\/www.facebook.com\/ColegiosManquecura\" \/>\n<meta property=\"article:published_time\" content=\"2023-07-25T16:44:37+00:00\" \/>\n<meta name=\"author\" content=\"jorgedelcampo\" \/>\n<meta name=\"twitter:card\" content=\"summary_large_image\" \/>\n<meta name=\"twitter:label1\" content=\"Escrito por\" \/>\n\t<meta name=\"twitter:data1\" content=\"jorgedelcampo\" \/>\n<script type=\"application\/ld+json\" class=\"yoast-schema-graph\">{\"@context\":\"https:\/\/schema.org\",\"@graph\":[{\"@type\":\"Article\",\"@id\":\"https:\/\/www.manquecura.cl\/valle-lo-campino\/noticias\/participacion-poetry-contest-en-pumahue-huechuraba\/#article\",\"isPartOf\":{\"@id\":\"https:\/\/www.manquecura.cl\/valle-lo-campino\/noticias\/participacion-poetry-contest-en-pumahue-huechuraba\/\"},\"author\":{\"name\":\"jorgedelcampo\",\"@id\":\"https:\/\/www.manquecura.cl\/valle-lo-campino\/#\/schema\/person\/0debeea140e397b5d490ee7e553255d8\"},\"headline\":\"Participaci\u00f3n Poetry Contest en Pumahue Huechuraba\",\"datePublished\":\"2023-07-25T16:44:37+00:00\",\"mainEntityOfPage\":{\"@id\":\"https:\/\/www.manquecura.cl\/valle-lo-campino\/noticias\/participacion-poetry-contest-en-pumahue-huechuraba\/\"},\"wordCount\":106,\"commentCount\":0,\"publisher\":{\"@id\":\"https:\/\/www.manquecura.cl\/valle-lo-campino\/#organization\"},\"image\":{\"@id\":\"https:\/\/www.manquecura.cl\/valle-lo-campino\/noticias\/participacion-poetry-contest-en-pumahue-huechuraba\/#primaryimage\"},\"thumbnailUrl\":\"https:\/\/www.manquecura.cl\/valle-lo-campino\/wp-content\/uploads\/sites\/40\/2023\/07\/POETRY-CONTEST-8.png\",\"articleSection\":[\"Vida Escolar\"],\"inLanguage\":\"es\",\"potentialAction\":[{\"@type\":\"CommentAction\",\"name\":\"Comment\",\"target\":[\"https:\/\/www.manquecura.cl\/valle-lo-campino\/noticias\/participacion-poetry-contest-en-pumahue-huechuraba\/#respond\"]}]},{\"@type\":\"WebPage\",\"@id\":\"https:\/\/www.manquecura.cl\/valle-lo-campino\/noticias\/participacion-poetry-contest-en-pumahue-huechuraba\/\",\"url\":\"https:\/\/www.manquecura.cl\/valle-lo-campino\/noticias\/participacion-poetry-contest-en-pumahue-huechuraba\/\",\"name\":\"Participaci\u00f3n Poetry Contest en Pumahue Huechuraba - Colegio Manquecura Valle Lo Campino\",\"isPartOf\":{\"@id\":\"https:\/\/www.manquecura.cl\/valle-lo-campino\/#website\"},\"primaryImageOfPage\":{\"@id\":\"https:\/\/www.manquecura.cl\/valle-lo-campino\/noticias\/participacion-poetry-contest-en-pumahue-huechuraba\/#primaryimage\"},\"image\":{\"@id\":\"https:\/\/www.manquecura.cl\/valle-lo-campino\/noticias\/participacion-poetry-contest-en-pumahue-huechuraba\/#primaryimage\"},\"thumbnailUrl\":\"https:\/\/www.manquecura.cl\/valle-lo-campino\/wp-content\/uploads\/sites\/40\/2023\/07\/POETRY-CONTEST-8.png\",\"datePublished\":\"2023-07-25T16:44:37+00:00\",\"breadcrumb\":{\"@id\":\"https:\/\/www.manquecura.cl\/valle-lo-campino\/noticias\/participacion-poetry-contest-en-pumahue-huechuraba\/#breadcrumb\"},\"inLanguage\":\"es\",\"potentialAction\":[{\"@type\":\"ReadAction\",\"target\":[\"https:\/\/www.manquecura.cl\/valle-lo-campino\/noticias\/participacion-poetry-contest-en-pumahue-huechuraba\/\"]}]},{\"@type\":\"ImageObject\",\"inLanguage\":\"es\",\"@id\":\"https:\/\/www.manquecura.cl\/valle-lo-campino\/noticias\/participacion-poetry-contest-en-pumahue-huechuraba\/#primaryimage\",\"url\":\"https:\/\/www.manquecura.cl\/valle-lo-campino\/wp-content\/uploads\/sites\/40\/2023\/07\/POETRY-CONTEST-8.png\",\"contentUrl\":\"https:\/\/www.manquecura.cl\/valle-lo-campino\/wp-content\/uploads\/sites\/40\/2023\/07\/POETRY-CONTEST-8.png\",\"width\":836,\"height\":523},{\"@type\":\"BreadcrumbList\",\"@id\":\"https:\/\/www.manquecura.cl\/valle-lo-campino\/noticias\/participacion-poetry-contest-en-pumahue-huechuraba\/#breadcrumb\",\"itemListElement\":[{\"@type\":\"ListItem\",\"position\":1,\"name\":\"Home\",\"item\":\"https:\/\/www.manquecura.cl\/valle-lo-campino\/\"},{\"@type\":\"ListItem\",\"position\":2,\"name\":\"Participaci\u00f3n Poetry Contest en Pumahue Huechuraba\"}]},{\"@type\":\"WebSite\",\"@id\":\"https:\/\/www.manquecura.cl\/valle-lo-campino\/#website\",\"url\":\"https:\/\/www.manquecura.cl\/valle-lo-campino\/\",\"name\":\"Colegio Manquecura Valle Lo Campino\",\"description\":\"Parte de los Colegios Cognita\",\"publisher\":{\"@id\":\"https:\/\/www.manquecura.cl\/valle-lo-campino\/#organization\"},\"potentialAction\":[{\"@type\":\"SearchAction\",\"target\":{\"@type\":\"EntryPoint\",\"urlTemplate\":\"https:\/\/www.manquecura.cl\/valle-lo-campino\/?s={search_term_string}\"},\"query-input\":{\"@type\":\"PropertyValueSpecification\",\"valueRequired\":true,\"valueName\":\"search_term_string\"}}],\"inLanguage\":\"es\"},{\"@type\":\"Organization\",\"@id\":\"https:\/\/www.manquecura.cl\/valle-lo-campino\/#organization\",\"name\":\"Colegio Manquecura Valle Lo Campino\",\"url\":\"https:\/\/www.manquecura.cl\/valle-lo-campino\/\",\"logo\":{\"@type\":\"ImageObject\",\"inLanguage\":\"es\",\"@id\":\"https:\/\/www.manquecura.cl\/valle-lo-campino\/#\/schema\/logo\/image\/\",\"url\":\"https:\/\/www.manquecura.cl\/valle-lo-campino\/wp-content\/uploads\/sites\/40\/2025\/02\/logo_Manquecura_Valle-Lo-Campino_horizontal_color.webp\",\"contentUrl\":\"https:\/\/www.manquecura.cl\/valle-lo-campino\/wp-content\/uploads\/sites\/40\/2025\/02\/logo_Manquecura_Valle-Lo-Campino_horizontal_color.webp\",\"width\":400,\"height\":119,\"caption\":\"Colegio Manquecura Valle Lo Campino\"},\"image\":{\"@id\":\"https:\/\/www.manquecura.cl\/valle-lo-campino\/#\/schema\/logo\/image\/\"},\"sameAs\":[\"http:\/\/www.facebook.com\/ColegiosManquecura\",\"http:\/\/www.instagram.com\/manquecura_vallelocampino\/\",\"http:\/\/www.youtube.com\/c\/CognitaChile\"]},{\"@type\":\"Person\",\"@id\":\"https:\/\/www.manquecura.cl\/valle-lo-campino\/#\/schema\/person\/0debeea140e397b5d490ee7e553255d8\",\"name\":\"jorgedelcampo\",\"image\":{\"@type\":\"ImageObject\",\"inLanguage\":\"es\",\"@id\":\"https:\/\/www.manquecura.cl\/valle-lo-campino\/#\/schema\/person\/image\/\",\"url\":\"https:\/\/secure.gravatar.com\/avatar\/4a315f521213b2dc91dbda9bf799f711c8a98ab6f5606ec42cf5b33d1e762e8a?s=96&d=mm&r=g\",\"contentUrl\":\"https:\/\/secure.gravatar.com\/avatar\/4a315f521213b2dc91dbda9bf799f711c8a98ab6f5606ec42cf5b33d1e762e8a?s=96&d=mm&r=g\",\"caption\":\"jorgedelcampo\"}}]}<\/script>\n<!-- \/ Yoast SEO plugin. -->","yoast_head_json":{"title":"Participaci\u00f3n Poetry Contest en Pumahue Huechuraba - Colegio Manquecura Valle Lo Campino","robots":{"index":"index","follow":"follow","max-snippet":"max-snippet:-1","max-image-preview":"max-image-preview:large","max-video-preview":"max-video-preview:-1"},"canonical":"https:\/\/www.manquecura.cl\/valle-lo-campino\/noticias\/participacion-poetry-contest-en-pumahue-huechuraba\/","og_locale":"es_ES","og_type":"article","og_title":"Participaci\u00f3n Poetry Contest en Pumahue Huechuraba - Colegio Manquecura Valle Lo Campino","og_description":"\u2728ENGLISH WEEK\u2728 Nuestros\/as estudiantes participaron en Poetry Contest en la semana del ingl\u00e9s con la invitaci\u00f3n del Colegio Pumahue Huechuraba, y la presencia de otros colegios de nuestra red de colegios y de jurado se encontraba Sof\u00eda Lyons, Directora de Ense\u00f1anza y Aprendizaje Biling\u00fce de Cognita Chile. 4\u00b0 B\u00e1sico Emilia Acu\u00f1a; Maximiliano V\u00e1squez 6\u00b0 Sof\u00eda [&hellip;]","og_url":"https:\/\/www.manquecura.cl\/valle-lo-campino\/noticias\/participacion-poetry-contest-en-pumahue-huechuraba\/","og_site_name":"Colegio Manquecura Valle Lo Campino","article_publisher":"http:\/\/www.facebook.com\/ColegiosManquecura","article_published_time":"2023-07-25T16:44:37+00:00","author":"jorgedelcampo","twitter_card":"summary_large_image","twitter_misc":{"Escrito por":"jorgedelcampo"},"schema":{"@context":"https:\/\/schema.org","@graph":[{"@type":"Article","@id":"https:\/\/www.manquecura.cl\/valle-lo-campino\/noticias\/participacion-poetry-contest-en-pumahue-huechuraba\/#article","isPartOf":{"@id":"https:\/\/www.manquecura.cl\/valle-lo-campino\/noticias\/participacion-poetry-contest-en-pumahue-huechuraba\/"},"author":{"name":"jorgedelcampo","@id":"https:\/\/www.manquecura.cl\/valle-lo-campino\/#\/schema\/person\/0debeea140e397b5d490ee7e553255d8"},"headline":"Participaci\u00f3n Poetry Contest en Pumahue Huechuraba","datePublished":"2023-07-25T16:44:37+00:00","mainEntityOfPage":{"@id":"https:\/\/www.manquecura.cl\/valle-lo-campino\/noticias\/participacion-poetry-contest-en-pumahue-huechuraba\/"},"wordCount":106,"commentCount":0,"publisher":{"@id":"https:\/\/www.manquecura.cl\/valle-lo-campino\/#organization"},"image":{"@id":"https:\/\/www.manquecura.cl\/valle-lo-campino\/noticias\/participacion-poetry-contest-en-pumahue-huechuraba\/#primaryimage"},"thumbnailUrl":"https:\/\/www.manquecura.cl\/valle-lo-campino\/wp-content\/uploads\/sites\/40\/2023\/07\/POETRY-CONTEST-8.png","articleSection":["Vida Escolar"],"inLanguage":"es","potentialAction":[{"@type":"CommentAction","name":"Comment","target":["https:\/\/www.manquecura.cl\/valle-lo-campino\/noticias\/participacion-poetry-contest-en-pumahue-huechuraba\/#respond"]}]},{"@type":"WebPage","@id":"https:\/\/www.manquecura.cl\/valle-lo-campino\/noticias\/participacion-poetry-contest-en-pumahue-huechuraba\/","url":"https:\/\/www.manquecura.cl\/valle-lo-campino\/noticias\/participacion-poetry-contest-en-pumahue-huechuraba\/","name":"Participaci\u00f3n Poetry Contest en Pumahue Huechuraba - Colegio Manquecura Valle Lo Campino","isPartOf":{"@id":"https:\/\/www.manquecura.cl\/valle-lo-campino\/#website"},"primaryImageOfPage":{"@id":"https:\/\/www.manquecura.cl\/valle-lo-campino\/noticias\/participacion-poetry-contest-en-pumahue-huechuraba\/#primaryimage"},"image":{"@id":"https:\/\/www.manquecura.cl\/valle-lo-campino\/noticias\/participacion-poetry-contest-en-pumahue-huechuraba\/#primaryimage"},"thumbnailUrl":"https:\/\/www.manquecura.cl\/valle-lo-campino\/wp-content\/uploads\/sites\/40\/2023\/07\/POETRY-CONTEST-8.png","datePublished":"2023-07-25T16:44:37+00:00","breadcrumb":{"@id":"https:\/\/www.manquecura.cl\/valle-lo-campino\/noticias\/participacion-poetry-contest-en-pumahue-huechuraba\/#breadcrumb"},"inLanguage":"es","potentialAction":[{"@type":"ReadAction","target":["https:\/\/www.manquecura.cl\/valle-lo-campino\/noticias\/participacion-poetry-contest-en-pumahue-huechuraba\/"]}]},{"@type":"ImageObject","inLanguage":"es","@id":"https:\/\/www.manquecura.cl\/valle-lo-campino\/noticias\/participacion-poetry-contest-en-pumahue-huechuraba\/#primaryimage","url":"https:\/\/www.manquecura.cl\/valle-lo-campino\/wp-content\/uploads\/sites\/40\/2023\/07\/POETRY-CONTEST-8.png","contentUrl":"https:\/\/www.manquecura.cl\/valle-lo-campino\/wp-content\/uploads\/sites\/40\/2023\/07\/POETRY-CONTEST-8.png","width":836,"height":523},{"@type":"BreadcrumbList","@id":"https:\/\/www.manquecura.cl\/valle-lo-campino\/noticias\/participacion-poetry-contest-en-pumahue-huechuraba\/#breadcrumb","itemListElement":[{"@type":"ListItem","position":1,"name":"Home","item":"https:\/\/www.manquecura.cl\/valle-lo-campino\/"},{"@type":"ListItem","position":2,"name":"Participaci\u00f3n Poetry Contest en Pumahue Huechuraba"}]},{"@type":"WebSite","@id":"https:\/\/www.manquecura.cl\/valle-lo-campino\/#website","url":"https:\/\/www.manquecura.cl\/valle-lo-campino\/","name":"Colegio Manquecura Valle Lo Campino","description":"Parte de los Colegios Cognita","publisher":{"@id":"https:\/\/www.manquecura.cl\/valle-lo-campino\/#organization"},"potentialAction":[{"@type":"SearchAction","target":{"@type":"EntryPoint","urlTemplate":"https:\/\/www.manquecura.cl\/valle-lo-campino\/?s={search_term_string}"},"query-input":{"@type":"PropertyValueSpecification","valueRequired":true,"valueName":"search_term_string"}}],"inLanguage":"es"},{"@type":"Organization","@id":"https:\/\/www.manquecura.cl\/valle-lo-campino\/#organization","name":"Colegio Manquecura Valle Lo Campino","url":"https:\/\/www.manquecura.cl\/valle-lo-campino\/","logo":{"@type":"ImageObject","inLanguage":"es","@id":"https:\/\/www.manquecura.cl\/valle-lo-campino\/#\/schema\/logo\/image\/","url":"https:\/\/www.manquecura.cl\/valle-lo-campino\/wp-content\/uploads\/sites\/40\/2025\/02\/logo_Manquecura_Valle-Lo-Campino_horizontal_color.webp","contentUrl":"https:\/\/www.manquecura.cl\/valle-lo-campino\/wp-content\/uploads\/sites\/40\/2025\/02\/logo_Manquecura_Valle-Lo-Campino_horizontal_color.webp","width":400,"height":119,"caption":"Colegio Manquecura Valle Lo Campino"},"image":{"@id":"https:\/\/www.manquecura.cl\/valle-lo-campino\/#\/schema\/logo\/image\/"},"sameAs":["http:\/\/www.facebook.com\/ColegiosManquecura","http:\/\/www.instagram.com\/manquecura_vallelocampino\/","http:\/\/www.youtube.com\/c\/CognitaChile"]},{"@type":"Person","@id":"https:\/\/www.manquecura.cl\/valle-lo-campino\/#\/schema\/person\/0debeea140e397b5d490ee7e553255d8","name":"jorgedelcampo","image":{"@type":"ImageObject","inLanguage":"es","@id":"https:\/\/www.manquecura.cl\/valle-lo-campino\/#\/schema\/person\/image\/","url":"https:\/\/secure.gravatar.com\/avatar\/4a315f521213b2dc91dbda9bf799f711c8a98ab6f5606ec42cf5b33d1e762e8a?s=96&d=mm&r=g","contentUrl":"https:\/\/secure.gravatar.com\/avatar\/4a315f521213b2dc91dbda9bf799f711c8a98ab6f5606ec42cf5b33d1e762e8a?s=96&d=mm&r=g","caption":"jorgedelcampo"}}]}},"jetpack_featured_media_url":"https:\/\/www.manquecura.cl\/valle-lo-campino\/wp-content\/uploads\/sites\/40\/2023\/07\/POETRY-CONTEST-8.png","previous_post_ID":15379,"previous_post_title":"Nueva herramienta de aprendizaje Edugami: Ense\u00f1anza matem\u00e1tica inspiradora y efectiva","previous_post_excerpt":"Comprometidos en aportar al desarrollo de habilidades matem\u00e1ticas fundamentales en nuestros estudiantes, este 2023 implementamos la nueva tecnolog\u00eda innovadora para el aula:\u00a0Edugami, en la primera etapa, dirigida para los alumnos de IV Medio, y posteriormente, en una segunda etapa para I, II y III Medio. Edugami Recursos es una plataforma integral para potenciar la ense\u00f1anza [&hellip;]","previous_post_link":"https:\/\/www.manquecura.cl\/valle-lo-campino\/noticias\/nueva-herramienta-de-aprendizaje-edugami-ensenanza-matematica-inspiradora-y-efectiva\/","previous_post_class":["post-15379","post","type-post","status-publish","format-standard","has-post-thumbnail","hentry","category-vida-escolar"],"next_post_ID":15432,"next_post_title":"Entrega Campa\u00f1a de Invierno 2023","next_post_excerpt":"Con mucha alegr\u00eda queremos contarles que hemos realizado una vez m\u00e1s la importante Entrega Campa\u00f1a de Invierno 2023, en la que hemos recolectado 40 Kit para adultos mayores y casi 95 Kit para los ni\u00f1os\/as. Todo gracias a la generosidad de toda nuestra comunidad escolar. Gracias a la ayuda de las\/los apoderados fue entregado a [&hellip;]","next_post_link":"https:\/\/www.manquecura.cl\/valle-lo-campino\/noticias\/entrega-campana-de-invierno-2023\/","next_post_class":["post-15432","post","type-post","status-publish","format-standard","has-post-thumbnail","hentry","category-vida-escolar"],"jetpack_sharing_enabled":true,"_links":{"self":[{"href":"https:\/\/www.manquecura.cl\/valle-lo-campino\/wp-json\/wp\/v2\/posts\/15409","targetHints":{"allow":["GET"]}}],"collection":[{"href":"https:\/\/www.manquecura.cl\/valle-lo-campino\/wp-json\/wp\/v2\/posts"}],"about":[{"href":"https:\/\/www.manquecura.cl\/valle-lo-campino\/wp-json\/wp\/v2\/types\/post"}],"author":[{"embeddable":true,"href":"https:\/\/www.manquecura.cl\/valle-lo-campino\/wp-json\/wp\/v2\/users\/14"}],"replies":[{"embeddable":true,"href":"https:\/\/www.manquecura.cl\/valle-lo-campino\/wp-json\/wp\/v2\/comments?post=15409"}],"version-history":[{"count":0,"href":"https:\/\/www.manquecura.cl\/valle-lo-campino\/wp-json\/wp\/v2\/posts\/15409\/revisions"}],"wp:featuredmedia":[{"embeddable":true,"href":"https:\/\/www.manquecura.cl\/valle-lo-campino\/wp-json\/wp\/v2\/media\/15410"}],"wp:attachment":[{"href":"https:\/\/www.manquecura.cl\/valle-lo-campino\/wp-json\/wp\/v2\/media?parent=15409"}],"wp:term":[{"taxonomy":"category","embeddable":true,"href":"https:\/\/www.manquecura.cl\/valle-lo-campino\/wp-json\/wp\/v2\/categories?post=15409"},{"taxonomy":"post_tag","embeddable":true,"href":"https:\/\/www.manquecura.cl\/valle-lo-campino\/wp-json\/wp\/v2\/tags?post=15409"}],"curies":[{"name":"wp","href":"https:\/\/api.w.org\/{rel}","templated":true}]}}