{"id":15015,"date":"2023-05-23T15:17:52","date_gmt":"2023-05-23T19:17:52","guid":{"rendered":"https:\/\/www.manquecura.cl\/\/valle-lo-campino\/?p=15015"},"modified":"2023-05-23T15:17:52","modified_gmt":"2023-05-23T19:17:52","slug":"proyecto-campur-diversidad-cultural-3b","status":"publish","type":"post","link":"https:\/\/www.manquecura.cl\/valle-lo-campino\/noticias\/proyecto-campur-diversidad-cultural-3b\/","title":{"rendered":"Proyecto Campur &#8211; &#8220;Diversidad Cultural&#8221; 3\u00b0B"},"content":{"rendered":"<p>Campur de apoderados de 3\u00b0B, presentaron su proyecto llamado Diversidad Cultural, donde un apoderado de nacionalidad chilena explicar\u00eda diferentes temas; mestizaje en Latinoam\u00e9rica, por qu\u00e9 los extranjeros vienen a Chile, c\u00f3mo se distribuye la migraci\u00f3n en Chile, motivos de migraci\u00f3n Chilena a otros pa\u00edses, puntos en com\u00fan pese a nuestras nacionalidades, los valores a tener en cuenta en relaciones personales.<\/p>\n<p>Junto a ello, otros apoderados de distintos pa\u00edses presentaron una breve descripci\u00f3n de sus pa\u00edses de origen (Venezuela, Per\u00fa, Espa\u00f1a e Inglaterra), para que al finalizar esta actividad los estudiantes realizaran una trivia de 6 preguntas y as\u00ed fomentar la inclusi\u00f3n y el buen trato entre compa\u00f1eros. Adem\u00e1s de una peque\u00f1a muestra gastron\u00f3mica de otros pa\u00edses para compartir como curso.<\/p>\n<p>Felicitamos a los apoderados por esta significativa actividad, que sin duda dejo muchas ense\u00f1anza entre nuestros estudiantes.<\/p>\n<p>[multimedia id=&#8221;1&#8243;]<\/p>\n"},"excerpt":{"rendered":"<p>Campur de apoderados de 3\u00b0B, presentaron su proyecto llamado Diversidad Cultural, donde un apoderado de nacionalidad chilena explicar\u00eda diferentes temas; mestizaje en Latinoam\u00e9rica, por qu\u00e9 los extranjeros vienen a Chile, c\u00f3mo se distribuye la migraci\u00f3n en Chile, motivos de migraci\u00f3n Chilena a otros pa\u00edses, puntos en com\u00fan pese a nuestras nacionalidades, los valores a tener [&hellip;]<\/p>\n","protected":false},"author":14,"featured_media":15016,"comment_status":"open","ping_status":"open","sticky":false,"template":"","format":"standard","meta":{"_acf_changed":false,"content-type":"","_jetpack_memberships_contains_paid_content":false,"footnotes":""},"categories":[1],"tags":[],"class_list":["post-15015","post","type-post","status-publish","format-standard","has-post-thumbnail","hentry","category-vida-escolar"],"acf":[],"yoast_head":"<!-- This site is optimized with the Yoast SEO plugin v27.1.1 - https:\/\/yoast.com\/product\/yoast-seo-wordpress\/ -->\n<title>Proyecto Campur - &quot;Diversidad Cultural&quot; 3\u00b0B - Colegio Manquecura Valle Lo Campino<\/title>\n<meta name=\"robots\" content=\"index, follow, max-snippet:-1, max-image-preview:large, max-video-preview:-1\" \/>\n<link rel=\"canonical\" href=\"https:\/\/www.manquecura.cl\/valle-lo-campino\/noticias\/proyecto-campur-diversidad-cultural-3b\/\" \/>\n<meta property=\"og:locale\" content=\"es_ES\" \/>\n<meta property=\"og:type\" content=\"article\" \/>\n<meta property=\"og:title\" content=\"Proyecto Campur - &quot;Diversidad Cultural&quot; 3\u00b0B - Colegio Manquecura Valle Lo Campino\" \/>\n<meta property=\"og:description\" content=\"Campur de apoderados de 3\u00b0B, presentaron su proyecto llamado Diversidad Cultural, donde un apoderado de nacionalidad chilena explicar\u00eda diferentes temas; mestizaje en Latinoam\u00e9rica, por qu\u00e9 los extranjeros vienen a Chile, c\u00f3mo se distribuye la migraci\u00f3n en Chile, motivos de migraci\u00f3n Chilena a otros pa\u00edses, puntos en com\u00fan pese a nuestras nacionalidades, los valores a tener [&hellip;]\" \/>\n<meta property=\"og:url\" content=\"https:\/\/www.manquecura.cl\/valle-lo-campino\/noticias\/proyecto-campur-diversidad-cultural-3b\/\" \/>\n<meta property=\"og:site_name\" content=\"Colegio Manquecura Valle Lo Campino\" \/>\n<meta property=\"article:publisher\" content=\"http:\/\/www.facebook.com\/ColegiosManquecura\" \/>\n<meta property=\"article:published_time\" content=\"2023-05-23T19:17:52+00:00\" \/>\n<meta name=\"author\" content=\"jorgedelcampo\" \/>\n<meta name=\"twitter:card\" content=\"summary_large_image\" \/>\n<meta name=\"twitter:label1\" content=\"Escrito por\" \/>\n\t<meta name=\"twitter:data1\" content=\"jorgedelcampo\" \/>\n\t<meta name=\"twitter:label2\" content=\"Tiempo de lectura\" \/>\n\t<meta name=\"twitter:data2\" content=\"1 minuto\" \/>\n<script type=\"application\/ld+json\" class=\"yoast-schema-graph\">{\"@context\":\"https:\/\/schema.org\",\"@graph\":[{\"@type\":\"Article\",\"@id\":\"https:\/\/www.manquecura.cl\/valle-lo-campino\/noticias\/proyecto-campur-diversidad-cultural-3b\/#article\",\"isPartOf\":{\"@id\":\"https:\/\/www.manquecura.cl\/valle-lo-campino\/noticias\/proyecto-campur-diversidad-cultural-3b\/\"},\"author\":{\"name\":\"jorgedelcampo\",\"@id\":\"https:\/\/www.manquecura.cl\/valle-lo-campino\/#\/schema\/person\/0debeea140e397b5d490ee7e553255d8\"},\"headline\":\"Proyecto Campur &#8211; &#8220;Diversidad Cultural&#8221; 3\u00b0B\",\"datePublished\":\"2023-05-23T19:17:52+00:00\",\"mainEntityOfPage\":{\"@id\":\"https:\/\/www.manquecura.cl\/valle-lo-campino\/noticias\/proyecto-campur-diversidad-cultural-3b\/\"},\"wordCount\":162,\"commentCount\":0,\"publisher\":{\"@id\":\"https:\/\/www.manquecura.cl\/valle-lo-campino\/#organization\"},\"image\":{\"@id\":\"https:\/\/www.manquecura.cl\/valle-lo-campino\/noticias\/proyecto-campur-diversidad-cultural-3b\/#primaryimage\"},\"thumbnailUrl\":\"\",\"articleSection\":[\"Vida Escolar\"],\"inLanguage\":\"es\",\"potentialAction\":[{\"@type\":\"CommentAction\",\"name\":\"Comment\",\"target\":[\"https:\/\/www.manquecura.cl\/valle-lo-campino\/noticias\/proyecto-campur-diversidad-cultural-3b\/#respond\"]}]},{\"@type\":\"WebPage\",\"@id\":\"https:\/\/www.manquecura.cl\/valle-lo-campino\/noticias\/proyecto-campur-diversidad-cultural-3b\/\",\"url\":\"https:\/\/www.manquecura.cl\/valle-lo-campino\/noticias\/proyecto-campur-diversidad-cultural-3b\/\",\"name\":\"Proyecto Campur - \\\"Diversidad Cultural\\\" 3\u00b0B - Colegio Manquecura Valle Lo Campino\",\"isPartOf\":{\"@id\":\"https:\/\/www.manquecura.cl\/valle-lo-campino\/#website\"},\"primaryImageOfPage\":{\"@id\":\"https:\/\/www.manquecura.cl\/valle-lo-campino\/noticias\/proyecto-campur-diversidad-cultural-3b\/#primaryimage\"},\"image\":{\"@id\":\"https:\/\/www.manquecura.cl\/valle-lo-campino\/noticias\/proyecto-campur-diversidad-cultural-3b\/#primaryimage\"},\"thumbnailUrl\":\"\",\"datePublished\":\"2023-05-23T19:17:52+00:00\",\"breadcrumb\":{\"@id\":\"https:\/\/www.manquecura.cl\/valle-lo-campino\/noticias\/proyecto-campur-diversidad-cultural-3b\/#breadcrumb\"},\"inLanguage\":\"es\",\"potentialAction\":[{\"@type\":\"ReadAction\",\"target\":[\"https:\/\/www.manquecura.cl\/valle-lo-campino\/noticias\/proyecto-campur-diversidad-cultural-3b\/\"]}]},{\"@type\":\"ImageObject\",\"inLanguage\":\"es\",\"@id\":\"https:\/\/www.manquecura.cl\/valle-lo-campino\/noticias\/proyecto-campur-diversidad-cultural-3b\/#primaryimage\",\"url\":\"\",\"contentUrl\":\"\"},{\"@type\":\"BreadcrumbList\",\"@id\":\"https:\/\/www.manquecura.cl\/valle-lo-campino\/noticias\/proyecto-campur-diversidad-cultural-3b\/#breadcrumb\",\"itemListElement\":[{\"@type\":\"ListItem\",\"position\":1,\"name\":\"Home\",\"item\":\"https:\/\/www.manquecura.cl\/valle-lo-campino\/\"},{\"@type\":\"ListItem\",\"position\":2,\"name\":\"Proyecto Campur &#8211; &#8220;Diversidad Cultural&#8221; 3\u00b0B\"}]},{\"@type\":\"WebSite\",\"@id\":\"https:\/\/www.manquecura.cl\/valle-lo-campino\/#website\",\"url\":\"https:\/\/www.manquecura.cl\/valle-lo-campino\/\",\"name\":\"Colegio Manquecura Valle Lo Campino\",\"description\":\"Parte de los Colegios Cognita\",\"publisher\":{\"@id\":\"https:\/\/www.manquecura.cl\/valle-lo-campino\/#organization\"},\"potentialAction\":[{\"@type\":\"SearchAction\",\"target\":{\"@type\":\"EntryPoint\",\"urlTemplate\":\"https:\/\/www.manquecura.cl\/valle-lo-campino\/?s={search_term_string}\"},\"query-input\":{\"@type\":\"PropertyValueSpecification\",\"valueRequired\":true,\"valueName\":\"search_term_string\"}}],\"inLanguage\":\"es\"},{\"@type\":\"Organization\",\"@id\":\"https:\/\/www.manquecura.cl\/valle-lo-campino\/#organization\",\"name\":\"Colegio Manquecura Valle Lo Campino\",\"url\":\"https:\/\/www.manquecura.cl\/valle-lo-campino\/\",\"logo\":{\"@type\":\"ImageObject\",\"inLanguage\":\"es\",\"@id\":\"https:\/\/www.manquecura.cl\/valle-lo-campino\/#\/schema\/logo\/image\/\",\"url\":\"https:\/\/www.manquecura.cl\/valle-lo-campino\/wp-content\/uploads\/sites\/40\/2025\/02\/logo_Manquecura_Valle-Lo-Campino_horizontal_color.webp\",\"contentUrl\":\"https:\/\/www.manquecura.cl\/valle-lo-campino\/wp-content\/uploads\/sites\/40\/2025\/02\/logo_Manquecura_Valle-Lo-Campino_horizontal_color.webp\",\"width\":400,\"height\":119,\"caption\":\"Colegio Manquecura Valle Lo Campino\"},\"image\":{\"@id\":\"https:\/\/www.manquecura.cl\/valle-lo-campino\/#\/schema\/logo\/image\/\"},\"sameAs\":[\"http:\/\/www.facebook.com\/ColegiosManquecura\",\"http:\/\/www.instagram.com\/manquecura_vallelocampino\/\",\"http:\/\/www.youtube.com\/c\/CognitaChile\"]},{\"@type\":\"Person\",\"@id\":\"https:\/\/www.manquecura.cl\/valle-lo-campino\/#\/schema\/person\/0debeea140e397b5d490ee7e553255d8\",\"name\":\"jorgedelcampo\",\"image\":{\"@type\":\"ImageObject\",\"inLanguage\":\"es\",\"@id\":\"https:\/\/www.manquecura.cl\/valle-lo-campino\/#\/schema\/person\/image\/\",\"url\":\"https:\/\/secure.gravatar.com\/avatar\/4a315f521213b2dc91dbda9bf799f711c8a98ab6f5606ec42cf5b33d1e762e8a?s=96&d=mm&r=g\",\"contentUrl\":\"https:\/\/secure.gravatar.com\/avatar\/4a315f521213b2dc91dbda9bf799f711c8a98ab6f5606ec42cf5b33d1e762e8a?s=96&d=mm&r=g\",\"caption\":\"jorgedelcampo\"}}]}<\/script>\n<!-- \/ Yoast SEO plugin. -->","yoast_head_json":{"title":"Proyecto Campur - \"Diversidad Cultural\" 3\u00b0B - Colegio Manquecura Valle Lo Campino","robots":{"index":"index","follow":"follow","max-snippet":"max-snippet:-1","max-image-preview":"max-image-preview:large","max-video-preview":"max-video-preview:-1"},"canonical":"https:\/\/www.manquecura.cl\/valle-lo-campino\/noticias\/proyecto-campur-diversidad-cultural-3b\/","og_locale":"es_ES","og_type":"article","og_title":"Proyecto Campur - \"Diversidad Cultural\" 3\u00b0B - Colegio Manquecura Valle Lo Campino","og_description":"Campur de apoderados de 3\u00b0B, presentaron su proyecto llamado Diversidad Cultural, donde un apoderado de nacionalidad chilena explicar\u00eda diferentes temas; mestizaje en Latinoam\u00e9rica, por qu\u00e9 los extranjeros vienen a Chile, c\u00f3mo se distribuye la migraci\u00f3n en Chile, motivos de migraci\u00f3n Chilena a otros pa\u00edses, puntos en com\u00fan pese a nuestras nacionalidades, los valores a tener [&hellip;]","og_url":"https:\/\/www.manquecura.cl\/valle-lo-campino\/noticias\/proyecto-campur-diversidad-cultural-3b\/","og_site_name":"Colegio Manquecura Valle Lo Campino","article_publisher":"http:\/\/www.facebook.com\/ColegiosManquecura","article_published_time":"2023-05-23T19:17:52+00:00","author":"jorgedelcampo","twitter_card":"summary_large_image","twitter_misc":{"Escrito por":"jorgedelcampo","Tiempo de lectura":"1 minuto"},"schema":{"@context":"https:\/\/schema.org","@graph":[{"@type":"Article","@id":"https:\/\/www.manquecura.cl\/valle-lo-campino\/noticias\/proyecto-campur-diversidad-cultural-3b\/#article","isPartOf":{"@id":"https:\/\/www.manquecura.cl\/valle-lo-campino\/noticias\/proyecto-campur-diversidad-cultural-3b\/"},"author":{"name":"jorgedelcampo","@id":"https:\/\/www.manquecura.cl\/valle-lo-campino\/#\/schema\/person\/0debeea140e397b5d490ee7e553255d8"},"headline":"Proyecto Campur &#8211; &#8220;Diversidad Cultural&#8221; 3\u00b0B","datePublished":"2023-05-23T19:17:52+00:00","mainEntityOfPage":{"@id":"https:\/\/www.manquecura.cl\/valle-lo-campino\/noticias\/proyecto-campur-diversidad-cultural-3b\/"},"wordCount":162,"commentCount":0,"publisher":{"@id":"https:\/\/www.manquecura.cl\/valle-lo-campino\/#organization"},"image":{"@id":"https:\/\/www.manquecura.cl\/valle-lo-campino\/noticias\/proyecto-campur-diversidad-cultural-3b\/#primaryimage"},"thumbnailUrl":"","articleSection":["Vida Escolar"],"inLanguage":"es","potentialAction":[{"@type":"CommentAction","name":"Comment","target":["https:\/\/www.manquecura.cl\/valle-lo-campino\/noticias\/proyecto-campur-diversidad-cultural-3b\/#respond"]}]},{"@type":"WebPage","@id":"https:\/\/www.manquecura.cl\/valle-lo-campino\/noticias\/proyecto-campur-diversidad-cultural-3b\/","url":"https:\/\/www.manquecura.cl\/valle-lo-campino\/noticias\/proyecto-campur-diversidad-cultural-3b\/","name":"Proyecto Campur - \"Diversidad Cultural\" 3\u00b0B - Colegio Manquecura Valle Lo Campino","isPartOf":{"@id":"https:\/\/www.manquecura.cl\/valle-lo-campino\/#website"},"primaryImageOfPage":{"@id":"https:\/\/www.manquecura.cl\/valle-lo-campino\/noticias\/proyecto-campur-diversidad-cultural-3b\/#primaryimage"},"image":{"@id":"https:\/\/www.manquecura.cl\/valle-lo-campino\/noticias\/proyecto-campur-diversidad-cultural-3b\/#primaryimage"},"thumbnailUrl":"","datePublished":"2023-05-23T19:17:52+00:00","breadcrumb":{"@id":"https:\/\/www.manquecura.cl\/valle-lo-campino\/noticias\/proyecto-campur-diversidad-cultural-3b\/#breadcrumb"},"inLanguage":"es","potentialAction":[{"@type":"ReadAction","target":["https:\/\/www.manquecura.cl\/valle-lo-campino\/noticias\/proyecto-campur-diversidad-cultural-3b\/"]}]},{"@type":"ImageObject","inLanguage":"es","@id":"https:\/\/www.manquecura.cl\/valle-lo-campino\/noticias\/proyecto-campur-diversidad-cultural-3b\/#primaryimage","url":"","contentUrl":""},{"@type":"BreadcrumbList","@id":"https:\/\/www.manquecura.cl\/valle-lo-campino\/noticias\/proyecto-campur-diversidad-cultural-3b\/#breadcrumb","itemListElement":[{"@type":"ListItem","position":1,"name":"Home","item":"https:\/\/www.manquecura.cl\/valle-lo-campino\/"},{"@type":"ListItem","position":2,"name":"Proyecto Campur &#8211; &#8220;Diversidad Cultural&#8221; 3\u00b0B"}]},{"@type":"WebSite","@id":"https:\/\/www.manquecura.cl\/valle-lo-campino\/#website","url":"https:\/\/www.manquecura.cl\/valle-lo-campino\/","name":"Colegio Manquecura Valle Lo Campino","description":"Parte de los Colegios Cognita","publisher":{"@id":"https:\/\/www.manquecura.cl\/valle-lo-campino\/#organization"},"potentialAction":[{"@type":"SearchAction","target":{"@type":"EntryPoint","urlTemplate":"https:\/\/www.manquecura.cl\/valle-lo-campino\/?s={search_term_string}"},"query-input":{"@type":"PropertyValueSpecification","valueRequired":true,"valueName":"search_term_string"}}],"inLanguage":"es"},{"@type":"Organization","@id":"https:\/\/www.manquecura.cl\/valle-lo-campino\/#organization","name":"Colegio Manquecura Valle Lo Campino","url":"https:\/\/www.manquecura.cl\/valle-lo-campino\/","logo":{"@type":"ImageObject","inLanguage":"es","@id":"https:\/\/www.manquecura.cl\/valle-lo-campino\/#\/schema\/logo\/image\/","url":"https:\/\/www.manquecura.cl\/valle-lo-campino\/wp-content\/uploads\/sites\/40\/2025\/02\/logo_Manquecura_Valle-Lo-Campino_horizontal_color.webp","contentUrl":"https:\/\/www.manquecura.cl\/valle-lo-campino\/wp-content\/uploads\/sites\/40\/2025\/02\/logo_Manquecura_Valle-Lo-Campino_horizontal_color.webp","width":400,"height":119,"caption":"Colegio Manquecura Valle Lo Campino"},"image":{"@id":"https:\/\/www.manquecura.cl\/valle-lo-campino\/#\/schema\/logo\/image\/"},"sameAs":["http:\/\/www.facebook.com\/ColegiosManquecura","http:\/\/www.instagram.com\/manquecura_vallelocampino\/","http:\/\/www.youtube.com\/c\/CognitaChile"]},{"@type":"Person","@id":"https:\/\/www.manquecura.cl\/valle-lo-campino\/#\/schema\/person\/0debeea140e397b5d490ee7e553255d8","name":"jorgedelcampo","image":{"@type":"ImageObject","inLanguage":"es","@id":"https:\/\/www.manquecura.cl\/valle-lo-campino\/#\/schema\/person\/image\/","url":"https:\/\/secure.gravatar.com\/avatar\/4a315f521213b2dc91dbda9bf799f711c8a98ab6f5606ec42cf5b33d1e762e8a?s=96&d=mm&r=g","contentUrl":"https:\/\/secure.gravatar.com\/avatar\/4a315f521213b2dc91dbda9bf799f711c8a98ab6f5606ec42cf5b33d1e762e8a?s=96&d=mm&r=g","caption":"jorgedelcampo"}}]}},"jetpack_featured_media_url":"","previous_post_ID":15003,"previous_post_title":"Mes de la Seguridad - Mimos Achs Educaci\u00f3n Pavularia","previous_post_excerpt":"Ne el marco del Mes de la Seguridad, la Asociaci\u00f3n Chilena de Seguridad, Achs, nos visit\u00f3 con un mimo para realizar diversos ejercicios con los estudiantes de Educaci\u00f3n Parvularia. Con el objetivo de ense\u00f1ar y prevenir el como sentarse en sus sillas, no subirse en ellas, la precauci\u00f3n al subir y bajar escaleras, adem\u00e1s de [&hellip;]","previous_post_link":"https:\/\/www.manquecura.cl\/valle-lo-campino\/noticias\/mes-de-la-seguridad-mimos-achs-educacion-pavularia\/","previous_post_class":["post-15003","post","type-post","status-publish","format-standard","has-post-thumbnail","hentry","category-vida-escolar"],"next_post_ID":15032,"next_post_title":"Proyecto Campur - AstroKids Educaci\u00f3n Parvularia","next_post_excerpt":"El pasado mi\u00e9rcoles 24 de mayo, Educaci\u00f3n Parvularia, recibi\u00f3 la visita del Planetario M\u00f3vil AstroKidz, un domo espacial dentro del cual se embarca en un impactante viaje educativo por el Sistema Solar y m\u00e1s all\u00e1. Este proyecto Campur, tuvo como objetivo observar un gran meteorito y conocer su historia. \u00a1Este meteorito es m\u00e1s viejo que [&hellip;]","next_post_link":"https:\/\/www.manquecura.cl\/valle-lo-campino\/noticias\/proyecto-campur-astrokids-educacion-parvularia\/","next_post_class":["post-15032","post","type-post","status-publish","format-standard","has-post-thumbnail","hentry","category-vida-escolar"],"jetpack_sharing_enabled":true,"_links":{"self":[{"href":"https:\/\/www.manquecura.cl\/valle-lo-campino\/wp-json\/wp\/v2\/posts\/15015","targetHints":{"allow":["GET"]}}],"collection":[{"href":"https:\/\/www.manquecura.cl\/valle-lo-campino\/wp-json\/wp\/v2\/posts"}],"about":[{"href":"https:\/\/www.manquecura.cl\/valle-lo-campino\/wp-json\/wp\/v2\/types\/post"}],"author":[{"embeddable":true,"href":"https:\/\/www.manquecura.cl\/valle-lo-campino\/wp-json\/wp\/v2\/users\/14"}],"replies":[{"embeddable":true,"href":"https:\/\/www.manquecura.cl\/valle-lo-campino\/wp-json\/wp\/v2\/comments?post=15015"}],"version-history":[{"count":0,"href":"https:\/\/www.manquecura.cl\/valle-lo-campino\/wp-json\/wp\/v2\/posts\/15015\/revisions"}],"wp:featuredmedia":[{"embeddable":true,"href":"https:\/\/www.manquecura.cl\/valle-lo-campino\/wp-json\/"}],"wp:attachment":[{"href":"https:\/\/www.manquecura.cl\/valle-lo-campino\/wp-json\/wp\/v2\/media?parent=15015"}],"wp:term":[{"taxonomy":"category","embeddable":true,"href":"https:\/\/www.manquecura.cl\/valle-lo-campino\/wp-json\/wp\/v2\/categories?post=15015"},{"taxonomy":"post_tag","embeddable":true,"href":"https:\/\/www.manquecura.cl\/valle-lo-campino\/wp-json\/wp\/v2\/tags?post=15015"}],"curies":[{"name":"wp","href":"https:\/\/api.w.org\/{rel}","templated":true}]}}