{"id":14985,"date":"2023-05-22T09:36:25","date_gmt":"2023-05-22T13:36:25","guid":{"rendered":"https:\/\/www.manquecura.cl\/\/valle-lo-campino\/?p=14985"},"modified":"2023-05-22T09:36:25","modified_gmt":"2023-05-22T13:36:25","slug":"proyecto-campur-jardin-y-kinder-a-dia-del-marinero","status":"publish","type":"post","link":"https:\/\/www.manquecura.cl\/valle-lo-campino\/noticias\/proyecto-campur-jardin-y-kinder-a-dia-del-marinero\/","title":{"rendered":"Proyecto Campur &#8211; &#8220;D\u00eda del Marinero&#8221; &#8211; Jard\u00edn y K\u00ednder A"},"content":{"rendered":"<p>Este lunes 22 de mayo, los ni\u00f1os y ni\u00f1as de Jard\u00edn y K\u00ednder A celebraron en forma significativa el 21 de mayo, dando alusi\u00f3n al rol del marinero. En Jard\u00edn presentaron una muestra de baile y recitaron una poes\u00eda frente a sus familiares.<\/p>\n<p>En el caso de K\u00ednder, realizaron afiches de Arturo Prat, conociendo su historia y rol en esta conmemoraci\u00f3n del D\u00eda de las Glorias Navales.<\/p>\n<p>Felicitamos a nuestras docentes por contar la historia de nuestro pa\u00eds con actividades din\u00e1micas y entretenidas para nuestros estudiantes.<\/p>\n<p><span style=\"vertical-align: inherit\"><span style=\"vertical-align: inherit\">[id multimedia=&#8221;1&#8243;]<\/span><\/span><\/p>\n"},"excerpt":{"rendered":"<p>Este lunes 22 de mayo, los ni\u00f1os y ni\u00f1as de Jard\u00edn y K\u00ednder A celebraron en forma significativa el 21 de mayo, dando alusi\u00f3n al rol del marinero. En Jard\u00edn presentaron una muestra de baile y recitaron una poes\u00eda frente a sus familiares. En el caso de K\u00ednder, realizaron afiches de Arturo Prat, conociendo su [&hellip;]<\/p>\n","protected":false},"author":14,"featured_media":14987,"comment_status":"open","ping_status":"open","sticky":false,"template":"","format":"standard","meta":{"_acf_changed":false,"content-type":"","_jetpack_memberships_contains_paid_content":false,"footnotes":""},"categories":[1],"tags":[],"class_list":["post-14985","post","type-post","status-publish","format-standard","has-post-thumbnail","hentry","category-vida-escolar"],"acf":[],"yoast_head":"<!-- This site is optimized with the Yoast SEO plugin v27.1.1 - https:\/\/yoast.com\/product\/yoast-seo-wordpress\/ -->\n<title>Proyecto Campur - &quot;D\u00eda del Marinero&quot; - Jard\u00edn y K\u00ednder A - Colegio Manquecura Valle Lo Campino<\/title>\n<meta name=\"robots\" content=\"index, follow, max-snippet:-1, max-image-preview:large, max-video-preview:-1\" \/>\n<link rel=\"canonical\" href=\"https:\/\/www.manquecura.cl\/valle-lo-campino\/noticias\/proyecto-campur-jardin-y-kinder-a-dia-del-marinero\/\" \/>\n<meta property=\"og:locale\" content=\"es_ES\" \/>\n<meta property=\"og:type\" content=\"article\" \/>\n<meta property=\"og:title\" content=\"Proyecto Campur - &quot;D\u00eda del Marinero&quot; - Jard\u00edn y K\u00ednder A - Colegio Manquecura Valle Lo Campino\" \/>\n<meta property=\"og:description\" content=\"Este lunes 22 de mayo, los ni\u00f1os y ni\u00f1as de Jard\u00edn y K\u00ednder A celebraron en forma significativa el 21 de mayo, dando alusi\u00f3n al rol del marinero. En Jard\u00edn presentaron una muestra de baile y recitaron una poes\u00eda frente a sus familiares. En el caso de K\u00ednder, realizaron afiches de Arturo Prat, conociendo su [&hellip;]\" \/>\n<meta property=\"og:url\" content=\"https:\/\/www.manquecura.cl\/valle-lo-campino\/noticias\/proyecto-campur-jardin-y-kinder-a-dia-del-marinero\/\" \/>\n<meta property=\"og:site_name\" content=\"Colegio Manquecura Valle Lo Campino\" \/>\n<meta property=\"article:publisher\" content=\"http:\/\/www.facebook.com\/ColegiosManquecura\" \/>\n<meta property=\"article:published_time\" content=\"2023-05-22T13:36:25+00:00\" \/>\n<meta name=\"author\" content=\"jorgedelcampo\" \/>\n<meta name=\"twitter:card\" content=\"summary_large_image\" \/>\n<meta name=\"twitter:label1\" content=\"Escrito por\" \/>\n\t<meta name=\"twitter:data1\" content=\"jorgedelcampo\" \/>\n<script type=\"application\/ld+json\" class=\"yoast-schema-graph\">{\"@context\":\"https:\/\/schema.org\",\"@graph\":[{\"@type\":\"Article\",\"@id\":\"https:\/\/www.manquecura.cl\/valle-lo-campino\/noticias\/proyecto-campur-jardin-y-kinder-a-dia-del-marinero\/#article\",\"isPartOf\":{\"@id\":\"https:\/\/www.manquecura.cl\/valle-lo-campino\/noticias\/proyecto-campur-jardin-y-kinder-a-dia-del-marinero\/\"},\"author\":{\"name\":\"jorgedelcampo\",\"@id\":\"https:\/\/www.manquecura.cl\/valle-lo-campino\/#\/schema\/person\/0debeea140e397b5d490ee7e553255d8\"},\"headline\":\"Proyecto Campur &#8211; &#8220;D\u00eda del Marinero&#8221; &#8211; Jard\u00edn y K\u00ednder A\",\"datePublished\":\"2023-05-22T13:36:25+00:00\",\"mainEntityOfPage\":{\"@id\":\"https:\/\/www.manquecura.cl\/valle-lo-campino\/noticias\/proyecto-campur-jardin-y-kinder-a-dia-del-marinero\/\"},\"wordCount\":112,\"commentCount\":0,\"publisher\":{\"@id\":\"https:\/\/www.manquecura.cl\/valle-lo-campino\/#organization\"},\"image\":{\"@id\":\"https:\/\/www.manquecura.cl\/valle-lo-campino\/noticias\/proyecto-campur-jardin-y-kinder-a-dia-del-marinero\/#primaryimage\"},\"thumbnailUrl\":\"https:\/\/www.manquecura.cl\/valle-lo-campino\/wp-content\/uploads\/sites\/40\/2023\/05\/DIA-DEL-MARINERO_2023-5.png\",\"articleSection\":[\"Vida Escolar\"],\"inLanguage\":\"es\",\"potentialAction\":[{\"@type\":\"CommentAction\",\"name\":\"Comment\",\"target\":[\"https:\/\/www.manquecura.cl\/valle-lo-campino\/noticias\/proyecto-campur-jardin-y-kinder-a-dia-del-marinero\/#respond\"]}]},{\"@type\":\"WebPage\",\"@id\":\"https:\/\/www.manquecura.cl\/valle-lo-campino\/noticias\/proyecto-campur-jardin-y-kinder-a-dia-del-marinero\/\",\"url\":\"https:\/\/www.manquecura.cl\/valle-lo-campino\/noticias\/proyecto-campur-jardin-y-kinder-a-dia-del-marinero\/\",\"name\":\"Proyecto Campur - \\\"D\u00eda del Marinero\\\" - Jard\u00edn y K\u00ednder A - Colegio Manquecura Valle Lo Campino\",\"isPartOf\":{\"@id\":\"https:\/\/www.manquecura.cl\/valle-lo-campino\/#website\"},\"primaryImageOfPage\":{\"@id\":\"https:\/\/www.manquecura.cl\/valle-lo-campino\/noticias\/proyecto-campur-jardin-y-kinder-a-dia-del-marinero\/#primaryimage\"},\"image\":{\"@id\":\"https:\/\/www.manquecura.cl\/valle-lo-campino\/noticias\/proyecto-campur-jardin-y-kinder-a-dia-del-marinero\/#primaryimage\"},\"thumbnailUrl\":\"https:\/\/www.manquecura.cl\/valle-lo-campino\/wp-content\/uploads\/sites\/40\/2023\/05\/DIA-DEL-MARINERO_2023-5.png\",\"datePublished\":\"2023-05-22T13:36:25+00:00\",\"breadcrumb\":{\"@id\":\"https:\/\/www.manquecura.cl\/valle-lo-campino\/noticias\/proyecto-campur-jardin-y-kinder-a-dia-del-marinero\/#breadcrumb\"},\"inLanguage\":\"es\",\"potentialAction\":[{\"@type\":\"ReadAction\",\"target\":[\"https:\/\/www.manquecura.cl\/valle-lo-campino\/noticias\/proyecto-campur-jardin-y-kinder-a-dia-del-marinero\/\"]}]},{\"@type\":\"ImageObject\",\"inLanguage\":\"es\",\"@id\":\"https:\/\/www.manquecura.cl\/valle-lo-campino\/noticias\/proyecto-campur-jardin-y-kinder-a-dia-del-marinero\/#primaryimage\",\"url\":\"https:\/\/www.manquecura.cl\/valle-lo-campino\/wp-content\/uploads\/sites\/40\/2023\/05\/DIA-DEL-MARINERO_2023-5.png\",\"contentUrl\":\"https:\/\/www.manquecura.cl\/valle-lo-campino\/wp-content\/uploads\/sites\/40\/2023\/05\/DIA-DEL-MARINERO_2023-5.png\",\"width\":836,\"height\":523},{\"@type\":\"BreadcrumbList\",\"@id\":\"https:\/\/www.manquecura.cl\/valle-lo-campino\/noticias\/proyecto-campur-jardin-y-kinder-a-dia-del-marinero\/#breadcrumb\",\"itemListElement\":[{\"@type\":\"ListItem\",\"position\":1,\"name\":\"Home\",\"item\":\"https:\/\/www.manquecura.cl\/valle-lo-campino\/\"},{\"@type\":\"ListItem\",\"position\":2,\"name\":\"Proyecto Campur &#8211; &#8220;D\u00eda del Marinero&#8221; &#8211; Jard\u00edn y K\u00ednder A\"}]},{\"@type\":\"WebSite\",\"@id\":\"https:\/\/www.manquecura.cl\/valle-lo-campino\/#website\",\"url\":\"https:\/\/www.manquecura.cl\/valle-lo-campino\/\",\"name\":\"Colegio Manquecura Valle Lo Campino\",\"description\":\"Parte de los Colegios Cognita\",\"publisher\":{\"@id\":\"https:\/\/www.manquecura.cl\/valle-lo-campino\/#organization\"},\"potentialAction\":[{\"@type\":\"SearchAction\",\"target\":{\"@type\":\"EntryPoint\",\"urlTemplate\":\"https:\/\/www.manquecura.cl\/valle-lo-campino\/?s={search_term_string}\"},\"query-input\":{\"@type\":\"PropertyValueSpecification\",\"valueRequired\":true,\"valueName\":\"search_term_string\"}}],\"inLanguage\":\"es\"},{\"@type\":\"Organization\",\"@id\":\"https:\/\/www.manquecura.cl\/valle-lo-campino\/#organization\",\"name\":\"Colegio Manquecura Valle Lo Campino\",\"url\":\"https:\/\/www.manquecura.cl\/valle-lo-campino\/\",\"logo\":{\"@type\":\"ImageObject\",\"inLanguage\":\"es\",\"@id\":\"https:\/\/www.manquecura.cl\/valle-lo-campino\/#\/schema\/logo\/image\/\",\"url\":\"https:\/\/www.manquecura.cl\/valle-lo-campino\/wp-content\/uploads\/sites\/40\/2025\/02\/logo_Manquecura_Valle-Lo-Campino_horizontal_color.webp\",\"contentUrl\":\"https:\/\/www.manquecura.cl\/valle-lo-campino\/wp-content\/uploads\/sites\/40\/2025\/02\/logo_Manquecura_Valle-Lo-Campino_horizontal_color.webp\",\"width\":400,\"height\":119,\"caption\":\"Colegio Manquecura Valle Lo Campino\"},\"image\":{\"@id\":\"https:\/\/www.manquecura.cl\/valle-lo-campino\/#\/schema\/logo\/image\/\"},\"sameAs\":[\"http:\/\/www.facebook.com\/ColegiosManquecura\",\"http:\/\/www.instagram.com\/manquecura_vallelocampino\/\",\"http:\/\/www.youtube.com\/c\/CognitaChile\"]},{\"@type\":\"Person\",\"@id\":\"https:\/\/www.manquecura.cl\/valle-lo-campino\/#\/schema\/person\/0debeea140e397b5d490ee7e553255d8\",\"name\":\"jorgedelcampo\",\"image\":{\"@type\":\"ImageObject\",\"inLanguage\":\"es\",\"@id\":\"https:\/\/www.manquecura.cl\/valle-lo-campino\/#\/schema\/person\/image\/\",\"url\":\"https:\/\/secure.gravatar.com\/avatar\/4a315f521213b2dc91dbda9bf799f711c8a98ab6f5606ec42cf5b33d1e762e8a?s=96&d=mm&r=g\",\"contentUrl\":\"https:\/\/secure.gravatar.com\/avatar\/4a315f521213b2dc91dbda9bf799f711c8a98ab6f5606ec42cf5b33d1e762e8a?s=96&d=mm&r=g\",\"caption\":\"jorgedelcampo\"}}]}<\/script>\n<!-- \/ Yoast SEO plugin. -->","yoast_head_json":{"title":"Proyecto Campur - \"D\u00eda del Marinero\" - Jard\u00edn y K\u00ednder A - Colegio Manquecura Valle Lo Campino","robots":{"index":"index","follow":"follow","max-snippet":"max-snippet:-1","max-image-preview":"max-image-preview:large","max-video-preview":"max-video-preview:-1"},"canonical":"https:\/\/www.manquecura.cl\/valle-lo-campino\/noticias\/proyecto-campur-jardin-y-kinder-a-dia-del-marinero\/","og_locale":"es_ES","og_type":"article","og_title":"Proyecto Campur - \"D\u00eda del Marinero\" - Jard\u00edn y K\u00ednder A - Colegio Manquecura Valle Lo Campino","og_description":"Este lunes 22 de mayo, los ni\u00f1os y ni\u00f1as de Jard\u00edn y K\u00ednder A celebraron en forma significativa el 21 de mayo, dando alusi\u00f3n al rol del marinero. En Jard\u00edn presentaron una muestra de baile y recitaron una poes\u00eda frente a sus familiares. En el caso de K\u00ednder, realizaron afiches de Arturo Prat, conociendo su [&hellip;]","og_url":"https:\/\/www.manquecura.cl\/valle-lo-campino\/noticias\/proyecto-campur-jardin-y-kinder-a-dia-del-marinero\/","og_site_name":"Colegio Manquecura Valle Lo Campino","article_publisher":"http:\/\/www.facebook.com\/ColegiosManquecura","article_published_time":"2023-05-22T13:36:25+00:00","author":"jorgedelcampo","twitter_card":"summary_large_image","twitter_misc":{"Escrito por":"jorgedelcampo"},"schema":{"@context":"https:\/\/schema.org","@graph":[{"@type":"Article","@id":"https:\/\/www.manquecura.cl\/valle-lo-campino\/noticias\/proyecto-campur-jardin-y-kinder-a-dia-del-marinero\/#article","isPartOf":{"@id":"https:\/\/www.manquecura.cl\/valle-lo-campino\/noticias\/proyecto-campur-jardin-y-kinder-a-dia-del-marinero\/"},"author":{"name":"jorgedelcampo","@id":"https:\/\/www.manquecura.cl\/valle-lo-campino\/#\/schema\/person\/0debeea140e397b5d490ee7e553255d8"},"headline":"Proyecto Campur &#8211; &#8220;D\u00eda del Marinero&#8221; &#8211; Jard\u00edn y K\u00ednder A","datePublished":"2023-05-22T13:36:25+00:00","mainEntityOfPage":{"@id":"https:\/\/www.manquecura.cl\/valle-lo-campino\/noticias\/proyecto-campur-jardin-y-kinder-a-dia-del-marinero\/"},"wordCount":112,"commentCount":0,"publisher":{"@id":"https:\/\/www.manquecura.cl\/valle-lo-campino\/#organization"},"image":{"@id":"https:\/\/www.manquecura.cl\/valle-lo-campino\/noticias\/proyecto-campur-jardin-y-kinder-a-dia-del-marinero\/#primaryimage"},"thumbnailUrl":"https:\/\/www.manquecura.cl\/valle-lo-campino\/wp-content\/uploads\/sites\/40\/2023\/05\/DIA-DEL-MARINERO_2023-5.png","articleSection":["Vida Escolar"],"inLanguage":"es","potentialAction":[{"@type":"CommentAction","name":"Comment","target":["https:\/\/www.manquecura.cl\/valle-lo-campino\/noticias\/proyecto-campur-jardin-y-kinder-a-dia-del-marinero\/#respond"]}]},{"@type":"WebPage","@id":"https:\/\/www.manquecura.cl\/valle-lo-campino\/noticias\/proyecto-campur-jardin-y-kinder-a-dia-del-marinero\/","url":"https:\/\/www.manquecura.cl\/valle-lo-campino\/noticias\/proyecto-campur-jardin-y-kinder-a-dia-del-marinero\/","name":"Proyecto Campur - \"D\u00eda del Marinero\" - Jard\u00edn y K\u00ednder A - Colegio Manquecura Valle Lo Campino","isPartOf":{"@id":"https:\/\/www.manquecura.cl\/valle-lo-campino\/#website"},"primaryImageOfPage":{"@id":"https:\/\/www.manquecura.cl\/valle-lo-campino\/noticias\/proyecto-campur-jardin-y-kinder-a-dia-del-marinero\/#primaryimage"},"image":{"@id":"https:\/\/www.manquecura.cl\/valle-lo-campino\/noticias\/proyecto-campur-jardin-y-kinder-a-dia-del-marinero\/#primaryimage"},"thumbnailUrl":"https:\/\/www.manquecura.cl\/valle-lo-campino\/wp-content\/uploads\/sites\/40\/2023\/05\/DIA-DEL-MARINERO_2023-5.png","datePublished":"2023-05-22T13:36:25+00:00","breadcrumb":{"@id":"https:\/\/www.manquecura.cl\/valle-lo-campino\/noticias\/proyecto-campur-jardin-y-kinder-a-dia-del-marinero\/#breadcrumb"},"inLanguage":"es","potentialAction":[{"@type":"ReadAction","target":["https:\/\/www.manquecura.cl\/valle-lo-campino\/noticias\/proyecto-campur-jardin-y-kinder-a-dia-del-marinero\/"]}]},{"@type":"ImageObject","inLanguage":"es","@id":"https:\/\/www.manquecura.cl\/valle-lo-campino\/noticias\/proyecto-campur-jardin-y-kinder-a-dia-del-marinero\/#primaryimage","url":"https:\/\/www.manquecura.cl\/valle-lo-campino\/wp-content\/uploads\/sites\/40\/2023\/05\/DIA-DEL-MARINERO_2023-5.png","contentUrl":"https:\/\/www.manquecura.cl\/valle-lo-campino\/wp-content\/uploads\/sites\/40\/2023\/05\/DIA-DEL-MARINERO_2023-5.png","width":836,"height":523},{"@type":"BreadcrumbList","@id":"https:\/\/www.manquecura.cl\/valle-lo-campino\/noticias\/proyecto-campur-jardin-y-kinder-a-dia-del-marinero\/#breadcrumb","itemListElement":[{"@type":"ListItem","position":1,"name":"Home","item":"https:\/\/www.manquecura.cl\/valle-lo-campino\/"},{"@type":"ListItem","position":2,"name":"Proyecto Campur &#8211; &#8220;D\u00eda del Marinero&#8221; &#8211; Jard\u00edn y K\u00ednder A"}]},{"@type":"WebSite","@id":"https:\/\/www.manquecura.cl\/valle-lo-campino\/#website","url":"https:\/\/www.manquecura.cl\/valle-lo-campino\/","name":"Colegio Manquecura Valle Lo Campino","description":"Parte de los Colegios Cognita","publisher":{"@id":"https:\/\/www.manquecura.cl\/valle-lo-campino\/#organization"},"potentialAction":[{"@type":"SearchAction","target":{"@type":"EntryPoint","urlTemplate":"https:\/\/www.manquecura.cl\/valle-lo-campino\/?s={search_term_string}"},"query-input":{"@type":"PropertyValueSpecification","valueRequired":true,"valueName":"search_term_string"}}],"inLanguage":"es"},{"@type":"Organization","@id":"https:\/\/www.manquecura.cl\/valle-lo-campino\/#organization","name":"Colegio Manquecura Valle Lo Campino","url":"https:\/\/www.manquecura.cl\/valle-lo-campino\/","logo":{"@type":"ImageObject","inLanguage":"es","@id":"https:\/\/www.manquecura.cl\/valle-lo-campino\/#\/schema\/logo\/image\/","url":"https:\/\/www.manquecura.cl\/valle-lo-campino\/wp-content\/uploads\/sites\/40\/2025\/02\/logo_Manquecura_Valle-Lo-Campino_horizontal_color.webp","contentUrl":"https:\/\/www.manquecura.cl\/valle-lo-campino\/wp-content\/uploads\/sites\/40\/2025\/02\/logo_Manquecura_Valle-Lo-Campino_horizontal_color.webp","width":400,"height":119,"caption":"Colegio Manquecura Valle Lo Campino"},"image":{"@id":"https:\/\/www.manquecura.cl\/valle-lo-campino\/#\/schema\/logo\/image\/"},"sameAs":["http:\/\/www.facebook.com\/ColegiosManquecura","http:\/\/www.instagram.com\/manquecura_vallelocampino\/","http:\/\/www.youtube.com\/c\/CognitaChile"]},{"@type":"Person","@id":"https:\/\/www.manquecura.cl\/valle-lo-campino\/#\/schema\/person\/0debeea140e397b5d490ee7e553255d8","name":"jorgedelcampo","image":{"@type":"ImageObject","inLanguage":"es","@id":"https:\/\/www.manquecura.cl\/valle-lo-campino\/#\/schema\/person\/image\/","url":"https:\/\/secure.gravatar.com\/avatar\/4a315f521213b2dc91dbda9bf799f711c8a98ab6f5606ec42cf5b33d1e762e8a?s=96&d=mm&r=g","contentUrl":"https:\/\/secure.gravatar.com\/avatar\/4a315f521213b2dc91dbda9bf799f711c8a98ab6f5606ec42cf5b33d1e762e8a?s=96&d=mm&r=g","caption":"jorgedelcampo"}}]}},"jetpack_featured_media_url":"https:\/\/www.manquecura.cl\/valle-lo-campino\/wp-content\/uploads\/sites\/40\/2023\/05\/DIA-DEL-MARINERO_2023-5.png","previous_post_ID":14978,"previous_post_title":"Proyecto Campur - 6\u00b0B \"Gestionando mis Emociones\"","previous_post_excerpt":"Apoderadas del 6\u00b0 B, presentaron un proyecto, que rata de un encuentro de los estudiantes con la expositora Cecilia Matus. Este encuentro pretende abordar la importancia de reconocer sus estados emocionales, validarlos y hacerse cargo de ellos, adem\u00e1s de compartir las herramientas para alcanzar un estado de bienestar y para relacionarnos con nuestro medio, junto [&hellip;]","previous_post_link":"https:\/\/www.manquecura.cl\/valle-lo-campino\/noticias\/proyecto-campur-6b-gestionando-mis-emociones\/","previous_post_class":["post-14978","post","type-post","status-publish","format-standard","has-post-thumbnail","hentry","category-vida-escolar"],"next_post_ID":15003,"next_post_title":"Mes de la Seguridad - Mimos Achs Educaci\u00f3n Pavularia","next_post_excerpt":"Ne el marco del Mes de la Seguridad, la Asociaci\u00f3n Chilena de Seguridad, Achs, nos visit\u00f3 con un mimo para realizar diversos ejercicios con los estudiantes de Educaci\u00f3n Parvularia. Con el objetivo de ense\u00f1ar y prevenir el como sentarse en sus sillas, no subirse en ellas, la precauci\u00f3n al subir y bajar escaleras, adem\u00e1s de [&hellip;]","next_post_link":"https:\/\/www.manquecura.cl\/valle-lo-campino\/noticias\/mes-de-la-seguridad-mimos-achs-educacion-pavularia\/","next_post_class":["post-15003","post","type-post","status-publish","format-standard","has-post-thumbnail","hentry","category-vida-escolar"],"jetpack_sharing_enabled":true,"_links":{"self":[{"href":"https:\/\/www.manquecura.cl\/valle-lo-campino\/wp-json\/wp\/v2\/posts\/14985","targetHints":{"allow":["GET"]}}],"collection":[{"href":"https:\/\/www.manquecura.cl\/valle-lo-campino\/wp-json\/wp\/v2\/posts"}],"about":[{"href":"https:\/\/www.manquecura.cl\/valle-lo-campino\/wp-json\/wp\/v2\/types\/post"}],"author":[{"embeddable":true,"href":"https:\/\/www.manquecura.cl\/valle-lo-campino\/wp-json\/wp\/v2\/users\/14"}],"replies":[{"embeddable":true,"href":"https:\/\/www.manquecura.cl\/valle-lo-campino\/wp-json\/wp\/v2\/comments?post=14985"}],"version-history":[{"count":0,"href":"https:\/\/www.manquecura.cl\/valle-lo-campino\/wp-json\/wp\/v2\/posts\/14985\/revisions"}],"wp:featuredmedia":[{"embeddable":true,"href":"https:\/\/www.manquecura.cl\/valle-lo-campino\/wp-json\/wp\/v2\/media\/14987"}],"wp:attachment":[{"href":"https:\/\/www.manquecura.cl\/valle-lo-campino\/wp-json\/wp\/v2\/media?parent=14985"}],"wp:term":[{"taxonomy":"category","embeddable":true,"href":"https:\/\/www.manquecura.cl\/valle-lo-campino\/wp-json\/wp\/v2\/categories?post=14985"},{"taxonomy":"post_tag","embeddable":true,"href":"https:\/\/www.manquecura.cl\/valle-lo-campino\/wp-json\/wp\/v2\/tags?post=14985"}],"curies":[{"name":"wp","href":"https:\/\/api.w.org\/{rel}","templated":true}]}}