{"id":14536,"date":"2023-04-21T17:10:40","date_gmt":"2023-04-21T21:10:40","guid":{"rendered":"https:\/\/www.manquecura.cl\/\/valle-lo-campino\/?p=14536"},"modified":"2023-04-21T17:10:40","modified_gmt":"2023-04-21T21:10:40","slug":"campur-alumnos-2023","status":"publish","type":"post","link":"https:\/\/www.manquecura.cl\/valle-lo-campino\/noticias\/campur-alumnos-2023\/","title":{"rendered":"CAMPUR Alumnos 2023"},"content":{"rendered":"<p>Durante estos dos meses de clases nuestros estudiantes presentaron dos listas de postulaci\u00f3n a nuestro Campur General de Alumnos, quienes con el apoyo de su profesora gu\u00eda Mar\u00eda Victoria Navarrete, realizaron una campa\u00f1a electoral pasiva, mostrando sus propuestas a la comunidad de Ense\u00f1anza Media.<\/p>\n<p>&nbsp;<\/p>\n<p>Este 17 y 18 de abril, se realiz\u00f3 el debate entre las listas, con respeto y compromiso de nuevos desaf\u00edos. Este Jueves, se llevaron a cabo las votaciones, dando pro ganadora la<b>\u00a0LISTA 2,<\/b> compuesta por los siguientes estudiantes:<\/p>\n<p>COORDINADORA: Mar\u00eda Ignacia Barra (III\u00b0B) &#8211; Florencia Quezada (III\u00b0B)<\/p>\n<p>APROVECHAMIENTO: Catalina Vilches (II\u00b0C) &#8211; Catalina Arroyo (I\u00b0C)<\/p>\n<p>MADUREZ: Jos\u00e9 Tom\u00e1s Henr\u00edquez (III\u00b0B) &#8211; Mar\u00eda Ignacia Bravo (II\u00b0B)<\/p>\n<p>PASTORAL: Sof\u00eda Bello (8\u00b0D) &#8211; Isidora Gallardo (8\u00b0D)<\/p>\n<p>UNIDAD: Constanza Vera (I\u00b0C) &#8211; Antonia Norabuena (I\u00b0D)<\/p>\n<p>RELACIONES: Vicente Cadiz (III\u00b0B) &#8211; Fidel Pintos (I\u00b0D)<\/p>\n<p>&nbsp;<\/p>\n<p>Resultando 746 votos emitidos, el detalle es el siguiente<\/p>\n<p>&nbsp;<\/p>\n<table style=\"height: 117px\" border=\"0\" width=\"612\" cellspacing=\"0\" cellpadding=\"0\">\n<tbody>\n<tr>\n<td valign=\"top\" width=\"120\">\n<p align=\"center\">\n<\/td>\n<td valign=\"top\" width=\"120\">\n<p align=\"center\">Lista 1<\/p>\n<\/td>\n<td valign=\"top\" width=\"120\">\n<p align=\"center\">Lista 2<\/p>\n<\/td>\n<td valign=\"top\" width=\"120\">\n<p align=\"center\">Nulos<\/p>\n<\/td>\n<td valign=\"top\" width=\"120\">\n<p align=\"center\">Blancos<\/p>\n<\/td>\n<\/tr>\n<tr>\n<td valign=\"top\" width=\"120\">\n<p align=\"center\">Votos<\/p>\n<\/td>\n<td valign=\"top\" width=\"120\">\n<p align=\"center\">119<\/p>\n<\/td>\n<td valign=\"top\" width=\"120\">\n<p align=\"center\">540<\/p>\n<\/td>\n<td valign=\"top\" width=\"120\">\n<p align=\"center\">80<\/p>\n<\/td>\n<td valign=\"top\" width=\"120\">\n<p align=\"center\">7<\/p>\n<\/td>\n<\/tr>\n<tr>\n<td valign=\"top\" width=\"120\"><\/td>\n<td valign=\"top\" width=\"120\"><\/td>\n<td valign=\"top\" width=\"120\"><\/td>\n<td valign=\"top\" width=\"120\"><\/td>\n<td valign=\"top\" width=\"120\"><\/td>\n<\/tr>\n<\/tbody>\n<\/table>\n<p>&nbsp;<\/p>\n<p>Felicitamos a todos nuestros estudiantes por su participaci\u00f3n en estas votaciones, a los alumnos\/as de ambas listas que demostraron su trabajo en equipo y compromiso con sus otros compa\u00f1eros.<\/p>\n<p>Y a nuestra Generaci\u00f3n de IV\u00b0 Medio 2023, por su ayuda en Tricel, junto al hoy ex CAMPUR 2022<\/p>\n<p>IV\u00b0A<\/p>\n<p>Natalia Erices; Franco L\u00f3pez; Mart\u00edn Ram\u00edrez; Francisco Alvial<\/p>\n<p>IV\u00b0B<\/p>\n<p>M\u00aa Jes\u00fas Figueroa; Felipe Castro; Adriano Espinoza<\/p>\n<p>IV\u00b0C<\/p>\n<p>Daniela Gonz\u00e1lez; Matilde R\u00edos<\/p>\n<p>IV\u00b0D<\/p>\n<p>Nicole Salcedo; Amanda Alvarado; Matilde Z\u00fa\u00f1iga; Vicente Mart\u00ednez<\/p>\n<p>[multimedia id=&#8221;1&#8243;]<\/p>\n"},"excerpt":{"rendered":"<p>Durante estos dos meses de clases nuestros estudiantes presentaron dos listas de postulaci\u00f3n a nuestro Campur General de Alumnos, quienes con el apoyo de su profesora gu\u00eda Mar\u00eda Victoria Navarrete, realizaron una campa\u00f1a electoral pasiva, mostrando sus propuestas a la comunidad de Ense\u00f1anza Media. &nbsp; Este 17 y 18 de abril, se realiz\u00f3 el debate [&hellip;]<\/p>\n","protected":false},"author":14,"featured_media":14537,"comment_status":"open","ping_status":"open","sticky":false,"template":"","format":"standard","meta":{"_acf_changed":false,"content-type":"","_jetpack_memberships_contains_paid_content":false,"footnotes":""},"categories":[1],"tags":[],"class_list":["post-14536","post","type-post","status-publish","format-standard","has-post-thumbnail","hentry","category-vida-escolar"],"acf":[],"yoast_head":"<!-- This site is optimized with the Yoast SEO plugin v27.1.1 - https:\/\/yoast.com\/product\/yoast-seo-wordpress\/ -->\n<title>CAMPUR Alumnos 2023 - Colegio Manquecura Valle Lo Campino<\/title>\n<meta name=\"robots\" content=\"index, follow, max-snippet:-1, max-image-preview:large, max-video-preview:-1\" \/>\n<link rel=\"canonical\" href=\"https:\/\/www.manquecura.cl\/valle-lo-campino\/noticias\/campur-alumnos-2023\/\" \/>\n<meta property=\"og:locale\" content=\"es_ES\" \/>\n<meta property=\"og:type\" content=\"article\" \/>\n<meta property=\"og:title\" content=\"CAMPUR Alumnos 2023 - Colegio Manquecura Valle Lo Campino\" \/>\n<meta property=\"og:description\" content=\"Durante estos dos meses de clases nuestros estudiantes presentaron dos listas de postulaci\u00f3n a nuestro Campur General de Alumnos, quienes con el apoyo de su profesora gu\u00eda Mar\u00eda Victoria Navarrete, realizaron una campa\u00f1a electoral pasiva, mostrando sus propuestas a la comunidad de Ense\u00f1anza Media. &nbsp; Este 17 y 18 de abril, se realiz\u00f3 el debate [&hellip;]\" \/>\n<meta property=\"og:url\" content=\"https:\/\/www.manquecura.cl\/valle-lo-campino\/noticias\/campur-alumnos-2023\/\" \/>\n<meta property=\"og:site_name\" content=\"Colegio Manquecura Valle Lo Campino\" \/>\n<meta property=\"article:publisher\" content=\"http:\/\/www.facebook.com\/ColegiosManquecura\" \/>\n<meta property=\"article:published_time\" content=\"2023-04-21T21:10:40+00:00\" \/>\n<meta name=\"author\" content=\"jorgedelcampo\" \/>\n<meta name=\"twitter:card\" content=\"summary_large_image\" \/>\n<meta name=\"twitter:label1\" content=\"Escrito por\" \/>\n\t<meta name=\"twitter:data1\" content=\"jorgedelcampo\" \/>\n\t<meta name=\"twitter:label2\" content=\"Tiempo de lectura\" \/>\n\t<meta name=\"twitter:data2\" content=\"1 minuto\" \/>\n<script type=\"application\/ld+json\" class=\"yoast-schema-graph\">{\"@context\":\"https:\/\/schema.org\",\"@graph\":[{\"@type\":\"Article\",\"@id\":\"https:\/\/www.manquecura.cl\/valle-lo-campino\/noticias\/campur-alumnos-2023\/#article\",\"isPartOf\":{\"@id\":\"https:\/\/www.manquecura.cl\/valle-lo-campino\/noticias\/campur-alumnos-2023\/\"},\"author\":{\"name\":\"jorgedelcampo\",\"@id\":\"https:\/\/www.manquecura.cl\/valle-lo-campino\/#\/schema\/person\/0debeea140e397b5d490ee7e553255d8\"},\"headline\":\"CAMPUR Alumnos 2023\",\"datePublished\":\"2023-04-21T21:10:40+00:00\",\"mainEntityOfPage\":{\"@id\":\"https:\/\/www.manquecura.cl\/valle-lo-campino\/noticias\/campur-alumnos-2023\/\"},\"wordCount\":266,\"commentCount\":0,\"publisher\":{\"@id\":\"https:\/\/www.manquecura.cl\/valle-lo-campino\/#organization\"},\"image\":{\"@id\":\"https:\/\/www.manquecura.cl\/valle-lo-campino\/noticias\/campur-alumnos-2023\/#primaryimage\"},\"thumbnailUrl\":\"https:\/\/www.manquecura.cl\/valle-lo-campino\/wp-content\/uploads\/sites\/40\/2023\/04\/CAMPUR_ALUMNOS_2023-17.png\",\"articleSection\":[\"Vida Escolar\"],\"inLanguage\":\"es\",\"potentialAction\":[{\"@type\":\"CommentAction\",\"name\":\"Comment\",\"target\":[\"https:\/\/www.manquecura.cl\/valle-lo-campino\/noticias\/campur-alumnos-2023\/#respond\"]}]},{\"@type\":\"WebPage\",\"@id\":\"https:\/\/www.manquecura.cl\/valle-lo-campino\/noticias\/campur-alumnos-2023\/\",\"url\":\"https:\/\/www.manquecura.cl\/valle-lo-campino\/noticias\/campur-alumnos-2023\/\",\"name\":\"CAMPUR Alumnos 2023 - Colegio Manquecura Valle Lo Campino\",\"isPartOf\":{\"@id\":\"https:\/\/www.manquecura.cl\/valle-lo-campino\/#website\"},\"primaryImageOfPage\":{\"@id\":\"https:\/\/www.manquecura.cl\/valle-lo-campino\/noticias\/campur-alumnos-2023\/#primaryimage\"},\"image\":{\"@id\":\"https:\/\/www.manquecura.cl\/valle-lo-campino\/noticias\/campur-alumnos-2023\/#primaryimage\"},\"thumbnailUrl\":\"https:\/\/www.manquecura.cl\/valle-lo-campino\/wp-content\/uploads\/sites\/40\/2023\/04\/CAMPUR_ALUMNOS_2023-17.png\",\"datePublished\":\"2023-04-21T21:10:40+00:00\",\"breadcrumb\":{\"@id\":\"https:\/\/www.manquecura.cl\/valle-lo-campino\/noticias\/campur-alumnos-2023\/#breadcrumb\"},\"inLanguage\":\"es\",\"potentialAction\":[{\"@type\":\"ReadAction\",\"target\":[\"https:\/\/www.manquecura.cl\/valle-lo-campino\/noticias\/campur-alumnos-2023\/\"]}]},{\"@type\":\"ImageObject\",\"inLanguage\":\"es\",\"@id\":\"https:\/\/www.manquecura.cl\/valle-lo-campino\/noticias\/campur-alumnos-2023\/#primaryimage\",\"url\":\"https:\/\/www.manquecura.cl\/valle-lo-campino\/wp-content\/uploads\/sites\/40\/2023\/04\/CAMPUR_ALUMNOS_2023-17.png\",\"contentUrl\":\"https:\/\/www.manquecura.cl\/valle-lo-campino\/wp-content\/uploads\/sites\/40\/2023\/04\/CAMPUR_ALUMNOS_2023-17.png\",\"width\":836,\"height\":523},{\"@type\":\"BreadcrumbList\",\"@id\":\"https:\/\/www.manquecura.cl\/valle-lo-campino\/noticias\/campur-alumnos-2023\/#breadcrumb\",\"itemListElement\":[{\"@type\":\"ListItem\",\"position\":1,\"name\":\"Home\",\"item\":\"https:\/\/www.manquecura.cl\/valle-lo-campino\/\"},{\"@type\":\"ListItem\",\"position\":2,\"name\":\"CAMPUR Alumnos 2023\"}]},{\"@type\":\"WebSite\",\"@id\":\"https:\/\/www.manquecura.cl\/valle-lo-campino\/#website\",\"url\":\"https:\/\/www.manquecura.cl\/valle-lo-campino\/\",\"name\":\"Colegio Manquecura Valle Lo Campino\",\"description\":\"Parte de los Colegios Cognita\",\"publisher\":{\"@id\":\"https:\/\/www.manquecura.cl\/valle-lo-campino\/#organization\"},\"potentialAction\":[{\"@type\":\"SearchAction\",\"target\":{\"@type\":\"EntryPoint\",\"urlTemplate\":\"https:\/\/www.manquecura.cl\/valle-lo-campino\/?s={search_term_string}\"},\"query-input\":{\"@type\":\"PropertyValueSpecification\",\"valueRequired\":true,\"valueName\":\"search_term_string\"}}],\"inLanguage\":\"es\"},{\"@type\":\"Organization\",\"@id\":\"https:\/\/www.manquecura.cl\/valle-lo-campino\/#organization\",\"name\":\"Colegio Manquecura Valle Lo Campino\",\"url\":\"https:\/\/www.manquecura.cl\/valle-lo-campino\/\",\"logo\":{\"@type\":\"ImageObject\",\"inLanguage\":\"es\",\"@id\":\"https:\/\/www.manquecura.cl\/valle-lo-campino\/#\/schema\/logo\/image\/\",\"url\":\"https:\/\/www.manquecura.cl\/valle-lo-campino\/wp-content\/uploads\/sites\/40\/2025\/02\/logo_Manquecura_Valle-Lo-Campino_horizontal_color.webp\",\"contentUrl\":\"https:\/\/www.manquecura.cl\/valle-lo-campino\/wp-content\/uploads\/sites\/40\/2025\/02\/logo_Manquecura_Valle-Lo-Campino_horizontal_color.webp\",\"width\":400,\"height\":119,\"caption\":\"Colegio Manquecura Valle Lo Campino\"},\"image\":{\"@id\":\"https:\/\/www.manquecura.cl\/valle-lo-campino\/#\/schema\/logo\/image\/\"},\"sameAs\":[\"http:\/\/www.facebook.com\/ColegiosManquecura\",\"http:\/\/www.instagram.com\/manquecura_vallelocampino\/\",\"http:\/\/www.youtube.com\/c\/CognitaChile\"]},{\"@type\":\"Person\",\"@id\":\"https:\/\/www.manquecura.cl\/valle-lo-campino\/#\/schema\/person\/0debeea140e397b5d490ee7e553255d8\",\"name\":\"jorgedelcampo\",\"image\":{\"@type\":\"ImageObject\",\"inLanguage\":\"es\",\"@id\":\"https:\/\/www.manquecura.cl\/valle-lo-campino\/#\/schema\/person\/image\/\",\"url\":\"https:\/\/secure.gravatar.com\/avatar\/4a315f521213b2dc91dbda9bf799f711c8a98ab6f5606ec42cf5b33d1e762e8a?s=96&d=mm&r=g\",\"contentUrl\":\"https:\/\/secure.gravatar.com\/avatar\/4a315f521213b2dc91dbda9bf799f711c8a98ab6f5606ec42cf5b33d1e762e8a?s=96&d=mm&r=g\",\"caption\":\"jorgedelcampo\"}}]}<\/script>\n<!-- \/ Yoast SEO plugin. -->","yoast_head_json":{"title":"CAMPUR Alumnos 2023 - Colegio Manquecura Valle Lo Campino","robots":{"index":"index","follow":"follow","max-snippet":"max-snippet:-1","max-image-preview":"max-image-preview:large","max-video-preview":"max-video-preview:-1"},"canonical":"https:\/\/www.manquecura.cl\/valle-lo-campino\/noticias\/campur-alumnos-2023\/","og_locale":"es_ES","og_type":"article","og_title":"CAMPUR Alumnos 2023 - Colegio Manquecura Valle Lo Campino","og_description":"Durante estos dos meses de clases nuestros estudiantes presentaron dos listas de postulaci\u00f3n a nuestro Campur General de Alumnos, quienes con el apoyo de su profesora gu\u00eda Mar\u00eda Victoria Navarrete, realizaron una campa\u00f1a electoral pasiva, mostrando sus propuestas a la comunidad de Ense\u00f1anza Media. &nbsp; Este 17 y 18 de abril, se realiz\u00f3 el debate [&hellip;]","og_url":"https:\/\/www.manquecura.cl\/valle-lo-campino\/noticias\/campur-alumnos-2023\/","og_site_name":"Colegio Manquecura Valle Lo Campino","article_publisher":"http:\/\/www.facebook.com\/ColegiosManquecura","article_published_time":"2023-04-21T21:10:40+00:00","author":"jorgedelcampo","twitter_card":"summary_large_image","twitter_misc":{"Escrito por":"jorgedelcampo","Tiempo de lectura":"1 minuto"},"schema":{"@context":"https:\/\/schema.org","@graph":[{"@type":"Article","@id":"https:\/\/www.manquecura.cl\/valle-lo-campino\/noticias\/campur-alumnos-2023\/#article","isPartOf":{"@id":"https:\/\/www.manquecura.cl\/valle-lo-campino\/noticias\/campur-alumnos-2023\/"},"author":{"name":"jorgedelcampo","@id":"https:\/\/www.manquecura.cl\/valle-lo-campino\/#\/schema\/person\/0debeea140e397b5d490ee7e553255d8"},"headline":"CAMPUR Alumnos 2023","datePublished":"2023-04-21T21:10:40+00:00","mainEntityOfPage":{"@id":"https:\/\/www.manquecura.cl\/valle-lo-campino\/noticias\/campur-alumnos-2023\/"},"wordCount":266,"commentCount":0,"publisher":{"@id":"https:\/\/www.manquecura.cl\/valle-lo-campino\/#organization"},"image":{"@id":"https:\/\/www.manquecura.cl\/valle-lo-campino\/noticias\/campur-alumnos-2023\/#primaryimage"},"thumbnailUrl":"https:\/\/www.manquecura.cl\/valle-lo-campino\/wp-content\/uploads\/sites\/40\/2023\/04\/CAMPUR_ALUMNOS_2023-17.png","articleSection":["Vida Escolar"],"inLanguage":"es","potentialAction":[{"@type":"CommentAction","name":"Comment","target":["https:\/\/www.manquecura.cl\/valle-lo-campino\/noticias\/campur-alumnos-2023\/#respond"]}]},{"@type":"WebPage","@id":"https:\/\/www.manquecura.cl\/valle-lo-campino\/noticias\/campur-alumnos-2023\/","url":"https:\/\/www.manquecura.cl\/valle-lo-campino\/noticias\/campur-alumnos-2023\/","name":"CAMPUR Alumnos 2023 - Colegio Manquecura Valle Lo Campino","isPartOf":{"@id":"https:\/\/www.manquecura.cl\/valle-lo-campino\/#website"},"primaryImageOfPage":{"@id":"https:\/\/www.manquecura.cl\/valle-lo-campino\/noticias\/campur-alumnos-2023\/#primaryimage"},"image":{"@id":"https:\/\/www.manquecura.cl\/valle-lo-campino\/noticias\/campur-alumnos-2023\/#primaryimage"},"thumbnailUrl":"https:\/\/www.manquecura.cl\/valle-lo-campino\/wp-content\/uploads\/sites\/40\/2023\/04\/CAMPUR_ALUMNOS_2023-17.png","datePublished":"2023-04-21T21:10:40+00:00","breadcrumb":{"@id":"https:\/\/www.manquecura.cl\/valle-lo-campino\/noticias\/campur-alumnos-2023\/#breadcrumb"},"inLanguage":"es","potentialAction":[{"@type":"ReadAction","target":["https:\/\/www.manquecura.cl\/valle-lo-campino\/noticias\/campur-alumnos-2023\/"]}]},{"@type":"ImageObject","inLanguage":"es","@id":"https:\/\/www.manquecura.cl\/valle-lo-campino\/noticias\/campur-alumnos-2023\/#primaryimage","url":"https:\/\/www.manquecura.cl\/valle-lo-campino\/wp-content\/uploads\/sites\/40\/2023\/04\/CAMPUR_ALUMNOS_2023-17.png","contentUrl":"https:\/\/www.manquecura.cl\/valle-lo-campino\/wp-content\/uploads\/sites\/40\/2023\/04\/CAMPUR_ALUMNOS_2023-17.png","width":836,"height":523},{"@type":"BreadcrumbList","@id":"https:\/\/www.manquecura.cl\/valle-lo-campino\/noticias\/campur-alumnos-2023\/#breadcrumb","itemListElement":[{"@type":"ListItem","position":1,"name":"Home","item":"https:\/\/www.manquecura.cl\/valle-lo-campino\/"},{"@type":"ListItem","position":2,"name":"CAMPUR Alumnos 2023"}]},{"@type":"WebSite","@id":"https:\/\/www.manquecura.cl\/valle-lo-campino\/#website","url":"https:\/\/www.manquecura.cl\/valle-lo-campino\/","name":"Colegio Manquecura Valle Lo Campino","description":"Parte de los Colegios Cognita","publisher":{"@id":"https:\/\/www.manquecura.cl\/valle-lo-campino\/#organization"},"potentialAction":[{"@type":"SearchAction","target":{"@type":"EntryPoint","urlTemplate":"https:\/\/www.manquecura.cl\/valle-lo-campino\/?s={search_term_string}"},"query-input":{"@type":"PropertyValueSpecification","valueRequired":true,"valueName":"search_term_string"}}],"inLanguage":"es"},{"@type":"Organization","@id":"https:\/\/www.manquecura.cl\/valle-lo-campino\/#organization","name":"Colegio Manquecura Valle Lo Campino","url":"https:\/\/www.manquecura.cl\/valle-lo-campino\/","logo":{"@type":"ImageObject","inLanguage":"es","@id":"https:\/\/www.manquecura.cl\/valle-lo-campino\/#\/schema\/logo\/image\/","url":"https:\/\/www.manquecura.cl\/valle-lo-campino\/wp-content\/uploads\/sites\/40\/2025\/02\/logo_Manquecura_Valle-Lo-Campino_horizontal_color.webp","contentUrl":"https:\/\/www.manquecura.cl\/valle-lo-campino\/wp-content\/uploads\/sites\/40\/2025\/02\/logo_Manquecura_Valle-Lo-Campino_horizontal_color.webp","width":400,"height":119,"caption":"Colegio Manquecura Valle Lo Campino"},"image":{"@id":"https:\/\/www.manquecura.cl\/valle-lo-campino\/#\/schema\/logo\/image\/"},"sameAs":["http:\/\/www.facebook.com\/ColegiosManquecura","http:\/\/www.instagram.com\/manquecura_vallelocampino\/","http:\/\/www.youtube.com\/c\/CognitaChile"]},{"@type":"Person","@id":"https:\/\/www.manquecura.cl\/valle-lo-campino\/#\/schema\/person\/0debeea140e397b5d490ee7e553255d8","name":"jorgedelcampo","image":{"@type":"ImageObject","inLanguage":"es","@id":"https:\/\/www.manquecura.cl\/valle-lo-campino\/#\/schema\/person\/image\/","url":"https:\/\/secure.gravatar.com\/avatar\/4a315f521213b2dc91dbda9bf799f711c8a98ab6f5606ec42cf5b33d1e762e8a?s=96&d=mm&r=g","contentUrl":"https:\/\/secure.gravatar.com\/avatar\/4a315f521213b2dc91dbda9bf799f711c8a98ab6f5606ec42cf5b33d1e762e8a?s=96&d=mm&r=g","caption":"jorgedelcampo"}}]}},"jetpack_featured_media_url":"https:\/\/www.manquecura.cl\/valle-lo-campino\/wp-content\/uploads\/sites\/40\/2023\/04\/CAMPUR_ALUMNOS_2023-17.png","previous_post_ID":14558,"previous_post_title":"Premiaci\u00f3n a nuestros estudiantes en Presentaci\u00f3n de Proyectos 2022","previous_post_excerpt":"El s\u00e1bado 15 de abril, la Facultad de Qu\u00edmica y Biolog\u00eda de la Universidad de Santiago de Chile, se realiz\u00f3 la premiacion del concurso escolar Dra. Elsa Abuin, proyecto presentado el a\u00f1o pasado por nuestros estudiantes de II Medio A y C Mar\u00eda Jes\u00fas Garc\u00eda Campos Renato Bretti Breskovic Javiera Paz \u00d3rdenes Antivil Victoria Leonor [&hellip;]","previous_post_link":"https:\/\/www.manquecura.cl\/valle-lo-campino\/noticias\/premiacion-a-nuestros-estudiantes-en-presentacion-de-proyectos-2022\/","previous_post_class":["post-14558","post","type-post","status-publish","format-standard","has-post-thumbnail","hentry","category-vida-escolar"],"next_post_ID":14534,"next_post_title":"1\u00b0 Green Day 2023","next_post_excerpt":"Este viernes 21 de abril, nuestro colegio tuvo un d\u00eda lleno de actividades y acciones para cuidar el planeta, entorno a nuestro 1\u00b0 Green Day 2023 potenciando nuestro Programa Sello Ecolog\u00eda y Sustentabilidad Desde Educaci\u00f3n Parvularia y B\u00e1sica, realizaron un desfile con vestimenta ecol\u00f3gica, la cual fue presentada ante un jurado, quienes aplaudieron y disfrutaron [&hellip;]","next_post_link":"https:\/\/www.manquecura.cl\/valle-lo-campino\/noticias\/green-day\/","next_post_class":["post-14534","post","type-post","status-publish","format-standard","has-post-thumbnail","hentry","category-vida-escolar"],"jetpack_sharing_enabled":true,"_links":{"self":[{"href":"https:\/\/www.manquecura.cl\/valle-lo-campino\/wp-json\/wp\/v2\/posts\/14536","targetHints":{"allow":["GET"]}}],"collection":[{"href":"https:\/\/www.manquecura.cl\/valle-lo-campino\/wp-json\/wp\/v2\/posts"}],"about":[{"href":"https:\/\/www.manquecura.cl\/valle-lo-campino\/wp-json\/wp\/v2\/types\/post"}],"author":[{"embeddable":true,"href":"https:\/\/www.manquecura.cl\/valle-lo-campino\/wp-json\/wp\/v2\/users\/14"}],"replies":[{"embeddable":true,"href":"https:\/\/www.manquecura.cl\/valle-lo-campino\/wp-json\/wp\/v2\/comments?post=14536"}],"version-history":[{"count":0,"href":"https:\/\/www.manquecura.cl\/valle-lo-campino\/wp-json\/wp\/v2\/posts\/14536\/revisions"}],"wp:featuredmedia":[{"embeddable":true,"href":"https:\/\/www.manquecura.cl\/valle-lo-campino\/wp-json\/wp\/v2\/media\/14537"}],"wp:attachment":[{"href":"https:\/\/www.manquecura.cl\/valle-lo-campino\/wp-json\/wp\/v2\/media?parent=14536"}],"wp:term":[{"taxonomy":"category","embeddable":true,"href":"https:\/\/www.manquecura.cl\/valle-lo-campino\/wp-json\/wp\/v2\/categories?post=14536"},{"taxonomy":"post_tag","embeddable":true,"href":"https:\/\/www.manquecura.cl\/valle-lo-campino\/wp-json\/wp\/v2\/tags?post=14536"}],"curies":[{"name":"wp","href":"https:\/\/api.w.org\/{rel}","templated":true}]}}