{"id":14469,"date":"2023-04-10T09:35:19","date_gmt":"2023-04-10T13:35:19","guid":{"rendered":"https:\/\/www.manquecura.cl\/\/valle-lo-campino\/?p=14469"},"modified":"2023-04-10T09:35:19","modified_gmt":"2023-04-10T13:35:19","slug":"prueba-de-perfil-vocacional-iv-medios","status":"publish","type":"post","link":"https:\/\/www.manquecura.cl\/valle-lo-campino\/noticias\/prueba-de-perfil-vocacional-iv-medios\/","title":{"rendered":"Prueba de Perfil Vocacional IV\u00b0 Medios"},"content":{"rendered":"<p>Estimados padres y apoderados,<\/p>\n<p>Junto con saludar y esperando se encuentren bien, queremos darles a conocer que dentro del Programa de Orientaci\u00f3n Vocacional de la Red, se ha incorporado la posibilidad de realizar una <strong>Prueba de Perfil Vocacional<\/strong> de la empresa Psicometrix para los IV\u00b0 Medios.<\/p>\n<p>El cual se llevar\u00e1 a cabo este\u00a0<strong>martes 11 y viernes 14 de abril a las 11:45 horas<\/strong>, ya que tiene una duraci\u00f3n de 3 horas<strong>,\u00a0<\/strong>por lo tanto es muy importante la asistencia de los estudiantes en ambos d\u00edas.\u00a0En caso que por situaciones de fuerza mayor no puedan asistir, lo pueden realizar desde sus hogares, puesto que es una prueba online y ser\u00e1 enviada a sus correos institucionales y publicado en Teams.<\/p>\n<p>Esta evaluaci\u00f3n nos permitir\u00e1 obtener valiosa informaci\u00f3n para brindar apoyo vocacional a nuestros estudiantes, a trav\u00e9s de \u00edndices de compatibilidad con carreras profesionales, a trav\u00e9s de la evaluaci\u00f3n en\u00a0inteligencias m\u00faltiples, aptitudes cognitivas, intereses vocacionales y modos de relaci\u00f3n.<\/p>\n<p>Las aptitudes cognitivas, identificar\u00e1n el nivel de rendimiento del estudiante en las \u00e1reas verbal, matem\u00e1ticas y razonamiento espacial; para ello se permitir\u00e1 <strong>el uso de calculadora, hojas en blanco y l\u00e1piz<\/strong> para que lo tengan presente y cuenten con estos materiales para la evaluaci\u00f3n.\u00a0As\u00ed tambi\u00e9n la prueba identificar\u00e1 el modo de relaci\u00f3n; inter e intrapersonal, rasgos emocionales, habilidades y competencias para la vida.<\/p>\n<p>Los resultados se encuentran disponibles dentro de dos semanas, luego de que todos hayan terminado la evaluaci\u00f3n; la idea es que sea una herramienta de autoconocimiento y motivaci\u00f3n para ellos y que pueda ser conversado y analizado en familia, como aporte a la decisi\u00f3n vocacional futura.\u00a0 Los informes llegar\u00e1n a sus correos institucionales y en el caso de quienes presenten alertas en los resultados, ser\u00e1n entrevistados desde nuestra \u00e1rea para acompa\u00f1ar y clarificar dudas, previo a la autorizaci\u00f3n de ustedes.<\/p>\n<p>Saludos cordiales<br \/>\n<strong>Departamento Psicoeducativo\u00a0<\/strong><br \/>\n<strong>Colegio Manquecura Valle Lo Campino<\/strong><\/p>\n"},"excerpt":{"rendered":"<p>Estimados padres y apoderados, Junto con saludar y esperando se encuentren bien, queremos darles a conocer que dentro del Programa de Orientaci\u00f3n Vocacional de la Red, se ha incorporado la posibilidad de realizar una Prueba de Perfil Vocacional de la empresa Psicometrix para los IV\u00b0 Medios. El cual se llevar\u00e1 a cabo este\u00a0martes 11 y [&hellip;]<\/p>\n","protected":false},"author":14,"featured_media":14470,"comment_status":"open","ping_status":"open","sticky":false,"template":"","format":"standard","meta":{"_acf_changed":false,"content-type":"","_jetpack_memberships_contains_paid_content":false,"footnotes":""},"categories":[1],"tags":[],"class_list":["post-14469","post","type-post","status-publish","format-standard","has-post-thumbnail","hentry","category-vida-escolar"],"acf":[],"yoast_head":"<!-- This site is optimized with the Yoast SEO plugin v27.1.1 - https:\/\/yoast.com\/product\/yoast-seo-wordpress\/ -->\n<title>Prueba de Perfil Vocacional IV\u00b0 Medios - Colegio Manquecura Valle Lo Campino<\/title>\n<meta name=\"robots\" content=\"index, follow, max-snippet:-1, max-image-preview:large, max-video-preview:-1\" \/>\n<link rel=\"canonical\" href=\"https:\/\/www.manquecura.cl\/valle-lo-campino\/noticias\/prueba-de-perfil-vocacional-iv-medios\/\" \/>\n<meta property=\"og:locale\" content=\"es_ES\" \/>\n<meta property=\"og:type\" content=\"article\" \/>\n<meta property=\"og:title\" content=\"Prueba de Perfil Vocacional IV\u00b0 Medios - Colegio Manquecura Valle Lo Campino\" \/>\n<meta property=\"og:description\" content=\"Estimados padres y apoderados, Junto con saludar y esperando se encuentren bien, queremos darles a conocer que dentro del Programa de Orientaci\u00f3n Vocacional de la Red, se ha incorporado la posibilidad de realizar una Prueba de Perfil Vocacional de la empresa Psicometrix para los IV\u00b0 Medios. El cual se llevar\u00e1 a cabo este\u00a0martes 11 y [&hellip;]\" \/>\n<meta property=\"og:url\" content=\"https:\/\/www.manquecura.cl\/valle-lo-campino\/noticias\/prueba-de-perfil-vocacional-iv-medios\/\" \/>\n<meta property=\"og:site_name\" content=\"Colegio Manquecura Valle Lo Campino\" \/>\n<meta property=\"article:publisher\" content=\"http:\/\/www.facebook.com\/ColegiosManquecura\" \/>\n<meta property=\"article:published_time\" content=\"2023-04-10T13:35:19+00:00\" \/>\n<meta name=\"author\" content=\"jorgedelcampo\" \/>\n<meta name=\"twitter:card\" content=\"summary_large_image\" \/>\n<meta name=\"twitter:label1\" content=\"Escrito por\" \/>\n\t<meta name=\"twitter:data1\" content=\"jorgedelcampo\" \/>\n\t<meta name=\"twitter:label2\" content=\"Tiempo de lectura\" \/>\n\t<meta name=\"twitter:data2\" content=\"2 minutos\" \/>\n<script type=\"application\/ld+json\" class=\"yoast-schema-graph\">{\"@context\":\"https:\/\/schema.org\",\"@graph\":[{\"@type\":\"Article\",\"@id\":\"https:\/\/www.manquecura.cl\/valle-lo-campino\/noticias\/prueba-de-perfil-vocacional-iv-medios\/#article\",\"isPartOf\":{\"@id\":\"https:\/\/www.manquecura.cl\/valle-lo-campino\/noticias\/prueba-de-perfil-vocacional-iv-medios\/\"},\"author\":{\"name\":\"jorgedelcampo\",\"@id\":\"https:\/\/www.manquecura.cl\/valle-lo-campino\/#\/schema\/person\/0debeea140e397b5d490ee7e553255d8\"},\"headline\":\"Prueba de Perfil Vocacional IV\u00b0 Medios\",\"datePublished\":\"2023-04-10T13:35:19+00:00\",\"mainEntityOfPage\":{\"@id\":\"https:\/\/www.manquecura.cl\/valle-lo-campino\/noticias\/prueba-de-perfil-vocacional-iv-medios\/\"},\"wordCount\":337,\"commentCount\":0,\"publisher\":{\"@id\":\"https:\/\/www.manquecura.cl\/valle-lo-campino\/#organization\"},\"image\":{\"@id\":\"https:\/\/www.manquecura.cl\/valle-lo-campino\/noticias\/prueba-de-perfil-vocacional-iv-medios\/#primaryimage\"},\"thumbnailUrl\":\"https:\/\/www.manquecura.cl\/valle-lo-campino\/wp-content\/uploads\/sites\/40\/2023\/04\/WEB_VLC.png\",\"articleSection\":[\"Vida Escolar\"],\"inLanguage\":\"es\",\"potentialAction\":[{\"@type\":\"CommentAction\",\"name\":\"Comment\",\"target\":[\"https:\/\/www.manquecura.cl\/valle-lo-campino\/noticias\/prueba-de-perfil-vocacional-iv-medios\/#respond\"]}]},{\"@type\":\"WebPage\",\"@id\":\"https:\/\/www.manquecura.cl\/valle-lo-campino\/noticias\/prueba-de-perfil-vocacional-iv-medios\/\",\"url\":\"https:\/\/www.manquecura.cl\/valle-lo-campino\/noticias\/prueba-de-perfil-vocacional-iv-medios\/\",\"name\":\"Prueba de Perfil Vocacional IV\u00b0 Medios - Colegio Manquecura Valle Lo Campino\",\"isPartOf\":{\"@id\":\"https:\/\/www.manquecura.cl\/valle-lo-campino\/#website\"},\"primaryImageOfPage\":{\"@id\":\"https:\/\/www.manquecura.cl\/valle-lo-campino\/noticias\/prueba-de-perfil-vocacional-iv-medios\/#primaryimage\"},\"image\":{\"@id\":\"https:\/\/www.manquecura.cl\/valle-lo-campino\/noticias\/prueba-de-perfil-vocacional-iv-medios\/#primaryimage\"},\"thumbnailUrl\":\"https:\/\/www.manquecura.cl\/valle-lo-campino\/wp-content\/uploads\/sites\/40\/2023\/04\/WEB_VLC.png\",\"datePublished\":\"2023-04-10T13:35:19+00:00\",\"breadcrumb\":{\"@id\":\"https:\/\/www.manquecura.cl\/valle-lo-campino\/noticias\/prueba-de-perfil-vocacional-iv-medios\/#breadcrumb\"},\"inLanguage\":\"es\",\"potentialAction\":[{\"@type\":\"ReadAction\",\"target\":[\"https:\/\/www.manquecura.cl\/valle-lo-campino\/noticias\/prueba-de-perfil-vocacional-iv-medios\/\"]}]},{\"@type\":\"ImageObject\",\"inLanguage\":\"es\",\"@id\":\"https:\/\/www.manquecura.cl\/valle-lo-campino\/noticias\/prueba-de-perfil-vocacional-iv-medios\/#primaryimage\",\"url\":\"https:\/\/www.manquecura.cl\/valle-lo-campino\/wp-content\/uploads\/sites\/40\/2023\/04\/WEB_VLC.png\",\"contentUrl\":\"https:\/\/www.manquecura.cl\/valle-lo-campino\/wp-content\/uploads\/sites\/40\/2023\/04\/WEB_VLC.png\",\"width\":836,\"height\":523},{\"@type\":\"BreadcrumbList\",\"@id\":\"https:\/\/www.manquecura.cl\/valle-lo-campino\/noticias\/prueba-de-perfil-vocacional-iv-medios\/#breadcrumb\",\"itemListElement\":[{\"@type\":\"ListItem\",\"position\":1,\"name\":\"Home\",\"item\":\"https:\/\/www.manquecura.cl\/valle-lo-campino\/\"},{\"@type\":\"ListItem\",\"position\":2,\"name\":\"Prueba de Perfil Vocacional IV\u00b0 Medios\"}]},{\"@type\":\"WebSite\",\"@id\":\"https:\/\/www.manquecura.cl\/valle-lo-campino\/#website\",\"url\":\"https:\/\/www.manquecura.cl\/valle-lo-campino\/\",\"name\":\"Colegio Manquecura Valle Lo Campino\",\"description\":\"Parte de los Colegios Cognita\",\"publisher\":{\"@id\":\"https:\/\/www.manquecura.cl\/valle-lo-campino\/#organization\"},\"potentialAction\":[{\"@type\":\"SearchAction\",\"target\":{\"@type\":\"EntryPoint\",\"urlTemplate\":\"https:\/\/www.manquecura.cl\/valle-lo-campino\/?s={search_term_string}\"},\"query-input\":{\"@type\":\"PropertyValueSpecification\",\"valueRequired\":true,\"valueName\":\"search_term_string\"}}],\"inLanguage\":\"es\"},{\"@type\":\"Organization\",\"@id\":\"https:\/\/www.manquecura.cl\/valle-lo-campino\/#organization\",\"name\":\"Colegio Manquecura Valle Lo Campino\",\"url\":\"https:\/\/www.manquecura.cl\/valle-lo-campino\/\",\"logo\":{\"@type\":\"ImageObject\",\"inLanguage\":\"es\",\"@id\":\"https:\/\/www.manquecura.cl\/valle-lo-campino\/#\/schema\/logo\/image\/\",\"url\":\"https:\/\/www.manquecura.cl\/valle-lo-campino\/wp-content\/uploads\/sites\/40\/2025\/02\/logo_Manquecura_Valle-Lo-Campino_horizontal_color.webp\",\"contentUrl\":\"https:\/\/www.manquecura.cl\/valle-lo-campino\/wp-content\/uploads\/sites\/40\/2025\/02\/logo_Manquecura_Valle-Lo-Campino_horizontal_color.webp\",\"width\":400,\"height\":119,\"caption\":\"Colegio Manquecura Valle Lo Campino\"},\"image\":{\"@id\":\"https:\/\/www.manquecura.cl\/valle-lo-campino\/#\/schema\/logo\/image\/\"},\"sameAs\":[\"http:\/\/www.facebook.com\/ColegiosManquecura\",\"http:\/\/www.instagram.com\/manquecura_vallelocampino\/\",\"http:\/\/www.youtube.com\/c\/CognitaChile\"]},{\"@type\":\"Person\",\"@id\":\"https:\/\/www.manquecura.cl\/valle-lo-campino\/#\/schema\/person\/0debeea140e397b5d490ee7e553255d8\",\"name\":\"jorgedelcampo\",\"image\":{\"@type\":\"ImageObject\",\"inLanguage\":\"es\",\"@id\":\"https:\/\/www.manquecura.cl\/valle-lo-campino\/#\/schema\/person\/image\/\",\"url\":\"https:\/\/secure.gravatar.com\/avatar\/4a315f521213b2dc91dbda9bf799f711c8a98ab6f5606ec42cf5b33d1e762e8a?s=96&d=mm&r=g\",\"contentUrl\":\"https:\/\/secure.gravatar.com\/avatar\/4a315f521213b2dc91dbda9bf799f711c8a98ab6f5606ec42cf5b33d1e762e8a?s=96&d=mm&r=g\",\"caption\":\"jorgedelcampo\"}}]}<\/script>\n<!-- \/ Yoast SEO plugin. -->","yoast_head_json":{"title":"Prueba de Perfil Vocacional IV\u00b0 Medios - Colegio Manquecura Valle Lo Campino","robots":{"index":"index","follow":"follow","max-snippet":"max-snippet:-1","max-image-preview":"max-image-preview:large","max-video-preview":"max-video-preview:-1"},"canonical":"https:\/\/www.manquecura.cl\/valle-lo-campino\/noticias\/prueba-de-perfil-vocacional-iv-medios\/","og_locale":"es_ES","og_type":"article","og_title":"Prueba de Perfil Vocacional IV\u00b0 Medios - Colegio Manquecura Valle Lo Campino","og_description":"Estimados padres y apoderados, Junto con saludar y esperando se encuentren bien, queremos darles a conocer que dentro del Programa de Orientaci\u00f3n Vocacional de la Red, se ha incorporado la posibilidad de realizar una Prueba de Perfil Vocacional de la empresa Psicometrix para los IV\u00b0 Medios. El cual se llevar\u00e1 a cabo este\u00a0martes 11 y [&hellip;]","og_url":"https:\/\/www.manquecura.cl\/valle-lo-campino\/noticias\/prueba-de-perfil-vocacional-iv-medios\/","og_site_name":"Colegio Manquecura Valle Lo Campino","article_publisher":"http:\/\/www.facebook.com\/ColegiosManquecura","article_published_time":"2023-04-10T13:35:19+00:00","author":"jorgedelcampo","twitter_card":"summary_large_image","twitter_misc":{"Escrito por":"jorgedelcampo","Tiempo de lectura":"2 minutos"},"schema":{"@context":"https:\/\/schema.org","@graph":[{"@type":"Article","@id":"https:\/\/www.manquecura.cl\/valle-lo-campino\/noticias\/prueba-de-perfil-vocacional-iv-medios\/#article","isPartOf":{"@id":"https:\/\/www.manquecura.cl\/valle-lo-campino\/noticias\/prueba-de-perfil-vocacional-iv-medios\/"},"author":{"name":"jorgedelcampo","@id":"https:\/\/www.manquecura.cl\/valle-lo-campino\/#\/schema\/person\/0debeea140e397b5d490ee7e553255d8"},"headline":"Prueba de Perfil Vocacional IV\u00b0 Medios","datePublished":"2023-04-10T13:35:19+00:00","mainEntityOfPage":{"@id":"https:\/\/www.manquecura.cl\/valle-lo-campino\/noticias\/prueba-de-perfil-vocacional-iv-medios\/"},"wordCount":337,"commentCount":0,"publisher":{"@id":"https:\/\/www.manquecura.cl\/valle-lo-campino\/#organization"},"image":{"@id":"https:\/\/www.manquecura.cl\/valle-lo-campino\/noticias\/prueba-de-perfil-vocacional-iv-medios\/#primaryimage"},"thumbnailUrl":"https:\/\/www.manquecura.cl\/valle-lo-campino\/wp-content\/uploads\/sites\/40\/2023\/04\/WEB_VLC.png","articleSection":["Vida Escolar"],"inLanguage":"es","potentialAction":[{"@type":"CommentAction","name":"Comment","target":["https:\/\/www.manquecura.cl\/valle-lo-campino\/noticias\/prueba-de-perfil-vocacional-iv-medios\/#respond"]}]},{"@type":"WebPage","@id":"https:\/\/www.manquecura.cl\/valle-lo-campino\/noticias\/prueba-de-perfil-vocacional-iv-medios\/","url":"https:\/\/www.manquecura.cl\/valle-lo-campino\/noticias\/prueba-de-perfil-vocacional-iv-medios\/","name":"Prueba de Perfil Vocacional IV\u00b0 Medios - Colegio Manquecura Valle Lo Campino","isPartOf":{"@id":"https:\/\/www.manquecura.cl\/valle-lo-campino\/#website"},"primaryImageOfPage":{"@id":"https:\/\/www.manquecura.cl\/valle-lo-campino\/noticias\/prueba-de-perfil-vocacional-iv-medios\/#primaryimage"},"image":{"@id":"https:\/\/www.manquecura.cl\/valle-lo-campino\/noticias\/prueba-de-perfil-vocacional-iv-medios\/#primaryimage"},"thumbnailUrl":"https:\/\/www.manquecura.cl\/valle-lo-campino\/wp-content\/uploads\/sites\/40\/2023\/04\/WEB_VLC.png","datePublished":"2023-04-10T13:35:19+00:00","breadcrumb":{"@id":"https:\/\/www.manquecura.cl\/valle-lo-campino\/noticias\/prueba-de-perfil-vocacional-iv-medios\/#breadcrumb"},"inLanguage":"es","potentialAction":[{"@type":"ReadAction","target":["https:\/\/www.manquecura.cl\/valle-lo-campino\/noticias\/prueba-de-perfil-vocacional-iv-medios\/"]}]},{"@type":"ImageObject","inLanguage":"es","@id":"https:\/\/www.manquecura.cl\/valle-lo-campino\/noticias\/prueba-de-perfil-vocacional-iv-medios\/#primaryimage","url":"https:\/\/www.manquecura.cl\/valle-lo-campino\/wp-content\/uploads\/sites\/40\/2023\/04\/WEB_VLC.png","contentUrl":"https:\/\/www.manquecura.cl\/valle-lo-campino\/wp-content\/uploads\/sites\/40\/2023\/04\/WEB_VLC.png","width":836,"height":523},{"@type":"BreadcrumbList","@id":"https:\/\/www.manquecura.cl\/valle-lo-campino\/noticias\/prueba-de-perfil-vocacional-iv-medios\/#breadcrumb","itemListElement":[{"@type":"ListItem","position":1,"name":"Home","item":"https:\/\/www.manquecura.cl\/valle-lo-campino\/"},{"@type":"ListItem","position":2,"name":"Prueba de Perfil Vocacional IV\u00b0 Medios"}]},{"@type":"WebSite","@id":"https:\/\/www.manquecura.cl\/valle-lo-campino\/#website","url":"https:\/\/www.manquecura.cl\/valle-lo-campino\/","name":"Colegio Manquecura Valle Lo Campino","description":"Parte de los Colegios Cognita","publisher":{"@id":"https:\/\/www.manquecura.cl\/valle-lo-campino\/#organization"},"potentialAction":[{"@type":"SearchAction","target":{"@type":"EntryPoint","urlTemplate":"https:\/\/www.manquecura.cl\/valle-lo-campino\/?s={search_term_string}"},"query-input":{"@type":"PropertyValueSpecification","valueRequired":true,"valueName":"search_term_string"}}],"inLanguage":"es"},{"@type":"Organization","@id":"https:\/\/www.manquecura.cl\/valle-lo-campino\/#organization","name":"Colegio Manquecura Valle Lo Campino","url":"https:\/\/www.manquecura.cl\/valle-lo-campino\/","logo":{"@type":"ImageObject","inLanguage":"es","@id":"https:\/\/www.manquecura.cl\/valle-lo-campino\/#\/schema\/logo\/image\/","url":"https:\/\/www.manquecura.cl\/valle-lo-campino\/wp-content\/uploads\/sites\/40\/2025\/02\/logo_Manquecura_Valle-Lo-Campino_horizontal_color.webp","contentUrl":"https:\/\/www.manquecura.cl\/valle-lo-campino\/wp-content\/uploads\/sites\/40\/2025\/02\/logo_Manquecura_Valle-Lo-Campino_horizontal_color.webp","width":400,"height":119,"caption":"Colegio Manquecura Valle Lo Campino"},"image":{"@id":"https:\/\/www.manquecura.cl\/valle-lo-campino\/#\/schema\/logo\/image\/"},"sameAs":["http:\/\/www.facebook.com\/ColegiosManquecura","http:\/\/www.instagram.com\/manquecura_vallelocampino\/","http:\/\/www.youtube.com\/c\/CognitaChile"]},{"@type":"Person","@id":"https:\/\/www.manquecura.cl\/valle-lo-campino\/#\/schema\/person\/0debeea140e397b5d490ee7e553255d8","name":"jorgedelcampo","image":{"@type":"ImageObject","inLanguage":"es","@id":"https:\/\/www.manquecura.cl\/valle-lo-campino\/#\/schema\/person\/image\/","url":"https:\/\/secure.gravatar.com\/avatar\/4a315f521213b2dc91dbda9bf799f711c8a98ab6f5606ec42cf5b33d1e762e8a?s=96&d=mm&r=g","contentUrl":"https:\/\/secure.gravatar.com\/avatar\/4a315f521213b2dc91dbda9bf799f711c8a98ab6f5606ec42cf5b33d1e762e8a?s=96&d=mm&r=g","caption":"jorgedelcampo"}}]}},"jetpack_featured_media_url":"https:\/\/www.manquecura.cl\/valle-lo-campino\/wp-content\/uploads\/sites\/40\/2023\/04\/WEB_VLC.png","previous_post_ID":14435,"previous_post_title":"Jornada de Reflexi\u00f3n Jueves Santo","previous_post_excerpt":"Un d\u00eda de reflexi\u00f3n vivieron nuestros alumnos desde Play Group a IV\u00b0 Medio, en el que a trav\u00e9s de una jornada de convivencia escolar, trabajaron diversas din\u00e1micas relacionadas con el respeto, empat\u00eda y compa\u00f1erismo, junto a una peque\u00f1a colaci\u00f3n compartida con uvas, jugo y pan. Esperamos que puedan disfrutar en familia este fin de semana [&hellip;]","previous_post_link":"https:\/\/www.manquecura.cl\/valle-lo-campino\/noticias\/jornada-de-reflexion-jueves-santo\/","previous_post_class":["post-14435","post","type-post","status-publish","format-standard","has-post-thumbnail","hentry","category-vida-escolar"],"next_post_ID":14472,"next_post_title":"Diploma Esfuerzo y Perseverancia Ense\u00f1anza B\u00e1sica, Marzo 2023","next_post_excerpt":"Cada mes se hace entrega del diploma de\u00a0Esfuerzo y Perseverancia\u00a0al alumno que durante todo mes demostr\u00f3 una actitud de\u00a0respeto, esfuerzo, responsabilidad y por sobre todo perseverancia, con el fin de lograr alcanzar con \u00e9xito cada nuevo desaf\u00edo social, afectivo, conductual y acad\u00e9mico. Est\u00e1 vez acompa\u00f1amos a nuestra directora de estudios de\u00a0Ense\u00f1anza B\u00e1sica, Claudia Gaete Rojas, [&hellip;]","next_post_link":"https:\/\/www.manquecura.cl\/valle-lo-campino\/noticias\/diploma-esfuerzo-y-perseverancia-ensenanza-basica-marzo-2023\/","next_post_class":["post-14472","post","type-post","status-publish","format-standard","has-post-thumbnail","hentry","category-vida-escolar"],"jetpack_sharing_enabled":true,"_links":{"self":[{"href":"https:\/\/www.manquecura.cl\/valle-lo-campino\/wp-json\/wp\/v2\/posts\/14469","targetHints":{"allow":["GET"]}}],"collection":[{"href":"https:\/\/www.manquecura.cl\/valle-lo-campino\/wp-json\/wp\/v2\/posts"}],"about":[{"href":"https:\/\/www.manquecura.cl\/valle-lo-campino\/wp-json\/wp\/v2\/types\/post"}],"author":[{"embeddable":true,"href":"https:\/\/www.manquecura.cl\/valle-lo-campino\/wp-json\/wp\/v2\/users\/14"}],"replies":[{"embeddable":true,"href":"https:\/\/www.manquecura.cl\/valle-lo-campino\/wp-json\/wp\/v2\/comments?post=14469"}],"version-history":[{"count":0,"href":"https:\/\/www.manquecura.cl\/valle-lo-campino\/wp-json\/wp\/v2\/posts\/14469\/revisions"}],"wp:featuredmedia":[{"embeddable":true,"href":"https:\/\/www.manquecura.cl\/valle-lo-campino\/wp-json\/wp\/v2\/media\/14470"}],"wp:attachment":[{"href":"https:\/\/www.manquecura.cl\/valle-lo-campino\/wp-json\/wp\/v2\/media?parent=14469"}],"wp:term":[{"taxonomy":"category","embeddable":true,"href":"https:\/\/www.manquecura.cl\/valle-lo-campino\/wp-json\/wp\/v2\/categories?post=14469"},{"taxonomy":"post_tag","embeddable":true,"href":"https:\/\/www.manquecura.cl\/valle-lo-campino\/wp-json\/wp\/v2\/tags?post=14469"}],"curies":[{"name":"wp","href":"https:\/\/api.w.org\/{rel}","templated":true}]}}