{"id":14324,"date":"2023-03-24T09:47:33","date_gmt":"2023-03-24T12:47:33","guid":{"rendered":"https:\/\/www.manquecura.cl\/\/valle-lo-campino\/?p=14324"},"modified":"2023-03-24T09:47:33","modified_gmt":"2023-03-24T12:47:33","slug":"premiaciones-examenes-internacionales-2022-%f0%9f%87%ac%f0%9f%87%a7","status":"publish","type":"post","link":"https:\/\/www.manquecura.cl\/valle-lo-campino\/noticias\/premiaciones-examenes-internacionales-2022-%f0%9f%87%ac%f0%9f%87%a7\/","title":{"rendered":"Premiaciones Ex\u00e1menes Internacionales 2022 \ud83c\uddec\ud83c\udde7"},"content":{"rendered":"<p>Una vez m\u00e1s nuestro colegio, realiz\u00f3 la ceremonia de\u00a0<strong>premiaci\u00f3n de ex\u00e1menes internacionales de Cambridge<\/strong>\u00a0<em>(Starters, Movers, Ket, Pet, FCE), <\/em>correspondiente a las evaluaciones del a\u00f1o 2022<\/p>\n<p>Nuestro colegio\u00a0<strong>logr\u00f3 certificar m\u00e1s de 100 alumnos<\/strong>, estamos muy orgullosos de sus logros y del trabajo del\u00a0<strong>Departamento de Ingl\u00e9s<\/strong>.<\/p>\n<p>Agradecemos a toda la<strong>\u00a0familia Manquecura<\/strong> por apoyar a sus hijos\/as y por confiar en nuestro colegio con esta importante certificaci\u00f3n y que les ayudar\u00e1 en su futuro.<\/p>\n<p>[multimedia id=&#8221;1&#8243;]<\/p>\n"},"excerpt":{"rendered":"<p>Una vez m\u00e1s nuestro colegio, realiz\u00f3 la ceremonia de\u00a0premiaci\u00f3n de ex\u00e1menes internacionales de Cambridge\u00a0(Starters, Movers, Ket, Pet, FCE), correspondiente a las evaluaciones del a\u00f1o 2022 Nuestro colegio\u00a0logr\u00f3 certificar m\u00e1s de 100 alumnos, estamos muy orgullosos de sus logros y del trabajo del\u00a0Departamento de Ingl\u00e9s. Agradecemos a toda la\u00a0familia Manquecura por apoyar a sus hijos\/as y [&hellip;]<\/p>\n","protected":false},"author":14,"featured_media":14325,"comment_status":"open","ping_status":"open","sticky":false,"template":"","format":"standard","meta":{"_acf_changed":false,"content-type":"","_jetpack_memberships_contains_paid_content":false,"footnotes":""},"categories":[1],"tags":[],"class_list":["post-14324","post","type-post","status-publish","format-standard","has-post-thumbnail","hentry","category-vida-escolar"],"acf":[],"yoast_head":"<!-- This site is optimized with the Yoast SEO plugin v27.1.1 - https:\/\/yoast.com\/product\/yoast-seo-wordpress\/ -->\n<title>Premiaciones Ex\u00e1menes Internacionales 2022 \ud83c\uddec\ud83c\udde7 - Colegio Manquecura Valle Lo Campino<\/title>\n<meta name=\"robots\" content=\"index, follow, max-snippet:-1, max-image-preview:large, max-video-preview:-1\" \/>\n<link rel=\"canonical\" href=\"https:\/\/www.manquecura.cl\/valle-lo-campino\/noticias\/premiaciones-examenes-internacionales-2022-\ud83c\uddec\ud83c\udde7\/\" \/>\n<meta property=\"og:locale\" content=\"es_ES\" \/>\n<meta property=\"og:type\" content=\"article\" \/>\n<meta property=\"og:title\" content=\"Premiaciones Ex\u00e1menes Internacionales 2022 \ud83c\uddec\ud83c\udde7 - Colegio Manquecura Valle Lo Campino\" \/>\n<meta property=\"og:description\" content=\"Una vez m\u00e1s nuestro colegio, realiz\u00f3 la ceremonia de\u00a0premiaci\u00f3n de ex\u00e1menes internacionales de Cambridge\u00a0(Starters, Movers, Ket, Pet, FCE), correspondiente a las evaluaciones del a\u00f1o 2022 Nuestro colegio\u00a0logr\u00f3 certificar m\u00e1s de 100 alumnos, estamos muy orgullosos de sus logros y del trabajo del\u00a0Departamento de Ingl\u00e9s. Agradecemos a toda la\u00a0familia Manquecura por apoyar a sus hijos\/as y [&hellip;]\" \/>\n<meta property=\"og:url\" content=\"https:\/\/www.manquecura.cl\/valle-lo-campino\/noticias\/premiaciones-examenes-internacionales-2022-\ud83c\uddec\ud83c\udde7\/\" \/>\n<meta property=\"og:site_name\" content=\"Colegio Manquecura Valle Lo Campino\" \/>\n<meta property=\"article:publisher\" content=\"http:\/\/www.facebook.com\/ColegiosManquecura\" \/>\n<meta property=\"article:published_time\" content=\"2023-03-24T12:47:33+00:00\" \/>\n<meta name=\"author\" content=\"jorgedelcampo\" \/>\n<meta name=\"twitter:card\" content=\"summary_large_image\" \/>\n<meta name=\"twitter:label1\" content=\"Escrito por\" \/>\n\t<meta name=\"twitter:data1\" content=\"jorgedelcampo\" \/>\n<script type=\"application\/ld+json\" class=\"yoast-schema-graph\">{\"@context\":\"https:\/\/schema.org\",\"@graph\":[{\"@type\":\"Article\",\"@id\":\"https:\/\/www.manquecura.cl\/valle-lo-campino\/noticias\/premiaciones-examenes-internacionales-2022-%f0%9f%87%ac%f0%9f%87%a7\/#article\",\"isPartOf\":{\"@id\":\"https:\/\/www.manquecura.cl\/valle-lo-campino\/noticias\/premiaciones-examenes-internacionales-2022-%f0%9f%87%ac%f0%9f%87%a7\/\"},\"author\":{\"name\":\"jorgedelcampo\",\"@id\":\"https:\/\/www.manquecura.cl\/valle-lo-campino\/#\/schema\/person\/0debeea140e397b5d490ee7e553255d8\"},\"headline\":\"Premiaciones Ex\u00e1menes Internacionales 2022 \ud83c\uddec\ud83c\udde7\",\"datePublished\":\"2023-03-24T12:47:33+00:00\",\"mainEntityOfPage\":{\"@id\":\"https:\/\/www.manquecura.cl\/valle-lo-campino\/noticias\/premiaciones-examenes-internacionales-2022-%f0%9f%87%ac%f0%9f%87%a7\/\"},\"wordCount\":88,\"commentCount\":0,\"publisher\":{\"@id\":\"https:\/\/www.manquecura.cl\/valle-lo-campino\/#organization\"},\"image\":{\"@id\":\"https:\/\/www.manquecura.cl\/valle-lo-campino\/noticias\/premiaciones-examenes-internacionales-2022-%f0%9f%87%ac%f0%9f%87%a7\/#primaryimage\"},\"thumbnailUrl\":\"https:\/\/www.manquecura.cl\/valle-lo-campino\/wp-content\/uploads\/sites\/40\/2023\/03\/premaiciones-internacionesles.png\",\"articleSection\":[\"Vida Escolar\"],\"inLanguage\":\"es\",\"potentialAction\":[{\"@type\":\"CommentAction\",\"name\":\"Comment\",\"target\":[\"https:\/\/www.manquecura.cl\/valle-lo-campino\/noticias\/premiaciones-examenes-internacionales-2022-%f0%9f%87%ac%f0%9f%87%a7\/#respond\"]}]},{\"@type\":\"WebPage\",\"@id\":\"https:\/\/www.manquecura.cl\/valle-lo-campino\/noticias\/premiaciones-examenes-internacionales-2022-%f0%9f%87%ac%f0%9f%87%a7\/\",\"url\":\"https:\/\/www.manquecura.cl\/valle-lo-campino\/noticias\/premiaciones-examenes-internacionales-2022-%f0%9f%87%ac%f0%9f%87%a7\/\",\"name\":\"Premiaciones Ex\u00e1menes Internacionales 2022 \ud83c\uddec\ud83c\udde7 - Colegio Manquecura Valle Lo Campino\",\"isPartOf\":{\"@id\":\"https:\/\/www.manquecura.cl\/valle-lo-campino\/#website\"},\"primaryImageOfPage\":{\"@id\":\"https:\/\/www.manquecura.cl\/valle-lo-campino\/noticias\/premiaciones-examenes-internacionales-2022-%f0%9f%87%ac%f0%9f%87%a7\/#primaryimage\"},\"image\":{\"@id\":\"https:\/\/www.manquecura.cl\/valle-lo-campino\/noticias\/premiaciones-examenes-internacionales-2022-%f0%9f%87%ac%f0%9f%87%a7\/#primaryimage\"},\"thumbnailUrl\":\"https:\/\/www.manquecura.cl\/valle-lo-campino\/wp-content\/uploads\/sites\/40\/2023\/03\/premaiciones-internacionesles.png\",\"datePublished\":\"2023-03-24T12:47:33+00:00\",\"breadcrumb\":{\"@id\":\"https:\/\/www.manquecura.cl\/valle-lo-campino\/noticias\/premiaciones-examenes-internacionales-2022-%f0%9f%87%ac%f0%9f%87%a7\/#breadcrumb\"},\"inLanguage\":\"es\",\"potentialAction\":[{\"@type\":\"ReadAction\",\"target\":[\"https:\/\/www.manquecura.cl\/valle-lo-campino\/noticias\/premiaciones-examenes-internacionales-2022-%f0%9f%87%ac%f0%9f%87%a7\/\"]}]},{\"@type\":\"ImageObject\",\"inLanguage\":\"es\",\"@id\":\"https:\/\/www.manquecura.cl\/valle-lo-campino\/noticias\/premiaciones-examenes-internacionales-2022-%f0%9f%87%ac%f0%9f%87%a7\/#primaryimage\",\"url\":\"https:\/\/www.manquecura.cl\/valle-lo-campino\/wp-content\/uploads\/sites\/40\/2023\/03\/premaiciones-internacionesles.png\",\"contentUrl\":\"https:\/\/www.manquecura.cl\/valle-lo-campino\/wp-content\/uploads\/sites\/40\/2023\/03\/premaiciones-internacionesles.png\",\"width\":836,\"height\":523},{\"@type\":\"BreadcrumbList\",\"@id\":\"https:\/\/www.manquecura.cl\/valle-lo-campino\/noticias\/premiaciones-examenes-internacionales-2022-%f0%9f%87%ac%f0%9f%87%a7\/#breadcrumb\",\"itemListElement\":[{\"@type\":\"ListItem\",\"position\":1,\"name\":\"Home\",\"item\":\"https:\/\/www.manquecura.cl\/valle-lo-campino\/\"},{\"@type\":\"ListItem\",\"position\":2,\"name\":\"Premiaciones Ex\u00e1menes Internacionales 2022 \ud83c\uddec\ud83c\udde7\"}]},{\"@type\":\"WebSite\",\"@id\":\"https:\/\/www.manquecura.cl\/valle-lo-campino\/#website\",\"url\":\"https:\/\/www.manquecura.cl\/valle-lo-campino\/\",\"name\":\"Colegio Manquecura Valle Lo Campino\",\"description\":\"Parte de los Colegios Cognita\",\"publisher\":{\"@id\":\"https:\/\/www.manquecura.cl\/valle-lo-campino\/#organization\"},\"potentialAction\":[{\"@type\":\"SearchAction\",\"target\":{\"@type\":\"EntryPoint\",\"urlTemplate\":\"https:\/\/www.manquecura.cl\/valle-lo-campino\/?s={search_term_string}\"},\"query-input\":{\"@type\":\"PropertyValueSpecification\",\"valueRequired\":true,\"valueName\":\"search_term_string\"}}],\"inLanguage\":\"es\"},{\"@type\":\"Organization\",\"@id\":\"https:\/\/www.manquecura.cl\/valle-lo-campino\/#organization\",\"name\":\"Colegio Manquecura Valle Lo Campino\",\"url\":\"https:\/\/www.manquecura.cl\/valle-lo-campino\/\",\"logo\":{\"@type\":\"ImageObject\",\"inLanguage\":\"es\",\"@id\":\"https:\/\/www.manquecura.cl\/valle-lo-campino\/#\/schema\/logo\/image\/\",\"url\":\"https:\/\/www.manquecura.cl\/valle-lo-campino\/wp-content\/uploads\/sites\/40\/2025\/02\/logo_Manquecura_Valle-Lo-Campino_horizontal_color.webp\",\"contentUrl\":\"https:\/\/www.manquecura.cl\/valle-lo-campino\/wp-content\/uploads\/sites\/40\/2025\/02\/logo_Manquecura_Valle-Lo-Campino_horizontal_color.webp\",\"width\":400,\"height\":119,\"caption\":\"Colegio Manquecura Valle Lo Campino\"},\"image\":{\"@id\":\"https:\/\/www.manquecura.cl\/valle-lo-campino\/#\/schema\/logo\/image\/\"},\"sameAs\":[\"http:\/\/www.facebook.com\/ColegiosManquecura\",\"http:\/\/www.instagram.com\/manquecura_vallelocampino\/\",\"http:\/\/www.youtube.com\/c\/CognitaChile\"]},{\"@type\":\"Person\",\"@id\":\"https:\/\/www.manquecura.cl\/valle-lo-campino\/#\/schema\/person\/0debeea140e397b5d490ee7e553255d8\",\"name\":\"jorgedelcampo\",\"image\":{\"@type\":\"ImageObject\",\"inLanguage\":\"es\",\"@id\":\"https:\/\/www.manquecura.cl\/valle-lo-campino\/#\/schema\/person\/image\/\",\"url\":\"https:\/\/secure.gravatar.com\/avatar\/4a315f521213b2dc91dbda9bf799f711c8a98ab6f5606ec42cf5b33d1e762e8a?s=96&d=mm&r=g\",\"contentUrl\":\"https:\/\/secure.gravatar.com\/avatar\/4a315f521213b2dc91dbda9bf799f711c8a98ab6f5606ec42cf5b33d1e762e8a?s=96&d=mm&r=g\",\"caption\":\"jorgedelcampo\"}}]}<\/script>\n<!-- \/ Yoast SEO plugin. -->","yoast_head_json":{"title":"Premiaciones Ex\u00e1menes Internacionales 2022 \ud83c\uddec\ud83c\udde7 - Colegio Manquecura Valle Lo Campino","robots":{"index":"index","follow":"follow","max-snippet":"max-snippet:-1","max-image-preview":"max-image-preview:large","max-video-preview":"max-video-preview:-1"},"canonical":"https:\/\/www.manquecura.cl\/valle-lo-campino\/noticias\/premiaciones-examenes-internacionales-2022-\ud83c\uddec\ud83c\udde7\/","og_locale":"es_ES","og_type":"article","og_title":"Premiaciones Ex\u00e1menes Internacionales 2022 \ud83c\uddec\ud83c\udde7 - Colegio Manquecura Valle Lo Campino","og_description":"Una vez m\u00e1s nuestro colegio, realiz\u00f3 la ceremonia de\u00a0premiaci\u00f3n de ex\u00e1menes internacionales de Cambridge\u00a0(Starters, Movers, Ket, Pet, FCE), correspondiente a las evaluaciones del a\u00f1o 2022 Nuestro colegio\u00a0logr\u00f3 certificar m\u00e1s de 100 alumnos, estamos muy orgullosos de sus logros y del trabajo del\u00a0Departamento de Ingl\u00e9s. Agradecemos a toda la\u00a0familia Manquecura por apoyar a sus hijos\/as y [&hellip;]","og_url":"https:\/\/www.manquecura.cl\/valle-lo-campino\/noticias\/premiaciones-examenes-internacionales-2022-\ud83c\uddec\ud83c\udde7\/","og_site_name":"Colegio Manquecura Valle Lo Campino","article_publisher":"http:\/\/www.facebook.com\/ColegiosManquecura","article_published_time":"2023-03-24T12:47:33+00:00","author":"jorgedelcampo","twitter_card":"summary_large_image","twitter_misc":{"Escrito por":"jorgedelcampo"},"schema":{"@context":"https:\/\/schema.org","@graph":[{"@type":"Article","@id":"https:\/\/www.manquecura.cl\/valle-lo-campino\/noticias\/premiaciones-examenes-internacionales-2022-%f0%9f%87%ac%f0%9f%87%a7\/#article","isPartOf":{"@id":"https:\/\/www.manquecura.cl\/valle-lo-campino\/noticias\/premiaciones-examenes-internacionales-2022-%f0%9f%87%ac%f0%9f%87%a7\/"},"author":{"name":"jorgedelcampo","@id":"https:\/\/www.manquecura.cl\/valle-lo-campino\/#\/schema\/person\/0debeea140e397b5d490ee7e553255d8"},"headline":"Premiaciones Ex\u00e1menes Internacionales 2022 \ud83c\uddec\ud83c\udde7","datePublished":"2023-03-24T12:47:33+00:00","mainEntityOfPage":{"@id":"https:\/\/www.manquecura.cl\/valle-lo-campino\/noticias\/premiaciones-examenes-internacionales-2022-%f0%9f%87%ac%f0%9f%87%a7\/"},"wordCount":88,"commentCount":0,"publisher":{"@id":"https:\/\/www.manquecura.cl\/valle-lo-campino\/#organization"},"image":{"@id":"https:\/\/www.manquecura.cl\/valle-lo-campino\/noticias\/premiaciones-examenes-internacionales-2022-%f0%9f%87%ac%f0%9f%87%a7\/#primaryimage"},"thumbnailUrl":"https:\/\/www.manquecura.cl\/valle-lo-campino\/wp-content\/uploads\/sites\/40\/2023\/03\/premaiciones-internacionesles.png","articleSection":["Vida Escolar"],"inLanguage":"es","potentialAction":[{"@type":"CommentAction","name":"Comment","target":["https:\/\/www.manquecura.cl\/valle-lo-campino\/noticias\/premiaciones-examenes-internacionales-2022-%f0%9f%87%ac%f0%9f%87%a7\/#respond"]}]},{"@type":"WebPage","@id":"https:\/\/www.manquecura.cl\/valle-lo-campino\/noticias\/premiaciones-examenes-internacionales-2022-%f0%9f%87%ac%f0%9f%87%a7\/","url":"https:\/\/www.manquecura.cl\/valle-lo-campino\/noticias\/premiaciones-examenes-internacionales-2022-%f0%9f%87%ac%f0%9f%87%a7\/","name":"Premiaciones Ex\u00e1menes Internacionales 2022 \ud83c\uddec\ud83c\udde7 - Colegio Manquecura Valle Lo Campino","isPartOf":{"@id":"https:\/\/www.manquecura.cl\/valle-lo-campino\/#website"},"primaryImageOfPage":{"@id":"https:\/\/www.manquecura.cl\/valle-lo-campino\/noticias\/premiaciones-examenes-internacionales-2022-%f0%9f%87%ac%f0%9f%87%a7\/#primaryimage"},"image":{"@id":"https:\/\/www.manquecura.cl\/valle-lo-campino\/noticias\/premiaciones-examenes-internacionales-2022-%f0%9f%87%ac%f0%9f%87%a7\/#primaryimage"},"thumbnailUrl":"https:\/\/www.manquecura.cl\/valle-lo-campino\/wp-content\/uploads\/sites\/40\/2023\/03\/premaiciones-internacionesles.png","datePublished":"2023-03-24T12:47:33+00:00","breadcrumb":{"@id":"https:\/\/www.manquecura.cl\/valle-lo-campino\/noticias\/premiaciones-examenes-internacionales-2022-%f0%9f%87%ac%f0%9f%87%a7\/#breadcrumb"},"inLanguage":"es","potentialAction":[{"@type":"ReadAction","target":["https:\/\/www.manquecura.cl\/valle-lo-campino\/noticias\/premiaciones-examenes-internacionales-2022-%f0%9f%87%ac%f0%9f%87%a7\/"]}]},{"@type":"ImageObject","inLanguage":"es","@id":"https:\/\/www.manquecura.cl\/valle-lo-campino\/noticias\/premiaciones-examenes-internacionales-2022-%f0%9f%87%ac%f0%9f%87%a7\/#primaryimage","url":"https:\/\/www.manquecura.cl\/valle-lo-campino\/wp-content\/uploads\/sites\/40\/2023\/03\/premaiciones-internacionesles.png","contentUrl":"https:\/\/www.manquecura.cl\/valle-lo-campino\/wp-content\/uploads\/sites\/40\/2023\/03\/premaiciones-internacionesles.png","width":836,"height":523},{"@type":"BreadcrumbList","@id":"https:\/\/www.manquecura.cl\/valle-lo-campino\/noticias\/premiaciones-examenes-internacionales-2022-%f0%9f%87%ac%f0%9f%87%a7\/#breadcrumb","itemListElement":[{"@type":"ListItem","position":1,"name":"Home","item":"https:\/\/www.manquecura.cl\/valle-lo-campino\/"},{"@type":"ListItem","position":2,"name":"Premiaciones Ex\u00e1menes Internacionales 2022 \ud83c\uddec\ud83c\udde7"}]},{"@type":"WebSite","@id":"https:\/\/www.manquecura.cl\/valle-lo-campino\/#website","url":"https:\/\/www.manquecura.cl\/valle-lo-campino\/","name":"Colegio Manquecura Valle Lo Campino","description":"Parte de los Colegios Cognita","publisher":{"@id":"https:\/\/www.manquecura.cl\/valle-lo-campino\/#organization"},"potentialAction":[{"@type":"SearchAction","target":{"@type":"EntryPoint","urlTemplate":"https:\/\/www.manquecura.cl\/valle-lo-campino\/?s={search_term_string}"},"query-input":{"@type":"PropertyValueSpecification","valueRequired":true,"valueName":"search_term_string"}}],"inLanguage":"es"},{"@type":"Organization","@id":"https:\/\/www.manquecura.cl\/valle-lo-campino\/#organization","name":"Colegio Manquecura Valle Lo Campino","url":"https:\/\/www.manquecura.cl\/valle-lo-campino\/","logo":{"@type":"ImageObject","inLanguage":"es","@id":"https:\/\/www.manquecura.cl\/valle-lo-campino\/#\/schema\/logo\/image\/","url":"https:\/\/www.manquecura.cl\/valle-lo-campino\/wp-content\/uploads\/sites\/40\/2025\/02\/logo_Manquecura_Valle-Lo-Campino_horizontal_color.webp","contentUrl":"https:\/\/www.manquecura.cl\/valle-lo-campino\/wp-content\/uploads\/sites\/40\/2025\/02\/logo_Manquecura_Valle-Lo-Campino_horizontal_color.webp","width":400,"height":119,"caption":"Colegio Manquecura Valle Lo Campino"},"image":{"@id":"https:\/\/www.manquecura.cl\/valle-lo-campino\/#\/schema\/logo\/image\/"},"sameAs":["http:\/\/www.facebook.com\/ColegiosManquecura","http:\/\/www.instagram.com\/manquecura_vallelocampino\/","http:\/\/www.youtube.com\/c\/CognitaChile"]},{"@type":"Person","@id":"https:\/\/www.manquecura.cl\/valle-lo-campino\/#\/schema\/person\/0debeea140e397b5d490ee7e553255d8","name":"jorgedelcampo","image":{"@type":"ImageObject","inLanguage":"es","@id":"https:\/\/www.manquecura.cl\/valle-lo-campino\/#\/schema\/person\/image\/","url":"https:\/\/secure.gravatar.com\/avatar\/4a315f521213b2dc91dbda9bf799f711c8a98ab6f5606ec42cf5b33d1e762e8a?s=96&d=mm&r=g","contentUrl":"https:\/\/secure.gravatar.com\/avatar\/4a315f521213b2dc91dbda9bf799f711c8a98ab6f5606ec42cf5b33d1e762e8a?s=96&d=mm&r=g","caption":"jorgedelcampo"}}]}},"jetpack_featured_media_url":"https:\/\/www.manquecura.cl\/valle-lo-campino\/wp-content\/uploads\/sites\/40\/2023\/03\/premaiciones-internacionesles.png","previous_post_ID":14318,"previous_post_title":"Periodo de Admisi\u00f3n Hermanos 2024","previous_post_excerpt":"A partir de este lunes 20 de marzo hasta el lunes 10 de abril se realizar\u00e1 la postulaci\u00f3n de hermanos 2024. Queremos ofrecer una atenci\u00f3n preferente a nuestras actuales familias y darle prioridad a los hermanos y hermanas de nuestros alumnos. El colegio cuenta con vacantes limitadas, por lo cual los invitamos a postular y [&hellip;]","previous_post_link":"https:\/\/www.manquecura.cl\/valle-lo-campino\/noticias\/periodo-de-admision-hermanos-2024\/","previous_post_class":["post-14318","post","type-post","status-publish","format-standard","has-post-thumbnail","hentry","category-vida-escolar"],"next_post_ID":14359,"next_post_title":"Proyectos CAMPUR de marzo","next_post_excerpt":"Nuestra comunidad tiene como objetivo la alineaci\u00f3n y apoyo para desarrollar diferentes actividades. La palabra CAMPUR est\u00e1 compuesta por las siglas de las siguientes palabras: Coordinaci\u00f3n, Aprovechamiento, Madurez, Pastoral, Unidad, Relaciones. A continuaci\u00f3n presentamos los proyectos CAMPUR, correspondientes al mes de marzo de todos los niveles. \u201cAlitas para mi cuncuna\u201d &#8211; Play Group (Ahora podr\u00e1n [&hellip;]","next_post_link":"https:\/\/www.manquecura.cl\/valle-lo-campino\/noticias\/proyectos-campur-de-marzo\/","next_post_class":["post-14359","post","type-post","status-publish","format-standard","has-post-thumbnail","hentry","category-vida-escolar"],"jetpack_sharing_enabled":true,"_links":{"self":[{"href":"https:\/\/www.manquecura.cl\/valle-lo-campino\/wp-json\/wp\/v2\/posts\/14324","targetHints":{"allow":["GET"]}}],"collection":[{"href":"https:\/\/www.manquecura.cl\/valle-lo-campino\/wp-json\/wp\/v2\/posts"}],"about":[{"href":"https:\/\/www.manquecura.cl\/valle-lo-campino\/wp-json\/wp\/v2\/types\/post"}],"author":[{"embeddable":true,"href":"https:\/\/www.manquecura.cl\/valle-lo-campino\/wp-json\/wp\/v2\/users\/14"}],"replies":[{"embeddable":true,"href":"https:\/\/www.manquecura.cl\/valle-lo-campino\/wp-json\/wp\/v2\/comments?post=14324"}],"version-history":[{"count":0,"href":"https:\/\/www.manquecura.cl\/valle-lo-campino\/wp-json\/wp\/v2\/posts\/14324\/revisions"}],"wp:featuredmedia":[{"embeddable":true,"href":"https:\/\/www.manquecura.cl\/valle-lo-campino\/wp-json\/wp\/v2\/media\/14325"}],"wp:attachment":[{"href":"https:\/\/www.manquecura.cl\/valle-lo-campino\/wp-json\/wp\/v2\/media?parent=14324"}],"wp:term":[{"taxonomy":"category","embeddable":true,"href":"https:\/\/www.manquecura.cl\/valle-lo-campino\/wp-json\/wp\/v2\/categories?post=14324"},{"taxonomy":"post_tag","embeddable":true,"href":"https:\/\/www.manquecura.cl\/valle-lo-campino\/wp-json\/wp\/v2\/tags?post=14324"}],"curies":[{"name":"wp","href":"https:\/\/api.w.org\/{rel}","templated":true}]}}