{"id":13839,"date":"2022-11-29T13:11:48","date_gmt":"2022-11-29T16:11:48","guid":{"rendered":"https:\/\/www.manquecura.cl\/\/valle-lo-campino\/?p=13839"},"modified":"2022-11-29T13:11:48","modified_gmt":"2022-11-29T16:11:48","slug":"alumnos-de-4basicos-narran-cuentos-navidenos-a-1-basicos","status":"publish","type":"post","link":"https:\/\/www.manquecura.cl\/valle-lo-campino\/noticias\/alumnos-de-4basicos-narran-cuentos-navidenos-a-1-basicos\/","title":{"rendered":"Alumnos de 4\u00b0B\u00e1sicos, narran cuentos navide\u00f1os a 1\u00b0 B\u00e1sicos"},"content":{"rendered":"<p>Estas \u00faltimas semanas estudiantes de 4\u00b0 B\u00e1sico, en la asignatura de Lenguaje crearon cuentos navide\u00f1os, en un Teatrillo de papel, conocido tambi\u00e9n como<strong> Kamishibai<\/strong>.<\/p>\n<p>Los cuales posteriormente fueron narrados a sus compa\u00f1eros de 1\u00b0 B\u00e1sico, como un regalo simb\u00f3lico para finalizar un ciclo escolar.<\/p>\n<p>Agradecemos a la Profesora de Lenguaje Carolina Morales, por incentivar a leer de manera entretenida a nuestros alumnos\/as<\/p>\n<p>[multimedia id=&#8221;1&#8243;]<\/p>\n"},"excerpt":{"rendered":"<p>Estas \u00faltimas semanas estudiantes de 4\u00b0 B\u00e1sico, en la asignatura de Lenguaje crearon cuentos navide\u00f1os, en un Teatrillo de papel, conocido tambi\u00e9n como Kamishibai. Los cuales posteriormente fueron narrados a sus compa\u00f1eros de 1\u00b0 B\u00e1sico, como un regalo simb\u00f3lico para finalizar un ciclo escolar. Agradecemos a la Profesora de Lenguaje Carolina Morales, por incentivar a [&hellip;]<\/p>\n","protected":false},"author":14,"featured_media":13841,"comment_status":"open","ping_status":"open","sticky":false,"template":"","format":"standard","meta":{"_acf_changed":false,"content-type":"","_jetpack_memberships_contains_paid_content":false,"footnotes":""},"categories":[1],"tags":[],"class_list":["post-13839","post","type-post","status-publish","format-standard","has-post-thumbnail","hentry","category-vida-escolar"],"acf":[],"yoast_head":"<!-- This site is optimized with the Yoast SEO plugin v27.1.1 - https:\/\/yoast.com\/product\/yoast-seo-wordpress\/ -->\n<title>Alumnos de 4\u00b0B\u00e1sicos, narran cuentos navide\u00f1os a 1\u00b0 B\u00e1sicos - Colegio Manquecura Valle Lo Campino<\/title>\n<meta name=\"robots\" content=\"index, follow, max-snippet:-1, max-image-preview:large, max-video-preview:-1\" \/>\n<link rel=\"canonical\" href=\"https:\/\/www.manquecura.cl\/valle-lo-campino\/noticias\/alumnos-de-4basicos-narran-cuentos-navidenos-a-1-basicos\/\" \/>\n<meta property=\"og:locale\" content=\"es_ES\" \/>\n<meta property=\"og:type\" content=\"article\" \/>\n<meta property=\"og:title\" content=\"Alumnos de 4\u00b0B\u00e1sicos, narran cuentos navide\u00f1os a 1\u00b0 B\u00e1sicos - Colegio Manquecura Valle Lo Campino\" \/>\n<meta property=\"og:description\" content=\"Estas \u00faltimas semanas estudiantes de 4\u00b0 B\u00e1sico, en la asignatura de Lenguaje crearon cuentos navide\u00f1os, en un Teatrillo de papel, conocido tambi\u00e9n como Kamishibai. Los cuales posteriormente fueron narrados a sus compa\u00f1eros de 1\u00b0 B\u00e1sico, como un regalo simb\u00f3lico para finalizar un ciclo escolar. Agradecemos a la Profesora de Lenguaje Carolina Morales, por incentivar a [&hellip;]\" \/>\n<meta property=\"og:url\" content=\"https:\/\/www.manquecura.cl\/valle-lo-campino\/noticias\/alumnos-de-4basicos-narran-cuentos-navidenos-a-1-basicos\/\" \/>\n<meta property=\"og:site_name\" content=\"Colegio Manquecura Valle Lo Campino\" \/>\n<meta property=\"article:publisher\" content=\"http:\/\/www.facebook.com\/ColegiosManquecura\" \/>\n<meta property=\"article:published_time\" content=\"2022-11-29T16:11:48+00:00\" \/>\n<meta name=\"author\" content=\"jorgedelcampo\" \/>\n<meta name=\"twitter:card\" content=\"summary_large_image\" \/>\n<meta name=\"twitter:label1\" content=\"Escrito por\" \/>\n\t<meta name=\"twitter:data1\" content=\"jorgedelcampo\" \/>\n<script type=\"application\/ld+json\" class=\"yoast-schema-graph\">{\"@context\":\"https:\/\/schema.org\",\"@graph\":[{\"@type\":\"Article\",\"@id\":\"https:\/\/www.manquecura.cl\/valle-lo-campino\/noticias\/alumnos-de-4basicos-narran-cuentos-navidenos-a-1-basicos\/#article\",\"isPartOf\":{\"@id\":\"https:\/\/www.manquecura.cl\/valle-lo-campino\/noticias\/alumnos-de-4basicos-narran-cuentos-navidenos-a-1-basicos\/\"},\"author\":{\"name\":\"jorgedelcampo\",\"@id\":\"https:\/\/www.manquecura.cl\/valle-lo-campino\/#\/schema\/person\/0debeea140e397b5d490ee7e553255d8\"},\"headline\":\"Alumnos de 4\u00b0B\u00e1sicos, narran cuentos navide\u00f1os a 1\u00b0 B\u00e1sicos\",\"datePublished\":\"2022-11-29T16:11:48+00:00\",\"mainEntityOfPage\":{\"@id\":\"https:\/\/www.manquecura.cl\/valle-lo-campino\/noticias\/alumnos-de-4basicos-narran-cuentos-navidenos-a-1-basicos\/\"},\"wordCount\":80,\"commentCount\":0,\"publisher\":{\"@id\":\"https:\/\/www.manquecura.cl\/valle-lo-campino\/#organization\"},\"image\":{\"@id\":\"https:\/\/www.manquecura.cl\/valle-lo-campino\/noticias\/alumnos-de-4basicos-narran-cuentos-navidenos-a-1-basicos\/#primaryimage\"},\"thumbnailUrl\":\"https:\/\/www.manquecura.cl\/valle-lo-campino\/wp-content\/uploads\/sites\/40\/2022\/12\/CUENTA_CUENTOS_4TO-4.png\",\"articleSection\":[\"Vida Escolar\"],\"inLanguage\":\"es\",\"potentialAction\":[{\"@type\":\"CommentAction\",\"name\":\"Comment\",\"target\":[\"https:\/\/www.manquecura.cl\/valle-lo-campino\/noticias\/alumnos-de-4basicos-narran-cuentos-navidenos-a-1-basicos\/#respond\"]}]},{\"@type\":\"WebPage\",\"@id\":\"https:\/\/www.manquecura.cl\/valle-lo-campino\/noticias\/alumnos-de-4basicos-narran-cuentos-navidenos-a-1-basicos\/\",\"url\":\"https:\/\/www.manquecura.cl\/valle-lo-campino\/noticias\/alumnos-de-4basicos-narran-cuentos-navidenos-a-1-basicos\/\",\"name\":\"Alumnos de 4\u00b0B\u00e1sicos, narran cuentos navide\u00f1os a 1\u00b0 B\u00e1sicos - Colegio Manquecura Valle Lo Campino\",\"isPartOf\":{\"@id\":\"https:\/\/www.manquecura.cl\/valle-lo-campino\/#website\"},\"primaryImageOfPage\":{\"@id\":\"https:\/\/www.manquecura.cl\/valle-lo-campino\/noticias\/alumnos-de-4basicos-narran-cuentos-navidenos-a-1-basicos\/#primaryimage\"},\"image\":{\"@id\":\"https:\/\/www.manquecura.cl\/valle-lo-campino\/noticias\/alumnos-de-4basicos-narran-cuentos-navidenos-a-1-basicos\/#primaryimage\"},\"thumbnailUrl\":\"https:\/\/www.manquecura.cl\/valle-lo-campino\/wp-content\/uploads\/sites\/40\/2022\/12\/CUENTA_CUENTOS_4TO-4.png\",\"datePublished\":\"2022-11-29T16:11:48+00:00\",\"breadcrumb\":{\"@id\":\"https:\/\/www.manquecura.cl\/valle-lo-campino\/noticias\/alumnos-de-4basicos-narran-cuentos-navidenos-a-1-basicos\/#breadcrumb\"},\"inLanguage\":\"es\",\"potentialAction\":[{\"@type\":\"ReadAction\",\"target\":[\"https:\/\/www.manquecura.cl\/valle-lo-campino\/noticias\/alumnos-de-4basicos-narran-cuentos-navidenos-a-1-basicos\/\"]}]},{\"@type\":\"ImageObject\",\"inLanguage\":\"es\",\"@id\":\"https:\/\/www.manquecura.cl\/valle-lo-campino\/noticias\/alumnos-de-4basicos-narran-cuentos-navidenos-a-1-basicos\/#primaryimage\",\"url\":\"https:\/\/www.manquecura.cl\/valle-lo-campino\/wp-content\/uploads\/sites\/40\/2022\/12\/CUENTA_CUENTOS_4TO-4.png\",\"contentUrl\":\"https:\/\/www.manquecura.cl\/valle-lo-campino\/wp-content\/uploads\/sites\/40\/2022\/12\/CUENTA_CUENTOS_4TO-4.png\",\"width\":836,\"height\":523},{\"@type\":\"BreadcrumbList\",\"@id\":\"https:\/\/www.manquecura.cl\/valle-lo-campino\/noticias\/alumnos-de-4basicos-narran-cuentos-navidenos-a-1-basicos\/#breadcrumb\",\"itemListElement\":[{\"@type\":\"ListItem\",\"position\":1,\"name\":\"Home\",\"item\":\"https:\/\/www.manquecura.cl\/valle-lo-campino\/\"},{\"@type\":\"ListItem\",\"position\":2,\"name\":\"Alumnos de 4\u00b0B\u00e1sicos, narran cuentos navide\u00f1os a 1\u00b0 B\u00e1sicos\"}]},{\"@type\":\"WebSite\",\"@id\":\"https:\/\/www.manquecura.cl\/valle-lo-campino\/#website\",\"url\":\"https:\/\/www.manquecura.cl\/valle-lo-campino\/\",\"name\":\"Colegio Manquecura Valle Lo Campino\",\"description\":\"Parte de los Colegios Cognita\",\"publisher\":{\"@id\":\"https:\/\/www.manquecura.cl\/valle-lo-campino\/#organization\"},\"potentialAction\":[{\"@type\":\"SearchAction\",\"target\":{\"@type\":\"EntryPoint\",\"urlTemplate\":\"https:\/\/www.manquecura.cl\/valle-lo-campino\/?s={search_term_string}\"},\"query-input\":{\"@type\":\"PropertyValueSpecification\",\"valueRequired\":true,\"valueName\":\"search_term_string\"}}],\"inLanguage\":\"es\"},{\"@type\":\"Organization\",\"@id\":\"https:\/\/www.manquecura.cl\/valle-lo-campino\/#organization\",\"name\":\"Colegio Manquecura Valle Lo Campino\",\"url\":\"https:\/\/www.manquecura.cl\/valle-lo-campino\/\",\"logo\":{\"@type\":\"ImageObject\",\"inLanguage\":\"es\",\"@id\":\"https:\/\/www.manquecura.cl\/valle-lo-campino\/#\/schema\/logo\/image\/\",\"url\":\"https:\/\/www.manquecura.cl\/valle-lo-campino\/wp-content\/uploads\/sites\/40\/2025\/02\/logo_Manquecura_Valle-Lo-Campino_horizontal_color.webp\",\"contentUrl\":\"https:\/\/www.manquecura.cl\/valle-lo-campino\/wp-content\/uploads\/sites\/40\/2025\/02\/logo_Manquecura_Valle-Lo-Campino_horizontal_color.webp\",\"width\":400,\"height\":119,\"caption\":\"Colegio Manquecura Valle Lo Campino\"},\"image\":{\"@id\":\"https:\/\/www.manquecura.cl\/valle-lo-campino\/#\/schema\/logo\/image\/\"},\"sameAs\":[\"http:\/\/www.facebook.com\/ColegiosManquecura\",\"http:\/\/www.instagram.com\/manquecura_vallelocampino\/\",\"http:\/\/www.youtube.com\/c\/CognitaChile\"]},{\"@type\":\"Person\",\"@id\":\"https:\/\/www.manquecura.cl\/valle-lo-campino\/#\/schema\/person\/0debeea140e397b5d490ee7e553255d8\",\"name\":\"jorgedelcampo\",\"image\":{\"@type\":\"ImageObject\",\"inLanguage\":\"es\",\"@id\":\"https:\/\/www.manquecura.cl\/valle-lo-campino\/#\/schema\/person\/image\/\",\"url\":\"https:\/\/secure.gravatar.com\/avatar\/4a315f521213b2dc91dbda9bf799f711c8a98ab6f5606ec42cf5b33d1e762e8a?s=96&d=mm&r=g\",\"contentUrl\":\"https:\/\/secure.gravatar.com\/avatar\/4a315f521213b2dc91dbda9bf799f711c8a98ab6f5606ec42cf5b33d1e762e8a?s=96&d=mm&r=g\",\"caption\":\"jorgedelcampo\"}}]}<\/script>\n<!-- \/ Yoast SEO plugin. -->","yoast_head_json":{"title":"Alumnos de 4\u00b0B\u00e1sicos, narran cuentos navide\u00f1os a 1\u00b0 B\u00e1sicos - Colegio Manquecura Valle Lo Campino","robots":{"index":"index","follow":"follow","max-snippet":"max-snippet:-1","max-image-preview":"max-image-preview:large","max-video-preview":"max-video-preview:-1"},"canonical":"https:\/\/www.manquecura.cl\/valle-lo-campino\/noticias\/alumnos-de-4basicos-narran-cuentos-navidenos-a-1-basicos\/","og_locale":"es_ES","og_type":"article","og_title":"Alumnos de 4\u00b0B\u00e1sicos, narran cuentos navide\u00f1os a 1\u00b0 B\u00e1sicos - Colegio Manquecura Valle Lo Campino","og_description":"Estas \u00faltimas semanas estudiantes de 4\u00b0 B\u00e1sico, en la asignatura de Lenguaje crearon cuentos navide\u00f1os, en un Teatrillo de papel, conocido tambi\u00e9n como Kamishibai. Los cuales posteriormente fueron narrados a sus compa\u00f1eros de 1\u00b0 B\u00e1sico, como un regalo simb\u00f3lico para finalizar un ciclo escolar. Agradecemos a la Profesora de Lenguaje Carolina Morales, por incentivar a [&hellip;]","og_url":"https:\/\/www.manquecura.cl\/valle-lo-campino\/noticias\/alumnos-de-4basicos-narran-cuentos-navidenos-a-1-basicos\/","og_site_name":"Colegio Manquecura Valle Lo Campino","article_publisher":"http:\/\/www.facebook.com\/ColegiosManquecura","article_published_time":"2022-11-29T16:11:48+00:00","author":"jorgedelcampo","twitter_card":"summary_large_image","twitter_misc":{"Escrito por":"jorgedelcampo"},"schema":{"@context":"https:\/\/schema.org","@graph":[{"@type":"Article","@id":"https:\/\/www.manquecura.cl\/valle-lo-campino\/noticias\/alumnos-de-4basicos-narran-cuentos-navidenos-a-1-basicos\/#article","isPartOf":{"@id":"https:\/\/www.manquecura.cl\/valle-lo-campino\/noticias\/alumnos-de-4basicos-narran-cuentos-navidenos-a-1-basicos\/"},"author":{"name":"jorgedelcampo","@id":"https:\/\/www.manquecura.cl\/valle-lo-campino\/#\/schema\/person\/0debeea140e397b5d490ee7e553255d8"},"headline":"Alumnos de 4\u00b0B\u00e1sicos, narran cuentos navide\u00f1os a 1\u00b0 B\u00e1sicos","datePublished":"2022-11-29T16:11:48+00:00","mainEntityOfPage":{"@id":"https:\/\/www.manquecura.cl\/valle-lo-campino\/noticias\/alumnos-de-4basicos-narran-cuentos-navidenos-a-1-basicos\/"},"wordCount":80,"commentCount":0,"publisher":{"@id":"https:\/\/www.manquecura.cl\/valle-lo-campino\/#organization"},"image":{"@id":"https:\/\/www.manquecura.cl\/valle-lo-campino\/noticias\/alumnos-de-4basicos-narran-cuentos-navidenos-a-1-basicos\/#primaryimage"},"thumbnailUrl":"https:\/\/www.manquecura.cl\/valle-lo-campino\/wp-content\/uploads\/sites\/40\/2022\/12\/CUENTA_CUENTOS_4TO-4.png","articleSection":["Vida Escolar"],"inLanguage":"es","potentialAction":[{"@type":"CommentAction","name":"Comment","target":["https:\/\/www.manquecura.cl\/valle-lo-campino\/noticias\/alumnos-de-4basicos-narran-cuentos-navidenos-a-1-basicos\/#respond"]}]},{"@type":"WebPage","@id":"https:\/\/www.manquecura.cl\/valle-lo-campino\/noticias\/alumnos-de-4basicos-narran-cuentos-navidenos-a-1-basicos\/","url":"https:\/\/www.manquecura.cl\/valle-lo-campino\/noticias\/alumnos-de-4basicos-narran-cuentos-navidenos-a-1-basicos\/","name":"Alumnos de 4\u00b0B\u00e1sicos, narran cuentos navide\u00f1os a 1\u00b0 B\u00e1sicos - Colegio Manquecura Valle Lo Campino","isPartOf":{"@id":"https:\/\/www.manquecura.cl\/valle-lo-campino\/#website"},"primaryImageOfPage":{"@id":"https:\/\/www.manquecura.cl\/valle-lo-campino\/noticias\/alumnos-de-4basicos-narran-cuentos-navidenos-a-1-basicos\/#primaryimage"},"image":{"@id":"https:\/\/www.manquecura.cl\/valle-lo-campino\/noticias\/alumnos-de-4basicos-narran-cuentos-navidenos-a-1-basicos\/#primaryimage"},"thumbnailUrl":"https:\/\/www.manquecura.cl\/valle-lo-campino\/wp-content\/uploads\/sites\/40\/2022\/12\/CUENTA_CUENTOS_4TO-4.png","datePublished":"2022-11-29T16:11:48+00:00","breadcrumb":{"@id":"https:\/\/www.manquecura.cl\/valle-lo-campino\/noticias\/alumnos-de-4basicos-narran-cuentos-navidenos-a-1-basicos\/#breadcrumb"},"inLanguage":"es","potentialAction":[{"@type":"ReadAction","target":["https:\/\/www.manquecura.cl\/valle-lo-campino\/noticias\/alumnos-de-4basicos-narran-cuentos-navidenos-a-1-basicos\/"]}]},{"@type":"ImageObject","inLanguage":"es","@id":"https:\/\/www.manquecura.cl\/valle-lo-campino\/noticias\/alumnos-de-4basicos-narran-cuentos-navidenos-a-1-basicos\/#primaryimage","url":"https:\/\/www.manquecura.cl\/valle-lo-campino\/wp-content\/uploads\/sites\/40\/2022\/12\/CUENTA_CUENTOS_4TO-4.png","contentUrl":"https:\/\/www.manquecura.cl\/valle-lo-campino\/wp-content\/uploads\/sites\/40\/2022\/12\/CUENTA_CUENTOS_4TO-4.png","width":836,"height":523},{"@type":"BreadcrumbList","@id":"https:\/\/www.manquecura.cl\/valle-lo-campino\/noticias\/alumnos-de-4basicos-narran-cuentos-navidenos-a-1-basicos\/#breadcrumb","itemListElement":[{"@type":"ListItem","position":1,"name":"Home","item":"https:\/\/www.manquecura.cl\/valle-lo-campino\/"},{"@type":"ListItem","position":2,"name":"Alumnos de 4\u00b0B\u00e1sicos, narran cuentos navide\u00f1os a 1\u00b0 B\u00e1sicos"}]},{"@type":"WebSite","@id":"https:\/\/www.manquecura.cl\/valle-lo-campino\/#website","url":"https:\/\/www.manquecura.cl\/valle-lo-campino\/","name":"Colegio Manquecura Valle Lo Campino","description":"Parte de los Colegios Cognita","publisher":{"@id":"https:\/\/www.manquecura.cl\/valle-lo-campino\/#organization"},"potentialAction":[{"@type":"SearchAction","target":{"@type":"EntryPoint","urlTemplate":"https:\/\/www.manquecura.cl\/valle-lo-campino\/?s={search_term_string}"},"query-input":{"@type":"PropertyValueSpecification","valueRequired":true,"valueName":"search_term_string"}}],"inLanguage":"es"},{"@type":"Organization","@id":"https:\/\/www.manquecura.cl\/valle-lo-campino\/#organization","name":"Colegio Manquecura Valle Lo Campino","url":"https:\/\/www.manquecura.cl\/valle-lo-campino\/","logo":{"@type":"ImageObject","inLanguage":"es","@id":"https:\/\/www.manquecura.cl\/valle-lo-campino\/#\/schema\/logo\/image\/","url":"https:\/\/www.manquecura.cl\/valle-lo-campino\/wp-content\/uploads\/sites\/40\/2025\/02\/logo_Manquecura_Valle-Lo-Campino_horizontal_color.webp","contentUrl":"https:\/\/www.manquecura.cl\/valle-lo-campino\/wp-content\/uploads\/sites\/40\/2025\/02\/logo_Manquecura_Valle-Lo-Campino_horizontal_color.webp","width":400,"height":119,"caption":"Colegio Manquecura Valle Lo Campino"},"image":{"@id":"https:\/\/www.manquecura.cl\/valle-lo-campino\/#\/schema\/logo\/image\/"},"sameAs":["http:\/\/www.facebook.com\/ColegiosManquecura","http:\/\/www.instagram.com\/manquecura_vallelocampino\/","http:\/\/www.youtube.com\/c\/CognitaChile"]},{"@type":"Person","@id":"https:\/\/www.manquecura.cl\/valle-lo-campino\/#\/schema\/person\/0debeea140e397b5d490ee7e553255d8","name":"jorgedelcampo","image":{"@type":"ImageObject","inLanguage":"es","@id":"https:\/\/www.manquecura.cl\/valle-lo-campino\/#\/schema\/person\/image\/","url":"https:\/\/secure.gravatar.com\/avatar\/4a315f521213b2dc91dbda9bf799f711c8a98ab6f5606ec42cf5b33d1e762e8a?s=96&d=mm&r=g","contentUrl":"https:\/\/secure.gravatar.com\/avatar\/4a315f521213b2dc91dbda9bf799f711c8a98ab6f5606ec42cf5b33d1e762e8a?s=96&d=mm&r=g","caption":"jorgedelcampo"}}]}},"jetpack_featured_media_url":"https:\/\/www.manquecura.cl\/valle-lo-campino\/wp-content\/uploads\/sites\/40\/2022\/12\/CUENTA_CUENTOS_4TO-4.png","previous_post_ID":13747,"previous_post_title":"English Week","previous_post_excerpt":"Nuestro colegio cuenta con un trabajo del Idioma Ingl\u00e9s Intensivo, con el objetivo de potenciar el idioma desde peque\u00f1os, es por eso que contantemente realizamos actividades relacionadas. Es por ello que hemos realizado la Semana del Ingl\u00e9s, English Week, donde nuestros estudiantes de Educaci\u00f3n Parvularia y B\u00e1sica, realizaron la presentaci\u00f3n de su personaje de pel\u00edculas [&hellip;]","previous_post_link":"https:\/\/www.manquecura.cl\/valle-lo-campino\/noticias\/english-week\/","previous_post_class":["post-13747","post","type-post","status-publish","format-standard","has-post-thumbnail","hentry","category-vida-escolar"],"next_post_ID":13852,"next_post_title":"Healthy Day","next_post_excerpt":"Este viernes 2 de diciembre vivimos un incre\u00edble Healthy Day, con bailes entretenidos, obras de teatro, colaciones saludables. Esta actividad, organizada para los ciclos de p\u00e1rvulo b\u00e1sica por el equipo de Nutrition &amp; Helthy Life, con el objetivo promover en nuestros estudiantes h\u00e1bitos saludables de nutrici\u00f3n, autocuidado y vida sana, los cuales se espera que [&hellip;]","next_post_link":"https:\/\/www.manquecura.cl\/valle-lo-campino\/noticias\/healthy-day\/","next_post_class":["post-13852","post","type-post","status-publish","format-standard","has-post-thumbnail","hentry","category-vida-escolar"],"jetpack_sharing_enabled":true,"_links":{"self":[{"href":"https:\/\/www.manquecura.cl\/valle-lo-campino\/wp-json\/wp\/v2\/posts\/13839","targetHints":{"allow":["GET"]}}],"collection":[{"href":"https:\/\/www.manquecura.cl\/valle-lo-campino\/wp-json\/wp\/v2\/posts"}],"about":[{"href":"https:\/\/www.manquecura.cl\/valle-lo-campino\/wp-json\/wp\/v2\/types\/post"}],"author":[{"embeddable":true,"href":"https:\/\/www.manquecura.cl\/valle-lo-campino\/wp-json\/wp\/v2\/users\/14"}],"replies":[{"embeddable":true,"href":"https:\/\/www.manquecura.cl\/valle-lo-campino\/wp-json\/wp\/v2\/comments?post=13839"}],"version-history":[{"count":0,"href":"https:\/\/www.manquecura.cl\/valle-lo-campino\/wp-json\/wp\/v2\/posts\/13839\/revisions"}],"wp:featuredmedia":[{"embeddable":true,"href":"https:\/\/www.manquecura.cl\/valle-lo-campino\/wp-json\/wp\/v2\/media\/13841"}],"wp:attachment":[{"href":"https:\/\/www.manquecura.cl\/valle-lo-campino\/wp-json\/wp\/v2\/media?parent=13839"}],"wp:term":[{"taxonomy":"category","embeddable":true,"href":"https:\/\/www.manquecura.cl\/valle-lo-campino\/wp-json\/wp\/v2\/categories?post=13839"},{"taxonomy":"post_tag","embeddable":true,"href":"https:\/\/www.manquecura.cl\/valle-lo-campino\/wp-json\/wp\/v2\/tags?post=13839"}],"curies":[{"name":"wp","href":"https:\/\/api.w.org\/{rel}","templated":true}]}}