{"id":13826,"date":"2022-12-02T16:55:48","date_gmt":"2022-12-02T19:55:48","guid":{"rendered":"https:\/\/www.manquecura.cl\/\/valle-lo-campino\/?p=13826"},"modified":"2022-12-02T16:55:48","modified_gmt":"2022-12-02T19:55:48","slug":"celebramos-a-nuestras-secretarias-porteros-y-tens-en-su-dia","status":"publish","type":"post","link":"https:\/\/www.manquecura.cl\/valle-lo-campino\/noticias\/celebramos-a-nuestras-secretarias-porteros-y-tens-en-su-dia\/","title":{"rendered":"Celebramos a nuestras Secretarias, Porteros y Tens en su d\u00eda"},"content":{"rendered":"<p>La ma\u00f1ana de este viernes, nuestra rectora Rosa Rold\u00e1n y el Equipo Directivo entregaron un presente a las secretarias, porteros y Tens, del colegio, para celebrar su d\u00eda y agradecer la sonrisa y carisma que entregan d\u00eda a d\u00eda a toda nuestra comunidad Manquecura Valle Lo Campino.<\/p>\n<p>Estamos muy contentos de contar con su labor en nuestro colegio.<\/p>\n<p>\u00a1Muy feliz d\u00eda!<\/p>\n"},"excerpt":{"rendered":"<p>La ma\u00f1ana de este viernes, nuestra rectora Rosa Rold\u00e1n y el Equipo Directivo entregaron un presente a las secretarias, porteros y Tens, del colegio, para celebrar su d\u00eda y agradecer la sonrisa y carisma que entregan d\u00eda a d\u00eda a toda nuestra comunidad Manquecura Valle Lo Campino. Estamos muy contentos de contar con su labor [&hellip;]<\/p>\n","protected":false},"author":14,"featured_media":13837,"comment_status":"open","ping_status":"open","sticky":false,"template":"","format":"standard","meta":{"_acf_changed":false,"content-type":"","_jetpack_memberships_contains_paid_content":false,"footnotes":""},"categories":[1],"tags":[],"class_list":["post-13826","post","type-post","status-publish","format-standard","has-post-thumbnail","hentry","category-vida-escolar"],"acf":[],"yoast_head":"<!-- This site is optimized with the Yoast SEO plugin v27.1.1 - https:\/\/yoast.com\/product\/yoast-seo-wordpress\/ -->\n<title>Celebramos a nuestras Secretarias, Porteros y Tens en su d\u00eda - Colegio Manquecura Valle Lo Campino<\/title>\n<meta name=\"robots\" content=\"index, follow, max-snippet:-1, max-image-preview:large, max-video-preview:-1\" \/>\n<link rel=\"canonical\" href=\"https:\/\/www.manquecura.cl\/valle-lo-campino\/noticias\/celebramos-a-nuestras-secretarias-porteros-y-tens-en-su-dia\/\" \/>\n<meta property=\"og:locale\" content=\"es_ES\" \/>\n<meta property=\"og:type\" content=\"article\" \/>\n<meta property=\"og:title\" content=\"Celebramos a nuestras Secretarias, Porteros y Tens en su d\u00eda - Colegio Manquecura Valle Lo Campino\" \/>\n<meta property=\"og:description\" content=\"La ma\u00f1ana de este viernes, nuestra rectora Rosa Rold\u00e1n y el Equipo Directivo entregaron un presente a las secretarias, porteros y Tens, del colegio, para celebrar su d\u00eda y agradecer la sonrisa y carisma que entregan d\u00eda a d\u00eda a toda nuestra comunidad Manquecura Valle Lo Campino. Estamos muy contentos de contar con su labor [&hellip;]\" \/>\n<meta property=\"og:url\" content=\"https:\/\/www.manquecura.cl\/valle-lo-campino\/noticias\/celebramos-a-nuestras-secretarias-porteros-y-tens-en-su-dia\/\" \/>\n<meta property=\"og:site_name\" content=\"Colegio Manquecura Valle Lo Campino\" \/>\n<meta property=\"article:publisher\" content=\"http:\/\/www.facebook.com\/ColegiosManquecura\" \/>\n<meta property=\"article:published_time\" content=\"2022-12-02T19:55:48+00:00\" \/>\n<meta name=\"author\" content=\"jorgedelcampo\" \/>\n<meta name=\"twitter:card\" content=\"summary_large_image\" \/>\n<meta name=\"twitter:label1\" content=\"Escrito por\" \/>\n\t<meta name=\"twitter:data1\" content=\"jorgedelcampo\" \/>\n<script type=\"application\/ld+json\" class=\"yoast-schema-graph\">{\"@context\":\"https:\/\/schema.org\",\"@graph\":[{\"@type\":\"Article\",\"@id\":\"https:\/\/www.manquecura.cl\/valle-lo-campino\/noticias\/celebramos-a-nuestras-secretarias-porteros-y-tens-en-su-dia\/#article\",\"isPartOf\":{\"@id\":\"https:\/\/www.manquecura.cl\/valle-lo-campino\/noticias\/celebramos-a-nuestras-secretarias-porteros-y-tens-en-su-dia\/\"},\"author\":{\"name\":\"jorgedelcampo\",\"@id\":\"https:\/\/www.manquecura.cl\/valle-lo-campino\/#\/schema\/person\/0debeea140e397b5d490ee7e553255d8\"},\"headline\":\"Celebramos a nuestras Secretarias, Porteros y Tens en su d\u00eda\",\"datePublished\":\"2022-12-02T19:55:48+00:00\",\"mainEntityOfPage\":{\"@id\":\"https:\/\/www.manquecura.cl\/valle-lo-campino\/noticias\/celebramos-a-nuestras-secretarias-porteros-y-tens-en-su-dia\/\"},\"wordCount\":78,\"commentCount\":0,\"publisher\":{\"@id\":\"https:\/\/www.manquecura.cl\/valle-lo-campino\/#organization\"},\"image\":{\"@id\":\"https:\/\/www.manquecura.cl\/valle-lo-campino\/noticias\/celebramos-a-nuestras-secretarias-porteros-y-tens-en-su-dia\/#primaryimage\"},\"thumbnailUrl\":\"https:\/\/www.manquecura.cl\/valle-lo-campino\/wp-content\/uploads\/sites\/40\/2022\/12\/WEB_VLC-1.png\",\"articleSection\":[\"Vida Escolar\"],\"inLanguage\":\"es\",\"potentialAction\":[{\"@type\":\"CommentAction\",\"name\":\"Comment\",\"target\":[\"https:\/\/www.manquecura.cl\/valle-lo-campino\/noticias\/celebramos-a-nuestras-secretarias-porteros-y-tens-en-su-dia\/#respond\"]}]},{\"@type\":\"WebPage\",\"@id\":\"https:\/\/www.manquecura.cl\/valle-lo-campino\/noticias\/celebramos-a-nuestras-secretarias-porteros-y-tens-en-su-dia\/\",\"url\":\"https:\/\/www.manquecura.cl\/valle-lo-campino\/noticias\/celebramos-a-nuestras-secretarias-porteros-y-tens-en-su-dia\/\",\"name\":\"Celebramos a nuestras Secretarias, Porteros y Tens en su d\u00eda - Colegio Manquecura Valle Lo Campino\",\"isPartOf\":{\"@id\":\"https:\/\/www.manquecura.cl\/valle-lo-campino\/#website\"},\"primaryImageOfPage\":{\"@id\":\"https:\/\/www.manquecura.cl\/valle-lo-campino\/noticias\/celebramos-a-nuestras-secretarias-porteros-y-tens-en-su-dia\/#primaryimage\"},\"image\":{\"@id\":\"https:\/\/www.manquecura.cl\/valle-lo-campino\/noticias\/celebramos-a-nuestras-secretarias-porteros-y-tens-en-su-dia\/#primaryimage\"},\"thumbnailUrl\":\"https:\/\/www.manquecura.cl\/valle-lo-campino\/wp-content\/uploads\/sites\/40\/2022\/12\/WEB_VLC-1.png\",\"datePublished\":\"2022-12-02T19:55:48+00:00\",\"breadcrumb\":{\"@id\":\"https:\/\/www.manquecura.cl\/valle-lo-campino\/noticias\/celebramos-a-nuestras-secretarias-porteros-y-tens-en-su-dia\/#breadcrumb\"},\"inLanguage\":\"es\",\"potentialAction\":[{\"@type\":\"ReadAction\",\"target\":[\"https:\/\/www.manquecura.cl\/valle-lo-campino\/noticias\/celebramos-a-nuestras-secretarias-porteros-y-tens-en-su-dia\/\"]}]},{\"@type\":\"ImageObject\",\"inLanguage\":\"es\",\"@id\":\"https:\/\/www.manquecura.cl\/valle-lo-campino\/noticias\/celebramos-a-nuestras-secretarias-porteros-y-tens-en-su-dia\/#primaryimage\",\"url\":\"https:\/\/www.manquecura.cl\/valle-lo-campino\/wp-content\/uploads\/sites\/40\/2022\/12\/WEB_VLC-1.png\",\"contentUrl\":\"https:\/\/www.manquecura.cl\/valle-lo-campino\/wp-content\/uploads\/sites\/40\/2022\/12\/WEB_VLC-1.png\",\"width\":836,\"height\":523},{\"@type\":\"BreadcrumbList\",\"@id\":\"https:\/\/www.manquecura.cl\/valle-lo-campino\/noticias\/celebramos-a-nuestras-secretarias-porteros-y-tens-en-su-dia\/#breadcrumb\",\"itemListElement\":[{\"@type\":\"ListItem\",\"position\":1,\"name\":\"Home\",\"item\":\"https:\/\/www.manquecura.cl\/valle-lo-campino\/\"},{\"@type\":\"ListItem\",\"position\":2,\"name\":\"Celebramos a nuestras Secretarias, Porteros y Tens en su d\u00eda\"}]},{\"@type\":\"WebSite\",\"@id\":\"https:\/\/www.manquecura.cl\/valle-lo-campino\/#website\",\"url\":\"https:\/\/www.manquecura.cl\/valle-lo-campino\/\",\"name\":\"Colegio Manquecura Valle Lo Campino\",\"description\":\"Parte de los Colegios Cognita\",\"publisher\":{\"@id\":\"https:\/\/www.manquecura.cl\/valle-lo-campino\/#organization\"},\"potentialAction\":[{\"@type\":\"SearchAction\",\"target\":{\"@type\":\"EntryPoint\",\"urlTemplate\":\"https:\/\/www.manquecura.cl\/valle-lo-campino\/?s={search_term_string}\"},\"query-input\":{\"@type\":\"PropertyValueSpecification\",\"valueRequired\":true,\"valueName\":\"search_term_string\"}}],\"inLanguage\":\"es\"},{\"@type\":\"Organization\",\"@id\":\"https:\/\/www.manquecura.cl\/valle-lo-campino\/#organization\",\"name\":\"Colegio Manquecura Valle Lo Campino\",\"url\":\"https:\/\/www.manquecura.cl\/valle-lo-campino\/\",\"logo\":{\"@type\":\"ImageObject\",\"inLanguage\":\"es\",\"@id\":\"https:\/\/www.manquecura.cl\/valle-lo-campino\/#\/schema\/logo\/image\/\",\"url\":\"https:\/\/www.manquecura.cl\/valle-lo-campino\/wp-content\/uploads\/sites\/40\/2025\/02\/logo_Manquecura_Valle-Lo-Campino_horizontal_color.webp\",\"contentUrl\":\"https:\/\/www.manquecura.cl\/valle-lo-campino\/wp-content\/uploads\/sites\/40\/2025\/02\/logo_Manquecura_Valle-Lo-Campino_horizontal_color.webp\",\"width\":400,\"height\":119,\"caption\":\"Colegio Manquecura Valle Lo Campino\"},\"image\":{\"@id\":\"https:\/\/www.manquecura.cl\/valle-lo-campino\/#\/schema\/logo\/image\/\"},\"sameAs\":[\"http:\/\/www.facebook.com\/ColegiosManquecura\",\"http:\/\/www.instagram.com\/manquecura_vallelocampino\/\",\"http:\/\/www.youtube.com\/c\/CognitaChile\"]},{\"@type\":\"Person\",\"@id\":\"https:\/\/www.manquecura.cl\/valle-lo-campino\/#\/schema\/person\/0debeea140e397b5d490ee7e553255d8\",\"name\":\"jorgedelcampo\",\"image\":{\"@type\":\"ImageObject\",\"inLanguage\":\"es\",\"@id\":\"https:\/\/www.manquecura.cl\/valle-lo-campino\/#\/schema\/person\/image\/\",\"url\":\"https:\/\/secure.gravatar.com\/avatar\/4a315f521213b2dc91dbda9bf799f711c8a98ab6f5606ec42cf5b33d1e762e8a?s=96&d=mm&r=g\",\"contentUrl\":\"https:\/\/secure.gravatar.com\/avatar\/4a315f521213b2dc91dbda9bf799f711c8a98ab6f5606ec42cf5b33d1e762e8a?s=96&d=mm&r=g\",\"caption\":\"jorgedelcampo\"}}]}<\/script>\n<!-- \/ Yoast SEO plugin. -->","yoast_head_json":{"title":"Celebramos a nuestras Secretarias, Porteros y Tens en su d\u00eda - Colegio Manquecura Valle Lo Campino","robots":{"index":"index","follow":"follow","max-snippet":"max-snippet:-1","max-image-preview":"max-image-preview:large","max-video-preview":"max-video-preview:-1"},"canonical":"https:\/\/www.manquecura.cl\/valle-lo-campino\/noticias\/celebramos-a-nuestras-secretarias-porteros-y-tens-en-su-dia\/","og_locale":"es_ES","og_type":"article","og_title":"Celebramos a nuestras Secretarias, Porteros y Tens en su d\u00eda - Colegio Manquecura Valle Lo Campino","og_description":"La ma\u00f1ana de este viernes, nuestra rectora Rosa Rold\u00e1n y el Equipo Directivo entregaron un presente a las secretarias, porteros y Tens, del colegio, para celebrar su d\u00eda y agradecer la sonrisa y carisma que entregan d\u00eda a d\u00eda a toda nuestra comunidad Manquecura Valle Lo Campino. Estamos muy contentos de contar con su labor [&hellip;]","og_url":"https:\/\/www.manquecura.cl\/valle-lo-campino\/noticias\/celebramos-a-nuestras-secretarias-porteros-y-tens-en-su-dia\/","og_site_name":"Colegio Manquecura Valle Lo Campino","article_publisher":"http:\/\/www.facebook.com\/ColegiosManquecura","article_published_time":"2022-12-02T19:55:48+00:00","author":"jorgedelcampo","twitter_card":"summary_large_image","twitter_misc":{"Escrito por":"jorgedelcampo"},"schema":{"@context":"https:\/\/schema.org","@graph":[{"@type":"Article","@id":"https:\/\/www.manquecura.cl\/valle-lo-campino\/noticias\/celebramos-a-nuestras-secretarias-porteros-y-tens-en-su-dia\/#article","isPartOf":{"@id":"https:\/\/www.manquecura.cl\/valle-lo-campino\/noticias\/celebramos-a-nuestras-secretarias-porteros-y-tens-en-su-dia\/"},"author":{"name":"jorgedelcampo","@id":"https:\/\/www.manquecura.cl\/valle-lo-campino\/#\/schema\/person\/0debeea140e397b5d490ee7e553255d8"},"headline":"Celebramos a nuestras Secretarias, Porteros y Tens en su d\u00eda","datePublished":"2022-12-02T19:55:48+00:00","mainEntityOfPage":{"@id":"https:\/\/www.manquecura.cl\/valle-lo-campino\/noticias\/celebramos-a-nuestras-secretarias-porteros-y-tens-en-su-dia\/"},"wordCount":78,"commentCount":0,"publisher":{"@id":"https:\/\/www.manquecura.cl\/valle-lo-campino\/#organization"},"image":{"@id":"https:\/\/www.manquecura.cl\/valle-lo-campino\/noticias\/celebramos-a-nuestras-secretarias-porteros-y-tens-en-su-dia\/#primaryimage"},"thumbnailUrl":"https:\/\/www.manquecura.cl\/valle-lo-campino\/wp-content\/uploads\/sites\/40\/2022\/12\/WEB_VLC-1.png","articleSection":["Vida Escolar"],"inLanguage":"es","potentialAction":[{"@type":"CommentAction","name":"Comment","target":["https:\/\/www.manquecura.cl\/valle-lo-campino\/noticias\/celebramos-a-nuestras-secretarias-porteros-y-tens-en-su-dia\/#respond"]}]},{"@type":"WebPage","@id":"https:\/\/www.manquecura.cl\/valle-lo-campino\/noticias\/celebramos-a-nuestras-secretarias-porteros-y-tens-en-su-dia\/","url":"https:\/\/www.manquecura.cl\/valle-lo-campino\/noticias\/celebramos-a-nuestras-secretarias-porteros-y-tens-en-su-dia\/","name":"Celebramos a nuestras Secretarias, Porteros y Tens en su d\u00eda - Colegio Manquecura Valle Lo Campino","isPartOf":{"@id":"https:\/\/www.manquecura.cl\/valle-lo-campino\/#website"},"primaryImageOfPage":{"@id":"https:\/\/www.manquecura.cl\/valle-lo-campino\/noticias\/celebramos-a-nuestras-secretarias-porteros-y-tens-en-su-dia\/#primaryimage"},"image":{"@id":"https:\/\/www.manquecura.cl\/valle-lo-campino\/noticias\/celebramos-a-nuestras-secretarias-porteros-y-tens-en-su-dia\/#primaryimage"},"thumbnailUrl":"https:\/\/www.manquecura.cl\/valle-lo-campino\/wp-content\/uploads\/sites\/40\/2022\/12\/WEB_VLC-1.png","datePublished":"2022-12-02T19:55:48+00:00","breadcrumb":{"@id":"https:\/\/www.manquecura.cl\/valle-lo-campino\/noticias\/celebramos-a-nuestras-secretarias-porteros-y-tens-en-su-dia\/#breadcrumb"},"inLanguage":"es","potentialAction":[{"@type":"ReadAction","target":["https:\/\/www.manquecura.cl\/valle-lo-campino\/noticias\/celebramos-a-nuestras-secretarias-porteros-y-tens-en-su-dia\/"]}]},{"@type":"ImageObject","inLanguage":"es","@id":"https:\/\/www.manquecura.cl\/valle-lo-campino\/noticias\/celebramos-a-nuestras-secretarias-porteros-y-tens-en-su-dia\/#primaryimage","url":"https:\/\/www.manquecura.cl\/valle-lo-campino\/wp-content\/uploads\/sites\/40\/2022\/12\/WEB_VLC-1.png","contentUrl":"https:\/\/www.manquecura.cl\/valle-lo-campino\/wp-content\/uploads\/sites\/40\/2022\/12\/WEB_VLC-1.png","width":836,"height":523},{"@type":"BreadcrumbList","@id":"https:\/\/www.manquecura.cl\/valle-lo-campino\/noticias\/celebramos-a-nuestras-secretarias-porteros-y-tens-en-su-dia\/#breadcrumb","itemListElement":[{"@type":"ListItem","position":1,"name":"Home","item":"https:\/\/www.manquecura.cl\/valle-lo-campino\/"},{"@type":"ListItem","position":2,"name":"Celebramos a nuestras Secretarias, Porteros y Tens en su d\u00eda"}]},{"@type":"WebSite","@id":"https:\/\/www.manquecura.cl\/valle-lo-campino\/#website","url":"https:\/\/www.manquecura.cl\/valle-lo-campino\/","name":"Colegio Manquecura Valle Lo Campino","description":"Parte de los Colegios Cognita","publisher":{"@id":"https:\/\/www.manquecura.cl\/valle-lo-campino\/#organization"},"potentialAction":[{"@type":"SearchAction","target":{"@type":"EntryPoint","urlTemplate":"https:\/\/www.manquecura.cl\/valle-lo-campino\/?s={search_term_string}"},"query-input":{"@type":"PropertyValueSpecification","valueRequired":true,"valueName":"search_term_string"}}],"inLanguage":"es"},{"@type":"Organization","@id":"https:\/\/www.manquecura.cl\/valle-lo-campino\/#organization","name":"Colegio Manquecura Valle Lo Campino","url":"https:\/\/www.manquecura.cl\/valle-lo-campino\/","logo":{"@type":"ImageObject","inLanguage":"es","@id":"https:\/\/www.manquecura.cl\/valle-lo-campino\/#\/schema\/logo\/image\/","url":"https:\/\/www.manquecura.cl\/valle-lo-campino\/wp-content\/uploads\/sites\/40\/2025\/02\/logo_Manquecura_Valle-Lo-Campino_horizontal_color.webp","contentUrl":"https:\/\/www.manquecura.cl\/valle-lo-campino\/wp-content\/uploads\/sites\/40\/2025\/02\/logo_Manquecura_Valle-Lo-Campino_horizontal_color.webp","width":400,"height":119,"caption":"Colegio Manquecura Valle Lo Campino"},"image":{"@id":"https:\/\/www.manquecura.cl\/valle-lo-campino\/#\/schema\/logo\/image\/"},"sameAs":["http:\/\/www.facebook.com\/ColegiosManquecura","http:\/\/www.instagram.com\/manquecura_vallelocampino\/","http:\/\/www.youtube.com\/c\/CognitaChile"]},{"@type":"Person","@id":"https:\/\/www.manquecura.cl\/valle-lo-campino\/#\/schema\/person\/0debeea140e397b5d490ee7e553255d8","name":"jorgedelcampo","image":{"@type":"ImageObject","inLanguage":"es","@id":"https:\/\/www.manquecura.cl\/valle-lo-campino\/#\/schema\/person\/image\/","url":"https:\/\/secure.gravatar.com\/avatar\/4a315f521213b2dc91dbda9bf799f711c8a98ab6f5606ec42cf5b33d1e762e8a?s=96&d=mm&r=g","contentUrl":"https:\/\/secure.gravatar.com\/avatar\/4a315f521213b2dc91dbda9bf799f711c8a98ab6f5606ec42cf5b33d1e762e8a?s=96&d=mm&r=g","caption":"jorgedelcampo"}}]}},"jetpack_featured_media_url":"https:\/\/www.manquecura.cl\/valle-lo-campino\/wp-content\/uploads\/sites\/40\/2022\/12\/WEB_VLC-1.png","previous_post_ID":13807,"previous_post_title":"Visita Brigada Road Safety a Museo Hist\u00f3rico de Carabineros","previous_post_excerpt":"La Brigada Escolar Road Safety visit\u00f3 el Museo Hist\u00f3rico de Carabineros, patrimonio hist\u00f3rico que les permiti\u00f3 a los alumnos, aprender m\u00e1s de nuestra historia y ampliar su cultura. El MHC presenta una exhibici\u00f3n cronol\u00f3gica de la funci\u00f3n policial en Chile. La muestra cuenta con 10 salas que abarcan desde la Conquista hasta nuestros d\u00edas, pasando [&hellip;]","previous_post_link":"https:\/\/www.manquecura.cl\/valle-lo-campino\/noticias\/visita-brigada-road-safety-a-museo-historico-de-carabineros\/","previous_post_class":["post-13807","post","type-post","status-publish","format-standard","has-post-thumbnail","hentry","category-vida-escolar"],"next_post_ID":13878,"next_post_title":"Ceremonia de Premiaciones Educaci\u00f3n B\u00e1sica","next_post_excerpt":"Este lunes 05 de diciembre se llev\u00f3 a cabo la Ceremonias de Premiaci\u00f3n de nuestros alumnos de 1\u00b0 a 6\u00b0 B\u00e1sico, destacados en alg\u00fan \u00e1mbito de su vida escolar, durante el a\u00f1o acad\u00e9mico 2022. En la actividad se entregaron los siguientes reconocimientos: Premio CAMPUR, que est\u00e1 orientado al desarrollo de habilidades interpersonales de nuestros estudiantes [&hellip;]","next_post_link":"https:\/\/www.manquecura.cl\/valle-lo-campino\/noticias\/ceremonia-de-premiaciones-educacion-basica\/","next_post_class":["post-13878","post","type-post","status-publish","format-standard","has-post-thumbnail","hentry","category-vida-escolar"],"jetpack_sharing_enabled":true,"_links":{"self":[{"href":"https:\/\/www.manquecura.cl\/valle-lo-campino\/wp-json\/wp\/v2\/posts\/13826","targetHints":{"allow":["GET"]}}],"collection":[{"href":"https:\/\/www.manquecura.cl\/valle-lo-campino\/wp-json\/wp\/v2\/posts"}],"about":[{"href":"https:\/\/www.manquecura.cl\/valle-lo-campino\/wp-json\/wp\/v2\/types\/post"}],"author":[{"embeddable":true,"href":"https:\/\/www.manquecura.cl\/valle-lo-campino\/wp-json\/wp\/v2\/users\/14"}],"replies":[{"embeddable":true,"href":"https:\/\/www.manquecura.cl\/valle-lo-campino\/wp-json\/wp\/v2\/comments?post=13826"}],"version-history":[{"count":0,"href":"https:\/\/www.manquecura.cl\/valle-lo-campino\/wp-json\/wp\/v2\/posts\/13826\/revisions"}],"wp:featuredmedia":[{"embeddable":true,"href":"https:\/\/www.manquecura.cl\/valle-lo-campino\/wp-json\/wp\/v2\/media\/13837"}],"wp:attachment":[{"href":"https:\/\/www.manquecura.cl\/valle-lo-campino\/wp-json\/wp\/v2\/media?parent=13826"}],"wp:term":[{"taxonomy":"category","embeddable":true,"href":"https:\/\/www.manquecura.cl\/valle-lo-campino\/wp-json\/wp\/v2\/categories?post=13826"},{"taxonomy":"post_tag","embeddable":true,"href":"https:\/\/www.manquecura.cl\/valle-lo-campino\/wp-json\/wp\/v2\/tags?post=13826"}],"curies":[{"name":"wp","href":"https:\/\/api.w.org\/{rel}","templated":true}]}}