{"id":13809,"date":"2022-12-02T16:37:55","date_gmt":"2022-12-02T19:37:55","guid":{"rendered":"https:\/\/www.manquecura.cl\/\/valle-lo-campino\/?p=13809"},"modified":"2022-12-02T16:37:55","modified_gmt":"2022-12-02T19:37:55","slug":"ultima-actividad-de-articulacion-de-kinder-con-1-basicos","status":"publish","type":"post","link":"https:\/\/www.manquecura.cl\/valle-lo-campino\/noticias\/ultima-actividad-de-articulacion-de-kinder-con-1-basicos\/","title":{"rendered":"\u00daltima Actividad de Articulaci\u00f3n de K\u00ednder con 1\u00b0 B\u00e1sicos"},"content":{"rendered":"<p><span style=\"font-family: tahoma, verdana, segoe, sans-serif\">Los alumnos\/as de K\u00ednder a\u00f1o 2022, han terminado su proceso de articulaci\u00f3n y quisieron realizar un desayuno compartido con sus padrinos de 1\u00b0 B\u00e1sicos, donde se entregaron cartas simb\u00f3licas\u00a0con mensajes motivadores para quienes pasan a su nueva etapa escolar de Ense\u00f1anza B\u00e1sica.<\/span><\/p>\n<p>Ha sido un trabajo intenso, lleno de momentos que marcaran la escolaridad de nuestros estudiantes, ya que sus educadoras y profesoras han trabajo para que sea un proceso de cambio tranquilo y con la confianza de que el colegio siempre tiene algo bueno que entregarles en sus etapas.<\/p>\n<p>[multimedia id=&#8221;1&#8243;]<\/p>\n"},"excerpt":{"rendered":"<p>Los alumnos\/as de K\u00ednder a\u00f1o 2022, han terminado su proceso de articulaci\u00f3n y quisieron realizar un desayuno compartido con sus padrinos de 1\u00b0 B\u00e1sicos, donde se entregaron cartas simb\u00f3licas\u00a0con mensajes motivadores para quienes pasan a su nueva etapa escolar de Ense\u00f1anza B\u00e1sica. Ha sido un trabajo intenso, lleno de momentos que marcaran la escolaridad de [&hellip;]<\/p>\n","protected":false},"author":14,"featured_media":13810,"comment_status":"open","ping_status":"open","sticky":false,"template":"","format":"standard","meta":{"_acf_changed":false,"content-type":"","_jetpack_memberships_contains_paid_content":false,"footnotes":""},"categories":[1],"tags":[],"class_list":["post-13809","post","type-post","status-publish","format-standard","has-post-thumbnail","hentry","category-vida-escolar"],"acf":[],"yoast_head":"<!-- This site is optimized with the Yoast SEO plugin v27.1.1 - https:\/\/yoast.com\/product\/yoast-seo-wordpress\/ -->\n<title>\u00daltima Actividad de Articulaci\u00f3n de K\u00ednder con 1\u00b0 B\u00e1sicos - Colegio Manquecura Valle Lo Campino<\/title>\n<meta name=\"robots\" content=\"index, follow, max-snippet:-1, max-image-preview:large, max-video-preview:-1\" \/>\n<link rel=\"canonical\" href=\"https:\/\/www.manquecura.cl\/valle-lo-campino\/noticias\/ultima-actividad-de-articulacion-de-kinder-con-1-basicos\/\" \/>\n<meta property=\"og:locale\" content=\"es_ES\" \/>\n<meta property=\"og:type\" content=\"article\" \/>\n<meta property=\"og:title\" content=\"\u00daltima Actividad de Articulaci\u00f3n de K\u00ednder con 1\u00b0 B\u00e1sicos - Colegio Manquecura Valle Lo Campino\" \/>\n<meta property=\"og:description\" content=\"Los alumnos\/as de K\u00ednder a\u00f1o 2022, han terminado su proceso de articulaci\u00f3n y quisieron realizar un desayuno compartido con sus padrinos de 1\u00b0 B\u00e1sicos, donde se entregaron cartas simb\u00f3licas\u00a0con mensajes motivadores para quienes pasan a su nueva etapa escolar de Ense\u00f1anza B\u00e1sica. Ha sido un trabajo intenso, lleno de momentos que marcaran la escolaridad de [&hellip;]\" \/>\n<meta property=\"og:url\" content=\"https:\/\/www.manquecura.cl\/valle-lo-campino\/noticias\/ultima-actividad-de-articulacion-de-kinder-con-1-basicos\/\" \/>\n<meta property=\"og:site_name\" content=\"Colegio Manquecura Valle Lo Campino\" \/>\n<meta property=\"article:publisher\" content=\"http:\/\/www.facebook.com\/ColegiosManquecura\" \/>\n<meta property=\"article:published_time\" content=\"2022-12-02T19:37:55+00:00\" \/>\n<meta name=\"author\" content=\"jorgedelcampo\" \/>\n<meta name=\"twitter:card\" content=\"summary_large_image\" \/>\n<meta name=\"twitter:label1\" content=\"Escrito por\" \/>\n\t<meta name=\"twitter:data1\" content=\"jorgedelcampo\" \/>\n<script type=\"application\/ld+json\" class=\"yoast-schema-graph\">{\"@context\":\"https:\/\/schema.org\",\"@graph\":[{\"@type\":\"Article\",\"@id\":\"https:\/\/www.manquecura.cl\/valle-lo-campino\/noticias\/ultima-actividad-de-articulacion-de-kinder-con-1-basicos\/#article\",\"isPartOf\":{\"@id\":\"https:\/\/www.manquecura.cl\/valle-lo-campino\/noticias\/ultima-actividad-de-articulacion-de-kinder-con-1-basicos\/\"},\"author\":{\"name\":\"jorgedelcampo\",\"@id\":\"https:\/\/www.manquecura.cl\/valle-lo-campino\/#\/schema\/person\/0debeea140e397b5d490ee7e553255d8\"},\"headline\":\"\u00daltima Actividad de Articulaci\u00f3n de K\u00ednder con 1\u00b0 B\u00e1sicos\",\"datePublished\":\"2022-12-02T19:37:55+00:00\",\"mainEntityOfPage\":{\"@id\":\"https:\/\/www.manquecura.cl\/valle-lo-campino\/noticias\/ultima-actividad-de-articulacion-de-kinder-con-1-basicos\/\"},\"wordCount\":110,\"commentCount\":0,\"publisher\":{\"@id\":\"https:\/\/www.manquecura.cl\/valle-lo-campino\/#organization\"},\"image\":{\"@id\":\"https:\/\/www.manquecura.cl\/valle-lo-campino\/noticias\/ultima-actividad-de-articulacion-de-kinder-con-1-basicos\/#primaryimage\"},\"thumbnailUrl\":\"https:\/\/www.manquecura.cl\/valle-lo-campino\/wp-content\/uploads\/sites\/40\/2022\/12\/ULTIMA_ARTICULACION_2022-4.png\",\"articleSection\":[\"Vida Escolar\"],\"inLanguage\":\"es\",\"potentialAction\":[{\"@type\":\"CommentAction\",\"name\":\"Comment\",\"target\":[\"https:\/\/www.manquecura.cl\/valle-lo-campino\/noticias\/ultima-actividad-de-articulacion-de-kinder-con-1-basicos\/#respond\"]}]},{\"@type\":\"WebPage\",\"@id\":\"https:\/\/www.manquecura.cl\/valle-lo-campino\/noticias\/ultima-actividad-de-articulacion-de-kinder-con-1-basicos\/\",\"url\":\"https:\/\/www.manquecura.cl\/valle-lo-campino\/noticias\/ultima-actividad-de-articulacion-de-kinder-con-1-basicos\/\",\"name\":\"\u00daltima Actividad de Articulaci\u00f3n de K\u00ednder con 1\u00b0 B\u00e1sicos - Colegio Manquecura Valle Lo Campino\",\"isPartOf\":{\"@id\":\"https:\/\/www.manquecura.cl\/valle-lo-campino\/#website\"},\"primaryImageOfPage\":{\"@id\":\"https:\/\/www.manquecura.cl\/valle-lo-campino\/noticias\/ultima-actividad-de-articulacion-de-kinder-con-1-basicos\/#primaryimage\"},\"image\":{\"@id\":\"https:\/\/www.manquecura.cl\/valle-lo-campino\/noticias\/ultima-actividad-de-articulacion-de-kinder-con-1-basicos\/#primaryimage\"},\"thumbnailUrl\":\"https:\/\/www.manquecura.cl\/valle-lo-campino\/wp-content\/uploads\/sites\/40\/2022\/12\/ULTIMA_ARTICULACION_2022-4.png\",\"datePublished\":\"2022-12-02T19:37:55+00:00\",\"breadcrumb\":{\"@id\":\"https:\/\/www.manquecura.cl\/valle-lo-campino\/noticias\/ultima-actividad-de-articulacion-de-kinder-con-1-basicos\/#breadcrumb\"},\"inLanguage\":\"es\",\"potentialAction\":[{\"@type\":\"ReadAction\",\"target\":[\"https:\/\/www.manquecura.cl\/valle-lo-campino\/noticias\/ultima-actividad-de-articulacion-de-kinder-con-1-basicos\/\"]}]},{\"@type\":\"ImageObject\",\"inLanguage\":\"es\",\"@id\":\"https:\/\/www.manquecura.cl\/valle-lo-campino\/noticias\/ultima-actividad-de-articulacion-de-kinder-con-1-basicos\/#primaryimage\",\"url\":\"https:\/\/www.manquecura.cl\/valle-lo-campino\/wp-content\/uploads\/sites\/40\/2022\/12\/ULTIMA_ARTICULACION_2022-4.png\",\"contentUrl\":\"https:\/\/www.manquecura.cl\/valle-lo-campino\/wp-content\/uploads\/sites\/40\/2022\/12\/ULTIMA_ARTICULACION_2022-4.png\",\"width\":836,\"height\":523},{\"@type\":\"BreadcrumbList\",\"@id\":\"https:\/\/www.manquecura.cl\/valle-lo-campino\/noticias\/ultima-actividad-de-articulacion-de-kinder-con-1-basicos\/#breadcrumb\",\"itemListElement\":[{\"@type\":\"ListItem\",\"position\":1,\"name\":\"Home\",\"item\":\"https:\/\/www.manquecura.cl\/valle-lo-campino\/\"},{\"@type\":\"ListItem\",\"position\":2,\"name\":\"\u00daltima Actividad de Articulaci\u00f3n de K\u00ednder con 1\u00b0 B\u00e1sicos\"}]},{\"@type\":\"WebSite\",\"@id\":\"https:\/\/www.manquecura.cl\/valle-lo-campino\/#website\",\"url\":\"https:\/\/www.manquecura.cl\/valle-lo-campino\/\",\"name\":\"Colegio Manquecura Valle Lo Campino\",\"description\":\"Parte de los Colegios Cognita\",\"publisher\":{\"@id\":\"https:\/\/www.manquecura.cl\/valle-lo-campino\/#organization\"},\"potentialAction\":[{\"@type\":\"SearchAction\",\"target\":{\"@type\":\"EntryPoint\",\"urlTemplate\":\"https:\/\/www.manquecura.cl\/valle-lo-campino\/?s={search_term_string}\"},\"query-input\":{\"@type\":\"PropertyValueSpecification\",\"valueRequired\":true,\"valueName\":\"search_term_string\"}}],\"inLanguage\":\"es\"},{\"@type\":\"Organization\",\"@id\":\"https:\/\/www.manquecura.cl\/valle-lo-campino\/#organization\",\"name\":\"Colegio Manquecura Valle Lo Campino\",\"url\":\"https:\/\/www.manquecura.cl\/valle-lo-campino\/\",\"logo\":{\"@type\":\"ImageObject\",\"inLanguage\":\"es\",\"@id\":\"https:\/\/www.manquecura.cl\/valle-lo-campino\/#\/schema\/logo\/image\/\",\"url\":\"https:\/\/www.manquecura.cl\/valle-lo-campino\/wp-content\/uploads\/sites\/40\/2025\/02\/logo_Manquecura_Valle-Lo-Campino_horizontal_color.webp\",\"contentUrl\":\"https:\/\/www.manquecura.cl\/valle-lo-campino\/wp-content\/uploads\/sites\/40\/2025\/02\/logo_Manquecura_Valle-Lo-Campino_horizontal_color.webp\",\"width\":400,\"height\":119,\"caption\":\"Colegio Manquecura Valle Lo Campino\"},\"image\":{\"@id\":\"https:\/\/www.manquecura.cl\/valle-lo-campino\/#\/schema\/logo\/image\/\"},\"sameAs\":[\"http:\/\/www.facebook.com\/ColegiosManquecura\",\"http:\/\/www.instagram.com\/manquecura_vallelocampino\/\",\"http:\/\/www.youtube.com\/c\/CognitaChile\"]},{\"@type\":\"Person\",\"@id\":\"https:\/\/www.manquecura.cl\/valle-lo-campino\/#\/schema\/person\/0debeea140e397b5d490ee7e553255d8\",\"name\":\"jorgedelcampo\",\"image\":{\"@type\":\"ImageObject\",\"inLanguage\":\"es\",\"@id\":\"https:\/\/www.manquecura.cl\/valle-lo-campino\/#\/schema\/person\/image\/\",\"url\":\"https:\/\/secure.gravatar.com\/avatar\/4a315f521213b2dc91dbda9bf799f711c8a98ab6f5606ec42cf5b33d1e762e8a?s=96&d=mm&r=g\",\"contentUrl\":\"https:\/\/secure.gravatar.com\/avatar\/4a315f521213b2dc91dbda9bf799f711c8a98ab6f5606ec42cf5b33d1e762e8a?s=96&d=mm&r=g\",\"caption\":\"jorgedelcampo\"}}]}<\/script>\n<!-- \/ Yoast SEO plugin. -->","yoast_head_json":{"title":"\u00daltima Actividad de Articulaci\u00f3n de K\u00ednder con 1\u00b0 B\u00e1sicos - Colegio Manquecura Valle Lo Campino","robots":{"index":"index","follow":"follow","max-snippet":"max-snippet:-1","max-image-preview":"max-image-preview:large","max-video-preview":"max-video-preview:-1"},"canonical":"https:\/\/www.manquecura.cl\/valle-lo-campino\/noticias\/ultima-actividad-de-articulacion-de-kinder-con-1-basicos\/","og_locale":"es_ES","og_type":"article","og_title":"\u00daltima Actividad de Articulaci\u00f3n de K\u00ednder con 1\u00b0 B\u00e1sicos - Colegio Manquecura Valle Lo Campino","og_description":"Los alumnos\/as de K\u00ednder a\u00f1o 2022, han terminado su proceso de articulaci\u00f3n y quisieron realizar un desayuno compartido con sus padrinos de 1\u00b0 B\u00e1sicos, donde se entregaron cartas simb\u00f3licas\u00a0con mensajes motivadores para quienes pasan a su nueva etapa escolar de Ense\u00f1anza B\u00e1sica. Ha sido un trabajo intenso, lleno de momentos que marcaran la escolaridad de [&hellip;]","og_url":"https:\/\/www.manquecura.cl\/valle-lo-campino\/noticias\/ultima-actividad-de-articulacion-de-kinder-con-1-basicos\/","og_site_name":"Colegio Manquecura Valle Lo Campino","article_publisher":"http:\/\/www.facebook.com\/ColegiosManquecura","article_published_time":"2022-12-02T19:37:55+00:00","author":"jorgedelcampo","twitter_card":"summary_large_image","twitter_misc":{"Escrito por":"jorgedelcampo"},"schema":{"@context":"https:\/\/schema.org","@graph":[{"@type":"Article","@id":"https:\/\/www.manquecura.cl\/valle-lo-campino\/noticias\/ultima-actividad-de-articulacion-de-kinder-con-1-basicos\/#article","isPartOf":{"@id":"https:\/\/www.manquecura.cl\/valle-lo-campino\/noticias\/ultima-actividad-de-articulacion-de-kinder-con-1-basicos\/"},"author":{"name":"jorgedelcampo","@id":"https:\/\/www.manquecura.cl\/valle-lo-campino\/#\/schema\/person\/0debeea140e397b5d490ee7e553255d8"},"headline":"\u00daltima Actividad de Articulaci\u00f3n de K\u00ednder con 1\u00b0 B\u00e1sicos","datePublished":"2022-12-02T19:37:55+00:00","mainEntityOfPage":{"@id":"https:\/\/www.manquecura.cl\/valle-lo-campino\/noticias\/ultima-actividad-de-articulacion-de-kinder-con-1-basicos\/"},"wordCount":110,"commentCount":0,"publisher":{"@id":"https:\/\/www.manquecura.cl\/valle-lo-campino\/#organization"},"image":{"@id":"https:\/\/www.manquecura.cl\/valle-lo-campino\/noticias\/ultima-actividad-de-articulacion-de-kinder-con-1-basicos\/#primaryimage"},"thumbnailUrl":"https:\/\/www.manquecura.cl\/valle-lo-campino\/wp-content\/uploads\/sites\/40\/2022\/12\/ULTIMA_ARTICULACION_2022-4.png","articleSection":["Vida Escolar"],"inLanguage":"es","potentialAction":[{"@type":"CommentAction","name":"Comment","target":["https:\/\/www.manquecura.cl\/valle-lo-campino\/noticias\/ultima-actividad-de-articulacion-de-kinder-con-1-basicos\/#respond"]}]},{"@type":"WebPage","@id":"https:\/\/www.manquecura.cl\/valle-lo-campino\/noticias\/ultima-actividad-de-articulacion-de-kinder-con-1-basicos\/","url":"https:\/\/www.manquecura.cl\/valle-lo-campino\/noticias\/ultima-actividad-de-articulacion-de-kinder-con-1-basicos\/","name":"\u00daltima Actividad de Articulaci\u00f3n de K\u00ednder con 1\u00b0 B\u00e1sicos - Colegio Manquecura Valle Lo Campino","isPartOf":{"@id":"https:\/\/www.manquecura.cl\/valle-lo-campino\/#website"},"primaryImageOfPage":{"@id":"https:\/\/www.manquecura.cl\/valle-lo-campino\/noticias\/ultima-actividad-de-articulacion-de-kinder-con-1-basicos\/#primaryimage"},"image":{"@id":"https:\/\/www.manquecura.cl\/valle-lo-campino\/noticias\/ultima-actividad-de-articulacion-de-kinder-con-1-basicos\/#primaryimage"},"thumbnailUrl":"https:\/\/www.manquecura.cl\/valle-lo-campino\/wp-content\/uploads\/sites\/40\/2022\/12\/ULTIMA_ARTICULACION_2022-4.png","datePublished":"2022-12-02T19:37:55+00:00","breadcrumb":{"@id":"https:\/\/www.manquecura.cl\/valle-lo-campino\/noticias\/ultima-actividad-de-articulacion-de-kinder-con-1-basicos\/#breadcrumb"},"inLanguage":"es","potentialAction":[{"@type":"ReadAction","target":["https:\/\/www.manquecura.cl\/valle-lo-campino\/noticias\/ultima-actividad-de-articulacion-de-kinder-con-1-basicos\/"]}]},{"@type":"ImageObject","inLanguage":"es","@id":"https:\/\/www.manquecura.cl\/valle-lo-campino\/noticias\/ultima-actividad-de-articulacion-de-kinder-con-1-basicos\/#primaryimage","url":"https:\/\/www.manquecura.cl\/valle-lo-campino\/wp-content\/uploads\/sites\/40\/2022\/12\/ULTIMA_ARTICULACION_2022-4.png","contentUrl":"https:\/\/www.manquecura.cl\/valle-lo-campino\/wp-content\/uploads\/sites\/40\/2022\/12\/ULTIMA_ARTICULACION_2022-4.png","width":836,"height":523},{"@type":"BreadcrumbList","@id":"https:\/\/www.manquecura.cl\/valle-lo-campino\/noticias\/ultima-actividad-de-articulacion-de-kinder-con-1-basicos\/#breadcrumb","itemListElement":[{"@type":"ListItem","position":1,"name":"Home","item":"https:\/\/www.manquecura.cl\/valle-lo-campino\/"},{"@type":"ListItem","position":2,"name":"\u00daltima Actividad de Articulaci\u00f3n de K\u00ednder con 1\u00b0 B\u00e1sicos"}]},{"@type":"WebSite","@id":"https:\/\/www.manquecura.cl\/valle-lo-campino\/#website","url":"https:\/\/www.manquecura.cl\/valle-lo-campino\/","name":"Colegio Manquecura Valle Lo Campino","description":"Parte de los Colegios Cognita","publisher":{"@id":"https:\/\/www.manquecura.cl\/valle-lo-campino\/#organization"},"potentialAction":[{"@type":"SearchAction","target":{"@type":"EntryPoint","urlTemplate":"https:\/\/www.manquecura.cl\/valle-lo-campino\/?s={search_term_string}"},"query-input":{"@type":"PropertyValueSpecification","valueRequired":true,"valueName":"search_term_string"}}],"inLanguage":"es"},{"@type":"Organization","@id":"https:\/\/www.manquecura.cl\/valle-lo-campino\/#organization","name":"Colegio Manquecura Valle Lo Campino","url":"https:\/\/www.manquecura.cl\/valle-lo-campino\/","logo":{"@type":"ImageObject","inLanguage":"es","@id":"https:\/\/www.manquecura.cl\/valle-lo-campino\/#\/schema\/logo\/image\/","url":"https:\/\/www.manquecura.cl\/valle-lo-campino\/wp-content\/uploads\/sites\/40\/2025\/02\/logo_Manquecura_Valle-Lo-Campino_horizontal_color.webp","contentUrl":"https:\/\/www.manquecura.cl\/valle-lo-campino\/wp-content\/uploads\/sites\/40\/2025\/02\/logo_Manquecura_Valle-Lo-Campino_horizontal_color.webp","width":400,"height":119,"caption":"Colegio Manquecura Valle Lo Campino"},"image":{"@id":"https:\/\/www.manquecura.cl\/valle-lo-campino\/#\/schema\/logo\/image\/"},"sameAs":["http:\/\/www.facebook.com\/ColegiosManquecura","http:\/\/www.instagram.com\/manquecura_vallelocampino\/","http:\/\/www.youtube.com\/c\/CognitaChile"]},{"@type":"Person","@id":"https:\/\/www.manquecura.cl\/valle-lo-campino\/#\/schema\/person\/0debeea140e397b5d490ee7e553255d8","name":"jorgedelcampo","image":{"@type":"ImageObject","inLanguage":"es","@id":"https:\/\/www.manquecura.cl\/valle-lo-campino\/#\/schema\/person\/image\/","url":"https:\/\/secure.gravatar.com\/avatar\/4a315f521213b2dc91dbda9bf799f711c8a98ab6f5606ec42cf5b33d1e762e8a?s=96&d=mm&r=g","contentUrl":"https:\/\/secure.gravatar.com\/avatar\/4a315f521213b2dc91dbda9bf799f711c8a98ab6f5606ec42cf5b33d1e762e8a?s=96&d=mm&r=g","caption":"jorgedelcampo"}}]}},"jetpack_featured_media_url":"https:\/\/www.manquecura.cl\/valle-lo-campino\/wp-content\/uploads\/sites\/40\/2022\/12\/ULTIMA_ARTICULACION_2022-4.png","previous_post_ID":13795,"previous_post_title":"Caminata Ecol\u00f3gica 1\u00b0 y 3\u00b0 B\u00e1sico A","previous_post_excerpt":"La tarde del jueves 01 de diciembre se llev\u00f3 a cabo una Caminata Ecol\u00f3gica organizada por las profesoras Carolyn Solorza y Marcela Aguirre quienes junto a los ni\u00f1os y apoderados, salieron por las calles de la comunidad Valle Lo Campino, a entregar un mensaje de Esperanza, el cual ten\u00eda como prop\u00f3sito concientizar a los vecinos [&hellip;]","previous_post_link":"https:\/\/www.manquecura.cl\/valle-lo-campino\/noticias\/caminata-ecologica-1-y-basico-a\/","previous_post_class":["post-13795","post","type-post","status-publish","format-standard","has-post-thumbnail","hentry","category-vida-escolar"],"next_post_ID":13807,"next_post_title":"Visita Brigada Road Safety a Museo Hist\u00f3rico de Carabineros","next_post_excerpt":"La Brigada Escolar Road Safety visit\u00f3 el Museo Hist\u00f3rico de Carabineros, patrimonio hist\u00f3rico que les permiti\u00f3 a los alumnos, aprender m\u00e1s de nuestra historia y ampliar su cultura. El MHC presenta una exhibici\u00f3n cronol\u00f3gica de la funci\u00f3n policial en Chile. La muestra cuenta con 10 salas que abarcan desde la Conquista hasta nuestros d\u00edas, pasando [&hellip;]","next_post_link":"https:\/\/www.manquecura.cl\/valle-lo-campino\/noticias\/visita-brigada-road-safety-a-museo-historico-de-carabineros\/","next_post_class":["post-13807","post","type-post","status-publish","format-standard","has-post-thumbnail","hentry","category-vida-escolar"],"jetpack_sharing_enabled":true,"_links":{"self":[{"href":"https:\/\/www.manquecura.cl\/valle-lo-campino\/wp-json\/wp\/v2\/posts\/13809","targetHints":{"allow":["GET"]}}],"collection":[{"href":"https:\/\/www.manquecura.cl\/valle-lo-campino\/wp-json\/wp\/v2\/posts"}],"about":[{"href":"https:\/\/www.manquecura.cl\/valle-lo-campino\/wp-json\/wp\/v2\/types\/post"}],"author":[{"embeddable":true,"href":"https:\/\/www.manquecura.cl\/valle-lo-campino\/wp-json\/wp\/v2\/users\/14"}],"replies":[{"embeddable":true,"href":"https:\/\/www.manquecura.cl\/valle-lo-campino\/wp-json\/wp\/v2\/comments?post=13809"}],"version-history":[{"count":0,"href":"https:\/\/www.manquecura.cl\/valle-lo-campino\/wp-json\/wp\/v2\/posts\/13809\/revisions"}],"wp:featuredmedia":[{"embeddable":true,"href":"https:\/\/www.manquecura.cl\/valle-lo-campino\/wp-json\/wp\/v2\/media\/13810"}],"wp:attachment":[{"href":"https:\/\/www.manquecura.cl\/valle-lo-campino\/wp-json\/wp\/v2\/media?parent=13809"}],"wp:term":[{"taxonomy":"category","embeddable":true,"href":"https:\/\/www.manquecura.cl\/valle-lo-campino\/wp-json\/wp\/v2\/categories?post=13809"},{"taxonomy":"post_tag","embeddable":true,"href":"https:\/\/www.manquecura.cl\/valle-lo-campino\/wp-json\/wp\/v2\/tags?post=13809"}],"curies":[{"name":"wp","href":"https:\/\/api.w.org\/{rel}","templated":true}]}}