{"id":13645,"date":"2022-11-25T15:55:37","date_gmt":"2022-11-25T18:55:37","guid":{"rendered":"https:\/\/www.manquecura.cl\/\/valle-lo-campino\/?p=13645"},"modified":"2022-11-25T15:55:37","modified_gmt":"2022-11-25T18:55:37","slug":"presentacion-villancicos-jardin-infantil-y-prekinder","status":"publish","type":"post","link":"https:\/\/www.manquecura.cl\/valle-lo-campino\/noticias\/presentacion-villancicos-jardin-infantil-y-prekinder\/","title":{"rendered":"Presentaci\u00f3n Villancicos Jard\u00edn Infantil y PreK\u00ednder"},"content":{"rendered":"<p>Este jueves 24 de noviembre, nuestros alumnos y alumnas de Jard\u00edn Infantil y Pre K\u00ednder, dieron por finalizado su a\u00f1o escolar con la presentaci\u00f3n de Villancicos, preparados por sus Educadoras.<\/p>\n<p>En cada curso se premi\u00f3 a los alumnos en diferentes categor\u00edas:<\/p>\n<p>Mejor Compa\u00f1ero:<strong> Jazm\u00edn Parvanoff (J-A); Emma Manque (J-B); Santiago C\u00f3rdova (PK-A); Amalia Poblete (PK-B); Nicol\u00e1s \u00c1vila (PK-C)<\/strong><\/p>\n<p>Premio Destacado en Ingl\u00e9s: <strong>Antonia Vald\u00e9s (J-A); Vicente Castillo (J-B); Mar\u00eda Gracia Almonacid (PK-A); Alicia Liao (PK-B); Josefa Fern\u00e1ndez (PK-C)<\/strong><\/p>\n<p>PSP Artes: <strong>Alfonsina Donoso (J-A); Matilde Gonz\u00e1lez (J-B); Facundo Quiroga (PK-A); Franco Tapia (PK-B); Mac Cineus (PK-C)\u00a0<\/strong><\/p>\n<p>Premio al Esfuerzo y Perseverancia: <strong>Violeta Carrasco (PG-A); Antonia Le\u00f3n (PG-B); Isabella Ram\u00edrez (J-A); Sof\u00eda P\u00e9rez (J-B); Diego Opazo (K-A); Santiago Toro (PK-B); Catalina Orellana (PK-C)<\/strong><\/p>\n<p>Felicitamos a nuestros ni\u00f1os y ni\u00f1as por sus bailes y a quienes fueron merecedores de un reconocimiento especial y les deseamos \u00e9xito en su nuevo ciclo.<\/p>\n<p>\u00a1Feliz T\u00e9rmino de A\u00f1o Escolar!<\/p>\n<p>[multimedia id=&#8221;1&#8243;]<\/p>\n"},"excerpt":{"rendered":"<p>Este jueves 24 de noviembre, nuestros alumnos y alumnas de Jard\u00edn Infantil y Pre K\u00ednder, dieron por finalizado su a\u00f1o escolar con la presentaci\u00f3n de Villancicos, preparados por sus Educadoras. En cada curso se premi\u00f3 a los alumnos en diferentes categor\u00edas: Mejor Compa\u00f1ero: Jazm\u00edn Parvanoff (J-A); Emma Manque (J-B); Santiago C\u00f3rdova (PK-A); Amalia Poblete (PK-B); [&hellip;]<\/p>\n","protected":false},"author":14,"featured_media":13646,"comment_status":"open","ping_status":"open","sticky":false,"template":"","format":"standard","meta":{"_acf_changed":false,"content-type":"","_jetpack_memberships_contains_paid_content":false,"footnotes":""},"categories":[1],"tags":[],"class_list":["post-13645","post","type-post","status-publish","format-standard","has-post-thumbnail","hentry","category-vida-escolar"],"acf":[],"yoast_head":"<!-- This site is optimized with the Yoast SEO plugin v27.1.1 - https:\/\/yoast.com\/product\/yoast-seo-wordpress\/ -->\n<title>Presentaci\u00f3n Villancicos Jard\u00edn Infantil y PreK\u00ednder - Colegio Manquecura Valle Lo Campino<\/title>\n<meta name=\"robots\" content=\"index, follow, max-snippet:-1, max-image-preview:large, max-video-preview:-1\" \/>\n<link rel=\"canonical\" href=\"https:\/\/www.manquecura.cl\/valle-lo-campino\/noticias\/presentacion-villancicos-jardin-infantil-y-prekinder\/\" \/>\n<meta property=\"og:locale\" content=\"es_ES\" \/>\n<meta property=\"og:type\" content=\"article\" \/>\n<meta property=\"og:title\" content=\"Presentaci\u00f3n Villancicos Jard\u00edn Infantil y PreK\u00ednder - Colegio Manquecura Valle Lo Campino\" \/>\n<meta property=\"og:description\" content=\"Este jueves 24 de noviembre, nuestros alumnos y alumnas de Jard\u00edn Infantil y Pre K\u00ednder, dieron por finalizado su a\u00f1o escolar con la presentaci\u00f3n de Villancicos, preparados por sus Educadoras. En cada curso se premi\u00f3 a los alumnos en diferentes categor\u00edas: Mejor Compa\u00f1ero: Jazm\u00edn Parvanoff (J-A); Emma Manque (J-B); Santiago C\u00f3rdova (PK-A); Amalia Poblete (PK-B); [&hellip;]\" \/>\n<meta property=\"og:url\" content=\"https:\/\/www.manquecura.cl\/valle-lo-campino\/noticias\/presentacion-villancicos-jardin-infantil-y-prekinder\/\" \/>\n<meta property=\"og:site_name\" content=\"Colegio Manquecura Valle Lo Campino\" \/>\n<meta property=\"article:publisher\" content=\"http:\/\/www.facebook.com\/ColegiosManquecura\" \/>\n<meta property=\"article:published_time\" content=\"2022-11-25T18:55:37+00:00\" \/>\n<meta name=\"author\" content=\"jorgedelcampo\" \/>\n<meta name=\"twitter:card\" content=\"summary_large_image\" \/>\n<meta name=\"twitter:label1\" content=\"Escrito por\" \/>\n\t<meta name=\"twitter:data1\" content=\"jorgedelcampo\" \/>\n\t<meta name=\"twitter:label2\" content=\"Tiempo de lectura\" \/>\n\t<meta name=\"twitter:data2\" content=\"1 minuto\" \/>\n<script type=\"application\/ld+json\" class=\"yoast-schema-graph\">{\"@context\":\"https:\/\/schema.org\",\"@graph\":[{\"@type\":\"Article\",\"@id\":\"https:\/\/www.manquecura.cl\/valle-lo-campino\/noticias\/presentacion-villancicos-jardin-infantil-y-prekinder\/#article\",\"isPartOf\":{\"@id\":\"https:\/\/www.manquecura.cl\/valle-lo-campino\/noticias\/presentacion-villancicos-jardin-infantil-y-prekinder\/\"},\"author\":{\"name\":\"jorgedelcampo\",\"@id\":\"https:\/\/www.manquecura.cl\/valle-lo-campino\/#\/schema\/person\/0debeea140e397b5d490ee7e553255d8\"},\"headline\":\"Presentaci\u00f3n Villancicos Jard\u00edn Infantil y PreK\u00ednder\",\"datePublished\":\"2022-11-25T18:55:37+00:00\",\"mainEntityOfPage\":{\"@id\":\"https:\/\/www.manquecura.cl\/valle-lo-campino\/noticias\/presentacion-villancicos-jardin-infantil-y-prekinder\/\"},\"wordCount\":184,\"commentCount\":0,\"publisher\":{\"@id\":\"https:\/\/www.manquecura.cl\/valle-lo-campino\/#organization\"},\"image\":{\"@id\":\"https:\/\/www.manquecura.cl\/valle-lo-campino\/noticias\/presentacion-villancicos-jardin-infantil-y-prekinder\/#primaryimage\"},\"thumbnailUrl\":\"https:\/\/www.manquecura.cl\/valle-lo-campino\/wp-content\/uploads\/sites\/40\/2022\/11\/PRESENTACION_JI-PK-23.png\",\"articleSection\":[\"Vida Escolar\"],\"inLanguage\":\"es\",\"potentialAction\":[{\"@type\":\"CommentAction\",\"name\":\"Comment\",\"target\":[\"https:\/\/www.manquecura.cl\/valle-lo-campino\/noticias\/presentacion-villancicos-jardin-infantil-y-prekinder\/#respond\"]}]},{\"@type\":\"WebPage\",\"@id\":\"https:\/\/www.manquecura.cl\/valle-lo-campino\/noticias\/presentacion-villancicos-jardin-infantil-y-prekinder\/\",\"url\":\"https:\/\/www.manquecura.cl\/valle-lo-campino\/noticias\/presentacion-villancicos-jardin-infantil-y-prekinder\/\",\"name\":\"Presentaci\u00f3n Villancicos Jard\u00edn Infantil y PreK\u00ednder - Colegio Manquecura Valle Lo Campino\",\"isPartOf\":{\"@id\":\"https:\/\/www.manquecura.cl\/valle-lo-campino\/#website\"},\"primaryImageOfPage\":{\"@id\":\"https:\/\/www.manquecura.cl\/valle-lo-campino\/noticias\/presentacion-villancicos-jardin-infantil-y-prekinder\/#primaryimage\"},\"image\":{\"@id\":\"https:\/\/www.manquecura.cl\/valle-lo-campino\/noticias\/presentacion-villancicos-jardin-infantil-y-prekinder\/#primaryimage\"},\"thumbnailUrl\":\"https:\/\/www.manquecura.cl\/valle-lo-campino\/wp-content\/uploads\/sites\/40\/2022\/11\/PRESENTACION_JI-PK-23.png\",\"datePublished\":\"2022-11-25T18:55:37+00:00\",\"breadcrumb\":{\"@id\":\"https:\/\/www.manquecura.cl\/valle-lo-campino\/noticias\/presentacion-villancicos-jardin-infantil-y-prekinder\/#breadcrumb\"},\"inLanguage\":\"es\",\"potentialAction\":[{\"@type\":\"ReadAction\",\"target\":[\"https:\/\/www.manquecura.cl\/valle-lo-campino\/noticias\/presentacion-villancicos-jardin-infantil-y-prekinder\/\"]}]},{\"@type\":\"ImageObject\",\"inLanguage\":\"es\",\"@id\":\"https:\/\/www.manquecura.cl\/valle-lo-campino\/noticias\/presentacion-villancicos-jardin-infantil-y-prekinder\/#primaryimage\",\"url\":\"https:\/\/www.manquecura.cl\/valle-lo-campino\/wp-content\/uploads\/sites\/40\/2022\/11\/PRESENTACION_JI-PK-23.png\",\"contentUrl\":\"https:\/\/www.manquecura.cl\/valle-lo-campino\/wp-content\/uploads\/sites\/40\/2022\/11\/PRESENTACION_JI-PK-23.png\",\"width\":836,\"height\":523},{\"@type\":\"BreadcrumbList\",\"@id\":\"https:\/\/www.manquecura.cl\/valle-lo-campino\/noticias\/presentacion-villancicos-jardin-infantil-y-prekinder\/#breadcrumb\",\"itemListElement\":[{\"@type\":\"ListItem\",\"position\":1,\"name\":\"Home\",\"item\":\"https:\/\/www.manquecura.cl\/valle-lo-campino\/\"},{\"@type\":\"ListItem\",\"position\":2,\"name\":\"Presentaci\u00f3n Villancicos Jard\u00edn Infantil y PreK\u00ednder\"}]},{\"@type\":\"WebSite\",\"@id\":\"https:\/\/www.manquecura.cl\/valle-lo-campino\/#website\",\"url\":\"https:\/\/www.manquecura.cl\/valle-lo-campino\/\",\"name\":\"Colegio Manquecura Valle Lo Campino\",\"description\":\"Parte de los Colegios Cognita\",\"publisher\":{\"@id\":\"https:\/\/www.manquecura.cl\/valle-lo-campino\/#organization\"},\"potentialAction\":[{\"@type\":\"SearchAction\",\"target\":{\"@type\":\"EntryPoint\",\"urlTemplate\":\"https:\/\/www.manquecura.cl\/valle-lo-campino\/?s={search_term_string}\"},\"query-input\":{\"@type\":\"PropertyValueSpecification\",\"valueRequired\":true,\"valueName\":\"search_term_string\"}}],\"inLanguage\":\"es\"},{\"@type\":\"Organization\",\"@id\":\"https:\/\/www.manquecura.cl\/valle-lo-campino\/#organization\",\"name\":\"Colegio Manquecura Valle Lo Campino\",\"url\":\"https:\/\/www.manquecura.cl\/valle-lo-campino\/\",\"logo\":{\"@type\":\"ImageObject\",\"inLanguage\":\"es\",\"@id\":\"https:\/\/www.manquecura.cl\/valle-lo-campino\/#\/schema\/logo\/image\/\",\"url\":\"https:\/\/www.manquecura.cl\/valle-lo-campino\/wp-content\/uploads\/sites\/40\/2025\/02\/logo_Manquecura_Valle-Lo-Campino_horizontal_color.webp\",\"contentUrl\":\"https:\/\/www.manquecura.cl\/valle-lo-campino\/wp-content\/uploads\/sites\/40\/2025\/02\/logo_Manquecura_Valle-Lo-Campino_horizontal_color.webp\",\"width\":400,\"height\":119,\"caption\":\"Colegio Manquecura Valle Lo Campino\"},\"image\":{\"@id\":\"https:\/\/www.manquecura.cl\/valle-lo-campino\/#\/schema\/logo\/image\/\"},\"sameAs\":[\"http:\/\/www.facebook.com\/ColegiosManquecura\",\"http:\/\/www.instagram.com\/manquecura_vallelocampino\/\",\"http:\/\/www.youtube.com\/c\/CognitaChile\"]},{\"@type\":\"Person\",\"@id\":\"https:\/\/www.manquecura.cl\/valle-lo-campino\/#\/schema\/person\/0debeea140e397b5d490ee7e553255d8\",\"name\":\"jorgedelcampo\",\"image\":{\"@type\":\"ImageObject\",\"inLanguage\":\"es\",\"@id\":\"https:\/\/www.manquecura.cl\/valle-lo-campino\/#\/schema\/person\/image\/\",\"url\":\"https:\/\/secure.gravatar.com\/avatar\/4a315f521213b2dc91dbda9bf799f711c8a98ab6f5606ec42cf5b33d1e762e8a?s=96&d=mm&r=g\",\"contentUrl\":\"https:\/\/secure.gravatar.com\/avatar\/4a315f521213b2dc91dbda9bf799f711c8a98ab6f5606ec42cf5b33d1e762e8a?s=96&d=mm&r=g\",\"caption\":\"jorgedelcampo\"}}]}<\/script>\n<!-- \/ Yoast SEO plugin. -->","yoast_head_json":{"title":"Presentaci\u00f3n Villancicos Jard\u00edn Infantil y PreK\u00ednder - Colegio Manquecura Valle Lo Campino","robots":{"index":"index","follow":"follow","max-snippet":"max-snippet:-1","max-image-preview":"max-image-preview:large","max-video-preview":"max-video-preview:-1"},"canonical":"https:\/\/www.manquecura.cl\/valle-lo-campino\/noticias\/presentacion-villancicos-jardin-infantil-y-prekinder\/","og_locale":"es_ES","og_type":"article","og_title":"Presentaci\u00f3n Villancicos Jard\u00edn Infantil y PreK\u00ednder - Colegio Manquecura Valle Lo Campino","og_description":"Este jueves 24 de noviembre, nuestros alumnos y alumnas de Jard\u00edn Infantil y Pre K\u00ednder, dieron por finalizado su a\u00f1o escolar con la presentaci\u00f3n de Villancicos, preparados por sus Educadoras. En cada curso se premi\u00f3 a los alumnos en diferentes categor\u00edas: Mejor Compa\u00f1ero: Jazm\u00edn Parvanoff (J-A); Emma Manque (J-B); Santiago C\u00f3rdova (PK-A); Amalia Poblete (PK-B); [&hellip;]","og_url":"https:\/\/www.manquecura.cl\/valle-lo-campino\/noticias\/presentacion-villancicos-jardin-infantil-y-prekinder\/","og_site_name":"Colegio Manquecura Valle Lo Campino","article_publisher":"http:\/\/www.facebook.com\/ColegiosManquecura","article_published_time":"2022-11-25T18:55:37+00:00","author":"jorgedelcampo","twitter_card":"summary_large_image","twitter_misc":{"Escrito por":"jorgedelcampo","Tiempo de lectura":"1 minuto"},"schema":{"@context":"https:\/\/schema.org","@graph":[{"@type":"Article","@id":"https:\/\/www.manquecura.cl\/valle-lo-campino\/noticias\/presentacion-villancicos-jardin-infantil-y-prekinder\/#article","isPartOf":{"@id":"https:\/\/www.manquecura.cl\/valle-lo-campino\/noticias\/presentacion-villancicos-jardin-infantil-y-prekinder\/"},"author":{"name":"jorgedelcampo","@id":"https:\/\/www.manquecura.cl\/valle-lo-campino\/#\/schema\/person\/0debeea140e397b5d490ee7e553255d8"},"headline":"Presentaci\u00f3n Villancicos Jard\u00edn Infantil y PreK\u00ednder","datePublished":"2022-11-25T18:55:37+00:00","mainEntityOfPage":{"@id":"https:\/\/www.manquecura.cl\/valle-lo-campino\/noticias\/presentacion-villancicos-jardin-infantil-y-prekinder\/"},"wordCount":184,"commentCount":0,"publisher":{"@id":"https:\/\/www.manquecura.cl\/valle-lo-campino\/#organization"},"image":{"@id":"https:\/\/www.manquecura.cl\/valle-lo-campino\/noticias\/presentacion-villancicos-jardin-infantil-y-prekinder\/#primaryimage"},"thumbnailUrl":"https:\/\/www.manquecura.cl\/valle-lo-campino\/wp-content\/uploads\/sites\/40\/2022\/11\/PRESENTACION_JI-PK-23.png","articleSection":["Vida Escolar"],"inLanguage":"es","potentialAction":[{"@type":"CommentAction","name":"Comment","target":["https:\/\/www.manquecura.cl\/valle-lo-campino\/noticias\/presentacion-villancicos-jardin-infantil-y-prekinder\/#respond"]}]},{"@type":"WebPage","@id":"https:\/\/www.manquecura.cl\/valle-lo-campino\/noticias\/presentacion-villancicos-jardin-infantil-y-prekinder\/","url":"https:\/\/www.manquecura.cl\/valle-lo-campino\/noticias\/presentacion-villancicos-jardin-infantil-y-prekinder\/","name":"Presentaci\u00f3n Villancicos Jard\u00edn Infantil y PreK\u00ednder - Colegio Manquecura Valle Lo Campino","isPartOf":{"@id":"https:\/\/www.manquecura.cl\/valle-lo-campino\/#website"},"primaryImageOfPage":{"@id":"https:\/\/www.manquecura.cl\/valle-lo-campino\/noticias\/presentacion-villancicos-jardin-infantil-y-prekinder\/#primaryimage"},"image":{"@id":"https:\/\/www.manquecura.cl\/valle-lo-campino\/noticias\/presentacion-villancicos-jardin-infantil-y-prekinder\/#primaryimage"},"thumbnailUrl":"https:\/\/www.manquecura.cl\/valle-lo-campino\/wp-content\/uploads\/sites\/40\/2022\/11\/PRESENTACION_JI-PK-23.png","datePublished":"2022-11-25T18:55:37+00:00","breadcrumb":{"@id":"https:\/\/www.manquecura.cl\/valle-lo-campino\/noticias\/presentacion-villancicos-jardin-infantil-y-prekinder\/#breadcrumb"},"inLanguage":"es","potentialAction":[{"@type":"ReadAction","target":["https:\/\/www.manquecura.cl\/valle-lo-campino\/noticias\/presentacion-villancicos-jardin-infantil-y-prekinder\/"]}]},{"@type":"ImageObject","inLanguage":"es","@id":"https:\/\/www.manquecura.cl\/valle-lo-campino\/noticias\/presentacion-villancicos-jardin-infantil-y-prekinder\/#primaryimage","url":"https:\/\/www.manquecura.cl\/valle-lo-campino\/wp-content\/uploads\/sites\/40\/2022\/11\/PRESENTACION_JI-PK-23.png","contentUrl":"https:\/\/www.manquecura.cl\/valle-lo-campino\/wp-content\/uploads\/sites\/40\/2022\/11\/PRESENTACION_JI-PK-23.png","width":836,"height":523},{"@type":"BreadcrumbList","@id":"https:\/\/www.manquecura.cl\/valle-lo-campino\/noticias\/presentacion-villancicos-jardin-infantil-y-prekinder\/#breadcrumb","itemListElement":[{"@type":"ListItem","position":1,"name":"Home","item":"https:\/\/www.manquecura.cl\/valle-lo-campino\/"},{"@type":"ListItem","position":2,"name":"Presentaci\u00f3n Villancicos Jard\u00edn Infantil y PreK\u00ednder"}]},{"@type":"WebSite","@id":"https:\/\/www.manquecura.cl\/valle-lo-campino\/#website","url":"https:\/\/www.manquecura.cl\/valle-lo-campino\/","name":"Colegio Manquecura Valle Lo Campino","description":"Parte de los Colegios Cognita","publisher":{"@id":"https:\/\/www.manquecura.cl\/valle-lo-campino\/#organization"},"potentialAction":[{"@type":"SearchAction","target":{"@type":"EntryPoint","urlTemplate":"https:\/\/www.manquecura.cl\/valle-lo-campino\/?s={search_term_string}"},"query-input":{"@type":"PropertyValueSpecification","valueRequired":true,"valueName":"search_term_string"}}],"inLanguage":"es"},{"@type":"Organization","@id":"https:\/\/www.manquecura.cl\/valle-lo-campino\/#organization","name":"Colegio Manquecura Valle Lo Campino","url":"https:\/\/www.manquecura.cl\/valle-lo-campino\/","logo":{"@type":"ImageObject","inLanguage":"es","@id":"https:\/\/www.manquecura.cl\/valle-lo-campino\/#\/schema\/logo\/image\/","url":"https:\/\/www.manquecura.cl\/valle-lo-campino\/wp-content\/uploads\/sites\/40\/2025\/02\/logo_Manquecura_Valle-Lo-Campino_horizontal_color.webp","contentUrl":"https:\/\/www.manquecura.cl\/valle-lo-campino\/wp-content\/uploads\/sites\/40\/2025\/02\/logo_Manquecura_Valle-Lo-Campino_horizontal_color.webp","width":400,"height":119,"caption":"Colegio Manquecura Valle Lo Campino"},"image":{"@id":"https:\/\/www.manquecura.cl\/valle-lo-campino\/#\/schema\/logo\/image\/"},"sameAs":["http:\/\/www.facebook.com\/ColegiosManquecura","http:\/\/www.instagram.com\/manquecura_vallelocampino\/","http:\/\/www.youtube.com\/c\/CognitaChile"]},{"@type":"Person","@id":"https:\/\/www.manquecura.cl\/valle-lo-campino\/#\/schema\/person\/0debeea140e397b5d490ee7e553255d8","name":"jorgedelcampo","image":{"@type":"ImageObject","inLanguage":"es","@id":"https:\/\/www.manquecura.cl\/valle-lo-campino\/#\/schema\/person\/image\/","url":"https:\/\/secure.gravatar.com\/avatar\/4a315f521213b2dc91dbda9bf799f711c8a98ab6f5606ec42cf5b33d1e762e8a?s=96&d=mm&r=g","contentUrl":"https:\/\/secure.gravatar.com\/avatar\/4a315f521213b2dc91dbda9bf799f711c8a98ab6f5606ec42cf5b33d1e762e8a?s=96&d=mm&r=g","caption":"jorgedelcampo"}}]}},"jetpack_featured_media_url":"https:\/\/www.manquecura.cl\/valle-lo-campino\/wp-content\/uploads\/sites\/40\/2022\/11\/PRESENTACION_JI-PK-23.png","previous_post_ID":13608,"previous_post_title":"Participaci\u00f3n en Feria de Emprendimiento Red Cognita Chile","previous_post_excerpt":"Felicitamos a nuestros Franco L\u00f3pez, Maria Jes\u00fas Figueroa, Claudio Parada y Antonia Gatica, de III\u00b0 medio, quienes con un gran desempe\u00f1o y excelente exposici\u00f3n presentaron su proyecto de negocios en Und\u00e9cima Feria de Emprendimiento de nuestra red de colegios Cognita Chile. Con su proyecto \u201cEco Bal\u201d, que consist\u00eda baldosas sustentables a base de caucho molido [&hellip;]","previous_post_link":"https:\/\/www.manquecura.cl\/valle-lo-campino\/noticias\/participacion-en-feria-de-emprendimiento-red-cognita-chile\/","previous_post_class":["post-13608","post","type-post","status-publish","format-standard","has-post-thumbnail","hentry","category-vida-escolar"],"next_post_ID":13675,"next_post_title":"Premiaciones de traspaso de K\u00ednder a 1\u00b0 B\u00e1sico","next_post_excerpt":"Este viernes 25 de noviembre, nuestros alumnos y alumnas de K\u00ednder terminaron su paso por Educaci\u00f3n Parvularia, con su presentaci\u00f3n de villancicos. El momento solemne se produjo cuando se entregaron los diplomas a nuestros alumnos de K\u00ednder, por su paso a la Educaci\u00f3n B\u00e1sica. Mejor Compa\u00f1ero: Javiera Jacque (K-A); Bel\u00e9n Galaz (K-B); Agust\u00edn Bustos (K-C); [&hellip;]","next_post_link":"https:\/\/www.manquecura.cl\/valle-lo-campino\/noticias\/premiaciones-de-traspaso-de-kinder-a-1-basico\/","next_post_class":["post-13675","post","type-post","status-publish","format-standard","has-post-thumbnail","hentry","category-vida-escolar"],"jetpack_sharing_enabled":true,"_links":{"self":[{"href":"https:\/\/www.manquecura.cl\/valle-lo-campino\/wp-json\/wp\/v2\/posts\/13645","targetHints":{"allow":["GET"]}}],"collection":[{"href":"https:\/\/www.manquecura.cl\/valle-lo-campino\/wp-json\/wp\/v2\/posts"}],"about":[{"href":"https:\/\/www.manquecura.cl\/valle-lo-campino\/wp-json\/wp\/v2\/types\/post"}],"author":[{"embeddable":true,"href":"https:\/\/www.manquecura.cl\/valle-lo-campino\/wp-json\/wp\/v2\/users\/14"}],"replies":[{"embeddable":true,"href":"https:\/\/www.manquecura.cl\/valle-lo-campino\/wp-json\/wp\/v2\/comments?post=13645"}],"version-history":[{"count":0,"href":"https:\/\/www.manquecura.cl\/valle-lo-campino\/wp-json\/wp\/v2\/posts\/13645\/revisions"}],"wp:featuredmedia":[{"embeddable":true,"href":"https:\/\/www.manquecura.cl\/valle-lo-campino\/wp-json\/wp\/v2\/media\/13646"}],"wp:attachment":[{"href":"https:\/\/www.manquecura.cl\/valle-lo-campino\/wp-json\/wp\/v2\/media?parent=13645"}],"wp:term":[{"taxonomy":"category","embeddable":true,"href":"https:\/\/www.manquecura.cl\/valle-lo-campino\/wp-json\/wp\/v2\/categories?post=13645"},{"taxonomy":"post_tag","embeddable":true,"href":"https:\/\/www.manquecura.cl\/valle-lo-campino\/wp-json\/wp\/v2\/tags?post=13645"}],"curies":[{"name":"wp","href":"https:\/\/api.w.org\/{rel}","templated":true}]}}