{"id":13241,"date":"2022-11-02T13:39:04","date_gmt":"2022-11-02T16:39:04","guid":{"rendered":"https:\/\/www.manquecura.cl\/\/valle-lo-campino\/?p=13241"},"modified":"2022-11-02T13:39:04","modified_gmt":"2022-11-02T16:39:04","slug":"semana-de-las-ciencias","status":"publish","type":"post","link":"https:\/\/www.manquecura.cl\/valle-lo-campino\/noticias\/semana-de-las-ciencias\/","title":{"rendered":"Semana de las Ciencias"},"content":{"rendered":"<p>Nuestro <strong>Departamento de Ciencias<\/strong>, present\u00f3 la <strong>Semana de las Ciencias<\/strong>, para evaluar y recordar las actividades que han motivado, generado inter\u00e9s y pasi\u00f3n por alg\u00fan \u00e1rea en nuestros alumnos, es por ello durante la semana reci\u00e9n pasada, todos los estudiantes de 7\u00b0 a IV\u00b0 Medio participaron en una creaci\u00f3n de <strong>logotipo<\/strong> para el departamento y de 1\u00b0 a 6\u00b0 B\u00e1sico, un <strong>afiche<\/strong> donde los estudiantes expresaron su visi\u00f3n sobre la problem\u00e1tica del cambio clim\u00e1tico global, junto a participaciones a charlas tanto online como pr\u00e1cticas en el laboratorio, adem\u00e1s de salidas pedag\u00f3gicas a las universidades.<\/p>\n<p>Dentro de este contexto, sus profesores quisieron premiar el trabajo que todos realizaron y la ceremonia se llev\u00f3 a cabo en la Biblioteca de nuestro colegio con la presencia de los apoderados, las categor\u00edas fueron:<\/p>\n<p><strong>Trabajo de F\u00edsica Lanzamiento de Cohetes<\/strong><\/p>\n<ul>\n<li>Francisco Albarrac\u00edn<\/li>\n<\/ul>\n<p><strong>Obra de Teatro Inmunolog\u00eda<\/strong><\/p>\n<ul>\n<li>Martina Hern\u00e1ndez Figueroa<\/li>\n<li>Daniela Osses Mart\u00ednez<\/li>\n<li>Isabel Parada Vergara<\/li>\n<li>Ignacia Sol\u00eds Espinoza<\/li>\n<li>P\u00eda Vargas Aguilar<\/li>\n<\/ul>\n<p><strong>Trabajo Interdisciplinario de Artes<\/strong><\/p>\n<ul>\n<li>Primer lugar:\u00a0 I\u00b0 Medio B<\/li>\n<li>Segundo lugar: I\u00b0 Medio C<\/li>\n<li>Tercer lugar: I\u00b0 Medio A<\/li>\n<\/ul>\n<p><strong>M\u00e9rito Cient\u00edfico<\/strong><\/p>\n<ul>\n<li>Leonor Gar\u00edn 3\u00b0 B\u00e1sico<\/li>\n<li>Magdalena Camousseight 4\u00b0 B\u00e1sico<\/li>\n<li>Monserrat Aros 5\u00b0 B\u00e1sico<\/li>\n<li>Facundo Rodriguez 6\u00b0\u00a0B\u00e1sico<\/li>\n<li>Esteban Daguerressar 7\u00b0\u00a0B\u00e1sico<\/li>\n<li>Fidel Pinto 8\u00b0\u00a0B\u00e1sico<\/li>\n<li>Constanza L\u00f3pez I\u00b0 Medio<\/li>\n<li>Martina Gonz\u00e1lez II\u00b0 Medio<\/li>\n<li>Roc\u00edo Mu\u00f1oz III\u00b0 Medio<\/li>\n<\/ul>\n<p><strong>Ganador Logotipo<\/strong><\/p>\n<ul>\n<li>Tom\u00e1s Bravo, III\u00b0 Medio B.<\/li>\n<\/ul>\n<p><strong>Ganadores Afiche Cambio\u00a0<\/strong><b>Clim\u00e1tico<\/b><\/p>\n<ul>\n<li>El primer lugar, Sof\u00eda Roco, del 5\u00b0 B\u00e1sico B.<\/li>\n<li>El segundo lugar, Miguel Trejo, 4\u00b0 B\u00e1sico C<\/li>\n<li>El tercer lugar, Catalina Narv\u00e1ez, 4\u00b0 B\u00e1sico A.<\/li>\n<li>Menci\u00f3n honrosa por su trabajo, Malinalli Rosas, 5\u00b0 B\u00e1sico A<\/li>\n<\/ul>\n<p><strong>Olimpiadas de Qu\u00edmica, Universidad de Santiago de Chile (alumnos seleccionados entre los 20 mejores)<\/strong><\/p>\n<ul>\n<li>Renato Ormazabal II\u00b0C<\/li>\n<li>Vicente Paredes II\u00b0C<\/li>\n<li>Rafael Gar\u00edn II\u00b0D<\/li>\n<li>Fernanda R\u00edos II\u00b0D<\/li>\n<li>Oscar Vial II\u00b0D<\/li>\n<li>Martina Rerdard IV\u00b0A<\/li>\n<li>Cristian Cornejo IV\u00b0A<\/li>\n<\/ul>\n<p><strong>Olimpiadas de Ciencias Pumahue Puerto Montt<\/strong><\/p>\n<p>En el nivel de 5\u00b0 y 6\u00b0 B\u00e1sico <strong>(seleccionados para la siguiente etapa)<\/strong><\/p>\n<ul>\n<li>Anabelle Alvarado<\/li>\n<li>Tomas Vera<\/li>\n<li>Rodrigo Bandres<\/li>\n<li>Daniela Dorner<\/li>\n<\/ul>\n<p>En el nivel de 7\u00b0 y 8\u00b0 B\u00e1sico<\/p>\n<ul>\n<li>Benjam\u00edn Jim\u00e9nez<\/li>\n<li>Constanza Espinoza<\/li>\n<li>Ivo Palma<\/li>\n<li>Sofia Abello<\/li>\n<\/ul>\n<p>En el Nivel de II\u00b0 y III\u00b0 Medio<\/p>\n<ul>\n<li>Catalina Vilches<\/li>\n<li>Vicente C\u00e1diz<\/li>\n<li>Roc\u00edo Lagos<\/li>\n<li>Vicente Paredes<\/li>\n<\/ul>\n<p>En el nivel de III\u00b0 y IV\u00b0 Medio<\/p>\n<ul>\n<li>Rafaela Figueroa<\/li>\n<li>Maite Ram\u00edrez<\/li>\n<li>Constanza Silva (seleccionada para la segunda etapa)<\/li>\n<li>Jos\u00e9 Antonio Manr\u00edquez<\/li>\n<li>Camila Herrera<\/li>\n<li>Andr\u00e9s Gonz\u00e1lez<\/li>\n<li>Carolina Silva<\/li>\n<li>Martina Lagos<\/li>\n<\/ul>\n<p><strong>Participaci\u00f3n Congreso Regional Explora de Investigaci\u00f3n e Innovaci\u00f3n Escolar<\/strong><\/p>\n<ul>\n<li>Martina Aranda<\/li>\n<li>Catalina Vilches<\/li>\n<li>Francisca Neculp\u00e1n<\/li>\n<li>Bruno cornejo<\/li>\n<li>Alisson Marchan<\/li>\n<li>Amparo Pinto<\/li>\n<li>Isadora Silva y Francisco Alvial (representantes del proyecto)<\/li>\n<\/ul>\n<p>Felicitamos a cada uno\/a de los alumnos que participaron y trabajaron en estas semanas y agradecemos tambi\u00e9n el compromiso que tomaron en cada una de las actividades.<\/p>\n<p>&nbsp;<\/p>\n<p>[multimedia id=&#8221;1&#8243;]<\/p>\n"},"excerpt":{"rendered":"<p>Nuestro Departamento de Ciencias, present\u00f3 la Semana de las Ciencias, para evaluar y recordar las actividades que han motivado, generado inter\u00e9s y pasi\u00f3n por alg\u00fan \u00e1rea en nuestros alumnos, es por ello durante la semana reci\u00e9n pasada, todos los estudiantes de 7\u00b0 a IV\u00b0 Medio participaron en una creaci\u00f3n de logotipo para el departamento y [&hellip;]<\/p>\n","protected":false},"author":14,"featured_media":13266,"comment_status":"open","ping_status":"open","sticky":false,"template":"","format":"standard","meta":{"_acf_changed":false,"content-type":"","_jetpack_memberships_contains_paid_content":false,"footnotes":""},"categories":[1],"tags":[],"class_list":["post-13241","post","type-post","status-publish","format-standard","has-post-thumbnail","hentry","category-vida-escolar"],"acf":[],"yoast_head":"<!-- This site is optimized with the Yoast SEO plugin v27.1.1 - https:\/\/yoast.com\/product\/yoast-seo-wordpress\/ -->\n<title>Semana de las Ciencias - Colegio Manquecura Valle Lo Campino<\/title>\n<meta name=\"robots\" content=\"index, follow, max-snippet:-1, max-image-preview:large, max-video-preview:-1\" \/>\n<link rel=\"canonical\" href=\"https:\/\/www.manquecura.cl\/valle-lo-campino\/noticias\/semana-de-las-ciencias\/\" \/>\n<meta property=\"og:locale\" content=\"es_ES\" \/>\n<meta property=\"og:type\" content=\"article\" \/>\n<meta property=\"og:title\" content=\"Semana de las Ciencias - Colegio Manquecura Valle Lo Campino\" \/>\n<meta property=\"og:description\" content=\"Nuestro Departamento de Ciencias, present\u00f3 la Semana de las Ciencias, para evaluar y recordar las actividades que han motivado, generado inter\u00e9s y pasi\u00f3n por alg\u00fan \u00e1rea en nuestros alumnos, es por ello durante la semana reci\u00e9n pasada, todos los estudiantes de 7\u00b0 a IV\u00b0 Medio participaron en una creaci\u00f3n de logotipo para el departamento y [&hellip;]\" \/>\n<meta property=\"og:url\" content=\"https:\/\/www.manquecura.cl\/valle-lo-campino\/noticias\/semana-de-las-ciencias\/\" \/>\n<meta property=\"og:site_name\" content=\"Colegio Manquecura Valle Lo Campino\" \/>\n<meta property=\"article:publisher\" content=\"http:\/\/www.facebook.com\/ColegiosManquecura\" \/>\n<meta property=\"article:published_time\" content=\"2022-11-02T16:39:04+00:00\" \/>\n<meta name=\"author\" content=\"jorgedelcampo\" \/>\n<meta name=\"twitter:card\" content=\"summary_large_image\" \/>\n<meta name=\"twitter:label1\" content=\"Escrito por\" \/>\n\t<meta name=\"twitter:data1\" content=\"jorgedelcampo\" \/>\n\t<meta name=\"twitter:label2\" content=\"Tiempo de lectura\" \/>\n\t<meta name=\"twitter:data2\" content=\"2 minutos\" \/>\n<script type=\"application\/ld+json\" class=\"yoast-schema-graph\">{\"@context\":\"https:\/\/schema.org\",\"@graph\":[{\"@type\":\"Article\",\"@id\":\"https:\/\/www.manquecura.cl\/valle-lo-campino\/noticias\/semana-de-las-ciencias\/#article\",\"isPartOf\":{\"@id\":\"https:\/\/www.manquecura.cl\/valle-lo-campino\/noticias\/semana-de-las-ciencias\/\"},\"author\":{\"name\":\"jorgedelcampo\",\"@id\":\"https:\/\/www.manquecura.cl\/valle-lo-campino\/#\/schema\/person\/0debeea140e397b5d490ee7e553255d8\"},\"headline\":\"Semana de las Ciencias\",\"datePublished\":\"2022-11-02T16:39:04+00:00\",\"mainEntityOfPage\":{\"@id\":\"https:\/\/www.manquecura.cl\/valle-lo-campino\/noticias\/semana-de-las-ciencias\/\"},\"wordCount\":496,\"commentCount\":0,\"publisher\":{\"@id\":\"https:\/\/www.manquecura.cl\/valle-lo-campino\/#organization\"},\"image\":{\"@id\":\"https:\/\/www.manquecura.cl\/valle-lo-campino\/noticias\/semana-de-las-ciencias\/#primaryimage\"},\"thumbnailUrl\":\"https:\/\/www.manquecura.cl\/valle-lo-campino\/wp-content\/uploads\/sites\/40\/2022\/11\/27.png\",\"articleSection\":[\"Vida Escolar\"],\"inLanguage\":\"es\",\"potentialAction\":[{\"@type\":\"CommentAction\",\"name\":\"Comment\",\"target\":[\"https:\/\/www.manquecura.cl\/valle-lo-campino\/noticias\/semana-de-las-ciencias\/#respond\"]}]},{\"@type\":\"WebPage\",\"@id\":\"https:\/\/www.manquecura.cl\/valle-lo-campino\/noticias\/semana-de-las-ciencias\/\",\"url\":\"https:\/\/www.manquecura.cl\/valle-lo-campino\/noticias\/semana-de-las-ciencias\/\",\"name\":\"Semana de las Ciencias - Colegio Manquecura Valle Lo Campino\",\"isPartOf\":{\"@id\":\"https:\/\/www.manquecura.cl\/valle-lo-campino\/#website\"},\"primaryImageOfPage\":{\"@id\":\"https:\/\/www.manquecura.cl\/valle-lo-campino\/noticias\/semana-de-las-ciencias\/#primaryimage\"},\"image\":{\"@id\":\"https:\/\/www.manquecura.cl\/valle-lo-campino\/noticias\/semana-de-las-ciencias\/#primaryimage\"},\"thumbnailUrl\":\"https:\/\/www.manquecura.cl\/valle-lo-campino\/wp-content\/uploads\/sites\/40\/2022\/11\/27.png\",\"datePublished\":\"2022-11-02T16:39:04+00:00\",\"breadcrumb\":{\"@id\":\"https:\/\/www.manquecura.cl\/valle-lo-campino\/noticias\/semana-de-las-ciencias\/#breadcrumb\"},\"inLanguage\":\"es\",\"potentialAction\":[{\"@type\":\"ReadAction\",\"target\":[\"https:\/\/www.manquecura.cl\/valle-lo-campino\/noticias\/semana-de-las-ciencias\/\"]}]},{\"@type\":\"ImageObject\",\"inLanguage\":\"es\",\"@id\":\"https:\/\/www.manquecura.cl\/valle-lo-campino\/noticias\/semana-de-las-ciencias\/#primaryimage\",\"url\":\"https:\/\/www.manquecura.cl\/valle-lo-campino\/wp-content\/uploads\/sites\/40\/2022\/11\/27.png\",\"contentUrl\":\"https:\/\/www.manquecura.cl\/valle-lo-campino\/wp-content\/uploads\/sites\/40\/2022\/11\/27.png\"},{\"@type\":\"BreadcrumbList\",\"@id\":\"https:\/\/www.manquecura.cl\/valle-lo-campino\/noticias\/semana-de-las-ciencias\/#breadcrumb\",\"itemListElement\":[{\"@type\":\"ListItem\",\"position\":1,\"name\":\"Home\",\"item\":\"https:\/\/www.manquecura.cl\/valle-lo-campino\/\"},{\"@type\":\"ListItem\",\"position\":2,\"name\":\"Semana de las Ciencias\"}]},{\"@type\":\"WebSite\",\"@id\":\"https:\/\/www.manquecura.cl\/valle-lo-campino\/#website\",\"url\":\"https:\/\/www.manquecura.cl\/valle-lo-campino\/\",\"name\":\"Colegio Manquecura Valle Lo Campino\",\"description\":\"Parte de los Colegios Cognita\",\"publisher\":{\"@id\":\"https:\/\/www.manquecura.cl\/valle-lo-campino\/#organization\"},\"potentialAction\":[{\"@type\":\"SearchAction\",\"target\":{\"@type\":\"EntryPoint\",\"urlTemplate\":\"https:\/\/www.manquecura.cl\/valle-lo-campino\/?s={search_term_string}\"},\"query-input\":{\"@type\":\"PropertyValueSpecification\",\"valueRequired\":true,\"valueName\":\"search_term_string\"}}],\"inLanguage\":\"es\"},{\"@type\":\"Organization\",\"@id\":\"https:\/\/www.manquecura.cl\/valle-lo-campino\/#organization\",\"name\":\"Colegio Manquecura Valle Lo Campino\",\"url\":\"https:\/\/www.manquecura.cl\/valle-lo-campino\/\",\"logo\":{\"@type\":\"ImageObject\",\"inLanguage\":\"es\",\"@id\":\"https:\/\/www.manquecura.cl\/valle-lo-campino\/#\/schema\/logo\/image\/\",\"url\":\"https:\/\/www.manquecura.cl\/valle-lo-campino\/wp-content\/uploads\/sites\/40\/2025\/02\/logo_Manquecura_Valle-Lo-Campino_horizontal_color.webp\",\"contentUrl\":\"https:\/\/www.manquecura.cl\/valle-lo-campino\/wp-content\/uploads\/sites\/40\/2025\/02\/logo_Manquecura_Valle-Lo-Campino_horizontal_color.webp\",\"width\":400,\"height\":119,\"caption\":\"Colegio Manquecura Valle Lo Campino\"},\"image\":{\"@id\":\"https:\/\/www.manquecura.cl\/valle-lo-campino\/#\/schema\/logo\/image\/\"},\"sameAs\":[\"http:\/\/www.facebook.com\/ColegiosManquecura\",\"http:\/\/www.instagram.com\/manquecura_vallelocampino\/\",\"http:\/\/www.youtube.com\/c\/CognitaChile\"]},{\"@type\":\"Person\",\"@id\":\"https:\/\/www.manquecura.cl\/valle-lo-campino\/#\/schema\/person\/0debeea140e397b5d490ee7e553255d8\",\"name\":\"jorgedelcampo\",\"image\":{\"@type\":\"ImageObject\",\"inLanguage\":\"es\",\"@id\":\"https:\/\/www.manquecura.cl\/valle-lo-campino\/#\/schema\/person\/image\/\",\"url\":\"https:\/\/secure.gravatar.com\/avatar\/4a315f521213b2dc91dbda9bf799f711c8a98ab6f5606ec42cf5b33d1e762e8a?s=96&d=mm&r=g\",\"contentUrl\":\"https:\/\/secure.gravatar.com\/avatar\/4a315f521213b2dc91dbda9bf799f711c8a98ab6f5606ec42cf5b33d1e762e8a?s=96&d=mm&r=g\",\"caption\":\"jorgedelcampo\"}}]}<\/script>\n<!-- \/ Yoast SEO plugin. -->","yoast_head_json":{"title":"Semana de las Ciencias - Colegio Manquecura Valle Lo Campino","robots":{"index":"index","follow":"follow","max-snippet":"max-snippet:-1","max-image-preview":"max-image-preview:large","max-video-preview":"max-video-preview:-1"},"canonical":"https:\/\/www.manquecura.cl\/valle-lo-campino\/noticias\/semana-de-las-ciencias\/","og_locale":"es_ES","og_type":"article","og_title":"Semana de las Ciencias - Colegio Manquecura Valle Lo Campino","og_description":"Nuestro Departamento de Ciencias, present\u00f3 la Semana de las Ciencias, para evaluar y recordar las actividades que han motivado, generado inter\u00e9s y pasi\u00f3n por alg\u00fan \u00e1rea en nuestros alumnos, es por ello durante la semana reci\u00e9n pasada, todos los estudiantes de 7\u00b0 a IV\u00b0 Medio participaron en una creaci\u00f3n de logotipo para el departamento y [&hellip;]","og_url":"https:\/\/www.manquecura.cl\/valle-lo-campino\/noticias\/semana-de-las-ciencias\/","og_site_name":"Colegio Manquecura Valle Lo Campino","article_publisher":"http:\/\/www.facebook.com\/ColegiosManquecura","article_published_time":"2022-11-02T16:39:04+00:00","author":"jorgedelcampo","twitter_card":"summary_large_image","twitter_misc":{"Escrito por":"jorgedelcampo","Tiempo de lectura":"2 minutos"},"schema":{"@context":"https:\/\/schema.org","@graph":[{"@type":"Article","@id":"https:\/\/www.manquecura.cl\/valle-lo-campino\/noticias\/semana-de-las-ciencias\/#article","isPartOf":{"@id":"https:\/\/www.manquecura.cl\/valle-lo-campino\/noticias\/semana-de-las-ciencias\/"},"author":{"name":"jorgedelcampo","@id":"https:\/\/www.manquecura.cl\/valle-lo-campino\/#\/schema\/person\/0debeea140e397b5d490ee7e553255d8"},"headline":"Semana de las Ciencias","datePublished":"2022-11-02T16:39:04+00:00","mainEntityOfPage":{"@id":"https:\/\/www.manquecura.cl\/valle-lo-campino\/noticias\/semana-de-las-ciencias\/"},"wordCount":496,"commentCount":0,"publisher":{"@id":"https:\/\/www.manquecura.cl\/valle-lo-campino\/#organization"},"image":{"@id":"https:\/\/www.manquecura.cl\/valle-lo-campino\/noticias\/semana-de-las-ciencias\/#primaryimage"},"thumbnailUrl":"https:\/\/www.manquecura.cl\/valle-lo-campino\/wp-content\/uploads\/sites\/40\/2022\/11\/27.png","articleSection":["Vida Escolar"],"inLanguage":"es","potentialAction":[{"@type":"CommentAction","name":"Comment","target":["https:\/\/www.manquecura.cl\/valle-lo-campino\/noticias\/semana-de-las-ciencias\/#respond"]}]},{"@type":"WebPage","@id":"https:\/\/www.manquecura.cl\/valle-lo-campino\/noticias\/semana-de-las-ciencias\/","url":"https:\/\/www.manquecura.cl\/valle-lo-campino\/noticias\/semana-de-las-ciencias\/","name":"Semana de las Ciencias - Colegio Manquecura Valle Lo Campino","isPartOf":{"@id":"https:\/\/www.manquecura.cl\/valle-lo-campino\/#website"},"primaryImageOfPage":{"@id":"https:\/\/www.manquecura.cl\/valle-lo-campino\/noticias\/semana-de-las-ciencias\/#primaryimage"},"image":{"@id":"https:\/\/www.manquecura.cl\/valle-lo-campino\/noticias\/semana-de-las-ciencias\/#primaryimage"},"thumbnailUrl":"https:\/\/www.manquecura.cl\/valle-lo-campino\/wp-content\/uploads\/sites\/40\/2022\/11\/27.png","datePublished":"2022-11-02T16:39:04+00:00","breadcrumb":{"@id":"https:\/\/www.manquecura.cl\/valle-lo-campino\/noticias\/semana-de-las-ciencias\/#breadcrumb"},"inLanguage":"es","potentialAction":[{"@type":"ReadAction","target":["https:\/\/www.manquecura.cl\/valle-lo-campino\/noticias\/semana-de-las-ciencias\/"]}]},{"@type":"ImageObject","inLanguage":"es","@id":"https:\/\/www.manquecura.cl\/valle-lo-campino\/noticias\/semana-de-las-ciencias\/#primaryimage","url":"https:\/\/www.manquecura.cl\/valle-lo-campino\/wp-content\/uploads\/sites\/40\/2022\/11\/27.png","contentUrl":"https:\/\/www.manquecura.cl\/valle-lo-campino\/wp-content\/uploads\/sites\/40\/2022\/11\/27.png"},{"@type":"BreadcrumbList","@id":"https:\/\/www.manquecura.cl\/valle-lo-campino\/noticias\/semana-de-las-ciencias\/#breadcrumb","itemListElement":[{"@type":"ListItem","position":1,"name":"Home","item":"https:\/\/www.manquecura.cl\/valle-lo-campino\/"},{"@type":"ListItem","position":2,"name":"Semana de las Ciencias"}]},{"@type":"WebSite","@id":"https:\/\/www.manquecura.cl\/valle-lo-campino\/#website","url":"https:\/\/www.manquecura.cl\/valle-lo-campino\/","name":"Colegio Manquecura Valle Lo Campino","description":"Parte de los Colegios Cognita","publisher":{"@id":"https:\/\/www.manquecura.cl\/valle-lo-campino\/#organization"},"potentialAction":[{"@type":"SearchAction","target":{"@type":"EntryPoint","urlTemplate":"https:\/\/www.manquecura.cl\/valle-lo-campino\/?s={search_term_string}"},"query-input":{"@type":"PropertyValueSpecification","valueRequired":true,"valueName":"search_term_string"}}],"inLanguage":"es"},{"@type":"Organization","@id":"https:\/\/www.manquecura.cl\/valle-lo-campino\/#organization","name":"Colegio Manquecura Valle Lo Campino","url":"https:\/\/www.manquecura.cl\/valle-lo-campino\/","logo":{"@type":"ImageObject","inLanguage":"es","@id":"https:\/\/www.manquecura.cl\/valle-lo-campino\/#\/schema\/logo\/image\/","url":"https:\/\/www.manquecura.cl\/valle-lo-campino\/wp-content\/uploads\/sites\/40\/2025\/02\/logo_Manquecura_Valle-Lo-Campino_horizontal_color.webp","contentUrl":"https:\/\/www.manquecura.cl\/valle-lo-campino\/wp-content\/uploads\/sites\/40\/2025\/02\/logo_Manquecura_Valle-Lo-Campino_horizontal_color.webp","width":400,"height":119,"caption":"Colegio Manquecura Valle Lo Campino"},"image":{"@id":"https:\/\/www.manquecura.cl\/valle-lo-campino\/#\/schema\/logo\/image\/"},"sameAs":["http:\/\/www.facebook.com\/ColegiosManquecura","http:\/\/www.instagram.com\/manquecura_vallelocampino\/","http:\/\/www.youtube.com\/c\/CognitaChile"]},{"@type":"Person","@id":"https:\/\/www.manquecura.cl\/valle-lo-campino\/#\/schema\/person\/0debeea140e397b5d490ee7e553255d8","name":"jorgedelcampo","image":{"@type":"ImageObject","inLanguage":"es","@id":"https:\/\/www.manquecura.cl\/valle-lo-campino\/#\/schema\/person\/image\/","url":"https:\/\/secure.gravatar.com\/avatar\/4a315f521213b2dc91dbda9bf799f711c8a98ab6f5606ec42cf5b33d1e762e8a?s=96&d=mm&r=g","contentUrl":"https:\/\/secure.gravatar.com\/avatar\/4a315f521213b2dc91dbda9bf799f711c8a98ab6f5606ec42cf5b33d1e762e8a?s=96&d=mm&r=g","caption":"jorgedelcampo"}}]}},"jetpack_featured_media_url":"https:\/\/www.manquecura.cl\/valle-lo-campino\/wp-content\/uploads\/sites\/40\/2022\/11\/27.png","previous_post_ID":13225,"previous_post_title":"Our Travel Project - Educaci\u00f3n Parvularia","previous_post_excerpt":"Con el prop\u00f3sito de seguir incentivando el ingl\u00e9s en los m\u00e1s peque\u00f1os, la profesora de Ingl\u00e9s de Educaci\u00f3n Parvularia, Sara Arrieta, present\u00f3 el proyecto \u201cOur Travel Project\u201d\u2708\ufe0f \u2022 Donde los alumnos de PreK\u00ednder deb\u00edan describir el transporte m\u00e1s usado en el pa\u00eds asignado, ya sea Venezuela, Canad\u00e1, Isla de Pascua , Irlanda o Colombia . [&hellip;]","previous_post_link":"https:\/\/www.manquecura.cl\/valle-lo-campino\/noticias\/13225-2\/","previous_post_class":["post-13225","post","type-post","status-publish","format-standard","has-post-thumbnail","hentry","category-vida-escolar"],"next_post_ID":13268,"next_post_title":"Telet\u00f3n visit\u00f3 Manquecura Valle Lo Campino","next_post_excerpt":"Este jueves recibimos la visita de Guillermo Ar\u00e1nguiz, quien pertenece a Telet\u00f3n y fue el encargado, junto a su equipo, de la Zumbat\u00f3nc para nuestros ciclos de Educaci\u00f3n B\u00e1sica y B\u00e1sica, animando a nuestros estudiantes con entretenidos y energ\u00e9ticos bailes. Agradecemos esta hermosa oportunidad para nuestro colegio, \u00a1Telet\u00f3n es TODOS LOS D\u00cdAS! \ud83d\udc95 [multimedia id=&#8221;1&#8243;]","next_post_link":"https:\/\/www.manquecura.cl\/valle-lo-campino\/noticias\/teleton-visito-manquecura-valle-lo-campino\/","next_post_class":["post-13268","post","type-post","status-publish","format-standard","has-post-thumbnail","hentry","category-vida-escolar"],"jetpack_sharing_enabled":true,"_links":{"self":[{"href":"https:\/\/www.manquecura.cl\/valle-lo-campino\/wp-json\/wp\/v2\/posts\/13241","targetHints":{"allow":["GET"]}}],"collection":[{"href":"https:\/\/www.manquecura.cl\/valle-lo-campino\/wp-json\/wp\/v2\/posts"}],"about":[{"href":"https:\/\/www.manquecura.cl\/valle-lo-campino\/wp-json\/wp\/v2\/types\/post"}],"author":[{"embeddable":true,"href":"https:\/\/www.manquecura.cl\/valle-lo-campino\/wp-json\/wp\/v2\/users\/14"}],"replies":[{"embeddable":true,"href":"https:\/\/www.manquecura.cl\/valle-lo-campino\/wp-json\/wp\/v2\/comments?post=13241"}],"version-history":[{"count":0,"href":"https:\/\/www.manquecura.cl\/valle-lo-campino\/wp-json\/wp\/v2\/posts\/13241\/revisions"}],"wp:featuredmedia":[{"embeddable":true,"href":"https:\/\/www.manquecura.cl\/valle-lo-campino\/wp-json\/wp\/v2\/media\/13266"}],"wp:attachment":[{"href":"https:\/\/www.manquecura.cl\/valle-lo-campino\/wp-json\/wp\/v2\/media?parent=13241"}],"wp:term":[{"taxonomy":"category","embeddable":true,"href":"https:\/\/www.manquecura.cl\/valle-lo-campino\/wp-json\/wp\/v2\/categories?post=13241"},{"taxonomy":"post_tag","embeddable":true,"href":"https:\/\/www.manquecura.cl\/valle-lo-campino\/wp-json\/wp\/v2\/tags?post=13241"}],"curies":[{"name":"wp","href":"https:\/\/api.w.org\/{rel}","templated":true}]}}