{"id":12882,"date":"2022-09-29T12:38:47","date_gmt":"2022-09-29T15:38:47","guid":{"rendered":"https:\/\/www.manquecura.cl\/\/valle-lo-campino\/?p=12882"},"modified":"2022-09-29T12:38:47","modified_gmt":"2022-09-29T15:38:47","slug":"entrega-de-utiles-de-aseo-y-personal-escuela-pablo-neruda","status":"publish","type":"post","link":"https:\/\/www.manquecura.cl\/valle-lo-campino\/noticias\/entrega-de-utiles-de-aseo-y-personal-escuela-pablo-neruda\/","title":{"rendered":"Entrega de \u00datiles de Aseo y Personal, Escuela Pablo Neruda"},"content":{"rendered":"<p>Hemos hecho entrega de gran parte de la recaudaci\u00f3n de \u00fatiles personales y de aseo, correspondientes a nuestra Campa\u00f1a de Solidaridad, que tambi\u00e9n tiene relaci\u00f3n con la tem\u00e1tica \u201cDAR\u201d del Global Be Well Day.<\/p>\n<p>En esta instancia, nuestros alumnos de 1\u00b0 B\u00e1sico junto a sus padres y nuestra directora de P\u00e1rvulo, Natalia Valenzuela, visitaron la Escuela B\u00e1sica Escritor Pablo Neruda, para entregar a los estudiantes y su director Francisco Contreras, esta bella donaci\u00f3n, quienes agradecieron y compartieron su gratitud por nuestra ayuda.<\/p>\n<p>En los pr\u00f3ximos d\u00edas, haremos la donaci\u00f3n que corresponde al Hogar San Gerardo y a la Iglesia de Quilicura.<\/p>\n<p>Felicitamos y agradecemos a nuestra comunidad Manquecura Valle Lo Campino, por su colaboraci\u00f3n y compromiso en pro de ayudar a quienes lo necesitan.<\/p>\n<p>[multimedia id=&#8221;1&#8243;]<\/p>\n"},"excerpt":{"rendered":"<p>Hemos hecho entrega de gran parte de la recaudaci\u00f3n de \u00fatiles personales y de aseo, correspondientes a nuestra Campa\u00f1a de Solidaridad, que tambi\u00e9n tiene relaci\u00f3n con la tem\u00e1tica \u201cDAR\u201d del Global Be Well Day. En esta instancia, nuestros alumnos de 1\u00b0 B\u00e1sico junto a sus padres y nuestra directora de P\u00e1rvulo, Natalia Valenzuela, visitaron la [&hellip;]<\/p>\n","protected":false},"author":14,"featured_media":12883,"comment_status":"open","ping_status":"open","sticky":false,"template":"","format":"standard","meta":{"_acf_changed":false,"content-type":"","_jetpack_memberships_contains_paid_content":false,"footnotes":""},"categories":[1],"tags":[],"class_list":["post-12882","post","type-post","status-publish","format-standard","has-post-thumbnail","hentry","category-vida-escolar"],"acf":[],"yoast_head":"<!-- This site is optimized with the Yoast SEO plugin v27.1.1 - https:\/\/yoast.com\/product\/yoast-seo-wordpress\/ -->\n<title>Entrega de \u00datiles de Aseo y Personal, Escuela Pablo Neruda - Colegio Manquecura Valle Lo Campino<\/title>\n<meta name=\"robots\" content=\"index, follow, max-snippet:-1, max-image-preview:large, max-video-preview:-1\" \/>\n<link rel=\"canonical\" href=\"https:\/\/www.manquecura.cl\/valle-lo-campino\/noticias\/entrega-de-utiles-de-aseo-y-personal-escuela-pablo-neruda\/\" \/>\n<meta property=\"og:locale\" content=\"es_ES\" \/>\n<meta property=\"og:type\" content=\"article\" \/>\n<meta property=\"og:title\" content=\"Entrega de \u00datiles de Aseo y Personal, Escuela Pablo Neruda - Colegio Manquecura Valle Lo Campino\" \/>\n<meta property=\"og:description\" content=\"Hemos hecho entrega de gran parte de la recaudaci\u00f3n de \u00fatiles personales y de aseo, correspondientes a nuestra Campa\u00f1a de Solidaridad, que tambi\u00e9n tiene relaci\u00f3n con la tem\u00e1tica \u201cDAR\u201d del Global Be Well Day. En esta instancia, nuestros alumnos de 1\u00b0 B\u00e1sico junto a sus padres y nuestra directora de P\u00e1rvulo, Natalia Valenzuela, visitaron la [&hellip;]\" \/>\n<meta property=\"og:url\" content=\"https:\/\/www.manquecura.cl\/valle-lo-campino\/noticias\/entrega-de-utiles-de-aseo-y-personal-escuela-pablo-neruda\/\" \/>\n<meta property=\"og:site_name\" content=\"Colegio Manquecura Valle Lo Campino\" \/>\n<meta property=\"article:publisher\" content=\"http:\/\/www.facebook.com\/ColegiosManquecura\" \/>\n<meta property=\"article:published_time\" content=\"2022-09-29T15:38:47+00:00\" \/>\n<meta name=\"author\" content=\"jorgedelcampo\" \/>\n<meta name=\"twitter:card\" content=\"summary_large_image\" \/>\n<meta name=\"twitter:label1\" content=\"Escrito por\" \/>\n\t<meta name=\"twitter:data1\" content=\"jorgedelcampo\" \/>\n\t<meta name=\"twitter:label2\" content=\"Tiempo de lectura\" \/>\n\t<meta name=\"twitter:data2\" content=\"1 minuto\" \/>\n<script type=\"application\/ld+json\" class=\"yoast-schema-graph\">{\"@context\":\"https:\/\/schema.org\",\"@graph\":[{\"@type\":\"Article\",\"@id\":\"https:\/\/www.manquecura.cl\/valle-lo-campino\/noticias\/entrega-de-utiles-de-aseo-y-personal-escuela-pablo-neruda\/#article\",\"isPartOf\":{\"@id\":\"https:\/\/www.manquecura.cl\/valle-lo-campino\/noticias\/entrega-de-utiles-de-aseo-y-personal-escuela-pablo-neruda\/\"},\"author\":{\"name\":\"jorgedelcampo\",\"@id\":\"https:\/\/www.manquecura.cl\/valle-lo-campino\/#\/schema\/person\/0debeea140e397b5d490ee7e553255d8\"},\"headline\":\"Entrega de \u00datiles de Aseo y Personal, Escuela Pablo Neruda\",\"datePublished\":\"2022-09-29T15:38:47+00:00\",\"mainEntityOfPage\":{\"@id\":\"https:\/\/www.manquecura.cl\/valle-lo-campino\/noticias\/entrega-de-utiles-de-aseo-y-personal-escuela-pablo-neruda\/\"},\"wordCount\":148,\"commentCount\":0,\"publisher\":{\"@id\":\"https:\/\/www.manquecura.cl\/valle-lo-campino\/#organization\"},\"image\":{\"@id\":\"https:\/\/www.manquecura.cl\/valle-lo-campino\/noticias\/entrega-de-utiles-de-aseo-y-personal-escuela-pablo-neruda\/#primaryimage\"},\"thumbnailUrl\":\"https:\/\/www.manquecura.cl\/valle-lo-campino\/wp-content\/uploads\/sites\/40\/2022\/09\/ENTREGA_ESCUELA_PABLO_NERUDA-5.png\",\"articleSection\":[\"Vida Escolar\"],\"inLanguage\":\"es\",\"potentialAction\":[{\"@type\":\"CommentAction\",\"name\":\"Comment\",\"target\":[\"https:\/\/www.manquecura.cl\/valle-lo-campino\/noticias\/entrega-de-utiles-de-aseo-y-personal-escuela-pablo-neruda\/#respond\"]}]},{\"@type\":\"WebPage\",\"@id\":\"https:\/\/www.manquecura.cl\/valle-lo-campino\/noticias\/entrega-de-utiles-de-aseo-y-personal-escuela-pablo-neruda\/\",\"url\":\"https:\/\/www.manquecura.cl\/valle-lo-campino\/noticias\/entrega-de-utiles-de-aseo-y-personal-escuela-pablo-neruda\/\",\"name\":\"Entrega de \u00datiles de Aseo y Personal, Escuela Pablo Neruda - Colegio Manquecura Valle Lo Campino\",\"isPartOf\":{\"@id\":\"https:\/\/www.manquecura.cl\/valle-lo-campino\/#website\"},\"primaryImageOfPage\":{\"@id\":\"https:\/\/www.manquecura.cl\/valle-lo-campino\/noticias\/entrega-de-utiles-de-aseo-y-personal-escuela-pablo-neruda\/#primaryimage\"},\"image\":{\"@id\":\"https:\/\/www.manquecura.cl\/valle-lo-campino\/noticias\/entrega-de-utiles-de-aseo-y-personal-escuela-pablo-neruda\/#primaryimage\"},\"thumbnailUrl\":\"https:\/\/www.manquecura.cl\/valle-lo-campino\/wp-content\/uploads\/sites\/40\/2022\/09\/ENTREGA_ESCUELA_PABLO_NERUDA-5.png\",\"datePublished\":\"2022-09-29T15:38:47+00:00\",\"breadcrumb\":{\"@id\":\"https:\/\/www.manquecura.cl\/valle-lo-campino\/noticias\/entrega-de-utiles-de-aseo-y-personal-escuela-pablo-neruda\/#breadcrumb\"},\"inLanguage\":\"es\",\"potentialAction\":[{\"@type\":\"ReadAction\",\"target\":[\"https:\/\/www.manquecura.cl\/valle-lo-campino\/noticias\/entrega-de-utiles-de-aseo-y-personal-escuela-pablo-neruda\/\"]}]},{\"@type\":\"ImageObject\",\"inLanguage\":\"es\",\"@id\":\"https:\/\/www.manquecura.cl\/valle-lo-campino\/noticias\/entrega-de-utiles-de-aseo-y-personal-escuela-pablo-neruda\/#primaryimage\",\"url\":\"https:\/\/www.manquecura.cl\/valle-lo-campino\/wp-content\/uploads\/sites\/40\/2022\/09\/ENTREGA_ESCUELA_PABLO_NERUDA-5.png\",\"contentUrl\":\"https:\/\/www.manquecura.cl\/valle-lo-campino\/wp-content\/uploads\/sites\/40\/2022\/09\/ENTREGA_ESCUELA_PABLO_NERUDA-5.png\",\"width\":836,\"height\":523},{\"@type\":\"BreadcrumbList\",\"@id\":\"https:\/\/www.manquecura.cl\/valle-lo-campino\/noticias\/entrega-de-utiles-de-aseo-y-personal-escuela-pablo-neruda\/#breadcrumb\",\"itemListElement\":[{\"@type\":\"ListItem\",\"position\":1,\"name\":\"Home\",\"item\":\"https:\/\/www.manquecura.cl\/valle-lo-campino\/\"},{\"@type\":\"ListItem\",\"position\":2,\"name\":\"Entrega de \u00datiles de Aseo y Personal, Escuela Pablo Neruda\"}]},{\"@type\":\"WebSite\",\"@id\":\"https:\/\/www.manquecura.cl\/valle-lo-campino\/#website\",\"url\":\"https:\/\/www.manquecura.cl\/valle-lo-campino\/\",\"name\":\"Colegio Manquecura Valle Lo Campino\",\"description\":\"Parte de los Colegios Cognita\",\"publisher\":{\"@id\":\"https:\/\/www.manquecura.cl\/valle-lo-campino\/#organization\"},\"potentialAction\":[{\"@type\":\"SearchAction\",\"target\":{\"@type\":\"EntryPoint\",\"urlTemplate\":\"https:\/\/www.manquecura.cl\/valle-lo-campino\/?s={search_term_string}\"},\"query-input\":{\"@type\":\"PropertyValueSpecification\",\"valueRequired\":true,\"valueName\":\"search_term_string\"}}],\"inLanguage\":\"es\"},{\"@type\":\"Organization\",\"@id\":\"https:\/\/www.manquecura.cl\/valle-lo-campino\/#organization\",\"name\":\"Colegio Manquecura Valle Lo Campino\",\"url\":\"https:\/\/www.manquecura.cl\/valle-lo-campino\/\",\"logo\":{\"@type\":\"ImageObject\",\"inLanguage\":\"es\",\"@id\":\"https:\/\/www.manquecura.cl\/valle-lo-campino\/#\/schema\/logo\/image\/\",\"url\":\"https:\/\/www.manquecura.cl\/valle-lo-campino\/wp-content\/uploads\/sites\/40\/2025\/02\/logo_Manquecura_Valle-Lo-Campino_horizontal_color.webp\",\"contentUrl\":\"https:\/\/www.manquecura.cl\/valle-lo-campino\/wp-content\/uploads\/sites\/40\/2025\/02\/logo_Manquecura_Valle-Lo-Campino_horizontal_color.webp\",\"width\":400,\"height\":119,\"caption\":\"Colegio Manquecura Valle Lo Campino\"},\"image\":{\"@id\":\"https:\/\/www.manquecura.cl\/valle-lo-campino\/#\/schema\/logo\/image\/\"},\"sameAs\":[\"http:\/\/www.facebook.com\/ColegiosManquecura\",\"http:\/\/www.instagram.com\/manquecura_vallelocampino\/\",\"http:\/\/www.youtube.com\/c\/CognitaChile\"]},{\"@type\":\"Person\",\"@id\":\"https:\/\/www.manquecura.cl\/valle-lo-campino\/#\/schema\/person\/0debeea140e397b5d490ee7e553255d8\",\"name\":\"jorgedelcampo\",\"image\":{\"@type\":\"ImageObject\",\"inLanguage\":\"es\",\"@id\":\"https:\/\/www.manquecura.cl\/valle-lo-campino\/#\/schema\/person\/image\/\",\"url\":\"https:\/\/secure.gravatar.com\/avatar\/4a315f521213b2dc91dbda9bf799f711c8a98ab6f5606ec42cf5b33d1e762e8a?s=96&d=mm&r=g\",\"contentUrl\":\"https:\/\/secure.gravatar.com\/avatar\/4a315f521213b2dc91dbda9bf799f711c8a98ab6f5606ec42cf5b33d1e762e8a?s=96&d=mm&r=g\",\"caption\":\"jorgedelcampo\"}}]}<\/script>\n<!-- \/ Yoast SEO plugin. -->","yoast_head_json":{"title":"Entrega de \u00datiles de Aseo y Personal, Escuela Pablo Neruda - Colegio Manquecura Valle Lo Campino","robots":{"index":"index","follow":"follow","max-snippet":"max-snippet:-1","max-image-preview":"max-image-preview:large","max-video-preview":"max-video-preview:-1"},"canonical":"https:\/\/www.manquecura.cl\/valle-lo-campino\/noticias\/entrega-de-utiles-de-aseo-y-personal-escuela-pablo-neruda\/","og_locale":"es_ES","og_type":"article","og_title":"Entrega de \u00datiles de Aseo y Personal, Escuela Pablo Neruda - Colegio Manquecura Valle Lo Campino","og_description":"Hemos hecho entrega de gran parte de la recaudaci\u00f3n de \u00fatiles personales y de aseo, correspondientes a nuestra Campa\u00f1a de Solidaridad, que tambi\u00e9n tiene relaci\u00f3n con la tem\u00e1tica \u201cDAR\u201d del Global Be Well Day. En esta instancia, nuestros alumnos de 1\u00b0 B\u00e1sico junto a sus padres y nuestra directora de P\u00e1rvulo, Natalia Valenzuela, visitaron la [&hellip;]","og_url":"https:\/\/www.manquecura.cl\/valle-lo-campino\/noticias\/entrega-de-utiles-de-aseo-y-personal-escuela-pablo-neruda\/","og_site_name":"Colegio Manquecura Valle Lo Campino","article_publisher":"http:\/\/www.facebook.com\/ColegiosManquecura","article_published_time":"2022-09-29T15:38:47+00:00","author":"jorgedelcampo","twitter_card":"summary_large_image","twitter_misc":{"Escrito por":"jorgedelcampo","Tiempo de lectura":"1 minuto"},"schema":{"@context":"https:\/\/schema.org","@graph":[{"@type":"Article","@id":"https:\/\/www.manquecura.cl\/valle-lo-campino\/noticias\/entrega-de-utiles-de-aseo-y-personal-escuela-pablo-neruda\/#article","isPartOf":{"@id":"https:\/\/www.manquecura.cl\/valle-lo-campino\/noticias\/entrega-de-utiles-de-aseo-y-personal-escuela-pablo-neruda\/"},"author":{"name":"jorgedelcampo","@id":"https:\/\/www.manquecura.cl\/valle-lo-campino\/#\/schema\/person\/0debeea140e397b5d490ee7e553255d8"},"headline":"Entrega de \u00datiles de Aseo y Personal, Escuela Pablo Neruda","datePublished":"2022-09-29T15:38:47+00:00","mainEntityOfPage":{"@id":"https:\/\/www.manquecura.cl\/valle-lo-campino\/noticias\/entrega-de-utiles-de-aseo-y-personal-escuela-pablo-neruda\/"},"wordCount":148,"commentCount":0,"publisher":{"@id":"https:\/\/www.manquecura.cl\/valle-lo-campino\/#organization"},"image":{"@id":"https:\/\/www.manquecura.cl\/valle-lo-campino\/noticias\/entrega-de-utiles-de-aseo-y-personal-escuela-pablo-neruda\/#primaryimage"},"thumbnailUrl":"https:\/\/www.manquecura.cl\/valle-lo-campino\/wp-content\/uploads\/sites\/40\/2022\/09\/ENTREGA_ESCUELA_PABLO_NERUDA-5.png","articleSection":["Vida Escolar"],"inLanguage":"es","potentialAction":[{"@type":"CommentAction","name":"Comment","target":["https:\/\/www.manquecura.cl\/valle-lo-campino\/noticias\/entrega-de-utiles-de-aseo-y-personal-escuela-pablo-neruda\/#respond"]}]},{"@type":"WebPage","@id":"https:\/\/www.manquecura.cl\/valle-lo-campino\/noticias\/entrega-de-utiles-de-aseo-y-personal-escuela-pablo-neruda\/","url":"https:\/\/www.manquecura.cl\/valle-lo-campino\/noticias\/entrega-de-utiles-de-aseo-y-personal-escuela-pablo-neruda\/","name":"Entrega de \u00datiles de Aseo y Personal, Escuela Pablo Neruda - Colegio Manquecura Valle Lo Campino","isPartOf":{"@id":"https:\/\/www.manquecura.cl\/valle-lo-campino\/#website"},"primaryImageOfPage":{"@id":"https:\/\/www.manquecura.cl\/valle-lo-campino\/noticias\/entrega-de-utiles-de-aseo-y-personal-escuela-pablo-neruda\/#primaryimage"},"image":{"@id":"https:\/\/www.manquecura.cl\/valle-lo-campino\/noticias\/entrega-de-utiles-de-aseo-y-personal-escuela-pablo-neruda\/#primaryimage"},"thumbnailUrl":"https:\/\/www.manquecura.cl\/valle-lo-campino\/wp-content\/uploads\/sites\/40\/2022\/09\/ENTREGA_ESCUELA_PABLO_NERUDA-5.png","datePublished":"2022-09-29T15:38:47+00:00","breadcrumb":{"@id":"https:\/\/www.manquecura.cl\/valle-lo-campino\/noticias\/entrega-de-utiles-de-aseo-y-personal-escuela-pablo-neruda\/#breadcrumb"},"inLanguage":"es","potentialAction":[{"@type":"ReadAction","target":["https:\/\/www.manquecura.cl\/valle-lo-campino\/noticias\/entrega-de-utiles-de-aseo-y-personal-escuela-pablo-neruda\/"]}]},{"@type":"ImageObject","inLanguage":"es","@id":"https:\/\/www.manquecura.cl\/valle-lo-campino\/noticias\/entrega-de-utiles-de-aseo-y-personal-escuela-pablo-neruda\/#primaryimage","url":"https:\/\/www.manquecura.cl\/valle-lo-campino\/wp-content\/uploads\/sites\/40\/2022\/09\/ENTREGA_ESCUELA_PABLO_NERUDA-5.png","contentUrl":"https:\/\/www.manquecura.cl\/valle-lo-campino\/wp-content\/uploads\/sites\/40\/2022\/09\/ENTREGA_ESCUELA_PABLO_NERUDA-5.png","width":836,"height":523},{"@type":"BreadcrumbList","@id":"https:\/\/www.manquecura.cl\/valle-lo-campino\/noticias\/entrega-de-utiles-de-aseo-y-personal-escuela-pablo-neruda\/#breadcrumb","itemListElement":[{"@type":"ListItem","position":1,"name":"Home","item":"https:\/\/www.manquecura.cl\/valle-lo-campino\/"},{"@type":"ListItem","position":2,"name":"Entrega de \u00datiles de Aseo y Personal, Escuela Pablo Neruda"}]},{"@type":"WebSite","@id":"https:\/\/www.manquecura.cl\/valle-lo-campino\/#website","url":"https:\/\/www.manquecura.cl\/valle-lo-campino\/","name":"Colegio Manquecura Valle Lo Campino","description":"Parte de los Colegios Cognita","publisher":{"@id":"https:\/\/www.manquecura.cl\/valle-lo-campino\/#organization"},"potentialAction":[{"@type":"SearchAction","target":{"@type":"EntryPoint","urlTemplate":"https:\/\/www.manquecura.cl\/valle-lo-campino\/?s={search_term_string}"},"query-input":{"@type":"PropertyValueSpecification","valueRequired":true,"valueName":"search_term_string"}}],"inLanguage":"es"},{"@type":"Organization","@id":"https:\/\/www.manquecura.cl\/valle-lo-campino\/#organization","name":"Colegio Manquecura Valle Lo Campino","url":"https:\/\/www.manquecura.cl\/valle-lo-campino\/","logo":{"@type":"ImageObject","inLanguage":"es","@id":"https:\/\/www.manquecura.cl\/valle-lo-campino\/#\/schema\/logo\/image\/","url":"https:\/\/www.manquecura.cl\/valle-lo-campino\/wp-content\/uploads\/sites\/40\/2025\/02\/logo_Manquecura_Valle-Lo-Campino_horizontal_color.webp","contentUrl":"https:\/\/www.manquecura.cl\/valle-lo-campino\/wp-content\/uploads\/sites\/40\/2025\/02\/logo_Manquecura_Valle-Lo-Campino_horizontal_color.webp","width":400,"height":119,"caption":"Colegio Manquecura Valle Lo Campino"},"image":{"@id":"https:\/\/www.manquecura.cl\/valle-lo-campino\/#\/schema\/logo\/image\/"},"sameAs":["http:\/\/www.facebook.com\/ColegiosManquecura","http:\/\/www.instagram.com\/manquecura_vallelocampino\/","http:\/\/www.youtube.com\/c\/CognitaChile"]},{"@type":"Person","@id":"https:\/\/www.manquecura.cl\/valle-lo-campino\/#\/schema\/person\/0debeea140e397b5d490ee7e553255d8","name":"jorgedelcampo","image":{"@type":"ImageObject","inLanguage":"es","@id":"https:\/\/www.manquecura.cl\/valle-lo-campino\/#\/schema\/person\/image\/","url":"https:\/\/secure.gravatar.com\/avatar\/4a315f521213b2dc91dbda9bf799f711c8a98ab6f5606ec42cf5b33d1e762e8a?s=96&d=mm&r=g","contentUrl":"https:\/\/secure.gravatar.com\/avatar\/4a315f521213b2dc91dbda9bf799f711c8a98ab6f5606ec42cf5b33d1e762e8a?s=96&d=mm&r=g","caption":"jorgedelcampo"}}]}},"jetpack_featured_media_url":"https:\/\/www.manquecura.cl\/valle-lo-campino\/wp-content\/uploads\/sites\/40\/2022\/09\/ENTREGA_ESCUELA_PABLO_NERUDA-5.png","previous_post_ID":12952,"previous_post_title":"Premiaci\u00f3n Olimpiadas de Matem\u00e1tica 2022","previous_post_excerpt":"Durante el mes de septiembre se llevaron a cabo las Olimpiadas Matem\u00e1tica 2022, organizada por el departamento de matem\u00e1ticas donde fueron convocados los\/las alumnas desde 1\u00b0 b\u00e1sico a IV\u00b0 Medio los cuales se centran en resolver problemas y ejercicios del \u00e1rea de la mejor manera y estrategia. Y como \u00faltima instancia, se llev\u00f3 a cabo [&hellip;]","previous_post_link":"https:\/\/www.manquecura.cl\/valle-lo-campino\/noticias\/premiacion-olimpiadas-de-matematica-2022\/","previous_post_class":["post-12952","post","type-post","status-publish","format-standard","has-post-thumbnail","hentry","category-vida-escolar"],"next_post_ID":12890,"next_post_title":"Celebraci\u00f3n Global Be Well Day 2022","next_post_excerpt":"Nuestra comunidad Manquecura Valle Lo Campino, celebr\u00f3 con mucho entusiasmo la 4\u00b0 versi\u00f3n del Global Be Well Day, D\u00eda Mundial del Bienestar. Todos nuestros estudiantes, celebraron con divertidas actividades organizadas por sus profesores, Yoga, Zumba, Juegos en Equipo y una convivencia con alimentos saludables, en torno a la tem\u00e1tica principal de este a\u00f1o: \u201cAlimentaci\u00f3n\u201d. El [&hellip;]","next_post_link":"https:\/\/www.manquecura.cl\/valle-lo-campino\/noticias\/celebracion-global-be-well-day-2022\/","next_post_class":["post-12890","post","type-post","status-publish","format-standard","has-post-thumbnail","hentry","category-vida-escolar"],"jetpack_sharing_enabled":true,"_links":{"self":[{"href":"https:\/\/www.manquecura.cl\/valle-lo-campino\/wp-json\/wp\/v2\/posts\/12882","targetHints":{"allow":["GET"]}}],"collection":[{"href":"https:\/\/www.manquecura.cl\/valle-lo-campino\/wp-json\/wp\/v2\/posts"}],"about":[{"href":"https:\/\/www.manquecura.cl\/valle-lo-campino\/wp-json\/wp\/v2\/types\/post"}],"author":[{"embeddable":true,"href":"https:\/\/www.manquecura.cl\/valle-lo-campino\/wp-json\/wp\/v2\/users\/14"}],"replies":[{"embeddable":true,"href":"https:\/\/www.manquecura.cl\/valle-lo-campino\/wp-json\/wp\/v2\/comments?post=12882"}],"version-history":[{"count":0,"href":"https:\/\/www.manquecura.cl\/valle-lo-campino\/wp-json\/wp\/v2\/posts\/12882\/revisions"}],"wp:featuredmedia":[{"embeddable":true,"href":"https:\/\/www.manquecura.cl\/valle-lo-campino\/wp-json\/wp\/v2\/media\/12883"}],"wp:attachment":[{"href":"https:\/\/www.manquecura.cl\/valle-lo-campino\/wp-json\/wp\/v2\/media?parent=12882"}],"wp:term":[{"taxonomy":"category","embeddable":true,"href":"https:\/\/www.manquecura.cl\/valle-lo-campino\/wp-json\/wp\/v2\/categories?post=12882"},{"taxonomy":"post_tag","embeddable":true,"href":"https:\/\/www.manquecura.cl\/valle-lo-campino\/wp-json\/wp\/v2\/tags?post=12882"}],"curies":[{"name":"wp","href":"https:\/\/api.w.org\/{rel}","templated":true}]}}