{"id":12866,"date":"2022-09-23T11:46:22","date_gmt":"2022-09-23T14:46:22","guid":{"rendered":"https:\/\/www.manquecura.cl\/\/valle-lo-campino\/?p=12866"},"modified":"2022-09-23T11:46:22","modified_gmt":"2022-09-23T14:46:22","slug":"school-of-the-future-abre-sus-puertas-a-las-familias","status":"publish","type":"post","link":"https:\/\/www.manquecura.cl\/valle-lo-campino\/noticias\/school-of-the-future-abre-sus-puertas-a-las-familias\/","title":{"rendered":"School of The Future abre sus puertas a las familias"},"content":{"rendered":"<p>La conferencia School of the Future (SOTF), organizada por Cognita Chile, vuelve en su segunda versi\u00f3n con una <a href=\"http:\/\/www.schoolofthefuture.cl\">nueva p\u00e1gina web<\/a> y la incorporaci\u00f3n en la agenda de un <strong>horario vespertino con tem\u00e1ticas y talleres familiares.\u00a0\u00a0 <\/strong><\/p>\n<p>Del<strong> 17 al 20 de octubre m\u00e1s de 25 colegios de Chile<\/strong> y el mundo, speakers internacionales y partner tecnol\u00f3gicos como Google, Microsoft, CodeMonkey, Fundaci\u00f3n Mustakis y Lab4U, se reunir\u00e1n en el mayor evento EdTech organizado por una red de colegios.<\/p>\n<p>Destacamos la participaci\u00f3n de <strong>Carrie James y Emily Weinstein<\/strong>, investigadoras de Harvard Graduate School of Education, expertas en adolescentes y tecnolog\u00eda, y autoras del libro <strong>\u201cDetr\u00e1s de sus Pantallas: qu\u00e9 enfrentan los adolescentes (y que los adultos desconocen)\u201d<\/strong>, quienes realizar\u00e1n un taller online sobre los nuevos fen\u00f3menos del contexto digital y c\u00f3mo conseguir balancear los h\u00e1bitos digitales de nuestros hijos.<\/p>\n<p>Cada uno de los cuatro d\u00edas de la conferencia abordar\u00e1 un t\u00f3pico diferente: <strong>Ciudadan\u00eda Digital, Tecnolog\u00eda en el Aula, Programaci\u00f3n y Rob\u00f3tica y, finalmente, Aprendizaje Inmersivo<\/strong>. Tem\u00e1ticas a las que los asistentes -estudiantes, docentes y padres- se aproximar\u00e1n a trav\u00e9s de <strong>presentaciones, talleres, y mesas redondas de estudiantes y de docentes. <\/strong><\/p>\n<p>Diariamente se premiar\u00e1n <strong>Challenges EdTech <\/strong>(desaf\u00edos), donde estudiantes, guiados por sus profesores, debieron solucionar un reto y presentarlo en un video resumen de 90 segundos:<em> \u00bfQu\u00e9 har\u00edas para que los adultos mayores conozcan c\u00f3mo utilizar los dispositivos rob\u00f3ticos dom\u00e9sticos de forma segura?; \u00bfC\u00f3mo te imaginas tu colegio en el futuro? (Dise\u00f1a un mundo virtual en Minecraft Education); y \u00bfC\u00f3mo a trav\u00e9s de la realidad aumentada o realidad virtual, podemos dise\u00f1ar soluciones de aprendizaje para tus compa\u00f1eros con necesidades especiales?<\/em>, entre otros.<\/p>\n<p><a href=\"http:\/\/schoolofthefuture.cl\/\">Reg\u00edstrate hoy<\/a> y acomp\u00e1\u00f1anos este a\u00f1o en School of the Future 2022.<\/p>\n"},"excerpt":{"rendered":"<p>La conferencia School of the Future (SOTF), organizada por Cognita Chile, vuelve en su segunda versi\u00f3n con una nueva p\u00e1gina web y la incorporaci\u00f3n en la agenda de un horario vespertino con tem\u00e1ticas y talleres familiares.\u00a0\u00a0 Del 17 al 20 de octubre m\u00e1s de 25 colegios de Chile y el mundo, speakers internacionales y partner [&hellip;]<\/p>\n","protected":false},"author":14,"featured_media":12867,"comment_status":"open","ping_status":"open","sticky":false,"template":"","format":"standard","meta":{"_acf_changed":false,"content-type":"","_jetpack_memberships_contains_paid_content":false,"footnotes":""},"categories":[1],"tags":[],"class_list":["post-12866","post","type-post","status-publish","format-standard","has-post-thumbnail","hentry","category-vida-escolar"],"acf":[],"yoast_head":"<!-- This site is optimized with the Yoast SEO plugin v27.1.1 - https:\/\/yoast.com\/product\/yoast-seo-wordpress\/ -->\n<title>School of The Future abre sus puertas a las familias - Colegio Manquecura Valle Lo Campino<\/title>\n<meta name=\"robots\" content=\"index, follow, max-snippet:-1, max-image-preview:large, max-video-preview:-1\" \/>\n<link rel=\"canonical\" href=\"https:\/\/www.manquecura.cl\/valle-lo-campino\/noticias\/school-of-the-future-abre-sus-puertas-a-las-familias\/\" \/>\n<meta property=\"og:locale\" content=\"es_ES\" \/>\n<meta property=\"og:type\" content=\"article\" \/>\n<meta property=\"og:title\" content=\"School of The Future abre sus puertas a las familias - Colegio Manquecura Valle Lo Campino\" \/>\n<meta property=\"og:description\" content=\"La conferencia School of the Future (SOTF), organizada por Cognita Chile, vuelve en su segunda versi\u00f3n con una nueva p\u00e1gina web y la incorporaci\u00f3n en la agenda de un horario vespertino con tem\u00e1ticas y talleres familiares.\u00a0\u00a0 Del 17 al 20 de octubre m\u00e1s de 25 colegios de Chile y el mundo, speakers internacionales y partner [&hellip;]\" \/>\n<meta property=\"og:url\" content=\"https:\/\/www.manquecura.cl\/valle-lo-campino\/noticias\/school-of-the-future-abre-sus-puertas-a-las-familias\/\" \/>\n<meta property=\"og:site_name\" content=\"Colegio Manquecura Valle Lo Campino\" \/>\n<meta property=\"article:publisher\" content=\"http:\/\/www.facebook.com\/ColegiosManquecura\" \/>\n<meta property=\"article:published_time\" content=\"2022-09-23T14:46:22+00:00\" \/>\n<meta name=\"author\" content=\"jorgedelcampo\" \/>\n<meta name=\"twitter:card\" content=\"summary_large_image\" \/>\n<meta name=\"twitter:label1\" content=\"Escrito por\" \/>\n\t<meta name=\"twitter:data1\" content=\"jorgedelcampo\" \/>\n\t<meta name=\"twitter:label2\" content=\"Tiempo de lectura\" \/>\n\t<meta name=\"twitter:data2\" content=\"2 minutos\" \/>\n<script type=\"application\/ld+json\" class=\"yoast-schema-graph\">{\"@context\":\"https:\/\/schema.org\",\"@graph\":[{\"@type\":\"Article\",\"@id\":\"https:\/\/www.manquecura.cl\/valle-lo-campino\/noticias\/school-of-the-future-abre-sus-puertas-a-las-familias\/#article\",\"isPartOf\":{\"@id\":\"https:\/\/www.manquecura.cl\/valle-lo-campino\/noticias\/school-of-the-future-abre-sus-puertas-a-las-familias\/\"},\"author\":{\"name\":\"jorgedelcampo\",\"@id\":\"https:\/\/www.manquecura.cl\/valle-lo-campino\/#\/schema\/person\/0debeea140e397b5d490ee7e553255d8\"},\"headline\":\"School of The Future abre sus puertas a las familias\",\"datePublished\":\"2022-09-23T14:46:22+00:00\",\"mainEntityOfPage\":{\"@id\":\"https:\/\/www.manquecura.cl\/valle-lo-campino\/noticias\/school-of-the-future-abre-sus-puertas-a-las-familias\/\"},\"wordCount\":326,\"commentCount\":0,\"publisher\":{\"@id\":\"https:\/\/www.manquecura.cl\/valle-lo-campino\/#organization\"},\"image\":{\"@id\":\"https:\/\/www.manquecura.cl\/valle-lo-campino\/noticias\/school-of-the-future-abre-sus-puertas-a-las-familias\/#primaryimage\"},\"thumbnailUrl\":\"https:\/\/www.manquecura.cl\/valle-lo-campino\/wp-content\/uploads\/sites\/40\/2022\/09\/SOTF-836x523-1.jpeg\",\"articleSection\":[\"Vida Escolar\"],\"inLanguage\":\"es\",\"potentialAction\":[{\"@type\":\"CommentAction\",\"name\":\"Comment\",\"target\":[\"https:\/\/www.manquecura.cl\/valle-lo-campino\/noticias\/school-of-the-future-abre-sus-puertas-a-las-familias\/#respond\"]}]},{\"@type\":\"WebPage\",\"@id\":\"https:\/\/www.manquecura.cl\/valle-lo-campino\/noticias\/school-of-the-future-abre-sus-puertas-a-las-familias\/\",\"url\":\"https:\/\/www.manquecura.cl\/valle-lo-campino\/noticias\/school-of-the-future-abre-sus-puertas-a-las-familias\/\",\"name\":\"School of The Future abre sus puertas a las familias - Colegio Manquecura Valle Lo Campino\",\"isPartOf\":{\"@id\":\"https:\/\/www.manquecura.cl\/valle-lo-campino\/#website\"},\"primaryImageOfPage\":{\"@id\":\"https:\/\/www.manquecura.cl\/valle-lo-campino\/noticias\/school-of-the-future-abre-sus-puertas-a-las-familias\/#primaryimage\"},\"image\":{\"@id\":\"https:\/\/www.manquecura.cl\/valle-lo-campino\/noticias\/school-of-the-future-abre-sus-puertas-a-las-familias\/#primaryimage\"},\"thumbnailUrl\":\"https:\/\/www.manquecura.cl\/valle-lo-campino\/wp-content\/uploads\/sites\/40\/2022\/09\/SOTF-836x523-1.jpeg\",\"datePublished\":\"2022-09-23T14:46:22+00:00\",\"breadcrumb\":{\"@id\":\"https:\/\/www.manquecura.cl\/valle-lo-campino\/noticias\/school-of-the-future-abre-sus-puertas-a-las-familias\/#breadcrumb\"},\"inLanguage\":\"es\",\"potentialAction\":[{\"@type\":\"ReadAction\",\"target\":[\"https:\/\/www.manquecura.cl\/valle-lo-campino\/noticias\/school-of-the-future-abre-sus-puertas-a-las-familias\/\"]}]},{\"@type\":\"ImageObject\",\"inLanguage\":\"es\",\"@id\":\"https:\/\/www.manquecura.cl\/valle-lo-campino\/noticias\/school-of-the-future-abre-sus-puertas-a-las-familias\/#primaryimage\",\"url\":\"https:\/\/www.manquecura.cl\/valle-lo-campino\/wp-content\/uploads\/sites\/40\/2022\/09\/SOTF-836x523-1.jpeg\",\"contentUrl\":\"https:\/\/www.manquecura.cl\/valle-lo-campino\/wp-content\/uploads\/sites\/40\/2022\/09\/SOTF-836x523-1.jpeg\",\"width\":836,\"height\":523},{\"@type\":\"BreadcrumbList\",\"@id\":\"https:\/\/www.manquecura.cl\/valle-lo-campino\/noticias\/school-of-the-future-abre-sus-puertas-a-las-familias\/#breadcrumb\",\"itemListElement\":[{\"@type\":\"ListItem\",\"position\":1,\"name\":\"Home\",\"item\":\"https:\/\/www.manquecura.cl\/valle-lo-campino\/\"},{\"@type\":\"ListItem\",\"position\":2,\"name\":\"School of The Future abre sus puertas a las familias\"}]},{\"@type\":\"WebSite\",\"@id\":\"https:\/\/www.manquecura.cl\/valle-lo-campino\/#website\",\"url\":\"https:\/\/www.manquecura.cl\/valle-lo-campino\/\",\"name\":\"Colegio Manquecura Valle Lo Campino\",\"description\":\"Parte de los Colegios Cognita\",\"publisher\":{\"@id\":\"https:\/\/www.manquecura.cl\/valle-lo-campino\/#organization\"},\"potentialAction\":[{\"@type\":\"SearchAction\",\"target\":{\"@type\":\"EntryPoint\",\"urlTemplate\":\"https:\/\/www.manquecura.cl\/valle-lo-campino\/?s={search_term_string}\"},\"query-input\":{\"@type\":\"PropertyValueSpecification\",\"valueRequired\":true,\"valueName\":\"search_term_string\"}}],\"inLanguage\":\"es\"},{\"@type\":\"Organization\",\"@id\":\"https:\/\/www.manquecura.cl\/valle-lo-campino\/#organization\",\"name\":\"Colegio Manquecura Valle Lo Campino\",\"url\":\"https:\/\/www.manquecura.cl\/valle-lo-campino\/\",\"logo\":{\"@type\":\"ImageObject\",\"inLanguage\":\"es\",\"@id\":\"https:\/\/www.manquecura.cl\/valle-lo-campino\/#\/schema\/logo\/image\/\",\"url\":\"https:\/\/www.manquecura.cl\/valle-lo-campino\/wp-content\/uploads\/sites\/40\/2025\/02\/logo_Manquecura_Valle-Lo-Campino_horizontal_color.webp\",\"contentUrl\":\"https:\/\/www.manquecura.cl\/valle-lo-campino\/wp-content\/uploads\/sites\/40\/2025\/02\/logo_Manquecura_Valle-Lo-Campino_horizontal_color.webp\",\"width\":400,\"height\":119,\"caption\":\"Colegio Manquecura Valle Lo Campino\"},\"image\":{\"@id\":\"https:\/\/www.manquecura.cl\/valle-lo-campino\/#\/schema\/logo\/image\/\"},\"sameAs\":[\"http:\/\/www.facebook.com\/ColegiosManquecura\",\"http:\/\/www.instagram.com\/manquecura_vallelocampino\/\",\"http:\/\/www.youtube.com\/c\/CognitaChile\"]},{\"@type\":\"Person\",\"@id\":\"https:\/\/www.manquecura.cl\/valle-lo-campino\/#\/schema\/person\/0debeea140e397b5d490ee7e553255d8\",\"name\":\"jorgedelcampo\",\"image\":{\"@type\":\"ImageObject\",\"inLanguage\":\"es\",\"@id\":\"https:\/\/www.manquecura.cl\/valle-lo-campino\/#\/schema\/person\/image\/\",\"url\":\"https:\/\/secure.gravatar.com\/avatar\/4a315f521213b2dc91dbda9bf799f711c8a98ab6f5606ec42cf5b33d1e762e8a?s=96&d=mm&r=g\",\"contentUrl\":\"https:\/\/secure.gravatar.com\/avatar\/4a315f521213b2dc91dbda9bf799f711c8a98ab6f5606ec42cf5b33d1e762e8a?s=96&d=mm&r=g\",\"caption\":\"jorgedelcampo\"}}]}<\/script>\n<!-- \/ Yoast SEO plugin. -->","yoast_head_json":{"title":"School of The Future abre sus puertas a las familias - Colegio Manquecura Valle Lo Campino","robots":{"index":"index","follow":"follow","max-snippet":"max-snippet:-1","max-image-preview":"max-image-preview:large","max-video-preview":"max-video-preview:-1"},"canonical":"https:\/\/www.manquecura.cl\/valle-lo-campino\/noticias\/school-of-the-future-abre-sus-puertas-a-las-familias\/","og_locale":"es_ES","og_type":"article","og_title":"School of The Future abre sus puertas a las familias - Colegio Manquecura Valle Lo Campino","og_description":"La conferencia School of the Future (SOTF), organizada por Cognita Chile, vuelve en su segunda versi\u00f3n con una nueva p\u00e1gina web y la incorporaci\u00f3n en la agenda de un horario vespertino con tem\u00e1ticas y talleres familiares.\u00a0\u00a0 Del 17 al 20 de octubre m\u00e1s de 25 colegios de Chile y el mundo, speakers internacionales y partner [&hellip;]","og_url":"https:\/\/www.manquecura.cl\/valle-lo-campino\/noticias\/school-of-the-future-abre-sus-puertas-a-las-familias\/","og_site_name":"Colegio Manquecura Valle Lo Campino","article_publisher":"http:\/\/www.facebook.com\/ColegiosManquecura","article_published_time":"2022-09-23T14:46:22+00:00","author":"jorgedelcampo","twitter_card":"summary_large_image","twitter_misc":{"Escrito por":"jorgedelcampo","Tiempo de lectura":"2 minutos"},"schema":{"@context":"https:\/\/schema.org","@graph":[{"@type":"Article","@id":"https:\/\/www.manquecura.cl\/valle-lo-campino\/noticias\/school-of-the-future-abre-sus-puertas-a-las-familias\/#article","isPartOf":{"@id":"https:\/\/www.manquecura.cl\/valle-lo-campino\/noticias\/school-of-the-future-abre-sus-puertas-a-las-familias\/"},"author":{"name":"jorgedelcampo","@id":"https:\/\/www.manquecura.cl\/valle-lo-campino\/#\/schema\/person\/0debeea140e397b5d490ee7e553255d8"},"headline":"School of The Future abre sus puertas a las familias","datePublished":"2022-09-23T14:46:22+00:00","mainEntityOfPage":{"@id":"https:\/\/www.manquecura.cl\/valle-lo-campino\/noticias\/school-of-the-future-abre-sus-puertas-a-las-familias\/"},"wordCount":326,"commentCount":0,"publisher":{"@id":"https:\/\/www.manquecura.cl\/valle-lo-campino\/#organization"},"image":{"@id":"https:\/\/www.manquecura.cl\/valle-lo-campino\/noticias\/school-of-the-future-abre-sus-puertas-a-las-familias\/#primaryimage"},"thumbnailUrl":"https:\/\/www.manquecura.cl\/valle-lo-campino\/wp-content\/uploads\/sites\/40\/2022\/09\/SOTF-836x523-1.jpeg","articleSection":["Vida Escolar"],"inLanguage":"es","potentialAction":[{"@type":"CommentAction","name":"Comment","target":["https:\/\/www.manquecura.cl\/valle-lo-campino\/noticias\/school-of-the-future-abre-sus-puertas-a-las-familias\/#respond"]}]},{"@type":"WebPage","@id":"https:\/\/www.manquecura.cl\/valle-lo-campino\/noticias\/school-of-the-future-abre-sus-puertas-a-las-familias\/","url":"https:\/\/www.manquecura.cl\/valle-lo-campino\/noticias\/school-of-the-future-abre-sus-puertas-a-las-familias\/","name":"School of The Future abre sus puertas a las familias - Colegio Manquecura Valle Lo Campino","isPartOf":{"@id":"https:\/\/www.manquecura.cl\/valle-lo-campino\/#website"},"primaryImageOfPage":{"@id":"https:\/\/www.manquecura.cl\/valle-lo-campino\/noticias\/school-of-the-future-abre-sus-puertas-a-las-familias\/#primaryimage"},"image":{"@id":"https:\/\/www.manquecura.cl\/valle-lo-campino\/noticias\/school-of-the-future-abre-sus-puertas-a-las-familias\/#primaryimage"},"thumbnailUrl":"https:\/\/www.manquecura.cl\/valle-lo-campino\/wp-content\/uploads\/sites\/40\/2022\/09\/SOTF-836x523-1.jpeg","datePublished":"2022-09-23T14:46:22+00:00","breadcrumb":{"@id":"https:\/\/www.manquecura.cl\/valle-lo-campino\/noticias\/school-of-the-future-abre-sus-puertas-a-las-familias\/#breadcrumb"},"inLanguage":"es","potentialAction":[{"@type":"ReadAction","target":["https:\/\/www.manquecura.cl\/valle-lo-campino\/noticias\/school-of-the-future-abre-sus-puertas-a-las-familias\/"]}]},{"@type":"ImageObject","inLanguage":"es","@id":"https:\/\/www.manquecura.cl\/valle-lo-campino\/noticias\/school-of-the-future-abre-sus-puertas-a-las-familias\/#primaryimage","url":"https:\/\/www.manquecura.cl\/valle-lo-campino\/wp-content\/uploads\/sites\/40\/2022\/09\/SOTF-836x523-1.jpeg","contentUrl":"https:\/\/www.manquecura.cl\/valle-lo-campino\/wp-content\/uploads\/sites\/40\/2022\/09\/SOTF-836x523-1.jpeg","width":836,"height":523},{"@type":"BreadcrumbList","@id":"https:\/\/www.manquecura.cl\/valle-lo-campino\/noticias\/school-of-the-future-abre-sus-puertas-a-las-familias\/#breadcrumb","itemListElement":[{"@type":"ListItem","position":1,"name":"Home","item":"https:\/\/www.manquecura.cl\/valle-lo-campino\/"},{"@type":"ListItem","position":2,"name":"School of The Future abre sus puertas a las familias"}]},{"@type":"WebSite","@id":"https:\/\/www.manquecura.cl\/valle-lo-campino\/#website","url":"https:\/\/www.manquecura.cl\/valle-lo-campino\/","name":"Colegio Manquecura Valle Lo Campino","description":"Parte de los Colegios Cognita","publisher":{"@id":"https:\/\/www.manquecura.cl\/valle-lo-campino\/#organization"},"potentialAction":[{"@type":"SearchAction","target":{"@type":"EntryPoint","urlTemplate":"https:\/\/www.manquecura.cl\/valle-lo-campino\/?s={search_term_string}"},"query-input":{"@type":"PropertyValueSpecification","valueRequired":true,"valueName":"search_term_string"}}],"inLanguage":"es"},{"@type":"Organization","@id":"https:\/\/www.manquecura.cl\/valle-lo-campino\/#organization","name":"Colegio Manquecura Valle Lo Campino","url":"https:\/\/www.manquecura.cl\/valle-lo-campino\/","logo":{"@type":"ImageObject","inLanguage":"es","@id":"https:\/\/www.manquecura.cl\/valle-lo-campino\/#\/schema\/logo\/image\/","url":"https:\/\/www.manquecura.cl\/valle-lo-campino\/wp-content\/uploads\/sites\/40\/2025\/02\/logo_Manquecura_Valle-Lo-Campino_horizontal_color.webp","contentUrl":"https:\/\/www.manquecura.cl\/valle-lo-campino\/wp-content\/uploads\/sites\/40\/2025\/02\/logo_Manquecura_Valle-Lo-Campino_horizontal_color.webp","width":400,"height":119,"caption":"Colegio Manquecura Valle Lo Campino"},"image":{"@id":"https:\/\/www.manquecura.cl\/valle-lo-campino\/#\/schema\/logo\/image\/"},"sameAs":["http:\/\/www.facebook.com\/ColegiosManquecura","http:\/\/www.instagram.com\/manquecura_vallelocampino\/","http:\/\/www.youtube.com\/c\/CognitaChile"]},{"@type":"Person","@id":"https:\/\/www.manquecura.cl\/valle-lo-campino\/#\/schema\/person\/0debeea140e397b5d490ee7e553255d8","name":"jorgedelcampo","image":{"@type":"ImageObject","inLanguage":"es","@id":"https:\/\/www.manquecura.cl\/valle-lo-campino\/#\/schema\/person\/image\/","url":"https:\/\/secure.gravatar.com\/avatar\/4a315f521213b2dc91dbda9bf799f711c8a98ab6f5606ec42cf5b33d1e762e8a?s=96&d=mm&r=g","contentUrl":"https:\/\/secure.gravatar.com\/avatar\/4a315f521213b2dc91dbda9bf799f711c8a98ab6f5606ec42cf5b33d1e762e8a?s=96&d=mm&r=g","caption":"jorgedelcampo"}}]}},"jetpack_featured_media_url":"https:\/\/www.manquecura.cl\/valle-lo-campino\/wp-content\/uploads\/sites\/40\/2022\/09\/SOTF-836x523-1.jpeg","previous_post_ID":12862,"previous_post_title":"Preparados para el Global Be Well Day de Cognita","previous_post_excerpt":"Este viernes 30 de septiembre, nuestra comunidad educativa, junto a m\u00e1s de 95 colegios en el mundo, celebrar\u00e1n la cuarta versi\u00f3n del D\u00eda Global del Bienestar de Cognita. El D\u00eda Global del Bienestar (GBWD) es: Un reconocimiento a todo lo que hacemos a lo largo del a\u00f1o para priorizar el Bienestar, y un recordatorio global [&hellip;]","previous_post_link":"https:\/\/www.manquecura.cl\/valle-lo-campino\/noticias\/12862-2\/","previous_post_class":["post-12862","post","type-post","status-publish","format-standard","has-post-thumbnail","hentry","category-vida-escolar"],"next_post_ID":12870,"next_post_title":"Salida Pedag\u00f3gica, Electivo de Qu\u00edmica 2022","next_post_excerpt":"Nuestros alumnos del Electivo de Qu\u00edmica de III y IV\u00b0 Medio, junto a algunos alumnos de I\u00b0 Medio, asistieron al Tour Qu\u00edmico, organizado por la Facultad de Qu\u00edmica y Farmacia de la Pontificia Universidad Cat\u00f3lica de Chile. Con gran entusiasmo y compromiso los estudiantes conocieron los laboratorios de dicha universidad y tuvieron la posibilidad de [&hellip;]","next_post_link":"https:\/\/www.manquecura.cl\/valle-lo-campino\/noticias\/salida-pedagogica-electivo-de-quimica-2022\/","next_post_class":["post-12870","post","type-post","status-publish","format-standard","has-post-thumbnail","hentry","category-vida-escolar"],"jetpack_sharing_enabled":true,"_links":{"self":[{"href":"https:\/\/www.manquecura.cl\/valle-lo-campino\/wp-json\/wp\/v2\/posts\/12866","targetHints":{"allow":["GET"]}}],"collection":[{"href":"https:\/\/www.manquecura.cl\/valle-lo-campino\/wp-json\/wp\/v2\/posts"}],"about":[{"href":"https:\/\/www.manquecura.cl\/valle-lo-campino\/wp-json\/wp\/v2\/types\/post"}],"author":[{"embeddable":true,"href":"https:\/\/www.manquecura.cl\/valle-lo-campino\/wp-json\/wp\/v2\/users\/14"}],"replies":[{"embeddable":true,"href":"https:\/\/www.manquecura.cl\/valle-lo-campino\/wp-json\/wp\/v2\/comments?post=12866"}],"version-history":[{"count":0,"href":"https:\/\/www.manquecura.cl\/valle-lo-campino\/wp-json\/wp\/v2\/posts\/12866\/revisions"}],"wp:featuredmedia":[{"embeddable":true,"href":"https:\/\/www.manquecura.cl\/valle-lo-campino\/wp-json\/wp\/v2\/media\/12867"}],"wp:attachment":[{"href":"https:\/\/www.manquecura.cl\/valle-lo-campino\/wp-json\/wp\/v2\/media?parent=12866"}],"wp:term":[{"taxonomy":"category","embeddable":true,"href":"https:\/\/www.manquecura.cl\/valle-lo-campino\/wp-json\/wp\/v2\/categories?post=12866"},{"taxonomy":"post_tag","embeddable":true,"href":"https:\/\/www.manquecura.cl\/valle-lo-campino\/wp-json\/wp\/v2\/tags?post=12866"}],"curies":[{"name":"wp","href":"https:\/\/api.w.org\/{rel}","templated":true}]}}