{"id":127821,"date":"2026-09-03T09:35:39","date_gmt":"2026-09-03T13:35:39","guid":{"rendered":"https:\/\/www.manquecura.cl\/valle-lo-campino\/?p=127821"},"modified":"2026-09-03T09:35:39","modified_gmt":"2026-09-03T13:35:39","slug":"manquecura-valle-lo-campino-da-inicio-al-mes-de-la-patria-celebrando-sus-25-anos-de-historia","status":"publish","type":"post","link":"https:\/\/www.manquecura.cl\/valle-lo-campino\/noticias\/manquecura-valle-lo-campino-da-inicio-al-mes-de-la-patria-celebrando-sus-25-anos-de-historia\/","title":{"rendered":"Manquecura Valle Lo Campino da inicio al Mes de la Patria celebrando sus 25 a\u00f1os de historia"},"content":{"rendered":"<p class=\"isSelectedEnd\">Con una ceremonia de izamiento de la Bandera Nacional, Colegio Manquecura Valle Lo Campino dio la bienvenida al Mes de la Patria y, al mismo tiempo, inici\u00f3 oficialmente las celebraciones por un hito muy especial: sus <strong>25 a\u00f1os de historia<\/strong>.<\/p>\n<p class=\"isSelectedEnd\">La actividad reuni\u00f3 a estudiantes de Educaci\u00f3n Parvularia, alumnos de CAMPUR, directivos y distintos integrantes de la comunidad escolar, quienes participaron de un encuentro marcado por las tradiciones chilenas y el sentido de pertenencia.<\/p>\n<p class=\"isSelectedEnd\">El izamiento de la bandera permiti\u00f3 no solo dar inicio a las actividades de septiembre, sino tambi\u00e9n abrir un per\u00edodo especialmente significativo para el colegio, que este a\u00f1o cumple un cuarto de siglo acompa\u00f1ando la formaci\u00f3n de generaciones de estudiantes.<\/p>\n<p class=\"isSelectedEnd\">Durante la ceremonia se destac\u00f3 la importancia de reconocer la historia y las ra\u00edces que han dado forma a Manquecura Valle Lo Campino, as\u00ed como el aporte de quienes han sido parte de su comunidad a lo largo de estos 25 a\u00f1os.<\/p>\n<p class=\"isSelectedEnd\">La celebraci\u00f3n de este aniversario ser\u00e1 tambi\u00e9n una oportunidad para mirar hacia el futuro y continuar fortaleciendo una comunidad que ha crecido y evolucionado junto a sus estudiantes, familias y colaboradores.<\/p>\n<p>As\u00ed, septiembre comienza con un doble motivo para celebrar: las Fiestas Patrias y los <strong>25 a\u00f1os de Manquecura Valle Lo Campino<\/strong>, dando paso a distintas actividades y encuentros que permitir\u00e1n compartir, recordar y celebrar juntos este importante aniversario.<\/p>\n"},"excerpt":{"rendered":"<p>Con una ceremonia de izamiento de la Bandera Nacional, Colegio Manquecura Valle Lo Campino dio la bienvenida al Mes de la Patria y, al mismo tiempo, inici\u00f3 oficialmente las celebraciones por un hito muy especial: sus 25 a\u00f1os de historia. La actividad reuni\u00f3 a estudiantes de Educaci\u00f3n Parvularia, alumnos de CAMPUR, directivos y distintos integrantes [&hellip;]<\/p>\n","protected":false},"author":135,"featured_media":127822,"comment_status":"open","ping_status":"open","sticky":false,"template":"","format":"standard","meta":{"_acf_changed":false,"content-type":"","_jetpack_newsletter_access":"","_jetpack_dont_email_post_to_subs":false,"_jetpack_newsletter_tier_id":0,"_jetpack_memberships_contains_paywalled_content":false,"_jetpack_feature_clip_id":0,"_jetpack_memberships_contains_paid_content":false,"footnotes":"","jetpack_post_was_ever_published":false},"categories":[1],"tags":[],"class_list":["post-127821","post","type-post","status-publish","format-standard","has-post-thumbnail","hentry","category-vida-escolar"],"acf":[],"yoast_head":"<!-- This site is optimized with the Yoast SEO plugin v28.0 - https:\/\/yoast.com\/product\/yoast-seo-wordpress\/ -->\n<title>Manquecura Valle Lo Campino da inicio al Mes de la Patria celebrando sus 25 a\u00f1os de historia - Colegio Manquecura Valle Lo Campino<\/title>\n<meta name=\"description\" content=\"Manquecura Valle Lo Campino inici\u00f3 el Mes de la Patria y las celebraciones de sus 25 a\u00f1os de historia con una ceremonia junto a su comunidad escolar.\" \/>\n<meta name=\"robots\" content=\"index, follow, max-snippet:-1, max-image-preview:large, max-video-preview:-1\" \/>\n<link rel=\"canonical\" href=\"https:\/\/www.manquecura.cl\/valle-lo-campino\/noticias\/manquecura-valle-lo-campino-da-inicio-al-mes-de-la-patria-celebrando-sus-25-anos-de-historia\/\" \/>\n<meta property=\"og:locale\" content=\"es_ES\" \/>\n<meta property=\"og:type\" content=\"article\" \/>\n<meta property=\"og:title\" content=\"Manquecura Valle Lo Campino da inicio al Mes de la Patria celebrando sus 25 a\u00f1os de historia - Colegio Manquecura Valle Lo Campino\" \/>\n<meta property=\"og:description\" content=\"Manquecura Valle Lo Campino inici\u00f3 el Mes de la Patria y las celebraciones de sus 25 a\u00f1os de historia con una ceremonia junto a su comunidad escolar.\" \/>\n<meta property=\"og:url\" content=\"https:\/\/www.manquecura.cl\/valle-lo-campino\/noticias\/manquecura-valle-lo-campino-da-inicio-al-mes-de-la-patria-celebrando-sus-25-anos-de-historia\/\" \/>\n<meta property=\"og:site_name\" content=\"Colegio Manquecura Valle Lo Campino\" \/>\n<meta property=\"article:publisher\" content=\"http:\/\/www.facebook.com\/ColegiosManquecura\" \/>\n<meta property=\"article:published_time\" content=\"2026-09-03T13:35:39+00:00\" \/>\n<meta property=\"og:image\" content=\"https:\/\/www.manquecura.cl\/valle-lo-campino\/wp-content\/uploads\/sites\/40\/2026\/09\/IMG_3106.jpeg\" \/>\n\t<meta property=\"og:image:width\" content=\"2048\" \/>\n\t<meta property=\"og:image:height\" content=\"1536\" \/>\n\t<meta property=\"og:image:type\" content=\"image\/jpeg\" \/>\n<meta name=\"author\" content=\"catalinapena\" \/>\n<meta name=\"twitter:card\" content=\"summary_large_image\" \/>\n<meta name=\"twitter:label1\" content=\"Escrito por\" \/>\n\t<meta name=\"twitter:data1\" content=\"catalinapena\" \/>\n\t<meta name=\"twitter:label2\" content=\"Tiempo de lectura\" \/>\n\t<meta name=\"twitter:data2\" content=\"2 minutos\" \/>\n<script type=\"application\/ld+json\" class=\"yoast-schema-graph\">{\"@context\":\"https:\\\/\\\/schema.org\",\"@graph\":[{\"@type\":\"Article\",\"@id\":\"https:\\\/\\\/www.manquecura.cl\\\/valle-lo-campino\\\/noticias\\\/manquecura-valle-lo-campino-da-inicio-al-mes-de-la-patria-celebrando-sus-25-anos-de-historia\\\/#article\",\"isPartOf\":{\"@id\":\"https:\\\/\\\/www.manquecura.cl\\\/valle-lo-campino\\\/noticias\\\/manquecura-valle-lo-campino-da-inicio-al-mes-de-la-patria-celebrando-sus-25-anos-de-historia\\\/\"},\"author\":{\"name\":\"catalinapena\",\"@id\":\"https:\\\/\\\/www.manquecura.cl\\\/valle-lo-campino\\\/#\\\/schema\\\/person\\\/169b5a3a94a2c8494648e1aa8c7f2084\"},\"headline\":\"Manquecura Valle Lo Campino da inicio al Mes de la Patria celebrando sus 25 a\u00f1os de historia\",\"datePublished\":\"2026-09-03T13:35:39+00:00\",\"mainEntityOfPage\":{\"@id\":\"https:\\\/\\\/www.manquecura.cl\\\/valle-lo-campino\\\/noticias\\\/manquecura-valle-lo-campino-da-inicio-al-mes-de-la-patria-celebrando-sus-25-anos-de-historia\\\/\"},\"wordCount\":252,\"commentCount\":0,\"publisher\":{\"@id\":\"https:\\\/\\\/www.manquecura.cl\\\/valle-lo-campino\\\/#organization\"},\"image\":{\"@id\":\"https:\\\/\\\/www.manquecura.cl\\\/valle-lo-campino\\\/noticias\\\/manquecura-valle-lo-campino-da-inicio-al-mes-de-la-patria-celebrando-sus-25-anos-de-historia\\\/#primaryimage\"},\"thumbnailUrl\":\"https:\\\/\\\/www.manquecura.cl\\\/valle-lo-campino\\\/wp-content\\\/uploads\\\/sites\\\/40\\\/2026\\\/09\\\/IMG_3106.jpeg\",\"articleSection\":[\"Vida Escolar\"],\"inLanguage\":\"es\",\"potentialAction\":[{\"@type\":\"CommentAction\",\"name\":\"Comment\",\"target\":[\"https:\\\/\\\/www.manquecura.cl\\\/valle-lo-campino\\\/noticias\\\/manquecura-valle-lo-campino-da-inicio-al-mes-de-la-patria-celebrando-sus-25-anos-de-historia\\\/#respond\"]}]},{\"@type\":\"WebPage\",\"@id\":\"https:\\\/\\\/www.manquecura.cl\\\/valle-lo-campino\\\/noticias\\\/manquecura-valle-lo-campino-da-inicio-al-mes-de-la-patria-celebrando-sus-25-anos-de-historia\\\/\",\"url\":\"https:\\\/\\\/www.manquecura.cl\\\/valle-lo-campino\\\/noticias\\\/manquecura-valle-lo-campino-da-inicio-al-mes-de-la-patria-celebrando-sus-25-anos-de-historia\\\/\",\"name\":\"Manquecura Valle Lo Campino da inicio al Mes de la Patria celebrando sus 25 a\u00f1os de historia - Colegio Manquecura Valle Lo Campino\",\"isPartOf\":{\"@id\":\"https:\\\/\\\/www.manquecura.cl\\\/valle-lo-campino\\\/#website\"},\"primaryImageOfPage\":{\"@id\":\"https:\\\/\\\/www.manquecura.cl\\\/valle-lo-campino\\\/noticias\\\/manquecura-valle-lo-campino-da-inicio-al-mes-de-la-patria-celebrando-sus-25-anos-de-historia\\\/#primaryimage\"},\"image\":{\"@id\":\"https:\\\/\\\/www.manquecura.cl\\\/valle-lo-campino\\\/noticias\\\/manquecura-valle-lo-campino-da-inicio-al-mes-de-la-patria-celebrando-sus-25-anos-de-historia\\\/#primaryimage\"},\"thumbnailUrl\":\"https:\\\/\\\/www.manquecura.cl\\\/valle-lo-campino\\\/wp-content\\\/uploads\\\/sites\\\/40\\\/2026\\\/09\\\/IMG_3106.jpeg\",\"datePublished\":\"2026-09-03T13:35:39+00:00\",\"description\":\"Manquecura Valle Lo Campino inici\u00f3 el Mes de la Patria y las celebraciones de sus 25 a\u00f1os de historia con una ceremonia junto a su comunidad escolar.\",\"breadcrumb\":{\"@id\":\"https:\\\/\\\/www.manquecura.cl\\\/valle-lo-campino\\\/noticias\\\/manquecura-valle-lo-campino-da-inicio-al-mes-de-la-patria-celebrando-sus-25-anos-de-historia\\\/#breadcrumb\"},\"inLanguage\":\"es\",\"potentialAction\":[{\"@type\":\"ReadAction\",\"target\":[\"https:\\\/\\\/www.manquecura.cl\\\/valle-lo-campino\\\/noticias\\\/manquecura-valle-lo-campino-da-inicio-al-mes-de-la-patria-celebrando-sus-25-anos-de-historia\\\/\"]}]},{\"@type\":\"ImageObject\",\"inLanguage\":\"es\",\"@id\":\"https:\\\/\\\/www.manquecura.cl\\\/valle-lo-campino\\\/noticias\\\/manquecura-valle-lo-campino-da-inicio-al-mes-de-la-patria-celebrando-sus-25-anos-de-historia\\\/#primaryimage\",\"url\":\"https:\\\/\\\/www.manquecura.cl\\\/valle-lo-campino\\\/wp-content\\\/uploads\\\/sites\\\/40\\\/2026\\\/09\\\/IMG_3106.jpeg\",\"contentUrl\":\"https:\\\/\\\/www.manquecura.cl\\\/valle-lo-campino\\\/wp-content\\\/uploads\\\/sites\\\/40\\\/2026\\\/09\\\/IMG_3106.jpeg\",\"width\":2048,\"height\":1536},{\"@type\":\"BreadcrumbList\",\"@id\":\"https:\\\/\\\/www.manquecura.cl\\\/valle-lo-campino\\\/noticias\\\/manquecura-valle-lo-campino-da-inicio-al-mes-de-la-patria-celebrando-sus-25-anos-de-historia\\\/#breadcrumb\",\"itemListElement\":[{\"@type\":\"ListItem\",\"position\":1,\"name\":\"Home\",\"item\":\"https:\\\/\\\/www.manquecura.cl\\\/valle-lo-campino\\\/\"},{\"@type\":\"ListItem\",\"position\":2,\"name\":\"Manquecura Valle Lo Campino da inicio al Mes de la Patria celebrando sus 25 a\u00f1os de historia\"}]},{\"@type\":\"WebSite\",\"@id\":\"https:\\\/\\\/www.manquecura.cl\\\/valle-lo-campino\\\/#website\",\"url\":\"https:\\\/\\\/www.manquecura.cl\\\/valle-lo-campino\\\/\",\"name\":\"Colegio Manquecura Valle Lo Campino\",\"description\":\"Parte de los Colegios Cognita\",\"publisher\":{\"@id\":\"https:\\\/\\\/www.manquecura.cl\\\/valle-lo-campino\\\/#organization\"},\"potentialAction\":[{\"@type\":\"SearchAction\",\"target\":{\"@type\":\"EntryPoint\",\"urlTemplate\":\"https:\\\/\\\/www.manquecura.cl\\\/valle-lo-campino\\\/?s={search_term_string}\"},\"query-input\":{\"@type\":\"PropertyValueSpecification\",\"valueRequired\":true,\"valueName\":\"search_term_string\"}}],\"inLanguage\":\"es\"},{\"@type\":\"Organization\",\"@id\":\"https:\\\/\\\/www.manquecura.cl\\\/valle-lo-campino\\\/#organization\",\"name\":\"Colegio Manquecura Valle Lo Campino\",\"url\":\"https:\\\/\\\/www.manquecura.cl\\\/valle-lo-campino\\\/\",\"logo\":{\"@type\":\"ImageObject\",\"inLanguage\":\"es\",\"@id\":\"https:\\\/\\\/www.manquecura.cl\\\/valle-lo-campino\\\/#\\\/schema\\\/logo\\\/image\\\/\",\"url\":\"https:\\\/\\\/www.manquecura.cl\\\/valle-lo-campino\\\/wp-content\\\/uploads\\\/sites\\\/40\\\/2025\\\/02\\\/logo_Manquecura_Valle-Lo-Campino_horizontal_color.webp\",\"contentUrl\":\"https:\\\/\\\/www.manquecura.cl\\\/valle-lo-campino\\\/wp-content\\\/uploads\\\/sites\\\/40\\\/2025\\\/02\\\/logo_Manquecura_Valle-Lo-Campino_horizontal_color.webp\",\"width\":400,\"height\":119,\"caption\":\"Colegio Manquecura Valle Lo Campino\"},\"image\":{\"@id\":\"https:\\\/\\\/www.manquecura.cl\\\/valle-lo-campino\\\/#\\\/schema\\\/logo\\\/image\\\/\"},\"sameAs\":[\"http:\\\/\\\/www.facebook.com\\\/ColegiosManquecura\",\"http:\\\/\\\/www.instagram.com\\\/manquecura_vallelocampino\\\/\",\"http:\\\/\\\/www.youtube.com\\\/c\\\/CognitaChile\"]},{\"@type\":\"Person\",\"@id\":\"https:\\\/\\\/www.manquecura.cl\\\/valle-lo-campino\\\/#\\\/schema\\\/person\\\/169b5a3a94a2c8494648e1aa8c7f2084\",\"name\":\"catalinapena\",\"image\":{\"@type\":\"ImageObject\",\"inLanguage\":\"es\",\"@id\":\"https:\\\/\\\/secure.gravatar.com\\\/avatar\\\/66b2e7653ce4ea3c0fb04e5b100d6dfb07d1f5d91e5d9724ab1b48e33aa5a8a5?s=96&d=mm&r=g\",\"url\":\"https:\\\/\\\/secure.gravatar.com\\\/avatar\\\/66b2e7653ce4ea3c0fb04e5b100d6dfb07d1f5d91e5d9724ab1b48e33aa5a8a5?s=96&d=mm&r=g\",\"contentUrl\":\"https:\\\/\\\/secure.gravatar.com\\\/avatar\\\/66b2e7653ce4ea3c0fb04e5b100d6dfb07d1f5d91e5d9724ab1b48e33aa5a8a5?s=96&d=mm&r=g\",\"caption\":\"catalinapena\"}}]}<\/script>\n<!-- \/ Yoast SEO plugin. -->","yoast_head_json":{"title":"Manquecura Valle Lo Campino da inicio al Mes de la Patria celebrando sus 25 a\u00f1os de historia - Colegio Manquecura Valle Lo Campino","description":"Manquecura Valle Lo Campino inici\u00f3 el Mes de la Patria y las celebraciones de sus 25 a\u00f1os de historia con una ceremonia junto a su comunidad escolar.","robots":{"index":"index","follow":"follow","max-snippet":"max-snippet:-1","max-image-preview":"max-image-preview:large","max-video-preview":"max-video-preview:-1"},"canonical":"https:\/\/www.manquecura.cl\/valle-lo-campino\/noticias\/manquecura-valle-lo-campino-da-inicio-al-mes-de-la-patria-celebrando-sus-25-anos-de-historia\/","og_locale":"es_ES","og_type":"article","og_title":"Manquecura Valle Lo Campino da inicio al Mes de la Patria celebrando sus 25 a\u00f1os de historia - Colegio Manquecura Valle Lo Campino","og_description":"Manquecura Valle Lo Campino inici\u00f3 el Mes de la Patria y las celebraciones de sus 25 a\u00f1os de historia con una ceremonia junto a su comunidad escolar.","og_url":"https:\/\/www.manquecura.cl\/valle-lo-campino\/noticias\/manquecura-valle-lo-campino-da-inicio-al-mes-de-la-patria-celebrando-sus-25-anos-de-historia\/","og_site_name":"Colegio Manquecura Valle Lo Campino","article_publisher":"http:\/\/www.facebook.com\/ColegiosManquecura","article_published_time":"2026-09-03T13:35:39+00:00","og_image":[{"width":2048,"height":1536,"url":"https:\/\/www.manquecura.cl\/valle-lo-campino\/wp-content\/uploads\/sites\/40\/2026\/09\/IMG_3106.jpeg","type":"image\/jpeg"}],"author":"catalinapena","twitter_card":"summary_large_image","twitter_misc":{"Escrito por":"catalinapena","Tiempo de lectura":"2 minutos"},"schema":{"@context":"https:\/\/schema.org","@graph":[{"@type":"Article","@id":"https:\/\/www.manquecura.cl\/valle-lo-campino\/noticias\/manquecura-valle-lo-campino-da-inicio-al-mes-de-la-patria-celebrando-sus-25-anos-de-historia\/#article","isPartOf":{"@id":"https:\/\/www.manquecura.cl\/valle-lo-campino\/noticias\/manquecura-valle-lo-campino-da-inicio-al-mes-de-la-patria-celebrando-sus-25-anos-de-historia\/"},"author":{"name":"catalinapena","@id":"https:\/\/www.manquecura.cl\/valle-lo-campino\/#\/schema\/person\/169b5a3a94a2c8494648e1aa8c7f2084"},"headline":"Manquecura Valle Lo Campino da inicio al Mes de la Patria celebrando sus 25 a\u00f1os de historia","datePublished":"2026-09-03T13:35:39+00:00","mainEntityOfPage":{"@id":"https:\/\/www.manquecura.cl\/valle-lo-campino\/noticias\/manquecura-valle-lo-campino-da-inicio-al-mes-de-la-patria-celebrando-sus-25-anos-de-historia\/"},"wordCount":252,"commentCount":0,"publisher":{"@id":"https:\/\/www.manquecura.cl\/valle-lo-campino\/#organization"},"image":{"@id":"https:\/\/www.manquecura.cl\/valle-lo-campino\/noticias\/manquecura-valle-lo-campino-da-inicio-al-mes-de-la-patria-celebrando-sus-25-anos-de-historia\/#primaryimage"},"thumbnailUrl":"https:\/\/www.manquecura.cl\/valle-lo-campino\/wp-content\/uploads\/sites\/40\/2026\/09\/IMG_3106.jpeg","articleSection":["Vida Escolar"],"inLanguage":"es","potentialAction":[{"@type":"CommentAction","name":"Comment","target":["https:\/\/www.manquecura.cl\/valle-lo-campino\/noticias\/manquecura-valle-lo-campino-da-inicio-al-mes-de-la-patria-celebrando-sus-25-anos-de-historia\/#respond"]}]},{"@type":"WebPage","@id":"https:\/\/www.manquecura.cl\/valle-lo-campino\/noticias\/manquecura-valle-lo-campino-da-inicio-al-mes-de-la-patria-celebrando-sus-25-anos-de-historia\/","url":"https:\/\/www.manquecura.cl\/valle-lo-campino\/noticias\/manquecura-valle-lo-campino-da-inicio-al-mes-de-la-patria-celebrando-sus-25-anos-de-historia\/","name":"Manquecura Valle Lo Campino da inicio al Mes de la Patria celebrando sus 25 a\u00f1os de historia - Colegio Manquecura Valle Lo Campino","isPartOf":{"@id":"https:\/\/www.manquecura.cl\/valle-lo-campino\/#website"},"primaryImageOfPage":{"@id":"https:\/\/www.manquecura.cl\/valle-lo-campino\/noticias\/manquecura-valle-lo-campino-da-inicio-al-mes-de-la-patria-celebrando-sus-25-anos-de-historia\/#primaryimage"},"image":{"@id":"https:\/\/www.manquecura.cl\/valle-lo-campino\/noticias\/manquecura-valle-lo-campino-da-inicio-al-mes-de-la-patria-celebrando-sus-25-anos-de-historia\/#primaryimage"},"thumbnailUrl":"https:\/\/www.manquecura.cl\/valle-lo-campino\/wp-content\/uploads\/sites\/40\/2026\/09\/IMG_3106.jpeg","datePublished":"2026-09-03T13:35:39+00:00","description":"Manquecura Valle Lo Campino inici\u00f3 el Mes de la Patria y las celebraciones de sus 25 a\u00f1os de historia con una ceremonia junto a su comunidad escolar.","breadcrumb":{"@id":"https:\/\/www.manquecura.cl\/valle-lo-campino\/noticias\/manquecura-valle-lo-campino-da-inicio-al-mes-de-la-patria-celebrando-sus-25-anos-de-historia\/#breadcrumb"},"inLanguage":"es","potentialAction":[{"@type":"ReadAction","target":["https:\/\/www.manquecura.cl\/valle-lo-campino\/noticias\/manquecura-valle-lo-campino-da-inicio-al-mes-de-la-patria-celebrando-sus-25-anos-de-historia\/"]}]},{"@type":"ImageObject","inLanguage":"es","@id":"https:\/\/www.manquecura.cl\/valle-lo-campino\/noticias\/manquecura-valle-lo-campino-da-inicio-al-mes-de-la-patria-celebrando-sus-25-anos-de-historia\/#primaryimage","url":"https:\/\/www.manquecura.cl\/valle-lo-campino\/wp-content\/uploads\/sites\/40\/2026\/09\/IMG_3106.jpeg","contentUrl":"https:\/\/www.manquecura.cl\/valle-lo-campino\/wp-content\/uploads\/sites\/40\/2026\/09\/IMG_3106.jpeg","width":2048,"height":1536},{"@type":"BreadcrumbList","@id":"https:\/\/www.manquecura.cl\/valle-lo-campino\/noticias\/manquecura-valle-lo-campino-da-inicio-al-mes-de-la-patria-celebrando-sus-25-anos-de-historia\/#breadcrumb","itemListElement":[{"@type":"ListItem","position":1,"name":"Home","item":"https:\/\/www.manquecura.cl\/valle-lo-campino\/"},{"@type":"ListItem","position":2,"name":"Manquecura Valle Lo Campino da inicio al Mes de la Patria celebrando sus 25 a\u00f1os de historia"}]},{"@type":"WebSite","@id":"https:\/\/www.manquecura.cl\/valle-lo-campino\/#website","url":"https:\/\/www.manquecura.cl\/valle-lo-campino\/","name":"Colegio Manquecura Valle Lo Campino","description":"Parte de los Colegios Cognita","publisher":{"@id":"https:\/\/www.manquecura.cl\/valle-lo-campino\/#organization"},"potentialAction":[{"@type":"SearchAction","target":{"@type":"EntryPoint","urlTemplate":"https:\/\/www.manquecura.cl\/valle-lo-campino\/?s={search_term_string}"},"query-input":{"@type":"PropertyValueSpecification","valueRequired":true,"valueName":"search_term_string"}}],"inLanguage":"es"},{"@type":"Organization","@id":"https:\/\/www.manquecura.cl\/valle-lo-campino\/#organization","name":"Colegio Manquecura Valle Lo Campino","url":"https:\/\/www.manquecura.cl\/valle-lo-campino\/","logo":{"@type":"ImageObject","inLanguage":"es","@id":"https:\/\/www.manquecura.cl\/valle-lo-campino\/#\/schema\/logo\/image\/","url":"https:\/\/www.manquecura.cl\/valle-lo-campino\/wp-content\/uploads\/sites\/40\/2025\/02\/logo_Manquecura_Valle-Lo-Campino_horizontal_color.webp","contentUrl":"https:\/\/www.manquecura.cl\/valle-lo-campino\/wp-content\/uploads\/sites\/40\/2025\/02\/logo_Manquecura_Valle-Lo-Campino_horizontal_color.webp","width":400,"height":119,"caption":"Colegio Manquecura Valle Lo Campino"},"image":{"@id":"https:\/\/www.manquecura.cl\/valle-lo-campino\/#\/schema\/logo\/image\/"},"sameAs":["http:\/\/www.facebook.com\/ColegiosManquecura","http:\/\/www.instagram.com\/manquecura_vallelocampino\/","http:\/\/www.youtube.com\/c\/CognitaChile"]},{"@type":"Person","@id":"https:\/\/www.manquecura.cl\/valle-lo-campino\/#\/schema\/person\/169b5a3a94a2c8494648e1aa8c7f2084","name":"catalinapena","image":{"@type":"ImageObject","inLanguage":"es","@id":"https:\/\/secure.gravatar.com\/avatar\/66b2e7653ce4ea3c0fb04e5b100d6dfb07d1f5d91e5d9724ab1b48e33aa5a8a5?s=96&d=mm&r=g","url":"https:\/\/secure.gravatar.com\/avatar\/66b2e7653ce4ea3c0fb04e5b100d6dfb07d1f5d91e5d9724ab1b48e33aa5a8a5?s=96&d=mm&r=g","contentUrl":"https:\/\/secure.gravatar.com\/avatar\/66b2e7653ce4ea3c0fb04e5b100d6dfb07d1f5d91e5d9724ab1b48e33aa5a8a5?s=96&d=mm&r=g","caption":"catalinapena"}}]}},"previous_post_ID":127815,"previous_post_title":"Estudiantes de Manquecura Valle Lo Campino destacan por su compromiso con la lectura en Raz-Kids","previous_post_excerpt":"La participaci\u00f3n de la totalidad de los estudiantes de 2\u00b0 B\u00e1sico D y su constante trabajo en la plataforma de lectura digital les permiti\u00f3 recibir un especial reconocimiento por su desempe\u00f1o y compromiso con el desarrollo de sus habilidades lectoras. El gusto por la lectura se transform\u00f3 en un logro colectivo para los estudiantes de [&hellip;]","previous_post_link":"https:\/\/www.manquecura.cl\/valle-lo-campino\/noticias\/estudiantes-de-manquecura-valle-lo-campino-destacan-por-su-compromiso-con-la-lectura-en-raz-kids\/","previous_post_class":["post-127815","post","type-post","status-publish","format-standard","has-post-thumbnail","hentry","category-vida-escolar"],"next_post_ID":null,"next_post_title":null,"next_post_excerpt":"Con una ceremonia de izamiento de la Bandera Nacional, Colegio Manquecura Valle Lo Campino dio la bienvenida al Mes de la Patria y, al mismo tiempo, inici\u00f3 oficialmente las celebraciones por un hito muy especial: sus 25 a\u00f1os de historia. La actividad reuni\u00f3 a estudiantes de Educaci\u00f3n Parvularia, alumnos de CAMPUR, directivos y distintos integrantes [&hellip;]","next_post_link":"https:\/\/www.manquecura.cl\/valle-lo-campino\/noticias\/manquecura-valle-lo-campino-da-inicio-al-mes-de-la-patria-celebrando-sus-25-anos-de-historia\/","next_post_class":["post-127821","post","type-post","status-publish","format-standard","has-post-thumbnail","hentry","category-vida-escolar"],"jetpack_sharing_enabled":true,"jetpack_featured_media_url":"https:\/\/www.manquecura.cl\/valle-lo-campino\/wp-content\/uploads\/sites\/40\/2026\/09\/IMG_3106.jpeg","_links":{"self":[{"href":"https:\/\/www.manquecura.cl\/valle-lo-campino\/wp-json\/wp\/v2\/posts\/127821","targetHints":{"allow":["GET"]}}],"collection":[{"href":"https:\/\/www.manquecura.cl\/valle-lo-campino\/wp-json\/wp\/v2\/posts"}],"about":[{"href":"https:\/\/www.manquecura.cl\/valle-lo-campino\/wp-json\/wp\/v2\/types\/post"}],"author":[{"embeddable":true,"href":"https:\/\/www.manquecura.cl\/valle-lo-campino\/wp-json\/wp\/v2\/users\/135"}],"replies":[{"embeddable":true,"href":"https:\/\/www.manquecura.cl\/valle-lo-campino\/wp-json\/wp\/v2\/comments?post=127821"}],"version-history":[{"count":1,"href":"https:\/\/www.manquecura.cl\/valle-lo-campino\/wp-json\/wp\/v2\/posts\/127821\/revisions"}],"predecessor-version":[{"id":127823,"href":"https:\/\/www.manquecura.cl\/valle-lo-campino\/wp-json\/wp\/v2\/posts\/127821\/revisions\/127823"}],"wp:featuredmedia":[{"embeddable":true,"href":"https:\/\/www.manquecura.cl\/valle-lo-campino\/wp-json\/wp\/v2\/media\/127822"}],"wp:attachment":[{"href":"https:\/\/www.manquecura.cl\/valle-lo-campino\/wp-json\/wp\/v2\/media?parent=127821"}],"wp:term":[{"taxonomy":"category","embeddable":true,"href":"https:\/\/www.manquecura.cl\/valle-lo-campino\/wp-json\/wp\/v2\/categories?post=127821"},{"taxonomy":"post_tag","embeddable":true,"href":"https:\/\/www.manquecura.cl\/valle-lo-campino\/wp-json\/wp\/v2\/tags?post=127821"}],"curies":[{"name":"wp","href":"https:\/\/api.w.org\/{rel}","templated":true}]}}