{"id":127753,"date":"2026-04-30T13:33:02","date_gmt":"2026-04-30T17:33:02","guid":{"rendered":"https:\/\/www.manquecura.cl\/valle-lo-campino\/?p=127753"},"modified":"2026-04-30T13:33:02","modified_gmt":"2026-04-30T17:33:02","slug":"estudiantes-de-segundo-basico-reciben-su-carnet-de-biblioteca-en-el-dia-del-libro","status":"publish","type":"post","link":"https:\/\/www.manquecura.cl\/valle-lo-campino\/noticias\/estudiantes-de-segundo-basico-reciben-su-carnet-de-biblioteca-en-el-dia-del-libro\/","title":{"rendered":"Estudiantes de segundo b\u00e1sico reciben su carnet de biblioteca en el D\u00eda del Libro"},"content":{"rendered":"<p data-start=\"245\" data-end=\"523\">En el marco de la conmemoraci\u00f3n del D\u00eda del Libro, el pasado 23 de abril se llev\u00f3 a cabo la entrega de carnets de biblioteca a los estudiantes de segundo b\u00e1sico, en una jornada especialmente dise\u00f1ada para acercar a los ni\u00f1os y ni\u00f1as al mundo de la lectura.<\/p>\n<p data-start=\"525\" data-end=\"770\">La actividad tuvo como principal objetivo incentivar el amor por los libros y promover el uso responsable de la biblioteca escolar, entendida como un espacio clave para el aprendizaje, la imaginaci\u00f3n y el desarrollo de habilidades fundamentales.<\/p>\n<p data-start=\"772\" data-end=\"993\">Durante la instancia, cada estudiante recibi\u00f3 su carnet junto a un separador de libro conmemorativo, reforzando la importancia del cuidado de los textos y motivando la lectura tanto en el entorno escolar como en el hogar.<\/p>\n<p data-start=\"995\" data-end=\"1339\">La jornada se desarroll\u00f3 en un ambiente de entusiasmo y alegr\u00eda, donde los estudiantes participaron activamente, valorando este primer acercamiento formal al uso de la biblioteca. De esta manera, el colegio contin\u00faa fortaleciendo iniciativas que promueven la lectura como una herramienta esencial para el desarrollo integral de sus estudiantes.<\/p>\n<p data-start=\"995\" data-end=\"1339\">\n<div id='gallery-2' class='gallery galleryid-127753 gallery-columns-3 gallery-size-large'><figure class='gallery-item'>\n\t\t\t<div class='gallery-icon landscape'>\n\t\t\t\t<a href='https:\/\/www.manquecura.cl\/valle-lo-campino\/noticias\/estudiantes-de-segundo-basico-reciben-su-carnet-de-biblioteca-en-el-dia-del-libro\/img_1065\/'><img loading=\"lazy\" decoding=\"async\" width=\"1024\" height=\"768\" src=\"https:\/\/www.manquecura.cl\/valle-lo-campino\/wp-content\/uploads\/sites\/40\/2026\/04\/IMG_1065.jpeg?w=1024\" class=\"attachment-large size-large\" alt=\"\" srcset=\"https:\/\/www.manquecura.cl\/valle-lo-campino\/wp-content\/uploads\/sites\/40\/2026\/04\/IMG_1065.jpeg 2048w, https:\/\/www.manquecura.cl\/valle-lo-campino\/wp-content\/uploads\/sites\/40\/2026\/04\/IMG_1065.jpeg?resize=300,225 300w, https:\/\/www.manquecura.cl\/valle-lo-campino\/wp-content\/uploads\/sites\/40\/2026\/04\/IMG_1065.jpeg?resize=768,576 768w, https:\/\/www.manquecura.cl\/valle-lo-campino\/wp-content\/uploads\/sites\/40\/2026\/04\/IMG_1065.jpeg?resize=1024,768 1024w, https:\/\/www.manquecura.cl\/valle-lo-campino\/wp-content\/uploads\/sites\/40\/2026\/04\/IMG_1065.jpeg?resize=1536,1152 1536w\" sizes=\"auto, (max-width: 1024px) 100vw, 1024px\" \/><\/a>\n\t\t\t<\/div><\/figure><figure class='gallery-item'>\n\t\t\t<div class='gallery-icon landscape'>\n\t\t\t\t<a href='https:\/\/www.manquecura.cl\/valle-lo-campino\/noticias\/estudiantes-de-segundo-basico-reciben-su-carnet-de-biblioteca-en-el-dia-del-libro\/img_1075\/'><img loading=\"lazy\" decoding=\"async\" width=\"1024\" height=\"768\" src=\"https:\/\/www.manquecura.cl\/valle-lo-campino\/wp-content\/uploads\/sites\/40\/2026\/04\/IMG_1075.jpeg?w=1024\" class=\"attachment-large size-large\" alt=\"\" srcset=\"https:\/\/www.manquecura.cl\/valle-lo-campino\/wp-content\/uploads\/sites\/40\/2026\/04\/IMG_1075.jpeg 2048w, https:\/\/www.manquecura.cl\/valle-lo-campino\/wp-content\/uploads\/sites\/40\/2026\/04\/IMG_1075.jpeg?resize=300,225 300w, https:\/\/www.manquecura.cl\/valle-lo-campino\/wp-content\/uploads\/sites\/40\/2026\/04\/IMG_1075.jpeg?resize=768,576 768w, https:\/\/www.manquecura.cl\/valle-lo-campino\/wp-content\/uploads\/sites\/40\/2026\/04\/IMG_1075.jpeg?resize=1024,768 1024w, https:\/\/www.manquecura.cl\/valle-lo-campino\/wp-content\/uploads\/sites\/40\/2026\/04\/IMG_1075.jpeg?resize=1536,1152 1536w\" sizes=\"auto, (max-width: 1024px) 100vw, 1024px\" \/><\/a>\n\t\t\t<\/div><\/figure><figure class='gallery-item'>\n\t\t\t<div class='gallery-icon landscape'>\n\t\t\t\t<a href='https:\/\/www.manquecura.cl\/valle-lo-campino\/noticias\/estudiantes-de-segundo-basico-reciben-su-carnet-de-biblioteca-en-el-dia-del-libro\/img_1103-2\/'><img loading=\"lazy\" decoding=\"async\" width=\"1024\" height=\"768\" src=\"https:\/\/www.manquecura.cl\/valle-lo-campino\/wp-content\/uploads\/sites\/40\/2026\/04\/IMG_1103.jpeg?w=1024\" class=\"attachment-large size-large\" alt=\"\" srcset=\"https:\/\/www.manquecura.cl\/valle-lo-campino\/wp-content\/uploads\/sites\/40\/2026\/04\/IMG_1103.jpeg 2048w, https:\/\/www.manquecura.cl\/valle-lo-campino\/wp-content\/uploads\/sites\/40\/2026\/04\/IMG_1103.jpeg?resize=300,225 300w, https:\/\/www.manquecura.cl\/valle-lo-campino\/wp-content\/uploads\/sites\/40\/2026\/04\/IMG_1103.jpeg?resize=768,576 768w, https:\/\/www.manquecura.cl\/valle-lo-campino\/wp-content\/uploads\/sites\/40\/2026\/04\/IMG_1103.jpeg?resize=1024,768 1024w, https:\/\/www.manquecura.cl\/valle-lo-campino\/wp-content\/uploads\/sites\/40\/2026\/04\/IMG_1103.jpeg?resize=1536,1152 1536w\" sizes=\"auto, (max-width: 1024px) 100vw, 1024px\" \/><\/a>\n\t\t\t<\/div><\/figure>\n\t\t<\/div>\n\n"},"excerpt":{"rendered":"<p>En el marco de la conmemoraci\u00f3n del D\u00eda del Libro, el pasado 23 de abril se llev\u00f3 a cabo la entrega de carnets de biblioteca a los estudiantes de segundo b\u00e1sico, en una jornada especialmente dise\u00f1ada para acercar a los ni\u00f1os y ni\u00f1as al mundo de la lectura. La actividad tuvo como principal objetivo incentivar [&hellip;]<\/p>\n","protected":false},"author":135,"featured_media":127754,"comment_status":"open","ping_status":"open","sticky":false,"template":"","format":"standard","meta":{"_acf_changed":false,"content-type":"","_jetpack_memberships_contains_paid_content":false,"footnotes":""},"categories":[1],"tags":[],"class_list":["post-127753","post","type-post","status-publish","format-standard","has-post-thumbnail","hentry","category-vida-escolar"],"acf":[],"yoast_head":"<!-- This site is optimized with the Yoast SEO plugin v27.1.1 - https:\/\/yoast.com\/product\/yoast-seo-wordpress\/ -->\n<title>Estudiantes de segundo b\u00e1sico reciben su carnet de biblioteca en el D\u00eda del Libro - Colegio Manquecura Valle Lo Campino<\/title>\n<meta name=\"description\" content=\"Estudiantes de segundo b\u00e1sico recibieron su carnet de biblioteca en el D\u00eda del Libro, promoviendo la lectura y el uso responsable de este espacio educativo.\" \/>\n<meta name=\"robots\" content=\"index, follow, max-snippet:-1, max-image-preview:large, max-video-preview:-1\" \/>\n<link rel=\"canonical\" href=\"https:\/\/www.manquecura.cl\/valle-lo-campino\/noticias\/estudiantes-de-segundo-basico-reciben-su-carnet-de-biblioteca-en-el-dia-del-libro\/\" \/>\n<meta property=\"og:locale\" content=\"es_ES\" \/>\n<meta property=\"og:type\" content=\"article\" \/>\n<meta property=\"og:title\" content=\"Estudiantes de segundo b\u00e1sico reciben su carnet de biblioteca en el D\u00eda del Libro - Colegio Manquecura Valle Lo Campino\" \/>\n<meta property=\"og:description\" content=\"Estudiantes de segundo b\u00e1sico recibieron su carnet de biblioteca en el D\u00eda del Libro, promoviendo la lectura y el uso responsable de este espacio educativo.\" \/>\n<meta property=\"og:url\" content=\"https:\/\/www.manquecura.cl\/valle-lo-campino\/noticias\/estudiantes-de-segundo-basico-reciben-su-carnet-de-biblioteca-en-el-dia-del-libro\/\" \/>\n<meta property=\"og:site_name\" content=\"Colegio Manquecura Valle Lo Campino\" \/>\n<meta property=\"article:publisher\" content=\"http:\/\/www.facebook.com\/ColegiosManquecura\" \/>\n<meta property=\"article:published_time\" content=\"2026-04-30T17:33:02+00:00\" \/>\n<meta property=\"og:image\" content=\"https:\/\/www.manquecura.cl\/valle-lo-campino\/wp-content\/uploads\/sites\/40\/2026\/04\/IMG_1103.jpg\" \/>\n\t<meta property=\"og:image:width\" content=\"2048\" \/>\n\t<meta property=\"og:image:height\" content=\"1152\" \/>\n\t<meta property=\"og:image:type\" content=\"image\/jpeg\" \/>\n<meta name=\"author\" content=\"catalinapena\" \/>\n<meta name=\"twitter:card\" content=\"summary_large_image\" \/>\n<meta name=\"twitter:label1\" content=\"Escrito por\" \/>\n\t<meta name=\"twitter:data1\" content=\"catalinapena\" \/>\n\t<meta name=\"twitter:label2\" content=\"Tiempo de lectura\" \/>\n\t<meta name=\"twitter:data2\" content=\"1 minuto\" \/>\n<script type=\"application\/ld+json\" class=\"yoast-schema-graph\">{\"@context\":\"https:\/\/schema.org\",\"@graph\":[{\"@type\":\"Article\",\"@id\":\"https:\/\/www.manquecura.cl\/valle-lo-campino\/noticias\/estudiantes-de-segundo-basico-reciben-su-carnet-de-biblioteca-en-el-dia-del-libro\/#article\",\"isPartOf\":{\"@id\":\"https:\/\/www.manquecura.cl\/valle-lo-campino\/noticias\/estudiantes-de-segundo-basico-reciben-su-carnet-de-biblioteca-en-el-dia-del-libro\/\"},\"author\":{\"name\":\"catalinapena\",\"@id\":\"https:\/\/www.manquecura.cl\/valle-lo-campino\/#\/schema\/person\/169b5a3a94a2c8494648e1aa8c7f2084\"},\"headline\":\"Estudiantes de segundo b\u00e1sico reciben su carnet de biblioteca en el D\u00eda del Libro\",\"datePublished\":\"2026-04-30T17:33:02+00:00\",\"mainEntityOfPage\":{\"@id\":\"https:\/\/www.manquecura.cl\/valle-lo-campino\/noticias\/estudiantes-de-segundo-basico-reciben-su-carnet-de-biblioteca-en-el-dia-del-libro\/\"},\"wordCount\":198,\"commentCount\":0,\"publisher\":{\"@id\":\"https:\/\/www.manquecura.cl\/valle-lo-campino\/#organization\"},\"image\":{\"@id\":\"https:\/\/www.manquecura.cl\/valle-lo-campino\/noticias\/estudiantes-de-segundo-basico-reciben-su-carnet-de-biblioteca-en-el-dia-del-libro\/#primaryimage\"},\"thumbnailUrl\":\"https:\/\/www.manquecura.cl\/valle-lo-campino\/wp-content\/uploads\/sites\/40\/2026\/04\/IMG_1103.jpg\",\"articleSection\":[\"Vida Escolar\"],\"inLanguage\":\"es\",\"potentialAction\":[{\"@type\":\"CommentAction\",\"name\":\"Comment\",\"target\":[\"https:\/\/www.manquecura.cl\/valle-lo-campino\/noticias\/estudiantes-de-segundo-basico-reciben-su-carnet-de-biblioteca-en-el-dia-del-libro\/#respond\"]}]},{\"@type\":\"WebPage\",\"@id\":\"https:\/\/www.manquecura.cl\/valle-lo-campino\/noticias\/estudiantes-de-segundo-basico-reciben-su-carnet-de-biblioteca-en-el-dia-del-libro\/\",\"url\":\"https:\/\/www.manquecura.cl\/valle-lo-campino\/noticias\/estudiantes-de-segundo-basico-reciben-su-carnet-de-biblioteca-en-el-dia-del-libro\/\",\"name\":\"Estudiantes de segundo b\u00e1sico reciben su carnet de biblioteca en el D\u00eda del Libro - Colegio Manquecura Valle Lo Campino\",\"isPartOf\":{\"@id\":\"https:\/\/www.manquecura.cl\/valle-lo-campino\/#website\"},\"primaryImageOfPage\":{\"@id\":\"https:\/\/www.manquecura.cl\/valle-lo-campino\/noticias\/estudiantes-de-segundo-basico-reciben-su-carnet-de-biblioteca-en-el-dia-del-libro\/#primaryimage\"},\"image\":{\"@id\":\"https:\/\/www.manquecura.cl\/valle-lo-campino\/noticias\/estudiantes-de-segundo-basico-reciben-su-carnet-de-biblioteca-en-el-dia-del-libro\/#primaryimage\"},\"thumbnailUrl\":\"https:\/\/www.manquecura.cl\/valle-lo-campino\/wp-content\/uploads\/sites\/40\/2026\/04\/IMG_1103.jpg\",\"datePublished\":\"2026-04-30T17:33:02+00:00\",\"description\":\"Estudiantes de segundo b\u00e1sico recibieron su carnet de biblioteca en el D\u00eda del Libro, promoviendo la lectura y el uso responsable de este espacio educativo.\",\"breadcrumb\":{\"@id\":\"https:\/\/www.manquecura.cl\/valle-lo-campino\/noticias\/estudiantes-de-segundo-basico-reciben-su-carnet-de-biblioteca-en-el-dia-del-libro\/#breadcrumb\"},\"inLanguage\":\"es\",\"potentialAction\":[{\"@type\":\"ReadAction\",\"target\":[\"https:\/\/www.manquecura.cl\/valle-lo-campino\/noticias\/estudiantes-de-segundo-basico-reciben-su-carnet-de-biblioteca-en-el-dia-del-libro\/\"]}]},{\"@type\":\"ImageObject\",\"inLanguage\":\"es\",\"@id\":\"https:\/\/www.manquecura.cl\/valle-lo-campino\/noticias\/estudiantes-de-segundo-basico-reciben-su-carnet-de-biblioteca-en-el-dia-del-libro\/#primaryimage\",\"url\":\"https:\/\/www.manquecura.cl\/valle-lo-campino\/wp-content\/uploads\/sites\/40\/2026\/04\/IMG_1103.jpg\",\"contentUrl\":\"https:\/\/www.manquecura.cl\/valle-lo-campino\/wp-content\/uploads\/sites\/40\/2026\/04\/IMG_1103.jpg\",\"width\":2048,\"height\":1152},{\"@type\":\"BreadcrumbList\",\"@id\":\"https:\/\/www.manquecura.cl\/valle-lo-campino\/noticias\/estudiantes-de-segundo-basico-reciben-su-carnet-de-biblioteca-en-el-dia-del-libro\/#breadcrumb\",\"itemListElement\":[{\"@type\":\"ListItem\",\"position\":1,\"name\":\"Home\",\"item\":\"https:\/\/www.manquecura.cl\/valle-lo-campino\/\"},{\"@type\":\"ListItem\",\"position\":2,\"name\":\"Estudiantes de segundo b\u00e1sico reciben su carnet de biblioteca en el D\u00eda del Libro\"}]},{\"@type\":\"WebSite\",\"@id\":\"https:\/\/www.manquecura.cl\/valle-lo-campino\/#website\",\"url\":\"https:\/\/www.manquecura.cl\/valle-lo-campino\/\",\"name\":\"Colegio Manquecura Valle Lo Campino\",\"description\":\"Parte de los Colegios Cognita\",\"publisher\":{\"@id\":\"https:\/\/www.manquecura.cl\/valle-lo-campino\/#organization\"},\"potentialAction\":[{\"@type\":\"SearchAction\",\"target\":{\"@type\":\"EntryPoint\",\"urlTemplate\":\"https:\/\/www.manquecura.cl\/valle-lo-campino\/?s={search_term_string}\"},\"query-input\":{\"@type\":\"PropertyValueSpecification\",\"valueRequired\":true,\"valueName\":\"search_term_string\"}}],\"inLanguage\":\"es\"},{\"@type\":\"Organization\",\"@id\":\"https:\/\/www.manquecura.cl\/valle-lo-campino\/#organization\",\"name\":\"Colegio Manquecura Valle Lo Campino\",\"url\":\"https:\/\/www.manquecura.cl\/valle-lo-campino\/\",\"logo\":{\"@type\":\"ImageObject\",\"inLanguage\":\"es\",\"@id\":\"https:\/\/www.manquecura.cl\/valle-lo-campino\/#\/schema\/logo\/image\/\",\"url\":\"https:\/\/www.manquecura.cl\/valle-lo-campino\/wp-content\/uploads\/sites\/40\/2025\/02\/logo_Manquecura_Valle-Lo-Campino_horizontal_color.webp\",\"contentUrl\":\"https:\/\/www.manquecura.cl\/valle-lo-campino\/wp-content\/uploads\/sites\/40\/2025\/02\/logo_Manquecura_Valle-Lo-Campino_horizontal_color.webp\",\"width\":400,\"height\":119,\"caption\":\"Colegio Manquecura Valle Lo Campino\"},\"image\":{\"@id\":\"https:\/\/www.manquecura.cl\/valle-lo-campino\/#\/schema\/logo\/image\/\"},\"sameAs\":[\"http:\/\/www.facebook.com\/ColegiosManquecura\",\"http:\/\/www.instagram.com\/manquecura_vallelocampino\/\",\"http:\/\/www.youtube.com\/c\/CognitaChile\"]},{\"@type\":\"Person\",\"@id\":\"https:\/\/www.manquecura.cl\/valle-lo-campino\/#\/schema\/person\/169b5a3a94a2c8494648e1aa8c7f2084\",\"name\":\"catalinapena\",\"image\":{\"@type\":\"ImageObject\",\"inLanguage\":\"es\",\"@id\":\"https:\/\/www.manquecura.cl\/valle-lo-campino\/#\/schema\/person\/image\/\",\"url\":\"https:\/\/secure.gravatar.com\/avatar\/66b2e7653ce4ea3c0fb04e5b100d6dfb07d1f5d91e5d9724ab1b48e33aa5a8a5?s=96&d=mm&r=g\",\"contentUrl\":\"https:\/\/secure.gravatar.com\/avatar\/66b2e7653ce4ea3c0fb04e5b100d6dfb07d1f5d91e5d9724ab1b48e33aa5a8a5?s=96&d=mm&r=g\",\"caption\":\"catalinapena\"}}]}<\/script>\n<!-- \/ Yoast SEO plugin. -->","yoast_head_json":{"title":"Estudiantes de segundo b\u00e1sico reciben su carnet de biblioteca en el D\u00eda del Libro - Colegio Manquecura Valle Lo Campino","description":"Estudiantes de segundo b\u00e1sico recibieron su carnet de biblioteca en el D\u00eda del Libro, promoviendo la lectura y el uso responsable de este espacio educativo.","robots":{"index":"index","follow":"follow","max-snippet":"max-snippet:-1","max-image-preview":"max-image-preview:large","max-video-preview":"max-video-preview:-1"},"canonical":"https:\/\/www.manquecura.cl\/valle-lo-campino\/noticias\/estudiantes-de-segundo-basico-reciben-su-carnet-de-biblioteca-en-el-dia-del-libro\/","og_locale":"es_ES","og_type":"article","og_title":"Estudiantes de segundo b\u00e1sico reciben su carnet de biblioteca en el D\u00eda del Libro - Colegio Manquecura Valle Lo Campino","og_description":"Estudiantes de segundo b\u00e1sico recibieron su carnet de biblioteca en el D\u00eda del Libro, promoviendo la lectura y el uso responsable de este espacio educativo.","og_url":"https:\/\/www.manquecura.cl\/valle-lo-campino\/noticias\/estudiantes-de-segundo-basico-reciben-su-carnet-de-biblioteca-en-el-dia-del-libro\/","og_site_name":"Colegio Manquecura Valle Lo Campino","article_publisher":"http:\/\/www.facebook.com\/ColegiosManquecura","article_published_time":"2026-04-30T17:33:02+00:00","og_image":[{"width":2048,"height":1152,"url":"https:\/\/www.manquecura.cl\/valle-lo-campino\/wp-content\/uploads\/sites\/40\/2026\/04\/IMG_1103.jpg","type":"image\/jpeg"}],"author":"catalinapena","twitter_card":"summary_large_image","twitter_misc":{"Escrito por":"catalinapena","Tiempo de lectura":"1 minuto"},"schema":{"@context":"https:\/\/schema.org","@graph":[{"@type":"Article","@id":"https:\/\/www.manquecura.cl\/valle-lo-campino\/noticias\/estudiantes-de-segundo-basico-reciben-su-carnet-de-biblioteca-en-el-dia-del-libro\/#article","isPartOf":{"@id":"https:\/\/www.manquecura.cl\/valle-lo-campino\/noticias\/estudiantes-de-segundo-basico-reciben-su-carnet-de-biblioteca-en-el-dia-del-libro\/"},"author":{"name":"catalinapena","@id":"https:\/\/www.manquecura.cl\/valle-lo-campino\/#\/schema\/person\/169b5a3a94a2c8494648e1aa8c7f2084"},"headline":"Estudiantes de segundo b\u00e1sico reciben su carnet de biblioteca en el D\u00eda del Libro","datePublished":"2026-04-30T17:33:02+00:00","mainEntityOfPage":{"@id":"https:\/\/www.manquecura.cl\/valle-lo-campino\/noticias\/estudiantes-de-segundo-basico-reciben-su-carnet-de-biblioteca-en-el-dia-del-libro\/"},"wordCount":198,"commentCount":0,"publisher":{"@id":"https:\/\/www.manquecura.cl\/valle-lo-campino\/#organization"},"image":{"@id":"https:\/\/www.manquecura.cl\/valle-lo-campino\/noticias\/estudiantes-de-segundo-basico-reciben-su-carnet-de-biblioteca-en-el-dia-del-libro\/#primaryimage"},"thumbnailUrl":"https:\/\/www.manquecura.cl\/valle-lo-campino\/wp-content\/uploads\/sites\/40\/2026\/04\/IMG_1103.jpg","articleSection":["Vida Escolar"],"inLanguage":"es","potentialAction":[{"@type":"CommentAction","name":"Comment","target":["https:\/\/www.manquecura.cl\/valle-lo-campino\/noticias\/estudiantes-de-segundo-basico-reciben-su-carnet-de-biblioteca-en-el-dia-del-libro\/#respond"]}]},{"@type":"WebPage","@id":"https:\/\/www.manquecura.cl\/valle-lo-campino\/noticias\/estudiantes-de-segundo-basico-reciben-su-carnet-de-biblioteca-en-el-dia-del-libro\/","url":"https:\/\/www.manquecura.cl\/valle-lo-campino\/noticias\/estudiantes-de-segundo-basico-reciben-su-carnet-de-biblioteca-en-el-dia-del-libro\/","name":"Estudiantes de segundo b\u00e1sico reciben su carnet de biblioteca en el D\u00eda del Libro - Colegio Manquecura Valle Lo Campino","isPartOf":{"@id":"https:\/\/www.manquecura.cl\/valle-lo-campino\/#website"},"primaryImageOfPage":{"@id":"https:\/\/www.manquecura.cl\/valle-lo-campino\/noticias\/estudiantes-de-segundo-basico-reciben-su-carnet-de-biblioteca-en-el-dia-del-libro\/#primaryimage"},"image":{"@id":"https:\/\/www.manquecura.cl\/valle-lo-campino\/noticias\/estudiantes-de-segundo-basico-reciben-su-carnet-de-biblioteca-en-el-dia-del-libro\/#primaryimage"},"thumbnailUrl":"https:\/\/www.manquecura.cl\/valle-lo-campino\/wp-content\/uploads\/sites\/40\/2026\/04\/IMG_1103.jpg","datePublished":"2026-04-30T17:33:02+00:00","description":"Estudiantes de segundo b\u00e1sico recibieron su carnet de biblioteca en el D\u00eda del Libro, promoviendo la lectura y el uso responsable de este espacio educativo.","breadcrumb":{"@id":"https:\/\/www.manquecura.cl\/valle-lo-campino\/noticias\/estudiantes-de-segundo-basico-reciben-su-carnet-de-biblioteca-en-el-dia-del-libro\/#breadcrumb"},"inLanguage":"es","potentialAction":[{"@type":"ReadAction","target":["https:\/\/www.manquecura.cl\/valle-lo-campino\/noticias\/estudiantes-de-segundo-basico-reciben-su-carnet-de-biblioteca-en-el-dia-del-libro\/"]}]},{"@type":"ImageObject","inLanguage":"es","@id":"https:\/\/www.manquecura.cl\/valle-lo-campino\/noticias\/estudiantes-de-segundo-basico-reciben-su-carnet-de-biblioteca-en-el-dia-del-libro\/#primaryimage","url":"https:\/\/www.manquecura.cl\/valle-lo-campino\/wp-content\/uploads\/sites\/40\/2026\/04\/IMG_1103.jpg","contentUrl":"https:\/\/www.manquecura.cl\/valle-lo-campino\/wp-content\/uploads\/sites\/40\/2026\/04\/IMG_1103.jpg","width":2048,"height":1152},{"@type":"BreadcrumbList","@id":"https:\/\/www.manquecura.cl\/valle-lo-campino\/noticias\/estudiantes-de-segundo-basico-reciben-su-carnet-de-biblioteca-en-el-dia-del-libro\/#breadcrumb","itemListElement":[{"@type":"ListItem","position":1,"name":"Home","item":"https:\/\/www.manquecura.cl\/valle-lo-campino\/"},{"@type":"ListItem","position":2,"name":"Estudiantes de segundo b\u00e1sico reciben su carnet de biblioteca en el D\u00eda del Libro"}]},{"@type":"WebSite","@id":"https:\/\/www.manquecura.cl\/valle-lo-campino\/#website","url":"https:\/\/www.manquecura.cl\/valle-lo-campino\/","name":"Colegio Manquecura Valle Lo Campino","description":"Parte de los Colegios Cognita","publisher":{"@id":"https:\/\/www.manquecura.cl\/valle-lo-campino\/#organization"},"potentialAction":[{"@type":"SearchAction","target":{"@type":"EntryPoint","urlTemplate":"https:\/\/www.manquecura.cl\/valle-lo-campino\/?s={search_term_string}"},"query-input":{"@type":"PropertyValueSpecification","valueRequired":true,"valueName":"search_term_string"}}],"inLanguage":"es"},{"@type":"Organization","@id":"https:\/\/www.manquecura.cl\/valle-lo-campino\/#organization","name":"Colegio Manquecura Valle Lo Campino","url":"https:\/\/www.manquecura.cl\/valle-lo-campino\/","logo":{"@type":"ImageObject","inLanguage":"es","@id":"https:\/\/www.manquecura.cl\/valle-lo-campino\/#\/schema\/logo\/image\/","url":"https:\/\/www.manquecura.cl\/valle-lo-campino\/wp-content\/uploads\/sites\/40\/2025\/02\/logo_Manquecura_Valle-Lo-Campino_horizontal_color.webp","contentUrl":"https:\/\/www.manquecura.cl\/valle-lo-campino\/wp-content\/uploads\/sites\/40\/2025\/02\/logo_Manquecura_Valle-Lo-Campino_horizontal_color.webp","width":400,"height":119,"caption":"Colegio Manquecura Valle Lo Campino"},"image":{"@id":"https:\/\/www.manquecura.cl\/valle-lo-campino\/#\/schema\/logo\/image\/"},"sameAs":["http:\/\/www.facebook.com\/ColegiosManquecura","http:\/\/www.instagram.com\/manquecura_vallelocampino\/","http:\/\/www.youtube.com\/c\/CognitaChile"]},{"@type":"Person","@id":"https:\/\/www.manquecura.cl\/valle-lo-campino\/#\/schema\/person\/169b5a3a94a2c8494648e1aa8c7f2084","name":"catalinapena","image":{"@type":"ImageObject","inLanguage":"es","@id":"https:\/\/www.manquecura.cl\/valle-lo-campino\/#\/schema\/person\/image\/","url":"https:\/\/secure.gravatar.com\/avatar\/66b2e7653ce4ea3c0fb04e5b100d6dfb07d1f5d91e5d9724ab1b48e33aa5a8a5?s=96&d=mm&r=g","contentUrl":"https:\/\/secure.gravatar.com\/avatar\/66b2e7653ce4ea3c0fb04e5b100d6dfb07d1f5d91e5d9724ab1b48e33aa5a8a5?s=96&d=mm&r=g","caption":"catalinapena"}}]}},"jetpack_featured_media_url":"https:\/\/www.manquecura.cl\/valle-lo-campino\/wp-content\/uploads\/sites\/40\/2026\/04\/IMG_1103.jpg","previous_post_ID":127745,"previous_post_title":"Nuevo Campur General 2026 asume funciones en Manquecura Valle lo Campino","previous_post_excerpt":"En el marco del fortalecimiento de la participaci\u00f3n de las familias en la vida escolar, nuestro colegio concret\u00f3 recientemente el cambio de mando del Campur General de Apoderados, dando inicio oficial a su conformaci\u00f3n para el a\u00f1o 2026. El Campur General fue retomado a mediados de 2024, instancia que permiti\u00f3 reactivar este importante espacio de [&hellip;]","previous_post_link":"https:\/\/www.manquecura.cl\/valle-lo-campino\/noticias\/nuevo-campur-general-2026-asume-funciones-en-manquecura-valle-lo-campino\/","previous_post_class":["post-127745","post","type-post","status-publish","format-standard","has-post-thumbnail","hentry","category-vida-escolar"],"next_post_ID":null,"next_post_title":null,"next_post_excerpt":"En el marco de la conmemoraci\u00f3n del D\u00eda del Libro, el pasado 23 de abril se llev\u00f3 a cabo la entrega de carnets de biblioteca a los estudiantes de segundo b\u00e1sico, en una jornada especialmente dise\u00f1ada para acercar a los ni\u00f1os y ni\u00f1as al mundo de la lectura. La actividad tuvo como principal objetivo incentivar [&hellip;]","next_post_link":"https:\/\/www.manquecura.cl\/valle-lo-campino\/noticias\/estudiantes-de-segundo-basico-reciben-su-carnet-de-biblioteca-en-el-dia-del-libro\/","next_post_class":["post-127753","post","type-post","status-publish","format-standard","has-post-thumbnail","hentry","category-vida-escolar"],"jetpack_sharing_enabled":true,"_links":{"self":[{"href":"https:\/\/www.manquecura.cl\/valle-lo-campino\/wp-json\/wp\/v2\/posts\/127753","targetHints":{"allow":["GET"]}}],"collection":[{"href":"https:\/\/www.manquecura.cl\/valle-lo-campino\/wp-json\/wp\/v2\/posts"}],"about":[{"href":"https:\/\/www.manquecura.cl\/valle-lo-campino\/wp-json\/wp\/v2\/types\/post"}],"author":[{"embeddable":true,"href":"https:\/\/www.manquecura.cl\/valle-lo-campino\/wp-json\/wp\/v2\/users\/135"}],"replies":[{"embeddable":true,"href":"https:\/\/www.manquecura.cl\/valle-lo-campino\/wp-json\/wp\/v2\/comments?post=127753"}],"version-history":[{"count":1,"href":"https:\/\/www.manquecura.cl\/valle-lo-campino\/wp-json\/wp\/v2\/posts\/127753\/revisions"}],"predecessor-version":[{"id":127758,"href":"https:\/\/www.manquecura.cl\/valle-lo-campino\/wp-json\/wp\/v2\/posts\/127753\/revisions\/127758"}],"wp:featuredmedia":[{"embeddable":true,"href":"https:\/\/www.manquecura.cl\/valle-lo-campino\/wp-json\/wp\/v2\/media\/127754"}],"wp:attachment":[{"href":"https:\/\/www.manquecura.cl\/valle-lo-campino\/wp-json\/wp\/v2\/media?parent=127753"}],"wp:term":[{"taxonomy":"category","embeddable":true,"href":"https:\/\/www.manquecura.cl\/valle-lo-campino\/wp-json\/wp\/v2\/categories?post=127753"},{"taxonomy":"post_tag","embeddable":true,"href":"https:\/\/www.manquecura.cl\/valle-lo-campino\/wp-json\/wp\/v2\/tags?post=127753"}],"curies":[{"name":"wp","href":"https:\/\/api.w.org\/{rel}","templated":true}]}}