{"id":127485,"date":"2025-05-16T12:58:42","date_gmt":"2025-05-16T16:58:42","guid":{"rendered":"https:\/\/www.manquecura.cl\/valle-lo-campino\/?p=127485"},"modified":"2025-06-18T19:04:32","modified_gmt":"2025-06-18T23:04:32","slug":"una-jornada-de-deporte-y-comunidad-asi-vivimos-nuestra-corrida-familiar","status":"publish","type":"post","link":"https:\/\/www.manquecura.cl\/valle-lo-campino\/noticias\/una-jornada-de-deporte-y-comunidad-asi-vivimos-nuestra-corrida-familiar\/","title":{"rendered":"Una jornada de deporte y comunidad: \u00a1As\u00ed vivimos nuestra Corrida Familiar!"},"content":{"rendered":"<p data-start=\"167\" data-end=\"378\">Con gran entusiasmo y esp\u00edritu deportivo, celebramos una nueva edici\u00f3n de nuestra <strong data-start=\"249\" data-end=\"269\">Corrida Familiar<\/strong>, una actividad que refleja el compromiso de nuestro colegio con la promoci\u00f3n de una vida activa y saludable.<\/p>\n<p data-start=\"380\" data-end=\"579\">Este a\u00f1o volvimos a reunir a nuestras familias en un evento lleno de energ\u00eda, donde el deporte se convirti\u00f3 en una oportunidad para fortalecer lazos, compartir en comunidad y disfrutar al aire libre.<\/p>\n<p data-start=\"581\" data-end=\"762\">Agradecemos sinceramente a todas las familias que fueron parte de esta jornada, demostrando que, juntos, seguimos construyendo una comunidad escolar unida, saludable y comprometida.<\/p>\n"},"excerpt":{"rendered":"<p>Con gran entusiasmo y esp\u00edritu deportivo, celebramos una nueva edici\u00f3n de nuestra Corrida Familiar, una actividad que refleja el compromiso de nuestro colegio con la promoci\u00f3n de una vida activa y saludable. Este a\u00f1o volvimos a reunir a nuestras familias en un evento lleno de energ\u00eda, donde el deporte se convirti\u00f3 en una oportunidad para [&hellip;]<\/p>\n","protected":false},"author":34,"featured_media":127486,"comment_status":"open","ping_status":"open","sticky":false,"template":"","format":"standard","meta":{"_acf_changed":false,"content-type":"","_jetpack_memberships_contains_paid_content":false,"footnotes":""},"categories":[1],"tags":[],"class_list":["post-127485","post","type-post","status-publish","format-standard","has-post-thumbnail","hentry","category-vida-escolar"],"acf":[],"yoast_head":"<!-- This site is optimized with the Yoast SEO plugin v27.1.1 - https:\/\/yoast.com\/product\/yoast-seo-wordpress\/ -->\n<title>Una jornada de deporte y comunidad: \u00a1As\u00ed vivimos nuestra Corrida Familiar! - Colegio Manquecura Valle Lo Campino<\/title>\n<meta name=\"robots\" content=\"index, follow, max-snippet:-1, max-image-preview:large, max-video-preview:-1\" \/>\n<link rel=\"canonical\" href=\"https:\/\/www.manquecura.cl\/valle-lo-campino\/noticias\/una-jornada-de-deporte-y-comunidad-asi-vivimos-nuestra-corrida-familiar\/\" \/>\n<meta property=\"og:locale\" content=\"es_ES\" \/>\n<meta property=\"og:type\" content=\"article\" \/>\n<meta property=\"og:title\" content=\"Una jornada de deporte y comunidad: \u00a1As\u00ed vivimos nuestra Corrida Familiar! - Colegio Manquecura Valle Lo Campino\" \/>\n<meta property=\"og:description\" content=\"Con gran entusiasmo y esp\u00edritu deportivo, celebramos una nueva edici\u00f3n de nuestra Corrida Familiar, una actividad que refleja el compromiso de nuestro colegio con la promoci\u00f3n de una vida activa y saludable. Este a\u00f1o volvimos a reunir a nuestras familias en un evento lleno de energ\u00eda, donde el deporte se convirti\u00f3 en una oportunidad para [&hellip;]\" \/>\n<meta property=\"og:url\" content=\"https:\/\/www.manquecura.cl\/valle-lo-campino\/noticias\/una-jornada-de-deporte-y-comunidad-asi-vivimos-nuestra-corrida-familiar\/\" \/>\n<meta property=\"og:site_name\" content=\"Colegio Manquecura Valle Lo Campino\" \/>\n<meta property=\"article:publisher\" content=\"http:\/\/www.facebook.com\/ColegiosManquecura\" \/>\n<meta property=\"article:published_time\" content=\"2025-05-16T16:58:42+00:00\" \/>\n<meta property=\"article:modified_time\" content=\"2025-06-18T23:04:32+00:00\" \/>\n<meta property=\"og:image\" content=\"https:\/\/www.manquecura.cl\/valle-lo-campino\/wp-content\/uploads\/sites\/40\/2025\/06\/Corrida-Familiar-Manquecura-Valle-Lo-Campino-Quilicura.png\" \/>\n\t<meta property=\"og:image:width\" content=\"1116\" \/>\n\t<meta property=\"og:image:height\" content=\"550\" \/>\n\t<meta property=\"og:image:type\" content=\"image\/png\" \/>\n<meta name=\"author\" content=\"danielacastro\" \/>\n<meta name=\"twitter:card\" content=\"summary_large_image\" \/>\n<meta name=\"twitter:label1\" content=\"Escrito por\" \/>\n\t<meta name=\"twitter:data1\" content=\"danielacastro\" \/>\n\t<meta name=\"twitter:label2\" content=\"Tiempo de lectura\" \/>\n\t<meta name=\"twitter:data2\" content=\"1 minuto\" \/>\n<script type=\"application\/ld+json\" class=\"yoast-schema-graph\">{\"@context\":\"https:\/\/schema.org\",\"@graph\":[{\"@type\":\"Article\",\"@id\":\"https:\/\/www.manquecura.cl\/valle-lo-campino\/noticias\/una-jornada-de-deporte-y-comunidad-asi-vivimos-nuestra-corrida-familiar\/#article\",\"isPartOf\":{\"@id\":\"https:\/\/www.manquecura.cl\/valle-lo-campino\/noticias\/una-jornada-de-deporte-y-comunidad-asi-vivimos-nuestra-corrida-familiar\/\"},\"author\":{\"name\":\"danielacastro\",\"@id\":\"https:\/\/www.manquecura.cl\/valle-lo-campino\/#\/schema\/person\/5eb92a7b45165cdbdbb271bcdacc9d9e\"},\"headline\":\"Una jornada de deporte y comunidad: \u00a1As\u00ed vivimos nuestra Corrida Familiar!\",\"datePublished\":\"2025-05-16T16:58:42+00:00\",\"dateModified\":\"2025-06-18T23:04:32+00:00\",\"mainEntityOfPage\":{\"@id\":\"https:\/\/www.manquecura.cl\/valle-lo-campino\/noticias\/una-jornada-de-deporte-y-comunidad-asi-vivimos-nuestra-corrida-familiar\/\"},\"wordCount\":105,\"commentCount\":0,\"publisher\":{\"@id\":\"https:\/\/www.manquecura.cl\/valle-lo-campino\/#organization\"},\"image\":{\"@id\":\"https:\/\/www.manquecura.cl\/valle-lo-campino\/noticias\/una-jornada-de-deporte-y-comunidad-asi-vivimos-nuestra-corrida-familiar\/#primaryimage\"},\"thumbnailUrl\":\"https:\/\/www.manquecura.cl\/valle-lo-campino\/wp-content\/uploads\/sites\/40\/2025\/06\/Corrida-Familiar-Manquecura-Valle-Lo-Campino-Quilicura.png\",\"articleSection\":[\"Vida Escolar\"],\"inLanguage\":\"es\",\"potentialAction\":[{\"@type\":\"CommentAction\",\"name\":\"Comment\",\"target\":[\"https:\/\/www.manquecura.cl\/valle-lo-campino\/noticias\/una-jornada-de-deporte-y-comunidad-asi-vivimos-nuestra-corrida-familiar\/#respond\"]}]},{\"@type\":\"WebPage\",\"@id\":\"https:\/\/www.manquecura.cl\/valle-lo-campino\/noticias\/una-jornada-de-deporte-y-comunidad-asi-vivimos-nuestra-corrida-familiar\/\",\"url\":\"https:\/\/www.manquecura.cl\/valle-lo-campino\/noticias\/una-jornada-de-deporte-y-comunidad-asi-vivimos-nuestra-corrida-familiar\/\",\"name\":\"Una jornada de deporte y comunidad: \u00a1As\u00ed vivimos nuestra Corrida Familiar! - Colegio Manquecura Valle Lo Campino\",\"isPartOf\":{\"@id\":\"https:\/\/www.manquecura.cl\/valle-lo-campino\/#website\"},\"primaryImageOfPage\":{\"@id\":\"https:\/\/www.manquecura.cl\/valle-lo-campino\/noticias\/una-jornada-de-deporte-y-comunidad-asi-vivimos-nuestra-corrida-familiar\/#primaryimage\"},\"image\":{\"@id\":\"https:\/\/www.manquecura.cl\/valle-lo-campino\/noticias\/una-jornada-de-deporte-y-comunidad-asi-vivimos-nuestra-corrida-familiar\/#primaryimage\"},\"thumbnailUrl\":\"https:\/\/www.manquecura.cl\/valle-lo-campino\/wp-content\/uploads\/sites\/40\/2025\/06\/Corrida-Familiar-Manquecura-Valle-Lo-Campino-Quilicura.png\",\"datePublished\":\"2025-05-16T16:58:42+00:00\",\"dateModified\":\"2025-06-18T23:04:32+00:00\",\"breadcrumb\":{\"@id\":\"https:\/\/www.manquecura.cl\/valle-lo-campino\/noticias\/una-jornada-de-deporte-y-comunidad-asi-vivimos-nuestra-corrida-familiar\/#breadcrumb\"},\"inLanguage\":\"es\",\"potentialAction\":[{\"@type\":\"ReadAction\",\"target\":[\"https:\/\/www.manquecura.cl\/valle-lo-campino\/noticias\/una-jornada-de-deporte-y-comunidad-asi-vivimos-nuestra-corrida-familiar\/\"]}]},{\"@type\":\"ImageObject\",\"inLanguage\":\"es\",\"@id\":\"https:\/\/www.manquecura.cl\/valle-lo-campino\/noticias\/una-jornada-de-deporte-y-comunidad-asi-vivimos-nuestra-corrida-familiar\/#primaryimage\",\"url\":\"https:\/\/www.manquecura.cl\/valle-lo-campino\/wp-content\/uploads\/sites\/40\/2025\/06\/Corrida-Familiar-Manquecura-Valle-Lo-Campino-Quilicura.png\",\"contentUrl\":\"https:\/\/www.manquecura.cl\/valle-lo-campino\/wp-content\/uploads\/sites\/40\/2025\/06\/Corrida-Familiar-Manquecura-Valle-Lo-Campino-Quilicura.png\",\"width\":1116,\"height\":550},{\"@type\":\"BreadcrumbList\",\"@id\":\"https:\/\/www.manquecura.cl\/valle-lo-campino\/noticias\/una-jornada-de-deporte-y-comunidad-asi-vivimos-nuestra-corrida-familiar\/#breadcrumb\",\"itemListElement\":[{\"@type\":\"ListItem\",\"position\":1,\"name\":\"Home\",\"item\":\"https:\/\/www.manquecura.cl\/valle-lo-campino\/\"},{\"@type\":\"ListItem\",\"position\":2,\"name\":\"Una jornada de deporte y comunidad: \u00a1As\u00ed vivimos nuestra Corrida Familiar!\"}]},{\"@type\":\"WebSite\",\"@id\":\"https:\/\/www.manquecura.cl\/valle-lo-campino\/#website\",\"url\":\"https:\/\/www.manquecura.cl\/valle-lo-campino\/\",\"name\":\"Colegio Manquecura Valle Lo Campino\",\"description\":\"Parte de los Colegios Cognita\",\"publisher\":{\"@id\":\"https:\/\/www.manquecura.cl\/valle-lo-campino\/#organization\"},\"potentialAction\":[{\"@type\":\"SearchAction\",\"target\":{\"@type\":\"EntryPoint\",\"urlTemplate\":\"https:\/\/www.manquecura.cl\/valle-lo-campino\/?s={search_term_string}\"},\"query-input\":{\"@type\":\"PropertyValueSpecification\",\"valueRequired\":true,\"valueName\":\"search_term_string\"}}],\"inLanguage\":\"es\"},{\"@type\":\"Organization\",\"@id\":\"https:\/\/www.manquecura.cl\/valle-lo-campino\/#organization\",\"name\":\"Colegio Manquecura Valle Lo Campino\",\"url\":\"https:\/\/www.manquecura.cl\/valle-lo-campino\/\",\"logo\":{\"@type\":\"ImageObject\",\"inLanguage\":\"es\",\"@id\":\"https:\/\/www.manquecura.cl\/valle-lo-campino\/#\/schema\/logo\/image\/\",\"url\":\"https:\/\/www.manquecura.cl\/valle-lo-campino\/wp-content\/uploads\/sites\/40\/2025\/02\/logo_Manquecura_Valle-Lo-Campino_horizontal_color.webp\",\"contentUrl\":\"https:\/\/www.manquecura.cl\/valle-lo-campino\/wp-content\/uploads\/sites\/40\/2025\/02\/logo_Manquecura_Valle-Lo-Campino_horizontal_color.webp\",\"width\":400,\"height\":119,\"caption\":\"Colegio Manquecura Valle Lo Campino\"},\"image\":{\"@id\":\"https:\/\/www.manquecura.cl\/valle-lo-campino\/#\/schema\/logo\/image\/\"},\"sameAs\":[\"http:\/\/www.facebook.com\/ColegiosManquecura\",\"http:\/\/www.instagram.com\/manquecura_vallelocampino\/\",\"http:\/\/www.youtube.com\/c\/CognitaChile\"]},{\"@type\":\"Person\",\"@id\":\"https:\/\/www.manquecura.cl\/valle-lo-campino\/#\/schema\/person\/5eb92a7b45165cdbdbb271bcdacc9d9e\",\"name\":\"danielacastro\",\"image\":{\"@type\":\"ImageObject\",\"inLanguage\":\"es\",\"@id\":\"https:\/\/www.manquecura.cl\/valle-lo-campino\/#\/schema\/person\/image\/\",\"url\":\"https:\/\/secure.gravatar.com\/avatar\/16a603f2cc3ad485cabfe7c59b923050a809d8344cba940b4148737780592211?s=96&d=mm&r=g\",\"contentUrl\":\"https:\/\/secure.gravatar.com\/avatar\/16a603f2cc3ad485cabfe7c59b923050a809d8344cba940b4148737780592211?s=96&d=mm&r=g\",\"caption\":\"danielacastro\"}}]}<\/script>\n<!-- \/ Yoast SEO plugin. -->","yoast_head_json":{"title":"Una jornada de deporte y comunidad: \u00a1As\u00ed vivimos nuestra Corrida Familiar! - Colegio Manquecura Valle Lo Campino","robots":{"index":"index","follow":"follow","max-snippet":"max-snippet:-1","max-image-preview":"max-image-preview:large","max-video-preview":"max-video-preview:-1"},"canonical":"https:\/\/www.manquecura.cl\/valle-lo-campino\/noticias\/una-jornada-de-deporte-y-comunidad-asi-vivimos-nuestra-corrida-familiar\/","og_locale":"es_ES","og_type":"article","og_title":"Una jornada de deporte y comunidad: \u00a1As\u00ed vivimos nuestra Corrida Familiar! - Colegio Manquecura Valle Lo Campino","og_description":"Con gran entusiasmo y esp\u00edritu deportivo, celebramos una nueva edici\u00f3n de nuestra Corrida Familiar, una actividad que refleja el compromiso de nuestro colegio con la promoci\u00f3n de una vida activa y saludable. Este a\u00f1o volvimos a reunir a nuestras familias en un evento lleno de energ\u00eda, donde el deporte se convirti\u00f3 en una oportunidad para [&hellip;]","og_url":"https:\/\/www.manquecura.cl\/valle-lo-campino\/noticias\/una-jornada-de-deporte-y-comunidad-asi-vivimos-nuestra-corrida-familiar\/","og_site_name":"Colegio Manquecura Valle Lo Campino","article_publisher":"http:\/\/www.facebook.com\/ColegiosManquecura","article_published_time":"2025-05-16T16:58:42+00:00","article_modified_time":"2025-06-18T23:04:32+00:00","og_image":[{"width":1116,"height":550,"url":"https:\/\/www.manquecura.cl\/valle-lo-campino\/wp-content\/uploads\/sites\/40\/2025\/06\/Corrida-Familiar-Manquecura-Valle-Lo-Campino-Quilicura.png","type":"image\/png"}],"author":"danielacastro","twitter_card":"summary_large_image","twitter_misc":{"Escrito por":"danielacastro","Tiempo de lectura":"1 minuto"},"schema":{"@context":"https:\/\/schema.org","@graph":[{"@type":"Article","@id":"https:\/\/www.manquecura.cl\/valle-lo-campino\/noticias\/una-jornada-de-deporte-y-comunidad-asi-vivimos-nuestra-corrida-familiar\/#article","isPartOf":{"@id":"https:\/\/www.manquecura.cl\/valle-lo-campino\/noticias\/una-jornada-de-deporte-y-comunidad-asi-vivimos-nuestra-corrida-familiar\/"},"author":{"name":"danielacastro","@id":"https:\/\/www.manquecura.cl\/valle-lo-campino\/#\/schema\/person\/5eb92a7b45165cdbdbb271bcdacc9d9e"},"headline":"Una jornada de deporte y comunidad: \u00a1As\u00ed vivimos nuestra Corrida Familiar!","datePublished":"2025-05-16T16:58:42+00:00","dateModified":"2025-06-18T23:04:32+00:00","mainEntityOfPage":{"@id":"https:\/\/www.manquecura.cl\/valle-lo-campino\/noticias\/una-jornada-de-deporte-y-comunidad-asi-vivimos-nuestra-corrida-familiar\/"},"wordCount":105,"commentCount":0,"publisher":{"@id":"https:\/\/www.manquecura.cl\/valle-lo-campino\/#organization"},"image":{"@id":"https:\/\/www.manquecura.cl\/valle-lo-campino\/noticias\/una-jornada-de-deporte-y-comunidad-asi-vivimos-nuestra-corrida-familiar\/#primaryimage"},"thumbnailUrl":"https:\/\/www.manquecura.cl\/valle-lo-campino\/wp-content\/uploads\/sites\/40\/2025\/06\/Corrida-Familiar-Manquecura-Valle-Lo-Campino-Quilicura.png","articleSection":["Vida Escolar"],"inLanguage":"es","potentialAction":[{"@type":"CommentAction","name":"Comment","target":["https:\/\/www.manquecura.cl\/valle-lo-campino\/noticias\/una-jornada-de-deporte-y-comunidad-asi-vivimos-nuestra-corrida-familiar\/#respond"]}]},{"@type":"WebPage","@id":"https:\/\/www.manquecura.cl\/valle-lo-campino\/noticias\/una-jornada-de-deporte-y-comunidad-asi-vivimos-nuestra-corrida-familiar\/","url":"https:\/\/www.manquecura.cl\/valle-lo-campino\/noticias\/una-jornada-de-deporte-y-comunidad-asi-vivimos-nuestra-corrida-familiar\/","name":"Una jornada de deporte y comunidad: \u00a1As\u00ed vivimos nuestra Corrida Familiar! - Colegio Manquecura Valle Lo Campino","isPartOf":{"@id":"https:\/\/www.manquecura.cl\/valle-lo-campino\/#website"},"primaryImageOfPage":{"@id":"https:\/\/www.manquecura.cl\/valle-lo-campino\/noticias\/una-jornada-de-deporte-y-comunidad-asi-vivimos-nuestra-corrida-familiar\/#primaryimage"},"image":{"@id":"https:\/\/www.manquecura.cl\/valle-lo-campino\/noticias\/una-jornada-de-deporte-y-comunidad-asi-vivimos-nuestra-corrida-familiar\/#primaryimage"},"thumbnailUrl":"https:\/\/www.manquecura.cl\/valle-lo-campino\/wp-content\/uploads\/sites\/40\/2025\/06\/Corrida-Familiar-Manquecura-Valle-Lo-Campino-Quilicura.png","datePublished":"2025-05-16T16:58:42+00:00","dateModified":"2025-06-18T23:04:32+00:00","breadcrumb":{"@id":"https:\/\/www.manquecura.cl\/valle-lo-campino\/noticias\/una-jornada-de-deporte-y-comunidad-asi-vivimos-nuestra-corrida-familiar\/#breadcrumb"},"inLanguage":"es","potentialAction":[{"@type":"ReadAction","target":["https:\/\/www.manquecura.cl\/valle-lo-campino\/noticias\/una-jornada-de-deporte-y-comunidad-asi-vivimos-nuestra-corrida-familiar\/"]}]},{"@type":"ImageObject","inLanguage":"es","@id":"https:\/\/www.manquecura.cl\/valle-lo-campino\/noticias\/una-jornada-de-deporte-y-comunidad-asi-vivimos-nuestra-corrida-familiar\/#primaryimage","url":"https:\/\/www.manquecura.cl\/valle-lo-campino\/wp-content\/uploads\/sites\/40\/2025\/06\/Corrida-Familiar-Manquecura-Valle-Lo-Campino-Quilicura.png","contentUrl":"https:\/\/www.manquecura.cl\/valle-lo-campino\/wp-content\/uploads\/sites\/40\/2025\/06\/Corrida-Familiar-Manquecura-Valle-Lo-Campino-Quilicura.png","width":1116,"height":550},{"@type":"BreadcrumbList","@id":"https:\/\/www.manquecura.cl\/valle-lo-campino\/noticias\/una-jornada-de-deporte-y-comunidad-asi-vivimos-nuestra-corrida-familiar\/#breadcrumb","itemListElement":[{"@type":"ListItem","position":1,"name":"Home","item":"https:\/\/www.manquecura.cl\/valle-lo-campino\/"},{"@type":"ListItem","position":2,"name":"Una jornada de deporte y comunidad: \u00a1As\u00ed vivimos nuestra Corrida Familiar!"}]},{"@type":"WebSite","@id":"https:\/\/www.manquecura.cl\/valle-lo-campino\/#website","url":"https:\/\/www.manquecura.cl\/valle-lo-campino\/","name":"Colegio Manquecura Valle Lo Campino","description":"Parte de los Colegios Cognita","publisher":{"@id":"https:\/\/www.manquecura.cl\/valle-lo-campino\/#organization"},"potentialAction":[{"@type":"SearchAction","target":{"@type":"EntryPoint","urlTemplate":"https:\/\/www.manquecura.cl\/valle-lo-campino\/?s={search_term_string}"},"query-input":{"@type":"PropertyValueSpecification","valueRequired":true,"valueName":"search_term_string"}}],"inLanguage":"es"},{"@type":"Organization","@id":"https:\/\/www.manquecura.cl\/valle-lo-campino\/#organization","name":"Colegio Manquecura Valle Lo Campino","url":"https:\/\/www.manquecura.cl\/valle-lo-campino\/","logo":{"@type":"ImageObject","inLanguage":"es","@id":"https:\/\/www.manquecura.cl\/valle-lo-campino\/#\/schema\/logo\/image\/","url":"https:\/\/www.manquecura.cl\/valle-lo-campino\/wp-content\/uploads\/sites\/40\/2025\/02\/logo_Manquecura_Valle-Lo-Campino_horizontal_color.webp","contentUrl":"https:\/\/www.manquecura.cl\/valle-lo-campino\/wp-content\/uploads\/sites\/40\/2025\/02\/logo_Manquecura_Valle-Lo-Campino_horizontal_color.webp","width":400,"height":119,"caption":"Colegio Manquecura Valle Lo Campino"},"image":{"@id":"https:\/\/www.manquecura.cl\/valle-lo-campino\/#\/schema\/logo\/image\/"},"sameAs":["http:\/\/www.facebook.com\/ColegiosManquecura","http:\/\/www.instagram.com\/manquecura_vallelocampino\/","http:\/\/www.youtube.com\/c\/CognitaChile"]},{"@type":"Person","@id":"https:\/\/www.manquecura.cl\/valle-lo-campino\/#\/schema\/person\/5eb92a7b45165cdbdbb271bcdacc9d9e","name":"danielacastro","image":{"@type":"ImageObject","inLanguage":"es","@id":"https:\/\/www.manquecura.cl\/valle-lo-campino\/#\/schema\/person\/image\/","url":"https:\/\/secure.gravatar.com\/avatar\/16a603f2cc3ad485cabfe7c59b923050a809d8344cba940b4148737780592211?s=96&d=mm&r=g","contentUrl":"https:\/\/secure.gravatar.com\/avatar\/16a603f2cc3ad485cabfe7c59b923050a809d8344cba940b4148737780592211?s=96&d=mm&r=g","caption":"danielacastro"}}]}},"jetpack_featured_media_url":"https:\/\/www.manquecura.cl\/valle-lo-campino\/wp-content\/uploads\/sites\/40\/2025\/06\/Corrida-Familiar-Manquecura-Valle-Lo-Campino-Quilicura.png","previous_post_ID":127482,"previous_post_title":"Celebramos una nueva edici\u00f3n de la English Week","previous_post_excerpt":"Durante la \u00faltima semana, nuestro colegio se llen\u00f3 de entusiasmo, creatividad y aprendizaje con la realizaci\u00f3n de una nueva versi\u00f3n de la English Week, instancia que busca promover el uso del idioma ingl\u00e9s de forma l\u00fadica y significativa en toda nuestra comunidad escolar. Con diversas actividades, concursos tem\u00e1ticos y entretenidos panoramas para todos los niveles, [&hellip;]","previous_post_link":"https:\/\/www.manquecura.cl\/valle-lo-campino\/noticias\/celebramos-una-nueva-edicion-de-la-english-week\/","previous_post_class":["post-127482","post","type-post","status-publish","format-standard","has-post-thumbnail","hentry","category-vida-escolar"],"next_post_ID":127490,"next_post_title":"Feria de Convivencia Escolar 2025: Aprendizajes que nacen desde la comunidad","next_post_excerpt":"Con gran entusiasmo se llev\u00f3 a cabo la Feria de Convivencia Escolar 2025 en Manquecura Valle Lo Campino, una instancia que reuni\u00f3 a estudiantes de todos los niveles en torno a la reflexi\u00f3n y promoci\u00f3n de una sana vida escolar. Nuestros estudiantes fueron protagonistas al preparar creativos e informativos stands sobre tem\u00e1ticas clave para una [&hellip;]","next_post_link":"https:\/\/www.manquecura.cl\/valle-lo-campino\/noticias\/feria-de-convivencia-escolar-2025-aprendizajes-que-nacen-desde-la-comunidad\/","next_post_class":["post-127490","post","type-post","status-publish","format-standard","has-post-thumbnail","hentry","category-vida-escolar"],"jetpack_sharing_enabled":true,"_links":{"self":[{"href":"https:\/\/www.manquecura.cl\/valle-lo-campino\/wp-json\/wp\/v2\/posts\/127485","targetHints":{"allow":["GET"]}}],"collection":[{"href":"https:\/\/www.manquecura.cl\/valle-lo-campino\/wp-json\/wp\/v2\/posts"}],"about":[{"href":"https:\/\/www.manquecura.cl\/valle-lo-campino\/wp-json\/wp\/v2\/types\/post"}],"author":[{"embeddable":true,"href":"https:\/\/www.manquecura.cl\/valle-lo-campino\/wp-json\/wp\/v2\/users\/34"}],"replies":[{"embeddable":true,"href":"https:\/\/www.manquecura.cl\/valle-lo-campino\/wp-json\/wp\/v2\/comments?post=127485"}],"version-history":[{"count":1,"href":"https:\/\/www.manquecura.cl\/valle-lo-campino\/wp-json\/wp\/v2\/posts\/127485\/revisions"}],"predecessor-version":[{"id":127487,"href":"https:\/\/www.manquecura.cl\/valle-lo-campino\/wp-json\/wp\/v2\/posts\/127485\/revisions\/127487"}],"wp:featuredmedia":[{"embeddable":true,"href":"https:\/\/www.manquecura.cl\/valle-lo-campino\/wp-json\/wp\/v2\/media\/127486"}],"wp:attachment":[{"href":"https:\/\/www.manquecura.cl\/valle-lo-campino\/wp-json\/wp\/v2\/media?parent=127485"}],"wp:term":[{"taxonomy":"category","embeddable":true,"href":"https:\/\/www.manquecura.cl\/valle-lo-campino\/wp-json\/wp\/v2\/categories?post=127485"},{"taxonomy":"post_tag","embeddable":true,"href":"https:\/\/www.manquecura.cl\/valle-lo-campino\/wp-json\/wp\/v2\/tags?post=127485"}],"curies":[{"name":"wp","href":"https:\/\/api.w.org\/{rel}","templated":true}]}}