{"id":127482,"date":"2025-05-13T17:52:18","date_gmt":"2025-05-13T21:52:18","guid":{"rendered":"https:\/\/www.manquecura.cl\/valle-lo-campino\/?p=127482"},"modified":"2025-06-18T18:56:49","modified_gmt":"2025-06-18T22:56:49","slug":"celebramos-una-nueva-edicion-de-la-english-week","status":"publish","type":"post","link":"https:\/\/www.manquecura.cl\/valle-lo-campino\/noticias\/celebramos-una-nueva-edicion-de-la-english-week\/","title":{"rendered":"Celebramos una nueva edici\u00f3n de la English Week"},"content":{"rendered":"<p data-start=\"130\" data-end=\"406\">Durante la \u00faltima semana, nuestro colegio se llen\u00f3 de entusiasmo, creatividad y aprendizaje con la realizaci\u00f3n de una nueva versi\u00f3n de la <strong data-start=\"268\" data-end=\"284\">English Week<\/strong>, instancia que busca promover el uso del idioma ingl\u00e9s de forma l\u00fadica y significativa en toda nuestra comunidad escolar.<\/p>\n<p data-start=\"408\" data-end=\"612\">Con diversas actividades, concursos tem\u00e1ticos y entretenidos panoramas para todos los niveles, estudiantes y docentes participaron con gran compromiso en cada jornada, demostrando su entusiasmo y talento.<\/p>\n<p data-start=\"614\" data-end=\"806\">Agradecemos a nuestros profesores por su dedicaci\u00f3n y a nuestros estudiantes por sumarse con alegr\u00eda a esta celebraci\u00f3n del ingl\u00e9s, que ya se ha convertido en una tradici\u00f3n esperada por todos.<\/p>\n"},"excerpt":{"rendered":"<p>Durante la \u00faltima semana, nuestro colegio se llen\u00f3 de entusiasmo, creatividad y aprendizaje con la realizaci\u00f3n de una nueva versi\u00f3n de la English Week, instancia que busca promover el uso del idioma ingl\u00e9s de forma l\u00fadica y significativa en toda nuestra comunidad escolar. Con diversas actividades, concursos tem\u00e1ticos y entretenidos panoramas para todos los niveles, [&hellip;]<\/p>\n","protected":false},"author":34,"featured_media":127483,"comment_status":"open","ping_status":"open","sticky":false,"template":"","format":"standard","meta":{"_acf_changed":false,"content-type":"","_jetpack_memberships_contains_paid_content":false,"footnotes":""},"categories":[1],"tags":[],"class_list":["post-127482","post","type-post","status-publish","format-standard","has-post-thumbnail","hentry","category-vida-escolar"],"acf":[],"yoast_head":"<!-- This site is optimized with the Yoast SEO plugin v27.1.1 - https:\/\/yoast.com\/product\/yoast-seo-wordpress\/ -->\n<title>Celebramos una nueva edici\u00f3n de la English Week - Colegio Manquecura Valle Lo Campino<\/title>\n<meta name=\"robots\" content=\"index, follow, max-snippet:-1, max-image-preview:large, max-video-preview:-1\" \/>\n<link rel=\"canonical\" href=\"https:\/\/www.manquecura.cl\/valle-lo-campino\/noticias\/celebramos-una-nueva-edicion-de-la-english-week\/\" \/>\n<meta property=\"og:locale\" content=\"es_ES\" \/>\n<meta property=\"og:type\" content=\"article\" \/>\n<meta property=\"og:title\" content=\"Celebramos una nueva edici\u00f3n de la English Week - Colegio Manquecura Valle Lo Campino\" \/>\n<meta property=\"og:description\" content=\"Durante la \u00faltima semana, nuestro colegio se llen\u00f3 de entusiasmo, creatividad y aprendizaje con la realizaci\u00f3n de una nueva versi\u00f3n de la English Week, instancia que busca promover el uso del idioma ingl\u00e9s de forma l\u00fadica y significativa en toda nuestra comunidad escolar. Con diversas actividades, concursos tem\u00e1ticos y entretenidos panoramas para todos los niveles, [&hellip;]\" \/>\n<meta property=\"og:url\" content=\"https:\/\/www.manquecura.cl\/valle-lo-campino\/noticias\/celebramos-una-nueva-edicion-de-la-english-week\/\" \/>\n<meta property=\"og:site_name\" content=\"Colegio Manquecura Valle Lo Campino\" \/>\n<meta property=\"article:publisher\" content=\"http:\/\/www.facebook.com\/ColegiosManquecura\" \/>\n<meta property=\"article:published_time\" content=\"2025-05-13T21:52:18+00:00\" \/>\n<meta property=\"article:modified_time\" content=\"2025-06-18T22:56:49+00:00\" \/>\n<meta property=\"og:image\" content=\"https:\/\/www.manquecura.cl\/valle-lo-campino\/wp-content\/uploads\/sites\/40\/2025\/06\/English-Week-Manquecura-Valle-Lo-Campino-Quilicura.png\" \/>\n\t<meta property=\"og:image:width\" content=\"1116\" \/>\n\t<meta property=\"og:image:height\" content=\"550\" \/>\n\t<meta property=\"og:image:type\" content=\"image\/png\" \/>\n<meta name=\"author\" content=\"danielacastro\" \/>\n<meta name=\"twitter:card\" content=\"summary_large_image\" \/>\n<meta name=\"twitter:label1\" content=\"Escrito por\" \/>\n\t<meta name=\"twitter:data1\" content=\"danielacastro\" \/>\n\t<meta name=\"twitter:label2\" content=\"Tiempo de lectura\" \/>\n\t<meta name=\"twitter:data2\" content=\"1 minuto\" \/>\n<script type=\"application\/ld+json\" class=\"yoast-schema-graph\">{\"@context\":\"https:\/\/schema.org\",\"@graph\":[{\"@type\":\"Article\",\"@id\":\"https:\/\/www.manquecura.cl\/valle-lo-campino\/noticias\/celebramos-una-nueva-edicion-de-la-english-week\/#article\",\"isPartOf\":{\"@id\":\"https:\/\/www.manquecura.cl\/valle-lo-campino\/noticias\/celebramos-una-nueva-edicion-de-la-english-week\/\"},\"author\":{\"name\":\"danielacastro\",\"@id\":\"https:\/\/www.manquecura.cl\/valle-lo-campino\/#\/schema\/person\/5eb92a7b45165cdbdbb271bcdacc9d9e\"},\"headline\":\"Celebramos una nueva edici\u00f3n de la English Week\",\"datePublished\":\"2025-05-13T21:52:18+00:00\",\"dateModified\":\"2025-06-18T22:56:49+00:00\",\"mainEntityOfPage\":{\"@id\":\"https:\/\/www.manquecura.cl\/valle-lo-campino\/noticias\/celebramos-una-nueva-edicion-de-la-english-week\/\"},\"wordCount\":120,\"commentCount\":0,\"publisher\":{\"@id\":\"https:\/\/www.manquecura.cl\/valle-lo-campino\/#organization\"},\"image\":{\"@id\":\"https:\/\/www.manquecura.cl\/valle-lo-campino\/noticias\/celebramos-una-nueva-edicion-de-la-english-week\/#primaryimage\"},\"thumbnailUrl\":\"https:\/\/www.manquecura.cl\/valle-lo-campino\/wp-content\/uploads\/sites\/40\/2025\/06\/English-Week-Manquecura-Valle-Lo-Campino-Quilicura.png\",\"articleSection\":[\"Vida Escolar\"],\"inLanguage\":\"es\",\"potentialAction\":[{\"@type\":\"CommentAction\",\"name\":\"Comment\",\"target\":[\"https:\/\/www.manquecura.cl\/valle-lo-campino\/noticias\/celebramos-una-nueva-edicion-de-la-english-week\/#respond\"]}]},{\"@type\":\"WebPage\",\"@id\":\"https:\/\/www.manquecura.cl\/valle-lo-campino\/noticias\/celebramos-una-nueva-edicion-de-la-english-week\/\",\"url\":\"https:\/\/www.manquecura.cl\/valle-lo-campino\/noticias\/celebramos-una-nueva-edicion-de-la-english-week\/\",\"name\":\"Celebramos una nueva edici\u00f3n de la English Week - Colegio Manquecura Valle Lo Campino\",\"isPartOf\":{\"@id\":\"https:\/\/www.manquecura.cl\/valle-lo-campino\/#website\"},\"primaryImageOfPage\":{\"@id\":\"https:\/\/www.manquecura.cl\/valle-lo-campino\/noticias\/celebramos-una-nueva-edicion-de-la-english-week\/#primaryimage\"},\"image\":{\"@id\":\"https:\/\/www.manquecura.cl\/valle-lo-campino\/noticias\/celebramos-una-nueva-edicion-de-la-english-week\/#primaryimage\"},\"thumbnailUrl\":\"https:\/\/www.manquecura.cl\/valle-lo-campino\/wp-content\/uploads\/sites\/40\/2025\/06\/English-Week-Manquecura-Valle-Lo-Campino-Quilicura.png\",\"datePublished\":\"2025-05-13T21:52:18+00:00\",\"dateModified\":\"2025-06-18T22:56:49+00:00\",\"breadcrumb\":{\"@id\":\"https:\/\/www.manquecura.cl\/valle-lo-campino\/noticias\/celebramos-una-nueva-edicion-de-la-english-week\/#breadcrumb\"},\"inLanguage\":\"es\",\"potentialAction\":[{\"@type\":\"ReadAction\",\"target\":[\"https:\/\/www.manquecura.cl\/valle-lo-campino\/noticias\/celebramos-una-nueva-edicion-de-la-english-week\/\"]}]},{\"@type\":\"ImageObject\",\"inLanguage\":\"es\",\"@id\":\"https:\/\/www.manquecura.cl\/valle-lo-campino\/noticias\/celebramos-una-nueva-edicion-de-la-english-week\/#primaryimage\",\"url\":\"https:\/\/www.manquecura.cl\/valle-lo-campino\/wp-content\/uploads\/sites\/40\/2025\/06\/English-Week-Manquecura-Valle-Lo-Campino-Quilicura.png\",\"contentUrl\":\"https:\/\/www.manquecura.cl\/valle-lo-campino\/wp-content\/uploads\/sites\/40\/2025\/06\/English-Week-Manquecura-Valle-Lo-Campino-Quilicura.png\",\"width\":1116,\"height\":550},{\"@type\":\"BreadcrumbList\",\"@id\":\"https:\/\/www.manquecura.cl\/valle-lo-campino\/noticias\/celebramos-una-nueva-edicion-de-la-english-week\/#breadcrumb\",\"itemListElement\":[{\"@type\":\"ListItem\",\"position\":1,\"name\":\"Home\",\"item\":\"https:\/\/www.manquecura.cl\/valle-lo-campino\/\"},{\"@type\":\"ListItem\",\"position\":2,\"name\":\"Celebramos una nueva edici\u00f3n de la English Week\"}]},{\"@type\":\"WebSite\",\"@id\":\"https:\/\/www.manquecura.cl\/valle-lo-campino\/#website\",\"url\":\"https:\/\/www.manquecura.cl\/valle-lo-campino\/\",\"name\":\"Colegio Manquecura Valle Lo Campino\",\"description\":\"Parte de los Colegios Cognita\",\"publisher\":{\"@id\":\"https:\/\/www.manquecura.cl\/valle-lo-campino\/#organization\"},\"potentialAction\":[{\"@type\":\"SearchAction\",\"target\":{\"@type\":\"EntryPoint\",\"urlTemplate\":\"https:\/\/www.manquecura.cl\/valle-lo-campino\/?s={search_term_string}\"},\"query-input\":{\"@type\":\"PropertyValueSpecification\",\"valueRequired\":true,\"valueName\":\"search_term_string\"}}],\"inLanguage\":\"es\"},{\"@type\":\"Organization\",\"@id\":\"https:\/\/www.manquecura.cl\/valle-lo-campino\/#organization\",\"name\":\"Colegio Manquecura Valle Lo Campino\",\"url\":\"https:\/\/www.manquecura.cl\/valle-lo-campino\/\",\"logo\":{\"@type\":\"ImageObject\",\"inLanguage\":\"es\",\"@id\":\"https:\/\/www.manquecura.cl\/valle-lo-campino\/#\/schema\/logo\/image\/\",\"url\":\"https:\/\/www.manquecura.cl\/valle-lo-campino\/wp-content\/uploads\/sites\/40\/2025\/02\/logo_Manquecura_Valle-Lo-Campino_horizontal_color.webp\",\"contentUrl\":\"https:\/\/www.manquecura.cl\/valle-lo-campino\/wp-content\/uploads\/sites\/40\/2025\/02\/logo_Manquecura_Valle-Lo-Campino_horizontal_color.webp\",\"width\":400,\"height\":119,\"caption\":\"Colegio Manquecura Valle Lo Campino\"},\"image\":{\"@id\":\"https:\/\/www.manquecura.cl\/valle-lo-campino\/#\/schema\/logo\/image\/\"},\"sameAs\":[\"http:\/\/www.facebook.com\/ColegiosManquecura\",\"http:\/\/www.instagram.com\/manquecura_vallelocampino\/\",\"http:\/\/www.youtube.com\/c\/CognitaChile\"]},{\"@type\":\"Person\",\"@id\":\"https:\/\/www.manquecura.cl\/valle-lo-campino\/#\/schema\/person\/5eb92a7b45165cdbdbb271bcdacc9d9e\",\"name\":\"danielacastro\",\"image\":{\"@type\":\"ImageObject\",\"inLanguage\":\"es\",\"@id\":\"https:\/\/www.manquecura.cl\/valle-lo-campino\/#\/schema\/person\/image\/\",\"url\":\"https:\/\/secure.gravatar.com\/avatar\/16a603f2cc3ad485cabfe7c59b923050a809d8344cba940b4148737780592211?s=96&d=mm&r=g\",\"contentUrl\":\"https:\/\/secure.gravatar.com\/avatar\/16a603f2cc3ad485cabfe7c59b923050a809d8344cba940b4148737780592211?s=96&d=mm&r=g\",\"caption\":\"danielacastro\"}}]}<\/script>\n<!-- \/ Yoast SEO plugin. -->","yoast_head_json":{"title":"Celebramos una nueva edici\u00f3n de la English Week - Colegio Manquecura Valle Lo Campino","robots":{"index":"index","follow":"follow","max-snippet":"max-snippet:-1","max-image-preview":"max-image-preview:large","max-video-preview":"max-video-preview:-1"},"canonical":"https:\/\/www.manquecura.cl\/valle-lo-campino\/noticias\/celebramos-una-nueva-edicion-de-la-english-week\/","og_locale":"es_ES","og_type":"article","og_title":"Celebramos una nueva edici\u00f3n de la English Week - Colegio Manquecura Valle Lo Campino","og_description":"Durante la \u00faltima semana, nuestro colegio se llen\u00f3 de entusiasmo, creatividad y aprendizaje con la realizaci\u00f3n de una nueva versi\u00f3n de la English Week, instancia que busca promover el uso del idioma ingl\u00e9s de forma l\u00fadica y significativa en toda nuestra comunidad escolar. Con diversas actividades, concursos tem\u00e1ticos y entretenidos panoramas para todos los niveles, [&hellip;]","og_url":"https:\/\/www.manquecura.cl\/valle-lo-campino\/noticias\/celebramos-una-nueva-edicion-de-la-english-week\/","og_site_name":"Colegio Manquecura Valle Lo Campino","article_publisher":"http:\/\/www.facebook.com\/ColegiosManquecura","article_published_time":"2025-05-13T21:52:18+00:00","article_modified_time":"2025-06-18T22:56:49+00:00","og_image":[{"width":1116,"height":550,"url":"https:\/\/www.manquecura.cl\/valle-lo-campino\/wp-content\/uploads\/sites\/40\/2025\/06\/English-Week-Manquecura-Valle-Lo-Campino-Quilicura.png","type":"image\/png"}],"author":"danielacastro","twitter_card":"summary_large_image","twitter_misc":{"Escrito por":"danielacastro","Tiempo de lectura":"1 minuto"},"schema":{"@context":"https:\/\/schema.org","@graph":[{"@type":"Article","@id":"https:\/\/www.manquecura.cl\/valle-lo-campino\/noticias\/celebramos-una-nueva-edicion-de-la-english-week\/#article","isPartOf":{"@id":"https:\/\/www.manquecura.cl\/valle-lo-campino\/noticias\/celebramos-una-nueva-edicion-de-la-english-week\/"},"author":{"name":"danielacastro","@id":"https:\/\/www.manquecura.cl\/valle-lo-campino\/#\/schema\/person\/5eb92a7b45165cdbdbb271bcdacc9d9e"},"headline":"Celebramos una nueva edici\u00f3n de la English Week","datePublished":"2025-05-13T21:52:18+00:00","dateModified":"2025-06-18T22:56:49+00:00","mainEntityOfPage":{"@id":"https:\/\/www.manquecura.cl\/valle-lo-campino\/noticias\/celebramos-una-nueva-edicion-de-la-english-week\/"},"wordCount":120,"commentCount":0,"publisher":{"@id":"https:\/\/www.manquecura.cl\/valle-lo-campino\/#organization"},"image":{"@id":"https:\/\/www.manquecura.cl\/valle-lo-campino\/noticias\/celebramos-una-nueva-edicion-de-la-english-week\/#primaryimage"},"thumbnailUrl":"https:\/\/www.manquecura.cl\/valle-lo-campino\/wp-content\/uploads\/sites\/40\/2025\/06\/English-Week-Manquecura-Valle-Lo-Campino-Quilicura.png","articleSection":["Vida Escolar"],"inLanguage":"es","potentialAction":[{"@type":"CommentAction","name":"Comment","target":["https:\/\/www.manquecura.cl\/valle-lo-campino\/noticias\/celebramos-una-nueva-edicion-de-la-english-week\/#respond"]}]},{"@type":"WebPage","@id":"https:\/\/www.manquecura.cl\/valle-lo-campino\/noticias\/celebramos-una-nueva-edicion-de-la-english-week\/","url":"https:\/\/www.manquecura.cl\/valle-lo-campino\/noticias\/celebramos-una-nueva-edicion-de-la-english-week\/","name":"Celebramos una nueva edici\u00f3n de la English Week - Colegio Manquecura Valle Lo Campino","isPartOf":{"@id":"https:\/\/www.manquecura.cl\/valle-lo-campino\/#website"},"primaryImageOfPage":{"@id":"https:\/\/www.manquecura.cl\/valle-lo-campino\/noticias\/celebramos-una-nueva-edicion-de-la-english-week\/#primaryimage"},"image":{"@id":"https:\/\/www.manquecura.cl\/valle-lo-campino\/noticias\/celebramos-una-nueva-edicion-de-la-english-week\/#primaryimage"},"thumbnailUrl":"https:\/\/www.manquecura.cl\/valle-lo-campino\/wp-content\/uploads\/sites\/40\/2025\/06\/English-Week-Manquecura-Valle-Lo-Campino-Quilicura.png","datePublished":"2025-05-13T21:52:18+00:00","dateModified":"2025-06-18T22:56:49+00:00","breadcrumb":{"@id":"https:\/\/www.manquecura.cl\/valle-lo-campino\/noticias\/celebramos-una-nueva-edicion-de-la-english-week\/#breadcrumb"},"inLanguage":"es","potentialAction":[{"@type":"ReadAction","target":["https:\/\/www.manquecura.cl\/valle-lo-campino\/noticias\/celebramos-una-nueva-edicion-de-la-english-week\/"]}]},{"@type":"ImageObject","inLanguage":"es","@id":"https:\/\/www.manquecura.cl\/valle-lo-campino\/noticias\/celebramos-una-nueva-edicion-de-la-english-week\/#primaryimage","url":"https:\/\/www.manquecura.cl\/valle-lo-campino\/wp-content\/uploads\/sites\/40\/2025\/06\/English-Week-Manquecura-Valle-Lo-Campino-Quilicura.png","contentUrl":"https:\/\/www.manquecura.cl\/valle-lo-campino\/wp-content\/uploads\/sites\/40\/2025\/06\/English-Week-Manquecura-Valle-Lo-Campino-Quilicura.png","width":1116,"height":550},{"@type":"BreadcrumbList","@id":"https:\/\/www.manquecura.cl\/valle-lo-campino\/noticias\/celebramos-una-nueva-edicion-de-la-english-week\/#breadcrumb","itemListElement":[{"@type":"ListItem","position":1,"name":"Home","item":"https:\/\/www.manquecura.cl\/valle-lo-campino\/"},{"@type":"ListItem","position":2,"name":"Celebramos una nueva edici\u00f3n de la English Week"}]},{"@type":"WebSite","@id":"https:\/\/www.manquecura.cl\/valle-lo-campino\/#website","url":"https:\/\/www.manquecura.cl\/valle-lo-campino\/","name":"Colegio Manquecura Valle Lo Campino","description":"Parte de los Colegios Cognita","publisher":{"@id":"https:\/\/www.manquecura.cl\/valle-lo-campino\/#organization"},"potentialAction":[{"@type":"SearchAction","target":{"@type":"EntryPoint","urlTemplate":"https:\/\/www.manquecura.cl\/valle-lo-campino\/?s={search_term_string}"},"query-input":{"@type":"PropertyValueSpecification","valueRequired":true,"valueName":"search_term_string"}}],"inLanguage":"es"},{"@type":"Organization","@id":"https:\/\/www.manquecura.cl\/valle-lo-campino\/#organization","name":"Colegio Manquecura Valle Lo Campino","url":"https:\/\/www.manquecura.cl\/valle-lo-campino\/","logo":{"@type":"ImageObject","inLanguage":"es","@id":"https:\/\/www.manquecura.cl\/valle-lo-campino\/#\/schema\/logo\/image\/","url":"https:\/\/www.manquecura.cl\/valle-lo-campino\/wp-content\/uploads\/sites\/40\/2025\/02\/logo_Manquecura_Valle-Lo-Campino_horizontal_color.webp","contentUrl":"https:\/\/www.manquecura.cl\/valle-lo-campino\/wp-content\/uploads\/sites\/40\/2025\/02\/logo_Manquecura_Valle-Lo-Campino_horizontal_color.webp","width":400,"height":119,"caption":"Colegio Manquecura Valle Lo Campino"},"image":{"@id":"https:\/\/www.manquecura.cl\/valle-lo-campino\/#\/schema\/logo\/image\/"},"sameAs":["http:\/\/www.facebook.com\/ColegiosManquecura","http:\/\/www.instagram.com\/manquecura_vallelocampino\/","http:\/\/www.youtube.com\/c\/CognitaChile"]},{"@type":"Person","@id":"https:\/\/www.manquecura.cl\/valle-lo-campino\/#\/schema\/person\/5eb92a7b45165cdbdbb271bcdacc9d9e","name":"danielacastro","image":{"@type":"ImageObject","inLanguage":"es","@id":"https:\/\/www.manquecura.cl\/valle-lo-campino\/#\/schema\/person\/image\/","url":"https:\/\/secure.gravatar.com\/avatar\/16a603f2cc3ad485cabfe7c59b923050a809d8344cba940b4148737780592211?s=96&d=mm&r=g","contentUrl":"https:\/\/secure.gravatar.com\/avatar\/16a603f2cc3ad485cabfe7c59b923050a809d8344cba940b4148737780592211?s=96&d=mm&r=g","caption":"danielacastro"}}]}},"jetpack_featured_media_url":"https:\/\/www.manquecura.cl\/valle-lo-campino\/wp-content\/uploads\/sites\/40\/2025\/06\/English-Week-Manquecura-Valle-Lo-Campino-Quilicura.png","previous_post_ID":127411,"previous_post_title":"Estudiantes recibieron sus Certificaciones Cambridge en emotiva ceremonia","previous_post_excerpt":"El pasado 29 de marzo, nuestro colegio se visti\u00f3 de gala para celebrar un importante hito en el desarrollo acad\u00e9mico de nuestros estudiantes. En una emotiva ceremonia, m\u00e1s de 65 alumnos fueron reconocidos ante la comunidad por sus destacados resultados en las prestigiosas pruebas de certificaci\u00f3n de Cambridge 2024, espec\u00edficamente en los niveles Starters, Movers, [&hellip;]","previous_post_link":"https:\/\/www.manquecura.cl\/valle-lo-campino\/noticias\/estudiantes-recibieron-sus-certificaciones-cambridge-en-emotiva-ceremonia\/","previous_post_class":["post-127411","post","type-post","status-publish","format-standard","has-post-thumbnail","hentry","category-vida-escolar"],"next_post_ID":127485,"next_post_title":"Una jornada de deporte y comunidad: \u00a1As\u00ed vivimos nuestra Corrida Familiar!","next_post_excerpt":"Con gran entusiasmo y esp\u00edritu deportivo, celebramos una nueva edici\u00f3n de nuestra Corrida Familiar, una actividad que refleja el compromiso de nuestro colegio con la promoci\u00f3n de una vida activa y saludable. Este a\u00f1o volvimos a reunir a nuestras familias en un evento lleno de energ\u00eda, donde el deporte se convirti\u00f3 en una oportunidad para [&hellip;]","next_post_link":"https:\/\/www.manquecura.cl\/valle-lo-campino\/noticias\/una-jornada-de-deporte-y-comunidad-asi-vivimos-nuestra-corrida-familiar\/","next_post_class":["post-127485","post","type-post","status-publish","format-standard","has-post-thumbnail","hentry","category-vida-escolar"],"jetpack_sharing_enabled":true,"_links":{"self":[{"href":"https:\/\/www.manquecura.cl\/valle-lo-campino\/wp-json\/wp\/v2\/posts\/127482","targetHints":{"allow":["GET"]}}],"collection":[{"href":"https:\/\/www.manquecura.cl\/valle-lo-campino\/wp-json\/wp\/v2\/posts"}],"about":[{"href":"https:\/\/www.manquecura.cl\/valle-lo-campino\/wp-json\/wp\/v2\/types\/post"}],"author":[{"embeddable":true,"href":"https:\/\/www.manquecura.cl\/valle-lo-campino\/wp-json\/wp\/v2\/users\/34"}],"replies":[{"embeddable":true,"href":"https:\/\/www.manquecura.cl\/valle-lo-campino\/wp-json\/wp\/v2\/comments?post=127482"}],"version-history":[{"count":1,"href":"https:\/\/www.manquecura.cl\/valle-lo-campino\/wp-json\/wp\/v2\/posts\/127482\/revisions"}],"predecessor-version":[{"id":127484,"href":"https:\/\/www.manquecura.cl\/valle-lo-campino\/wp-json\/wp\/v2\/posts\/127482\/revisions\/127484"}],"wp:featuredmedia":[{"embeddable":true,"href":"https:\/\/www.manquecura.cl\/valle-lo-campino\/wp-json\/wp\/v2\/media\/127483"}],"wp:attachment":[{"href":"https:\/\/www.manquecura.cl\/valle-lo-campino\/wp-json\/wp\/v2\/media?parent=127482"}],"wp:term":[{"taxonomy":"category","embeddable":true,"href":"https:\/\/www.manquecura.cl\/valle-lo-campino\/wp-json\/wp\/v2\/categories?post=127482"},{"taxonomy":"post_tag","embeddable":true,"href":"https:\/\/www.manquecura.cl\/valle-lo-campino\/wp-json\/wp\/v2\/tags?post=127482"}],"curies":[{"name":"wp","href":"https:\/\/api.w.org\/{rel}","templated":true}]}}