{"id":127411,"date":"2025-04-01T09:25:25","date_gmt":"2025-04-01T12:25:25","guid":{"rendered":"https:\/\/www.manquecura.cl\/valle-lo-campino\/?p=127411"},"modified":"2025-04-01T09:25:25","modified_gmt":"2025-04-01T12:25:25","slug":"estudiantes-recibieron-sus-certificaciones-cambridge-en-emotiva-ceremonia","status":"publish","type":"post","link":"https:\/\/www.manquecura.cl\/valle-lo-campino\/noticias\/estudiantes-recibieron-sus-certificaciones-cambridge-en-emotiva-ceremonia\/","title":{"rendered":"Estudiantes recibieron sus Certificaciones Cambridge en emotiva ceremonia"},"content":{"rendered":"<p>El pasado 29 de marzo, nuestro colegio se visti\u00f3 de gala para celebrar un importante hito en el desarrollo acad\u00e9mico de nuestros estudiantes. En una emotiva ceremonia, m\u00e1s de 65 alumnos fueron reconocidos ante la comunidad por sus destacados resultados en las prestigiosas pruebas de certificaci\u00f3n de Cambridge 2024, espec\u00edficamente en los niveles Starters, Movers, KET, PET y FCE.<\/p>\n<p>El gimnasio del colegio se llen\u00f3 de alegr\u00eda y orgullo, donde familiares, amigos y autoridades escolares se reunieron para aplaudir el esfuerzo y dedicaci\u00f3n de estos j\u00f3venes talentos. El Rector Hans Hansen, junto al equipo del departamento de ingl\u00e9s, liderado por la Miss Mar\u00eda Isabel Marchant, encabezaron la ceremonia, destacando el arduo trabajo y la preparaci\u00f3n que los estudiantes realizaron durante todo un a\u00f1o para alcanzar este logro.<\/p>\n<p>Estamos inmensamente orgullosos de nuestros estudiantes y de su compromiso con el aprendizaje del ingl\u00e9s. Estos resultados son fruto de su dedicaci\u00f3n y del excelente trabajo de nuestro equipo docente.<\/p>\n<p>Desde el colegio, extendemos nuestras m\u00e1s sinceras felicitaciones a todos los estudiantes por este gran paso en su formaci\u00f3n acad\u00e9mica. \u00a1Su \u00e9xito es motivo de celebraci\u00f3n para toda la comunidad escolar!<\/p>\n"},"excerpt":{"rendered":"<p>El pasado 29 de marzo, nuestro colegio se visti\u00f3 de gala para celebrar un importante hito en el desarrollo acad\u00e9mico de nuestros estudiantes. En una emotiva ceremonia, m\u00e1s de 65 alumnos fueron reconocidos ante la comunidad por sus destacados resultados en las prestigiosas pruebas de certificaci\u00f3n de Cambridge 2024, espec\u00edficamente en los niveles Starters, Movers, [&hellip;]<\/p>\n","protected":false},"author":34,"featured_media":127412,"comment_status":"open","ping_status":"open","sticky":false,"template":"","format":"standard","meta":{"_acf_changed":false,"content-type":"","_jetpack_memberships_contains_paid_content":false,"footnotes":""},"categories":[1],"tags":[],"class_list":["post-127411","post","type-post","status-publish","format-standard","has-post-thumbnail","hentry","category-vida-escolar"],"acf":[],"yoast_head":"<!-- This site is optimized with the Yoast SEO plugin v27.1.1 - https:\/\/yoast.com\/product\/yoast-seo-wordpress\/ -->\n<title>Estudiantes recibieron sus Certificaciones Cambridge en emotiva ceremonia - Colegio Manquecura Valle Lo Campino<\/title>\n<meta name=\"robots\" content=\"index, follow, max-snippet:-1, max-image-preview:large, max-video-preview:-1\" \/>\n<link rel=\"canonical\" href=\"https:\/\/www.manquecura.cl\/valle-lo-campino\/noticias\/estudiantes-recibieron-sus-certificaciones-cambridge-en-emotiva-ceremonia\/\" \/>\n<meta property=\"og:locale\" content=\"es_ES\" \/>\n<meta property=\"og:type\" content=\"article\" \/>\n<meta property=\"og:title\" content=\"Estudiantes recibieron sus Certificaciones Cambridge en emotiva ceremonia - Colegio Manquecura Valle Lo Campino\" \/>\n<meta property=\"og:description\" content=\"El pasado 29 de marzo, nuestro colegio se visti\u00f3 de gala para celebrar un importante hito en el desarrollo acad\u00e9mico de nuestros estudiantes. En una emotiva ceremonia, m\u00e1s de 65 alumnos fueron reconocidos ante la comunidad por sus destacados resultados en las prestigiosas pruebas de certificaci\u00f3n de Cambridge 2024, espec\u00edficamente en los niveles Starters, Movers, [&hellip;]\" \/>\n<meta property=\"og:url\" content=\"https:\/\/www.manquecura.cl\/valle-lo-campino\/noticias\/estudiantes-recibieron-sus-certificaciones-cambridge-en-emotiva-ceremonia\/\" \/>\n<meta property=\"og:site_name\" content=\"Colegio Manquecura Valle Lo Campino\" \/>\n<meta property=\"article:publisher\" content=\"http:\/\/www.facebook.com\/ColegiosManquecura\" \/>\n<meta property=\"article:published_time\" content=\"2025-04-01T12:25:25+00:00\" \/>\n<meta property=\"og:image\" content=\"https:\/\/www.manquecura.cl\/valle-lo-campino\/wp-content\/uploads\/sites\/40\/2025\/04\/Certificaciones-Cambridge-2024-Manquecura-VLC.png\" \/>\n\t<meta property=\"og:image:width\" content=\"1116\" \/>\n\t<meta property=\"og:image:height\" content=\"550\" \/>\n\t<meta property=\"og:image:type\" content=\"image\/png\" \/>\n<meta name=\"author\" content=\"danielacastro\" \/>\n<meta name=\"twitter:card\" content=\"summary_large_image\" \/>\n<meta name=\"twitter:label1\" content=\"Escrito por\" \/>\n\t<meta name=\"twitter:data1\" content=\"danielacastro\" \/>\n\t<meta name=\"twitter:label2\" content=\"Tiempo de lectura\" \/>\n\t<meta name=\"twitter:data2\" content=\"2 minutos\" \/>\n<script type=\"application\/ld+json\" class=\"yoast-schema-graph\">{\"@context\":\"https:\/\/schema.org\",\"@graph\":[{\"@type\":\"Article\",\"@id\":\"https:\/\/www.manquecura.cl\/valle-lo-campino\/noticias\/estudiantes-recibieron-sus-certificaciones-cambridge-en-emotiva-ceremonia\/#article\",\"isPartOf\":{\"@id\":\"https:\/\/www.manquecura.cl\/valle-lo-campino\/noticias\/estudiantes-recibieron-sus-certificaciones-cambridge-en-emotiva-ceremonia\/\"},\"author\":{\"name\":\"danielacastro\",\"@id\":\"https:\/\/www.manquecura.cl\/valle-lo-campino\/#\/schema\/person\/5eb92a7b45165cdbdbb271bcdacc9d9e\"},\"headline\":\"Estudiantes recibieron sus Certificaciones Cambridge en emotiva ceremonia\",\"datePublished\":\"2025-04-01T12:25:25+00:00\",\"mainEntityOfPage\":{\"@id\":\"https:\/\/www.manquecura.cl\/valle-lo-campino\/noticias\/estudiantes-recibieron-sus-certificaciones-cambridge-en-emotiva-ceremonia\/\"},\"wordCount\":210,\"commentCount\":0,\"publisher\":{\"@id\":\"https:\/\/www.manquecura.cl\/valle-lo-campino\/#organization\"},\"image\":{\"@id\":\"https:\/\/www.manquecura.cl\/valle-lo-campino\/noticias\/estudiantes-recibieron-sus-certificaciones-cambridge-en-emotiva-ceremonia\/#primaryimage\"},\"thumbnailUrl\":\"https:\/\/www.manquecura.cl\/valle-lo-campino\/wp-content\/uploads\/sites\/40\/2025\/04\/Certificaciones-Cambridge-2024-Manquecura-VLC.png\",\"articleSection\":[\"Vida Escolar\"],\"inLanguage\":\"es\",\"potentialAction\":[{\"@type\":\"CommentAction\",\"name\":\"Comment\",\"target\":[\"https:\/\/www.manquecura.cl\/valle-lo-campino\/noticias\/estudiantes-recibieron-sus-certificaciones-cambridge-en-emotiva-ceremonia\/#respond\"]}]},{\"@type\":\"WebPage\",\"@id\":\"https:\/\/www.manquecura.cl\/valle-lo-campino\/noticias\/estudiantes-recibieron-sus-certificaciones-cambridge-en-emotiva-ceremonia\/\",\"url\":\"https:\/\/www.manquecura.cl\/valle-lo-campino\/noticias\/estudiantes-recibieron-sus-certificaciones-cambridge-en-emotiva-ceremonia\/\",\"name\":\"Estudiantes recibieron sus Certificaciones Cambridge en emotiva ceremonia - Colegio Manquecura Valle Lo Campino\",\"isPartOf\":{\"@id\":\"https:\/\/www.manquecura.cl\/valle-lo-campino\/#website\"},\"primaryImageOfPage\":{\"@id\":\"https:\/\/www.manquecura.cl\/valle-lo-campino\/noticias\/estudiantes-recibieron-sus-certificaciones-cambridge-en-emotiva-ceremonia\/#primaryimage\"},\"image\":{\"@id\":\"https:\/\/www.manquecura.cl\/valle-lo-campino\/noticias\/estudiantes-recibieron-sus-certificaciones-cambridge-en-emotiva-ceremonia\/#primaryimage\"},\"thumbnailUrl\":\"https:\/\/www.manquecura.cl\/valle-lo-campino\/wp-content\/uploads\/sites\/40\/2025\/04\/Certificaciones-Cambridge-2024-Manquecura-VLC.png\",\"datePublished\":\"2025-04-01T12:25:25+00:00\",\"breadcrumb\":{\"@id\":\"https:\/\/www.manquecura.cl\/valle-lo-campino\/noticias\/estudiantes-recibieron-sus-certificaciones-cambridge-en-emotiva-ceremonia\/#breadcrumb\"},\"inLanguage\":\"es\",\"potentialAction\":[{\"@type\":\"ReadAction\",\"target\":[\"https:\/\/www.manquecura.cl\/valle-lo-campino\/noticias\/estudiantes-recibieron-sus-certificaciones-cambridge-en-emotiva-ceremonia\/\"]}]},{\"@type\":\"ImageObject\",\"inLanguage\":\"es\",\"@id\":\"https:\/\/www.manquecura.cl\/valle-lo-campino\/noticias\/estudiantes-recibieron-sus-certificaciones-cambridge-en-emotiva-ceremonia\/#primaryimage\",\"url\":\"https:\/\/www.manquecura.cl\/valle-lo-campino\/wp-content\/uploads\/sites\/40\/2025\/04\/Certificaciones-Cambridge-2024-Manquecura-VLC.png\",\"contentUrl\":\"https:\/\/www.manquecura.cl\/valle-lo-campino\/wp-content\/uploads\/sites\/40\/2025\/04\/Certificaciones-Cambridge-2024-Manquecura-VLC.png\",\"width\":1116,\"height\":550},{\"@type\":\"BreadcrumbList\",\"@id\":\"https:\/\/www.manquecura.cl\/valle-lo-campino\/noticias\/estudiantes-recibieron-sus-certificaciones-cambridge-en-emotiva-ceremonia\/#breadcrumb\",\"itemListElement\":[{\"@type\":\"ListItem\",\"position\":1,\"name\":\"Home\",\"item\":\"https:\/\/www.manquecura.cl\/valle-lo-campino\/\"},{\"@type\":\"ListItem\",\"position\":2,\"name\":\"Estudiantes recibieron sus Certificaciones Cambridge en emotiva ceremonia\"}]},{\"@type\":\"WebSite\",\"@id\":\"https:\/\/www.manquecura.cl\/valle-lo-campino\/#website\",\"url\":\"https:\/\/www.manquecura.cl\/valle-lo-campino\/\",\"name\":\"Colegio Manquecura Valle Lo Campino\",\"description\":\"Parte de los Colegios Cognita\",\"publisher\":{\"@id\":\"https:\/\/www.manquecura.cl\/valle-lo-campino\/#organization\"},\"potentialAction\":[{\"@type\":\"SearchAction\",\"target\":{\"@type\":\"EntryPoint\",\"urlTemplate\":\"https:\/\/www.manquecura.cl\/valle-lo-campino\/?s={search_term_string}\"},\"query-input\":{\"@type\":\"PropertyValueSpecification\",\"valueRequired\":true,\"valueName\":\"search_term_string\"}}],\"inLanguage\":\"es\"},{\"@type\":\"Organization\",\"@id\":\"https:\/\/www.manquecura.cl\/valle-lo-campino\/#organization\",\"name\":\"Colegio Manquecura Valle Lo Campino\",\"url\":\"https:\/\/www.manquecura.cl\/valle-lo-campino\/\",\"logo\":{\"@type\":\"ImageObject\",\"inLanguage\":\"es\",\"@id\":\"https:\/\/www.manquecura.cl\/valle-lo-campino\/#\/schema\/logo\/image\/\",\"url\":\"https:\/\/www.manquecura.cl\/valle-lo-campino\/wp-content\/uploads\/sites\/40\/2025\/02\/logo_Manquecura_Valle-Lo-Campino_horizontal_color.webp\",\"contentUrl\":\"https:\/\/www.manquecura.cl\/valle-lo-campino\/wp-content\/uploads\/sites\/40\/2025\/02\/logo_Manquecura_Valle-Lo-Campino_horizontal_color.webp\",\"width\":400,\"height\":119,\"caption\":\"Colegio Manquecura Valle Lo Campino\"},\"image\":{\"@id\":\"https:\/\/www.manquecura.cl\/valle-lo-campino\/#\/schema\/logo\/image\/\"},\"sameAs\":[\"http:\/\/www.facebook.com\/ColegiosManquecura\",\"http:\/\/www.instagram.com\/manquecura_vallelocampino\/\",\"http:\/\/www.youtube.com\/c\/CognitaChile\"]},{\"@type\":\"Person\",\"@id\":\"https:\/\/www.manquecura.cl\/valle-lo-campino\/#\/schema\/person\/5eb92a7b45165cdbdbb271bcdacc9d9e\",\"name\":\"danielacastro\",\"image\":{\"@type\":\"ImageObject\",\"inLanguage\":\"es\",\"@id\":\"https:\/\/www.manquecura.cl\/valle-lo-campino\/#\/schema\/person\/image\/\",\"url\":\"https:\/\/secure.gravatar.com\/avatar\/16a603f2cc3ad485cabfe7c59b923050a809d8344cba940b4148737780592211?s=96&d=mm&r=g\",\"contentUrl\":\"https:\/\/secure.gravatar.com\/avatar\/16a603f2cc3ad485cabfe7c59b923050a809d8344cba940b4148737780592211?s=96&d=mm&r=g\",\"caption\":\"danielacastro\"}}]}<\/script>\n<!-- \/ Yoast SEO plugin. -->","yoast_head_json":{"title":"Estudiantes recibieron sus Certificaciones Cambridge en emotiva ceremonia - Colegio Manquecura Valle Lo Campino","robots":{"index":"index","follow":"follow","max-snippet":"max-snippet:-1","max-image-preview":"max-image-preview:large","max-video-preview":"max-video-preview:-1"},"canonical":"https:\/\/www.manquecura.cl\/valle-lo-campino\/noticias\/estudiantes-recibieron-sus-certificaciones-cambridge-en-emotiva-ceremonia\/","og_locale":"es_ES","og_type":"article","og_title":"Estudiantes recibieron sus Certificaciones Cambridge en emotiva ceremonia - Colegio Manquecura Valle Lo Campino","og_description":"El pasado 29 de marzo, nuestro colegio se visti\u00f3 de gala para celebrar un importante hito en el desarrollo acad\u00e9mico de nuestros estudiantes. En una emotiva ceremonia, m\u00e1s de 65 alumnos fueron reconocidos ante la comunidad por sus destacados resultados en las prestigiosas pruebas de certificaci\u00f3n de Cambridge 2024, espec\u00edficamente en los niveles Starters, Movers, [&hellip;]","og_url":"https:\/\/www.manquecura.cl\/valle-lo-campino\/noticias\/estudiantes-recibieron-sus-certificaciones-cambridge-en-emotiva-ceremonia\/","og_site_name":"Colegio Manquecura Valle Lo Campino","article_publisher":"http:\/\/www.facebook.com\/ColegiosManquecura","article_published_time":"2025-04-01T12:25:25+00:00","og_image":[{"width":1116,"height":550,"url":"https:\/\/www.manquecura.cl\/valle-lo-campino\/wp-content\/uploads\/sites\/40\/2025\/04\/Certificaciones-Cambridge-2024-Manquecura-VLC.png","type":"image\/png"}],"author":"danielacastro","twitter_card":"summary_large_image","twitter_misc":{"Escrito por":"danielacastro","Tiempo de lectura":"2 minutos"},"schema":{"@context":"https:\/\/schema.org","@graph":[{"@type":"Article","@id":"https:\/\/www.manquecura.cl\/valle-lo-campino\/noticias\/estudiantes-recibieron-sus-certificaciones-cambridge-en-emotiva-ceremonia\/#article","isPartOf":{"@id":"https:\/\/www.manquecura.cl\/valle-lo-campino\/noticias\/estudiantes-recibieron-sus-certificaciones-cambridge-en-emotiva-ceremonia\/"},"author":{"name":"danielacastro","@id":"https:\/\/www.manquecura.cl\/valle-lo-campino\/#\/schema\/person\/5eb92a7b45165cdbdbb271bcdacc9d9e"},"headline":"Estudiantes recibieron sus Certificaciones Cambridge en emotiva ceremonia","datePublished":"2025-04-01T12:25:25+00:00","mainEntityOfPage":{"@id":"https:\/\/www.manquecura.cl\/valle-lo-campino\/noticias\/estudiantes-recibieron-sus-certificaciones-cambridge-en-emotiva-ceremonia\/"},"wordCount":210,"commentCount":0,"publisher":{"@id":"https:\/\/www.manquecura.cl\/valle-lo-campino\/#organization"},"image":{"@id":"https:\/\/www.manquecura.cl\/valle-lo-campino\/noticias\/estudiantes-recibieron-sus-certificaciones-cambridge-en-emotiva-ceremonia\/#primaryimage"},"thumbnailUrl":"https:\/\/www.manquecura.cl\/valle-lo-campino\/wp-content\/uploads\/sites\/40\/2025\/04\/Certificaciones-Cambridge-2024-Manquecura-VLC.png","articleSection":["Vida Escolar"],"inLanguage":"es","potentialAction":[{"@type":"CommentAction","name":"Comment","target":["https:\/\/www.manquecura.cl\/valle-lo-campino\/noticias\/estudiantes-recibieron-sus-certificaciones-cambridge-en-emotiva-ceremonia\/#respond"]}]},{"@type":"WebPage","@id":"https:\/\/www.manquecura.cl\/valle-lo-campino\/noticias\/estudiantes-recibieron-sus-certificaciones-cambridge-en-emotiva-ceremonia\/","url":"https:\/\/www.manquecura.cl\/valle-lo-campino\/noticias\/estudiantes-recibieron-sus-certificaciones-cambridge-en-emotiva-ceremonia\/","name":"Estudiantes recibieron sus Certificaciones Cambridge en emotiva ceremonia - Colegio Manquecura Valle Lo Campino","isPartOf":{"@id":"https:\/\/www.manquecura.cl\/valle-lo-campino\/#website"},"primaryImageOfPage":{"@id":"https:\/\/www.manquecura.cl\/valle-lo-campino\/noticias\/estudiantes-recibieron-sus-certificaciones-cambridge-en-emotiva-ceremonia\/#primaryimage"},"image":{"@id":"https:\/\/www.manquecura.cl\/valle-lo-campino\/noticias\/estudiantes-recibieron-sus-certificaciones-cambridge-en-emotiva-ceremonia\/#primaryimage"},"thumbnailUrl":"https:\/\/www.manquecura.cl\/valle-lo-campino\/wp-content\/uploads\/sites\/40\/2025\/04\/Certificaciones-Cambridge-2024-Manquecura-VLC.png","datePublished":"2025-04-01T12:25:25+00:00","breadcrumb":{"@id":"https:\/\/www.manquecura.cl\/valle-lo-campino\/noticias\/estudiantes-recibieron-sus-certificaciones-cambridge-en-emotiva-ceremonia\/#breadcrumb"},"inLanguage":"es","potentialAction":[{"@type":"ReadAction","target":["https:\/\/www.manquecura.cl\/valle-lo-campino\/noticias\/estudiantes-recibieron-sus-certificaciones-cambridge-en-emotiva-ceremonia\/"]}]},{"@type":"ImageObject","inLanguage":"es","@id":"https:\/\/www.manquecura.cl\/valle-lo-campino\/noticias\/estudiantes-recibieron-sus-certificaciones-cambridge-en-emotiva-ceremonia\/#primaryimage","url":"https:\/\/www.manquecura.cl\/valle-lo-campino\/wp-content\/uploads\/sites\/40\/2025\/04\/Certificaciones-Cambridge-2024-Manquecura-VLC.png","contentUrl":"https:\/\/www.manquecura.cl\/valle-lo-campino\/wp-content\/uploads\/sites\/40\/2025\/04\/Certificaciones-Cambridge-2024-Manquecura-VLC.png","width":1116,"height":550},{"@type":"BreadcrumbList","@id":"https:\/\/www.manquecura.cl\/valle-lo-campino\/noticias\/estudiantes-recibieron-sus-certificaciones-cambridge-en-emotiva-ceremonia\/#breadcrumb","itemListElement":[{"@type":"ListItem","position":1,"name":"Home","item":"https:\/\/www.manquecura.cl\/valle-lo-campino\/"},{"@type":"ListItem","position":2,"name":"Estudiantes recibieron sus Certificaciones Cambridge en emotiva ceremonia"}]},{"@type":"WebSite","@id":"https:\/\/www.manquecura.cl\/valle-lo-campino\/#website","url":"https:\/\/www.manquecura.cl\/valle-lo-campino\/","name":"Colegio Manquecura Valle Lo Campino","description":"Parte de los Colegios Cognita","publisher":{"@id":"https:\/\/www.manquecura.cl\/valle-lo-campino\/#organization"},"potentialAction":[{"@type":"SearchAction","target":{"@type":"EntryPoint","urlTemplate":"https:\/\/www.manquecura.cl\/valle-lo-campino\/?s={search_term_string}"},"query-input":{"@type":"PropertyValueSpecification","valueRequired":true,"valueName":"search_term_string"}}],"inLanguage":"es"},{"@type":"Organization","@id":"https:\/\/www.manquecura.cl\/valle-lo-campino\/#organization","name":"Colegio Manquecura Valle Lo Campino","url":"https:\/\/www.manquecura.cl\/valle-lo-campino\/","logo":{"@type":"ImageObject","inLanguage":"es","@id":"https:\/\/www.manquecura.cl\/valle-lo-campino\/#\/schema\/logo\/image\/","url":"https:\/\/www.manquecura.cl\/valle-lo-campino\/wp-content\/uploads\/sites\/40\/2025\/02\/logo_Manquecura_Valle-Lo-Campino_horizontal_color.webp","contentUrl":"https:\/\/www.manquecura.cl\/valle-lo-campino\/wp-content\/uploads\/sites\/40\/2025\/02\/logo_Manquecura_Valle-Lo-Campino_horizontal_color.webp","width":400,"height":119,"caption":"Colegio Manquecura Valle Lo Campino"},"image":{"@id":"https:\/\/www.manquecura.cl\/valle-lo-campino\/#\/schema\/logo\/image\/"},"sameAs":["http:\/\/www.facebook.com\/ColegiosManquecura","http:\/\/www.instagram.com\/manquecura_vallelocampino\/","http:\/\/www.youtube.com\/c\/CognitaChile"]},{"@type":"Person","@id":"https:\/\/www.manquecura.cl\/valle-lo-campino\/#\/schema\/person\/5eb92a7b45165cdbdbb271bcdacc9d9e","name":"danielacastro","image":{"@type":"ImageObject","inLanguage":"es","@id":"https:\/\/www.manquecura.cl\/valle-lo-campino\/#\/schema\/person\/image\/","url":"https:\/\/secure.gravatar.com\/avatar\/16a603f2cc3ad485cabfe7c59b923050a809d8344cba940b4148737780592211?s=96&d=mm&r=g","contentUrl":"https:\/\/secure.gravatar.com\/avatar\/16a603f2cc3ad485cabfe7c59b923050a809d8344cba940b4148737780592211?s=96&d=mm&r=g","caption":"danielacastro"}}]}},"jetpack_featured_media_url":"https:\/\/www.manquecura.cl\/valle-lo-campino\/wp-content\/uploads\/sites\/40\/2025\/04\/Certificaciones-Cambridge-2024-Manquecura-VLC.png","previous_post_ID":127479,"previous_post_title":"Comunidad unida en nuestra Jornada Deportiva Familiar","previous_post_excerpt":"El pasado 29 de marzo vivimos una jornada llena de alegr\u00eda, deporte y vida en comunidad durante nuestra esperada Jornada Deportiva Familiar. Padres, madres, estudiantes y docentes se reunieron para compartir una ma\u00f1ana inolvidable marcada por el entusiasmo y la participaci\u00f3n activa de todos los asistentes. La jornada incluy\u00f3 p\u00edcnics familiares, maratones recreativas, din\u00e1micas de [&hellip;]","previous_post_link":"https:\/\/www.manquecura.cl\/valle-lo-campino\/noticias\/comunidad-unida-en-nuestra-jornada-deportiva-familiar\/","previous_post_class":["post-127479","post","type-post","status-publish","format-standard","has-post-thumbnail","hentry","category-vida-escolar"],"next_post_ID":127482,"next_post_title":"Celebramos una nueva edici\u00f3n de la English Week","next_post_excerpt":"Durante la \u00faltima semana, nuestro colegio se llen\u00f3 de entusiasmo, creatividad y aprendizaje con la realizaci\u00f3n de una nueva versi\u00f3n de la English Week, instancia que busca promover el uso del idioma ingl\u00e9s de forma l\u00fadica y significativa en toda nuestra comunidad escolar. Con diversas actividades, concursos tem\u00e1ticos y entretenidos panoramas para todos los niveles, [&hellip;]","next_post_link":"https:\/\/www.manquecura.cl\/valle-lo-campino\/noticias\/celebramos-una-nueva-edicion-de-la-english-week\/","next_post_class":["post-127482","post","type-post","status-publish","format-standard","has-post-thumbnail","hentry","category-vida-escolar"],"jetpack_sharing_enabled":true,"_links":{"self":[{"href":"https:\/\/www.manquecura.cl\/valle-lo-campino\/wp-json\/wp\/v2\/posts\/127411","targetHints":{"allow":["GET"]}}],"collection":[{"href":"https:\/\/www.manquecura.cl\/valle-lo-campino\/wp-json\/wp\/v2\/posts"}],"about":[{"href":"https:\/\/www.manquecura.cl\/valle-lo-campino\/wp-json\/wp\/v2\/types\/post"}],"author":[{"embeddable":true,"href":"https:\/\/www.manquecura.cl\/valle-lo-campino\/wp-json\/wp\/v2\/users\/34"}],"replies":[{"embeddable":true,"href":"https:\/\/www.manquecura.cl\/valle-lo-campino\/wp-json\/wp\/v2\/comments?post=127411"}],"version-history":[{"count":1,"href":"https:\/\/www.manquecura.cl\/valle-lo-campino\/wp-json\/wp\/v2\/posts\/127411\/revisions"}],"predecessor-version":[{"id":127413,"href":"https:\/\/www.manquecura.cl\/valle-lo-campino\/wp-json\/wp\/v2\/posts\/127411\/revisions\/127413"}],"wp:featuredmedia":[{"embeddable":true,"href":"https:\/\/www.manquecura.cl\/valle-lo-campino\/wp-json\/wp\/v2\/media\/127412"}],"wp:attachment":[{"href":"https:\/\/www.manquecura.cl\/valle-lo-campino\/wp-json\/wp\/v2\/media?parent=127411"}],"wp:term":[{"taxonomy":"category","embeddable":true,"href":"https:\/\/www.manquecura.cl\/valle-lo-campino\/wp-json\/wp\/v2\/categories?post=127411"},{"taxonomy":"post_tag","embeddable":true,"href":"https:\/\/www.manquecura.cl\/valle-lo-campino\/wp-json\/wp\/v2\/tags?post=127411"}],"curies":[{"name":"wp","href":"https:\/\/api.w.org\/{rel}","templated":true}]}}