{"id":12196,"date":"2022-06-23T13:16:09","date_gmt":"2022-06-23T17:16:09","guid":{"rendered":"https:\/\/www.manquecura.cl\/\/valle-lo-campino\/?p=12196"},"modified":"2022-06-23T13:16:09","modified_gmt":"2022-06-23T17:16:09","slug":"clausura-talleres-y-academias-educacion-parvularia-y-basica","status":"publish","type":"post","link":"https:\/\/www.manquecura.cl\/valle-lo-campino\/noticias\/clausura-talleres-y-academias-educacion-parvularia-y-basica\/","title":{"rendered":"Clausura Talleres y Academias Educaci\u00f3n Parvularia y B\u00e1sica"},"content":{"rendered":"<p>Terminamos el primer semestre con la <strong>Clausura de Talleres y Academias<\/strong> gracias a nuestros alumnos y docentes que prepararon estas presentaciones para mostrarlas a los apoderados en nuestros Gimnasio y Patio de Honor.<\/p>\n<p><strong>Contamos con talleres de Ciencias, Master chef, Teatro Circo, Crossfit, M\u00fasica y muchos m\u00e1s.<\/strong><\/p>\n<p>Damos por finalizada esta actividad y esperamos poder realizarlas el segundo semestre en la misma modalidad.<\/p>\n<p>[multimedia id=&#8221;1&#8243;]<\/p>\n"},"excerpt":{"rendered":"<p>Terminamos el primer semestre con la Clausura de Talleres y Academias gracias a nuestros alumnos y docentes que prepararon estas presentaciones para mostrarlas a los apoderados en nuestros Gimnasio y Patio de Honor. Contamos con talleres de Ciencias, Master chef, Teatro Circo, Crossfit, M\u00fasica y muchos m\u00e1s. Damos por finalizada esta actividad y esperamos poder [&hellip;]<\/p>\n","protected":false},"author":14,"featured_media":12200,"comment_status":"open","ping_status":"open","sticky":false,"template":"","format":"standard","meta":{"_acf_changed":false,"content-type":"","_jetpack_memberships_contains_paid_content":false,"footnotes":""},"categories":[1],"tags":[],"class_list":["post-12196","post","type-post","status-publish","format-standard","has-post-thumbnail","hentry","category-vida-escolar"],"acf":[],"yoast_head":"<!-- This site is optimized with the Yoast SEO plugin v27.1.1 - https:\/\/yoast.com\/product\/yoast-seo-wordpress\/ -->\n<title>Clausura Talleres y Academias Educaci\u00f3n Parvularia y B\u00e1sica - Colegio Manquecura Valle Lo Campino<\/title>\n<meta name=\"robots\" content=\"index, follow, max-snippet:-1, max-image-preview:large, max-video-preview:-1\" \/>\n<link rel=\"canonical\" href=\"https:\/\/www.manquecura.cl\/valle-lo-campino\/noticias\/clausura-talleres-y-academias-educacion-parvularia-y-basica\/\" \/>\n<meta property=\"og:locale\" content=\"es_ES\" \/>\n<meta property=\"og:type\" content=\"article\" \/>\n<meta property=\"og:title\" content=\"Clausura Talleres y Academias Educaci\u00f3n Parvularia y B\u00e1sica - Colegio Manquecura Valle Lo Campino\" \/>\n<meta property=\"og:description\" content=\"Terminamos el primer semestre con la Clausura de Talleres y Academias gracias a nuestros alumnos y docentes que prepararon estas presentaciones para mostrarlas a los apoderados en nuestros Gimnasio y Patio de Honor. Contamos con talleres de Ciencias, Master chef, Teatro Circo, Crossfit, M\u00fasica y muchos m\u00e1s. Damos por finalizada esta actividad y esperamos poder [&hellip;]\" \/>\n<meta property=\"og:url\" content=\"https:\/\/www.manquecura.cl\/valle-lo-campino\/noticias\/clausura-talleres-y-academias-educacion-parvularia-y-basica\/\" \/>\n<meta property=\"og:site_name\" content=\"Colegio Manquecura Valle Lo Campino\" \/>\n<meta property=\"article:publisher\" content=\"http:\/\/www.facebook.com\/ColegiosManquecura\" \/>\n<meta property=\"article:published_time\" content=\"2022-06-23T17:16:09+00:00\" \/>\n<meta name=\"author\" content=\"jorgedelcampo\" \/>\n<meta name=\"twitter:card\" content=\"summary_large_image\" \/>\n<meta name=\"twitter:label1\" content=\"Escrito por\" \/>\n\t<meta name=\"twitter:data1\" content=\"jorgedelcampo\" \/>\n<script type=\"application\/ld+json\" class=\"yoast-schema-graph\">{\"@context\":\"https:\/\/schema.org\",\"@graph\":[{\"@type\":\"Article\",\"@id\":\"https:\/\/www.manquecura.cl\/valle-lo-campino\/noticias\/clausura-talleres-y-academias-educacion-parvularia-y-basica\/#article\",\"isPartOf\":{\"@id\":\"https:\/\/www.manquecura.cl\/valle-lo-campino\/noticias\/clausura-talleres-y-academias-educacion-parvularia-y-basica\/\"},\"author\":{\"name\":\"jorgedelcampo\",\"@id\":\"https:\/\/www.manquecura.cl\/valle-lo-campino\/#\/schema\/person\/0debeea140e397b5d490ee7e553255d8\"},\"headline\":\"Clausura Talleres y Academias Educaci\u00f3n Parvularia y B\u00e1sica\",\"datePublished\":\"2022-06-23T17:16:09+00:00\",\"mainEntityOfPage\":{\"@id\":\"https:\/\/www.manquecura.cl\/valle-lo-campino\/noticias\/clausura-talleres-y-academias-educacion-parvularia-y-basica\/\"},\"wordCount\":77,\"commentCount\":0,\"publisher\":{\"@id\":\"https:\/\/www.manquecura.cl\/valle-lo-campino\/#organization\"},\"image\":{\"@id\":\"https:\/\/www.manquecura.cl\/valle-lo-campino\/noticias\/clausura-talleres-y-academias-educacion-parvularia-y-basica\/#primaryimage\"},\"thumbnailUrl\":\"https:\/\/www.manquecura.cl\/valle-lo-campino\/wp-content\/uploads\/sites\/40\/2022\/06\/BASICA-4.png\",\"articleSection\":[\"Vida Escolar\"],\"inLanguage\":\"es\",\"potentialAction\":[{\"@type\":\"CommentAction\",\"name\":\"Comment\",\"target\":[\"https:\/\/www.manquecura.cl\/valle-lo-campino\/noticias\/clausura-talleres-y-academias-educacion-parvularia-y-basica\/#respond\"]}]},{\"@type\":\"WebPage\",\"@id\":\"https:\/\/www.manquecura.cl\/valle-lo-campino\/noticias\/clausura-talleres-y-academias-educacion-parvularia-y-basica\/\",\"url\":\"https:\/\/www.manquecura.cl\/valle-lo-campino\/noticias\/clausura-talleres-y-academias-educacion-parvularia-y-basica\/\",\"name\":\"Clausura Talleres y Academias Educaci\u00f3n Parvularia y B\u00e1sica - Colegio Manquecura Valle Lo Campino\",\"isPartOf\":{\"@id\":\"https:\/\/www.manquecura.cl\/valle-lo-campino\/#website\"},\"primaryImageOfPage\":{\"@id\":\"https:\/\/www.manquecura.cl\/valle-lo-campino\/noticias\/clausura-talleres-y-academias-educacion-parvularia-y-basica\/#primaryimage\"},\"image\":{\"@id\":\"https:\/\/www.manquecura.cl\/valle-lo-campino\/noticias\/clausura-talleres-y-academias-educacion-parvularia-y-basica\/#primaryimage\"},\"thumbnailUrl\":\"https:\/\/www.manquecura.cl\/valle-lo-campino\/wp-content\/uploads\/sites\/40\/2022\/06\/BASICA-4.png\",\"datePublished\":\"2022-06-23T17:16:09+00:00\",\"breadcrumb\":{\"@id\":\"https:\/\/www.manquecura.cl\/valle-lo-campino\/noticias\/clausura-talleres-y-academias-educacion-parvularia-y-basica\/#breadcrumb\"},\"inLanguage\":\"es\",\"potentialAction\":[{\"@type\":\"ReadAction\",\"target\":[\"https:\/\/www.manquecura.cl\/valle-lo-campino\/noticias\/clausura-talleres-y-academias-educacion-parvularia-y-basica\/\"]}]},{\"@type\":\"ImageObject\",\"inLanguage\":\"es\",\"@id\":\"https:\/\/www.manquecura.cl\/valle-lo-campino\/noticias\/clausura-talleres-y-academias-educacion-parvularia-y-basica\/#primaryimage\",\"url\":\"https:\/\/www.manquecura.cl\/valle-lo-campino\/wp-content\/uploads\/sites\/40\/2022\/06\/BASICA-4.png\",\"contentUrl\":\"https:\/\/www.manquecura.cl\/valle-lo-campino\/wp-content\/uploads\/sites\/40\/2022\/06\/BASICA-4.png\",\"width\":836,\"height\":523},{\"@type\":\"BreadcrumbList\",\"@id\":\"https:\/\/www.manquecura.cl\/valle-lo-campino\/noticias\/clausura-talleres-y-academias-educacion-parvularia-y-basica\/#breadcrumb\",\"itemListElement\":[{\"@type\":\"ListItem\",\"position\":1,\"name\":\"Home\",\"item\":\"https:\/\/www.manquecura.cl\/valle-lo-campino\/\"},{\"@type\":\"ListItem\",\"position\":2,\"name\":\"Clausura Talleres y Academias Educaci\u00f3n Parvularia y B\u00e1sica\"}]},{\"@type\":\"WebSite\",\"@id\":\"https:\/\/www.manquecura.cl\/valle-lo-campino\/#website\",\"url\":\"https:\/\/www.manquecura.cl\/valle-lo-campino\/\",\"name\":\"Colegio Manquecura Valle Lo Campino\",\"description\":\"Parte de los Colegios Cognita\",\"publisher\":{\"@id\":\"https:\/\/www.manquecura.cl\/valle-lo-campino\/#organization\"},\"potentialAction\":[{\"@type\":\"SearchAction\",\"target\":{\"@type\":\"EntryPoint\",\"urlTemplate\":\"https:\/\/www.manquecura.cl\/valle-lo-campino\/?s={search_term_string}\"},\"query-input\":{\"@type\":\"PropertyValueSpecification\",\"valueRequired\":true,\"valueName\":\"search_term_string\"}}],\"inLanguage\":\"es\"},{\"@type\":\"Organization\",\"@id\":\"https:\/\/www.manquecura.cl\/valle-lo-campino\/#organization\",\"name\":\"Colegio Manquecura Valle Lo Campino\",\"url\":\"https:\/\/www.manquecura.cl\/valle-lo-campino\/\",\"logo\":{\"@type\":\"ImageObject\",\"inLanguage\":\"es\",\"@id\":\"https:\/\/www.manquecura.cl\/valle-lo-campino\/#\/schema\/logo\/image\/\",\"url\":\"https:\/\/www.manquecura.cl\/valle-lo-campino\/wp-content\/uploads\/sites\/40\/2025\/02\/logo_Manquecura_Valle-Lo-Campino_horizontal_color.webp\",\"contentUrl\":\"https:\/\/www.manquecura.cl\/valle-lo-campino\/wp-content\/uploads\/sites\/40\/2025\/02\/logo_Manquecura_Valle-Lo-Campino_horizontal_color.webp\",\"width\":400,\"height\":119,\"caption\":\"Colegio Manquecura Valle Lo Campino\"},\"image\":{\"@id\":\"https:\/\/www.manquecura.cl\/valle-lo-campino\/#\/schema\/logo\/image\/\"},\"sameAs\":[\"http:\/\/www.facebook.com\/ColegiosManquecura\",\"http:\/\/www.instagram.com\/manquecura_vallelocampino\/\",\"http:\/\/www.youtube.com\/c\/CognitaChile\"]},{\"@type\":\"Person\",\"@id\":\"https:\/\/www.manquecura.cl\/valle-lo-campino\/#\/schema\/person\/0debeea140e397b5d490ee7e553255d8\",\"name\":\"jorgedelcampo\",\"image\":{\"@type\":\"ImageObject\",\"inLanguage\":\"es\",\"@id\":\"https:\/\/www.manquecura.cl\/valle-lo-campino\/#\/schema\/person\/image\/\",\"url\":\"https:\/\/secure.gravatar.com\/avatar\/4a315f521213b2dc91dbda9bf799f711c8a98ab6f5606ec42cf5b33d1e762e8a?s=96&d=mm&r=g\",\"contentUrl\":\"https:\/\/secure.gravatar.com\/avatar\/4a315f521213b2dc91dbda9bf799f711c8a98ab6f5606ec42cf5b33d1e762e8a?s=96&d=mm&r=g\",\"caption\":\"jorgedelcampo\"}}]}<\/script>\n<!-- \/ Yoast SEO plugin. -->","yoast_head_json":{"title":"Clausura Talleres y Academias Educaci\u00f3n Parvularia y B\u00e1sica - Colegio Manquecura Valle Lo Campino","robots":{"index":"index","follow":"follow","max-snippet":"max-snippet:-1","max-image-preview":"max-image-preview:large","max-video-preview":"max-video-preview:-1"},"canonical":"https:\/\/www.manquecura.cl\/valle-lo-campino\/noticias\/clausura-talleres-y-academias-educacion-parvularia-y-basica\/","og_locale":"es_ES","og_type":"article","og_title":"Clausura Talleres y Academias Educaci\u00f3n Parvularia y B\u00e1sica - Colegio Manquecura Valle Lo Campino","og_description":"Terminamos el primer semestre con la Clausura de Talleres y Academias gracias a nuestros alumnos y docentes que prepararon estas presentaciones para mostrarlas a los apoderados en nuestros Gimnasio y Patio de Honor. Contamos con talleres de Ciencias, Master chef, Teatro Circo, Crossfit, M\u00fasica y muchos m\u00e1s. Damos por finalizada esta actividad y esperamos poder [&hellip;]","og_url":"https:\/\/www.manquecura.cl\/valle-lo-campino\/noticias\/clausura-talleres-y-academias-educacion-parvularia-y-basica\/","og_site_name":"Colegio Manquecura Valle Lo Campino","article_publisher":"http:\/\/www.facebook.com\/ColegiosManquecura","article_published_time":"2022-06-23T17:16:09+00:00","author":"jorgedelcampo","twitter_card":"summary_large_image","twitter_misc":{"Escrito por":"jorgedelcampo"},"schema":{"@context":"https:\/\/schema.org","@graph":[{"@type":"Article","@id":"https:\/\/www.manquecura.cl\/valle-lo-campino\/noticias\/clausura-talleres-y-academias-educacion-parvularia-y-basica\/#article","isPartOf":{"@id":"https:\/\/www.manquecura.cl\/valle-lo-campino\/noticias\/clausura-talleres-y-academias-educacion-parvularia-y-basica\/"},"author":{"name":"jorgedelcampo","@id":"https:\/\/www.manquecura.cl\/valle-lo-campino\/#\/schema\/person\/0debeea140e397b5d490ee7e553255d8"},"headline":"Clausura Talleres y Academias Educaci\u00f3n Parvularia y B\u00e1sica","datePublished":"2022-06-23T17:16:09+00:00","mainEntityOfPage":{"@id":"https:\/\/www.manquecura.cl\/valle-lo-campino\/noticias\/clausura-talleres-y-academias-educacion-parvularia-y-basica\/"},"wordCount":77,"commentCount":0,"publisher":{"@id":"https:\/\/www.manquecura.cl\/valle-lo-campino\/#organization"},"image":{"@id":"https:\/\/www.manquecura.cl\/valle-lo-campino\/noticias\/clausura-talleres-y-academias-educacion-parvularia-y-basica\/#primaryimage"},"thumbnailUrl":"https:\/\/www.manquecura.cl\/valle-lo-campino\/wp-content\/uploads\/sites\/40\/2022\/06\/BASICA-4.png","articleSection":["Vida Escolar"],"inLanguage":"es","potentialAction":[{"@type":"CommentAction","name":"Comment","target":["https:\/\/www.manquecura.cl\/valle-lo-campino\/noticias\/clausura-talleres-y-academias-educacion-parvularia-y-basica\/#respond"]}]},{"@type":"WebPage","@id":"https:\/\/www.manquecura.cl\/valle-lo-campino\/noticias\/clausura-talleres-y-academias-educacion-parvularia-y-basica\/","url":"https:\/\/www.manquecura.cl\/valle-lo-campino\/noticias\/clausura-talleres-y-academias-educacion-parvularia-y-basica\/","name":"Clausura Talleres y Academias Educaci\u00f3n Parvularia y B\u00e1sica - Colegio Manquecura Valle Lo Campino","isPartOf":{"@id":"https:\/\/www.manquecura.cl\/valle-lo-campino\/#website"},"primaryImageOfPage":{"@id":"https:\/\/www.manquecura.cl\/valle-lo-campino\/noticias\/clausura-talleres-y-academias-educacion-parvularia-y-basica\/#primaryimage"},"image":{"@id":"https:\/\/www.manquecura.cl\/valle-lo-campino\/noticias\/clausura-talleres-y-academias-educacion-parvularia-y-basica\/#primaryimage"},"thumbnailUrl":"https:\/\/www.manquecura.cl\/valle-lo-campino\/wp-content\/uploads\/sites\/40\/2022\/06\/BASICA-4.png","datePublished":"2022-06-23T17:16:09+00:00","breadcrumb":{"@id":"https:\/\/www.manquecura.cl\/valle-lo-campino\/noticias\/clausura-talleres-y-academias-educacion-parvularia-y-basica\/#breadcrumb"},"inLanguage":"es","potentialAction":[{"@type":"ReadAction","target":["https:\/\/www.manquecura.cl\/valle-lo-campino\/noticias\/clausura-talleres-y-academias-educacion-parvularia-y-basica\/"]}]},{"@type":"ImageObject","inLanguage":"es","@id":"https:\/\/www.manquecura.cl\/valle-lo-campino\/noticias\/clausura-talleres-y-academias-educacion-parvularia-y-basica\/#primaryimage","url":"https:\/\/www.manquecura.cl\/valle-lo-campino\/wp-content\/uploads\/sites\/40\/2022\/06\/BASICA-4.png","contentUrl":"https:\/\/www.manquecura.cl\/valle-lo-campino\/wp-content\/uploads\/sites\/40\/2022\/06\/BASICA-4.png","width":836,"height":523},{"@type":"BreadcrumbList","@id":"https:\/\/www.manquecura.cl\/valle-lo-campino\/noticias\/clausura-talleres-y-academias-educacion-parvularia-y-basica\/#breadcrumb","itemListElement":[{"@type":"ListItem","position":1,"name":"Home","item":"https:\/\/www.manquecura.cl\/valle-lo-campino\/"},{"@type":"ListItem","position":2,"name":"Clausura Talleres y Academias Educaci\u00f3n Parvularia y B\u00e1sica"}]},{"@type":"WebSite","@id":"https:\/\/www.manquecura.cl\/valle-lo-campino\/#website","url":"https:\/\/www.manquecura.cl\/valle-lo-campino\/","name":"Colegio Manquecura Valle Lo Campino","description":"Parte de los Colegios Cognita","publisher":{"@id":"https:\/\/www.manquecura.cl\/valle-lo-campino\/#organization"},"potentialAction":[{"@type":"SearchAction","target":{"@type":"EntryPoint","urlTemplate":"https:\/\/www.manquecura.cl\/valle-lo-campino\/?s={search_term_string}"},"query-input":{"@type":"PropertyValueSpecification","valueRequired":true,"valueName":"search_term_string"}}],"inLanguage":"es"},{"@type":"Organization","@id":"https:\/\/www.manquecura.cl\/valle-lo-campino\/#organization","name":"Colegio Manquecura Valle Lo Campino","url":"https:\/\/www.manquecura.cl\/valle-lo-campino\/","logo":{"@type":"ImageObject","inLanguage":"es","@id":"https:\/\/www.manquecura.cl\/valle-lo-campino\/#\/schema\/logo\/image\/","url":"https:\/\/www.manquecura.cl\/valle-lo-campino\/wp-content\/uploads\/sites\/40\/2025\/02\/logo_Manquecura_Valle-Lo-Campino_horizontal_color.webp","contentUrl":"https:\/\/www.manquecura.cl\/valle-lo-campino\/wp-content\/uploads\/sites\/40\/2025\/02\/logo_Manquecura_Valle-Lo-Campino_horizontal_color.webp","width":400,"height":119,"caption":"Colegio Manquecura Valle Lo Campino"},"image":{"@id":"https:\/\/www.manquecura.cl\/valle-lo-campino\/#\/schema\/logo\/image\/"},"sameAs":["http:\/\/www.facebook.com\/ColegiosManquecura","http:\/\/www.instagram.com\/manquecura_vallelocampino\/","http:\/\/www.youtube.com\/c\/CognitaChile"]},{"@type":"Person","@id":"https:\/\/www.manquecura.cl\/valle-lo-campino\/#\/schema\/person\/0debeea140e397b5d490ee7e553255d8","name":"jorgedelcampo","image":{"@type":"ImageObject","inLanguage":"es","@id":"https:\/\/www.manquecura.cl\/valle-lo-campino\/#\/schema\/person\/image\/","url":"https:\/\/secure.gravatar.com\/avatar\/4a315f521213b2dc91dbda9bf799f711c8a98ab6f5606ec42cf5b33d1e762e8a?s=96&d=mm&r=g","contentUrl":"https:\/\/secure.gravatar.com\/avatar\/4a315f521213b2dc91dbda9bf799f711c8a98ab6f5606ec42cf5b33d1e762e8a?s=96&d=mm&r=g","caption":"jorgedelcampo"}}]}},"jetpack_featured_media_url":"https:\/\/www.manquecura.cl\/valle-lo-campino\/wp-content\/uploads\/sites\/40\/2022\/06\/BASICA-4.png","previous_post_ID":12179,"previous_post_title":"Celebraci\u00f3n D\u00eda del Padre, IV Medio","previous_post_excerpt":"Este viernes, los alumnos de IV\u00a0Medios celebraron a sus padres, con un exquisito desayuno preparados por ellos mismos, junto a cartas emotivas y regalos para este d\u00eda. Cabe destacar, que \u00e9sta es la \u00faltima actividad que se realiza en nuestro establecimiento. Por lo mismo, cada curso ten\u00eda otras sorpresas preparadas para sus pap\u00e1s, fotografiando este [&hellip;]","previous_post_link":"https:\/\/www.manquecura.cl\/valle-lo-campino\/noticias\/celebracion-dia-del-padre-iv-medio\/","previous_post_class":["post-12179","post","type-post","status-publish","format-standard","has-post-thumbnail","hentry","category-vida-escolar"],"next_post_ID":12224,"next_post_title":"Proyecto CAMPUR 1\u00b0B\u00e1sicos, \"Te leo un cuento\"","next_post_excerpt":"Durante Junio, los alumnos de primeros b\u00e1sicos tuvieron una especial visita a nuestra biblioteca, gracias al Proyecto CAMPUR \u201cTe leo un cuento\u201d, presentado por la Miss Mar\u00eda Estrada, quien ten\u00eda como objetivo, incentivar la lectura de nuestros ni\u00f1os, lo cual result\u00f3 positivo, ya que disfrutaron de cada historia y demostraron su inter\u00e9s por los libros. [&hellip;]","next_post_link":"https:\/\/www.manquecura.cl\/valle-lo-campino\/noticias\/proyecto-campur-1basico-te-leo-un-cuento\/","next_post_class":["post-12224","post","type-post","status-publish","format-standard","has-post-thumbnail","hentry","category-vida-escolar"],"jetpack_sharing_enabled":true,"_links":{"self":[{"href":"https:\/\/www.manquecura.cl\/valle-lo-campino\/wp-json\/wp\/v2\/posts\/12196","targetHints":{"allow":["GET"]}}],"collection":[{"href":"https:\/\/www.manquecura.cl\/valle-lo-campino\/wp-json\/wp\/v2\/posts"}],"about":[{"href":"https:\/\/www.manquecura.cl\/valle-lo-campino\/wp-json\/wp\/v2\/types\/post"}],"author":[{"embeddable":true,"href":"https:\/\/www.manquecura.cl\/valle-lo-campino\/wp-json\/wp\/v2\/users\/14"}],"replies":[{"embeddable":true,"href":"https:\/\/www.manquecura.cl\/valle-lo-campino\/wp-json\/wp\/v2\/comments?post=12196"}],"version-history":[{"count":0,"href":"https:\/\/www.manquecura.cl\/valle-lo-campino\/wp-json\/wp\/v2\/posts\/12196\/revisions"}],"wp:featuredmedia":[{"embeddable":true,"href":"https:\/\/www.manquecura.cl\/valle-lo-campino\/wp-json\/wp\/v2\/media\/12200"}],"wp:attachment":[{"href":"https:\/\/www.manquecura.cl\/valle-lo-campino\/wp-json\/wp\/v2\/media?parent=12196"}],"wp:term":[{"taxonomy":"category","embeddable":true,"href":"https:\/\/www.manquecura.cl\/valle-lo-campino\/wp-json\/wp\/v2\/categories?post=12196"},{"taxonomy":"post_tag","embeddable":true,"href":"https:\/\/www.manquecura.cl\/valle-lo-campino\/wp-json\/wp\/v2\/tags?post=12196"}],"curies":[{"name":"wp","href":"https:\/\/api.w.org\/{rel}","templated":true}]}}