{"id":11943,"date":"2022-06-07T17:15:26","date_gmt":"2022-06-07T21:15:26","guid":{"rendered":"https:\/\/www.manquecura.cl\/\/valle-lo-campino\/?p=11943"},"modified":"2022-06-07T17:15:26","modified_gmt":"2022-06-07T21:15:26","slug":"proyecto-campur-3eros-basicos-mi-botiquin-ecologico","status":"publish","type":"post","link":"https:\/\/www.manquecura.cl\/valle-lo-campino\/noticias\/proyecto-campur-3eros-basicos-mi-botiquin-ecologico\/","title":{"rendered":"Proyecto CAMPUR 3eros B\u00e1sicos &#8220;Mi Botiqu\u00edn Ecol\u00f3gico&#8221;"},"content":{"rendered":"<p>Este lunes los 3eros b\u00e1sicos, terminaron su jornada escolar presentando a los padres y apoderados su proyecto CAMPUR, pensando en uno de nuestros sellos <strong>Ecology and Sustainability.<\/strong><\/p>\n<p>El trabajo fue realizador por la<strong> Miss de Ciencias Carolyn Solorza<\/strong>, quien creo el cuento <em>\u201cEl jard\u00edn encantado del colegio Manquecura\u201d<\/em>, el cual hablaba del cuidado de la <strong>#Flora<\/strong> y <strong>#Fauna<\/strong> y como se ha visto afectada la tierra por la mano del Ser Humano.<\/p>\n<p>&nbsp;<\/p>\n<p>Para aquello nuestros <strong>Agentes Ecol\u00f3gicos<\/strong> sembraron plantas medicinales en uno de nuestros espacios del colegio, transmitiendo un mensaje de cuidado, protecci\u00f3n y amor para nuestro <strong>medio ambiente.<\/strong><\/p>\n<p>Agradecemos las iniciativas de nuestros docentes con proyectos pensados en el <strong><em>Mes de la Tierra<\/em><\/strong>\ud83c\udf0e<\/p>\n<p>&nbsp;<\/p>\n<p>[multimedia id=&#8221;1&#8243;]<\/p>\n"},"excerpt":{"rendered":"<p>Este lunes los 3eros b\u00e1sicos, terminaron su jornada escolar presentando a los padres y apoderados su proyecto CAMPUR, pensando en uno de nuestros sellos Ecology and Sustainability. El trabajo fue realizador por la Miss de Ciencias Carolyn Solorza, quien creo el cuento \u201cEl jard\u00edn encantado del colegio Manquecura\u201d, el cual hablaba del cuidado de la [&hellip;]<\/p>\n","protected":false},"author":14,"featured_media":11945,"comment_status":"open","ping_status":"open","sticky":false,"template":"","format":"standard","meta":{"_acf_changed":false,"content-type":"","_jetpack_memberships_contains_paid_content":false,"footnotes":""},"categories":[1],"tags":[],"class_list":["post-11943","post","type-post","status-publish","format-standard","has-post-thumbnail","hentry","category-vida-escolar"],"acf":[],"yoast_head":"<!-- This site is optimized with the Yoast SEO plugin v27.1.1 - https:\/\/yoast.com\/product\/yoast-seo-wordpress\/ -->\n<title>Proyecto CAMPUR 3eros B\u00e1sicos &quot;Mi Botiqu\u00edn Ecol\u00f3gico&quot; - Colegio Manquecura Valle Lo Campino<\/title>\n<meta name=\"robots\" content=\"index, follow, max-snippet:-1, max-image-preview:large, max-video-preview:-1\" \/>\n<link rel=\"canonical\" href=\"https:\/\/www.manquecura.cl\/valle-lo-campino\/noticias\/proyecto-campur-3eros-basicos-mi-botiquin-ecologico\/\" \/>\n<meta property=\"og:locale\" content=\"es_ES\" \/>\n<meta property=\"og:type\" content=\"article\" \/>\n<meta property=\"og:title\" content=\"Proyecto CAMPUR 3eros B\u00e1sicos &quot;Mi Botiqu\u00edn Ecol\u00f3gico&quot; - Colegio Manquecura Valle Lo Campino\" \/>\n<meta property=\"og:description\" content=\"Este lunes los 3eros b\u00e1sicos, terminaron su jornada escolar presentando a los padres y apoderados su proyecto CAMPUR, pensando en uno de nuestros sellos Ecology and Sustainability. El trabajo fue realizador por la Miss de Ciencias Carolyn Solorza, quien creo el cuento \u201cEl jard\u00edn encantado del colegio Manquecura\u201d, el cual hablaba del cuidado de la [&hellip;]\" \/>\n<meta property=\"og:url\" content=\"https:\/\/www.manquecura.cl\/valle-lo-campino\/noticias\/proyecto-campur-3eros-basicos-mi-botiquin-ecologico\/\" \/>\n<meta property=\"og:site_name\" content=\"Colegio Manquecura Valle Lo Campino\" \/>\n<meta property=\"article:publisher\" content=\"http:\/\/www.facebook.com\/ColegiosManquecura\" \/>\n<meta property=\"article:published_time\" content=\"2022-06-07T21:15:26+00:00\" \/>\n<meta name=\"author\" content=\"jorgedelcampo\" \/>\n<meta name=\"twitter:card\" content=\"summary_large_image\" \/>\n<meta name=\"twitter:label1\" content=\"Escrito por\" \/>\n\t<meta name=\"twitter:data1\" content=\"jorgedelcampo\" \/>\n\t<meta name=\"twitter:label2\" content=\"Tiempo de lectura\" \/>\n\t<meta name=\"twitter:data2\" content=\"1 minuto\" \/>\n<script type=\"application\/ld+json\" class=\"yoast-schema-graph\">{\"@context\":\"https:\/\/schema.org\",\"@graph\":[{\"@type\":\"Article\",\"@id\":\"https:\/\/www.manquecura.cl\/valle-lo-campino\/noticias\/proyecto-campur-3eros-basicos-mi-botiquin-ecologico\/#article\",\"isPartOf\":{\"@id\":\"https:\/\/www.manquecura.cl\/valle-lo-campino\/noticias\/proyecto-campur-3eros-basicos-mi-botiquin-ecologico\/\"},\"author\":{\"name\":\"jorgedelcampo\",\"@id\":\"https:\/\/www.manquecura.cl\/valle-lo-campino\/#\/schema\/person\/0debeea140e397b5d490ee7e553255d8\"},\"headline\":\"Proyecto CAMPUR 3eros B\u00e1sicos &#8220;Mi Botiqu\u00edn Ecol\u00f3gico&#8221;\",\"datePublished\":\"2022-06-07T21:15:26+00:00\",\"mainEntityOfPage\":{\"@id\":\"https:\/\/www.manquecura.cl\/valle-lo-campino\/noticias\/proyecto-campur-3eros-basicos-mi-botiquin-ecologico\/\"},\"wordCount\":132,\"commentCount\":0,\"publisher\":{\"@id\":\"https:\/\/www.manquecura.cl\/valle-lo-campino\/#organization\"},\"image\":{\"@id\":\"https:\/\/www.manquecura.cl\/valle-lo-campino\/noticias\/proyecto-campur-3eros-basicos-mi-botiquin-ecologico\/#primaryimage\"},\"thumbnailUrl\":\"https:\/\/www.manquecura.cl\/valle-lo-campino\/wp-content\/uploads\/sites\/40\/2022\/06\/BOTIQUIN-ECOLOGICO-1.jpg\",\"articleSection\":[\"Vida Escolar\"],\"inLanguage\":\"es\",\"potentialAction\":[{\"@type\":\"CommentAction\",\"name\":\"Comment\",\"target\":[\"https:\/\/www.manquecura.cl\/valle-lo-campino\/noticias\/proyecto-campur-3eros-basicos-mi-botiquin-ecologico\/#respond\"]}]},{\"@type\":\"WebPage\",\"@id\":\"https:\/\/www.manquecura.cl\/valle-lo-campino\/noticias\/proyecto-campur-3eros-basicos-mi-botiquin-ecologico\/\",\"url\":\"https:\/\/www.manquecura.cl\/valle-lo-campino\/noticias\/proyecto-campur-3eros-basicos-mi-botiquin-ecologico\/\",\"name\":\"Proyecto CAMPUR 3eros B\u00e1sicos \\\"Mi Botiqu\u00edn Ecol\u00f3gico\\\" - Colegio Manquecura Valle Lo Campino\",\"isPartOf\":{\"@id\":\"https:\/\/www.manquecura.cl\/valle-lo-campino\/#website\"},\"primaryImageOfPage\":{\"@id\":\"https:\/\/www.manquecura.cl\/valle-lo-campino\/noticias\/proyecto-campur-3eros-basicos-mi-botiquin-ecologico\/#primaryimage\"},\"image\":{\"@id\":\"https:\/\/www.manquecura.cl\/valle-lo-campino\/noticias\/proyecto-campur-3eros-basicos-mi-botiquin-ecologico\/#primaryimage\"},\"thumbnailUrl\":\"https:\/\/www.manquecura.cl\/valle-lo-campino\/wp-content\/uploads\/sites\/40\/2022\/06\/BOTIQUIN-ECOLOGICO-1.jpg\",\"datePublished\":\"2022-06-07T21:15:26+00:00\",\"breadcrumb\":{\"@id\":\"https:\/\/www.manquecura.cl\/valle-lo-campino\/noticias\/proyecto-campur-3eros-basicos-mi-botiquin-ecologico\/#breadcrumb\"},\"inLanguage\":\"es\",\"potentialAction\":[{\"@type\":\"ReadAction\",\"target\":[\"https:\/\/www.manquecura.cl\/valle-lo-campino\/noticias\/proyecto-campur-3eros-basicos-mi-botiquin-ecologico\/\"]}]},{\"@type\":\"ImageObject\",\"inLanguage\":\"es\",\"@id\":\"https:\/\/www.manquecura.cl\/valle-lo-campino\/noticias\/proyecto-campur-3eros-basicos-mi-botiquin-ecologico\/#primaryimage\",\"url\":\"https:\/\/www.manquecura.cl\/valle-lo-campino\/wp-content\/uploads\/sites\/40\/2022\/06\/BOTIQUIN-ECOLOGICO-1.jpg\",\"contentUrl\":\"https:\/\/www.manquecura.cl\/valle-lo-campino\/wp-content\/uploads\/sites\/40\/2022\/06\/BOTIQUIN-ECOLOGICO-1.jpg\",\"width\":1080,\"height\":1080},{\"@type\":\"BreadcrumbList\",\"@id\":\"https:\/\/www.manquecura.cl\/valle-lo-campino\/noticias\/proyecto-campur-3eros-basicos-mi-botiquin-ecologico\/#breadcrumb\",\"itemListElement\":[{\"@type\":\"ListItem\",\"position\":1,\"name\":\"Home\",\"item\":\"https:\/\/www.manquecura.cl\/valle-lo-campino\/\"},{\"@type\":\"ListItem\",\"position\":2,\"name\":\"Proyecto CAMPUR 3eros B\u00e1sicos &#8220;Mi Botiqu\u00edn Ecol\u00f3gico&#8221;\"}]},{\"@type\":\"WebSite\",\"@id\":\"https:\/\/www.manquecura.cl\/valle-lo-campino\/#website\",\"url\":\"https:\/\/www.manquecura.cl\/valle-lo-campino\/\",\"name\":\"Colegio Manquecura Valle Lo Campino\",\"description\":\"Parte de los Colegios Cognita\",\"publisher\":{\"@id\":\"https:\/\/www.manquecura.cl\/valle-lo-campino\/#organization\"},\"potentialAction\":[{\"@type\":\"SearchAction\",\"target\":{\"@type\":\"EntryPoint\",\"urlTemplate\":\"https:\/\/www.manquecura.cl\/valle-lo-campino\/?s={search_term_string}\"},\"query-input\":{\"@type\":\"PropertyValueSpecification\",\"valueRequired\":true,\"valueName\":\"search_term_string\"}}],\"inLanguage\":\"es\"},{\"@type\":\"Organization\",\"@id\":\"https:\/\/www.manquecura.cl\/valle-lo-campino\/#organization\",\"name\":\"Colegio Manquecura Valle Lo Campino\",\"url\":\"https:\/\/www.manquecura.cl\/valle-lo-campino\/\",\"logo\":{\"@type\":\"ImageObject\",\"inLanguage\":\"es\",\"@id\":\"https:\/\/www.manquecura.cl\/valle-lo-campino\/#\/schema\/logo\/image\/\",\"url\":\"https:\/\/www.manquecura.cl\/valle-lo-campino\/wp-content\/uploads\/sites\/40\/2025\/02\/logo_Manquecura_Valle-Lo-Campino_horizontal_color.webp\",\"contentUrl\":\"https:\/\/www.manquecura.cl\/valle-lo-campino\/wp-content\/uploads\/sites\/40\/2025\/02\/logo_Manquecura_Valle-Lo-Campino_horizontal_color.webp\",\"width\":400,\"height\":119,\"caption\":\"Colegio Manquecura Valle Lo Campino\"},\"image\":{\"@id\":\"https:\/\/www.manquecura.cl\/valle-lo-campino\/#\/schema\/logo\/image\/\"},\"sameAs\":[\"http:\/\/www.facebook.com\/ColegiosManquecura\",\"http:\/\/www.instagram.com\/manquecura_vallelocampino\/\",\"http:\/\/www.youtube.com\/c\/CognitaChile\"]},{\"@type\":\"Person\",\"@id\":\"https:\/\/www.manquecura.cl\/valle-lo-campino\/#\/schema\/person\/0debeea140e397b5d490ee7e553255d8\",\"name\":\"jorgedelcampo\",\"image\":{\"@type\":\"ImageObject\",\"inLanguage\":\"es\",\"@id\":\"https:\/\/www.manquecura.cl\/valle-lo-campino\/#\/schema\/person\/image\/\",\"url\":\"https:\/\/secure.gravatar.com\/avatar\/4a315f521213b2dc91dbda9bf799f711c8a98ab6f5606ec42cf5b33d1e762e8a?s=96&d=mm&r=g\",\"contentUrl\":\"https:\/\/secure.gravatar.com\/avatar\/4a315f521213b2dc91dbda9bf799f711c8a98ab6f5606ec42cf5b33d1e762e8a?s=96&d=mm&r=g\",\"caption\":\"jorgedelcampo\"}}]}<\/script>\n<!-- \/ Yoast SEO plugin. -->","yoast_head_json":{"title":"Proyecto CAMPUR 3eros B\u00e1sicos \"Mi Botiqu\u00edn Ecol\u00f3gico\" - Colegio Manquecura Valle Lo Campino","robots":{"index":"index","follow":"follow","max-snippet":"max-snippet:-1","max-image-preview":"max-image-preview:large","max-video-preview":"max-video-preview:-1"},"canonical":"https:\/\/www.manquecura.cl\/valle-lo-campino\/noticias\/proyecto-campur-3eros-basicos-mi-botiquin-ecologico\/","og_locale":"es_ES","og_type":"article","og_title":"Proyecto CAMPUR 3eros B\u00e1sicos \"Mi Botiqu\u00edn Ecol\u00f3gico\" - Colegio Manquecura Valle Lo Campino","og_description":"Este lunes los 3eros b\u00e1sicos, terminaron su jornada escolar presentando a los padres y apoderados su proyecto CAMPUR, pensando en uno de nuestros sellos Ecology and Sustainability. El trabajo fue realizador por la Miss de Ciencias Carolyn Solorza, quien creo el cuento \u201cEl jard\u00edn encantado del colegio Manquecura\u201d, el cual hablaba del cuidado de la [&hellip;]","og_url":"https:\/\/www.manquecura.cl\/valle-lo-campino\/noticias\/proyecto-campur-3eros-basicos-mi-botiquin-ecologico\/","og_site_name":"Colegio Manquecura Valle Lo Campino","article_publisher":"http:\/\/www.facebook.com\/ColegiosManquecura","article_published_time":"2022-06-07T21:15:26+00:00","author":"jorgedelcampo","twitter_card":"summary_large_image","twitter_misc":{"Escrito por":"jorgedelcampo","Tiempo de lectura":"1 minuto"},"schema":{"@context":"https:\/\/schema.org","@graph":[{"@type":"Article","@id":"https:\/\/www.manquecura.cl\/valle-lo-campino\/noticias\/proyecto-campur-3eros-basicos-mi-botiquin-ecologico\/#article","isPartOf":{"@id":"https:\/\/www.manquecura.cl\/valle-lo-campino\/noticias\/proyecto-campur-3eros-basicos-mi-botiquin-ecologico\/"},"author":{"name":"jorgedelcampo","@id":"https:\/\/www.manquecura.cl\/valle-lo-campino\/#\/schema\/person\/0debeea140e397b5d490ee7e553255d8"},"headline":"Proyecto CAMPUR 3eros B\u00e1sicos &#8220;Mi Botiqu\u00edn Ecol\u00f3gico&#8221;","datePublished":"2022-06-07T21:15:26+00:00","mainEntityOfPage":{"@id":"https:\/\/www.manquecura.cl\/valle-lo-campino\/noticias\/proyecto-campur-3eros-basicos-mi-botiquin-ecologico\/"},"wordCount":132,"commentCount":0,"publisher":{"@id":"https:\/\/www.manquecura.cl\/valle-lo-campino\/#organization"},"image":{"@id":"https:\/\/www.manquecura.cl\/valle-lo-campino\/noticias\/proyecto-campur-3eros-basicos-mi-botiquin-ecologico\/#primaryimage"},"thumbnailUrl":"https:\/\/www.manquecura.cl\/valle-lo-campino\/wp-content\/uploads\/sites\/40\/2022\/06\/BOTIQUIN-ECOLOGICO-1.jpg","articleSection":["Vida Escolar"],"inLanguage":"es","potentialAction":[{"@type":"CommentAction","name":"Comment","target":["https:\/\/www.manquecura.cl\/valle-lo-campino\/noticias\/proyecto-campur-3eros-basicos-mi-botiquin-ecologico\/#respond"]}]},{"@type":"WebPage","@id":"https:\/\/www.manquecura.cl\/valle-lo-campino\/noticias\/proyecto-campur-3eros-basicos-mi-botiquin-ecologico\/","url":"https:\/\/www.manquecura.cl\/valle-lo-campino\/noticias\/proyecto-campur-3eros-basicos-mi-botiquin-ecologico\/","name":"Proyecto CAMPUR 3eros B\u00e1sicos \"Mi Botiqu\u00edn Ecol\u00f3gico\" - Colegio Manquecura Valle Lo Campino","isPartOf":{"@id":"https:\/\/www.manquecura.cl\/valle-lo-campino\/#website"},"primaryImageOfPage":{"@id":"https:\/\/www.manquecura.cl\/valle-lo-campino\/noticias\/proyecto-campur-3eros-basicos-mi-botiquin-ecologico\/#primaryimage"},"image":{"@id":"https:\/\/www.manquecura.cl\/valle-lo-campino\/noticias\/proyecto-campur-3eros-basicos-mi-botiquin-ecologico\/#primaryimage"},"thumbnailUrl":"https:\/\/www.manquecura.cl\/valle-lo-campino\/wp-content\/uploads\/sites\/40\/2022\/06\/BOTIQUIN-ECOLOGICO-1.jpg","datePublished":"2022-06-07T21:15:26+00:00","breadcrumb":{"@id":"https:\/\/www.manquecura.cl\/valle-lo-campino\/noticias\/proyecto-campur-3eros-basicos-mi-botiquin-ecologico\/#breadcrumb"},"inLanguage":"es","potentialAction":[{"@type":"ReadAction","target":["https:\/\/www.manquecura.cl\/valle-lo-campino\/noticias\/proyecto-campur-3eros-basicos-mi-botiquin-ecologico\/"]}]},{"@type":"ImageObject","inLanguage":"es","@id":"https:\/\/www.manquecura.cl\/valle-lo-campino\/noticias\/proyecto-campur-3eros-basicos-mi-botiquin-ecologico\/#primaryimage","url":"https:\/\/www.manquecura.cl\/valle-lo-campino\/wp-content\/uploads\/sites\/40\/2022\/06\/BOTIQUIN-ECOLOGICO-1.jpg","contentUrl":"https:\/\/www.manquecura.cl\/valle-lo-campino\/wp-content\/uploads\/sites\/40\/2022\/06\/BOTIQUIN-ECOLOGICO-1.jpg","width":1080,"height":1080},{"@type":"BreadcrumbList","@id":"https:\/\/www.manquecura.cl\/valle-lo-campino\/noticias\/proyecto-campur-3eros-basicos-mi-botiquin-ecologico\/#breadcrumb","itemListElement":[{"@type":"ListItem","position":1,"name":"Home","item":"https:\/\/www.manquecura.cl\/valle-lo-campino\/"},{"@type":"ListItem","position":2,"name":"Proyecto CAMPUR 3eros B\u00e1sicos &#8220;Mi Botiqu\u00edn Ecol\u00f3gico&#8221;"}]},{"@type":"WebSite","@id":"https:\/\/www.manquecura.cl\/valle-lo-campino\/#website","url":"https:\/\/www.manquecura.cl\/valle-lo-campino\/","name":"Colegio Manquecura Valle Lo Campino","description":"Parte de los Colegios Cognita","publisher":{"@id":"https:\/\/www.manquecura.cl\/valle-lo-campino\/#organization"},"potentialAction":[{"@type":"SearchAction","target":{"@type":"EntryPoint","urlTemplate":"https:\/\/www.manquecura.cl\/valle-lo-campino\/?s={search_term_string}"},"query-input":{"@type":"PropertyValueSpecification","valueRequired":true,"valueName":"search_term_string"}}],"inLanguage":"es"},{"@type":"Organization","@id":"https:\/\/www.manquecura.cl\/valle-lo-campino\/#organization","name":"Colegio Manquecura Valle Lo Campino","url":"https:\/\/www.manquecura.cl\/valle-lo-campino\/","logo":{"@type":"ImageObject","inLanguage":"es","@id":"https:\/\/www.manquecura.cl\/valle-lo-campino\/#\/schema\/logo\/image\/","url":"https:\/\/www.manquecura.cl\/valle-lo-campino\/wp-content\/uploads\/sites\/40\/2025\/02\/logo_Manquecura_Valle-Lo-Campino_horizontal_color.webp","contentUrl":"https:\/\/www.manquecura.cl\/valle-lo-campino\/wp-content\/uploads\/sites\/40\/2025\/02\/logo_Manquecura_Valle-Lo-Campino_horizontal_color.webp","width":400,"height":119,"caption":"Colegio Manquecura Valle Lo Campino"},"image":{"@id":"https:\/\/www.manquecura.cl\/valle-lo-campino\/#\/schema\/logo\/image\/"},"sameAs":["http:\/\/www.facebook.com\/ColegiosManquecura","http:\/\/www.instagram.com\/manquecura_vallelocampino\/","http:\/\/www.youtube.com\/c\/CognitaChile"]},{"@type":"Person","@id":"https:\/\/www.manquecura.cl\/valle-lo-campino\/#\/schema\/person\/0debeea140e397b5d490ee7e553255d8","name":"jorgedelcampo","image":{"@type":"ImageObject","inLanguage":"es","@id":"https:\/\/www.manquecura.cl\/valle-lo-campino\/#\/schema\/person\/image\/","url":"https:\/\/secure.gravatar.com\/avatar\/4a315f521213b2dc91dbda9bf799f711c8a98ab6f5606ec42cf5b33d1e762e8a?s=96&d=mm&r=g","contentUrl":"https:\/\/secure.gravatar.com\/avatar\/4a315f521213b2dc91dbda9bf799f711c8a98ab6f5606ec42cf5b33d1e762e8a?s=96&d=mm&r=g","caption":"jorgedelcampo"}}]}},"jetpack_featured_media_url":"https:\/\/www.manquecura.cl\/valle-lo-campino\/wp-content\/uploads\/sites\/40\/2022\/06\/BOTIQUIN-ECOLOGICO-1.jpg","previous_post_ID":11921,"previous_post_title":"Reuni\u00f3n con Campur General de Alumnos","previous_post_excerpt":"Como ya es tradicional, nuestra Rectora se reuni\u00f3 con el Campur general de alumnos y la profesora asesora, Mar\u00eda Olga Rojas, e hicieron entrega de un poler\u00f3n a cada uno de los miembros de Campur, con el fin de que se identifiquen dentro del colegio como representantes de esta organizaci\u00f3n. Felicidades a cada una. [multimedia [&hellip;]","previous_post_link":"https:\/\/www.manquecura.cl\/valle-lo-campino\/noticias\/reunion-con-campur-general-de-alumnos\/","previous_post_class":["post-11921","post","type-post","status-publish","format-standard","has-post-thumbnail","hentry","category-vida-escolar"],"next_post_ID":12026,"next_post_title":"Alumnos\/as de Educaci\u00f3n B\u00e1sica disfrutaron de la visita del Orfe\u00f3n de Carabineros de Chile","next_post_excerpt":"Esta ma\u00f1ana, los estudiantes de Educaci\u00f3n B\u00e1sica, tuvieron una entretenida actividad guiada por la m\u00fasica del Orfe\u00f3n Nacional de Carabineros de Chile, en el marco del Mes de la Seguridad, dando \u00e9nfasis en uno de nuestros programas Sello, Road Safety. Gracias a la coordinaci\u00f3n de la Miss Claudia Cort\u00e9s y nuestra Encargada de Seguridad Leslie [&hellip;]","next_post_link":"https:\/\/www.manquecura.cl\/valle-lo-campino\/noticias\/alumnos-de-educacion-basica-disfrutaron-de-la-visita-del-orfeon-de-carabineros-de-chile\/","next_post_class":["post-12026","post","type-post","status-publish","format-standard","has-post-thumbnail","hentry","category-vida-escolar"],"jetpack_sharing_enabled":true,"_links":{"self":[{"href":"https:\/\/www.manquecura.cl\/valle-lo-campino\/wp-json\/wp\/v2\/posts\/11943","targetHints":{"allow":["GET"]}}],"collection":[{"href":"https:\/\/www.manquecura.cl\/valle-lo-campino\/wp-json\/wp\/v2\/posts"}],"about":[{"href":"https:\/\/www.manquecura.cl\/valle-lo-campino\/wp-json\/wp\/v2\/types\/post"}],"author":[{"embeddable":true,"href":"https:\/\/www.manquecura.cl\/valle-lo-campino\/wp-json\/wp\/v2\/users\/14"}],"replies":[{"embeddable":true,"href":"https:\/\/www.manquecura.cl\/valle-lo-campino\/wp-json\/wp\/v2\/comments?post=11943"}],"version-history":[{"count":0,"href":"https:\/\/www.manquecura.cl\/valle-lo-campino\/wp-json\/wp\/v2\/posts\/11943\/revisions"}],"wp:featuredmedia":[{"embeddable":true,"href":"https:\/\/www.manquecura.cl\/valle-lo-campino\/wp-json\/wp\/v2\/media\/11945"}],"wp:attachment":[{"href":"https:\/\/www.manquecura.cl\/valle-lo-campino\/wp-json\/wp\/v2\/media?parent=11943"}],"wp:term":[{"taxonomy":"category","embeddable":true,"href":"https:\/\/www.manquecura.cl\/valle-lo-campino\/wp-json\/wp\/v2\/categories?post=11943"},{"taxonomy":"post_tag","embeddable":true,"href":"https:\/\/www.manquecura.cl\/valle-lo-campino\/wp-json\/wp\/v2\/tags?post=11943"}],"curies":[{"name":"wp","href":"https:\/\/api.w.org\/{rel}","templated":true}]}}