{"id":11707,"date":"2022-05-02T13:22:21","date_gmt":"2022-05-02T17:22:21","guid":{"rendered":"https:\/\/www.manquecura.cl\/\/valle-lo-campino\/?p=11707"},"modified":"2022-05-02T13:22:21","modified_gmt":"2022-05-02T17:22:21","slug":"obra-de-teatro-realizada-por-apoderados-del-4-basico-a","status":"publish","type":"post","link":"https:\/\/www.manquecura.cl\/valle-lo-campino\/noticias\/obra-de-teatro-realizada-por-apoderados-del-4-basico-a\/","title":{"rendered":"Obra de Teatro realizada por apoderados del 4\u00b0 b\u00e1sico A"},"content":{"rendered":"<p>El d\u00eda lunes 25 de abril, los apoderados Katherine Eugenia, Hilda Rodr\u00edguez y Jezka Hidalgo, realizaron como Proyecto Campur del curso.<\/p>\n<p>Presentaron la obra de teatro &#8221; El conejo que envidiaba al rat\u00f3n&#8221;, cuyo contenido invitaba a nuestros alumnos a que fortalecieran los lazos de amistad entre ellos y el buen trato practicarlo de manera diaria.<\/p>\n<p>Agradecemos a los apoderados por la iniciativa .<\/p>\n<p>[multimedia id=&#8221;1&#8243;]<\/p>\n"},"excerpt":{"rendered":"<p>El d\u00eda lunes 25 de abril, los apoderados Katherine Eugenia, Hilda Rodr\u00edguez y Jezka Hidalgo, realizaron como Proyecto Campur del curso. Presentaron la obra de teatro &#8221; El conejo que envidiaba al rat\u00f3n&#8221;, cuyo contenido invitaba a nuestros alumnos a que fortalecieran los lazos de amistad entre ellos y el buen trato practicarlo de manera [&hellip;]<\/p>\n","protected":false},"author":14,"featured_media":11711,"comment_status":"open","ping_status":"open","sticky":false,"template":"","format":"standard","meta":{"_acf_changed":false,"content-type":"","_jetpack_memberships_contains_paid_content":false,"footnotes":""},"categories":[1],"tags":[],"class_list":["post-11707","post","type-post","status-publish","format-standard","has-post-thumbnail","hentry","category-vida-escolar"],"acf":[],"yoast_head":"<!-- This site is optimized with the Yoast SEO plugin v27.1.1 - https:\/\/yoast.com\/product\/yoast-seo-wordpress\/ -->\n<title>Obra de Teatro realizada por apoderados del 4\u00b0 b\u00e1sico A - Colegio Manquecura Valle Lo Campino<\/title>\n<meta name=\"robots\" content=\"index, follow, max-snippet:-1, max-image-preview:large, max-video-preview:-1\" \/>\n<link rel=\"canonical\" href=\"https:\/\/www.manquecura.cl\/valle-lo-campino\/noticias\/obra-de-teatro-realizada-por-apoderados-del-4-basico-a\/\" \/>\n<meta property=\"og:locale\" content=\"es_ES\" \/>\n<meta property=\"og:type\" content=\"article\" \/>\n<meta property=\"og:title\" content=\"Obra de Teatro realizada por apoderados del 4\u00b0 b\u00e1sico A - Colegio Manquecura Valle Lo Campino\" \/>\n<meta property=\"og:description\" content=\"El d\u00eda lunes 25 de abril, los apoderados Katherine Eugenia, Hilda Rodr\u00edguez y Jezka Hidalgo, realizaron como Proyecto Campur del curso. Presentaron la obra de teatro &#8221; El conejo que envidiaba al rat\u00f3n&#8221;, cuyo contenido invitaba a nuestros alumnos a que fortalecieran los lazos de amistad entre ellos y el buen trato practicarlo de manera [&hellip;]\" \/>\n<meta property=\"og:url\" content=\"https:\/\/www.manquecura.cl\/valle-lo-campino\/noticias\/obra-de-teatro-realizada-por-apoderados-del-4-basico-a\/\" \/>\n<meta property=\"og:site_name\" content=\"Colegio Manquecura Valle Lo Campino\" \/>\n<meta property=\"article:publisher\" content=\"http:\/\/www.facebook.com\/ColegiosManquecura\" \/>\n<meta property=\"article:published_time\" content=\"2022-05-02T17:22:21+00:00\" \/>\n<meta name=\"author\" content=\"jorgedelcampo\" \/>\n<meta name=\"twitter:card\" content=\"summary_large_image\" \/>\n<meta name=\"twitter:label1\" content=\"Escrito por\" \/>\n\t<meta name=\"twitter:data1\" content=\"jorgedelcampo\" \/>\n<script type=\"application\/ld+json\" class=\"yoast-schema-graph\">{\"@context\":\"https:\/\/schema.org\",\"@graph\":[{\"@type\":\"Article\",\"@id\":\"https:\/\/www.manquecura.cl\/valle-lo-campino\/noticias\/obra-de-teatro-realizada-por-apoderados-del-4-basico-a\/#article\",\"isPartOf\":{\"@id\":\"https:\/\/www.manquecura.cl\/valle-lo-campino\/noticias\/obra-de-teatro-realizada-por-apoderados-del-4-basico-a\/\"},\"author\":{\"name\":\"jorgedelcampo\",\"@id\":\"https:\/\/www.manquecura.cl\/valle-lo-campino\/#\/schema\/person\/0debeea140e397b5d490ee7e553255d8\"},\"headline\":\"Obra de Teatro realizada por apoderados del 4\u00b0 b\u00e1sico A\",\"datePublished\":\"2022-05-02T17:22:21+00:00\",\"mainEntityOfPage\":{\"@id\":\"https:\/\/www.manquecura.cl\/valle-lo-campino\/noticias\/obra-de-teatro-realizada-por-apoderados-del-4-basico-a\/\"},\"wordCount\":76,\"commentCount\":0,\"publisher\":{\"@id\":\"https:\/\/www.manquecura.cl\/valle-lo-campino\/#organization\"},\"image\":{\"@id\":\"https:\/\/www.manquecura.cl\/valle-lo-campino\/noticias\/obra-de-teatro-realizada-por-apoderados-del-4-basico-a\/#primaryimage\"},\"thumbnailUrl\":\"https:\/\/www.manquecura.cl\/valle-lo-campino\/wp-content\/uploads\/sites\/40\/2022\/05\/Untitled-design-2022-05-02T132548.999.png\",\"articleSection\":[\"Vida Escolar\"],\"inLanguage\":\"es\",\"potentialAction\":[{\"@type\":\"CommentAction\",\"name\":\"Comment\",\"target\":[\"https:\/\/www.manquecura.cl\/valle-lo-campino\/noticias\/obra-de-teatro-realizada-por-apoderados-del-4-basico-a\/#respond\"]}]},{\"@type\":\"WebPage\",\"@id\":\"https:\/\/www.manquecura.cl\/valle-lo-campino\/noticias\/obra-de-teatro-realizada-por-apoderados-del-4-basico-a\/\",\"url\":\"https:\/\/www.manquecura.cl\/valle-lo-campino\/noticias\/obra-de-teatro-realizada-por-apoderados-del-4-basico-a\/\",\"name\":\"Obra de Teatro realizada por apoderados del 4\u00b0 b\u00e1sico A - Colegio Manquecura Valle Lo Campino\",\"isPartOf\":{\"@id\":\"https:\/\/www.manquecura.cl\/valle-lo-campino\/#website\"},\"primaryImageOfPage\":{\"@id\":\"https:\/\/www.manquecura.cl\/valle-lo-campino\/noticias\/obra-de-teatro-realizada-por-apoderados-del-4-basico-a\/#primaryimage\"},\"image\":{\"@id\":\"https:\/\/www.manquecura.cl\/valle-lo-campino\/noticias\/obra-de-teatro-realizada-por-apoderados-del-4-basico-a\/#primaryimage\"},\"thumbnailUrl\":\"https:\/\/www.manquecura.cl\/valle-lo-campino\/wp-content\/uploads\/sites\/40\/2022\/05\/Untitled-design-2022-05-02T132548.999.png\",\"datePublished\":\"2022-05-02T17:22:21+00:00\",\"breadcrumb\":{\"@id\":\"https:\/\/www.manquecura.cl\/valle-lo-campino\/noticias\/obra-de-teatro-realizada-por-apoderados-del-4-basico-a\/#breadcrumb\"},\"inLanguage\":\"es\",\"potentialAction\":[{\"@type\":\"ReadAction\",\"target\":[\"https:\/\/www.manquecura.cl\/valle-lo-campino\/noticias\/obra-de-teatro-realizada-por-apoderados-del-4-basico-a\/\"]}]},{\"@type\":\"ImageObject\",\"inLanguage\":\"es\",\"@id\":\"https:\/\/www.manquecura.cl\/valle-lo-campino\/noticias\/obra-de-teatro-realizada-por-apoderados-del-4-basico-a\/#primaryimage\",\"url\":\"https:\/\/www.manquecura.cl\/valle-lo-campino\/wp-content\/uploads\/sites\/40\/2022\/05\/Untitled-design-2022-05-02T132548.999.png\",\"contentUrl\":\"https:\/\/www.manquecura.cl\/valle-lo-campino\/wp-content\/uploads\/sites\/40\/2022\/05\/Untitled-design-2022-05-02T132548.999.png\",\"width\":836,\"height\":523},{\"@type\":\"BreadcrumbList\",\"@id\":\"https:\/\/www.manquecura.cl\/valle-lo-campino\/noticias\/obra-de-teatro-realizada-por-apoderados-del-4-basico-a\/#breadcrumb\",\"itemListElement\":[{\"@type\":\"ListItem\",\"position\":1,\"name\":\"Home\",\"item\":\"https:\/\/www.manquecura.cl\/valle-lo-campino\/\"},{\"@type\":\"ListItem\",\"position\":2,\"name\":\"Obra de Teatro realizada por apoderados del 4\u00b0 b\u00e1sico A\"}]},{\"@type\":\"WebSite\",\"@id\":\"https:\/\/www.manquecura.cl\/valle-lo-campino\/#website\",\"url\":\"https:\/\/www.manquecura.cl\/valle-lo-campino\/\",\"name\":\"Colegio Manquecura Valle Lo Campino\",\"description\":\"Parte de los Colegios Cognita\",\"publisher\":{\"@id\":\"https:\/\/www.manquecura.cl\/valle-lo-campino\/#organization\"},\"potentialAction\":[{\"@type\":\"SearchAction\",\"target\":{\"@type\":\"EntryPoint\",\"urlTemplate\":\"https:\/\/www.manquecura.cl\/valle-lo-campino\/?s={search_term_string}\"},\"query-input\":{\"@type\":\"PropertyValueSpecification\",\"valueRequired\":true,\"valueName\":\"search_term_string\"}}],\"inLanguage\":\"es\"},{\"@type\":\"Organization\",\"@id\":\"https:\/\/www.manquecura.cl\/valle-lo-campino\/#organization\",\"name\":\"Colegio Manquecura Valle Lo Campino\",\"url\":\"https:\/\/www.manquecura.cl\/valle-lo-campino\/\",\"logo\":{\"@type\":\"ImageObject\",\"inLanguage\":\"es\",\"@id\":\"https:\/\/www.manquecura.cl\/valle-lo-campino\/#\/schema\/logo\/image\/\",\"url\":\"https:\/\/www.manquecura.cl\/valle-lo-campino\/wp-content\/uploads\/sites\/40\/2025\/02\/logo_Manquecura_Valle-Lo-Campino_horizontal_color.webp\",\"contentUrl\":\"https:\/\/www.manquecura.cl\/valle-lo-campino\/wp-content\/uploads\/sites\/40\/2025\/02\/logo_Manquecura_Valle-Lo-Campino_horizontal_color.webp\",\"width\":400,\"height\":119,\"caption\":\"Colegio Manquecura Valle Lo Campino\"},\"image\":{\"@id\":\"https:\/\/www.manquecura.cl\/valle-lo-campino\/#\/schema\/logo\/image\/\"},\"sameAs\":[\"http:\/\/www.facebook.com\/ColegiosManquecura\",\"http:\/\/www.instagram.com\/manquecura_vallelocampino\/\",\"http:\/\/www.youtube.com\/c\/CognitaChile\"]},{\"@type\":\"Person\",\"@id\":\"https:\/\/www.manquecura.cl\/valle-lo-campino\/#\/schema\/person\/0debeea140e397b5d490ee7e553255d8\",\"name\":\"jorgedelcampo\",\"image\":{\"@type\":\"ImageObject\",\"inLanguage\":\"es\",\"@id\":\"https:\/\/www.manquecura.cl\/valle-lo-campino\/#\/schema\/person\/image\/\",\"url\":\"https:\/\/secure.gravatar.com\/avatar\/4a315f521213b2dc91dbda9bf799f711c8a98ab6f5606ec42cf5b33d1e762e8a?s=96&d=mm&r=g\",\"contentUrl\":\"https:\/\/secure.gravatar.com\/avatar\/4a315f521213b2dc91dbda9bf799f711c8a98ab6f5606ec42cf5b33d1e762e8a?s=96&d=mm&r=g\",\"caption\":\"jorgedelcampo\"}}]}<\/script>\n<!-- \/ Yoast SEO plugin. -->","yoast_head_json":{"title":"Obra de Teatro realizada por apoderados del 4\u00b0 b\u00e1sico A - Colegio Manquecura Valle Lo Campino","robots":{"index":"index","follow":"follow","max-snippet":"max-snippet:-1","max-image-preview":"max-image-preview:large","max-video-preview":"max-video-preview:-1"},"canonical":"https:\/\/www.manquecura.cl\/valle-lo-campino\/noticias\/obra-de-teatro-realizada-por-apoderados-del-4-basico-a\/","og_locale":"es_ES","og_type":"article","og_title":"Obra de Teatro realizada por apoderados del 4\u00b0 b\u00e1sico A - Colegio Manquecura Valle Lo Campino","og_description":"El d\u00eda lunes 25 de abril, los apoderados Katherine Eugenia, Hilda Rodr\u00edguez y Jezka Hidalgo, realizaron como Proyecto Campur del curso. Presentaron la obra de teatro &#8221; El conejo que envidiaba al rat\u00f3n&#8221;, cuyo contenido invitaba a nuestros alumnos a que fortalecieran los lazos de amistad entre ellos y el buen trato practicarlo de manera [&hellip;]","og_url":"https:\/\/www.manquecura.cl\/valle-lo-campino\/noticias\/obra-de-teatro-realizada-por-apoderados-del-4-basico-a\/","og_site_name":"Colegio Manquecura Valle Lo Campino","article_publisher":"http:\/\/www.facebook.com\/ColegiosManquecura","article_published_time":"2022-05-02T17:22:21+00:00","author":"jorgedelcampo","twitter_card":"summary_large_image","twitter_misc":{"Escrito por":"jorgedelcampo"},"schema":{"@context":"https:\/\/schema.org","@graph":[{"@type":"Article","@id":"https:\/\/www.manquecura.cl\/valle-lo-campino\/noticias\/obra-de-teatro-realizada-por-apoderados-del-4-basico-a\/#article","isPartOf":{"@id":"https:\/\/www.manquecura.cl\/valle-lo-campino\/noticias\/obra-de-teatro-realizada-por-apoderados-del-4-basico-a\/"},"author":{"name":"jorgedelcampo","@id":"https:\/\/www.manquecura.cl\/valle-lo-campino\/#\/schema\/person\/0debeea140e397b5d490ee7e553255d8"},"headline":"Obra de Teatro realizada por apoderados del 4\u00b0 b\u00e1sico A","datePublished":"2022-05-02T17:22:21+00:00","mainEntityOfPage":{"@id":"https:\/\/www.manquecura.cl\/valle-lo-campino\/noticias\/obra-de-teatro-realizada-por-apoderados-del-4-basico-a\/"},"wordCount":76,"commentCount":0,"publisher":{"@id":"https:\/\/www.manquecura.cl\/valle-lo-campino\/#organization"},"image":{"@id":"https:\/\/www.manquecura.cl\/valle-lo-campino\/noticias\/obra-de-teatro-realizada-por-apoderados-del-4-basico-a\/#primaryimage"},"thumbnailUrl":"https:\/\/www.manquecura.cl\/valle-lo-campino\/wp-content\/uploads\/sites\/40\/2022\/05\/Untitled-design-2022-05-02T132548.999.png","articleSection":["Vida Escolar"],"inLanguage":"es","potentialAction":[{"@type":"CommentAction","name":"Comment","target":["https:\/\/www.manquecura.cl\/valle-lo-campino\/noticias\/obra-de-teatro-realizada-por-apoderados-del-4-basico-a\/#respond"]}]},{"@type":"WebPage","@id":"https:\/\/www.manquecura.cl\/valle-lo-campino\/noticias\/obra-de-teatro-realizada-por-apoderados-del-4-basico-a\/","url":"https:\/\/www.manquecura.cl\/valle-lo-campino\/noticias\/obra-de-teatro-realizada-por-apoderados-del-4-basico-a\/","name":"Obra de Teatro realizada por apoderados del 4\u00b0 b\u00e1sico A - Colegio Manquecura Valle Lo Campino","isPartOf":{"@id":"https:\/\/www.manquecura.cl\/valle-lo-campino\/#website"},"primaryImageOfPage":{"@id":"https:\/\/www.manquecura.cl\/valle-lo-campino\/noticias\/obra-de-teatro-realizada-por-apoderados-del-4-basico-a\/#primaryimage"},"image":{"@id":"https:\/\/www.manquecura.cl\/valle-lo-campino\/noticias\/obra-de-teatro-realizada-por-apoderados-del-4-basico-a\/#primaryimage"},"thumbnailUrl":"https:\/\/www.manquecura.cl\/valle-lo-campino\/wp-content\/uploads\/sites\/40\/2022\/05\/Untitled-design-2022-05-02T132548.999.png","datePublished":"2022-05-02T17:22:21+00:00","breadcrumb":{"@id":"https:\/\/www.manquecura.cl\/valle-lo-campino\/noticias\/obra-de-teatro-realizada-por-apoderados-del-4-basico-a\/#breadcrumb"},"inLanguage":"es","potentialAction":[{"@type":"ReadAction","target":["https:\/\/www.manquecura.cl\/valle-lo-campino\/noticias\/obra-de-teatro-realizada-por-apoderados-del-4-basico-a\/"]}]},{"@type":"ImageObject","inLanguage":"es","@id":"https:\/\/www.manquecura.cl\/valle-lo-campino\/noticias\/obra-de-teatro-realizada-por-apoderados-del-4-basico-a\/#primaryimage","url":"https:\/\/www.manquecura.cl\/valle-lo-campino\/wp-content\/uploads\/sites\/40\/2022\/05\/Untitled-design-2022-05-02T132548.999.png","contentUrl":"https:\/\/www.manquecura.cl\/valle-lo-campino\/wp-content\/uploads\/sites\/40\/2022\/05\/Untitled-design-2022-05-02T132548.999.png","width":836,"height":523},{"@type":"BreadcrumbList","@id":"https:\/\/www.manquecura.cl\/valle-lo-campino\/noticias\/obra-de-teatro-realizada-por-apoderados-del-4-basico-a\/#breadcrumb","itemListElement":[{"@type":"ListItem","position":1,"name":"Home","item":"https:\/\/www.manquecura.cl\/valle-lo-campino\/"},{"@type":"ListItem","position":2,"name":"Obra de Teatro realizada por apoderados del 4\u00b0 b\u00e1sico A"}]},{"@type":"WebSite","@id":"https:\/\/www.manquecura.cl\/valle-lo-campino\/#website","url":"https:\/\/www.manquecura.cl\/valle-lo-campino\/","name":"Colegio Manquecura Valle Lo Campino","description":"Parte de los Colegios Cognita","publisher":{"@id":"https:\/\/www.manquecura.cl\/valle-lo-campino\/#organization"},"potentialAction":[{"@type":"SearchAction","target":{"@type":"EntryPoint","urlTemplate":"https:\/\/www.manquecura.cl\/valle-lo-campino\/?s={search_term_string}"},"query-input":{"@type":"PropertyValueSpecification","valueRequired":true,"valueName":"search_term_string"}}],"inLanguage":"es"},{"@type":"Organization","@id":"https:\/\/www.manquecura.cl\/valle-lo-campino\/#organization","name":"Colegio Manquecura Valle Lo Campino","url":"https:\/\/www.manquecura.cl\/valle-lo-campino\/","logo":{"@type":"ImageObject","inLanguage":"es","@id":"https:\/\/www.manquecura.cl\/valle-lo-campino\/#\/schema\/logo\/image\/","url":"https:\/\/www.manquecura.cl\/valle-lo-campino\/wp-content\/uploads\/sites\/40\/2025\/02\/logo_Manquecura_Valle-Lo-Campino_horizontal_color.webp","contentUrl":"https:\/\/www.manquecura.cl\/valle-lo-campino\/wp-content\/uploads\/sites\/40\/2025\/02\/logo_Manquecura_Valle-Lo-Campino_horizontal_color.webp","width":400,"height":119,"caption":"Colegio Manquecura Valle Lo Campino"},"image":{"@id":"https:\/\/www.manquecura.cl\/valle-lo-campino\/#\/schema\/logo\/image\/"},"sameAs":["http:\/\/www.facebook.com\/ColegiosManquecura","http:\/\/www.instagram.com\/manquecura_vallelocampino\/","http:\/\/www.youtube.com\/c\/CognitaChile"]},{"@type":"Person","@id":"https:\/\/www.manquecura.cl\/valle-lo-campino\/#\/schema\/person\/0debeea140e397b5d490ee7e553255d8","name":"jorgedelcampo","image":{"@type":"ImageObject","inLanguage":"es","@id":"https:\/\/www.manquecura.cl\/valle-lo-campino\/#\/schema\/person\/image\/","url":"https:\/\/secure.gravatar.com\/avatar\/4a315f521213b2dc91dbda9bf799f711c8a98ab6f5606ec42cf5b33d1e762e8a?s=96&d=mm&r=g","contentUrl":"https:\/\/secure.gravatar.com\/avatar\/4a315f521213b2dc91dbda9bf799f711c8a98ab6f5606ec42cf5b33d1e762e8a?s=96&d=mm&r=g","caption":"jorgedelcampo"}}]}},"jetpack_featured_media_url":"https:\/\/www.manquecura.cl\/valle-lo-campino\/wp-content\/uploads\/sites\/40\/2022\/05\/Untitled-design-2022-05-02T132548.999.png","previous_post_ID":11695,"previous_post_title":"Estudiantes de 8\u00b0 b\u00e1sico recrean feudos medievales en el videojuego Minecraft.","previous_post_excerpt":"Durante el mes de abril, los estudiantes de 8\u00b0 b\u00e1sico de nuestro colegio trabajaron en un proyecto tecnol\u00f3gico en la asignatura de Historia, Geograf\u00eda y Ciencias Sociales, cuyo objetivo fue recrear un feudo medieval dentro del videojuego Minecraft. La actividad consisti\u00f3 en grupos de trabajo que recrearon un feudo seg\u00fan las instrucciones entregadas por el [&hellip;]","previous_post_link":"https:\/\/www.manquecura.cl\/valle-lo-campino\/noticias\/estudiantes-de-8-basico-recrean-feudos-medievales-en-el-videojuego-minecraft\/","previous_post_class":["post-11695","post","type-post","status-publish","format-standard","has-post-thumbnail","hentry","category-vida-escolar"],"next_post_ID":11714,"next_post_title":"Elecciones Campur General 2022","next_post_excerpt":"El pasado d\u00eda jueves 28 de abril, con una gran participaci\u00f3n de nuestros alumnos del ciclo de Ense\u00f1anza Media, se desarrollaron las votaciones para la elecci\u00f3n del\u00a0CAMPUR\u00a0general de estudiantes 2022. La lista fue ratificada como ganadora, fue la lista A conformada por las siguientes estudiantes: C &#8211; Sof\u00eda Leiva IIA A &#8211; Constanza Loyola IIIC [&hellip;]","next_post_link":"https:\/\/www.manquecura.cl\/valle-lo-campino\/noticias\/elecciones-campur-general-2022\/","next_post_class":["post-11714","post","type-post","status-publish","format-standard","has-post-thumbnail","hentry","category-vida-escolar"],"jetpack_sharing_enabled":true,"_links":{"self":[{"href":"https:\/\/www.manquecura.cl\/valle-lo-campino\/wp-json\/wp\/v2\/posts\/11707","targetHints":{"allow":["GET"]}}],"collection":[{"href":"https:\/\/www.manquecura.cl\/valle-lo-campino\/wp-json\/wp\/v2\/posts"}],"about":[{"href":"https:\/\/www.manquecura.cl\/valle-lo-campino\/wp-json\/wp\/v2\/types\/post"}],"author":[{"embeddable":true,"href":"https:\/\/www.manquecura.cl\/valle-lo-campino\/wp-json\/wp\/v2\/users\/14"}],"replies":[{"embeddable":true,"href":"https:\/\/www.manquecura.cl\/valle-lo-campino\/wp-json\/wp\/v2\/comments?post=11707"}],"version-history":[{"count":0,"href":"https:\/\/www.manquecura.cl\/valle-lo-campino\/wp-json\/wp\/v2\/posts\/11707\/revisions"}],"wp:featuredmedia":[{"embeddable":true,"href":"https:\/\/www.manquecura.cl\/valle-lo-campino\/wp-json\/wp\/v2\/media\/11711"}],"wp:attachment":[{"href":"https:\/\/www.manquecura.cl\/valle-lo-campino\/wp-json\/wp\/v2\/media?parent=11707"}],"wp:term":[{"taxonomy":"category","embeddable":true,"href":"https:\/\/www.manquecura.cl\/valle-lo-campino\/wp-json\/wp\/v2\/categories?post=11707"},{"taxonomy":"post_tag","embeddable":true,"href":"https:\/\/www.manquecura.cl\/valle-lo-campino\/wp-json\/wp\/v2\/tags?post=11707"}],"curies":[{"name":"wp","href":"https:\/\/api.w.org\/{rel}","templated":true}]}}