{"id":26042,"date":"2025-01-08T17:27:13","date_gmt":"2025-01-08T20:27:13","guid":{"rendered":"https:\/\/www.manquecura.cl\/ciudad-del-este\/?p=26042"},"modified":"2025-02-25T02:24:20","modified_gmt":"2025-02-25T02:24:20","slug":"destacados-puntajes-obtuvo-la-generacion-2024","status":"publish","type":"post","link":"https:\/\/www.manquecura.cl\/ciudad-del-este\/noticias\/destacados-puntajes-obtuvo-la-generacion-2024\/","title":{"rendered":"Destacados puntajes obtuvo la Generaci\u00f3n 2024"},"content":{"rendered":"<p>Un destacado resultado obtuvieron los estudiantes que respondieron la PAES, quienes tuvieron nivel de excelencia excepcional.<\/p>\n<p>Un reconocimiento especial a los alumnos que superaron los 900 puntos, que son el fruto del esfuerzo de nuestros estudiantes, el apoyo incondicional de sus familias y la dedicaci\u00f3n de nuestro equipo docente.<\/p>\n<p>Juntos, hemos construido una comunidad educativa que celebra el \u00e9xito y fomenta el crecimiento.<\/p>\n<p>A la Generaci\u00f3n 2024, les deseamos un futuro lleno de \u00e9xitos y nuevos desaf\u00edos.<\/p>\n<div id='gallery-2' class='gallery galleryid-26042 gallery-columns-3 gallery-size-thumbnail'><figure class='gallery-item'>\n\t\t\t<div class='gallery-icon landscape'>\n\t\t\t\t<a href='https:\/\/www.manquecura.cl\/ciudad-del-este\/wp-content\/uploads\/sites\/41\/2023\/11\/9-4.jpg'><img loading=\"lazy\" decoding=\"async\" width=\"150\" height=\"150\" src=\"https:\/\/www.manquecura.cl\/ciudad-del-este\/wp-content\/uploads\/sites\/41\/2023\/11\/9-4.jpg?w=150&amp;h=150&amp;crop=1\" class=\"attachment-thumbnail size-thumbnail\" alt=\"\" \/><\/a>\n\t\t\t<\/div><\/figure><figure class='gallery-item'>\n\t\t\t<div class='gallery-icon landscape'>\n\t\t\t\t<a href='https:\/\/www.manquecura.cl\/ciudad-del-este\/wp-content\/uploads\/sites\/41\/2025\/01\/01-Antonia-Manriquez-Astete-PAES-CDE_.jpg'><img loading=\"lazy\" decoding=\"async\" width=\"150\" height=\"150\" src=\"https:\/\/www.manquecura.cl\/ciudad-del-este\/wp-content\/uploads\/sites\/41\/2025\/01\/01-Antonia-Manriquez-Astete-PAES-CDE_.jpg?w=150&amp;h=150&amp;crop=1\" class=\"attachment-thumbnail size-thumbnail\" alt=\"\" srcset=\"https:\/\/www.manquecura.cl\/ciudad-del-este\/wp-content\/uploads\/sites\/41\/2025\/01\/01-Antonia-Manriquez-Astete-PAES-CDE_.jpg 1080w, https:\/\/www.manquecura.cl\/ciudad-del-este\/wp-content\/uploads\/sites\/41\/2025\/01\/01-Antonia-Manriquez-Astete-PAES-CDE_.jpg?resize=150,150 150w, https:\/\/www.manquecura.cl\/ciudad-del-este\/wp-content\/uploads\/sites\/41\/2025\/01\/01-Antonia-Manriquez-Astete-PAES-CDE_.jpg?resize=300,300 300w, https:\/\/www.manquecura.cl\/ciudad-del-este\/wp-content\/uploads\/sites\/41\/2025\/01\/01-Antonia-Manriquez-Astete-PAES-CDE_.jpg?resize=768,768 768w, https:\/\/www.manquecura.cl\/ciudad-del-este\/wp-content\/uploads\/sites\/41\/2025\/01\/01-Antonia-Manriquez-Astete-PAES-CDE_.jpg?resize=1024,1024 1024w\" sizes=\"auto, (max-width: 150px) 100vw, 150px\" \/><\/a>\n\t\t\t<\/div><\/figure><figure class='gallery-item'>\n\t\t\t<div class='gallery-icon landscape'>\n\t\t\t\t<a href='https:\/\/www.manquecura.cl\/ciudad-del-este\/wp-content\/uploads\/sites\/41\/2025\/01\/02-Catalina-Mena-Maureira-PAES-CDE_.jpg'><img loading=\"lazy\" decoding=\"async\" width=\"150\" height=\"150\" src=\"https:\/\/www.manquecura.cl\/ciudad-del-este\/wp-content\/uploads\/sites\/41\/2025\/01\/02-Catalina-Mena-Maureira-PAES-CDE_.jpg?w=150&amp;h=150&amp;crop=1\" class=\"attachment-thumbnail size-thumbnail\" alt=\"\" srcset=\"https:\/\/www.manquecura.cl\/ciudad-del-este\/wp-content\/uploads\/sites\/41\/2025\/01\/02-Catalina-Mena-Maureira-PAES-CDE_.jpg 1080w, https:\/\/www.manquecura.cl\/ciudad-del-este\/wp-content\/uploads\/sites\/41\/2025\/01\/02-Catalina-Mena-Maureira-PAES-CDE_.jpg?resize=150,150 150w, https:\/\/www.manquecura.cl\/ciudad-del-este\/wp-content\/uploads\/sites\/41\/2025\/01\/02-Catalina-Mena-Maureira-PAES-CDE_.jpg?resize=300,300 300w, https:\/\/www.manquecura.cl\/ciudad-del-este\/wp-content\/uploads\/sites\/41\/2025\/01\/02-Catalina-Mena-Maureira-PAES-CDE_.jpg?resize=768,768 768w, https:\/\/www.manquecura.cl\/ciudad-del-este\/wp-content\/uploads\/sites\/41\/2025\/01\/02-Catalina-Mena-Maureira-PAES-CDE_.jpg?resize=1024,1024 1024w\" sizes=\"auto, (max-width: 150px) 100vw, 150px\" \/><\/a>\n\t\t\t<\/div><\/figure><figure class='gallery-item'>\n\t\t\t<div class='gallery-icon landscape'>\n\t\t\t\t<a href='https:\/\/www.manquecura.cl\/ciudad-del-este\/wp-content\/uploads\/sites\/41\/2025\/01\/03-Benjamin-Quijada-Saldia-PAES-CDE_.jpg'><img loading=\"lazy\" decoding=\"async\" width=\"150\" height=\"150\" src=\"https:\/\/www.manquecura.cl\/ciudad-del-este\/wp-content\/uploads\/sites\/41\/2025\/01\/03-Benjamin-Quijada-Saldia-PAES-CDE_.jpg?w=150&amp;h=150&amp;crop=1\" class=\"attachment-thumbnail size-thumbnail\" alt=\"\" srcset=\"https:\/\/www.manquecura.cl\/ciudad-del-este\/wp-content\/uploads\/sites\/41\/2025\/01\/03-Benjamin-Quijada-Saldia-PAES-CDE_.jpg 1080w, https:\/\/www.manquecura.cl\/ciudad-del-este\/wp-content\/uploads\/sites\/41\/2025\/01\/03-Benjamin-Quijada-Saldia-PAES-CDE_.jpg?resize=150,150 150w, https:\/\/www.manquecura.cl\/ciudad-del-este\/wp-content\/uploads\/sites\/41\/2025\/01\/03-Benjamin-Quijada-Saldia-PAES-CDE_.jpg?resize=300,300 300w, https:\/\/www.manquecura.cl\/ciudad-del-este\/wp-content\/uploads\/sites\/41\/2025\/01\/03-Benjamin-Quijada-Saldia-PAES-CDE_.jpg?resize=768,768 768w, https:\/\/www.manquecura.cl\/ciudad-del-este\/wp-content\/uploads\/sites\/41\/2025\/01\/03-Benjamin-Quijada-Saldia-PAES-CDE_.jpg?resize=1024,1024 1024w\" sizes=\"auto, (max-width: 150px) 100vw, 150px\" \/><\/a>\n\t\t\t<\/div><\/figure><figure class='gallery-item'>\n\t\t\t<div class='gallery-icon landscape'>\n\t\t\t\t<a href='https:\/\/www.manquecura.cl\/ciudad-del-este\/wp-content\/uploads\/sites\/41\/2025\/01\/04-Santiago-Juan-Alvarez-PAES-CDE_.jpg'><img loading=\"lazy\" decoding=\"async\" width=\"150\" height=\"150\" src=\"https:\/\/www.manquecura.cl\/ciudad-del-este\/wp-content\/uploads\/sites\/41\/2025\/01\/04-Santiago-Juan-Alvarez-PAES-CDE_.jpg?w=150&amp;h=150&amp;crop=1\" class=\"attachment-thumbnail size-thumbnail\" alt=\"\" srcset=\"https:\/\/www.manquecura.cl\/ciudad-del-este\/wp-content\/uploads\/sites\/41\/2025\/01\/04-Santiago-Juan-Alvarez-PAES-CDE_.jpg 1080w, https:\/\/www.manquecura.cl\/ciudad-del-este\/wp-content\/uploads\/sites\/41\/2025\/01\/04-Santiago-Juan-Alvarez-PAES-CDE_.jpg?resize=150,150 150w, https:\/\/www.manquecura.cl\/ciudad-del-este\/wp-content\/uploads\/sites\/41\/2025\/01\/04-Santiago-Juan-Alvarez-PAES-CDE_.jpg?resize=300,300 300w, https:\/\/www.manquecura.cl\/ciudad-del-este\/wp-content\/uploads\/sites\/41\/2025\/01\/04-Santiago-Juan-Alvarez-PAES-CDE_.jpg?resize=768,768 768w, https:\/\/www.manquecura.cl\/ciudad-del-este\/wp-content\/uploads\/sites\/41\/2025\/01\/04-Santiago-Juan-Alvarez-PAES-CDE_.jpg?resize=1024,1024 1024w\" sizes=\"auto, (max-width: 150px) 100vw, 150px\" \/><\/a>\n\t\t\t<\/div><\/figure><figure class='gallery-item'>\n\t\t\t<div class='gallery-icon landscape'>\n\t\t\t\t<a href='https:\/\/www.manquecura.cl\/ciudad-del-este\/wp-content\/uploads\/sites\/41\/2025\/01\/05-Benjamin-Llano-Mena-PAES-CDE_.jpg'><img loading=\"lazy\" decoding=\"async\" width=\"150\" height=\"150\" src=\"https:\/\/www.manquecura.cl\/ciudad-del-este\/wp-content\/uploads\/sites\/41\/2025\/01\/05-Benjamin-Llano-Mena-PAES-CDE_.jpg?w=150&amp;h=150&amp;crop=1\" class=\"attachment-thumbnail size-thumbnail\" alt=\"\" srcset=\"https:\/\/www.manquecura.cl\/ciudad-del-este\/wp-content\/uploads\/sites\/41\/2025\/01\/05-Benjamin-Llano-Mena-PAES-CDE_.jpg 1080w, https:\/\/www.manquecura.cl\/ciudad-del-este\/wp-content\/uploads\/sites\/41\/2025\/01\/05-Benjamin-Llano-Mena-PAES-CDE_.jpg?resize=150,150 150w, https:\/\/www.manquecura.cl\/ciudad-del-este\/wp-content\/uploads\/sites\/41\/2025\/01\/05-Benjamin-Llano-Mena-PAES-CDE_.jpg?resize=300,300 300w, https:\/\/www.manquecura.cl\/ciudad-del-este\/wp-content\/uploads\/sites\/41\/2025\/01\/05-Benjamin-Llano-Mena-PAES-CDE_.jpg?resize=768,768 768w, https:\/\/www.manquecura.cl\/ciudad-del-este\/wp-content\/uploads\/sites\/41\/2025\/01\/05-Benjamin-Llano-Mena-PAES-CDE_.jpg?resize=1024,1024 1024w\" sizes=\"auto, (max-width: 150px) 100vw, 150px\" \/><\/a>\n\t\t\t<\/div><\/figure>\n\t\t<\/div>\n\n"},"excerpt":{"rendered":"<p>Un destacado resultado obtuvieron los estudiantes que respondieron la PAES, quienes tuvieron nivel de excelencia excepcional. Un reconocimiento especial a los alumnos que superaron los 900 puntos, que son el fruto del esfuerzo de nuestros estudiantes, el apoyo incondicional de sus familias y la dedicaci\u00f3n de nuestro equipo docente. Juntos, hemos construido una comunidad educativa [&hellip;]<\/p>\n","protected":false},"author":34,"featured_media":26043,"comment_status":"open","ping_status":"open","sticky":false,"template":"","format":"standard","meta":{"_acf_changed":false,"content-type":"","_jetpack_memberships_contains_paid_content":false,"footnotes":""},"categories":[1],"tags":[],"class_list":["post-26042","post","type-post","status-publish","format-standard","has-post-thumbnail","hentry","category-vida-escolar"],"acf":[],"yoast_head":"<!-- This site is optimized with the Yoast SEO plugin v27.1.1 - https:\/\/yoast.com\/product\/yoast-seo-wordpress\/ -->\n<title>Destacados puntajes obtuvo la Generaci\u00f3n 2024 - Colegio Manquecura Ciudad del Este<\/title>\n<meta name=\"robots\" content=\"index, follow, max-snippet:-1, max-image-preview:large, max-video-preview:-1\" \/>\n<link rel=\"canonical\" href=\"https:\/\/www.manquecura.cl\/ciudad-del-este\/noticias\/destacados-puntajes-obtuvo-la-generacion-2024\/\" \/>\n<meta property=\"og:locale\" content=\"es_ES\" \/>\n<meta property=\"og:type\" content=\"article\" \/>\n<meta property=\"og:title\" content=\"Destacados puntajes obtuvo la Generaci\u00f3n 2024 - Colegio Manquecura Ciudad del Este\" \/>\n<meta property=\"og:description\" content=\"Un destacado resultado obtuvieron los estudiantes que respondieron la PAES, quienes tuvieron nivel de excelencia excepcional. Un reconocimiento especial a los alumnos que superaron los 900 puntos, que son el fruto del esfuerzo de nuestros estudiantes, el apoyo incondicional de sus familias y la dedicaci\u00f3n de nuestro equipo docente. Juntos, hemos construido una comunidad educativa [&hellip;]\" \/>\n<meta property=\"og:url\" content=\"https:\/\/www.manquecura.cl\/ciudad-del-este\/noticias\/destacados-puntajes-obtuvo-la-generacion-2024\/\" \/>\n<meta property=\"og:site_name\" content=\"Colegio Manquecura Ciudad del Este\" \/>\n<meta property=\"article:publisher\" content=\"http:\/\/www.facebook.com\/ColegiosManquecura\" \/>\n<meta property=\"article:published_time\" content=\"2025-01-08T20:27:13+00:00\" \/>\n<meta property=\"article:modified_time\" content=\"2025-02-25T02:24:20+00:00\" \/>\n<meta property=\"og:image\" content=\"https:\/\/www.manquecura.cl\/ciudad-del-este\/wp-content\/uploads\/sites\/41\/2025\/01\/PAES-MANQUECURA-CIUDAD-DEL-ESTE.png\" \/>\n\t<meta property=\"og:image:width\" content=\"836\" \/>\n\t<meta property=\"og:image:height\" content=\"523\" \/>\n\t<meta property=\"og:image:type\" content=\"image\/png\" \/>\n<meta name=\"author\" content=\"danielacastro\" \/>\n<meta name=\"twitter:card\" content=\"summary_large_image\" \/>\n<meta name=\"twitter:label1\" content=\"Escrito por\" \/>\n\t<meta name=\"twitter:data1\" content=\"danielacastro\" \/>\n\t<meta name=\"twitter:label2\" content=\"Tiempo de lectura\" \/>\n\t<meta name=\"twitter:data2\" content=\"1 minuto\" \/>\n<script type=\"application\/ld+json\" class=\"yoast-schema-graph\">{\"@context\":\"https:\/\/schema.org\",\"@graph\":[{\"@type\":\"Article\",\"@id\":\"https:\/\/www.manquecura.cl\/ciudad-del-este\/noticias\/destacados-puntajes-obtuvo-la-generacion-2024\/#article\",\"isPartOf\":{\"@id\":\"https:\/\/www.manquecura.cl\/ciudad-del-este\/noticias\/destacados-puntajes-obtuvo-la-generacion-2024\/\"},\"author\":{\"name\":\"danielacastro\",\"@id\":\"https:\/\/www.manquecura.cl\/ciudad-del-este\/#\/schema\/person\/5eb92a7b45165cdbdbb271bcdacc9d9e\"},\"headline\":\"Destacados puntajes obtuvo la Generaci\u00f3n 2024\",\"datePublished\":\"2025-01-08T20:27:13+00:00\",\"dateModified\":\"2025-02-25T02:24:20+00:00\",\"mainEntityOfPage\":{\"@id\":\"https:\/\/www.manquecura.cl\/ciudad-del-este\/noticias\/destacados-puntajes-obtuvo-la-generacion-2024\/\"},\"wordCount\":88,\"commentCount\":0,\"publisher\":{\"@id\":\"https:\/\/www.manquecura.cl\/ciudad-del-este\/#organization\"},\"image\":{\"@id\":\"https:\/\/www.manquecura.cl\/ciudad-del-este\/noticias\/destacados-puntajes-obtuvo-la-generacion-2024\/#primaryimage\"},\"thumbnailUrl\":\"https:\/\/www.manquecura.cl\/ciudad-del-este\/wp-content\/uploads\/sites\/41\/2025\/01\/PAES-MANQUECURA-CIUDAD-DEL-ESTE.png\",\"articleSection\":[\"Vida Escolar\"],\"inLanguage\":\"es\",\"potentialAction\":[{\"@type\":\"CommentAction\",\"name\":\"Comment\",\"target\":[\"https:\/\/www.manquecura.cl\/ciudad-del-este\/noticias\/destacados-puntajes-obtuvo-la-generacion-2024\/#respond\"]}]},{\"@type\":\"WebPage\",\"@id\":\"https:\/\/www.manquecura.cl\/ciudad-del-este\/noticias\/destacados-puntajes-obtuvo-la-generacion-2024\/\",\"url\":\"https:\/\/www.manquecura.cl\/ciudad-del-este\/noticias\/destacados-puntajes-obtuvo-la-generacion-2024\/\",\"name\":\"Destacados puntajes obtuvo la Generaci\u00f3n 2024 - Colegio Manquecura Ciudad del Este\",\"isPartOf\":{\"@id\":\"https:\/\/www.manquecura.cl\/ciudad-del-este\/#website\"},\"primaryImageOfPage\":{\"@id\":\"https:\/\/www.manquecura.cl\/ciudad-del-este\/noticias\/destacados-puntajes-obtuvo-la-generacion-2024\/#primaryimage\"},\"image\":{\"@id\":\"https:\/\/www.manquecura.cl\/ciudad-del-este\/noticias\/destacados-puntajes-obtuvo-la-generacion-2024\/#primaryimage\"},\"thumbnailUrl\":\"https:\/\/www.manquecura.cl\/ciudad-del-este\/wp-content\/uploads\/sites\/41\/2025\/01\/PAES-MANQUECURA-CIUDAD-DEL-ESTE.png\",\"datePublished\":\"2025-01-08T20:27:13+00:00\",\"dateModified\":\"2025-02-25T02:24:20+00:00\",\"breadcrumb\":{\"@id\":\"https:\/\/www.manquecura.cl\/ciudad-del-este\/noticias\/destacados-puntajes-obtuvo-la-generacion-2024\/#breadcrumb\"},\"inLanguage\":\"es\",\"potentialAction\":[{\"@type\":\"ReadAction\",\"target\":[\"https:\/\/www.manquecura.cl\/ciudad-del-este\/noticias\/destacados-puntajes-obtuvo-la-generacion-2024\/\"]}]},{\"@type\":\"ImageObject\",\"inLanguage\":\"es\",\"@id\":\"https:\/\/www.manquecura.cl\/ciudad-del-este\/noticias\/destacados-puntajes-obtuvo-la-generacion-2024\/#primaryimage\",\"url\":\"https:\/\/www.manquecura.cl\/ciudad-del-este\/wp-content\/uploads\/sites\/41\/2025\/01\/PAES-MANQUECURA-CIUDAD-DEL-ESTE.png\",\"contentUrl\":\"https:\/\/www.manquecura.cl\/ciudad-del-este\/wp-content\/uploads\/sites\/41\/2025\/01\/PAES-MANQUECURA-CIUDAD-DEL-ESTE.png\",\"width\":836,\"height\":523},{\"@type\":\"BreadcrumbList\",\"@id\":\"https:\/\/www.manquecura.cl\/ciudad-del-este\/noticias\/destacados-puntajes-obtuvo-la-generacion-2024\/#breadcrumb\",\"itemListElement\":[{\"@type\":\"ListItem\",\"position\":1,\"name\":\"Home\",\"item\":\"https:\/\/www.manquecura.cl\/ciudad-del-este\/\"},{\"@type\":\"ListItem\",\"position\":2,\"name\":\"Destacados puntajes obtuvo la Generaci\u00f3n 2024\"}]},{\"@type\":\"WebSite\",\"@id\":\"https:\/\/www.manquecura.cl\/ciudad-del-este\/#website\",\"url\":\"https:\/\/www.manquecura.cl\/ciudad-del-este\/\",\"name\":\"Colegio Manquecura Ciudad del Este\",\"description\":\"\",\"publisher\":{\"@id\":\"https:\/\/www.manquecura.cl\/ciudad-del-este\/#organization\"},\"potentialAction\":[{\"@type\":\"SearchAction\",\"target\":{\"@type\":\"EntryPoint\",\"urlTemplate\":\"https:\/\/www.manquecura.cl\/ciudad-del-este\/?s={search_term_string}\"},\"query-input\":{\"@type\":\"PropertyValueSpecification\",\"valueRequired\":true,\"valueName\":\"search_term_string\"}}],\"inLanguage\":\"es\"},{\"@type\":\"Organization\",\"@id\":\"https:\/\/www.manquecura.cl\/ciudad-del-este\/#organization\",\"name\":\"Colegio Manquecura Ciudad del Este\",\"url\":\"https:\/\/www.manquecura.cl\/ciudad-del-este\/\",\"logo\":{\"@type\":\"ImageObject\",\"inLanguage\":\"es\",\"@id\":\"https:\/\/www.manquecura.cl\/ciudad-del-este\/#\/schema\/logo\/image\/\",\"url\":\"https:\/\/www.manquecura.cl\/ciudad-del-este\/wp-content\/uploads\/sites\/41\/2023\/09\/logo_Manquecura_Ciudad-del-Este_horizontal_color-1.png\",\"contentUrl\":\"https:\/\/www.manquecura.cl\/ciudad-del-este\/wp-content\/uploads\/sites\/41\/2023\/09\/logo_Manquecura_Ciudad-del-Este_horizontal_color-1.png\",\"width\":611,\"height\":183,\"caption\":\"Colegio Manquecura Ciudad del Este\"},\"image\":{\"@id\":\"https:\/\/www.manquecura.cl\/ciudad-del-este\/#\/schema\/logo\/image\/\"},\"sameAs\":[\"http:\/\/www.facebook.com\/ColegiosManquecura\",\"http:\/\/www.instagram.com\/manquecura_ciudaddeleste\/\",\"http:\/\/www.youtube.com\/c\/CognitaChile\"]},{\"@type\":\"Person\",\"@id\":\"https:\/\/www.manquecura.cl\/ciudad-del-este\/#\/schema\/person\/5eb92a7b45165cdbdbb271bcdacc9d9e\",\"name\":\"danielacastro\",\"image\":{\"@type\":\"ImageObject\",\"inLanguage\":\"es\",\"@id\":\"https:\/\/www.manquecura.cl\/ciudad-del-este\/#\/schema\/person\/image\/\",\"url\":\"https:\/\/secure.gravatar.com\/avatar\/16a603f2cc3ad485cabfe7c59b923050a809d8344cba940b4148737780592211?s=96&d=mm&r=g\",\"contentUrl\":\"https:\/\/secure.gravatar.com\/avatar\/16a603f2cc3ad485cabfe7c59b923050a809d8344cba940b4148737780592211?s=96&d=mm&r=g\",\"caption\":\"danielacastro\"}}]}<\/script>\n<!-- \/ Yoast SEO plugin. -->","yoast_head_json":{"title":"Destacados puntajes obtuvo la Generaci\u00f3n 2024 - Colegio Manquecura Ciudad del Este","robots":{"index":"index","follow":"follow","max-snippet":"max-snippet:-1","max-image-preview":"max-image-preview:large","max-video-preview":"max-video-preview:-1"},"canonical":"https:\/\/www.manquecura.cl\/ciudad-del-este\/noticias\/destacados-puntajes-obtuvo-la-generacion-2024\/","og_locale":"es_ES","og_type":"article","og_title":"Destacados puntajes obtuvo la Generaci\u00f3n 2024 - Colegio Manquecura Ciudad del Este","og_description":"Un destacado resultado obtuvieron los estudiantes que respondieron la PAES, quienes tuvieron nivel de excelencia excepcional. Un reconocimiento especial a los alumnos que superaron los 900 puntos, que son el fruto del esfuerzo de nuestros estudiantes, el apoyo incondicional de sus familias y la dedicaci\u00f3n de nuestro equipo docente. Juntos, hemos construido una comunidad educativa [&hellip;]","og_url":"https:\/\/www.manquecura.cl\/ciudad-del-este\/noticias\/destacados-puntajes-obtuvo-la-generacion-2024\/","og_site_name":"Colegio Manquecura Ciudad del Este","article_publisher":"http:\/\/www.facebook.com\/ColegiosManquecura","article_published_time":"2025-01-08T20:27:13+00:00","article_modified_time":"2025-02-25T02:24:20+00:00","og_image":[{"width":836,"height":523,"url":"https:\/\/www.manquecura.cl\/ciudad-del-este\/wp-content\/uploads\/sites\/41\/2025\/01\/PAES-MANQUECURA-CIUDAD-DEL-ESTE.png","type":"image\/png"}],"author":"danielacastro","twitter_card":"summary_large_image","twitter_misc":{"Escrito por":"danielacastro","Tiempo de lectura":"1 minuto"},"schema":{"@context":"https:\/\/schema.org","@graph":[{"@type":"Article","@id":"https:\/\/www.manquecura.cl\/ciudad-del-este\/noticias\/destacados-puntajes-obtuvo-la-generacion-2024\/#article","isPartOf":{"@id":"https:\/\/www.manquecura.cl\/ciudad-del-este\/noticias\/destacados-puntajes-obtuvo-la-generacion-2024\/"},"author":{"name":"danielacastro","@id":"https:\/\/www.manquecura.cl\/ciudad-del-este\/#\/schema\/person\/5eb92a7b45165cdbdbb271bcdacc9d9e"},"headline":"Destacados puntajes obtuvo la Generaci\u00f3n 2024","datePublished":"2025-01-08T20:27:13+00:00","dateModified":"2025-02-25T02:24:20+00:00","mainEntityOfPage":{"@id":"https:\/\/www.manquecura.cl\/ciudad-del-este\/noticias\/destacados-puntajes-obtuvo-la-generacion-2024\/"},"wordCount":88,"commentCount":0,"publisher":{"@id":"https:\/\/www.manquecura.cl\/ciudad-del-este\/#organization"},"image":{"@id":"https:\/\/www.manquecura.cl\/ciudad-del-este\/noticias\/destacados-puntajes-obtuvo-la-generacion-2024\/#primaryimage"},"thumbnailUrl":"https:\/\/www.manquecura.cl\/ciudad-del-este\/wp-content\/uploads\/sites\/41\/2025\/01\/PAES-MANQUECURA-CIUDAD-DEL-ESTE.png","articleSection":["Vida Escolar"],"inLanguage":"es","potentialAction":[{"@type":"CommentAction","name":"Comment","target":["https:\/\/www.manquecura.cl\/ciudad-del-este\/noticias\/destacados-puntajes-obtuvo-la-generacion-2024\/#respond"]}]},{"@type":"WebPage","@id":"https:\/\/www.manquecura.cl\/ciudad-del-este\/noticias\/destacados-puntajes-obtuvo-la-generacion-2024\/","url":"https:\/\/www.manquecura.cl\/ciudad-del-este\/noticias\/destacados-puntajes-obtuvo-la-generacion-2024\/","name":"Destacados puntajes obtuvo la Generaci\u00f3n 2024 - Colegio Manquecura Ciudad del Este","isPartOf":{"@id":"https:\/\/www.manquecura.cl\/ciudad-del-este\/#website"},"primaryImageOfPage":{"@id":"https:\/\/www.manquecura.cl\/ciudad-del-este\/noticias\/destacados-puntajes-obtuvo-la-generacion-2024\/#primaryimage"},"image":{"@id":"https:\/\/www.manquecura.cl\/ciudad-del-este\/noticias\/destacados-puntajes-obtuvo-la-generacion-2024\/#primaryimage"},"thumbnailUrl":"https:\/\/www.manquecura.cl\/ciudad-del-este\/wp-content\/uploads\/sites\/41\/2025\/01\/PAES-MANQUECURA-CIUDAD-DEL-ESTE.png","datePublished":"2025-01-08T20:27:13+00:00","dateModified":"2025-02-25T02:24:20+00:00","breadcrumb":{"@id":"https:\/\/www.manquecura.cl\/ciudad-del-este\/noticias\/destacados-puntajes-obtuvo-la-generacion-2024\/#breadcrumb"},"inLanguage":"es","potentialAction":[{"@type":"ReadAction","target":["https:\/\/www.manquecura.cl\/ciudad-del-este\/noticias\/destacados-puntajes-obtuvo-la-generacion-2024\/"]}]},{"@type":"ImageObject","inLanguage":"es","@id":"https:\/\/www.manquecura.cl\/ciudad-del-este\/noticias\/destacados-puntajes-obtuvo-la-generacion-2024\/#primaryimage","url":"https:\/\/www.manquecura.cl\/ciudad-del-este\/wp-content\/uploads\/sites\/41\/2025\/01\/PAES-MANQUECURA-CIUDAD-DEL-ESTE.png","contentUrl":"https:\/\/www.manquecura.cl\/ciudad-del-este\/wp-content\/uploads\/sites\/41\/2025\/01\/PAES-MANQUECURA-CIUDAD-DEL-ESTE.png","width":836,"height":523},{"@type":"BreadcrumbList","@id":"https:\/\/www.manquecura.cl\/ciudad-del-este\/noticias\/destacados-puntajes-obtuvo-la-generacion-2024\/#breadcrumb","itemListElement":[{"@type":"ListItem","position":1,"name":"Home","item":"https:\/\/www.manquecura.cl\/ciudad-del-este\/"},{"@type":"ListItem","position":2,"name":"Destacados puntajes obtuvo la Generaci\u00f3n 2024"}]},{"@type":"WebSite","@id":"https:\/\/www.manquecura.cl\/ciudad-del-este\/#website","url":"https:\/\/www.manquecura.cl\/ciudad-del-este\/","name":"Colegio Manquecura Ciudad del Este","description":"","publisher":{"@id":"https:\/\/www.manquecura.cl\/ciudad-del-este\/#organization"},"potentialAction":[{"@type":"SearchAction","target":{"@type":"EntryPoint","urlTemplate":"https:\/\/www.manquecura.cl\/ciudad-del-este\/?s={search_term_string}"},"query-input":{"@type":"PropertyValueSpecification","valueRequired":true,"valueName":"search_term_string"}}],"inLanguage":"es"},{"@type":"Organization","@id":"https:\/\/www.manquecura.cl\/ciudad-del-este\/#organization","name":"Colegio Manquecura Ciudad del Este","url":"https:\/\/www.manquecura.cl\/ciudad-del-este\/","logo":{"@type":"ImageObject","inLanguage":"es","@id":"https:\/\/www.manquecura.cl\/ciudad-del-este\/#\/schema\/logo\/image\/","url":"https:\/\/www.manquecura.cl\/ciudad-del-este\/wp-content\/uploads\/sites\/41\/2023\/09\/logo_Manquecura_Ciudad-del-Este_horizontal_color-1.png","contentUrl":"https:\/\/www.manquecura.cl\/ciudad-del-este\/wp-content\/uploads\/sites\/41\/2023\/09\/logo_Manquecura_Ciudad-del-Este_horizontal_color-1.png","width":611,"height":183,"caption":"Colegio Manquecura Ciudad del Este"},"image":{"@id":"https:\/\/www.manquecura.cl\/ciudad-del-este\/#\/schema\/logo\/image\/"},"sameAs":["http:\/\/www.facebook.com\/ColegiosManquecura","http:\/\/www.instagram.com\/manquecura_ciudaddeleste\/","http:\/\/www.youtube.com\/c\/CognitaChile"]},{"@type":"Person","@id":"https:\/\/www.manquecura.cl\/ciudad-del-este\/#\/schema\/person\/5eb92a7b45165cdbdbb271bcdacc9d9e","name":"danielacastro","image":{"@type":"ImageObject","inLanguage":"es","@id":"https:\/\/www.manquecura.cl\/ciudad-del-este\/#\/schema\/person\/image\/","url":"https:\/\/secure.gravatar.com\/avatar\/16a603f2cc3ad485cabfe7c59b923050a809d8344cba940b4148737780592211?s=96&d=mm&r=g","contentUrl":"https:\/\/secure.gravatar.com\/avatar\/16a603f2cc3ad485cabfe7c59b923050a809d8344cba940b4148737780592211?s=96&d=mm&r=g","caption":"danielacastro"}}]}},"jetpack_featured_media_url":"https:\/\/www.manquecura.cl\/ciudad-del-este\/wp-content\/uploads\/sites\/41\/2025\/01\/PAES-MANQUECURA-CIUDAD-DEL-ESTE.png","previous_post_ID":25877,"previous_post_title":"REUNI\u00d3N ENTRE RECTOR\u00cdA Y COORDINADORES CAMPUR","previous_post_excerpt":"&nbsp; El pasado jueves 8 de agosto, la Rectora Elizabeth Marileo, junto a los Directores de Estudio y los Coordinadores CAMPUR de Apoderados de cada curso, llevaron a cabo una reuni\u00f3n clave para revisar y discutir el protocolo implementado durante el reciente corte de agua que afect\u00f3 al colegio. Durante la reuni\u00f3n, se resolvieron las [&hellip;]","previous_post_link":"https:\/\/www.manquecura.cl\/ciudad-del-este\/noticias\/reunion-coordinadores-campur\/","previous_post_class":["post-25877","post","type-post","status-publish","format-standard","has-post-thumbnail","hentry","category-vida-escolar"],"next_post_ID":125877,"next_post_title":"SIMCE 2024: excelentes resultados obtuvieron nuestros estudiantes","next_post_excerpt":"Estamos felices de compartir con toda nuestra comunidad educativa los excelentes resultados del SIMCE 2024 Nuestros 4\u00b0 b\u00e1sicos han logrado el 1\u00b0 lugar en todo Puente Alto, un reconocimiento a su esfuerzo, dedicaci\u00f3n y compromiso. Por otra parte, los 6\u00b0 b\u00e1sicos han obtenido el 2\u00b0 lugar a nivel comunal y los II medios han demostrado [&hellip;]","next_post_link":"https:\/\/www.manquecura.cl\/ciudad-del-este\/noticias\/simce-2024-excelentes-resultados-obtuvieron-nuestros-estudiantes\/","next_post_class":["post-125877","post","type-post","status-publish","format-standard","has-post-thumbnail","hentry","category-vida-escolar"],"jetpack_sharing_enabled":true,"_links":{"self":[{"href":"https:\/\/www.manquecura.cl\/ciudad-del-este\/wp-json\/wp\/v2\/posts\/26042","targetHints":{"allow":["GET"]}}],"collection":[{"href":"https:\/\/www.manquecura.cl\/ciudad-del-este\/wp-json\/wp\/v2\/posts"}],"about":[{"href":"https:\/\/www.manquecura.cl\/ciudad-del-este\/wp-json\/wp\/v2\/types\/post"}],"author":[{"embeddable":true,"href":"https:\/\/www.manquecura.cl\/ciudad-del-este\/wp-json\/wp\/v2\/users\/34"}],"replies":[{"embeddable":true,"href":"https:\/\/www.manquecura.cl\/ciudad-del-este\/wp-json\/wp\/v2\/comments?post=26042"}],"version-history":[{"count":3,"href":"https:\/\/www.manquecura.cl\/ciudad-del-este\/wp-json\/wp\/v2\/posts\/26042\/revisions"}],"predecessor-version":[{"id":125766,"href":"https:\/\/www.manquecura.cl\/ciudad-del-este\/wp-json\/wp\/v2\/posts\/26042\/revisions\/125766"}],"wp:featuredmedia":[{"embeddable":true,"href":"https:\/\/www.manquecura.cl\/ciudad-del-este\/wp-json\/wp\/v2\/media\/26043"}],"wp:attachment":[{"href":"https:\/\/www.manquecura.cl\/ciudad-del-este\/wp-json\/wp\/v2\/media?parent=26042"}],"wp:term":[{"taxonomy":"category","embeddable":true,"href":"https:\/\/www.manquecura.cl\/ciudad-del-este\/wp-json\/wp\/v2\/categories?post=26042"},{"taxonomy":"post_tag","embeddable":true,"href":"https:\/\/www.manquecura.cl\/ciudad-del-este\/wp-json\/wp\/v2\/tags?post=26042"}],"curies":[{"name":"wp","href":"https:\/\/api.w.org\/{rel}","templated":true}]}}