{"id":25860,"date":"2024-08-15T15:15:35","date_gmt":"2024-08-15T19:15:35","guid":{"rendered":"https:\/\/www.manquecura.cl\/ciudad-del-este\/?p=25860"},"modified":"2024-08-15T15:15:35","modified_gmt":"2024-08-15T19:15:35","slug":"iniciativas-del-programa-road-safety-promueven-una-comunidad-mas-segura","status":"publish","type":"post","link":"https:\/\/www.manquecura.cl\/ciudad-del-este\/noticias\/iniciativas-del-programa-road-safety-promueven-una-comunidad-mas-segura\/","title":{"rendered":"INICIATIVAS DEL PROGRAMA ROAD SAFETY PROMUEVEN UNA COMUNIDAD M\u00c1S SEGURA"},"content":{"rendered":"<p>El programa sello <strong>Road Safety<\/strong> ha estado presente en nuestra comunidad durante el a\u00f1o, a trav\u00e9s de diversas actividades que han destacado la importancia de la seguridad vial.<\/p>\n<p>En la celebraci\u00f3n del <strong>D\u00eda de las Madres<\/strong>, los estudiantes entregaron stickers adhesivos a las apoderadas conductoras que acudieron ese d\u00eda al colegio para dejar a sus hijos. Esta iniciativa busc\u00f3 reconocer y agradecer su contribuci\u00f3n a la seguridad en las calles del sector.<\/p>\n<p>Adem\u00e1s, organiz\u00f3 la visita del <strong>Orfe\u00f3n de Carabineros de Chile<\/strong>, quienes interpretaron reconocidas canciones, entre ellas &#8220;Pedro&#8221; de Raffaella Carr\u00e0. Esta presentaci\u00f3n no solo fue educativa sino tambi\u00e9n un entretenimiento inolvidable para todos nuestros estudiantes.<\/p>\n<p>Actualmente el programa se encuentra gestionando un convenio entre la <strong>Escuela de Conductores Godoy Cordillera<\/strong> y los estudiantes de III y IV Medio mayores de 17 a\u00f1os, para que puedan acceder a un curso de conducci\u00f3n profesional, brind\u00e1ndoles una valiosa oportunidad para su futuro.<\/p>\n<p>Queremos expresar nuestro m\u00e1s sincero agradecimiento a <strong>Miss Carolina Mu\u00f1oz Zamorano<\/strong> por dirigir este importante programa, as\u00ed como a los estudiantes participantes de est\u00e1 brigada: <strong>Gabriel Castillo Godoy, Javiera Castillo Godoy, Luciano Soto Valdivia, Sof\u00eda Cifuentes Jer\u00e9z, Samantha S\u00e1nchez, Agust\u00edn S\u00e1nchez, Jos\u00e9 Tom\u00e1s G\u00f3mez Pe\u00f1aloza, Joaqu\u00edn G\u00f3mez Pe\u00f1aloza, Antonella Ch\u00e1vez, Juli\u00e1n Flores, Renato Vitelli, Maximiliano Rojas y Facundo Ortega.<\/strong><\/p>\n<p>Les animamos a continuar participando activamente en las pr\u00f3ximas actividades planificadas, porque <strong>su presencia y energ\u00eda son esenciales para mantener un impacto positivo en todos nosotros<\/strong>. Adem\u00e1s, extendemos una c\u00e1lida invitaci\u00f3n al resto de nuestros estudiantes para que se sumen a esta brigada, ya que cada uno de ustedes puede contribuir a hacer de nuestra comunidad un lugar m\u00e1s seguro y consciente.<\/p>\n"},"excerpt":{"rendered":"<p>El programa sello Road Safety ha estado presente en nuestra comunidad durante el a\u00f1o, a trav\u00e9s de diversas actividades que han destacado la importancia de la seguridad vial. En la celebraci\u00f3n del D\u00eda de las Madres, los estudiantes entregaron stickers adhesivos a las apoderadas conductoras que acudieron ese d\u00eda al colegio para dejar a sus [&hellip;]<\/p>\n","protected":false},"author":14,"featured_media":25861,"comment_status":"open","ping_status":"open","sticky":false,"template":"","format":"standard","meta":{"_acf_changed":false,"content-type":"","_jetpack_memberships_contains_paid_content":false,"footnotes":""},"categories":[1],"tags":[],"class_list":["post-25860","post","type-post","status-publish","format-standard","has-post-thumbnail","hentry","category-vida-escolar"],"acf":[],"yoast_head":"<!-- This site is optimized with the Yoast SEO plugin v27.1.1 - https:\/\/yoast.com\/product\/yoast-seo-wordpress\/ -->\n<title>INICIATIVAS DEL PROGRAMA ROAD SAFETY PROMUEVEN UNA COMUNIDAD M\u00c1S SEGURA - Colegio Manquecura Ciudad del Este<\/title>\n<meta name=\"robots\" content=\"index, follow, max-snippet:-1, max-image-preview:large, max-video-preview:-1\" \/>\n<link rel=\"canonical\" href=\"https:\/\/www.manquecura.cl\/ciudad-del-este\/noticias\/iniciativas-del-programa-road-safety-promueven-una-comunidad-mas-segura\/\" \/>\n<meta property=\"og:locale\" content=\"es_ES\" \/>\n<meta property=\"og:type\" content=\"article\" \/>\n<meta property=\"og:title\" content=\"INICIATIVAS DEL PROGRAMA ROAD SAFETY PROMUEVEN UNA COMUNIDAD M\u00c1S SEGURA - Colegio Manquecura Ciudad del Este\" \/>\n<meta property=\"og:description\" content=\"El programa sello Road Safety ha estado presente en nuestra comunidad durante el a\u00f1o, a trav\u00e9s de diversas actividades que han destacado la importancia de la seguridad vial. En la celebraci\u00f3n del D\u00eda de las Madres, los estudiantes entregaron stickers adhesivos a las apoderadas conductoras que acudieron ese d\u00eda al colegio para dejar a sus [&hellip;]\" \/>\n<meta property=\"og:url\" content=\"https:\/\/www.manquecura.cl\/ciudad-del-este\/noticias\/iniciativas-del-programa-road-safety-promueven-una-comunidad-mas-segura\/\" \/>\n<meta property=\"og:site_name\" content=\"Colegio Manquecura Ciudad del Este\" \/>\n<meta property=\"article:publisher\" content=\"http:\/\/www.facebook.com\/ColegiosManquecura\" \/>\n<meta property=\"article:published_time\" content=\"2024-08-15T19:15:35+00:00\" \/>\n<meta name=\"author\" content=\"jorgedelcampo\" \/>\n<meta name=\"twitter:card\" content=\"summary_large_image\" \/>\n<meta name=\"twitter:image\" content=\"https:\/\/www.manquecura.cl\/ciudad-del-este\/wp-content\/uploads\/sites\/41\/2024\/08\/1_91944f-e1723749261522.jpg\" \/>\n<meta name=\"twitter:label1\" content=\"Escrito por\" \/>\n\t<meta name=\"twitter:data1\" content=\"jorgedelcampo\" \/>\n\t<meta name=\"twitter:label2\" content=\"Tiempo de lectura\" \/>\n\t<meta name=\"twitter:data2\" content=\"2 minutos\" \/>\n<script type=\"application\/ld+json\" class=\"yoast-schema-graph\">{\"@context\":\"https:\/\/schema.org\",\"@graph\":[{\"@type\":\"Article\",\"@id\":\"https:\/\/www.manquecura.cl\/ciudad-del-este\/noticias\/iniciativas-del-programa-road-safety-promueven-una-comunidad-mas-segura\/#article\",\"isPartOf\":{\"@id\":\"https:\/\/www.manquecura.cl\/ciudad-del-este\/noticias\/iniciativas-del-programa-road-safety-promueven-una-comunidad-mas-segura\/\"},\"author\":{\"name\":\"jorgedelcampo\",\"@id\":\"https:\/\/www.manquecura.cl\/ciudad-del-este\/#\/schema\/person\/0debeea140e397b5d490ee7e553255d8\"},\"headline\":\"INICIATIVAS DEL PROGRAMA ROAD SAFETY PROMUEVEN UNA COMUNIDAD M\u00c1S SEGURA\",\"datePublished\":\"2024-08-15T19:15:35+00:00\",\"mainEntityOfPage\":{\"@id\":\"https:\/\/www.manquecura.cl\/ciudad-del-este\/noticias\/iniciativas-del-programa-road-safety-promueven-una-comunidad-mas-segura\/\"},\"wordCount\":316,\"commentCount\":0,\"publisher\":{\"@id\":\"https:\/\/www.manquecura.cl\/ciudad-del-este\/#organization\"},\"image\":{\"@id\":\"https:\/\/www.manquecura.cl\/ciudad-del-este\/noticias\/iniciativas-del-programa-road-safety-promueven-una-comunidad-mas-segura\/#primaryimage\"},\"thumbnailUrl\":\"https:\/\/www.manquecura.cl\/ciudad-del-este\/wp-content\/uploads\/sites\/41\/2024\/08\/1_91944f-e1723749261522.jpg\",\"articleSection\":[\"Vida Escolar\"],\"inLanguage\":\"es\",\"potentialAction\":[{\"@type\":\"CommentAction\",\"name\":\"Comment\",\"target\":[\"https:\/\/www.manquecura.cl\/ciudad-del-este\/noticias\/iniciativas-del-programa-road-safety-promueven-una-comunidad-mas-segura\/#respond\"]}]},{\"@type\":\"WebPage\",\"@id\":\"https:\/\/www.manquecura.cl\/ciudad-del-este\/noticias\/iniciativas-del-programa-road-safety-promueven-una-comunidad-mas-segura\/\",\"url\":\"https:\/\/www.manquecura.cl\/ciudad-del-este\/noticias\/iniciativas-del-programa-road-safety-promueven-una-comunidad-mas-segura\/\",\"name\":\"INICIATIVAS DEL PROGRAMA ROAD SAFETY PROMUEVEN UNA COMUNIDAD M\u00c1S SEGURA - Colegio Manquecura Ciudad del Este\",\"isPartOf\":{\"@id\":\"https:\/\/www.manquecura.cl\/ciudad-del-este\/#website\"},\"primaryImageOfPage\":{\"@id\":\"https:\/\/www.manquecura.cl\/ciudad-del-este\/noticias\/iniciativas-del-programa-road-safety-promueven-una-comunidad-mas-segura\/#primaryimage\"},\"image\":{\"@id\":\"https:\/\/www.manquecura.cl\/ciudad-del-este\/noticias\/iniciativas-del-programa-road-safety-promueven-una-comunidad-mas-segura\/#primaryimage\"},\"thumbnailUrl\":\"https:\/\/www.manquecura.cl\/ciudad-del-este\/wp-content\/uploads\/sites\/41\/2024\/08\/1_91944f-e1723749261522.jpg\",\"datePublished\":\"2024-08-15T19:15:35+00:00\",\"breadcrumb\":{\"@id\":\"https:\/\/www.manquecura.cl\/ciudad-del-este\/noticias\/iniciativas-del-programa-road-safety-promueven-una-comunidad-mas-segura\/#breadcrumb\"},\"inLanguage\":\"es\",\"potentialAction\":[{\"@type\":\"ReadAction\",\"target\":[\"https:\/\/www.manquecura.cl\/ciudad-del-este\/noticias\/iniciativas-del-programa-road-safety-promueven-una-comunidad-mas-segura\/\"]}]},{\"@type\":\"ImageObject\",\"inLanguage\":\"es\",\"@id\":\"https:\/\/www.manquecura.cl\/ciudad-del-este\/noticias\/iniciativas-del-programa-road-safety-promueven-una-comunidad-mas-segura\/#primaryimage\",\"url\":\"https:\/\/www.manquecura.cl\/ciudad-del-este\/wp-content\/uploads\/sites\/41\/2024\/08\/1_91944f-e1723749261522.jpg\",\"contentUrl\":\"https:\/\/www.manquecura.cl\/ciudad-del-este\/wp-content\/uploads\/sites\/41\/2024\/08\/1_91944f-e1723749261522.jpg\",\"width\":4032,\"height\":2526},{\"@type\":\"BreadcrumbList\",\"@id\":\"https:\/\/www.manquecura.cl\/ciudad-del-este\/noticias\/iniciativas-del-programa-road-safety-promueven-una-comunidad-mas-segura\/#breadcrumb\",\"itemListElement\":[{\"@type\":\"ListItem\",\"position\":1,\"name\":\"Home\",\"item\":\"https:\/\/www.manquecura.cl\/ciudad-del-este\/\"},{\"@type\":\"ListItem\",\"position\":2,\"name\":\"INICIATIVAS DEL PROGRAMA ROAD SAFETY PROMUEVEN UNA COMUNIDAD M\u00c1S SEGURA\"}]},{\"@type\":\"WebSite\",\"@id\":\"https:\/\/www.manquecura.cl\/ciudad-del-este\/#website\",\"url\":\"https:\/\/www.manquecura.cl\/ciudad-del-este\/\",\"name\":\"Colegio Manquecura Ciudad del Este\",\"description\":\"\",\"publisher\":{\"@id\":\"https:\/\/www.manquecura.cl\/ciudad-del-este\/#organization\"},\"potentialAction\":[{\"@type\":\"SearchAction\",\"target\":{\"@type\":\"EntryPoint\",\"urlTemplate\":\"https:\/\/www.manquecura.cl\/ciudad-del-este\/?s={search_term_string}\"},\"query-input\":{\"@type\":\"PropertyValueSpecification\",\"valueRequired\":true,\"valueName\":\"search_term_string\"}}],\"inLanguage\":\"es\"},{\"@type\":\"Organization\",\"@id\":\"https:\/\/www.manquecura.cl\/ciudad-del-este\/#organization\",\"name\":\"Colegio Manquecura Ciudad del Este\",\"url\":\"https:\/\/www.manquecura.cl\/ciudad-del-este\/\",\"logo\":{\"@type\":\"ImageObject\",\"inLanguage\":\"es\",\"@id\":\"https:\/\/www.manquecura.cl\/ciudad-del-este\/#\/schema\/logo\/image\/\",\"url\":\"https:\/\/www.manquecura.cl\/ciudad-del-este\/wp-content\/uploads\/sites\/41\/2023\/09\/logo_Manquecura_Ciudad-del-Este_horizontal_color-1.png\",\"contentUrl\":\"https:\/\/www.manquecura.cl\/ciudad-del-este\/wp-content\/uploads\/sites\/41\/2023\/09\/logo_Manquecura_Ciudad-del-Este_horizontal_color-1.png\",\"width\":611,\"height\":183,\"caption\":\"Colegio Manquecura Ciudad del Este\"},\"image\":{\"@id\":\"https:\/\/www.manquecura.cl\/ciudad-del-este\/#\/schema\/logo\/image\/\"},\"sameAs\":[\"http:\/\/www.facebook.com\/ColegiosManquecura\",\"http:\/\/www.instagram.com\/manquecura_ciudaddeleste\/\",\"http:\/\/www.youtube.com\/c\/CognitaChile\"]},{\"@type\":\"Person\",\"@id\":\"https:\/\/www.manquecura.cl\/ciudad-del-este\/#\/schema\/person\/0debeea140e397b5d490ee7e553255d8\",\"name\":\"jorgedelcampo\",\"image\":{\"@type\":\"ImageObject\",\"inLanguage\":\"es\",\"@id\":\"https:\/\/www.manquecura.cl\/ciudad-del-este\/#\/schema\/person\/image\/\",\"url\":\"https:\/\/secure.gravatar.com\/avatar\/4a315f521213b2dc91dbda9bf799f711c8a98ab6f5606ec42cf5b33d1e762e8a?s=96&d=mm&r=g\",\"contentUrl\":\"https:\/\/secure.gravatar.com\/avatar\/4a315f521213b2dc91dbda9bf799f711c8a98ab6f5606ec42cf5b33d1e762e8a?s=96&d=mm&r=g\",\"caption\":\"jorgedelcampo\"}}]}<\/script>\n<!-- \/ Yoast SEO plugin. -->","yoast_head_json":{"title":"INICIATIVAS DEL PROGRAMA ROAD SAFETY PROMUEVEN UNA COMUNIDAD M\u00c1S SEGURA - Colegio Manquecura Ciudad del Este","robots":{"index":"index","follow":"follow","max-snippet":"max-snippet:-1","max-image-preview":"max-image-preview:large","max-video-preview":"max-video-preview:-1"},"canonical":"https:\/\/www.manquecura.cl\/ciudad-del-este\/noticias\/iniciativas-del-programa-road-safety-promueven-una-comunidad-mas-segura\/","og_locale":"es_ES","og_type":"article","og_title":"INICIATIVAS DEL PROGRAMA ROAD SAFETY PROMUEVEN UNA COMUNIDAD M\u00c1S SEGURA - Colegio Manquecura Ciudad del Este","og_description":"El programa sello Road Safety ha estado presente en nuestra comunidad durante el a\u00f1o, a trav\u00e9s de diversas actividades que han destacado la importancia de la seguridad vial. En la celebraci\u00f3n del D\u00eda de las Madres, los estudiantes entregaron stickers adhesivos a las apoderadas conductoras que acudieron ese d\u00eda al colegio para dejar a sus [&hellip;]","og_url":"https:\/\/www.manquecura.cl\/ciudad-del-este\/noticias\/iniciativas-del-programa-road-safety-promueven-una-comunidad-mas-segura\/","og_site_name":"Colegio Manquecura Ciudad del Este","article_publisher":"http:\/\/www.facebook.com\/ColegiosManquecura","article_published_time":"2024-08-15T19:15:35+00:00","author":"jorgedelcampo","twitter_card":"summary_large_image","twitter_image":"https:\/\/www.manquecura.cl\/ciudad-del-este\/wp-content\/uploads\/sites\/41\/2024\/08\/1_91944f-e1723749261522.jpg","twitter_misc":{"Escrito por":"jorgedelcampo","Tiempo de lectura":"2 minutos"},"schema":{"@context":"https:\/\/schema.org","@graph":[{"@type":"Article","@id":"https:\/\/www.manquecura.cl\/ciudad-del-este\/noticias\/iniciativas-del-programa-road-safety-promueven-una-comunidad-mas-segura\/#article","isPartOf":{"@id":"https:\/\/www.manquecura.cl\/ciudad-del-este\/noticias\/iniciativas-del-programa-road-safety-promueven-una-comunidad-mas-segura\/"},"author":{"name":"jorgedelcampo","@id":"https:\/\/www.manquecura.cl\/ciudad-del-este\/#\/schema\/person\/0debeea140e397b5d490ee7e553255d8"},"headline":"INICIATIVAS DEL PROGRAMA ROAD SAFETY PROMUEVEN UNA COMUNIDAD M\u00c1S SEGURA","datePublished":"2024-08-15T19:15:35+00:00","mainEntityOfPage":{"@id":"https:\/\/www.manquecura.cl\/ciudad-del-este\/noticias\/iniciativas-del-programa-road-safety-promueven-una-comunidad-mas-segura\/"},"wordCount":316,"commentCount":0,"publisher":{"@id":"https:\/\/www.manquecura.cl\/ciudad-del-este\/#organization"},"image":{"@id":"https:\/\/www.manquecura.cl\/ciudad-del-este\/noticias\/iniciativas-del-programa-road-safety-promueven-una-comunidad-mas-segura\/#primaryimage"},"thumbnailUrl":"https:\/\/www.manquecura.cl\/ciudad-del-este\/wp-content\/uploads\/sites\/41\/2024\/08\/1_91944f-e1723749261522.jpg","articleSection":["Vida Escolar"],"inLanguage":"es","potentialAction":[{"@type":"CommentAction","name":"Comment","target":["https:\/\/www.manquecura.cl\/ciudad-del-este\/noticias\/iniciativas-del-programa-road-safety-promueven-una-comunidad-mas-segura\/#respond"]}]},{"@type":"WebPage","@id":"https:\/\/www.manquecura.cl\/ciudad-del-este\/noticias\/iniciativas-del-programa-road-safety-promueven-una-comunidad-mas-segura\/","url":"https:\/\/www.manquecura.cl\/ciudad-del-este\/noticias\/iniciativas-del-programa-road-safety-promueven-una-comunidad-mas-segura\/","name":"INICIATIVAS DEL PROGRAMA ROAD SAFETY PROMUEVEN UNA COMUNIDAD M\u00c1S SEGURA - Colegio Manquecura Ciudad del Este","isPartOf":{"@id":"https:\/\/www.manquecura.cl\/ciudad-del-este\/#website"},"primaryImageOfPage":{"@id":"https:\/\/www.manquecura.cl\/ciudad-del-este\/noticias\/iniciativas-del-programa-road-safety-promueven-una-comunidad-mas-segura\/#primaryimage"},"image":{"@id":"https:\/\/www.manquecura.cl\/ciudad-del-este\/noticias\/iniciativas-del-programa-road-safety-promueven-una-comunidad-mas-segura\/#primaryimage"},"thumbnailUrl":"https:\/\/www.manquecura.cl\/ciudad-del-este\/wp-content\/uploads\/sites\/41\/2024\/08\/1_91944f-e1723749261522.jpg","datePublished":"2024-08-15T19:15:35+00:00","breadcrumb":{"@id":"https:\/\/www.manquecura.cl\/ciudad-del-este\/noticias\/iniciativas-del-programa-road-safety-promueven-una-comunidad-mas-segura\/#breadcrumb"},"inLanguage":"es","potentialAction":[{"@type":"ReadAction","target":["https:\/\/www.manquecura.cl\/ciudad-del-este\/noticias\/iniciativas-del-programa-road-safety-promueven-una-comunidad-mas-segura\/"]}]},{"@type":"ImageObject","inLanguage":"es","@id":"https:\/\/www.manquecura.cl\/ciudad-del-este\/noticias\/iniciativas-del-programa-road-safety-promueven-una-comunidad-mas-segura\/#primaryimage","url":"https:\/\/www.manquecura.cl\/ciudad-del-este\/wp-content\/uploads\/sites\/41\/2024\/08\/1_91944f-e1723749261522.jpg","contentUrl":"https:\/\/www.manquecura.cl\/ciudad-del-este\/wp-content\/uploads\/sites\/41\/2024\/08\/1_91944f-e1723749261522.jpg","width":4032,"height":2526},{"@type":"BreadcrumbList","@id":"https:\/\/www.manquecura.cl\/ciudad-del-este\/noticias\/iniciativas-del-programa-road-safety-promueven-una-comunidad-mas-segura\/#breadcrumb","itemListElement":[{"@type":"ListItem","position":1,"name":"Home","item":"https:\/\/www.manquecura.cl\/ciudad-del-este\/"},{"@type":"ListItem","position":2,"name":"INICIATIVAS DEL PROGRAMA ROAD SAFETY PROMUEVEN UNA COMUNIDAD M\u00c1S SEGURA"}]},{"@type":"WebSite","@id":"https:\/\/www.manquecura.cl\/ciudad-del-este\/#website","url":"https:\/\/www.manquecura.cl\/ciudad-del-este\/","name":"Colegio Manquecura Ciudad del Este","description":"","publisher":{"@id":"https:\/\/www.manquecura.cl\/ciudad-del-este\/#organization"},"potentialAction":[{"@type":"SearchAction","target":{"@type":"EntryPoint","urlTemplate":"https:\/\/www.manquecura.cl\/ciudad-del-este\/?s={search_term_string}"},"query-input":{"@type":"PropertyValueSpecification","valueRequired":true,"valueName":"search_term_string"}}],"inLanguage":"es"},{"@type":"Organization","@id":"https:\/\/www.manquecura.cl\/ciudad-del-este\/#organization","name":"Colegio Manquecura Ciudad del Este","url":"https:\/\/www.manquecura.cl\/ciudad-del-este\/","logo":{"@type":"ImageObject","inLanguage":"es","@id":"https:\/\/www.manquecura.cl\/ciudad-del-este\/#\/schema\/logo\/image\/","url":"https:\/\/www.manquecura.cl\/ciudad-del-este\/wp-content\/uploads\/sites\/41\/2023\/09\/logo_Manquecura_Ciudad-del-Este_horizontal_color-1.png","contentUrl":"https:\/\/www.manquecura.cl\/ciudad-del-este\/wp-content\/uploads\/sites\/41\/2023\/09\/logo_Manquecura_Ciudad-del-Este_horizontal_color-1.png","width":611,"height":183,"caption":"Colegio Manquecura Ciudad del Este"},"image":{"@id":"https:\/\/www.manquecura.cl\/ciudad-del-este\/#\/schema\/logo\/image\/"},"sameAs":["http:\/\/www.facebook.com\/ColegiosManquecura","http:\/\/www.instagram.com\/manquecura_ciudaddeleste\/","http:\/\/www.youtube.com\/c\/CognitaChile"]},{"@type":"Person","@id":"https:\/\/www.manquecura.cl\/ciudad-del-este\/#\/schema\/person\/0debeea140e397b5d490ee7e553255d8","name":"jorgedelcampo","image":{"@type":"ImageObject","inLanguage":"es","@id":"https:\/\/www.manquecura.cl\/ciudad-del-este\/#\/schema\/person\/image\/","url":"https:\/\/secure.gravatar.com\/avatar\/4a315f521213b2dc91dbda9bf799f711c8a98ab6f5606ec42cf5b33d1e762e8a?s=96&d=mm&r=g","contentUrl":"https:\/\/secure.gravatar.com\/avatar\/4a315f521213b2dc91dbda9bf799f711c8a98ab6f5606ec42cf5b33d1e762e8a?s=96&d=mm&r=g","caption":"jorgedelcampo"}}]}},"jetpack_featured_media_url":"https:\/\/www.manquecura.cl\/ciudad-del-este\/wp-content\/uploads\/sites\/41\/2024\/08\/1_91944f-e1723749261522.jpg","previous_post_ID":25838,"previous_post_title":"NUTRICI\u00d3N Y VIDA SALUDABLE: UN PROGRAMA QUE MARCA LA DIFERENCIA EN MANQUECURA","previous_post_excerpt":"&nbsp; Nuestro programa sello Nutrici\u00f3n y Vida Saludable ha estado promoviendo importantes mensajes de bienestar entre nuestros estudiantes en varias actividades, una de ellas se desarroll\u00f3 el pasado mi\u00e9rcoles 19 de julio, junto con el apoyo de La Roche-Posay, nuestro gimnasio se transform\u00f3 en el escenario de una obra de teatro especialmente dise\u00f1ada para ense\u00f1ar [&hellip;]","previous_post_link":"https:\/\/www.manquecura.cl\/ciudad-del-este\/noticias\/nutricion-y-vida-saludable-un-programa-que-marca-la-diferencia-en-manquecura\/","previous_post_class":["post-25838","post","type-post","status-publish","format-standard","has-post-thumbnail","hentry","category-vida-escolar"],"next_post_ID":25877,"next_post_title":"REUNI\u00d3N ENTRE RECTOR\u00cdA Y COORDINADORES CAMPUR","next_post_excerpt":"&nbsp; El pasado jueves 8 de agosto, la Rectora Elizabeth Marileo, junto a los Directores de Estudio y los Coordinadores CAMPUR de Apoderados de cada curso, llevaron a cabo una reuni\u00f3n clave para revisar y discutir el protocolo implementado durante el reciente corte de agua que afect\u00f3 al colegio. Durante la reuni\u00f3n, se resolvieron las [&hellip;]","next_post_link":"https:\/\/www.manquecura.cl\/ciudad-del-este\/noticias\/reunion-coordinadores-campur\/","next_post_class":["post-25877","post","type-post","status-publish","format-standard","has-post-thumbnail","hentry","category-vida-escolar"],"jetpack_sharing_enabled":true,"_links":{"self":[{"href":"https:\/\/www.manquecura.cl\/ciudad-del-este\/wp-json\/wp\/v2\/posts\/25860","targetHints":{"allow":["GET"]}}],"collection":[{"href":"https:\/\/www.manquecura.cl\/ciudad-del-este\/wp-json\/wp\/v2\/posts"}],"about":[{"href":"https:\/\/www.manquecura.cl\/ciudad-del-este\/wp-json\/wp\/v2\/types\/post"}],"author":[{"embeddable":true,"href":"https:\/\/www.manquecura.cl\/ciudad-del-este\/wp-json\/wp\/v2\/users\/14"}],"replies":[{"embeddable":true,"href":"https:\/\/www.manquecura.cl\/ciudad-del-este\/wp-json\/wp\/v2\/comments?post=25860"}],"version-history":[{"count":0,"href":"https:\/\/www.manquecura.cl\/ciudad-del-este\/wp-json\/wp\/v2\/posts\/25860\/revisions"}],"wp:featuredmedia":[{"embeddable":true,"href":"https:\/\/www.manquecura.cl\/ciudad-del-este\/wp-json\/wp\/v2\/media\/25861"}],"wp:attachment":[{"href":"https:\/\/www.manquecura.cl\/ciudad-del-este\/wp-json\/wp\/v2\/media?parent=25860"}],"wp:term":[{"taxonomy":"category","embeddable":true,"href":"https:\/\/www.manquecura.cl\/ciudad-del-este\/wp-json\/wp\/v2\/categories?post=25860"},{"taxonomy":"post_tag","embeddable":true,"href":"https:\/\/www.manquecura.cl\/ciudad-del-este\/wp-json\/wp\/v2\/tags?post=25860"}],"curies":[{"name":"wp","href":"https:\/\/api.w.org\/{rel}","templated":true}]}}