{"id":25838,"date":"2024-08-15T14:03:45","date_gmt":"2024-08-15T18:03:45","guid":{"rendered":"https:\/\/www.manquecura.cl\/ciudad-del-este\/?p=25838"},"modified":"2024-08-15T14:03:45","modified_gmt":"2024-08-15T18:03:45","slug":"nutricion-y-vida-saludable-un-programa-que-marca-la-diferencia-en-manquecura","status":"publish","type":"post","link":"https:\/\/www.manquecura.cl\/ciudad-del-este\/noticias\/nutricion-y-vida-saludable-un-programa-que-marca-la-diferencia-en-manquecura\/","title":{"rendered":"NUTRICI\u00d3N Y VIDA SALUDABLE: UN PROGRAMA QUE MARCA LA DIFERENCIA EN MANQUECURA"},"content":{"rendered":"<p>&nbsp;<\/p>\n<p>Nuestro programa sello <strong>Nutrici\u00f3n y Vida Saludable<\/strong> ha estado promoviendo importantes mensajes de bienestar entre nuestros estudiantes en varias actividades, una de ellas se desarroll\u00f3 el pasado mi\u00e9rcoles 19 de julio, junto con el apoyo de La Roche-Posay, nuestro gimnasio se transform\u00f3 en el escenario de una <strong>obra de teatro especialmente dise\u00f1ada para ense\u00f1ar a los ni\u00f1os desde prek\u00ednder hasta 4\u00b0 b\u00e1sico sobre la importancia de la protecci\u00f3n solar para la salud de su piel<\/strong>. Esta iniciativa se llev\u00f3 a cabo en sesiones organizadas por niveles y, al finalizar cada una, todos los alumnos recibieron un peque\u00f1o obsequio para recordarles el cuidado que deben tener bajo el sol.<\/p>\n<p>El programa continu\u00f3 su labor educativa este 14 de agosto, cuando se <strong>present\u00f3 una segunda obra de teatro<\/strong>, esta vez gracias a la colaboraci\u00f3n de la empresa Watt&#8217;s. En esta ocasi\u00f3n, <strong>el enfoque estuvo en la importancia de llevar una vida saludable, con especial atenci\u00f3n a los h\u00e1bitos alimenticios y los beneficios de los probi\u00f3ticos<\/strong>. Los estudiantes participaron activamente, demostrando un gran inter\u00e9s en aprender sobre c\u00f3mo mantener una buena salud a trav\u00e9s de una dieta balanceada.<\/p>\n<p>En nuestro colegio, estamos profundamente comprometidos con el bienestar de todos nuestros estudiantes, abarcando los diferentes aspectos de su vida mediante un aprendizaje significativo. Agradecemos a las organizadoras, <strong>Miss Rosa Contreras Ulloa y Miss Ignacia Valdivia Lucaveche<\/strong>, docentes a cargo de nuestro programa sello que se han dedicado a traer estas valiosas actividades a nuestra comunidad, ayudando a nuestros ni\u00f1os a adoptar h\u00e1bitos saludables desde temprana edad.<\/p>\n"},"excerpt":{"rendered":"<p>&nbsp; Nuestro programa sello Nutrici\u00f3n y Vida Saludable ha estado promoviendo importantes mensajes de bienestar entre nuestros estudiantes en varias actividades, una de ellas se desarroll\u00f3 el pasado mi\u00e9rcoles 19 de julio, junto con el apoyo de La Roche-Posay, nuestro gimnasio se transform\u00f3 en el escenario de una obra de teatro especialmente dise\u00f1ada para ense\u00f1ar [&hellip;]<\/p>\n","protected":false},"author":14,"featured_media":25843,"comment_status":"open","ping_status":"open","sticky":false,"template":"","format":"standard","meta":{"_acf_changed":false,"content-type":"","_jetpack_memberships_contains_paid_content":false,"footnotes":""},"categories":[1],"tags":[],"class_list":["post-25838","post","type-post","status-publish","format-standard","has-post-thumbnail","hentry","category-vida-escolar"],"acf":[],"yoast_head":"<!-- This site is optimized with the Yoast SEO plugin v27.1.1 - https:\/\/yoast.com\/product\/yoast-seo-wordpress\/ -->\n<title>NUTRICI\u00d3N Y VIDA SALUDABLE: UN PROGRAMA QUE MARCA LA DIFERENCIA EN MANQUECURA - Colegio Manquecura Ciudad del Este<\/title>\n<meta name=\"robots\" content=\"index, follow, max-snippet:-1, max-image-preview:large, max-video-preview:-1\" \/>\n<link rel=\"canonical\" href=\"https:\/\/www.manquecura.cl\/ciudad-del-este\/noticias\/nutricion-y-vida-saludable-un-programa-que-marca-la-diferencia-en-manquecura\/\" \/>\n<meta property=\"og:locale\" content=\"es_ES\" \/>\n<meta property=\"og:type\" content=\"article\" \/>\n<meta property=\"og:title\" content=\"NUTRICI\u00d3N Y VIDA SALUDABLE: UN PROGRAMA QUE MARCA LA DIFERENCIA EN MANQUECURA - Colegio Manquecura Ciudad del Este\" \/>\n<meta property=\"og:description\" content=\"&nbsp; Nuestro programa sello Nutrici\u00f3n y Vida Saludable ha estado promoviendo importantes mensajes de bienestar entre nuestros estudiantes en varias actividades, una de ellas se desarroll\u00f3 el pasado mi\u00e9rcoles 19 de julio, junto con el apoyo de La Roche-Posay, nuestro gimnasio se transform\u00f3 en el escenario de una obra de teatro especialmente dise\u00f1ada para ense\u00f1ar [&hellip;]\" \/>\n<meta property=\"og:url\" content=\"https:\/\/www.manquecura.cl\/ciudad-del-este\/noticias\/nutricion-y-vida-saludable-un-programa-que-marca-la-diferencia-en-manquecura\/\" \/>\n<meta property=\"og:site_name\" content=\"Colegio Manquecura Ciudad del Este\" \/>\n<meta property=\"article:publisher\" content=\"http:\/\/www.facebook.com\/ColegiosManquecura\" \/>\n<meta property=\"article:published_time\" content=\"2024-08-15T18:03:45+00:00\" \/>\n<meta property=\"og:image\" content=\"https:\/\/www.manquecura.cl\/ciudad-del-este\/wp-content\/uploads\/sites\/41\/2024\/08\/5-e1723744905294.jpg\" \/>\n\t<meta property=\"og:image:width\" content=\"1600\" \/>\n\t<meta property=\"og:image:height\" content=\"1013\" \/>\n\t<meta property=\"og:image:type\" content=\"image\/jpeg\" \/>\n<meta name=\"author\" content=\"jorgedelcampo\" \/>\n<meta name=\"twitter:card\" content=\"summary_large_image\" \/>\n<meta name=\"twitter:label1\" content=\"Escrito por\" \/>\n\t<meta name=\"twitter:data1\" content=\"jorgedelcampo\" \/>\n\t<meta name=\"twitter:label2\" content=\"Tiempo de lectura\" \/>\n\t<meta name=\"twitter:data2\" content=\"2 minutos\" \/>\n<script type=\"application\/ld+json\" class=\"yoast-schema-graph\">{\"@context\":\"https:\/\/schema.org\",\"@graph\":[{\"@type\":\"Article\",\"@id\":\"https:\/\/www.manquecura.cl\/ciudad-del-este\/noticias\/nutricion-y-vida-saludable-un-programa-que-marca-la-diferencia-en-manquecura\/#article\",\"isPartOf\":{\"@id\":\"https:\/\/www.manquecura.cl\/ciudad-del-este\/noticias\/nutricion-y-vida-saludable-un-programa-que-marca-la-diferencia-en-manquecura\/\"},\"author\":{\"name\":\"jorgedelcampo\",\"@id\":\"https:\/\/www.manquecura.cl\/ciudad-del-este\/#\/schema\/person\/0debeea140e397b5d490ee7e553255d8\"},\"headline\":\"NUTRICI\u00d3N Y VIDA SALUDABLE: UN PROGRAMA QUE MARCA LA DIFERENCIA EN MANQUECURA\",\"datePublished\":\"2024-08-15T18:03:45+00:00\",\"mainEntityOfPage\":{\"@id\":\"https:\/\/www.manquecura.cl\/ciudad-del-este\/noticias\/nutricion-y-vida-saludable-un-programa-que-marca-la-diferencia-en-manquecura\/\"},\"wordCount\":283,\"commentCount\":0,\"publisher\":{\"@id\":\"https:\/\/www.manquecura.cl\/ciudad-del-este\/#organization\"},\"image\":{\"@id\":\"https:\/\/www.manquecura.cl\/ciudad-del-este\/noticias\/nutricion-y-vida-saludable-un-programa-que-marca-la-diferencia-en-manquecura\/#primaryimage\"},\"thumbnailUrl\":\"https:\/\/www.manquecura.cl\/ciudad-del-este\/wp-content\/uploads\/sites\/41\/2024\/08\/5-e1723744905294.jpg\",\"articleSection\":[\"Vida Escolar\"],\"inLanguage\":\"es\",\"potentialAction\":[{\"@type\":\"CommentAction\",\"name\":\"Comment\",\"target\":[\"https:\/\/www.manquecura.cl\/ciudad-del-este\/noticias\/nutricion-y-vida-saludable-un-programa-que-marca-la-diferencia-en-manquecura\/#respond\"]}]},{\"@type\":\"WebPage\",\"@id\":\"https:\/\/www.manquecura.cl\/ciudad-del-este\/noticias\/nutricion-y-vida-saludable-un-programa-que-marca-la-diferencia-en-manquecura\/\",\"url\":\"https:\/\/www.manquecura.cl\/ciudad-del-este\/noticias\/nutricion-y-vida-saludable-un-programa-que-marca-la-diferencia-en-manquecura\/\",\"name\":\"NUTRICI\u00d3N Y VIDA SALUDABLE: UN PROGRAMA QUE MARCA LA DIFERENCIA EN MANQUECURA - Colegio Manquecura Ciudad del Este\",\"isPartOf\":{\"@id\":\"https:\/\/www.manquecura.cl\/ciudad-del-este\/#website\"},\"primaryImageOfPage\":{\"@id\":\"https:\/\/www.manquecura.cl\/ciudad-del-este\/noticias\/nutricion-y-vida-saludable-un-programa-que-marca-la-diferencia-en-manquecura\/#primaryimage\"},\"image\":{\"@id\":\"https:\/\/www.manquecura.cl\/ciudad-del-este\/noticias\/nutricion-y-vida-saludable-un-programa-que-marca-la-diferencia-en-manquecura\/#primaryimage\"},\"thumbnailUrl\":\"https:\/\/www.manquecura.cl\/ciudad-del-este\/wp-content\/uploads\/sites\/41\/2024\/08\/5-e1723744905294.jpg\",\"datePublished\":\"2024-08-15T18:03:45+00:00\",\"breadcrumb\":{\"@id\":\"https:\/\/www.manquecura.cl\/ciudad-del-este\/noticias\/nutricion-y-vida-saludable-un-programa-que-marca-la-diferencia-en-manquecura\/#breadcrumb\"},\"inLanguage\":\"es\",\"potentialAction\":[{\"@type\":\"ReadAction\",\"target\":[\"https:\/\/www.manquecura.cl\/ciudad-del-este\/noticias\/nutricion-y-vida-saludable-un-programa-que-marca-la-diferencia-en-manquecura\/\"]}]},{\"@type\":\"ImageObject\",\"inLanguage\":\"es\",\"@id\":\"https:\/\/www.manquecura.cl\/ciudad-del-este\/noticias\/nutricion-y-vida-saludable-un-programa-que-marca-la-diferencia-en-manquecura\/#primaryimage\",\"url\":\"https:\/\/www.manquecura.cl\/ciudad-del-este\/wp-content\/uploads\/sites\/41\/2024\/08\/5-e1723744905294.jpg\",\"contentUrl\":\"https:\/\/www.manquecura.cl\/ciudad-del-este\/wp-content\/uploads\/sites\/41\/2024\/08\/5-e1723744905294.jpg\",\"width\":1600,\"height\":1013},{\"@type\":\"BreadcrumbList\",\"@id\":\"https:\/\/www.manquecura.cl\/ciudad-del-este\/noticias\/nutricion-y-vida-saludable-un-programa-que-marca-la-diferencia-en-manquecura\/#breadcrumb\",\"itemListElement\":[{\"@type\":\"ListItem\",\"position\":1,\"name\":\"Home\",\"item\":\"https:\/\/www.manquecura.cl\/ciudad-del-este\/\"},{\"@type\":\"ListItem\",\"position\":2,\"name\":\"NUTRICI\u00d3N Y VIDA SALUDABLE: UN PROGRAMA QUE MARCA LA DIFERENCIA EN MANQUECURA\"}]},{\"@type\":\"WebSite\",\"@id\":\"https:\/\/www.manquecura.cl\/ciudad-del-este\/#website\",\"url\":\"https:\/\/www.manquecura.cl\/ciudad-del-este\/\",\"name\":\"Colegio Manquecura Ciudad del Este\",\"description\":\"\",\"publisher\":{\"@id\":\"https:\/\/www.manquecura.cl\/ciudad-del-este\/#organization\"},\"potentialAction\":[{\"@type\":\"SearchAction\",\"target\":{\"@type\":\"EntryPoint\",\"urlTemplate\":\"https:\/\/www.manquecura.cl\/ciudad-del-este\/?s={search_term_string}\"},\"query-input\":{\"@type\":\"PropertyValueSpecification\",\"valueRequired\":true,\"valueName\":\"search_term_string\"}}],\"inLanguage\":\"es\"},{\"@type\":\"Organization\",\"@id\":\"https:\/\/www.manquecura.cl\/ciudad-del-este\/#organization\",\"name\":\"Colegio Manquecura Ciudad del Este\",\"url\":\"https:\/\/www.manquecura.cl\/ciudad-del-este\/\",\"logo\":{\"@type\":\"ImageObject\",\"inLanguage\":\"es\",\"@id\":\"https:\/\/www.manquecura.cl\/ciudad-del-este\/#\/schema\/logo\/image\/\",\"url\":\"https:\/\/www.manquecura.cl\/ciudad-del-este\/wp-content\/uploads\/sites\/41\/2023\/09\/logo_Manquecura_Ciudad-del-Este_horizontal_color-1.png\",\"contentUrl\":\"https:\/\/www.manquecura.cl\/ciudad-del-este\/wp-content\/uploads\/sites\/41\/2023\/09\/logo_Manquecura_Ciudad-del-Este_horizontal_color-1.png\",\"width\":611,\"height\":183,\"caption\":\"Colegio Manquecura Ciudad del Este\"},\"image\":{\"@id\":\"https:\/\/www.manquecura.cl\/ciudad-del-este\/#\/schema\/logo\/image\/\"},\"sameAs\":[\"http:\/\/www.facebook.com\/ColegiosManquecura\",\"http:\/\/www.instagram.com\/manquecura_ciudaddeleste\/\",\"http:\/\/www.youtube.com\/c\/CognitaChile\"]},{\"@type\":\"Person\",\"@id\":\"https:\/\/www.manquecura.cl\/ciudad-del-este\/#\/schema\/person\/0debeea140e397b5d490ee7e553255d8\",\"name\":\"jorgedelcampo\",\"image\":{\"@type\":\"ImageObject\",\"inLanguage\":\"es\",\"@id\":\"https:\/\/www.manquecura.cl\/ciudad-del-este\/#\/schema\/person\/image\/\",\"url\":\"https:\/\/secure.gravatar.com\/avatar\/4a315f521213b2dc91dbda9bf799f711c8a98ab6f5606ec42cf5b33d1e762e8a?s=96&d=mm&r=g\",\"contentUrl\":\"https:\/\/secure.gravatar.com\/avatar\/4a315f521213b2dc91dbda9bf799f711c8a98ab6f5606ec42cf5b33d1e762e8a?s=96&d=mm&r=g\",\"caption\":\"jorgedelcampo\"}}]}<\/script>\n<!-- \/ Yoast SEO plugin. -->","yoast_head_json":{"title":"NUTRICI\u00d3N Y VIDA SALUDABLE: UN PROGRAMA QUE MARCA LA DIFERENCIA EN MANQUECURA - Colegio Manquecura Ciudad del Este","robots":{"index":"index","follow":"follow","max-snippet":"max-snippet:-1","max-image-preview":"max-image-preview:large","max-video-preview":"max-video-preview:-1"},"canonical":"https:\/\/www.manquecura.cl\/ciudad-del-este\/noticias\/nutricion-y-vida-saludable-un-programa-que-marca-la-diferencia-en-manquecura\/","og_locale":"es_ES","og_type":"article","og_title":"NUTRICI\u00d3N Y VIDA SALUDABLE: UN PROGRAMA QUE MARCA LA DIFERENCIA EN MANQUECURA - Colegio Manquecura Ciudad del Este","og_description":"&nbsp; Nuestro programa sello Nutrici\u00f3n y Vida Saludable ha estado promoviendo importantes mensajes de bienestar entre nuestros estudiantes en varias actividades, una de ellas se desarroll\u00f3 el pasado mi\u00e9rcoles 19 de julio, junto con el apoyo de La Roche-Posay, nuestro gimnasio se transform\u00f3 en el escenario de una obra de teatro especialmente dise\u00f1ada para ense\u00f1ar [&hellip;]","og_url":"https:\/\/www.manquecura.cl\/ciudad-del-este\/noticias\/nutricion-y-vida-saludable-un-programa-que-marca-la-diferencia-en-manquecura\/","og_site_name":"Colegio Manquecura Ciudad del Este","article_publisher":"http:\/\/www.facebook.com\/ColegiosManquecura","article_published_time":"2024-08-15T18:03:45+00:00","og_image":[{"width":1600,"height":1013,"url":"https:\/\/www.manquecura.cl\/ciudad-del-este\/wp-content\/uploads\/sites\/41\/2024\/08\/5-e1723744905294.jpg","type":"image\/jpeg"}],"author":"jorgedelcampo","twitter_card":"summary_large_image","twitter_misc":{"Escrito por":"jorgedelcampo","Tiempo de lectura":"2 minutos"},"schema":{"@context":"https:\/\/schema.org","@graph":[{"@type":"Article","@id":"https:\/\/www.manquecura.cl\/ciudad-del-este\/noticias\/nutricion-y-vida-saludable-un-programa-que-marca-la-diferencia-en-manquecura\/#article","isPartOf":{"@id":"https:\/\/www.manquecura.cl\/ciudad-del-este\/noticias\/nutricion-y-vida-saludable-un-programa-que-marca-la-diferencia-en-manquecura\/"},"author":{"name":"jorgedelcampo","@id":"https:\/\/www.manquecura.cl\/ciudad-del-este\/#\/schema\/person\/0debeea140e397b5d490ee7e553255d8"},"headline":"NUTRICI\u00d3N Y VIDA SALUDABLE: UN PROGRAMA QUE MARCA LA DIFERENCIA EN MANQUECURA","datePublished":"2024-08-15T18:03:45+00:00","mainEntityOfPage":{"@id":"https:\/\/www.manquecura.cl\/ciudad-del-este\/noticias\/nutricion-y-vida-saludable-un-programa-que-marca-la-diferencia-en-manquecura\/"},"wordCount":283,"commentCount":0,"publisher":{"@id":"https:\/\/www.manquecura.cl\/ciudad-del-este\/#organization"},"image":{"@id":"https:\/\/www.manquecura.cl\/ciudad-del-este\/noticias\/nutricion-y-vida-saludable-un-programa-que-marca-la-diferencia-en-manquecura\/#primaryimage"},"thumbnailUrl":"https:\/\/www.manquecura.cl\/ciudad-del-este\/wp-content\/uploads\/sites\/41\/2024\/08\/5-e1723744905294.jpg","articleSection":["Vida Escolar"],"inLanguage":"es","potentialAction":[{"@type":"CommentAction","name":"Comment","target":["https:\/\/www.manquecura.cl\/ciudad-del-este\/noticias\/nutricion-y-vida-saludable-un-programa-que-marca-la-diferencia-en-manquecura\/#respond"]}]},{"@type":"WebPage","@id":"https:\/\/www.manquecura.cl\/ciudad-del-este\/noticias\/nutricion-y-vida-saludable-un-programa-que-marca-la-diferencia-en-manquecura\/","url":"https:\/\/www.manquecura.cl\/ciudad-del-este\/noticias\/nutricion-y-vida-saludable-un-programa-que-marca-la-diferencia-en-manquecura\/","name":"NUTRICI\u00d3N Y VIDA SALUDABLE: UN PROGRAMA QUE MARCA LA DIFERENCIA EN MANQUECURA - Colegio Manquecura Ciudad del Este","isPartOf":{"@id":"https:\/\/www.manquecura.cl\/ciudad-del-este\/#website"},"primaryImageOfPage":{"@id":"https:\/\/www.manquecura.cl\/ciudad-del-este\/noticias\/nutricion-y-vida-saludable-un-programa-que-marca-la-diferencia-en-manquecura\/#primaryimage"},"image":{"@id":"https:\/\/www.manquecura.cl\/ciudad-del-este\/noticias\/nutricion-y-vida-saludable-un-programa-que-marca-la-diferencia-en-manquecura\/#primaryimage"},"thumbnailUrl":"https:\/\/www.manquecura.cl\/ciudad-del-este\/wp-content\/uploads\/sites\/41\/2024\/08\/5-e1723744905294.jpg","datePublished":"2024-08-15T18:03:45+00:00","breadcrumb":{"@id":"https:\/\/www.manquecura.cl\/ciudad-del-este\/noticias\/nutricion-y-vida-saludable-un-programa-que-marca-la-diferencia-en-manquecura\/#breadcrumb"},"inLanguage":"es","potentialAction":[{"@type":"ReadAction","target":["https:\/\/www.manquecura.cl\/ciudad-del-este\/noticias\/nutricion-y-vida-saludable-un-programa-que-marca-la-diferencia-en-manquecura\/"]}]},{"@type":"ImageObject","inLanguage":"es","@id":"https:\/\/www.manquecura.cl\/ciudad-del-este\/noticias\/nutricion-y-vida-saludable-un-programa-que-marca-la-diferencia-en-manquecura\/#primaryimage","url":"https:\/\/www.manquecura.cl\/ciudad-del-este\/wp-content\/uploads\/sites\/41\/2024\/08\/5-e1723744905294.jpg","contentUrl":"https:\/\/www.manquecura.cl\/ciudad-del-este\/wp-content\/uploads\/sites\/41\/2024\/08\/5-e1723744905294.jpg","width":1600,"height":1013},{"@type":"BreadcrumbList","@id":"https:\/\/www.manquecura.cl\/ciudad-del-este\/noticias\/nutricion-y-vida-saludable-un-programa-que-marca-la-diferencia-en-manquecura\/#breadcrumb","itemListElement":[{"@type":"ListItem","position":1,"name":"Home","item":"https:\/\/www.manquecura.cl\/ciudad-del-este\/"},{"@type":"ListItem","position":2,"name":"NUTRICI\u00d3N Y VIDA SALUDABLE: UN PROGRAMA QUE MARCA LA DIFERENCIA EN MANQUECURA"}]},{"@type":"WebSite","@id":"https:\/\/www.manquecura.cl\/ciudad-del-este\/#website","url":"https:\/\/www.manquecura.cl\/ciudad-del-este\/","name":"Colegio Manquecura Ciudad del Este","description":"","publisher":{"@id":"https:\/\/www.manquecura.cl\/ciudad-del-este\/#organization"},"potentialAction":[{"@type":"SearchAction","target":{"@type":"EntryPoint","urlTemplate":"https:\/\/www.manquecura.cl\/ciudad-del-este\/?s={search_term_string}"},"query-input":{"@type":"PropertyValueSpecification","valueRequired":true,"valueName":"search_term_string"}}],"inLanguage":"es"},{"@type":"Organization","@id":"https:\/\/www.manquecura.cl\/ciudad-del-este\/#organization","name":"Colegio Manquecura Ciudad del Este","url":"https:\/\/www.manquecura.cl\/ciudad-del-este\/","logo":{"@type":"ImageObject","inLanguage":"es","@id":"https:\/\/www.manquecura.cl\/ciudad-del-este\/#\/schema\/logo\/image\/","url":"https:\/\/www.manquecura.cl\/ciudad-del-este\/wp-content\/uploads\/sites\/41\/2023\/09\/logo_Manquecura_Ciudad-del-Este_horizontal_color-1.png","contentUrl":"https:\/\/www.manquecura.cl\/ciudad-del-este\/wp-content\/uploads\/sites\/41\/2023\/09\/logo_Manquecura_Ciudad-del-Este_horizontal_color-1.png","width":611,"height":183,"caption":"Colegio Manquecura Ciudad del Este"},"image":{"@id":"https:\/\/www.manquecura.cl\/ciudad-del-este\/#\/schema\/logo\/image\/"},"sameAs":["http:\/\/www.facebook.com\/ColegiosManquecura","http:\/\/www.instagram.com\/manquecura_ciudaddeleste\/","http:\/\/www.youtube.com\/c\/CognitaChile"]},{"@type":"Person","@id":"https:\/\/www.manquecura.cl\/ciudad-del-este\/#\/schema\/person\/0debeea140e397b5d490ee7e553255d8","name":"jorgedelcampo","image":{"@type":"ImageObject","inLanguage":"es","@id":"https:\/\/www.manquecura.cl\/ciudad-del-este\/#\/schema\/person\/image\/","url":"https:\/\/secure.gravatar.com\/avatar\/4a315f521213b2dc91dbda9bf799f711c8a98ab6f5606ec42cf5b33d1e762e8a?s=96&d=mm&r=g","contentUrl":"https:\/\/secure.gravatar.com\/avatar\/4a315f521213b2dc91dbda9bf799f711c8a98ab6f5606ec42cf5b33d1e762e8a?s=96&d=mm&r=g","caption":"jorgedelcampo"}}]}},"jetpack_featured_media_url":"https:\/\/www.manquecura.cl\/ciudad-del-este\/wp-content\/uploads\/sites\/41\/2024\/08\/5-e1723744905294.jpg","previous_post_ID":25826,"previous_post_title":"\u00a1ES TU MOMENTO DE BRILLAR! PARTICIPA EN LA EVALUACI\u00d3N DE DOMINIO LECTOR","previous_post_excerpt":"\u00a1La espera termin\u00f3! A partir de este 05 de agosto, todos los estudiantes de primero a sexto b\u00e1sico tienen la oportunidad de participar en la Evaluaci\u00f3n de Dominio Lector. Este es el momento perfecto para mostrar cu\u00e1nto han avanzado en su comprensi\u00f3n lectora, y lo mejor de todo, \u00a1pueden hacerlo desde la comodidad de su [&hellip;]","previous_post_link":"https:\/\/www.manquecura.cl\/ciudad-del-este\/noticias\/dominio-lector\/","previous_post_class":["post-25826","post","type-post","status-publish","format-standard","has-post-thumbnail","hentry","category-vida-escolar"],"next_post_ID":25860,"next_post_title":"INICIATIVAS DEL PROGRAMA ROAD SAFETY PROMUEVEN UNA COMUNIDAD M\u00c1S SEGURA","next_post_excerpt":"El programa sello Road Safety ha estado presente en nuestra comunidad durante el a\u00f1o, a trav\u00e9s de diversas actividades que han destacado la importancia de la seguridad vial. En la celebraci\u00f3n del D\u00eda de las Madres, los estudiantes entregaron stickers adhesivos a las apoderadas conductoras que acudieron ese d\u00eda al colegio para dejar a sus [&hellip;]","next_post_link":"https:\/\/www.manquecura.cl\/ciudad-del-este\/noticias\/iniciativas-del-programa-road-safety-promueven-una-comunidad-mas-segura\/","next_post_class":["post-25860","post","type-post","status-publish","format-standard","has-post-thumbnail","hentry","category-vida-escolar"],"jetpack_sharing_enabled":true,"_links":{"self":[{"href":"https:\/\/www.manquecura.cl\/ciudad-del-este\/wp-json\/wp\/v2\/posts\/25838","targetHints":{"allow":["GET"]}}],"collection":[{"href":"https:\/\/www.manquecura.cl\/ciudad-del-este\/wp-json\/wp\/v2\/posts"}],"about":[{"href":"https:\/\/www.manquecura.cl\/ciudad-del-este\/wp-json\/wp\/v2\/types\/post"}],"author":[{"embeddable":true,"href":"https:\/\/www.manquecura.cl\/ciudad-del-este\/wp-json\/wp\/v2\/users\/14"}],"replies":[{"embeddable":true,"href":"https:\/\/www.manquecura.cl\/ciudad-del-este\/wp-json\/wp\/v2\/comments?post=25838"}],"version-history":[{"count":0,"href":"https:\/\/www.manquecura.cl\/ciudad-del-este\/wp-json\/wp\/v2\/posts\/25838\/revisions"}],"wp:featuredmedia":[{"embeddable":true,"href":"https:\/\/www.manquecura.cl\/ciudad-del-este\/wp-json\/wp\/v2\/media\/25843"}],"wp:attachment":[{"href":"https:\/\/www.manquecura.cl\/ciudad-del-este\/wp-json\/wp\/v2\/media?parent=25838"}],"wp:term":[{"taxonomy":"category","embeddable":true,"href":"https:\/\/www.manquecura.cl\/ciudad-del-este\/wp-json\/wp\/v2\/categories?post=25838"},{"taxonomy":"post_tag","embeddable":true,"href":"https:\/\/www.manquecura.cl\/ciudad-del-este\/wp-json\/wp\/v2\/tags?post=25838"}],"curies":[{"name":"wp","href":"https:\/\/api.w.org\/{rel}","templated":true}]}}