{"id":25745,"date":"2024-07-30T15:56:53","date_gmt":"2024-07-30T19:56:53","guid":{"rendered":"https:\/\/www.manquecura.cl\/ciudad-del-este\/?p=25745"},"modified":"2024-07-30T15:56:53","modified_gmt":"2024-07-30T19:56:53","slug":"semana-de-la-ciencia-inspirando-a-futuros-cientificos","status":"publish","type":"post","link":"https:\/\/www.manquecura.cl\/ciudad-del-este\/noticias\/semana-de-la-ciencia-inspirando-a-futuros-cientificos\/","title":{"rendered":"SEMANA DE LA CIENCIA: INSPIRANDO A FUTUROS CIENT\u00cdFICOS"},"content":{"rendered":"<p>La Feria Cient\u00edfica 2024 ha sido un evento muy esperado por nuestra comunidad, esta actividad est\u00e1 orientada a desarrollar la curiosidad y el inter\u00e9s por diferentes ciencias, promoviendo habilidades de pensamiento cient\u00edfico y creando un espacio donde los estudiantes compartan sus proyectos de investigaci\u00f3n elaborados durante el semestre con la comunidad escolar.<\/p>\n<p>Durante toda la semana, los distintos ciclos participaron en diversas actividades dise\u00f1adas para involucrar a todos los niveles educativos:<\/p>\n<p><strong>Ciclo de P\u00e1rvulo<\/strong><\/p>\n<ul>\n<li><strong>Exposici\u00f3n de proyectos de investigaci\u00f3n realizados en familia.<\/strong><\/li>\n<li><strong>Actividades externas:<\/strong>\n<ul>\n<li>Granja educativa (para estudiantes de playgroup &#8211; jard\u00edn).<\/li>\n<li>Domo astron\u00f3mico (para estudiantes de pre k\u00ednder &#8211; k\u00ednder).<\/li>\n<li>Taller de experimentos organizado por estudiantes de 4\u00b0 medio.<\/li>\n<\/ul>\n<\/li>\n<li>Los estudiantes del ciclo se caracterizaron como cient\u00edficas y cient\u00edficos.<\/li>\n<li>Visita guiada del laboratorio de ciencias para Pre K\u00ednder y K\u00ednder.<\/li>\n<\/ul>\n<p><strong>Ciclo de Ense\u00f1anza B\u00e1sica<\/strong><\/p>\n<ul>\n<li><strong>Actividad externa:<\/strong> Show &#8220;Laboratorio Creativo&#8221; (para estudiantes de 1\u00b0 a 4\u00b0 b\u00e1sico).<\/li>\n<li><strong>Feria cient\u00edfica:<\/strong> Estudiantes de 1\u00b0 a 6\u00b0 b\u00e1sico presentaron proyectos, realizaron demostraciones de fen\u00f3menos y explicaron los aportes de cient\u00edficas y cient\u00edficos en la historia de la ciencia.<\/li>\n<li>Los estudiantes visitaron el stand de experimentos de f\u00edsica divertida, preparado por estudiantes del electivo de F\u00edsica de 3\u00b0 medio.<\/li>\n<li>Estudiantes de 5\u00b0 y 6\u00b0 b\u00e1sico asistieron a la obra de teatro &#8220;Fotograf\u00eda 51&#8221;, preparada por estudiantes del electivo de Biolog\u00eda Celular y Molecular de 3\u00b0 medio, destacando los aportes de Rosalind Franklin en la biolog\u00eda molecular.<\/li>\n<\/ul>\n<p><strong>Ciclo de Ense\u00f1anza Media<\/strong><\/p>\n<ul>\n<li><strong>Charlas de diferentes tem\u00e1ticas:<\/strong>\n<ul>\n<li>7\u00b0 b\u00e1sico: Detectives cient\u00edficos (dictada por Mg. Evelyn Espinoza).<\/li>\n<li>8\u00b0 b\u00e1sico: Proyecto Radiotelescopio (presentado por ganadores del Cognita Student Challenge categor\u00eda Innovaci\u00f3n).<\/li>\n<li>1\u00b0 medio: Cultivos urbanos, importancia de las semillas y cultivos hidrop\u00f3nicos (organizada por la Facultad de Agronom\u00eda de la Universidad de Chile).<\/li>\n<li>2\u00b0 medio: Astrof\u00edsica (dictada por el Dr. Walter Max-Moerbeck, profesor de la Universidad de Chile).<\/li>\n<li>3\u00b0 medio: Radiobiolog\u00eda (dictada por el Dr. Daniel Villegas, Comisi\u00f3n Chilena de Energ\u00eda Nuclear).<\/li>\n<li>4\u00b0 medio: Conociendo carreras cient\u00edficas (admisi\u00f3n USACH).<\/li>\n<\/ul>\n<\/li>\n<li><strong>Feria cient\u00edfica:<\/strong> Equipos representantes de cursos de 7\u00b0 a 2\u00b0 medio presentaron proyectos de investigaci\u00f3n.\n<ul>\n<li>Contamos con un stand de huertos urbanos organizado por la Facultad de Agronom\u00eda de la Universidad de Chile.<\/li>\n<li>Estudiantes de 3\u00b0 medio del electivo de Qu\u00edmica presentaron mitos desmentidos a trav\u00e9s de la ciencia.<\/li>\n<li>Estudiantes de 7\u00b0 y 8\u00b0 b\u00e1sico asistieron a la obra de teatro \u201cSimbiosis\u201d, preparada por estudiantes del electivo de Biolog\u00eda Celular y Molecular de 3\u00b0 medio, destacando los aportes de Lynn Margulis en la biolog\u00eda celular.<\/li>\n<li>Estudiantes de 1\u00b0 y 2\u00b0 medio participaron en la actividad \u201cLaboratorio Abierto\u201d, donde disfrutaron de diversas actividades experimentales l\u00fadicas.<\/li>\n<\/ul>\n<\/li>\n<\/ul>\n<div><\/div>\n<div>Les compartimos el detalle de los estudiantes ganadores de la Feria Cient\u00edfica 2024:<\/div>\n<div><\/div>\n<p class=\"x_elementToProof\"><b>Representantes 1\u00b0 b\u00e1sico<\/b><\/p>\n<p>1\u00b0 b\u00e1sico A\u00a0&#8211; Clemente Cruz, Tom\u00e1s Cabrera, Constanza Olivos, Florencia Molina<\/p>\n<p>1\u00b0 b\u00e1sico B &#8211; Vicente Velarde, Maximiliano Fuentes, Rafaella Giglio, Camila Navia, Tom\u00e1s Ram\u00edrez<\/p>\n<p>1\u00b0 b\u00e1sico C\u00a0-Simonna Colombara, Rafaella Pavez, Santiago Keller, Freddy Tamayo,\u00a0Alonso Medina<\/p>\n<p><b>Categor\u00eda 2\u00b0 b\u00e1sico<\/b><\/p>\n<p>1\u00b0 lugar \u2013 equipo 2\u00b0 b\u00e1sico B &#8211; Esperanza Rojas, Mar\u00eda Gracia Valdivia, Mar\u00eda Jes\u00fas Osses, Antonella Luna, Magdalena Campusano.<\/p>\n<p>2\u00b0 lugar \u2013 equipo 2\u00b0 b\u00e1sico C &#8211; Josefa Medel, Blanca Venturelli, Maite Flores, Trinidad Ahumada, Sof\u00eda Contreras, Amanda P\u00e9rez<\/p>\n<p>3\u00b0 lugar \u2013 equipo 2\u00b0 b\u00e1sico A &#8211; Mariela Y\u00e1\u00f1ez, Aline Monsalve, Maite V\u00e1squez, Noelia Echeverria, Julieta Mu\u00f1oz<\/p>\n<p><b>Categor\u00eda 3\u00b0- 4\u00b0 b\u00e1sico<\/b><\/p>\n<p>1\u00b0 lugar &#8211; 4\u00b0 B\u00a0&#8211; Amanda Campos, Sebasti\u00e1n Useche, Santino Silva, Isidora Cisternas<\/p>\n<p>2\u00b0 lugar &#8211; 3\u00b0C\u00a0&#8211; Luciano Rojas, Pedro Pablo Far\u00edas, Alonso Herrera, Benjam\u00edn Guti\u00e9rrez, \u00cdtalo Ortega<\/p>\n<p>3\u00b0 lugar &#8211; 3\u00b0B\u00a0&#8211; Amalia Godoy, Magdalena Oliva, Emilia Chac\u00f3n, Pascal Far\u00edas,\u00a0 Josefa P\u00e1vez, Consuelo Vega<\/p>\n<p>4\u00b0 lugar &#8211; 3\u00b0C\u00a0&#8211; Emma Lemus, Catalina Monardes, Mat\u00edas Oliva, Catalina Rebolledo, Ignacia N\u00fa\u00f1ez.<\/p>\n<p><b>Categor\u00eda 5\u00b0 b\u00e1sico<\/b><\/p>\n<p>5\u00b0 b\u00e1sico B &#8211; \u00a0Samantha S\u00e1nchez, Violeta Anrique, Alonso Maturana.<\/p>\n<p><b>Categor\u00eda 6\u00b0 b\u00e1sico<\/b><\/p>\n<p>6\u00b0 B\u00c1SICO B &#8211; Florencia Burdiles, Martina Far\u00edas, Maximiliano Concha, Agust\u00edn Fernandois.<\/p>\n<p><b>Categor\u00eda 7\u00b0 -8\u00b0 b\u00e1sico<\/b><\/p>\n<p class=\"x_elementToProof\">\u00a01\u00b0 lugar: equipo 8\u00b0A \u2013 Juan Andrade, Francisco Chocobar, Miguel Hern\u00e1ndez, \u00c1lvaro Nieto, Ivana Tapia<\/p>\n<p>2\u00b0 lugar: equipo 7\u00b0B &#8211; Juan Guti\u00e9rrez, M\u00e1ximo Jaramillo, \u00c1lvaro Labr\u00edn, Joaqu\u00edn Landa<\/p>\n<p>3\u00b0 lugar: equipo 8\u00b0C &#8211; Florencia Vargas, Mirash Silva, Alison Berrios, Maite Guti\u00e9rrez, Camila Gonz\u00e1lez<\/p>\n<p><b>Categor\u00eda 1\u00b0 -2\u00b0 medio<\/b><\/p>\n<p>1\u00b0 lugar: equipo 2\u00b0 medio C &#8211; Angela Inca, Ema Vel\u00e1squez, Dominique Basso, Isidora Garc\u00eda, Valentina Mujica.<\/p>\n<p>2\u00b0 lugar: equipo 1\u00b0 medio B &#8211; Isidora Leiva, Sof\u00eda Rozo, Mar\u00eda Jos\u00e9 Torres<\/p>\n<p>3\u00b0 lugar: equipo 1\u00b0 medio A &#8211; P\u00eda Leal, Florencia Balboa, Fernanda L\u00f3pez, Laura \u00c1lvarez, Ignacia Retamal<\/p>\n<p>La Feria Cient\u00edfica 2024 ha sido una verdadera celebraci\u00f3n del conocimiento y la curiosidad, fortaleciendo el esp\u00edritu cient\u00edfico en nuestros estudiantes. Nuevamente, agradecemos profundamente a nuestros docentes participantes y a Miss Josefina Pinto por su dedicaci\u00f3n y excelente organizaci\u00f3n que hicieron posible este evento.<\/p>\n"},"excerpt":{"rendered":"<p>La Feria Cient\u00edfica 2024 ha sido un evento muy esperado por nuestra comunidad, esta actividad est\u00e1 orientada a desarrollar la curiosidad y el inter\u00e9s por diferentes ciencias, promoviendo habilidades de pensamiento cient\u00edfico y creando un espacio donde los estudiantes compartan sus proyectos de investigaci\u00f3n elaborados durante el semestre con la comunidad escolar. Durante toda la [&hellip;]<\/p>\n","protected":false},"author":14,"featured_media":25793,"comment_status":"open","ping_status":"open","sticky":false,"template":"","format":"standard","meta":{"_acf_changed":false,"content-type":"","_jetpack_memberships_contains_paid_content":false,"footnotes":""},"categories":[1],"tags":[],"class_list":["post-25745","post","type-post","status-publish","format-standard","has-post-thumbnail","hentry","category-vida-escolar"],"acf":[],"yoast_head":"<!-- This site is optimized with the Yoast SEO plugin v27.1.1 - https:\/\/yoast.com\/product\/yoast-seo-wordpress\/ -->\n<title>SEMANA DE LA CIENCIA: INSPIRANDO A FUTUROS CIENT\u00cdFICOS - Colegio Manquecura Ciudad del Este<\/title>\n<meta name=\"robots\" content=\"index, follow, max-snippet:-1, max-image-preview:large, max-video-preview:-1\" \/>\n<link rel=\"canonical\" href=\"https:\/\/www.manquecura.cl\/ciudad-del-este\/noticias\/semana-de-la-ciencia-inspirando-a-futuros-cientificos\/\" \/>\n<meta property=\"og:locale\" content=\"es_ES\" \/>\n<meta property=\"og:type\" content=\"article\" \/>\n<meta property=\"og:title\" content=\"SEMANA DE LA CIENCIA: INSPIRANDO A FUTUROS CIENT\u00cdFICOS - Colegio Manquecura Ciudad del Este\" \/>\n<meta property=\"og:description\" content=\"La Feria Cient\u00edfica 2024 ha sido un evento muy esperado por nuestra comunidad, esta actividad est\u00e1 orientada a desarrollar la curiosidad y el inter\u00e9s por diferentes ciencias, promoviendo habilidades de pensamiento cient\u00edfico y creando un espacio donde los estudiantes compartan sus proyectos de investigaci\u00f3n elaborados durante el semestre con la comunidad escolar. Durante toda la [&hellip;]\" \/>\n<meta property=\"og:url\" content=\"https:\/\/www.manquecura.cl\/ciudad-del-este\/noticias\/semana-de-la-ciencia-inspirando-a-futuros-cientificos\/\" \/>\n<meta property=\"og:site_name\" content=\"Colegio Manquecura Ciudad del Este\" \/>\n<meta property=\"article:publisher\" content=\"http:\/\/www.facebook.com\/ColegiosManquecura\" \/>\n<meta property=\"article:published_time\" content=\"2024-07-30T19:56:53+00:00\" \/>\n<meta property=\"og:image\" content=\"https:\/\/www.manquecura.cl\/ciudad-del-este\/wp-content\/uploads\/sites\/41\/2024\/07\/Imagen-de-WhatsApp-2024-07-25-a-las-12.48.04_88c661a9-e1722868084541.jpg\" \/>\n\t<meta property=\"og:image:width\" content=\"1200\" \/>\n\t<meta property=\"og:image:height\" content=\"752\" \/>\n\t<meta property=\"og:image:type\" content=\"image\/jpeg\" \/>\n<meta name=\"author\" content=\"jorgedelcampo\" \/>\n<meta name=\"twitter:card\" content=\"summary_large_image\" \/>\n<meta name=\"twitter:label1\" content=\"Escrito por\" \/>\n\t<meta name=\"twitter:data1\" content=\"jorgedelcampo\" \/>\n\t<meta name=\"twitter:label2\" content=\"Tiempo de lectura\" \/>\n\t<meta name=\"twitter:data2\" content=\"4 minutos\" \/>\n<script type=\"application\/ld+json\" class=\"yoast-schema-graph\">{\"@context\":\"https:\/\/schema.org\",\"@graph\":[{\"@type\":\"Article\",\"@id\":\"https:\/\/www.manquecura.cl\/ciudad-del-este\/noticias\/semana-de-la-ciencia-inspirando-a-futuros-cientificos\/#article\",\"isPartOf\":{\"@id\":\"https:\/\/www.manquecura.cl\/ciudad-del-este\/noticias\/semana-de-la-ciencia-inspirando-a-futuros-cientificos\/\"},\"author\":{\"name\":\"jorgedelcampo\",\"@id\":\"https:\/\/www.manquecura.cl\/ciudad-del-este\/#\/schema\/person\/0debeea140e397b5d490ee7e553255d8\"},\"headline\":\"SEMANA DE LA CIENCIA: INSPIRANDO A FUTUROS CIENT\u00cdFICOS\",\"datePublished\":\"2024-07-30T19:56:53+00:00\",\"mainEntityOfPage\":{\"@id\":\"https:\/\/www.manquecura.cl\/ciudad-del-este\/noticias\/semana-de-la-ciencia-inspirando-a-futuros-cientificos\/\"},\"wordCount\":840,\"commentCount\":0,\"publisher\":{\"@id\":\"https:\/\/www.manquecura.cl\/ciudad-del-este\/#organization\"},\"image\":{\"@id\":\"https:\/\/www.manquecura.cl\/ciudad-del-este\/noticias\/semana-de-la-ciencia-inspirando-a-futuros-cientificos\/#primaryimage\"},\"thumbnailUrl\":\"https:\/\/www.manquecura.cl\/ciudad-del-este\/wp-content\/uploads\/sites\/41\/2024\/07\/Imagen-de-WhatsApp-2024-07-25-a-las-12.48.04_88c661a9-e1722868084541.jpg\",\"articleSection\":[\"Vida Escolar\"],\"inLanguage\":\"es\",\"potentialAction\":[{\"@type\":\"CommentAction\",\"name\":\"Comment\",\"target\":[\"https:\/\/www.manquecura.cl\/ciudad-del-este\/noticias\/semana-de-la-ciencia-inspirando-a-futuros-cientificos\/#respond\"]}]},{\"@type\":\"WebPage\",\"@id\":\"https:\/\/www.manquecura.cl\/ciudad-del-este\/noticias\/semana-de-la-ciencia-inspirando-a-futuros-cientificos\/\",\"url\":\"https:\/\/www.manquecura.cl\/ciudad-del-este\/noticias\/semana-de-la-ciencia-inspirando-a-futuros-cientificos\/\",\"name\":\"SEMANA DE LA CIENCIA: INSPIRANDO A FUTUROS CIENT\u00cdFICOS - Colegio Manquecura Ciudad del Este\",\"isPartOf\":{\"@id\":\"https:\/\/www.manquecura.cl\/ciudad-del-este\/#website\"},\"primaryImageOfPage\":{\"@id\":\"https:\/\/www.manquecura.cl\/ciudad-del-este\/noticias\/semana-de-la-ciencia-inspirando-a-futuros-cientificos\/#primaryimage\"},\"image\":{\"@id\":\"https:\/\/www.manquecura.cl\/ciudad-del-este\/noticias\/semana-de-la-ciencia-inspirando-a-futuros-cientificos\/#primaryimage\"},\"thumbnailUrl\":\"https:\/\/www.manquecura.cl\/ciudad-del-este\/wp-content\/uploads\/sites\/41\/2024\/07\/Imagen-de-WhatsApp-2024-07-25-a-las-12.48.04_88c661a9-e1722868084541.jpg\",\"datePublished\":\"2024-07-30T19:56:53+00:00\",\"breadcrumb\":{\"@id\":\"https:\/\/www.manquecura.cl\/ciudad-del-este\/noticias\/semana-de-la-ciencia-inspirando-a-futuros-cientificos\/#breadcrumb\"},\"inLanguage\":\"es\",\"potentialAction\":[{\"@type\":\"ReadAction\",\"target\":[\"https:\/\/www.manquecura.cl\/ciudad-del-este\/noticias\/semana-de-la-ciencia-inspirando-a-futuros-cientificos\/\"]}]},{\"@type\":\"ImageObject\",\"inLanguage\":\"es\",\"@id\":\"https:\/\/www.manquecura.cl\/ciudad-del-este\/noticias\/semana-de-la-ciencia-inspirando-a-futuros-cientificos\/#primaryimage\",\"url\":\"https:\/\/www.manquecura.cl\/ciudad-del-este\/wp-content\/uploads\/sites\/41\/2024\/07\/Imagen-de-WhatsApp-2024-07-25-a-las-12.48.04_88c661a9-e1722868084541.jpg\",\"contentUrl\":\"https:\/\/www.manquecura.cl\/ciudad-del-este\/wp-content\/uploads\/sites\/41\/2024\/07\/Imagen-de-WhatsApp-2024-07-25-a-las-12.48.04_88c661a9-e1722868084541.jpg\",\"width\":1200,\"height\":752},{\"@type\":\"BreadcrumbList\",\"@id\":\"https:\/\/www.manquecura.cl\/ciudad-del-este\/noticias\/semana-de-la-ciencia-inspirando-a-futuros-cientificos\/#breadcrumb\",\"itemListElement\":[{\"@type\":\"ListItem\",\"position\":1,\"name\":\"Home\",\"item\":\"https:\/\/www.manquecura.cl\/ciudad-del-este\/\"},{\"@type\":\"ListItem\",\"position\":2,\"name\":\"SEMANA DE LA CIENCIA: INSPIRANDO A FUTUROS CIENT\u00cdFICOS\"}]},{\"@type\":\"WebSite\",\"@id\":\"https:\/\/www.manquecura.cl\/ciudad-del-este\/#website\",\"url\":\"https:\/\/www.manquecura.cl\/ciudad-del-este\/\",\"name\":\"Colegio Manquecura Ciudad del Este\",\"description\":\"\",\"publisher\":{\"@id\":\"https:\/\/www.manquecura.cl\/ciudad-del-este\/#organization\"},\"potentialAction\":[{\"@type\":\"SearchAction\",\"target\":{\"@type\":\"EntryPoint\",\"urlTemplate\":\"https:\/\/www.manquecura.cl\/ciudad-del-este\/?s={search_term_string}\"},\"query-input\":{\"@type\":\"PropertyValueSpecification\",\"valueRequired\":true,\"valueName\":\"search_term_string\"}}],\"inLanguage\":\"es\"},{\"@type\":\"Organization\",\"@id\":\"https:\/\/www.manquecura.cl\/ciudad-del-este\/#organization\",\"name\":\"Colegio Manquecura Ciudad del Este\",\"url\":\"https:\/\/www.manquecura.cl\/ciudad-del-este\/\",\"logo\":{\"@type\":\"ImageObject\",\"inLanguage\":\"es\",\"@id\":\"https:\/\/www.manquecura.cl\/ciudad-del-este\/#\/schema\/logo\/image\/\",\"url\":\"https:\/\/www.manquecura.cl\/ciudad-del-este\/wp-content\/uploads\/sites\/41\/2023\/09\/logo_Manquecura_Ciudad-del-Este_horizontal_color-1.png\",\"contentUrl\":\"https:\/\/www.manquecura.cl\/ciudad-del-este\/wp-content\/uploads\/sites\/41\/2023\/09\/logo_Manquecura_Ciudad-del-Este_horizontal_color-1.png\",\"width\":611,\"height\":183,\"caption\":\"Colegio Manquecura Ciudad del Este\"},\"image\":{\"@id\":\"https:\/\/www.manquecura.cl\/ciudad-del-este\/#\/schema\/logo\/image\/\"},\"sameAs\":[\"http:\/\/www.facebook.com\/ColegiosManquecura\",\"http:\/\/www.instagram.com\/manquecura_ciudaddeleste\/\",\"http:\/\/www.youtube.com\/c\/CognitaChile\"]},{\"@type\":\"Person\",\"@id\":\"https:\/\/www.manquecura.cl\/ciudad-del-este\/#\/schema\/person\/0debeea140e397b5d490ee7e553255d8\",\"name\":\"jorgedelcampo\",\"image\":{\"@type\":\"ImageObject\",\"inLanguage\":\"es\",\"@id\":\"https:\/\/www.manquecura.cl\/ciudad-del-este\/#\/schema\/person\/image\/\",\"url\":\"https:\/\/secure.gravatar.com\/avatar\/4a315f521213b2dc91dbda9bf799f711c8a98ab6f5606ec42cf5b33d1e762e8a?s=96&d=mm&r=g\",\"contentUrl\":\"https:\/\/secure.gravatar.com\/avatar\/4a315f521213b2dc91dbda9bf799f711c8a98ab6f5606ec42cf5b33d1e762e8a?s=96&d=mm&r=g\",\"caption\":\"jorgedelcampo\"}}]}<\/script>\n<!-- \/ Yoast SEO plugin. -->","yoast_head_json":{"title":"SEMANA DE LA CIENCIA: INSPIRANDO A FUTUROS CIENT\u00cdFICOS - Colegio Manquecura Ciudad del Este","robots":{"index":"index","follow":"follow","max-snippet":"max-snippet:-1","max-image-preview":"max-image-preview:large","max-video-preview":"max-video-preview:-1"},"canonical":"https:\/\/www.manquecura.cl\/ciudad-del-este\/noticias\/semana-de-la-ciencia-inspirando-a-futuros-cientificos\/","og_locale":"es_ES","og_type":"article","og_title":"SEMANA DE LA CIENCIA: INSPIRANDO A FUTUROS CIENT\u00cdFICOS - Colegio Manquecura Ciudad del Este","og_description":"La Feria Cient\u00edfica 2024 ha sido un evento muy esperado por nuestra comunidad, esta actividad est\u00e1 orientada a desarrollar la curiosidad y el inter\u00e9s por diferentes ciencias, promoviendo habilidades de pensamiento cient\u00edfico y creando un espacio donde los estudiantes compartan sus proyectos de investigaci\u00f3n elaborados durante el semestre con la comunidad escolar. Durante toda la [&hellip;]","og_url":"https:\/\/www.manquecura.cl\/ciudad-del-este\/noticias\/semana-de-la-ciencia-inspirando-a-futuros-cientificos\/","og_site_name":"Colegio Manquecura Ciudad del Este","article_publisher":"http:\/\/www.facebook.com\/ColegiosManquecura","article_published_time":"2024-07-30T19:56:53+00:00","og_image":[{"width":1200,"height":752,"url":"https:\/\/www.manquecura.cl\/ciudad-del-este\/wp-content\/uploads\/sites\/41\/2024\/07\/Imagen-de-WhatsApp-2024-07-25-a-las-12.48.04_88c661a9-e1722868084541.jpg","type":"image\/jpeg"}],"author":"jorgedelcampo","twitter_card":"summary_large_image","twitter_misc":{"Escrito por":"jorgedelcampo","Tiempo de lectura":"4 minutos"},"schema":{"@context":"https:\/\/schema.org","@graph":[{"@type":"Article","@id":"https:\/\/www.manquecura.cl\/ciudad-del-este\/noticias\/semana-de-la-ciencia-inspirando-a-futuros-cientificos\/#article","isPartOf":{"@id":"https:\/\/www.manquecura.cl\/ciudad-del-este\/noticias\/semana-de-la-ciencia-inspirando-a-futuros-cientificos\/"},"author":{"name":"jorgedelcampo","@id":"https:\/\/www.manquecura.cl\/ciudad-del-este\/#\/schema\/person\/0debeea140e397b5d490ee7e553255d8"},"headline":"SEMANA DE LA CIENCIA: INSPIRANDO A FUTUROS CIENT\u00cdFICOS","datePublished":"2024-07-30T19:56:53+00:00","mainEntityOfPage":{"@id":"https:\/\/www.manquecura.cl\/ciudad-del-este\/noticias\/semana-de-la-ciencia-inspirando-a-futuros-cientificos\/"},"wordCount":840,"commentCount":0,"publisher":{"@id":"https:\/\/www.manquecura.cl\/ciudad-del-este\/#organization"},"image":{"@id":"https:\/\/www.manquecura.cl\/ciudad-del-este\/noticias\/semana-de-la-ciencia-inspirando-a-futuros-cientificos\/#primaryimage"},"thumbnailUrl":"https:\/\/www.manquecura.cl\/ciudad-del-este\/wp-content\/uploads\/sites\/41\/2024\/07\/Imagen-de-WhatsApp-2024-07-25-a-las-12.48.04_88c661a9-e1722868084541.jpg","articleSection":["Vida Escolar"],"inLanguage":"es","potentialAction":[{"@type":"CommentAction","name":"Comment","target":["https:\/\/www.manquecura.cl\/ciudad-del-este\/noticias\/semana-de-la-ciencia-inspirando-a-futuros-cientificos\/#respond"]}]},{"@type":"WebPage","@id":"https:\/\/www.manquecura.cl\/ciudad-del-este\/noticias\/semana-de-la-ciencia-inspirando-a-futuros-cientificos\/","url":"https:\/\/www.manquecura.cl\/ciudad-del-este\/noticias\/semana-de-la-ciencia-inspirando-a-futuros-cientificos\/","name":"SEMANA DE LA CIENCIA: INSPIRANDO A FUTUROS CIENT\u00cdFICOS - Colegio Manquecura Ciudad del Este","isPartOf":{"@id":"https:\/\/www.manquecura.cl\/ciudad-del-este\/#website"},"primaryImageOfPage":{"@id":"https:\/\/www.manquecura.cl\/ciudad-del-este\/noticias\/semana-de-la-ciencia-inspirando-a-futuros-cientificos\/#primaryimage"},"image":{"@id":"https:\/\/www.manquecura.cl\/ciudad-del-este\/noticias\/semana-de-la-ciencia-inspirando-a-futuros-cientificos\/#primaryimage"},"thumbnailUrl":"https:\/\/www.manquecura.cl\/ciudad-del-este\/wp-content\/uploads\/sites\/41\/2024\/07\/Imagen-de-WhatsApp-2024-07-25-a-las-12.48.04_88c661a9-e1722868084541.jpg","datePublished":"2024-07-30T19:56:53+00:00","breadcrumb":{"@id":"https:\/\/www.manquecura.cl\/ciudad-del-este\/noticias\/semana-de-la-ciencia-inspirando-a-futuros-cientificos\/#breadcrumb"},"inLanguage":"es","potentialAction":[{"@type":"ReadAction","target":["https:\/\/www.manquecura.cl\/ciudad-del-este\/noticias\/semana-de-la-ciencia-inspirando-a-futuros-cientificos\/"]}]},{"@type":"ImageObject","inLanguage":"es","@id":"https:\/\/www.manquecura.cl\/ciudad-del-este\/noticias\/semana-de-la-ciencia-inspirando-a-futuros-cientificos\/#primaryimage","url":"https:\/\/www.manquecura.cl\/ciudad-del-este\/wp-content\/uploads\/sites\/41\/2024\/07\/Imagen-de-WhatsApp-2024-07-25-a-las-12.48.04_88c661a9-e1722868084541.jpg","contentUrl":"https:\/\/www.manquecura.cl\/ciudad-del-este\/wp-content\/uploads\/sites\/41\/2024\/07\/Imagen-de-WhatsApp-2024-07-25-a-las-12.48.04_88c661a9-e1722868084541.jpg","width":1200,"height":752},{"@type":"BreadcrumbList","@id":"https:\/\/www.manquecura.cl\/ciudad-del-este\/noticias\/semana-de-la-ciencia-inspirando-a-futuros-cientificos\/#breadcrumb","itemListElement":[{"@type":"ListItem","position":1,"name":"Home","item":"https:\/\/www.manquecura.cl\/ciudad-del-este\/"},{"@type":"ListItem","position":2,"name":"SEMANA DE LA CIENCIA: INSPIRANDO A FUTUROS CIENT\u00cdFICOS"}]},{"@type":"WebSite","@id":"https:\/\/www.manquecura.cl\/ciudad-del-este\/#website","url":"https:\/\/www.manquecura.cl\/ciudad-del-este\/","name":"Colegio Manquecura Ciudad del Este","description":"","publisher":{"@id":"https:\/\/www.manquecura.cl\/ciudad-del-este\/#organization"},"potentialAction":[{"@type":"SearchAction","target":{"@type":"EntryPoint","urlTemplate":"https:\/\/www.manquecura.cl\/ciudad-del-este\/?s={search_term_string}"},"query-input":{"@type":"PropertyValueSpecification","valueRequired":true,"valueName":"search_term_string"}}],"inLanguage":"es"},{"@type":"Organization","@id":"https:\/\/www.manquecura.cl\/ciudad-del-este\/#organization","name":"Colegio Manquecura Ciudad del Este","url":"https:\/\/www.manquecura.cl\/ciudad-del-este\/","logo":{"@type":"ImageObject","inLanguage":"es","@id":"https:\/\/www.manquecura.cl\/ciudad-del-este\/#\/schema\/logo\/image\/","url":"https:\/\/www.manquecura.cl\/ciudad-del-este\/wp-content\/uploads\/sites\/41\/2023\/09\/logo_Manquecura_Ciudad-del-Este_horizontal_color-1.png","contentUrl":"https:\/\/www.manquecura.cl\/ciudad-del-este\/wp-content\/uploads\/sites\/41\/2023\/09\/logo_Manquecura_Ciudad-del-Este_horizontal_color-1.png","width":611,"height":183,"caption":"Colegio Manquecura Ciudad del Este"},"image":{"@id":"https:\/\/www.manquecura.cl\/ciudad-del-este\/#\/schema\/logo\/image\/"},"sameAs":["http:\/\/www.facebook.com\/ColegiosManquecura","http:\/\/www.instagram.com\/manquecura_ciudaddeleste\/","http:\/\/www.youtube.com\/c\/CognitaChile"]},{"@type":"Person","@id":"https:\/\/www.manquecura.cl\/ciudad-del-este\/#\/schema\/person\/0debeea140e397b5d490ee7e553255d8","name":"jorgedelcampo","image":{"@type":"ImageObject","inLanguage":"es","@id":"https:\/\/www.manquecura.cl\/ciudad-del-este\/#\/schema\/person\/image\/","url":"https:\/\/secure.gravatar.com\/avatar\/4a315f521213b2dc91dbda9bf799f711c8a98ab6f5606ec42cf5b33d1e762e8a?s=96&d=mm&r=g","contentUrl":"https:\/\/secure.gravatar.com\/avatar\/4a315f521213b2dc91dbda9bf799f711c8a98ab6f5606ec42cf5b33d1e762e8a?s=96&d=mm&r=g","caption":"jorgedelcampo"}}]}},"jetpack_featured_media_url":"https:\/\/www.manquecura.cl\/ciudad-del-este\/wp-content\/uploads\/sites\/41\/2024\/07\/Imagen-de-WhatsApp-2024-07-25-a-las-12.48.04_88c661a9-e1722868084541.jpg","previous_post_ID":25722,"previous_post_title":"SIMULACRO DE EVACUACI\u00d3N POR SISMO","previous_post_excerpt":"Les informamos que el viernes 19 de julio a las 10:45 horas se llev\u00f3 a cabo un simulacro de sismo en nuestras instalaciones. Este ejercicio fue de vital importancia para asegurar que todos estemos preparados y sepamos c\u00f3mo actuar en caso de una emergencia real. A continuaci\u00f3n, se detalla el procedimiento que se sigui\u00f3 durante [&hellip;]","previous_post_link":"https:\/\/www.manquecura.cl\/ciudad-del-este\/noticias\/simulacro-de-evacuacion-por-sismo\/","previous_post_class":["post-25722","post","type-post","status-publish","format-standard","has-post-thumbnail","hentry","category-vida-escolar"],"next_post_ID":25826,"next_post_title":"\u00a1ES TU MOMENTO DE BRILLAR! PARTICIPA EN LA EVALUACI\u00d3N DE DOMINIO LECTOR","next_post_excerpt":"\u00a1La espera termin\u00f3! A partir de este 05 de agosto, todos los estudiantes de primero a sexto b\u00e1sico tienen la oportunidad de participar en la Evaluaci\u00f3n de Dominio Lector. Este es el momento perfecto para mostrar cu\u00e1nto han avanzado en su comprensi\u00f3n lectora, y lo mejor de todo, \u00a1pueden hacerlo desde la comodidad de su [&hellip;]","next_post_link":"https:\/\/www.manquecura.cl\/ciudad-del-este\/noticias\/dominio-lector\/","next_post_class":["post-25826","post","type-post","status-publish","format-standard","has-post-thumbnail","hentry","category-vida-escolar"],"jetpack_sharing_enabled":true,"_links":{"self":[{"href":"https:\/\/www.manquecura.cl\/ciudad-del-este\/wp-json\/wp\/v2\/posts\/25745","targetHints":{"allow":["GET"]}}],"collection":[{"href":"https:\/\/www.manquecura.cl\/ciudad-del-este\/wp-json\/wp\/v2\/posts"}],"about":[{"href":"https:\/\/www.manquecura.cl\/ciudad-del-este\/wp-json\/wp\/v2\/types\/post"}],"author":[{"embeddable":true,"href":"https:\/\/www.manquecura.cl\/ciudad-del-este\/wp-json\/wp\/v2\/users\/14"}],"replies":[{"embeddable":true,"href":"https:\/\/www.manquecura.cl\/ciudad-del-este\/wp-json\/wp\/v2\/comments?post=25745"}],"version-history":[{"count":0,"href":"https:\/\/www.manquecura.cl\/ciudad-del-este\/wp-json\/wp\/v2\/posts\/25745\/revisions"}],"wp:featuredmedia":[{"embeddable":true,"href":"https:\/\/www.manquecura.cl\/ciudad-del-este\/wp-json\/wp\/v2\/media\/25793"}],"wp:attachment":[{"href":"https:\/\/www.manquecura.cl\/ciudad-del-este\/wp-json\/wp\/v2\/media?parent=25745"}],"wp:term":[{"taxonomy":"category","embeddable":true,"href":"https:\/\/www.manquecura.cl\/ciudad-del-este\/wp-json\/wp\/v2\/categories?post=25745"},{"taxonomy":"post_tag","embeddable":true,"href":"https:\/\/www.manquecura.cl\/ciudad-del-este\/wp-json\/wp\/v2\/tags?post=25745"}],"curies":[{"name":"wp","href":"https:\/\/api.w.org\/{rel}","templated":true}]}}