{"id":25667,"date":"2024-07-18T12:15:34","date_gmt":"2024-07-18T16:15:34","guid":{"rendered":"https:\/\/www.manquecura.cl\/ciudad-del-este\/?p=25667"},"modified":"2024-07-18T12:15:34","modified_gmt":"2024-07-18T16:15:34","slug":"celebracion-dia-de-la-familia-en-manquecura-cde","status":"publish","type":"post","link":"https:\/\/www.manquecura.cl\/ciudad-del-este\/noticias\/celebracion-dia-de-la-familia-en-manquecura-cde\/","title":{"rendered":"EXITOSA CELEBRACI\u00d3N POR EL D\u00cdA DE LA FAMILIA"},"content":{"rendered":"<p>El pasado viernes 12 de julio, el ciclo de Educaci\u00f3n Parvularia celebr\u00f3 el esperado <strong>&#8220;D\u00eda de la Familia&#8221;<\/strong>, una jornada llena de alegr\u00eda y uni\u00f3n que reuni\u00f3 a madres, padres, apoderados, hijos e hijas, junto con nuestras dedicadas educadoras y co-educadoras.<\/p>\n<p>La actividad fue un \u00e9xito rotundo, gracias al compromiso y la participaci\u00f3n activa de todas las familias y el equipo educativo. Desde temprano, el ambiente se llen\u00f3 de risas y entusiasmo, reflejando la importancia de fortalecer los lazos entre la comunidad escolar y las familias.<\/p>\n<p>Queremos expresar nuestro m\u00e1s sincero agradecimiento a todos los que hicieron posible esta hermosa jornada. La colaboraci\u00f3n y el cari\u00f1o demostrados durante el &#8220;D\u00eda de la Familia&#8221; son un ejemplo de c\u00f3mo la uni\u00f3n y el trabajo en equipo pueden crear experiencias significativas y enriquecedoras para nuestros peque\u00f1os.<\/p>\n<p>Esta celebraci\u00f3n reafirma nuestro compromiso de seguir construyendo un entorno educativo donde la participaci\u00f3n de la familia sea fundamental para el desarrollo integral de los ni\u00f1os y ni\u00f1as.<\/p>\n<p><strong>\u00a1Gracias a todos por su apoyo y por hacer de este d\u00eda un momento inolvidable!<\/strong><\/p>\n"},"excerpt":{"rendered":"<p>El pasado viernes 12 de julio, el ciclo de Educaci\u00f3n Parvularia celebr\u00f3 el esperado &#8220;D\u00eda de la Familia&#8221;, una jornada llena de alegr\u00eda y uni\u00f3n que reuni\u00f3 a madres, padres, apoderados, hijos e hijas, junto con nuestras dedicadas educadoras y co-educadoras. La actividad fue un \u00e9xito rotundo, gracias al compromiso y la participaci\u00f3n activa de [&hellip;]<\/p>\n","protected":false},"author":14,"featured_media":25675,"comment_status":"open","ping_status":"open","sticky":false,"template":"","format":"standard","meta":{"_acf_changed":false,"content-type":"","_jetpack_memberships_contains_paid_content":false,"footnotes":""},"categories":[1],"tags":[],"class_list":["post-25667","post","type-post","status-publish","format-standard","has-post-thumbnail","hentry","category-vida-escolar"],"acf":[],"yoast_head":"<!-- This site is optimized with the Yoast SEO plugin v27.1.1 - https:\/\/yoast.com\/product\/yoast-seo-wordpress\/ -->\n<title>EXITOSA CELEBRACI\u00d3N POR EL D\u00cdA DE LA FAMILIA - Colegio Manquecura Ciudad del Este<\/title>\n<meta name=\"robots\" content=\"index, follow, max-snippet:-1, max-image-preview:large, max-video-preview:-1\" \/>\n<link rel=\"canonical\" href=\"https:\/\/www.manquecura.cl\/ciudad-del-este\/noticias\/celebracion-dia-de-la-familia-en-manquecura-cde\/\" \/>\n<meta property=\"og:locale\" content=\"es_ES\" \/>\n<meta property=\"og:type\" content=\"article\" \/>\n<meta property=\"og:title\" content=\"EXITOSA CELEBRACI\u00d3N POR EL D\u00cdA DE LA FAMILIA - Colegio Manquecura Ciudad del Este\" \/>\n<meta property=\"og:description\" content=\"El pasado viernes 12 de julio, el ciclo de Educaci\u00f3n Parvularia celebr\u00f3 el esperado &#8220;D\u00eda de la Familia&#8221;, una jornada llena de alegr\u00eda y uni\u00f3n que reuni\u00f3 a madres, padres, apoderados, hijos e hijas, junto con nuestras dedicadas educadoras y co-educadoras. La actividad fue un \u00e9xito rotundo, gracias al compromiso y la participaci\u00f3n activa de [&hellip;]\" \/>\n<meta property=\"og:url\" content=\"https:\/\/www.manquecura.cl\/ciudad-del-este\/noticias\/celebracion-dia-de-la-familia-en-manquecura-cde\/\" \/>\n<meta property=\"og:site_name\" content=\"Colegio Manquecura Ciudad del Este\" \/>\n<meta property=\"article:publisher\" content=\"http:\/\/www.facebook.com\/ColegiosManquecura\" \/>\n<meta property=\"article:published_time\" content=\"2024-07-18T16:15:34+00:00\" \/>\n<meta property=\"og:image\" content=\"https:\/\/www.manquecura.cl\/ciudad-del-este\/wp-content\/uploads\/sites\/41\/2024\/07\/IMG_9605-rotated-e1721319835556.jpg\" \/>\n\t<meta property=\"og:image:width\" content=\"2304\" \/>\n\t<meta property=\"og:image:height\" content=\"1445\" \/>\n\t<meta property=\"og:image:type\" content=\"image\/jpeg\" \/>\n<meta name=\"author\" content=\"jorgedelcampo\" \/>\n<meta name=\"twitter:card\" content=\"summary_large_image\" \/>\n<meta name=\"twitter:label1\" content=\"Escrito por\" \/>\n\t<meta name=\"twitter:data1\" content=\"jorgedelcampo\" \/>\n\t<meta name=\"twitter:label2\" content=\"Tiempo de lectura\" \/>\n\t<meta name=\"twitter:data2\" content=\"2 minutos\" \/>\n<script type=\"application\/ld+json\" class=\"yoast-schema-graph\">{\"@context\":\"https:\/\/schema.org\",\"@graph\":[{\"@type\":\"Article\",\"@id\":\"https:\/\/www.manquecura.cl\/ciudad-del-este\/noticias\/celebracion-dia-de-la-familia-en-manquecura-cde\/#article\",\"isPartOf\":{\"@id\":\"https:\/\/www.manquecura.cl\/ciudad-del-este\/noticias\/celebracion-dia-de-la-familia-en-manquecura-cde\/\"},\"author\":{\"name\":\"jorgedelcampo\",\"@id\":\"https:\/\/www.manquecura.cl\/ciudad-del-este\/#\/schema\/person\/0debeea140e397b5d490ee7e553255d8\"},\"headline\":\"EXITOSA CELEBRACI\u00d3N POR EL D\u00cdA DE LA FAMILIA\",\"datePublished\":\"2024-07-18T16:15:34+00:00\",\"mainEntityOfPage\":{\"@id\":\"https:\/\/www.manquecura.cl\/ciudad-del-este\/noticias\/celebracion-dia-de-la-familia-en-manquecura-cde\/\"},\"wordCount\":203,\"commentCount\":0,\"publisher\":{\"@id\":\"https:\/\/www.manquecura.cl\/ciudad-del-este\/#organization\"},\"image\":{\"@id\":\"https:\/\/www.manquecura.cl\/ciudad-del-este\/noticias\/celebracion-dia-de-la-familia-en-manquecura-cde\/#primaryimage\"},\"thumbnailUrl\":\"https:\/\/www.manquecura.cl\/ciudad-del-este\/wp-content\/uploads\/sites\/41\/2024\/07\/IMG_9605-rotated-e1721319835556.jpg\",\"articleSection\":[\"Vida Escolar\"],\"inLanguage\":\"es\",\"potentialAction\":[{\"@type\":\"CommentAction\",\"name\":\"Comment\",\"target\":[\"https:\/\/www.manquecura.cl\/ciudad-del-este\/noticias\/celebracion-dia-de-la-familia-en-manquecura-cde\/#respond\"]}]},{\"@type\":\"WebPage\",\"@id\":\"https:\/\/www.manquecura.cl\/ciudad-del-este\/noticias\/celebracion-dia-de-la-familia-en-manquecura-cde\/\",\"url\":\"https:\/\/www.manquecura.cl\/ciudad-del-este\/noticias\/celebracion-dia-de-la-familia-en-manquecura-cde\/\",\"name\":\"EXITOSA CELEBRACI\u00d3N POR EL D\u00cdA DE LA FAMILIA - Colegio Manquecura Ciudad del Este\",\"isPartOf\":{\"@id\":\"https:\/\/www.manquecura.cl\/ciudad-del-este\/#website\"},\"primaryImageOfPage\":{\"@id\":\"https:\/\/www.manquecura.cl\/ciudad-del-este\/noticias\/celebracion-dia-de-la-familia-en-manquecura-cde\/#primaryimage\"},\"image\":{\"@id\":\"https:\/\/www.manquecura.cl\/ciudad-del-este\/noticias\/celebracion-dia-de-la-familia-en-manquecura-cde\/#primaryimage\"},\"thumbnailUrl\":\"https:\/\/www.manquecura.cl\/ciudad-del-este\/wp-content\/uploads\/sites\/41\/2024\/07\/IMG_9605-rotated-e1721319835556.jpg\",\"datePublished\":\"2024-07-18T16:15:34+00:00\",\"breadcrumb\":{\"@id\":\"https:\/\/www.manquecura.cl\/ciudad-del-este\/noticias\/celebracion-dia-de-la-familia-en-manquecura-cde\/#breadcrumb\"},\"inLanguage\":\"es\",\"potentialAction\":[{\"@type\":\"ReadAction\",\"target\":[\"https:\/\/www.manquecura.cl\/ciudad-del-este\/noticias\/celebracion-dia-de-la-familia-en-manquecura-cde\/\"]}]},{\"@type\":\"ImageObject\",\"inLanguage\":\"es\",\"@id\":\"https:\/\/www.manquecura.cl\/ciudad-del-este\/noticias\/celebracion-dia-de-la-familia-en-manquecura-cde\/#primaryimage\",\"url\":\"https:\/\/www.manquecura.cl\/ciudad-del-este\/wp-content\/uploads\/sites\/41\/2024\/07\/IMG_9605-rotated-e1721319835556.jpg\",\"contentUrl\":\"https:\/\/www.manquecura.cl\/ciudad-del-este\/wp-content\/uploads\/sites\/41\/2024\/07\/IMG_9605-rotated-e1721319835556.jpg\",\"width\":2304,\"height\":1445},{\"@type\":\"BreadcrumbList\",\"@id\":\"https:\/\/www.manquecura.cl\/ciudad-del-este\/noticias\/celebracion-dia-de-la-familia-en-manquecura-cde\/#breadcrumb\",\"itemListElement\":[{\"@type\":\"ListItem\",\"position\":1,\"name\":\"Home\",\"item\":\"https:\/\/www.manquecura.cl\/ciudad-del-este\/\"},{\"@type\":\"ListItem\",\"position\":2,\"name\":\"EXITOSA CELEBRACI\u00d3N POR EL D\u00cdA DE LA FAMILIA\"}]},{\"@type\":\"WebSite\",\"@id\":\"https:\/\/www.manquecura.cl\/ciudad-del-este\/#website\",\"url\":\"https:\/\/www.manquecura.cl\/ciudad-del-este\/\",\"name\":\"Colegio Manquecura Ciudad del Este\",\"description\":\"\",\"publisher\":{\"@id\":\"https:\/\/www.manquecura.cl\/ciudad-del-este\/#organization\"},\"potentialAction\":[{\"@type\":\"SearchAction\",\"target\":{\"@type\":\"EntryPoint\",\"urlTemplate\":\"https:\/\/www.manquecura.cl\/ciudad-del-este\/?s={search_term_string}\"},\"query-input\":{\"@type\":\"PropertyValueSpecification\",\"valueRequired\":true,\"valueName\":\"search_term_string\"}}],\"inLanguage\":\"es\"},{\"@type\":\"Organization\",\"@id\":\"https:\/\/www.manquecura.cl\/ciudad-del-este\/#organization\",\"name\":\"Colegio Manquecura Ciudad del Este\",\"url\":\"https:\/\/www.manquecura.cl\/ciudad-del-este\/\",\"logo\":{\"@type\":\"ImageObject\",\"inLanguage\":\"es\",\"@id\":\"https:\/\/www.manquecura.cl\/ciudad-del-este\/#\/schema\/logo\/image\/\",\"url\":\"https:\/\/www.manquecura.cl\/ciudad-del-este\/wp-content\/uploads\/sites\/41\/2023\/09\/logo_Manquecura_Ciudad-del-Este_horizontal_color-1.png\",\"contentUrl\":\"https:\/\/www.manquecura.cl\/ciudad-del-este\/wp-content\/uploads\/sites\/41\/2023\/09\/logo_Manquecura_Ciudad-del-Este_horizontal_color-1.png\",\"width\":611,\"height\":183,\"caption\":\"Colegio Manquecura Ciudad del Este\"},\"image\":{\"@id\":\"https:\/\/www.manquecura.cl\/ciudad-del-este\/#\/schema\/logo\/image\/\"},\"sameAs\":[\"http:\/\/www.facebook.com\/ColegiosManquecura\",\"http:\/\/www.instagram.com\/manquecura_ciudaddeleste\/\",\"http:\/\/www.youtube.com\/c\/CognitaChile\"]},{\"@type\":\"Person\",\"@id\":\"https:\/\/www.manquecura.cl\/ciudad-del-este\/#\/schema\/person\/0debeea140e397b5d490ee7e553255d8\",\"name\":\"jorgedelcampo\",\"image\":{\"@type\":\"ImageObject\",\"inLanguage\":\"es\",\"@id\":\"https:\/\/www.manquecura.cl\/ciudad-del-este\/#\/schema\/person\/image\/\",\"url\":\"https:\/\/secure.gravatar.com\/avatar\/4a315f521213b2dc91dbda9bf799f711c8a98ab6f5606ec42cf5b33d1e762e8a?s=96&d=mm&r=g\",\"contentUrl\":\"https:\/\/secure.gravatar.com\/avatar\/4a315f521213b2dc91dbda9bf799f711c8a98ab6f5606ec42cf5b33d1e762e8a?s=96&d=mm&r=g\",\"caption\":\"jorgedelcampo\"}}]}<\/script>\n<!-- \/ Yoast SEO plugin. -->","yoast_head_json":{"title":"EXITOSA CELEBRACI\u00d3N POR EL D\u00cdA DE LA FAMILIA - Colegio Manquecura Ciudad del Este","robots":{"index":"index","follow":"follow","max-snippet":"max-snippet:-1","max-image-preview":"max-image-preview:large","max-video-preview":"max-video-preview:-1"},"canonical":"https:\/\/www.manquecura.cl\/ciudad-del-este\/noticias\/celebracion-dia-de-la-familia-en-manquecura-cde\/","og_locale":"es_ES","og_type":"article","og_title":"EXITOSA CELEBRACI\u00d3N POR EL D\u00cdA DE LA FAMILIA - Colegio Manquecura Ciudad del Este","og_description":"El pasado viernes 12 de julio, el ciclo de Educaci\u00f3n Parvularia celebr\u00f3 el esperado &#8220;D\u00eda de la Familia&#8221;, una jornada llena de alegr\u00eda y uni\u00f3n que reuni\u00f3 a madres, padres, apoderados, hijos e hijas, junto con nuestras dedicadas educadoras y co-educadoras. La actividad fue un \u00e9xito rotundo, gracias al compromiso y la participaci\u00f3n activa de [&hellip;]","og_url":"https:\/\/www.manquecura.cl\/ciudad-del-este\/noticias\/celebracion-dia-de-la-familia-en-manquecura-cde\/","og_site_name":"Colegio Manquecura Ciudad del Este","article_publisher":"http:\/\/www.facebook.com\/ColegiosManquecura","article_published_time":"2024-07-18T16:15:34+00:00","og_image":[{"width":2304,"height":1445,"url":"https:\/\/www.manquecura.cl\/ciudad-del-este\/wp-content\/uploads\/sites\/41\/2024\/07\/IMG_9605-rotated-e1721319835556.jpg","type":"image\/jpeg"}],"author":"jorgedelcampo","twitter_card":"summary_large_image","twitter_misc":{"Escrito por":"jorgedelcampo","Tiempo de lectura":"2 minutos"},"schema":{"@context":"https:\/\/schema.org","@graph":[{"@type":"Article","@id":"https:\/\/www.manquecura.cl\/ciudad-del-este\/noticias\/celebracion-dia-de-la-familia-en-manquecura-cde\/#article","isPartOf":{"@id":"https:\/\/www.manquecura.cl\/ciudad-del-este\/noticias\/celebracion-dia-de-la-familia-en-manquecura-cde\/"},"author":{"name":"jorgedelcampo","@id":"https:\/\/www.manquecura.cl\/ciudad-del-este\/#\/schema\/person\/0debeea140e397b5d490ee7e553255d8"},"headline":"EXITOSA CELEBRACI\u00d3N POR EL D\u00cdA DE LA FAMILIA","datePublished":"2024-07-18T16:15:34+00:00","mainEntityOfPage":{"@id":"https:\/\/www.manquecura.cl\/ciudad-del-este\/noticias\/celebracion-dia-de-la-familia-en-manquecura-cde\/"},"wordCount":203,"commentCount":0,"publisher":{"@id":"https:\/\/www.manquecura.cl\/ciudad-del-este\/#organization"},"image":{"@id":"https:\/\/www.manquecura.cl\/ciudad-del-este\/noticias\/celebracion-dia-de-la-familia-en-manquecura-cde\/#primaryimage"},"thumbnailUrl":"https:\/\/www.manquecura.cl\/ciudad-del-este\/wp-content\/uploads\/sites\/41\/2024\/07\/IMG_9605-rotated-e1721319835556.jpg","articleSection":["Vida Escolar"],"inLanguage":"es","potentialAction":[{"@type":"CommentAction","name":"Comment","target":["https:\/\/www.manquecura.cl\/ciudad-del-este\/noticias\/celebracion-dia-de-la-familia-en-manquecura-cde\/#respond"]}]},{"@type":"WebPage","@id":"https:\/\/www.manquecura.cl\/ciudad-del-este\/noticias\/celebracion-dia-de-la-familia-en-manquecura-cde\/","url":"https:\/\/www.manquecura.cl\/ciudad-del-este\/noticias\/celebracion-dia-de-la-familia-en-manquecura-cde\/","name":"EXITOSA CELEBRACI\u00d3N POR EL D\u00cdA DE LA FAMILIA - Colegio Manquecura Ciudad del Este","isPartOf":{"@id":"https:\/\/www.manquecura.cl\/ciudad-del-este\/#website"},"primaryImageOfPage":{"@id":"https:\/\/www.manquecura.cl\/ciudad-del-este\/noticias\/celebracion-dia-de-la-familia-en-manquecura-cde\/#primaryimage"},"image":{"@id":"https:\/\/www.manquecura.cl\/ciudad-del-este\/noticias\/celebracion-dia-de-la-familia-en-manquecura-cde\/#primaryimage"},"thumbnailUrl":"https:\/\/www.manquecura.cl\/ciudad-del-este\/wp-content\/uploads\/sites\/41\/2024\/07\/IMG_9605-rotated-e1721319835556.jpg","datePublished":"2024-07-18T16:15:34+00:00","breadcrumb":{"@id":"https:\/\/www.manquecura.cl\/ciudad-del-este\/noticias\/celebracion-dia-de-la-familia-en-manquecura-cde\/#breadcrumb"},"inLanguage":"es","potentialAction":[{"@type":"ReadAction","target":["https:\/\/www.manquecura.cl\/ciudad-del-este\/noticias\/celebracion-dia-de-la-familia-en-manquecura-cde\/"]}]},{"@type":"ImageObject","inLanguage":"es","@id":"https:\/\/www.manquecura.cl\/ciudad-del-este\/noticias\/celebracion-dia-de-la-familia-en-manquecura-cde\/#primaryimage","url":"https:\/\/www.manquecura.cl\/ciudad-del-este\/wp-content\/uploads\/sites\/41\/2024\/07\/IMG_9605-rotated-e1721319835556.jpg","contentUrl":"https:\/\/www.manquecura.cl\/ciudad-del-este\/wp-content\/uploads\/sites\/41\/2024\/07\/IMG_9605-rotated-e1721319835556.jpg","width":2304,"height":1445},{"@type":"BreadcrumbList","@id":"https:\/\/www.manquecura.cl\/ciudad-del-este\/noticias\/celebracion-dia-de-la-familia-en-manquecura-cde\/#breadcrumb","itemListElement":[{"@type":"ListItem","position":1,"name":"Home","item":"https:\/\/www.manquecura.cl\/ciudad-del-este\/"},{"@type":"ListItem","position":2,"name":"EXITOSA CELEBRACI\u00d3N POR EL D\u00cdA DE LA FAMILIA"}]},{"@type":"WebSite","@id":"https:\/\/www.manquecura.cl\/ciudad-del-este\/#website","url":"https:\/\/www.manquecura.cl\/ciudad-del-este\/","name":"Colegio Manquecura Ciudad del Este","description":"","publisher":{"@id":"https:\/\/www.manquecura.cl\/ciudad-del-este\/#organization"},"potentialAction":[{"@type":"SearchAction","target":{"@type":"EntryPoint","urlTemplate":"https:\/\/www.manquecura.cl\/ciudad-del-este\/?s={search_term_string}"},"query-input":{"@type":"PropertyValueSpecification","valueRequired":true,"valueName":"search_term_string"}}],"inLanguage":"es"},{"@type":"Organization","@id":"https:\/\/www.manquecura.cl\/ciudad-del-este\/#organization","name":"Colegio Manquecura Ciudad del Este","url":"https:\/\/www.manquecura.cl\/ciudad-del-este\/","logo":{"@type":"ImageObject","inLanguage":"es","@id":"https:\/\/www.manquecura.cl\/ciudad-del-este\/#\/schema\/logo\/image\/","url":"https:\/\/www.manquecura.cl\/ciudad-del-este\/wp-content\/uploads\/sites\/41\/2023\/09\/logo_Manquecura_Ciudad-del-Este_horizontal_color-1.png","contentUrl":"https:\/\/www.manquecura.cl\/ciudad-del-este\/wp-content\/uploads\/sites\/41\/2023\/09\/logo_Manquecura_Ciudad-del-Este_horizontal_color-1.png","width":611,"height":183,"caption":"Colegio Manquecura Ciudad del Este"},"image":{"@id":"https:\/\/www.manquecura.cl\/ciudad-del-este\/#\/schema\/logo\/image\/"},"sameAs":["http:\/\/www.facebook.com\/ColegiosManquecura","http:\/\/www.instagram.com\/manquecura_ciudaddeleste\/","http:\/\/www.youtube.com\/c\/CognitaChile"]},{"@type":"Person","@id":"https:\/\/www.manquecura.cl\/ciudad-del-este\/#\/schema\/person\/0debeea140e397b5d490ee7e553255d8","name":"jorgedelcampo","image":{"@type":"ImageObject","inLanguage":"es","@id":"https:\/\/www.manquecura.cl\/ciudad-del-este\/#\/schema\/person\/image\/","url":"https:\/\/secure.gravatar.com\/avatar\/4a315f521213b2dc91dbda9bf799f711c8a98ab6f5606ec42cf5b33d1e762e8a?s=96&d=mm&r=g","contentUrl":"https:\/\/secure.gravatar.com\/avatar\/4a315f521213b2dc91dbda9bf799f711c8a98ab6f5606ec42cf5b33d1e762e8a?s=96&d=mm&r=g","caption":"jorgedelcampo"}}]}},"jetpack_featured_media_url":"https:\/\/www.manquecura.cl\/ciudad-del-este\/wp-content\/uploads\/sites\/41\/2024\/07\/IMG_9605-rotated-e1721319835556.jpg","previous_post_ID":25574,"previous_post_title":"#SEGUIMOSMEJORANDO: BRAVE UP PARA UNA BUENA CONVIVENCIA ESCOLAR","previous_post_excerpt":"Estimada Comunidad Educativa, Nos complace informarles sobre la implementaci\u00f3n de BraveUp en nuestro colegio, una nueva herramienta para apoyar a nuestros Equipos Directivos y de Convivencia Escolar en la comprensi\u00f3n y gesti\u00f3n de las relaciones entre nuestros estudiantes, aspirando a potenciar relaciones sanas y positivas, prevenir conflictos e intervenir de manera efectiva en caso de [&hellip;]","previous_post_link":"https:\/\/www.manquecura.cl\/ciudad-del-este\/noticias\/seguimosmejorando-brave-up-para-una-buena-convivencia-escolar\/","previous_post_class":["post-25574","post","type-post","status-publish","format-standard","has-post-thumbnail","hentry","category-vida-escolar"],"next_post_ID":25722,"next_post_title":"SIMULACRO DE EVACUACI\u00d3N POR SISMO","next_post_excerpt":"Les informamos que el viernes 19 de julio a las 10:45 horas se llev\u00f3 a cabo un simulacro de sismo en nuestras instalaciones. Este ejercicio fue de vital importancia para asegurar que todos estemos preparados y sepamos c\u00f3mo actuar en caso de una emergencia real. A continuaci\u00f3n, se detalla el procedimiento que se sigui\u00f3 durante [&hellip;]","next_post_link":"https:\/\/www.manquecura.cl\/ciudad-del-este\/noticias\/simulacro-de-evacuacion-por-sismo\/","next_post_class":["post-25722","post","type-post","status-publish","format-standard","has-post-thumbnail","hentry","category-vida-escolar"],"jetpack_sharing_enabled":true,"_links":{"self":[{"href":"https:\/\/www.manquecura.cl\/ciudad-del-este\/wp-json\/wp\/v2\/posts\/25667","targetHints":{"allow":["GET"]}}],"collection":[{"href":"https:\/\/www.manquecura.cl\/ciudad-del-este\/wp-json\/wp\/v2\/posts"}],"about":[{"href":"https:\/\/www.manquecura.cl\/ciudad-del-este\/wp-json\/wp\/v2\/types\/post"}],"author":[{"embeddable":true,"href":"https:\/\/www.manquecura.cl\/ciudad-del-este\/wp-json\/wp\/v2\/users\/14"}],"replies":[{"embeddable":true,"href":"https:\/\/www.manquecura.cl\/ciudad-del-este\/wp-json\/wp\/v2\/comments?post=25667"}],"version-history":[{"count":0,"href":"https:\/\/www.manquecura.cl\/ciudad-del-este\/wp-json\/wp\/v2\/posts\/25667\/revisions"}],"wp:featuredmedia":[{"embeddable":true,"href":"https:\/\/www.manquecura.cl\/ciudad-del-este\/wp-json\/wp\/v2\/media\/25675"}],"wp:attachment":[{"href":"https:\/\/www.manquecura.cl\/ciudad-del-este\/wp-json\/wp\/v2\/media?parent=25667"}],"wp:term":[{"taxonomy":"category","embeddable":true,"href":"https:\/\/www.manquecura.cl\/ciudad-del-este\/wp-json\/wp\/v2\/categories?post=25667"},{"taxonomy":"post_tag","embeddable":true,"href":"https:\/\/www.manquecura.cl\/ciudad-del-este\/wp-json\/wp\/v2\/tags?post=25667"}],"curies":[{"name":"wp","href":"https:\/\/api.w.org\/{rel}","templated":true}]}}