{"id":25634,"date":"2024-07-18T11:12:34","date_gmt":"2024-07-18T15:12:34","guid":{"rendered":"https:\/\/www.manquecura.cl\/ciudad-del-este\/?p=25634"},"modified":"2024-07-18T11:12:34","modified_gmt":"2024-07-18T15:12:34","slug":"6basicos-y-su-negocio-redondo","status":"publish","type":"post","link":"https:\/\/www.manquecura.cl\/ciudad-del-este\/noticias\/6basicos-y-su-negocio-redondo\/","title":{"rendered":"\u00a16\u00b0B\u00c1SICOS Y SU NEGOCIO REDONDO!"},"content":{"rendered":"<p>En la clase de tecnolog\u00eda, los alumnos de 6\u00b0 b\u00e1sico se embarcaron en un emocionante proyecto llamado<strong> &#8220;Negocio Redondo&#8221;<\/strong>.\u00a0Este proyecto tuvo como <strong>objetivo principal brindar a los estudiantes una experiencia pr\u00e1ctica en el mundo empresarial, fomentando el trabajo en equipo, la creatividad y el esp\u00edritu emprendedor.<\/strong><\/p>\n<p>Para empezar, los estudiantes fueron divididos en equipos, cada uno de los cuales representar\u00eda una mini empresa. Cada equipo tuvo la tarea de idear un producto o servicio que pudieran producir y vender dentro de un presupuesto asignado. Desde la generaci\u00f3n de ideas hasta la producci\u00f3n y comercializaci\u00f3n, los alumnos asumieron roles y responsabilidades espec\u00edficas dentro de sus equipos, aprendiendo a colaborar y comunicarse efectivamente.<\/p>\n<p>Una vez que cada equipo defini\u00f3 su producto o servicio, se adentraron en el proceso de elaboraci\u00f3n de una estrategia de marketing. Esto implic\u00f3 la creaci\u00f3n de logotipos, esl\u00f3ganes y material publicitario para promocionar sus productos. Los estudiantes utilizaron herramientas digitales y t\u00e9cnicas de dise\u00f1o para dar vida a sus ideas y destacar sus productos entre la competencia.<\/p>\n<p>Con la publicidad lista, lleg\u00f3 el momento de la venta. Los equipos organizaron eventos de venta dentro de la escuela o en eventos locales, donde pudieron mostrar sus productos al p\u00fablico y persuadir a los clientes potenciales para que compraran. Esta fase del proyecto no solo les permiti\u00f3 a los alumnos practicar habilidades de ventas y negociaci\u00f3n, sino tambi\u00e9n recibir retroalimentaci\u00f3n directa de los consumidores sobre sus productos.<\/p>\n<p>Al final del proyecto, los estudiantes no solo obtuvieron una comprensi\u00f3n m\u00e1s profunda de los conceptos empresariales, sino que tambi\u00e9n experimentaron de primera mano el proceso completo de llevar una idea desde la concepci\u00f3n hasta la venta. Este enfoque pr\u00e1ctico no solo les proporcion\u00f3 habilidades empresariales valiosas, sino que tambi\u00e9n les inculc\u00f3 confianza en su capacidad para innovar y emprender en el futuro.<\/p>\n<p>Queremos felicitar a <strong>Miss Claudia Santander<\/strong> por la excelente organizaci\u00f3n y desarrollo de esta actividad exitosa. Su dedicaci\u00f3n y esfuerzo han sido fundamentales para que los alumnos vivieran esta experiencia tan enriquecedora y motivadora.<\/p>\n<p>El \u00e9xito y entusiasmo demostrados en &#8220;Negocio Redondo&#8221; subrayaron la importancia de la educaci\u00f3n pr\u00e1ctica, <strong>inspirando a los alumnos a convertirse en los emprendedores del ma\u00f1ana.<\/strong><\/p>\n"},"excerpt":{"rendered":"<p>En la clase de tecnolog\u00eda, los alumnos de 6\u00b0 b\u00e1sico se embarcaron en un emocionante proyecto llamado &#8220;Negocio Redondo&#8221;.\u00a0Este proyecto tuvo como objetivo principal brindar a los estudiantes una experiencia pr\u00e1ctica en el mundo empresarial, fomentando el trabajo en equipo, la creatividad y el esp\u00edritu emprendedor. Para empezar, los estudiantes fueron divididos en equipos, cada [&hellip;]<\/p>\n","protected":false},"author":14,"featured_media":25636,"comment_status":"open","ping_status":"open","sticky":false,"template":"","format":"standard","meta":{"_acf_changed":false,"content-type":"","_jetpack_memberships_contains_paid_content":false,"footnotes":""},"categories":[1],"tags":[],"class_list":["post-25634","post","type-post","status-publish","format-standard","has-post-thumbnail","hentry","category-vida-escolar"],"acf":[],"yoast_head":"<!-- This site is optimized with the Yoast SEO plugin v27.1.1 - https:\/\/yoast.com\/product\/yoast-seo-wordpress\/ -->\n<title>\u00a16\u00b0B\u00c1SICOS Y SU NEGOCIO REDONDO! - Colegio Manquecura Ciudad del Este<\/title>\n<meta name=\"robots\" content=\"index, follow, max-snippet:-1, max-image-preview:large, max-video-preview:-1\" \/>\n<link rel=\"canonical\" href=\"https:\/\/www.manquecura.cl\/ciudad-del-este\/noticias\/6basicos-y-su-negocio-redondo\/\" \/>\n<meta property=\"og:locale\" content=\"es_ES\" \/>\n<meta property=\"og:type\" content=\"article\" \/>\n<meta property=\"og:title\" content=\"\u00a16\u00b0B\u00c1SICOS Y SU NEGOCIO REDONDO! - Colegio Manquecura Ciudad del Este\" \/>\n<meta property=\"og:description\" content=\"En la clase de tecnolog\u00eda, los alumnos de 6\u00b0 b\u00e1sico se embarcaron en un emocionante proyecto llamado &#8220;Negocio Redondo&#8221;.\u00a0Este proyecto tuvo como objetivo principal brindar a los estudiantes una experiencia pr\u00e1ctica en el mundo empresarial, fomentando el trabajo en equipo, la creatividad y el esp\u00edritu emprendedor. Para empezar, los estudiantes fueron divididos en equipos, cada [&hellip;]\" \/>\n<meta property=\"og:url\" content=\"https:\/\/www.manquecura.cl\/ciudad-del-este\/noticias\/6basicos-y-su-negocio-redondo\/\" \/>\n<meta property=\"og:site_name\" content=\"Colegio Manquecura Ciudad del Este\" \/>\n<meta property=\"article:publisher\" content=\"http:\/\/www.facebook.com\/ColegiosManquecura\" \/>\n<meta property=\"article:published_time\" content=\"2024-07-18T15:12:34+00:00\" \/>\n<meta property=\"og:image\" content=\"https:\/\/www.manquecura.cl\/ciudad-del-este\/wp-content\/uploads\/sites\/41\/2024\/07\/01-e1721316634432.jpg\" \/>\n\t<meta property=\"og:image:width\" content=\"1200\" \/>\n\t<meta property=\"og:image:height\" content=\"752\" \/>\n\t<meta property=\"og:image:type\" content=\"image\/jpeg\" \/>\n<meta name=\"author\" content=\"jorgedelcampo\" \/>\n<meta name=\"twitter:card\" content=\"summary_large_image\" \/>\n<meta name=\"twitter:label1\" content=\"Escrito por\" \/>\n\t<meta name=\"twitter:data1\" content=\"jorgedelcampo\" \/>\n\t<meta name=\"twitter:label2\" content=\"Tiempo de lectura\" \/>\n\t<meta name=\"twitter:data2\" content=\"2 minutos\" \/>\n<script type=\"application\/ld+json\" class=\"yoast-schema-graph\">{\"@context\":\"https:\/\/schema.org\",\"@graph\":[{\"@type\":\"Article\",\"@id\":\"https:\/\/www.manquecura.cl\/ciudad-del-este\/noticias\/6basicos-y-su-negocio-redondo\/#article\",\"isPartOf\":{\"@id\":\"https:\/\/www.manquecura.cl\/ciudad-del-este\/noticias\/6basicos-y-su-negocio-redondo\/\"},\"author\":{\"name\":\"jorgedelcampo\",\"@id\":\"https:\/\/www.manquecura.cl\/ciudad-del-este\/#\/schema\/person\/0debeea140e397b5d490ee7e553255d8\"},\"headline\":\"\u00a16\u00b0B\u00c1SICOS Y SU NEGOCIO REDONDO!\",\"datePublished\":\"2024-07-18T15:12:34+00:00\",\"mainEntityOfPage\":{\"@id\":\"https:\/\/www.manquecura.cl\/ciudad-del-este\/noticias\/6basicos-y-su-negocio-redondo\/\"},\"wordCount\":395,\"commentCount\":0,\"publisher\":{\"@id\":\"https:\/\/www.manquecura.cl\/ciudad-del-este\/#organization\"},\"image\":{\"@id\":\"https:\/\/www.manquecura.cl\/ciudad-del-este\/noticias\/6basicos-y-su-negocio-redondo\/#primaryimage\"},\"thumbnailUrl\":\"https:\/\/www.manquecura.cl\/ciudad-del-este\/wp-content\/uploads\/sites\/41\/2024\/07\/01-e1721316634432.jpg\",\"articleSection\":[\"Vida Escolar\"],\"inLanguage\":\"es\",\"potentialAction\":[{\"@type\":\"CommentAction\",\"name\":\"Comment\",\"target\":[\"https:\/\/www.manquecura.cl\/ciudad-del-este\/noticias\/6basicos-y-su-negocio-redondo\/#respond\"]}]},{\"@type\":\"WebPage\",\"@id\":\"https:\/\/www.manquecura.cl\/ciudad-del-este\/noticias\/6basicos-y-su-negocio-redondo\/\",\"url\":\"https:\/\/www.manquecura.cl\/ciudad-del-este\/noticias\/6basicos-y-su-negocio-redondo\/\",\"name\":\"\u00a16\u00b0B\u00c1SICOS Y SU NEGOCIO REDONDO! - Colegio Manquecura Ciudad del Este\",\"isPartOf\":{\"@id\":\"https:\/\/www.manquecura.cl\/ciudad-del-este\/#website\"},\"primaryImageOfPage\":{\"@id\":\"https:\/\/www.manquecura.cl\/ciudad-del-este\/noticias\/6basicos-y-su-negocio-redondo\/#primaryimage\"},\"image\":{\"@id\":\"https:\/\/www.manquecura.cl\/ciudad-del-este\/noticias\/6basicos-y-su-negocio-redondo\/#primaryimage\"},\"thumbnailUrl\":\"https:\/\/www.manquecura.cl\/ciudad-del-este\/wp-content\/uploads\/sites\/41\/2024\/07\/01-e1721316634432.jpg\",\"datePublished\":\"2024-07-18T15:12:34+00:00\",\"breadcrumb\":{\"@id\":\"https:\/\/www.manquecura.cl\/ciudad-del-este\/noticias\/6basicos-y-su-negocio-redondo\/#breadcrumb\"},\"inLanguage\":\"es\",\"potentialAction\":[{\"@type\":\"ReadAction\",\"target\":[\"https:\/\/www.manquecura.cl\/ciudad-del-este\/noticias\/6basicos-y-su-negocio-redondo\/\"]}]},{\"@type\":\"ImageObject\",\"inLanguage\":\"es\",\"@id\":\"https:\/\/www.manquecura.cl\/ciudad-del-este\/noticias\/6basicos-y-su-negocio-redondo\/#primaryimage\",\"url\":\"https:\/\/www.manquecura.cl\/ciudad-del-este\/wp-content\/uploads\/sites\/41\/2024\/07\/01-e1721316634432.jpg\",\"contentUrl\":\"https:\/\/www.manquecura.cl\/ciudad-del-este\/wp-content\/uploads\/sites\/41\/2024\/07\/01-e1721316634432.jpg\",\"width\":1200,\"height\":752},{\"@type\":\"BreadcrumbList\",\"@id\":\"https:\/\/www.manquecura.cl\/ciudad-del-este\/noticias\/6basicos-y-su-negocio-redondo\/#breadcrumb\",\"itemListElement\":[{\"@type\":\"ListItem\",\"position\":1,\"name\":\"Home\",\"item\":\"https:\/\/www.manquecura.cl\/ciudad-del-este\/\"},{\"@type\":\"ListItem\",\"position\":2,\"name\":\"\u00a16\u00b0B\u00c1SICOS Y SU NEGOCIO REDONDO!\"}]},{\"@type\":\"WebSite\",\"@id\":\"https:\/\/www.manquecura.cl\/ciudad-del-este\/#website\",\"url\":\"https:\/\/www.manquecura.cl\/ciudad-del-este\/\",\"name\":\"Colegio Manquecura Ciudad del Este\",\"description\":\"\",\"publisher\":{\"@id\":\"https:\/\/www.manquecura.cl\/ciudad-del-este\/#organization\"},\"potentialAction\":[{\"@type\":\"SearchAction\",\"target\":{\"@type\":\"EntryPoint\",\"urlTemplate\":\"https:\/\/www.manquecura.cl\/ciudad-del-este\/?s={search_term_string}\"},\"query-input\":{\"@type\":\"PropertyValueSpecification\",\"valueRequired\":true,\"valueName\":\"search_term_string\"}}],\"inLanguage\":\"es\"},{\"@type\":\"Organization\",\"@id\":\"https:\/\/www.manquecura.cl\/ciudad-del-este\/#organization\",\"name\":\"Colegio Manquecura Ciudad del Este\",\"url\":\"https:\/\/www.manquecura.cl\/ciudad-del-este\/\",\"logo\":{\"@type\":\"ImageObject\",\"inLanguage\":\"es\",\"@id\":\"https:\/\/www.manquecura.cl\/ciudad-del-este\/#\/schema\/logo\/image\/\",\"url\":\"https:\/\/www.manquecura.cl\/ciudad-del-este\/wp-content\/uploads\/sites\/41\/2023\/09\/logo_Manquecura_Ciudad-del-Este_horizontal_color-1.png\",\"contentUrl\":\"https:\/\/www.manquecura.cl\/ciudad-del-este\/wp-content\/uploads\/sites\/41\/2023\/09\/logo_Manquecura_Ciudad-del-Este_horizontal_color-1.png\",\"width\":611,\"height\":183,\"caption\":\"Colegio Manquecura Ciudad del Este\"},\"image\":{\"@id\":\"https:\/\/www.manquecura.cl\/ciudad-del-este\/#\/schema\/logo\/image\/\"},\"sameAs\":[\"http:\/\/www.facebook.com\/ColegiosManquecura\",\"http:\/\/www.instagram.com\/manquecura_ciudaddeleste\/\",\"http:\/\/www.youtube.com\/c\/CognitaChile\"]},{\"@type\":\"Person\",\"@id\":\"https:\/\/www.manquecura.cl\/ciudad-del-este\/#\/schema\/person\/0debeea140e397b5d490ee7e553255d8\",\"name\":\"jorgedelcampo\",\"image\":{\"@type\":\"ImageObject\",\"inLanguage\":\"es\",\"@id\":\"https:\/\/www.manquecura.cl\/ciudad-del-este\/#\/schema\/person\/image\/\",\"url\":\"https:\/\/secure.gravatar.com\/avatar\/4a315f521213b2dc91dbda9bf799f711c8a98ab6f5606ec42cf5b33d1e762e8a?s=96&d=mm&r=g\",\"contentUrl\":\"https:\/\/secure.gravatar.com\/avatar\/4a315f521213b2dc91dbda9bf799f711c8a98ab6f5606ec42cf5b33d1e762e8a?s=96&d=mm&r=g\",\"caption\":\"jorgedelcampo\"}}]}<\/script>\n<!-- \/ Yoast SEO plugin. -->","yoast_head_json":{"title":"\u00a16\u00b0B\u00c1SICOS Y SU NEGOCIO REDONDO! - Colegio Manquecura Ciudad del Este","robots":{"index":"index","follow":"follow","max-snippet":"max-snippet:-1","max-image-preview":"max-image-preview:large","max-video-preview":"max-video-preview:-1"},"canonical":"https:\/\/www.manquecura.cl\/ciudad-del-este\/noticias\/6basicos-y-su-negocio-redondo\/","og_locale":"es_ES","og_type":"article","og_title":"\u00a16\u00b0B\u00c1SICOS Y SU NEGOCIO REDONDO! - Colegio Manquecura Ciudad del Este","og_description":"En la clase de tecnolog\u00eda, los alumnos de 6\u00b0 b\u00e1sico se embarcaron en un emocionante proyecto llamado &#8220;Negocio Redondo&#8221;.\u00a0Este proyecto tuvo como objetivo principal brindar a los estudiantes una experiencia pr\u00e1ctica en el mundo empresarial, fomentando el trabajo en equipo, la creatividad y el esp\u00edritu emprendedor. Para empezar, los estudiantes fueron divididos en equipos, cada [&hellip;]","og_url":"https:\/\/www.manquecura.cl\/ciudad-del-este\/noticias\/6basicos-y-su-negocio-redondo\/","og_site_name":"Colegio Manquecura Ciudad del Este","article_publisher":"http:\/\/www.facebook.com\/ColegiosManquecura","article_published_time":"2024-07-18T15:12:34+00:00","og_image":[{"width":1200,"height":752,"url":"https:\/\/www.manquecura.cl\/ciudad-del-este\/wp-content\/uploads\/sites\/41\/2024\/07\/01-e1721316634432.jpg","type":"image\/jpeg"}],"author":"jorgedelcampo","twitter_card":"summary_large_image","twitter_misc":{"Escrito por":"jorgedelcampo","Tiempo de lectura":"2 minutos"},"schema":{"@context":"https:\/\/schema.org","@graph":[{"@type":"Article","@id":"https:\/\/www.manquecura.cl\/ciudad-del-este\/noticias\/6basicos-y-su-negocio-redondo\/#article","isPartOf":{"@id":"https:\/\/www.manquecura.cl\/ciudad-del-este\/noticias\/6basicos-y-su-negocio-redondo\/"},"author":{"name":"jorgedelcampo","@id":"https:\/\/www.manquecura.cl\/ciudad-del-este\/#\/schema\/person\/0debeea140e397b5d490ee7e553255d8"},"headline":"\u00a16\u00b0B\u00c1SICOS Y SU NEGOCIO REDONDO!","datePublished":"2024-07-18T15:12:34+00:00","mainEntityOfPage":{"@id":"https:\/\/www.manquecura.cl\/ciudad-del-este\/noticias\/6basicos-y-su-negocio-redondo\/"},"wordCount":395,"commentCount":0,"publisher":{"@id":"https:\/\/www.manquecura.cl\/ciudad-del-este\/#organization"},"image":{"@id":"https:\/\/www.manquecura.cl\/ciudad-del-este\/noticias\/6basicos-y-su-negocio-redondo\/#primaryimage"},"thumbnailUrl":"https:\/\/www.manquecura.cl\/ciudad-del-este\/wp-content\/uploads\/sites\/41\/2024\/07\/01-e1721316634432.jpg","articleSection":["Vida Escolar"],"inLanguage":"es","potentialAction":[{"@type":"CommentAction","name":"Comment","target":["https:\/\/www.manquecura.cl\/ciudad-del-este\/noticias\/6basicos-y-su-negocio-redondo\/#respond"]}]},{"@type":"WebPage","@id":"https:\/\/www.manquecura.cl\/ciudad-del-este\/noticias\/6basicos-y-su-negocio-redondo\/","url":"https:\/\/www.manquecura.cl\/ciudad-del-este\/noticias\/6basicos-y-su-negocio-redondo\/","name":"\u00a16\u00b0B\u00c1SICOS Y SU NEGOCIO REDONDO! - Colegio Manquecura Ciudad del Este","isPartOf":{"@id":"https:\/\/www.manquecura.cl\/ciudad-del-este\/#website"},"primaryImageOfPage":{"@id":"https:\/\/www.manquecura.cl\/ciudad-del-este\/noticias\/6basicos-y-su-negocio-redondo\/#primaryimage"},"image":{"@id":"https:\/\/www.manquecura.cl\/ciudad-del-este\/noticias\/6basicos-y-su-negocio-redondo\/#primaryimage"},"thumbnailUrl":"https:\/\/www.manquecura.cl\/ciudad-del-este\/wp-content\/uploads\/sites\/41\/2024\/07\/01-e1721316634432.jpg","datePublished":"2024-07-18T15:12:34+00:00","breadcrumb":{"@id":"https:\/\/www.manquecura.cl\/ciudad-del-este\/noticias\/6basicos-y-su-negocio-redondo\/#breadcrumb"},"inLanguage":"es","potentialAction":[{"@type":"ReadAction","target":["https:\/\/www.manquecura.cl\/ciudad-del-este\/noticias\/6basicos-y-su-negocio-redondo\/"]}]},{"@type":"ImageObject","inLanguage":"es","@id":"https:\/\/www.manquecura.cl\/ciudad-del-este\/noticias\/6basicos-y-su-negocio-redondo\/#primaryimage","url":"https:\/\/www.manquecura.cl\/ciudad-del-este\/wp-content\/uploads\/sites\/41\/2024\/07\/01-e1721316634432.jpg","contentUrl":"https:\/\/www.manquecura.cl\/ciudad-del-este\/wp-content\/uploads\/sites\/41\/2024\/07\/01-e1721316634432.jpg","width":1200,"height":752},{"@type":"BreadcrumbList","@id":"https:\/\/www.manquecura.cl\/ciudad-del-este\/noticias\/6basicos-y-su-negocio-redondo\/#breadcrumb","itemListElement":[{"@type":"ListItem","position":1,"name":"Home","item":"https:\/\/www.manquecura.cl\/ciudad-del-este\/"},{"@type":"ListItem","position":2,"name":"\u00a16\u00b0B\u00c1SICOS Y SU NEGOCIO REDONDO!"}]},{"@type":"WebSite","@id":"https:\/\/www.manquecura.cl\/ciudad-del-este\/#website","url":"https:\/\/www.manquecura.cl\/ciudad-del-este\/","name":"Colegio Manquecura Ciudad del Este","description":"","publisher":{"@id":"https:\/\/www.manquecura.cl\/ciudad-del-este\/#organization"},"potentialAction":[{"@type":"SearchAction","target":{"@type":"EntryPoint","urlTemplate":"https:\/\/www.manquecura.cl\/ciudad-del-este\/?s={search_term_string}"},"query-input":{"@type":"PropertyValueSpecification","valueRequired":true,"valueName":"search_term_string"}}],"inLanguage":"es"},{"@type":"Organization","@id":"https:\/\/www.manquecura.cl\/ciudad-del-este\/#organization","name":"Colegio Manquecura Ciudad del Este","url":"https:\/\/www.manquecura.cl\/ciudad-del-este\/","logo":{"@type":"ImageObject","inLanguage":"es","@id":"https:\/\/www.manquecura.cl\/ciudad-del-este\/#\/schema\/logo\/image\/","url":"https:\/\/www.manquecura.cl\/ciudad-del-este\/wp-content\/uploads\/sites\/41\/2023\/09\/logo_Manquecura_Ciudad-del-Este_horizontal_color-1.png","contentUrl":"https:\/\/www.manquecura.cl\/ciudad-del-este\/wp-content\/uploads\/sites\/41\/2023\/09\/logo_Manquecura_Ciudad-del-Este_horizontal_color-1.png","width":611,"height":183,"caption":"Colegio Manquecura Ciudad del Este"},"image":{"@id":"https:\/\/www.manquecura.cl\/ciudad-del-este\/#\/schema\/logo\/image\/"},"sameAs":["http:\/\/www.facebook.com\/ColegiosManquecura","http:\/\/www.instagram.com\/manquecura_ciudaddeleste\/","http:\/\/www.youtube.com\/c\/CognitaChile"]},{"@type":"Person","@id":"https:\/\/www.manquecura.cl\/ciudad-del-este\/#\/schema\/person\/0debeea140e397b5d490ee7e553255d8","name":"jorgedelcampo","image":{"@type":"ImageObject","inLanguage":"es","@id":"https:\/\/www.manquecura.cl\/ciudad-del-este\/#\/schema\/person\/image\/","url":"https:\/\/secure.gravatar.com\/avatar\/4a315f521213b2dc91dbda9bf799f711c8a98ab6f5606ec42cf5b33d1e762e8a?s=96&d=mm&r=g","contentUrl":"https:\/\/secure.gravatar.com\/avatar\/4a315f521213b2dc91dbda9bf799f711c8a98ab6f5606ec42cf5b33d1e762e8a?s=96&d=mm&r=g","caption":"jorgedelcampo"}}]}},"jetpack_featured_media_url":"https:\/\/www.manquecura.cl\/ciudad-del-este\/wp-content\/uploads\/sites\/41\/2024\/07\/01-e1721316634432.jpg","previous_post_ID":25570,"previous_post_title":"EXITOSA AUDITORIA ANUAL DE SALVAGUARDA EN MANQUECURA CDE","previous_post_excerpt":"En un esfuerzo continuo por salvaguardar a todos nuestros estudiantes y miembros de la comunidad educativa, el colegio llev\u00f3 a cabo la Auditor\u00eda Anual de Salvaguarda. Este proceso, que se ha venido implementando desde 2014, que refleja el compromiso de los colegios Cognita con el cuidado y la protecci\u00f3n de sus estudiantes, as\u00ed como el [&hellip;]","previous_post_link":"https:\/\/www.manquecura.cl\/ciudad-del-este\/noticias\/exitosa-auditoria-anual-de-salvaguarda-en-manquecura-cde\/","previous_post_class":["post-25570","post","type-post","status-publish","format-standard","has-post-thumbnail","hentry","category-vida-escolar"],"next_post_ID":25574,"next_post_title":"#SEGUIMOSMEJORANDO: BRAVE UP PARA UNA BUENA CONVIVENCIA ESCOLAR","next_post_excerpt":"Estimada Comunidad Educativa, Nos complace informarles sobre la implementaci\u00f3n de BraveUp en nuestro colegio, una nueva herramienta para apoyar a nuestros Equipos Directivos y de Convivencia Escolar en la comprensi\u00f3n y gesti\u00f3n de las relaciones entre nuestros estudiantes, aspirando a potenciar relaciones sanas y positivas, prevenir conflictos e intervenir de manera efectiva en caso de [&hellip;]","next_post_link":"https:\/\/www.manquecura.cl\/ciudad-del-este\/noticias\/seguimosmejorando-brave-up-para-una-buena-convivencia-escolar\/","next_post_class":["post-25574","post","type-post","status-publish","format-standard","has-post-thumbnail","hentry","category-vida-escolar"],"jetpack_sharing_enabled":true,"_links":{"self":[{"href":"https:\/\/www.manquecura.cl\/ciudad-del-este\/wp-json\/wp\/v2\/posts\/25634","targetHints":{"allow":["GET"]}}],"collection":[{"href":"https:\/\/www.manquecura.cl\/ciudad-del-este\/wp-json\/wp\/v2\/posts"}],"about":[{"href":"https:\/\/www.manquecura.cl\/ciudad-del-este\/wp-json\/wp\/v2\/types\/post"}],"author":[{"embeddable":true,"href":"https:\/\/www.manquecura.cl\/ciudad-del-este\/wp-json\/wp\/v2\/users\/14"}],"replies":[{"embeddable":true,"href":"https:\/\/www.manquecura.cl\/ciudad-del-este\/wp-json\/wp\/v2\/comments?post=25634"}],"version-history":[{"count":0,"href":"https:\/\/www.manquecura.cl\/ciudad-del-este\/wp-json\/wp\/v2\/posts\/25634\/revisions"}],"wp:featuredmedia":[{"embeddable":true,"href":"https:\/\/www.manquecura.cl\/ciudad-del-este\/wp-json\/wp\/v2\/media\/25636"}],"wp:attachment":[{"href":"https:\/\/www.manquecura.cl\/ciudad-del-este\/wp-json\/wp\/v2\/media?parent=25634"}],"wp:term":[{"taxonomy":"category","embeddable":true,"href":"https:\/\/www.manquecura.cl\/ciudad-del-este\/wp-json\/wp\/v2\/categories?post=25634"},{"taxonomy":"post_tag","embeddable":true,"href":"https:\/\/www.manquecura.cl\/ciudad-del-este\/wp-json\/wp\/v2\/tags?post=25634"}],"curies":[{"name":"wp","href":"https:\/\/api.w.org\/{rel}","templated":true}]}}