{"id":25501,"date":"2024-06-18T10:46:44","date_gmt":"2024-06-18T14:46:44","guid":{"rendered":"https:\/\/www.manquecura.cl\/ciudad-del-este\/?p=25501"},"modified":"2024-06-18T10:46:44","modified_gmt":"2024-06-18T14:46:44","slug":"comunicacion-efectiva-y-escucha-activa","status":"publish","type":"post","link":"https:\/\/www.manquecura.cl\/ciudad-del-este\/noticias\/comunicacion-efectiva-y-escucha-activa\/","title":{"rendered":"COMUNICACI\u00d3N EFECTIVA Y ESCUCHA ACTIVA"},"content":{"rendered":"<p>En un esfuerzo por seguir mejorando la convivencia escolar y fortalecer las habilidades sociales de nuestros estudiantes, se llevaron a cabo recientemente una serie de talleres enfocados en la comunicaci\u00f3n efectiva y la escucha activa. Estos talleres fueron dise\u00f1ados espec\u00edficamente para estudiantes de ense\u00f1anza b\u00e1sica y liderados por los profesores tutores de cada curso.<\/p>\n<p>Durante las sesiones, cada profesor tutor present\u00f3 a su grupo la importancia de estas dos acciones fundamentales: la comunicaci\u00f3n efectiva y la escucha activa. Se destac\u00f3 c\u00f3mo <strong>estas habilidades no solo son esenciales para el \u00e9xito acad\u00e9mico, sino tambi\u00e9n para el desarrollo personal<\/strong> y la construcci\u00f3n de relaciones saludables dentro y fuera del entorno escolar.<\/p>\n<p>Los talleres incluyeron actividades interactivas y din\u00e1micas grupales que permitieron a los estudiantes practicar la escucha activa y la expresi\u00f3n clara de sus ideas y sentimientos.<\/p>\n<p>Estos talleres forman parte de una iniciativa continua para promover una convivencia escolar positiva y para equipar a los estudiantes con herramientas que les ser\u00e1n \u00fatiles a lo largo de su vida. Agradecemos a todos los profesores tutores por su dedicaci\u00f3n y a los estudiantes por su participaci\u00f3n entusiasta.<\/p>\n<p><strong>Confiamos en que estos aprendizajes se reflejar\u00e1n en el d\u00eda a d\u00eda, creando un ambiente escolar m\u00e1s respetuoso y colaborativo para todos.<\/strong><\/p>\n<p>Les compartimos las presentaciones de los talleres realizados a continuaci\u00f3n:<\/p>\n<p><a>Taller N\u00b01<\/a><\/p>\n<p><a>Taller N\u00b02<\/a><\/p>\n"},"excerpt":{"rendered":"<p>En un esfuerzo por seguir mejorando la convivencia escolar y fortalecer las habilidades sociales de nuestros estudiantes, se llevaron a cabo recientemente una serie de talleres enfocados en la comunicaci\u00f3n efectiva y la escucha activa. Estos talleres fueron dise\u00f1ados espec\u00edficamente para estudiantes de ense\u00f1anza b\u00e1sica y liderados por los profesores tutores de cada curso. Durante [&hellip;]<\/p>\n","protected":false},"author":14,"featured_media":25506,"comment_status":"open","ping_status":"open","sticky":false,"template":"","format":"standard","meta":{"_acf_changed":false,"content-type":"","_jetpack_memberships_contains_paid_content":false,"footnotes":""},"categories":[1],"tags":[],"class_list":["post-25501","post","type-post","status-publish","format-standard","has-post-thumbnail","hentry","category-vida-escolar"],"acf":[],"yoast_head":"<!-- This site is optimized with the Yoast SEO plugin v27.1.1 - https:\/\/yoast.com\/product\/yoast-seo-wordpress\/ -->\n<title>COMUNICACI\u00d3N EFECTIVA Y ESCUCHA ACTIVA - Colegio Manquecura Ciudad del Este<\/title>\n<meta name=\"robots\" content=\"index, follow, max-snippet:-1, max-image-preview:large, max-video-preview:-1\" \/>\n<link rel=\"canonical\" href=\"https:\/\/www.manquecura.cl\/ciudad-del-este\/noticias\/comunicacion-efectiva-y-escucha-activa\/\" \/>\n<meta property=\"og:locale\" content=\"es_ES\" \/>\n<meta property=\"og:type\" content=\"article\" \/>\n<meta property=\"og:title\" content=\"COMUNICACI\u00d3N EFECTIVA Y ESCUCHA ACTIVA - Colegio Manquecura Ciudad del Este\" \/>\n<meta property=\"og:description\" content=\"En un esfuerzo por seguir mejorando la convivencia escolar y fortalecer las habilidades sociales de nuestros estudiantes, se llevaron a cabo recientemente una serie de talleres enfocados en la comunicaci\u00f3n efectiva y la escucha activa. Estos talleres fueron dise\u00f1ados espec\u00edficamente para estudiantes de ense\u00f1anza b\u00e1sica y liderados por los profesores tutores de cada curso. Durante [&hellip;]\" \/>\n<meta property=\"og:url\" content=\"https:\/\/www.manquecura.cl\/ciudad-del-este\/noticias\/comunicacion-efectiva-y-escucha-activa\/\" \/>\n<meta property=\"og:site_name\" content=\"Colegio Manquecura Ciudad del Este\" \/>\n<meta property=\"article:publisher\" content=\"http:\/\/www.facebook.com\/ColegiosManquecura\" \/>\n<meta property=\"article:published_time\" content=\"2024-06-18T14:46:44+00:00\" \/>\n<meta property=\"og:image\" content=\"https:\/\/www.manquecura.cl\/ciudad-del-este\/wp-content\/uploads\/sites\/41\/2024\/06\/5-e1718721960655.jpg\" \/>\n\t<meta property=\"og:image:width\" content=\"1200\" \/>\n\t<meta property=\"og:image:height\" content=\"749\" \/>\n\t<meta property=\"og:image:type\" content=\"image\/jpeg\" \/>\n<meta name=\"author\" content=\"jorgedelcampo\" \/>\n<meta name=\"twitter:card\" content=\"summary_large_image\" \/>\n<meta name=\"twitter:label1\" content=\"Escrito por\" \/>\n\t<meta name=\"twitter:data1\" content=\"jorgedelcampo\" \/>\n\t<meta name=\"twitter:label2\" content=\"Tiempo de lectura\" \/>\n\t<meta name=\"twitter:data2\" content=\"2 minutos\" \/>\n<script type=\"application\/ld+json\" class=\"yoast-schema-graph\">{\"@context\":\"https:\/\/schema.org\",\"@graph\":[{\"@type\":\"Article\",\"@id\":\"https:\/\/www.manquecura.cl\/ciudad-del-este\/noticias\/comunicacion-efectiva-y-escucha-activa\/#article\",\"isPartOf\":{\"@id\":\"https:\/\/www.manquecura.cl\/ciudad-del-este\/noticias\/comunicacion-efectiva-y-escucha-activa\/\"},\"author\":{\"name\":\"jorgedelcampo\",\"@id\":\"https:\/\/www.manquecura.cl\/ciudad-del-este\/#\/schema\/person\/0debeea140e397b5d490ee7e553255d8\"},\"headline\":\"COMUNICACI\u00d3N EFECTIVA Y ESCUCHA ACTIVA\",\"datePublished\":\"2024-06-18T14:46:44+00:00\",\"mainEntityOfPage\":{\"@id\":\"https:\/\/www.manquecura.cl\/ciudad-del-este\/noticias\/comunicacion-efectiva-y-escucha-activa\/\"},\"wordCount\":246,\"commentCount\":0,\"publisher\":{\"@id\":\"https:\/\/www.manquecura.cl\/ciudad-del-este\/#organization\"},\"image\":{\"@id\":\"https:\/\/www.manquecura.cl\/ciudad-del-este\/noticias\/comunicacion-efectiva-y-escucha-activa\/#primaryimage\"},\"thumbnailUrl\":\"https:\/\/www.manquecura.cl\/ciudad-del-este\/wp-content\/uploads\/sites\/41\/2024\/06\/5-e1718721960655.jpg\",\"articleSection\":[\"Vida Escolar\"],\"inLanguage\":\"es\",\"potentialAction\":[{\"@type\":\"CommentAction\",\"name\":\"Comment\",\"target\":[\"https:\/\/www.manquecura.cl\/ciudad-del-este\/noticias\/comunicacion-efectiva-y-escucha-activa\/#respond\"]}]},{\"@type\":\"WebPage\",\"@id\":\"https:\/\/www.manquecura.cl\/ciudad-del-este\/noticias\/comunicacion-efectiva-y-escucha-activa\/\",\"url\":\"https:\/\/www.manquecura.cl\/ciudad-del-este\/noticias\/comunicacion-efectiva-y-escucha-activa\/\",\"name\":\"COMUNICACI\u00d3N EFECTIVA Y ESCUCHA ACTIVA - Colegio Manquecura Ciudad del Este\",\"isPartOf\":{\"@id\":\"https:\/\/www.manquecura.cl\/ciudad-del-este\/#website\"},\"primaryImageOfPage\":{\"@id\":\"https:\/\/www.manquecura.cl\/ciudad-del-este\/noticias\/comunicacion-efectiva-y-escucha-activa\/#primaryimage\"},\"image\":{\"@id\":\"https:\/\/www.manquecura.cl\/ciudad-del-este\/noticias\/comunicacion-efectiva-y-escucha-activa\/#primaryimage\"},\"thumbnailUrl\":\"https:\/\/www.manquecura.cl\/ciudad-del-este\/wp-content\/uploads\/sites\/41\/2024\/06\/5-e1718721960655.jpg\",\"datePublished\":\"2024-06-18T14:46:44+00:00\",\"breadcrumb\":{\"@id\":\"https:\/\/www.manquecura.cl\/ciudad-del-este\/noticias\/comunicacion-efectiva-y-escucha-activa\/#breadcrumb\"},\"inLanguage\":\"es\",\"potentialAction\":[{\"@type\":\"ReadAction\",\"target\":[\"https:\/\/www.manquecura.cl\/ciudad-del-este\/noticias\/comunicacion-efectiva-y-escucha-activa\/\"]}]},{\"@type\":\"ImageObject\",\"inLanguage\":\"es\",\"@id\":\"https:\/\/www.manquecura.cl\/ciudad-del-este\/noticias\/comunicacion-efectiva-y-escucha-activa\/#primaryimage\",\"url\":\"https:\/\/www.manquecura.cl\/ciudad-del-este\/wp-content\/uploads\/sites\/41\/2024\/06\/5-e1718721960655.jpg\",\"contentUrl\":\"https:\/\/www.manquecura.cl\/ciudad-del-este\/wp-content\/uploads\/sites\/41\/2024\/06\/5-e1718721960655.jpg\",\"width\":1200,\"height\":749},{\"@type\":\"BreadcrumbList\",\"@id\":\"https:\/\/www.manquecura.cl\/ciudad-del-este\/noticias\/comunicacion-efectiva-y-escucha-activa\/#breadcrumb\",\"itemListElement\":[{\"@type\":\"ListItem\",\"position\":1,\"name\":\"Home\",\"item\":\"https:\/\/www.manquecura.cl\/ciudad-del-este\/\"},{\"@type\":\"ListItem\",\"position\":2,\"name\":\"COMUNICACI\u00d3N EFECTIVA Y ESCUCHA ACTIVA\"}]},{\"@type\":\"WebSite\",\"@id\":\"https:\/\/www.manquecura.cl\/ciudad-del-este\/#website\",\"url\":\"https:\/\/www.manquecura.cl\/ciudad-del-este\/\",\"name\":\"Colegio Manquecura Ciudad del Este\",\"description\":\"\",\"publisher\":{\"@id\":\"https:\/\/www.manquecura.cl\/ciudad-del-este\/#organization\"},\"potentialAction\":[{\"@type\":\"SearchAction\",\"target\":{\"@type\":\"EntryPoint\",\"urlTemplate\":\"https:\/\/www.manquecura.cl\/ciudad-del-este\/?s={search_term_string}\"},\"query-input\":{\"@type\":\"PropertyValueSpecification\",\"valueRequired\":true,\"valueName\":\"search_term_string\"}}],\"inLanguage\":\"es\"},{\"@type\":\"Organization\",\"@id\":\"https:\/\/www.manquecura.cl\/ciudad-del-este\/#organization\",\"name\":\"Colegio Manquecura Ciudad del Este\",\"url\":\"https:\/\/www.manquecura.cl\/ciudad-del-este\/\",\"logo\":{\"@type\":\"ImageObject\",\"inLanguage\":\"es\",\"@id\":\"https:\/\/www.manquecura.cl\/ciudad-del-este\/#\/schema\/logo\/image\/\",\"url\":\"https:\/\/www.manquecura.cl\/ciudad-del-este\/wp-content\/uploads\/sites\/41\/2023\/09\/logo_Manquecura_Ciudad-del-Este_horizontal_color-1.png\",\"contentUrl\":\"https:\/\/www.manquecura.cl\/ciudad-del-este\/wp-content\/uploads\/sites\/41\/2023\/09\/logo_Manquecura_Ciudad-del-Este_horizontal_color-1.png\",\"width\":611,\"height\":183,\"caption\":\"Colegio Manquecura Ciudad del Este\"},\"image\":{\"@id\":\"https:\/\/www.manquecura.cl\/ciudad-del-este\/#\/schema\/logo\/image\/\"},\"sameAs\":[\"http:\/\/www.facebook.com\/ColegiosManquecura\",\"http:\/\/www.instagram.com\/manquecura_ciudaddeleste\/\",\"http:\/\/www.youtube.com\/c\/CognitaChile\"]},{\"@type\":\"Person\",\"@id\":\"https:\/\/www.manquecura.cl\/ciudad-del-este\/#\/schema\/person\/0debeea140e397b5d490ee7e553255d8\",\"name\":\"jorgedelcampo\",\"image\":{\"@type\":\"ImageObject\",\"inLanguage\":\"es\",\"@id\":\"https:\/\/www.manquecura.cl\/ciudad-del-este\/#\/schema\/person\/image\/\",\"url\":\"https:\/\/secure.gravatar.com\/avatar\/4a315f521213b2dc91dbda9bf799f711c8a98ab6f5606ec42cf5b33d1e762e8a?s=96&d=mm&r=g\",\"contentUrl\":\"https:\/\/secure.gravatar.com\/avatar\/4a315f521213b2dc91dbda9bf799f711c8a98ab6f5606ec42cf5b33d1e762e8a?s=96&d=mm&r=g\",\"caption\":\"jorgedelcampo\"}}]}<\/script>\n<!-- \/ Yoast SEO plugin. -->","yoast_head_json":{"title":"COMUNICACI\u00d3N EFECTIVA Y ESCUCHA ACTIVA - Colegio Manquecura Ciudad del Este","robots":{"index":"index","follow":"follow","max-snippet":"max-snippet:-1","max-image-preview":"max-image-preview:large","max-video-preview":"max-video-preview:-1"},"canonical":"https:\/\/www.manquecura.cl\/ciudad-del-este\/noticias\/comunicacion-efectiva-y-escucha-activa\/","og_locale":"es_ES","og_type":"article","og_title":"COMUNICACI\u00d3N EFECTIVA Y ESCUCHA ACTIVA - Colegio Manquecura Ciudad del Este","og_description":"En un esfuerzo por seguir mejorando la convivencia escolar y fortalecer las habilidades sociales de nuestros estudiantes, se llevaron a cabo recientemente una serie de talleres enfocados en la comunicaci\u00f3n efectiva y la escucha activa. Estos talleres fueron dise\u00f1ados espec\u00edficamente para estudiantes de ense\u00f1anza b\u00e1sica y liderados por los profesores tutores de cada curso. Durante [&hellip;]","og_url":"https:\/\/www.manquecura.cl\/ciudad-del-este\/noticias\/comunicacion-efectiva-y-escucha-activa\/","og_site_name":"Colegio Manquecura Ciudad del Este","article_publisher":"http:\/\/www.facebook.com\/ColegiosManquecura","article_published_time":"2024-06-18T14:46:44+00:00","og_image":[{"width":1200,"height":749,"url":"https:\/\/www.manquecura.cl\/ciudad-del-este\/wp-content\/uploads\/sites\/41\/2024\/06\/5-e1718721960655.jpg","type":"image\/jpeg"}],"author":"jorgedelcampo","twitter_card":"summary_large_image","twitter_misc":{"Escrito por":"jorgedelcampo","Tiempo de lectura":"2 minutos"},"schema":{"@context":"https:\/\/schema.org","@graph":[{"@type":"Article","@id":"https:\/\/www.manquecura.cl\/ciudad-del-este\/noticias\/comunicacion-efectiva-y-escucha-activa\/#article","isPartOf":{"@id":"https:\/\/www.manquecura.cl\/ciudad-del-este\/noticias\/comunicacion-efectiva-y-escucha-activa\/"},"author":{"name":"jorgedelcampo","@id":"https:\/\/www.manquecura.cl\/ciudad-del-este\/#\/schema\/person\/0debeea140e397b5d490ee7e553255d8"},"headline":"COMUNICACI\u00d3N EFECTIVA Y ESCUCHA ACTIVA","datePublished":"2024-06-18T14:46:44+00:00","mainEntityOfPage":{"@id":"https:\/\/www.manquecura.cl\/ciudad-del-este\/noticias\/comunicacion-efectiva-y-escucha-activa\/"},"wordCount":246,"commentCount":0,"publisher":{"@id":"https:\/\/www.manquecura.cl\/ciudad-del-este\/#organization"},"image":{"@id":"https:\/\/www.manquecura.cl\/ciudad-del-este\/noticias\/comunicacion-efectiva-y-escucha-activa\/#primaryimage"},"thumbnailUrl":"https:\/\/www.manquecura.cl\/ciudad-del-este\/wp-content\/uploads\/sites\/41\/2024\/06\/5-e1718721960655.jpg","articleSection":["Vida Escolar"],"inLanguage":"es","potentialAction":[{"@type":"CommentAction","name":"Comment","target":["https:\/\/www.manquecura.cl\/ciudad-del-este\/noticias\/comunicacion-efectiva-y-escucha-activa\/#respond"]}]},{"@type":"WebPage","@id":"https:\/\/www.manquecura.cl\/ciudad-del-este\/noticias\/comunicacion-efectiva-y-escucha-activa\/","url":"https:\/\/www.manquecura.cl\/ciudad-del-este\/noticias\/comunicacion-efectiva-y-escucha-activa\/","name":"COMUNICACI\u00d3N EFECTIVA Y ESCUCHA ACTIVA - Colegio Manquecura Ciudad del Este","isPartOf":{"@id":"https:\/\/www.manquecura.cl\/ciudad-del-este\/#website"},"primaryImageOfPage":{"@id":"https:\/\/www.manquecura.cl\/ciudad-del-este\/noticias\/comunicacion-efectiva-y-escucha-activa\/#primaryimage"},"image":{"@id":"https:\/\/www.manquecura.cl\/ciudad-del-este\/noticias\/comunicacion-efectiva-y-escucha-activa\/#primaryimage"},"thumbnailUrl":"https:\/\/www.manquecura.cl\/ciudad-del-este\/wp-content\/uploads\/sites\/41\/2024\/06\/5-e1718721960655.jpg","datePublished":"2024-06-18T14:46:44+00:00","breadcrumb":{"@id":"https:\/\/www.manquecura.cl\/ciudad-del-este\/noticias\/comunicacion-efectiva-y-escucha-activa\/#breadcrumb"},"inLanguage":"es","potentialAction":[{"@type":"ReadAction","target":["https:\/\/www.manquecura.cl\/ciudad-del-este\/noticias\/comunicacion-efectiva-y-escucha-activa\/"]}]},{"@type":"ImageObject","inLanguage":"es","@id":"https:\/\/www.manquecura.cl\/ciudad-del-este\/noticias\/comunicacion-efectiva-y-escucha-activa\/#primaryimage","url":"https:\/\/www.manquecura.cl\/ciudad-del-este\/wp-content\/uploads\/sites\/41\/2024\/06\/5-e1718721960655.jpg","contentUrl":"https:\/\/www.manquecura.cl\/ciudad-del-este\/wp-content\/uploads\/sites\/41\/2024\/06\/5-e1718721960655.jpg","width":1200,"height":749},{"@type":"BreadcrumbList","@id":"https:\/\/www.manquecura.cl\/ciudad-del-este\/noticias\/comunicacion-efectiva-y-escucha-activa\/#breadcrumb","itemListElement":[{"@type":"ListItem","position":1,"name":"Home","item":"https:\/\/www.manquecura.cl\/ciudad-del-este\/"},{"@type":"ListItem","position":2,"name":"COMUNICACI\u00d3N EFECTIVA Y ESCUCHA ACTIVA"}]},{"@type":"WebSite","@id":"https:\/\/www.manquecura.cl\/ciudad-del-este\/#website","url":"https:\/\/www.manquecura.cl\/ciudad-del-este\/","name":"Colegio Manquecura Ciudad del Este","description":"","publisher":{"@id":"https:\/\/www.manquecura.cl\/ciudad-del-este\/#organization"},"potentialAction":[{"@type":"SearchAction","target":{"@type":"EntryPoint","urlTemplate":"https:\/\/www.manquecura.cl\/ciudad-del-este\/?s={search_term_string}"},"query-input":{"@type":"PropertyValueSpecification","valueRequired":true,"valueName":"search_term_string"}}],"inLanguage":"es"},{"@type":"Organization","@id":"https:\/\/www.manquecura.cl\/ciudad-del-este\/#organization","name":"Colegio Manquecura Ciudad del Este","url":"https:\/\/www.manquecura.cl\/ciudad-del-este\/","logo":{"@type":"ImageObject","inLanguage":"es","@id":"https:\/\/www.manquecura.cl\/ciudad-del-este\/#\/schema\/logo\/image\/","url":"https:\/\/www.manquecura.cl\/ciudad-del-este\/wp-content\/uploads\/sites\/41\/2023\/09\/logo_Manquecura_Ciudad-del-Este_horizontal_color-1.png","contentUrl":"https:\/\/www.manquecura.cl\/ciudad-del-este\/wp-content\/uploads\/sites\/41\/2023\/09\/logo_Manquecura_Ciudad-del-Este_horizontal_color-1.png","width":611,"height":183,"caption":"Colegio Manquecura Ciudad del Este"},"image":{"@id":"https:\/\/www.manquecura.cl\/ciudad-del-este\/#\/schema\/logo\/image\/"},"sameAs":["http:\/\/www.facebook.com\/ColegiosManquecura","http:\/\/www.instagram.com\/manquecura_ciudaddeleste\/","http:\/\/www.youtube.com\/c\/CognitaChile"]},{"@type":"Person","@id":"https:\/\/www.manquecura.cl\/ciudad-del-este\/#\/schema\/person\/0debeea140e397b5d490ee7e553255d8","name":"jorgedelcampo","image":{"@type":"ImageObject","inLanguage":"es","@id":"https:\/\/www.manquecura.cl\/ciudad-del-este\/#\/schema\/person\/image\/","url":"https:\/\/secure.gravatar.com\/avatar\/4a315f521213b2dc91dbda9bf799f711c8a98ab6f5606ec42cf5b33d1e762e8a?s=96&d=mm&r=g","contentUrl":"https:\/\/secure.gravatar.com\/avatar\/4a315f521213b2dc91dbda9bf799f711c8a98ab6f5606ec42cf5b33d1e762e8a?s=96&d=mm&r=g","caption":"jorgedelcampo"}}]}},"jetpack_featured_media_url":"https:\/\/www.manquecura.cl\/ciudad-del-este\/wp-content\/uploads\/sites\/41\/2024\/06\/5-e1718721960655.jpg","previous_post_ID":25483,"previous_post_title":"IV MEDIOS: CELEBRACI\u00d3N D\u00cdA DEL PADRE","previous_post_excerpt":"Los estudiantes de los IV Medios de nuestro colegio organizaron una conmovedora celebraci\u00f3n del D\u00eda del Padre, con el objetivo de regalonear a sus figuras paternas y agradecerles por el incondicional apoyo y amor que les brindan todos los d\u00edas. La celebraci\u00f3n comenz\u00f3 con un delicioso desayuno, donde los padres fueron recibidos con una variedad [&hellip;]","previous_post_link":"https:\/\/www.manquecura.cl\/ciudad-del-este\/noticias\/iv-medios-celebracion-dia-del-padre\/","previous_post_class":["post-25483","post","type-post","status-publish","format-standard","has-post-thumbnail","hentry","category-vida-escolar"],"next_post_ID":25561,"next_post_title":"SUPERINTENDENCIA DE EDUCACI\u00d3N: TALLER DE CONVIVENCIA ESCOLAR","next_post_excerpt":"Queremos informarles que el pasado mi\u00e9rcoles 5 de junio, nuestra Rectora, Elizabeth Marileo, Directores de Estudios y Delegada de Salvaguarda (DSL) participaron en un taller organizado por la red de colegios Cognita y la Superintendencia de Educaci\u00f3n. La jornada, realizada en Colegio Pumahue Chicureo, cont\u00f3 con la presencia del\u00a0Superintendente Nacional de Educaci\u00f3n, Mauricio Farias, el [&hellip;]","next_post_link":"https:\/\/www.manquecura.cl\/ciudad-del-este\/noticias\/superintendencia-de-educacion-taller-de-convivencia-escolar\/","next_post_class":["post-25561","post","type-post","status-publish","format-standard","has-post-thumbnail","hentry","category-vida-escolar"],"jetpack_sharing_enabled":true,"_links":{"self":[{"href":"https:\/\/www.manquecura.cl\/ciudad-del-este\/wp-json\/wp\/v2\/posts\/25501","targetHints":{"allow":["GET"]}}],"collection":[{"href":"https:\/\/www.manquecura.cl\/ciudad-del-este\/wp-json\/wp\/v2\/posts"}],"about":[{"href":"https:\/\/www.manquecura.cl\/ciudad-del-este\/wp-json\/wp\/v2\/types\/post"}],"author":[{"embeddable":true,"href":"https:\/\/www.manquecura.cl\/ciudad-del-este\/wp-json\/wp\/v2\/users\/14"}],"replies":[{"embeddable":true,"href":"https:\/\/www.manquecura.cl\/ciudad-del-este\/wp-json\/wp\/v2\/comments?post=25501"}],"version-history":[{"count":0,"href":"https:\/\/www.manquecura.cl\/ciudad-del-este\/wp-json\/wp\/v2\/posts\/25501\/revisions"}],"wp:featuredmedia":[{"embeddable":true,"href":"https:\/\/www.manquecura.cl\/ciudad-del-este\/wp-json\/wp\/v2\/media\/25506"}],"wp:attachment":[{"href":"https:\/\/www.manquecura.cl\/ciudad-del-este\/wp-json\/wp\/v2\/media?parent=25501"}],"wp:term":[{"taxonomy":"category","embeddable":true,"href":"https:\/\/www.manquecura.cl\/ciudad-del-este\/wp-json\/wp\/v2\/categories?post=25501"},{"taxonomy":"post_tag","embeddable":true,"href":"https:\/\/www.manquecura.cl\/ciudad-del-este\/wp-json\/wp\/v2\/tags?post=25501"}],"curies":[{"name":"wp","href":"https:\/\/api.w.org\/{rel}","templated":true}]}}