{"id":25392,"date":"2024-06-07T10:56:21","date_gmt":"2024-06-07T14:56:21","guid":{"rendered":"https:\/\/www.manquecura.cl\/ciudad-del-este\/?p=25392"},"modified":"2024-06-07T10:56:21","modified_gmt":"2024-06-07T14:56:21","slug":"dia-del-medioambiente","status":"publish","type":"post","link":"https:\/\/www.manquecura.cl\/ciudad-del-este\/noticias\/dia-del-medioambiente\/","title":{"rendered":"\u00a1EN MANQUECURA CUIDAMOS EL MEDIO AMBIENTE!"},"content":{"rendered":"<p>El d\u00eda de hoy, celebramos con gran entusiasmo el <strong>D\u00eda Mundial del Medio Ambiente<\/strong> en nuestro colegio. Fue un d\u00eda lleno de aprendizaje y conciencia ambiental, donde nuestros estudiantes de p\u00e1rvulo y b\u00e1sica participaron activamente en diversas actividades.<\/p>\n<p>Para esta ocasi\u00f3n tan especial, todos los ni\u00f1os y ni\u00f1as asistieron con una prenda o accesorio de color verde, simbolizando su compromiso con el cuidado de nuestro planeta. A lo largo del d\u00eda, se llevaron a cabo presentaciones educativas sobre la importancia de cuidar el medio ambiente, enfoc\u00e1ndose en temas cruciales como el <strong>reciclaje, la reducci\u00f3n del desperdicio de agua y la protecci\u00f3n de nuestros recursos naturales.<\/strong><\/p>\n<p>Estas actividades no solo se enfocaron en transmitir conocimientos, sino tambi\u00e9n en fomentar valores y actitudes responsables hacia nuestro entorno. Los estudiantes demostraron gran inter\u00e9s y creatividad al presentar sus ideas que destacaban la importancia de un planeta m\u00e1s limpio y saludable.<\/p>\n<p>Queremos agradecerles por su apoyo constante y por incentivar a sus hijos a participar en estas actividades tan significativas. Sin embargo, la labor no termina aqu\u00ed. <strong>Es vital que sigamos reforzando estas ense\u00f1anzas en casa, para que los ni\u00f1os comprendan la importancia de estos h\u00e1bitos y los integren en su vida diaria.<\/strong><\/p>\n<p>Aqu\u00ed les compartimos algunas recomendaciones para reforzar en el hogar:<\/p>\n<ol>\n<li><strong>Reciclaje en casa:<\/strong> En conjunto con sus hijos separen los residuos de basura correctamente. Pueden crear contenedores de reciclaje para papel, pl\u00e1stico, vidrio y desechos org\u00e1nicos.<\/li>\n<li><strong>Ahorro de agua:<\/strong> Fomenten el uso responsable del agua, record\u00e1ndoles cerrar los grifos mientras se cepillan los dientes o lavan las manos, y aprovechando el agua de lluvia para regar las plantas.<\/li>\n<li><strong>Reducci\u00f3n de residuos:<\/strong> Animen a sus hijos a reutilizar materiales para manualidades o proyectos escolares y a reducir el uso de pl\u00e1sticos desechables.<\/li>\n<li><strong>Cuidado de la naturaleza:<\/strong> Promuevan actividades al aire libre, como plantar \u00e1rboles o cuidar de un huerto familiar, para que los ni\u00f1os se conecten con la naturaleza y aprendan a valorarla.<\/li>\n<\/ol>\n<p>Estamos convencidos de que, trabajando juntos, lograremos formar ciudadanos responsables y comprometidos con la protecci\u00f3n del medio ambiente. Agradecemos su colaboraci\u00f3n y les animamos a seguir siendo un ejemplo positivo para sus hijos.<\/p>\n<p data-ccp-props=\"{&quot;335551550&quot;:2,&quot;335551620&quot;:2,&quot;335559683&quot;:0,&quot;335559685&quot;:0,&quot;335559731&quot;:0,&quot;335559737&quot;:0,&quot;335562764&quot;:2,&quot;335562765&quot;:1,&quot;335562766&quot;:4,&quot;335562767&quot;:0,&quot;335562768&quot;:4,&quot;335562769&quot;:0}\">\n"},"excerpt":{"rendered":"<p>El d\u00eda de hoy, celebramos con gran entusiasmo el D\u00eda Mundial del Medio Ambiente en nuestro colegio. Fue un d\u00eda lleno de aprendizaje y conciencia ambiental, donde nuestros estudiantes de p\u00e1rvulo y b\u00e1sica participaron activamente en diversas actividades. Para esta ocasi\u00f3n tan especial, todos los ni\u00f1os y ni\u00f1as asistieron con una prenda o accesorio de [&hellip;]<\/p>\n","protected":false},"author":14,"featured_media":25401,"comment_status":"open","ping_status":"open","sticky":false,"template":"","format":"standard","meta":{"_acf_changed":false,"content-type":"","_jetpack_memberships_contains_paid_content":false,"footnotes":""},"categories":[1],"tags":[],"class_list":["post-25392","post","type-post","status-publish","format-standard","has-post-thumbnail","hentry","category-vida-escolar"],"acf":[],"yoast_head":"<!-- This site is optimized with the Yoast SEO plugin v27.1.1 - https:\/\/yoast.com\/product\/yoast-seo-wordpress\/ -->\n<title>\u00a1EN MANQUECURA CUIDAMOS EL MEDIO AMBIENTE! - Colegio Manquecura Ciudad del Este<\/title>\n<meta name=\"robots\" content=\"index, follow, max-snippet:-1, max-image-preview:large, max-video-preview:-1\" \/>\n<link rel=\"canonical\" href=\"https:\/\/www.manquecura.cl\/ciudad-del-este\/noticias\/dia-del-medioambiente\/\" \/>\n<meta property=\"og:locale\" content=\"es_ES\" \/>\n<meta property=\"og:type\" content=\"article\" \/>\n<meta property=\"og:title\" content=\"\u00a1EN MANQUECURA CUIDAMOS EL MEDIO AMBIENTE! - Colegio Manquecura Ciudad del Este\" \/>\n<meta property=\"og:description\" content=\"El d\u00eda de hoy, celebramos con gran entusiasmo el D\u00eda Mundial del Medio Ambiente en nuestro colegio. Fue un d\u00eda lleno de aprendizaje y conciencia ambiental, donde nuestros estudiantes de p\u00e1rvulo y b\u00e1sica participaron activamente en diversas actividades. Para esta ocasi\u00f3n tan especial, todos los ni\u00f1os y ni\u00f1as asistieron con una prenda o accesorio de [&hellip;]\" \/>\n<meta property=\"og:url\" content=\"https:\/\/www.manquecura.cl\/ciudad-del-este\/noticias\/dia-del-medioambiente\/\" \/>\n<meta property=\"og:site_name\" content=\"Colegio Manquecura Ciudad del Este\" \/>\n<meta property=\"article:publisher\" content=\"http:\/\/www.facebook.com\/ColegiosManquecura\" \/>\n<meta property=\"article:published_time\" content=\"2024-06-07T14:56:21+00:00\" \/>\n<meta property=\"og:image\" content=\"https:\/\/www.manquecura.cl\/ciudad-del-este\/wp-content\/uploads\/sites\/41\/2024\/06\/Imagen-de-WhatsApp-2024-06-07-a-las-10.11.27_bce55bf5-e1717774669885.jpg\" \/>\n\t<meta property=\"og:image:width\" content=\"1600\" \/>\n\t<meta property=\"og:image:height\" content=\"1002\" \/>\n\t<meta property=\"og:image:type\" content=\"image\/jpeg\" \/>\n<meta name=\"author\" content=\"jorgedelcampo\" \/>\n<meta name=\"twitter:card\" content=\"summary_large_image\" \/>\n<meta name=\"twitter:label1\" content=\"Escrito por\" \/>\n\t<meta name=\"twitter:data1\" content=\"jorgedelcampo\" \/>\n\t<meta name=\"twitter:label2\" content=\"Tiempo de lectura\" \/>\n\t<meta name=\"twitter:data2\" content=\"2 minutos\" \/>\n<script type=\"application\/ld+json\" class=\"yoast-schema-graph\">{\"@context\":\"https:\/\/schema.org\",\"@graph\":[{\"@type\":\"Article\",\"@id\":\"https:\/\/www.manquecura.cl\/ciudad-del-este\/noticias\/dia-del-medioambiente\/#article\",\"isPartOf\":{\"@id\":\"https:\/\/www.manquecura.cl\/ciudad-del-este\/noticias\/dia-del-medioambiente\/\"},\"author\":{\"name\":\"jorgedelcampo\",\"@id\":\"https:\/\/www.manquecura.cl\/ciudad-del-este\/#\/schema\/person\/0debeea140e397b5d490ee7e553255d8\"},\"headline\":\"\u00a1EN MANQUECURA CUIDAMOS EL MEDIO AMBIENTE!\",\"datePublished\":\"2024-06-07T14:56:21+00:00\",\"mainEntityOfPage\":{\"@id\":\"https:\/\/www.manquecura.cl\/ciudad-del-este\/noticias\/dia-del-medioambiente\/\"},\"wordCount\":386,\"commentCount\":0,\"publisher\":{\"@id\":\"https:\/\/www.manquecura.cl\/ciudad-del-este\/#organization\"},\"image\":{\"@id\":\"https:\/\/www.manquecura.cl\/ciudad-del-este\/noticias\/dia-del-medioambiente\/#primaryimage\"},\"thumbnailUrl\":\"https:\/\/www.manquecura.cl\/ciudad-del-este\/wp-content\/uploads\/sites\/41\/2024\/06\/Imagen-de-WhatsApp-2024-06-07-a-las-10.11.27_bce55bf5-e1717774669885.jpg\",\"articleSection\":[\"Vida Escolar\"],\"inLanguage\":\"es\",\"potentialAction\":[{\"@type\":\"CommentAction\",\"name\":\"Comment\",\"target\":[\"https:\/\/www.manquecura.cl\/ciudad-del-este\/noticias\/dia-del-medioambiente\/#respond\"]}]},{\"@type\":\"WebPage\",\"@id\":\"https:\/\/www.manquecura.cl\/ciudad-del-este\/noticias\/dia-del-medioambiente\/\",\"url\":\"https:\/\/www.manquecura.cl\/ciudad-del-este\/noticias\/dia-del-medioambiente\/\",\"name\":\"\u00a1EN MANQUECURA CUIDAMOS EL MEDIO AMBIENTE! - Colegio Manquecura Ciudad del Este\",\"isPartOf\":{\"@id\":\"https:\/\/www.manquecura.cl\/ciudad-del-este\/#website\"},\"primaryImageOfPage\":{\"@id\":\"https:\/\/www.manquecura.cl\/ciudad-del-este\/noticias\/dia-del-medioambiente\/#primaryimage\"},\"image\":{\"@id\":\"https:\/\/www.manquecura.cl\/ciudad-del-este\/noticias\/dia-del-medioambiente\/#primaryimage\"},\"thumbnailUrl\":\"https:\/\/www.manquecura.cl\/ciudad-del-este\/wp-content\/uploads\/sites\/41\/2024\/06\/Imagen-de-WhatsApp-2024-06-07-a-las-10.11.27_bce55bf5-e1717774669885.jpg\",\"datePublished\":\"2024-06-07T14:56:21+00:00\",\"breadcrumb\":{\"@id\":\"https:\/\/www.manquecura.cl\/ciudad-del-este\/noticias\/dia-del-medioambiente\/#breadcrumb\"},\"inLanguage\":\"es\",\"potentialAction\":[{\"@type\":\"ReadAction\",\"target\":[\"https:\/\/www.manquecura.cl\/ciudad-del-este\/noticias\/dia-del-medioambiente\/\"]}]},{\"@type\":\"ImageObject\",\"inLanguage\":\"es\",\"@id\":\"https:\/\/www.manquecura.cl\/ciudad-del-este\/noticias\/dia-del-medioambiente\/#primaryimage\",\"url\":\"https:\/\/www.manquecura.cl\/ciudad-del-este\/wp-content\/uploads\/sites\/41\/2024\/06\/Imagen-de-WhatsApp-2024-06-07-a-las-10.11.27_bce55bf5-e1717774669885.jpg\",\"contentUrl\":\"https:\/\/www.manquecura.cl\/ciudad-del-este\/wp-content\/uploads\/sites\/41\/2024\/06\/Imagen-de-WhatsApp-2024-06-07-a-las-10.11.27_bce55bf5-e1717774669885.jpg\",\"width\":1600,\"height\":1002},{\"@type\":\"BreadcrumbList\",\"@id\":\"https:\/\/www.manquecura.cl\/ciudad-del-este\/noticias\/dia-del-medioambiente\/#breadcrumb\",\"itemListElement\":[{\"@type\":\"ListItem\",\"position\":1,\"name\":\"Home\",\"item\":\"https:\/\/www.manquecura.cl\/ciudad-del-este\/\"},{\"@type\":\"ListItem\",\"position\":2,\"name\":\"\u00a1EN MANQUECURA CUIDAMOS EL MEDIO AMBIENTE!\"}]},{\"@type\":\"WebSite\",\"@id\":\"https:\/\/www.manquecura.cl\/ciudad-del-este\/#website\",\"url\":\"https:\/\/www.manquecura.cl\/ciudad-del-este\/\",\"name\":\"Colegio Manquecura Ciudad del Este\",\"description\":\"\",\"publisher\":{\"@id\":\"https:\/\/www.manquecura.cl\/ciudad-del-este\/#organization\"},\"potentialAction\":[{\"@type\":\"SearchAction\",\"target\":{\"@type\":\"EntryPoint\",\"urlTemplate\":\"https:\/\/www.manquecura.cl\/ciudad-del-este\/?s={search_term_string}\"},\"query-input\":{\"@type\":\"PropertyValueSpecification\",\"valueRequired\":true,\"valueName\":\"search_term_string\"}}],\"inLanguage\":\"es\"},{\"@type\":\"Organization\",\"@id\":\"https:\/\/www.manquecura.cl\/ciudad-del-este\/#organization\",\"name\":\"Colegio Manquecura Ciudad del Este\",\"url\":\"https:\/\/www.manquecura.cl\/ciudad-del-este\/\",\"logo\":{\"@type\":\"ImageObject\",\"inLanguage\":\"es\",\"@id\":\"https:\/\/www.manquecura.cl\/ciudad-del-este\/#\/schema\/logo\/image\/\",\"url\":\"https:\/\/www.manquecura.cl\/ciudad-del-este\/wp-content\/uploads\/sites\/41\/2023\/09\/logo_Manquecura_Ciudad-del-Este_horizontal_color-1.png\",\"contentUrl\":\"https:\/\/www.manquecura.cl\/ciudad-del-este\/wp-content\/uploads\/sites\/41\/2023\/09\/logo_Manquecura_Ciudad-del-Este_horizontal_color-1.png\",\"width\":611,\"height\":183,\"caption\":\"Colegio Manquecura Ciudad del Este\"},\"image\":{\"@id\":\"https:\/\/www.manquecura.cl\/ciudad-del-este\/#\/schema\/logo\/image\/\"},\"sameAs\":[\"http:\/\/www.facebook.com\/ColegiosManquecura\",\"http:\/\/www.instagram.com\/manquecura_ciudaddeleste\/\",\"http:\/\/www.youtube.com\/c\/CognitaChile\"]},{\"@type\":\"Person\",\"@id\":\"https:\/\/www.manquecura.cl\/ciudad-del-este\/#\/schema\/person\/0debeea140e397b5d490ee7e553255d8\",\"name\":\"jorgedelcampo\",\"image\":{\"@type\":\"ImageObject\",\"inLanguage\":\"es\",\"@id\":\"https:\/\/www.manquecura.cl\/ciudad-del-este\/#\/schema\/person\/image\/\",\"url\":\"https:\/\/secure.gravatar.com\/avatar\/4a315f521213b2dc91dbda9bf799f711c8a98ab6f5606ec42cf5b33d1e762e8a?s=96&d=mm&r=g\",\"contentUrl\":\"https:\/\/secure.gravatar.com\/avatar\/4a315f521213b2dc91dbda9bf799f711c8a98ab6f5606ec42cf5b33d1e762e8a?s=96&d=mm&r=g\",\"caption\":\"jorgedelcampo\"}}]}<\/script>\n<!-- \/ Yoast SEO plugin. -->","yoast_head_json":{"title":"\u00a1EN MANQUECURA CUIDAMOS EL MEDIO AMBIENTE! - Colegio Manquecura Ciudad del Este","robots":{"index":"index","follow":"follow","max-snippet":"max-snippet:-1","max-image-preview":"max-image-preview:large","max-video-preview":"max-video-preview:-1"},"canonical":"https:\/\/www.manquecura.cl\/ciudad-del-este\/noticias\/dia-del-medioambiente\/","og_locale":"es_ES","og_type":"article","og_title":"\u00a1EN MANQUECURA CUIDAMOS EL MEDIO AMBIENTE! - Colegio Manquecura Ciudad del Este","og_description":"El d\u00eda de hoy, celebramos con gran entusiasmo el D\u00eda Mundial del Medio Ambiente en nuestro colegio. Fue un d\u00eda lleno de aprendizaje y conciencia ambiental, donde nuestros estudiantes de p\u00e1rvulo y b\u00e1sica participaron activamente en diversas actividades. Para esta ocasi\u00f3n tan especial, todos los ni\u00f1os y ni\u00f1as asistieron con una prenda o accesorio de [&hellip;]","og_url":"https:\/\/www.manquecura.cl\/ciudad-del-este\/noticias\/dia-del-medioambiente\/","og_site_name":"Colegio Manquecura Ciudad del Este","article_publisher":"http:\/\/www.facebook.com\/ColegiosManquecura","article_published_time":"2024-06-07T14:56:21+00:00","og_image":[{"width":1600,"height":1002,"url":"https:\/\/www.manquecura.cl\/ciudad-del-este\/wp-content\/uploads\/sites\/41\/2024\/06\/Imagen-de-WhatsApp-2024-06-07-a-las-10.11.27_bce55bf5-e1717774669885.jpg","type":"image\/jpeg"}],"author":"jorgedelcampo","twitter_card":"summary_large_image","twitter_misc":{"Escrito por":"jorgedelcampo","Tiempo de lectura":"2 minutos"},"schema":{"@context":"https:\/\/schema.org","@graph":[{"@type":"Article","@id":"https:\/\/www.manquecura.cl\/ciudad-del-este\/noticias\/dia-del-medioambiente\/#article","isPartOf":{"@id":"https:\/\/www.manquecura.cl\/ciudad-del-este\/noticias\/dia-del-medioambiente\/"},"author":{"name":"jorgedelcampo","@id":"https:\/\/www.manquecura.cl\/ciudad-del-este\/#\/schema\/person\/0debeea140e397b5d490ee7e553255d8"},"headline":"\u00a1EN MANQUECURA CUIDAMOS EL MEDIO AMBIENTE!","datePublished":"2024-06-07T14:56:21+00:00","mainEntityOfPage":{"@id":"https:\/\/www.manquecura.cl\/ciudad-del-este\/noticias\/dia-del-medioambiente\/"},"wordCount":386,"commentCount":0,"publisher":{"@id":"https:\/\/www.manquecura.cl\/ciudad-del-este\/#organization"},"image":{"@id":"https:\/\/www.manquecura.cl\/ciudad-del-este\/noticias\/dia-del-medioambiente\/#primaryimage"},"thumbnailUrl":"https:\/\/www.manquecura.cl\/ciudad-del-este\/wp-content\/uploads\/sites\/41\/2024\/06\/Imagen-de-WhatsApp-2024-06-07-a-las-10.11.27_bce55bf5-e1717774669885.jpg","articleSection":["Vida Escolar"],"inLanguage":"es","potentialAction":[{"@type":"CommentAction","name":"Comment","target":["https:\/\/www.manquecura.cl\/ciudad-del-este\/noticias\/dia-del-medioambiente\/#respond"]}]},{"@type":"WebPage","@id":"https:\/\/www.manquecura.cl\/ciudad-del-este\/noticias\/dia-del-medioambiente\/","url":"https:\/\/www.manquecura.cl\/ciudad-del-este\/noticias\/dia-del-medioambiente\/","name":"\u00a1EN MANQUECURA CUIDAMOS EL MEDIO AMBIENTE! - Colegio Manquecura Ciudad del Este","isPartOf":{"@id":"https:\/\/www.manquecura.cl\/ciudad-del-este\/#website"},"primaryImageOfPage":{"@id":"https:\/\/www.manquecura.cl\/ciudad-del-este\/noticias\/dia-del-medioambiente\/#primaryimage"},"image":{"@id":"https:\/\/www.manquecura.cl\/ciudad-del-este\/noticias\/dia-del-medioambiente\/#primaryimage"},"thumbnailUrl":"https:\/\/www.manquecura.cl\/ciudad-del-este\/wp-content\/uploads\/sites\/41\/2024\/06\/Imagen-de-WhatsApp-2024-06-07-a-las-10.11.27_bce55bf5-e1717774669885.jpg","datePublished":"2024-06-07T14:56:21+00:00","breadcrumb":{"@id":"https:\/\/www.manquecura.cl\/ciudad-del-este\/noticias\/dia-del-medioambiente\/#breadcrumb"},"inLanguage":"es","potentialAction":[{"@type":"ReadAction","target":["https:\/\/www.manquecura.cl\/ciudad-del-este\/noticias\/dia-del-medioambiente\/"]}]},{"@type":"ImageObject","inLanguage":"es","@id":"https:\/\/www.manquecura.cl\/ciudad-del-este\/noticias\/dia-del-medioambiente\/#primaryimage","url":"https:\/\/www.manquecura.cl\/ciudad-del-este\/wp-content\/uploads\/sites\/41\/2024\/06\/Imagen-de-WhatsApp-2024-06-07-a-las-10.11.27_bce55bf5-e1717774669885.jpg","contentUrl":"https:\/\/www.manquecura.cl\/ciudad-del-este\/wp-content\/uploads\/sites\/41\/2024\/06\/Imagen-de-WhatsApp-2024-06-07-a-las-10.11.27_bce55bf5-e1717774669885.jpg","width":1600,"height":1002},{"@type":"BreadcrumbList","@id":"https:\/\/www.manquecura.cl\/ciudad-del-este\/noticias\/dia-del-medioambiente\/#breadcrumb","itemListElement":[{"@type":"ListItem","position":1,"name":"Home","item":"https:\/\/www.manquecura.cl\/ciudad-del-este\/"},{"@type":"ListItem","position":2,"name":"\u00a1EN MANQUECURA CUIDAMOS EL MEDIO AMBIENTE!"}]},{"@type":"WebSite","@id":"https:\/\/www.manquecura.cl\/ciudad-del-este\/#website","url":"https:\/\/www.manquecura.cl\/ciudad-del-este\/","name":"Colegio Manquecura Ciudad del Este","description":"","publisher":{"@id":"https:\/\/www.manquecura.cl\/ciudad-del-este\/#organization"},"potentialAction":[{"@type":"SearchAction","target":{"@type":"EntryPoint","urlTemplate":"https:\/\/www.manquecura.cl\/ciudad-del-este\/?s={search_term_string}"},"query-input":{"@type":"PropertyValueSpecification","valueRequired":true,"valueName":"search_term_string"}}],"inLanguage":"es"},{"@type":"Organization","@id":"https:\/\/www.manquecura.cl\/ciudad-del-este\/#organization","name":"Colegio Manquecura Ciudad del Este","url":"https:\/\/www.manquecura.cl\/ciudad-del-este\/","logo":{"@type":"ImageObject","inLanguage":"es","@id":"https:\/\/www.manquecura.cl\/ciudad-del-este\/#\/schema\/logo\/image\/","url":"https:\/\/www.manquecura.cl\/ciudad-del-este\/wp-content\/uploads\/sites\/41\/2023\/09\/logo_Manquecura_Ciudad-del-Este_horizontal_color-1.png","contentUrl":"https:\/\/www.manquecura.cl\/ciudad-del-este\/wp-content\/uploads\/sites\/41\/2023\/09\/logo_Manquecura_Ciudad-del-Este_horizontal_color-1.png","width":611,"height":183,"caption":"Colegio Manquecura Ciudad del Este"},"image":{"@id":"https:\/\/www.manquecura.cl\/ciudad-del-este\/#\/schema\/logo\/image\/"},"sameAs":["http:\/\/www.facebook.com\/ColegiosManquecura","http:\/\/www.instagram.com\/manquecura_ciudaddeleste\/","http:\/\/www.youtube.com\/c\/CognitaChile"]},{"@type":"Person","@id":"https:\/\/www.manquecura.cl\/ciudad-del-este\/#\/schema\/person\/0debeea140e397b5d490ee7e553255d8","name":"jorgedelcampo","image":{"@type":"ImageObject","inLanguage":"es","@id":"https:\/\/www.manquecura.cl\/ciudad-del-este\/#\/schema\/person\/image\/","url":"https:\/\/secure.gravatar.com\/avatar\/4a315f521213b2dc91dbda9bf799f711c8a98ab6f5606ec42cf5b33d1e762e8a?s=96&d=mm&r=g","contentUrl":"https:\/\/secure.gravatar.com\/avatar\/4a315f521213b2dc91dbda9bf799f711c8a98ab6f5606ec42cf5b33d1e762e8a?s=96&d=mm&r=g","caption":"jorgedelcampo"}}]}},"jetpack_featured_media_url":"https:\/\/www.manquecura.cl\/ciudad-del-este\/wp-content\/uploads\/sites\/41\/2024\/06\/Imagen-de-WhatsApp-2024-06-07-a-las-10.11.27_bce55bf5-e1717774669885.jpg","previous_post_ID":25380,"previous_post_title":"CELEBRACI\u00d3N 5TO BASICOS POR RESULTADOS SIMCE","previous_post_excerpt":"&nbsp; Los estudiantes de 5\u00b0 B\u00e1sico celebraron su logro de ser los N\u00b01 en SIMCE 2023 en toda la comuna con un d\u00eda lleno de actividades. Partieron el d\u00eda con una entretenida pel\u00edcula y snacks para disfrutarla con todos sus compa\u00f1eros en el auditorio, seguido por convivencias organizadas con el apoyo de los apoderados, quienes [&hellip;]","previous_post_link":"https:\/\/www.manquecura.cl\/ciudad-del-este\/noticias\/celebracion-5to-basicos-por-resultados-simce\/","previous_post_class":["post-25380","post","type-post","status-publish","format-standard","has-post-thumbnail","hentry","category-vida-escolar"],"next_post_ID":25419,"next_post_title":"1\u00b0B\u00c1SICOS: MARAVILLOSO TALENT SHOW 2024","next_post_excerpt":"Durante el viernes 7 de junio, se realiz\u00f3 el Talent Show 2024, donde los alumnos de 1\u00b0 b\u00e1sicos prepararon un entretenidos shows junto a su profesora de ingl\u00e9s Miss Lissette Y\u00e1\u00f1ez. El objetivo principal es motivar y expresar, de forma l\u00fadica, su aprendizaje de una segunda lengua, siendo la \u00faltima actividad que cierra las diferentes [&hellip;]","next_post_link":"https:\/\/www.manquecura.cl\/ciudad-del-este\/noticias\/talent-show-2024\/","next_post_class":["post-25419","post","type-post","status-publish","format-standard","has-post-thumbnail","hentry","category-vida-escolar"],"jetpack_sharing_enabled":true,"_links":{"self":[{"href":"https:\/\/www.manquecura.cl\/ciudad-del-este\/wp-json\/wp\/v2\/posts\/25392","targetHints":{"allow":["GET"]}}],"collection":[{"href":"https:\/\/www.manquecura.cl\/ciudad-del-este\/wp-json\/wp\/v2\/posts"}],"about":[{"href":"https:\/\/www.manquecura.cl\/ciudad-del-este\/wp-json\/wp\/v2\/types\/post"}],"author":[{"embeddable":true,"href":"https:\/\/www.manquecura.cl\/ciudad-del-este\/wp-json\/wp\/v2\/users\/14"}],"replies":[{"embeddable":true,"href":"https:\/\/www.manquecura.cl\/ciudad-del-este\/wp-json\/wp\/v2\/comments?post=25392"}],"version-history":[{"count":0,"href":"https:\/\/www.manquecura.cl\/ciudad-del-este\/wp-json\/wp\/v2\/posts\/25392\/revisions"}],"wp:featuredmedia":[{"embeddable":true,"href":"https:\/\/www.manquecura.cl\/ciudad-del-este\/wp-json\/wp\/v2\/media\/25401"}],"wp:attachment":[{"href":"https:\/\/www.manquecura.cl\/ciudad-del-este\/wp-json\/wp\/v2\/media?parent=25392"}],"wp:term":[{"taxonomy":"category","embeddable":true,"href":"https:\/\/www.manquecura.cl\/ciudad-del-este\/wp-json\/wp\/v2\/categories?post=25392"},{"taxonomy":"post_tag","embeddable":true,"href":"https:\/\/www.manquecura.cl\/ciudad-del-este\/wp-json\/wp\/v2\/tags?post=25392"}],"curies":[{"name":"wp","href":"https:\/\/api.w.org\/{rel}","templated":true}]}}