{"id":25380,"date":"2024-06-07T10:39:08","date_gmt":"2024-06-07T14:39:08","guid":{"rendered":"https:\/\/www.manquecura.cl\/ciudad-del-este\/?p=25380"},"modified":"2024-06-07T10:39:08","modified_gmt":"2024-06-07T14:39:08","slug":"celebracion-5to-basicos-por-resultados-simce","status":"publish","type":"post","link":"https:\/\/www.manquecura.cl\/ciudad-del-este\/noticias\/celebracion-5to-basicos-por-resultados-simce\/","title":{"rendered":"CELEBRACI\u00d3N 5TO BASICOS POR RESULTADOS SIMCE"},"content":{"rendered":"<p>&nbsp;<\/p>\n<p>Los estudiantes de 5\u00b0 B\u00e1sico celebraron su logro de ser los <strong>N\u00b01 en SIMCE 2023<\/strong> en toda la comuna con un d\u00eda lleno de actividades.<\/p>\n<p>Partieron el d\u00eda con una entretenida pel\u00edcula y snacks para disfrutarla con todos sus compa\u00f1eros en el auditorio, seguido por convivencias organizadas con el apoyo de los apoderados, quienes aportaron con comidas deliciosas. Adem\u00e1s, los alumnos pudieron venir con jeans day ese d\u00eda, lo que a\u00f1adi\u00f3 un toque especial a la celebraci\u00f3n. La celebraci\u00f3n concluy\u00f3 con actividades l\u00fadicas y juegos de mesa que fomentaron la interacci\u00f3n y el trabajo en equipo entre alumnos y profesores.<\/p>\n<p>Esta fiesta reconoce el esfuerzo acad\u00e9mico de los estudiantes y resalta el apoyo de la comunidad educativa y familiar en su \u00e9xito.<\/p>\n<p><em><strong> \u00a1Felicitaciones a los 5\u00b0 B\u00e1sicos de Manquecura CDE!<\/strong><\/em><\/p>\n"},"excerpt":{"rendered":"<p>&nbsp; Los estudiantes de 5\u00b0 B\u00e1sico celebraron su logro de ser los N\u00b01 en SIMCE 2023 en toda la comuna con un d\u00eda lleno de actividades. Partieron el d\u00eda con una entretenida pel\u00edcula y snacks para disfrutarla con todos sus compa\u00f1eros en el auditorio, seguido por convivencias organizadas con el apoyo de los apoderados, quienes [&hellip;]<\/p>\n","protected":false},"author":14,"featured_media":25385,"comment_status":"open","ping_status":"open","sticky":false,"template":"","format":"standard","meta":{"_acf_changed":false,"content-type":"","_jetpack_memberships_contains_paid_content":false,"footnotes":""},"categories":[1],"tags":[],"class_list":["post-25380","post","type-post","status-publish","format-standard","has-post-thumbnail","hentry","category-vida-escolar"],"acf":[],"yoast_head":"<!-- This site is optimized with the Yoast SEO plugin v27.1.1 - https:\/\/yoast.com\/product\/yoast-seo-wordpress\/ -->\n<title>CELEBRACI\u00d3N 5TO BASICOS POR RESULTADOS SIMCE - Colegio Manquecura Ciudad del Este<\/title>\n<meta name=\"robots\" content=\"index, follow, max-snippet:-1, max-image-preview:large, max-video-preview:-1\" \/>\n<link rel=\"canonical\" href=\"https:\/\/www.manquecura.cl\/ciudad-del-este\/noticias\/celebracion-5to-basicos-por-resultados-simce\/\" \/>\n<meta property=\"og:locale\" content=\"es_ES\" \/>\n<meta property=\"og:type\" content=\"article\" \/>\n<meta property=\"og:title\" content=\"CELEBRACI\u00d3N 5TO BASICOS POR RESULTADOS SIMCE - Colegio Manquecura Ciudad del Este\" \/>\n<meta property=\"og:description\" content=\"&nbsp; Los estudiantes de 5\u00b0 B\u00e1sico celebraron su logro de ser los N\u00b01 en SIMCE 2023 en toda la comuna con un d\u00eda lleno de actividades. Partieron el d\u00eda con una entretenida pel\u00edcula y snacks para disfrutarla con todos sus compa\u00f1eros en el auditorio, seguido por convivencias organizadas con el apoyo de los apoderados, quienes [&hellip;]\" \/>\n<meta property=\"og:url\" content=\"https:\/\/www.manquecura.cl\/ciudad-del-este\/noticias\/celebracion-5to-basicos-por-resultados-simce\/\" \/>\n<meta property=\"og:site_name\" content=\"Colegio Manquecura Ciudad del Este\" \/>\n<meta property=\"article:publisher\" content=\"http:\/\/www.facebook.com\/ColegiosManquecura\" \/>\n<meta property=\"article:published_time\" content=\"2024-06-07T14:39:08+00:00\" \/>\n<meta property=\"og:image\" content=\"https:\/\/www.manquecura.cl\/ciudad-del-este\/wp-content\/uploads\/sites\/41\/2024\/06\/Imagen-de-WhatsApp-2024-05-31-a-las-17.56.29_a29ec24d-e1717770891900.jpg\" \/>\n\t<meta property=\"og:image:width\" content=\"3024\" \/>\n\t<meta property=\"og:image:height\" content=\"1895\" \/>\n\t<meta property=\"og:image:type\" content=\"image\/jpeg\" \/>\n<meta name=\"author\" content=\"jorgedelcampo\" \/>\n<meta name=\"twitter:card\" content=\"summary_large_image\" \/>\n<meta name=\"twitter:label1\" content=\"Escrito por\" \/>\n\t<meta name=\"twitter:data1\" content=\"jorgedelcampo\" \/>\n\t<meta name=\"twitter:label2\" content=\"Tiempo de lectura\" \/>\n\t<meta name=\"twitter:data2\" content=\"1 minuto\" \/>\n<script type=\"application\/ld+json\" class=\"yoast-schema-graph\">{\"@context\":\"https:\/\/schema.org\",\"@graph\":[{\"@type\":\"Article\",\"@id\":\"https:\/\/www.manquecura.cl\/ciudad-del-este\/noticias\/celebracion-5to-basicos-por-resultados-simce\/#article\",\"isPartOf\":{\"@id\":\"https:\/\/www.manquecura.cl\/ciudad-del-este\/noticias\/celebracion-5to-basicos-por-resultados-simce\/\"},\"author\":{\"name\":\"jorgedelcampo\",\"@id\":\"https:\/\/www.manquecura.cl\/ciudad-del-este\/#\/schema\/person\/0debeea140e397b5d490ee7e553255d8\"},\"headline\":\"CELEBRACI\u00d3N 5TO BASICOS POR RESULTADOS SIMCE\",\"datePublished\":\"2024-06-07T14:39:08+00:00\",\"mainEntityOfPage\":{\"@id\":\"https:\/\/www.manquecura.cl\/ciudad-del-este\/noticias\/celebracion-5to-basicos-por-resultados-simce\/\"},\"wordCount\":149,\"commentCount\":0,\"publisher\":{\"@id\":\"https:\/\/www.manquecura.cl\/ciudad-del-este\/#organization\"},\"image\":{\"@id\":\"https:\/\/www.manquecura.cl\/ciudad-del-este\/noticias\/celebracion-5to-basicos-por-resultados-simce\/#primaryimage\"},\"thumbnailUrl\":\"https:\/\/www.manquecura.cl\/ciudad-del-este\/wp-content\/uploads\/sites\/41\/2024\/06\/Imagen-de-WhatsApp-2024-05-31-a-las-17.56.29_a29ec24d-e1717770891900.jpg\",\"articleSection\":[\"Vida Escolar\"],\"inLanguage\":\"es\",\"potentialAction\":[{\"@type\":\"CommentAction\",\"name\":\"Comment\",\"target\":[\"https:\/\/www.manquecura.cl\/ciudad-del-este\/noticias\/celebracion-5to-basicos-por-resultados-simce\/#respond\"]}]},{\"@type\":\"WebPage\",\"@id\":\"https:\/\/www.manquecura.cl\/ciudad-del-este\/noticias\/celebracion-5to-basicos-por-resultados-simce\/\",\"url\":\"https:\/\/www.manquecura.cl\/ciudad-del-este\/noticias\/celebracion-5to-basicos-por-resultados-simce\/\",\"name\":\"CELEBRACI\u00d3N 5TO BASICOS POR RESULTADOS SIMCE - Colegio Manquecura Ciudad del Este\",\"isPartOf\":{\"@id\":\"https:\/\/www.manquecura.cl\/ciudad-del-este\/#website\"},\"primaryImageOfPage\":{\"@id\":\"https:\/\/www.manquecura.cl\/ciudad-del-este\/noticias\/celebracion-5to-basicos-por-resultados-simce\/#primaryimage\"},\"image\":{\"@id\":\"https:\/\/www.manquecura.cl\/ciudad-del-este\/noticias\/celebracion-5to-basicos-por-resultados-simce\/#primaryimage\"},\"thumbnailUrl\":\"https:\/\/www.manquecura.cl\/ciudad-del-este\/wp-content\/uploads\/sites\/41\/2024\/06\/Imagen-de-WhatsApp-2024-05-31-a-las-17.56.29_a29ec24d-e1717770891900.jpg\",\"datePublished\":\"2024-06-07T14:39:08+00:00\",\"breadcrumb\":{\"@id\":\"https:\/\/www.manquecura.cl\/ciudad-del-este\/noticias\/celebracion-5to-basicos-por-resultados-simce\/#breadcrumb\"},\"inLanguage\":\"es\",\"potentialAction\":[{\"@type\":\"ReadAction\",\"target\":[\"https:\/\/www.manquecura.cl\/ciudad-del-este\/noticias\/celebracion-5to-basicos-por-resultados-simce\/\"]}]},{\"@type\":\"ImageObject\",\"inLanguage\":\"es\",\"@id\":\"https:\/\/www.manquecura.cl\/ciudad-del-este\/noticias\/celebracion-5to-basicos-por-resultados-simce\/#primaryimage\",\"url\":\"https:\/\/www.manquecura.cl\/ciudad-del-este\/wp-content\/uploads\/sites\/41\/2024\/06\/Imagen-de-WhatsApp-2024-05-31-a-las-17.56.29_a29ec24d-e1717770891900.jpg\",\"contentUrl\":\"https:\/\/www.manquecura.cl\/ciudad-del-este\/wp-content\/uploads\/sites\/41\/2024\/06\/Imagen-de-WhatsApp-2024-05-31-a-las-17.56.29_a29ec24d-e1717770891900.jpg\",\"width\":3024,\"height\":1895},{\"@type\":\"BreadcrumbList\",\"@id\":\"https:\/\/www.manquecura.cl\/ciudad-del-este\/noticias\/celebracion-5to-basicos-por-resultados-simce\/#breadcrumb\",\"itemListElement\":[{\"@type\":\"ListItem\",\"position\":1,\"name\":\"Home\",\"item\":\"https:\/\/www.manquecura.cl\/ciudad-del-este\/\"},{\"@type\":\"ListItem\",\"position\":2,\"name\":\"CELEBRACI\u00d3N 5TO BASICOS POR RESULTADOS SIMCE\"}]},{\"@type\":\"WebSite\",\"@id\":\"https:\/\/www.manquecura.cl\/ciudad-del-este\/#website\",\"url\":\"https:\/\/www.manquecura.cl\/ciudad-del-este\/\",\"name\":\"Colegio Manquecura Ciudad del Este\",\"description\":\"\",\"publisher\":{\"@id\":\"https:\/\/www.manquecura.cl\/ciudad-del-este\/#organization\"},\"potentialAction\":[{\"@type\":\"SearchAction\",\"target\":{\"@type\":\"EntryPoint\",\"urlTemplate\":\"https:\/\/www.manquecura.cl\/ciudad-del-este\/?s={search_term_string}\"},\"query-input\":{\"@type\":\"PropertyValueSpecification\",\"valueRequired\":true,\"valueName\":\"search_term_string\"}}],\"inLanguage\":\"es\"},{\"@type\":\"Organization\",\"@id\":\"https:\/\/www.manquecura.cl\/ciudad-del-este\/#organization\",\"name\":\"Colegio Manquecura Ciudad del Este\",\"url\":\"https:\/\/www.manquecura.cl\/ciudad-del-este\/\",\"logo\":{\"@type\":\"ImageObject\",\"inLanguage\":\"es\",\"@id\":\"https:\/\/www.manquecura.cl\/ciudad-del-este\/#\/schema\/logo\/image\/\",\"url\":\"https:\/\/www.manquecura.cl\/ciudad-del-este\/wp-content\/uploads\/sites\/41\/2023\/09\/logo_Manquecura_Ciudad-del-Este_horizontal_color-1.png\",\"contentUrl\":\"https:\/\/www.manquecura.cl\/ciudad-del-este\/wp-content\/uploads\/sites\/41\/2023\/09\/logo_Manquecura_Ciudad-del-Este_horizontal_color-1.png\",\"width\":611,\"height\":183,\"caption\":\"Colegio Manquecura Ciudad del Este\"},\"image\":{\"@id\":\"https:\/\/www.manquecura.cl\/ciudad-del-este\/#\/schema\/logo\/image\/\"},\"sameAs\":[\"http:\/\/www.facebook.com\/ColegiosManquecura\",\"http:\/\/www.instagram.com\/manquecura_ciudaddeleste\/\",\"http:\/\/www.youtube.com\/c\/CognitaChile\"]},{\"@type\":\"Person\",\"@id\":\"https:\/\/www.manquecura.cl\/ciudad-del-este\/#\/schema\/person\/0debeea140e397b5d490ee7e553255d8\",\"name\":\"jorgedelcampo\",\"image\":{\"@type\":\"ImageObject\",\"inLanguage\":\"es\",\"@id\":\"https:\/\/www.manquecura.cl\/ciudad-del-este\/#\/schema\/person\/image\/\",\"url\":\"https:\/\/secure.gravatar.com\/avatar\/4a315f521213b2dc91dbda9bf799f711c8a98ab6f5606ec42cf5b33d1e762e8a?s=96&d=mm&r=g\",\"contentUrl\":\"https:\/\/secure.gravatar.com\/avatar\/4a315f521213b2dc91dbda9bf799f711c8a98ab6f5606ec42cf5b33d1e762e8a?s=96&d=mm&r=g\",\"caption\":\"jorgedelcampo\"}}]}<\/script>\n<!-- \/ Yoast SEO plugin. -->","yoast_head_json":{"title":"CELEBRACI\u00d3N 5TO BASICOS POR RESULTADOS SIMCE - Colegio Manquecura Ciudad del Este","robots":{"index":"index","follow":"follow","max-snippet":"max-snippet:-1","max-image-preview":"max-image-preview:large","max-video-preview":"max-video-preview:-1"},"canonical":"https:\/\/www.manquecura.cl\/ciudad-del-este\/noticias\/celebracion-5to-basicos-por-resultados-simce\/","og_locale":"es_ES","og_type":"article","og_title":"CELEBRACI\u00d3N 5TO BASICOS POR RESULTADOS SIMCE - Colegio Manquecura Ciudad del Este","og_description":"&nbsp; Los estudiantes de 5\u00b0 B\u00e1sico celebraron su logro de ser los N\u00b01 en SIMCE 2023 en toda la comuna con un d\u00eda lleno de actividades. Partieron el d\u00eda con una entretenida pel\u00edcula y snacks para disfrutarla con todos sus compa\u00f1eros en el auditorio, seguido por convivencias organizadas con el apoyo de los apoderados, quienes [&hellip;]","og_url":"https:\/\/www.manquecura.cl\/ciudad-del-este\/noticias\/celebracion-5to-basicos-por-resultados-simce\/","og_site_name":"Colegio Manquecura Ciudad del Este","article_publisher":"http:\/\/www.facebook.com\/ColegiosManquecura","article_published_time":"2024-06-07T14:39:08+00:00","og_image":[{"width":3024,"height":1895,"url":"https:\/\/www.manquecura.cl\/ciudad-del-este\/wp-content\/uploads\/sites\/41\/2024\/06\/Imagen-de-WhatsApp-2024-05-31-a-las-17.56.29_a29ec24d-e1717770891900.jpg","type":"image\/jpeg"}],"author":"jorgedelcampo","twitter_card":"summary_large_image","twitter_misc":{"Escrito por":"jorgedelcampo","Tiempo de lectura":"1 minuto"},"schema":{"@context":"https:\/\/schema.org","@graph":[{"@type":"Article","@id":"https:\/\/www.manquecura.cl\/ciudad-del-este\/noticias\/celebracion-5to-basicos-por-resultados-simce\/#article","isPartOf":{"@id":"https:\/\/www.manquecura.cl\/ciudad-del-este\/noticias\/celebracion-5to-basicos-por-resultados-simce\/"},"author":{"name":"jorgedelcampo","@id":"https:\/\/www.manquecura.cl\/ciudad-del-este\/#\/schema\/person\/0debeea140e397b5d490ee7e553255d8"},"headline":"CELEBRACI\u00d3N 5TO BASICOS POR RESULTADOS SIMCE","datePublished":"2024-06-07T14:39:08+00:00","mainEntityOfPage":{"@id":"https:\/\/www.manquecura.cl\/ciudad-del-este\/noticias\/celebracion-5to-basicos-por-resultados-simce\/"},"wordCount":149,"commentCount":0,"publisher":{"@id":"https:\/\/www.manquecura.cl\/ciudad-del-este\/#organization"},"image":{"@id":"https:\/\/www.manquecura.cl\/ciudad-del-este\/noticias\/celebracion-5to-basicos-por-resultados-simce\/#primaryimage"},"thumbnailUrl":"https:\/\/www.manquecura.cl\/ciudad-del-este\/wp-content\/uploads\/sites\/41\/2024\/06\/Imagen-de-WhatsApp-2024-05-31-a-las-17.56.29_a29ec24d-e1717770891900.jpg","articleSection":["Vida Escolar"],"inLanguage":"es","potentialAction":[{"@type":"CommentAction","name":"Comment","target":["https:\/\/www.manquecura.cl\/ciudad-del-este\/noticias\/celebracion-5to-basicos-por-resultados-simce\/#respond"]}]},{"@type":"WebPage","@id":"https:\/\/www.manquecura.cl\/ciudad-del-este\/noticias\/celebracion-5to-basicos-por-resultados-simce\/","url":"https:\/\/www.manquecura.cl\/ciudad-del-este\/noticias\/celebracion-5to-basicos-por-resultados-simce\/","name":"CELEBRACI\u00d3N 5TO BASICOS POR RESULTADOS SIMCE - Colegio Manquecura Ciudad del Este","isPartOf":{"@id":"https:\/\/www.manquecura.cl\/ciudad-del-este\/#website"},"primaryImageOfPage":{"@id":"https:\/\/www.manquecura.cl\/ciudad-del-este\/noticias\/celebracion-5to-basicos-por-resultados-simce\/#primaryimage"},"image":{"@id":"https:\/\/www.manquecura.cl\/ciudad-del-este\/noticias\/celebracion-5to-basicos-por-resultados-simce\/#primaryimage"},"thumbnailUrl":"https:\/\/www.manquecura.cl\/ciudad-del-este\/wp-content\/uploads\/sites\/41\/2024\/06\/Imagen-de-WhatsApp-2024-05-31-a-las-17.56.29_a29ec24d-e1717770891900.jpg","datePublished":"2024-06-07T14:39:08+00:00","breadcrumb":{"@id":"https:\/\/www.manquecura.cl\/ciudad-del-este\/noticias\/celebracion-5to-basicos-por-resultados-simce\/#breadcrumb"},"inLanguage":"es","potentialAction":[{"@type":"ReadAction","target":["https:\/\/www.manquecura.cl\/ciudad-del-este\/noticias\/celebracion-5to-basicos-por-resultados-simce\/"]}]},{"@type":"ImageObject","inLanguage":"es","@id":"https:\/\/www.manquecura.cl\/ciudad-del-este\/noticias\/celebracion-5to-basicos-por-resultados-simce\/#primaryimage","url":"https:\/\/www.manquecura.cl\/ciudad-del-este\/wp-content\/uploads\/sites\/41\/2024\/06\/Imagen-de-WhatsApp-2024-05-31-a-las-17.56.29_a29ec24d-e1717770891900.jpg","contentUrl":"https:\/\/www.manquecura.cl\/ciudad-del-este\/wp-content\/uploads\/sites\/41\/2024\/06\/Imagen-de-WhatsApp-2024-05-31-a-las-17.56.29_a29ec24d-e1717770891900.jpg","width":3024,"height":1895},{"@type":"BreadcrumbList","@id":"https:\/\/www.manquecura.cl\/ciudad-del-este\/noticias\/celebracion-5to-basicos-por-resultados-simce\/#breadcrumb","itemListElement":[{"@type":"ListItem","position":1,"name":"Home","item":"https:\/\/www.manquecura.cl\/ciudad-del-este\/"},{"@type":"ListItem","position":2,"name":"CELEBRACI\u00d3N 5TO BASICOS POR RESULTADOS SIMCE"}]},{"@type":"WebSite","@id":"https:\/\/www.manquecura.cl\/ciudad-del-este\/#website","url":"https:\/\/www.manquecura.cl\/ciudad-del-este\/","name":"Colegio Manquecura Ciudad del Este","description":"","publisher":{"@id":"https:\/\/www.manquecura.cl\/ciudad-del-este\/#organization"},"potentialAction":[{"@type":"SearchAction","target":{"@type":"EntryPoint","urlTemplate":"https:\/\/www.manquecura.cl\/ciudad-del-este\/?s={search_term_string}"},"query-input":{"@type":"PropertyValueSpecification","valueRequired":true,"valueName":"search_term_string"}}],"inLanguage":"es"},{"@type":"Organization","@id":"https:\/\/www.manquecura.cl\/ciudad-del-este\/#organization","name":"Colegio Manquecura Ciudad del Este","url":"https:\/\/www.manquecura.cl\/ciudad-del-este\/","logo":{"@type":"ImageObject","inLanguage":"es","@id":"https:\/\/www.manquecura.cl\/ciudad-del-este\/#\/schema\/logo\/image\/","url":"https:\/\/www.manquecura.cl\/ciudad-del-este\/wp-content\/uploads\/sites\/41\/2023\/09\/logo_Manquecura_Ciudad-del-Este_horizontal_color-1.png","contentUrl":"https:\/\/www.manquecura.cl\/ciudad-del-este\/wp-content\/uploads\/sites\/41\/2023\/09\/logo_Manquecura_Ciudad-del-Este_horizontal_color-1.png","width":611,"height":183,"caption":"Colegio Manquecura Ciudad del Este"},"image":{"@id":"https:\/\/www.manquecura.cl\/ciudad-del-este\/#\/schema\/logo\/image\/"},"sameAs":["http:\/\/www.facebook.com\/ColegiosManquecura","http:\/\/www.instagram.com\/manquecura_ciudaddeleste\/","http:\/\/www.youtube.com\/c\/CognitaChile"]},{"@type":"Person","@id":"https:\/\/www.manquecura.cl\/ciudad-del-este\/#\/schema\/person\/0debeea140e397b5d490ee7e553255d8","name":"jorgedelcampo","image":{"@type":"ImageObject","inLanguage":"es","@id":"https:\/\/www.manquecura.cl\/ciudad-del-este\/#\/schema\/person\/image\/","url":"https:\/\/secure.gravatar.com\/avatar\/4a315f521213b2dc91dbda9bf799f711c8a98ab6f5606ec42cf5b33d1e762e8a?s=96&d=mm&r=g","contentUrl":"https:\/\/secure.gravatar.com\/avatar\/4a315f521213b2dc91dbda9bf799f711c8a98ab6f5606ec42cf5b33d1e762e8a?s=96&d=mm&r=g","caption":"jorgedelcampo"}}]}},"jetpack_featured_media_url":"https:\/\/www.manquecura.cl\/ciudad-del-este\/wp-content\/uploads\/sites\/41\/2024\/06\/Imagen-de-WhatsApp-2024-05-31-a-las-17.56.29_a29ec24d-e1717770891900.jpg","previous_post_ID":25358,"previous_post_title":"COGNITA STUDENT CHALLENG: COMPETENCIA INTERNACIONAL","previous_post_excerpt":"&nbsp; Nos llena de orgullo y alegr\u00eda compartir con ustedes una maravillosa noticia: estudiantes de IV Medio B, han sido seleccionados para participar en el Cognita Student Challenge. Esta competencia, organizada por la red Cognita, busca destacar la excelencia en el aprendizaje pr\u00e1ctico y real, conectando a estudiantes de todo el mundo en proyectos significativos [&hellip;]","previous_post_link":"https:\/\/www.manquecura.cl\/ciudad-del-este\/noticias\/cognita-student-challeng-competencia-internacional\/","previous_post_class":["post-25358","post","type-post","status-publish","format-standard","has-post-thumbnail","hentry","category-vida-escolar"],"next_post_ID":25392,"next_post_title":"\u00a1EN MANQUECURA CUIDAMOS EL MEDIO AMBIENTE!","next_post_excerpt":"El d\u00eda de hoy, celebramos con gran entusiasmo el D\u00eda Mundial del Medio Ambiente en nuestro colegio. Fue un d\u00eda lleno de aprendizaje y conciencia ambiental, donde nuestros estudiantes de p\u00e1rvulo y b\u00e1sica participaron activamente en diversas actividades. Para esta ocasi\u00f3n tan especial, todos los ni\u00f1os y ni\u00f1as asistieron con una prenda o accesorio de [&hellip;]","next_post_link":"https:\/\/www.manquecura.cl\/ciudad-del-este\/noticias\/dia-del-medioambiente\/","next_post_class":["post-25392","post","type-post","status-publish","format-standard","has-post-thumbnail","hentry","category-vida-escolar"],"jetpack_sharing_enabled":true,"_links":{"self":[{"href":"https:\/\/www.manquecura.cl\/ciudad-del-este\/wp-json\/wp\/v2\/posts\/25380","targetHints":{"allow":["GET"]}}],"collection":[{"href":"https:\/\/www.manquecura.cl\/ciudad-del-este\/wp-json\/wp\/v2\/posts"}],"about":[{"href":"https:\/\/www.manquecura.cl\/ciudad-del-este\/wp-json\/wp\/v2\/types\/post"}],"author":[{"embeddable":true,"href":"https:\/\/www.manquecura.cl\/ciudad-del-este\/wp-json\/wp\/v2\/users\/14"}],"replies":[{"embeddable":true,"href":"https:\/\/www.manquecura.cl\/ciudad-del-este\/wp-json\/wp\/v2\/comments?post=25380"}],"version-history":[{"count":0,"href":"https:\/\/www.manquecura.cl\/ciudad-del-este\/wp-json\/wp\/v2\/posts\/25380\/revisions"}],"wp:featuredmedia":[{"embeddable":true,"href":"https:\/\/www.manquecura.cl\/ciudad-del-este\/wp-json\/wp\/v2\/media\/25385"}],"wp:attachment":[{"href":"https:\/\/www.manquecura.cl\/ciudad-del-este\/wp-json\/wp\/v2\/media?parent=25380"}],"wp:term":[{"taxonomy":"category","embeddable":true,"href":"https:\/\/www.manquecura.cl\/ciudad-del-este\/wp-json\/wp\/v2\/categories?post=25380"},{"taxonomy":"post_tag","embeddable":true,"href":"https:\/\/www.manquecura.cl\/ciudad-del-este\/wp-json\/wp\/v2\/tags?post=25380"}],"curies":[{"name":"wp","href":"https:\/\/api.w.org\/{rel}","templated":true}]}}