{"id":25358,"date":"2024-06-03T11:37:57","date_gmt":"2024-06-03T15:37:57","guid":{"rendered":"https:\/\/www.manquecura.cl\/ciudad-del-este\/?p=25358"},"modified":"2024-06-03T11:37:57","modified_gmt":"2024-06-03T15:37:57","slug":"cognita-student-challeng-competencia-internacional","status":"publish","type":"post","link":"https:\/\/www.manquecura.cl\/ciudad-del-este\/noticias\/cognita-student-challeng-competencia-internacional\/","title":{"rendered":"COGNITA STUDENT CHALLENG: COMPETENCIA INTERNACIONAL"},"content":{"rendered":"<p>&nbsp;<\/p>\n<p>Nos llena de orgullo y alegr\u00eda compartir con ustedes una maravillosa noticia: <strong>estudiantes de IV Medio B, han sido seleccionados para participar en el Cognita Student Challenge<\/strong>. Esta competencia, organizada por la red Cognita, busca destacar la excelencia en el aprendizaje pr\u00e1ctico y real, conectando a estudiantes de todo el mundo en proyectos significativos y transformadores.<\/p>\n<p>Esta semana, nuestra rectora, Elizabeth Marileo, se reuni\u00f3 con los estudiantes seleccionados, <strong>Catalina Mena y Santiago Juan<\/strong>, y representantes del equipo de Aprendizaje Digital de Cognita Chile, para informarles oficialmente que su proyecto <strong><em>&#8220;Exploring Solar Waves with Our Handmade Radio Telescope&#8221;<\/em><\/strong>, es uno de los cuatro finalistas que representar\u00e1 a Am\u00e9rica Latina en esta <strong>competencia global<\/strong>.<\/p>\n<p>El proyecto de nuestros estudiantes pertenece a la categor\u00eda de Innovaci\u00f3n Digital, abordando un desaf\u00edo real utilizando tecnolog\u00edas digitales. Seg\u00fan se describe en las bases del concurso \u201cel proyecto se inici\u00f3 para democratizar el acceso a la astronom\u00eda entre estudiantes de educaci\u00f3n media, abordando los desaf\u00edos de ense\u00f1ar y estudiar fen\u00f3menos solares. Aprovechando los cielos privilegiados de Chile, esto brinda oportunidades educativas mediante la construcci\u00f3n de un radiotelescopio con materiales reciclados y tecnolog\u00eda de bajo coste.<\/p>\n<p>A fines del a\u00f1o pasado se realiz\u00f3 la presentaci\u00f3n del proyecto, la cual fue evaluada a nivel de colegio y luego regional (Cognita Am\u00e9rica Latina) y solo los mejores proyectos tienen hoy la oportunidad de competir a nivel internacional.<\/p>\n<p>Es un orgullo que nuestros estudiantes,\u00a0 hayan sido seleccionados entre cientos de proyectos de los m\u00e1s de 100 colegios Cognita en todo el mundo.<\/p>\n<p><em><strong>Estamos seguros de que esta competencia enriquecer\u00e1 su aprendizaje y desarrollo personal. \u00a1Mucho \u00e9xito a nuestros estudiantes participantes! <\/strong><\/em><\/p>\n<p>&nbsp;<\/p>\n"},"excerpt":{"rendered":"<p>&nbsp; Nos llena de orgullo y alegr\u00eda compartir con ustedes una maravillosa noticia: estudiantes de IV Medio B, han sido seleccionados para participar en el Cognita Student Challenge. Esta competencia, organizada por la red Cognita, busca destacar la excelencia en el aprendizaje pr\u00e1ctico y real, conectando a estudiantes de todo el mundo en proyectos significativos [&hellip;]<\/p>\n","protected":false},"author":14,"featured_media":25374,"comment_status":"open","ping_status":"open","sticky":false,"template":"","format":"standard","meta":{"_acf_changed":false,"content-type":"","_jetpack_memberships_contains_paid_content":false,"footnotes":""},"categories":[1],"tags":[],"class_list":["post-25358","post","type-post","status-publish","format-standard","has-post-thumbnail","hentry","category-vida-escolar"],"acf":[],"yoast_head":"<!-- This site is optimized with the Yoast SEO plugin v27.1.1 - https:\/\/yoast.com\/product\/yoast-seo-wordpress\/ -->\n<title>COGNITA STUDENT CHALLENG: COMPETENCIA INTERNACIONAL - Colegio Manquecura Ciudad del Este<\/title>\n<meta name=\"robots\" content=\"index, follow, max-snippet:-1, max-image-preview:large, max-video-preview:-1\" \/>\n<link rel=\"canonical\" href=\"https:\/\/www.manquecura.cl\/ciudad-del-este\/noticias\/cognita-student-challeng-competencia-internacional\/\" \/>\n<meta property=\"og:locale\" content=\"es_ES\" \/>\n<meta property=\"og:type\" content=\"article\" \/>\n<meta property=\"og:title\" content=\"COGNITA STUDENT CHALLENG: COMPETENCIA INTERNACIONAL - Colegio Manquecura Ciudad del Este\" \/>\n<meta property=\"og:description\" content=\"&nbsp; Nos llena de orgullo y alegr\u00eda compartir con ustedes una maravillosa noticia: estudiantes de IV Medio B, han sido seleccionados para participar en el Cognita Student Challenge. Esta competencia, organizada por la red Cognita, busca destacar la excelencia en el aprendizaje pr\u00e1ctico y real, conectando a estudiantes de todo el mundo en proyectos significativos [&hellip;]\" \/>\n<meta property=\"og:url\" content=\"https:\/\/www.manquecura.cl\/ciudad-del-este\/noticias\/cognita-student-challeng-competencia-internacional\/\" \/>\n<meta property=\"og:site_name\" content=\"Colegio Manquecura Ciudad del Este\" \/>\n<meta property=\"article:publisher\" content=\"http:\/\/www.facebook.com\/ColegiosManquecura\" \/>\n<meta property=\"article:published_time\" content=\"2024-06-03T15:37:57+00:00\" \/>\n<meta property=\"og:image\" content=\"https:\/\/www.manquecura.cl\/ciudad-del-este\/wp-content\/uploads\/sites\/41\/2024\/06\/Sin-titulo-836-x-523-px-1.png\" \/>\n\t<meta property=\"og:image:width\" content=\"836\" \/>\n\t<meta property=\"og:image:height\" content=\"523\" \/>\n\t<meta property=\"og:image:type\" content=\"image\/png\" \/>\n<meta name=\"author\" content=\"jorgedelcampo\" \/>\n<meta name=\"twitter:card\" content=\"summary_large_image\" \/>\n<meta name=\"twitter:label1\" content=\"Escrito por\" \/>\n\t<meta name=\"twitter:data1\" content=\"jorgedelcampo\" \/>\n\t<meta name=\"twitter:label2\" content=\"Tiempo de lectura\" \/>\n\t<meta name=\"twitter:data2\" content=\"2 minutos\" \/>\n<script type=\"application\/ld+json\" class=\"yoast-schema-graph\">{\"@context\":\"https:\/\/schema.org\",\"@graph\":[{\"@type\":\"Article\",\"@id\":\"https:\/\/www.manquecura.cl\/ciudad-del-este\/noticias\/cognita-student-challeng-competencia-internacional\/#article\",\"isPartOf\":{\"@id\":\"https:\/\/www.manquecura.cl\/ciudad-del-este\/noticias\/cognita-student-challeng-competencia-internacional\/\"},\"author\":{\"name\":\"jorgedelcampo\",\"@id\":\"https:\/\/www.manquecura.cl\/ciudad-del-este\/#\/schema\/person\/0debeea140e397b5d490ee7e553255d8\"},\"headline\":\"COGNITA STUDENT CHALLENG: COMPETENCIA INTERNACIONAL\",\"datePublished\":\"2024-06-03T15:37:57+00:00\",\"mainEntityOfPage\":{\"@id\":\"https:\/\/www.manquecura.cl\/ciudad-del-este\/noticias\/cognita-student-challeng-competencia-internacional\/\"},\"wordCount\":294,\"commentCount\":0,\"publisher\":{\"@id\":\"https:\/\/www.manquecura.cl\/ciudad-del-este\/#organization\"},\"image\":{\"@id\":\"https:\/\/www.manquecura.cl\/ciudad-del-este\/noticias\/cognita-student-challeng-competencia-internacional\/#primaryimage\"},\"thumbnailUrl\":\"https:\/\/www.manquecura.cl\/ciudad-del-este\/wp-content\/uploads\/sites\/41\/2024\/06\/Sin-titulo-836-x-523-px-1.png\",\"articleSection\":[\"Vida Escolar\"],\"inLanguage\":\"es\",\"potentialAction\":[{\"@type\":\"CommentAction\",\"name\":\"Comment\",\"target\":[\"https:\/\/www.manquecura.cl\/ciudad-del-este\/noticias\/cognita-student-challeng-competencia-internacional\/#respond\"]}]},{\"@type\":\"WebPage\",\"@id\":\"https:\/\/www.manquecura.cl\/ciudad-del-este\/noticias\/cognita-student-challeng-competencia-internacional\/\",\"url\":\"https:\/\/www.manquecura.cl\/ciudad-del-este\/noticias\/cognita-student-challeng-competencia-internacional\/\",\"name\":\"COGNITA STUDENT CHALLENG: COMPETENCIA INTERNACIONAL - Colegio Manquecura Ciudad del Este\",\"isPartOf\":{\"@id\":\"https:\/\/www.manquecura.cl\/ciudad-del-este\/#website\"},\"primaryImageOfPage\":{\"@id\":\"https:\/\/www.manquecura.cl\/ciudad-del-este\/noticias\/cognita-student-challeng-competencia-internacional\/#primaryimage\"},\"image\":{\"@id\":\"https:\/\/www.manquecura.cl\/ciudad-del-este\/noticias\/cognita-student-challeng-competencia-internacional\/#primaryimage\"},\"thumbnailUrl\":\"https:\/\/www.manquecura.cl\/ciudad-del-este\/wp-content\/uploads\/sites\/41\/2024\/06\/Sin-titulo-836-x-523-px-1.png\",\"datePublished\":\"2024-06-03T15:37:57+00:00\",\"breadcrumb\":{\"@id\":\"https:\/\/www.manquecura.cl\/ciudad-del-este\/noticias\/cognita-student-challeng-competencia-internacional\/#breadcrumb\"},\"inLanguage\":\"es\",\"potentialAction\":[{\"@type\":\"ReadAction\",\"target\":[\"https:\/\/www.manquecura.cl\/ciudad-del-este\/noticias\/cognita-student-challeng-competencia-internacional\/\"]}]},{\"@type\":\"ImageObject\",\"inLanguage\":\"es\",\"@id\":\"https:\/\/www.manquecura.cl\/ciudad-del-este\/noticias\/cognita-student-challeng-competencia-internacional\/#primaryimage\",\"url\":\"https:\/\/www.manquecura.cl\/ciudad-del-este\/wp-content\/uploads\/sites\/41\/2024\/06\/Sin-titulo-836-x-523-px-1.png\",\"contentUrl\":\"https:\/\/www.manquecura.cl\/ciudad-del-este\/wp-content\/uploads\/sites\/41\/2024\/06\/Sin-titulo-836-x-523-px-1.png\",\"width\":836,\"height\":523},{\"@type\":\"BreadcrumbList\",\"@id\":\"https:\/\/www.manquecura.cl\/ciudad-del-este\/noticias\/cognita-student-challeng-competencia-internacional\/#breadcrumb\",\"itemListElement\":[{\"@type\":\"ListItem\",\"position\":1,\"name\":\"Home\",\"item\":\"https:\/\/www.manquecura.cl\/ciudad-del-este\/\"},{\"@type\":\"ListItem\",\"position\":2,\"name\":\"COGNITA STUDENT CHALLENG: COMPETENCIA INTERNACIONAL\"}]},{\"@type\":\"WebSite\",\"@id\":\"https:\/\/www.manquecura.cl\/ciudad-del-este\/#website\",\"url\":\"https:\/\/www.manquecura.cl\/ciudad-del-este\/\",\"name\":\"Colegio Manquecura Ciudad del Este\",\"description\":\"\",\"publisher\":{\"@id\":\"https:\/\/www.manquecura.cl\/ciudad-del-este\/#organization\"},\"potentialAction\":[{\"@type\":\"SearchAction\",\"target\":{\"@type\":\"EntryPoint\",\"urlTemplate\":\"https:\/\/www.manquecura.cl\/ciudad-del-este\/?s={search_term_string}\"},\"query-input\":{\"@type\":\"PropertyValueSpecification\",\"valueRequired\":true,\"valueName\":\"search_term_string\"}}],\"inLanguage\":\"es\"},{\"@type\":\"Organization\",\"@id\":\"https:\/\/www.manquecura.cl\/ciudad-del-este\/#organization\",\"name\":\"Colegio Manquecura Ciudad del Este\",\"url\":\"https:\/\/www.manquecura.cl\/ciudad-del-este\/\",\"logo\":{\"@type\":\"ImageObject\",\"inLanguage\":\"es\",\"@id\":\"https:\/\/www.manquecura.cl\/ciudad-del-este\/#\/schema\/logo\/image\/\",\"url\":\"https:\/\/www.manquecura.cl\/ciudad-del-este\/wp-content\/uploads\/sites\/41\/2023\/09\/logo_Manquecura_Ciudad-del-Este_horizontal_color-1.png\",\"contentUrl\":\"https:\/\/www.manquecura.cl\/ciudad-del-este\/wp-content\/uploads\/sites\/41\/2023\/09\/logo_Manquecura_Ciudad-del-Este_horizontal_color-1.png\",\"width\":611,\"height\":183,\"caption\":\"Colegio Manquecura Ciudad del Este\"},\"image\":{\"@id\":\"https:\/\/www.manquecura.cl\/ciudad-del-este\/#\/schema\/logo\/image\/\"},\"sameAs\":[\"http:\/\/www.facebook.com\/ColegiosManquecura\",\"http:\/\/www.instagram.com\/manquecura_ciudaddeleste\/\",\"http:\/\/www.youtube.com\/c\/CognitaChile\"]},{\"@type\":\"Person\",\"@id\":\"https:\/\/www.manquecura.cl\/ciudad-del-este\/#\/schema\/person\/0debeea140e397b5d490ee7e553255d8\",\"name\":\"jorgedelcampo\",\"image\":{\"@type\":\"ImageObject\",\"inLanguage\":\"es\",\"@id\":\"https:\/\/www.manquecura.cl\/ciudad-del-este\/#\/schema\/person\/image\/\",\"url\":\"https:\/\/secure.gravatar.com\/avatar\/4a315f521213b2dc91dbda9bf799f711c8a98ab6f5606ec42cf5b33d1e762e8a?s=96&d=mm&r=g\",\"contentUrl\":\"https:\/\/secure.gravatar.com\/avatar\/4a315f521213b2dc91dbda9bf799f711c8a98ab6f5606ec42cf5b33d1e762e8a?s=96&d=mm&r=g\",\"caption\":\"jorgedelcampo\"}}]}<\/script>\n<!-- \/ Yoast SEO plugin. -->","yoast_head_json":{"title":"COGNITA STUDENT CHALLENG: COMPETENCIA INTERNACIONAL - Colegio Manquecura Ciudad del Este","robots":{"index":"index","follow":"follow","max-snippet":"max-snippet:-1","max-image-preview":"max-image-preview:large","max-video-preview":"max-video-preview:-1"},"canonical":"https:\/\/www.manquecura.cl\/ciudad-del-este\/noticias\/cognita-student-challeng-competencia-internacional\/","og_locale":"es_ES","og_type":"article","og_title":"COGNITA STUDENT CHALLENG: COMPETENCIA INTERNACIONAL - Colegio Manquecura Ciudad del Este","og_description":"&nbsp; Nos llena de orgullo y alegr\u00eda compartir con ustedes una maravillosa noticia: estudiantes de IV Medio B, han sido seleccionados para participar en el Cognita Student Challenge. Esta competencia, organizada por la red Cognita, busca destacar la excelencia en el aprendizaje pr\u00e1ctico y real, conectando a estudiantes de todo el mundo en proyectos significativos [&hellip;]","og_url":"https:\/\/www.manquecura.cl\/ciudad-del-este\/noticias\/cognita-student-challeng-competencia-internacional\/","og_site_name":"Colegio Manquecura Ciudad del Este","article_publisher":"http:\/\/www.facebook.com\/ColegiosManquecura","article_published_time":"2024-06-03T15:37:57+00:00","og_image":[{"width":836,"height":523,"url":"https:\/\/www.manquecura.cl\/ciudad-del-este\/wp-content\/uploads\/sites\/41\/2024\/06\/Sin-titulo-836-x-523-px-1.png","type":"image\/png"}],"author":"jorgedelcampo","twitter_card":"summary_large_image","twitter_misc":{"Escrito por":"jorgedelcampo","Tiempo de lectura":"2 minutos"},"schema":{"@context":"https:\/\/schema.org","@graph":[{"@type":"Article","@id":"https:\/\/www.manquecura.cl\/ciudad-del-este\/noticias\/cognita-student-challeng-competencia-internacional\/#article","isPartOf":{"@id":"https:\/\/www.manquecura.cl\/ciudad-del-este\/noticias\/cognita-student-challeng-competencia-internacional\/"},"author":{"name":"jorgedelcampo","@id":"https:\/\/www.manquecura.cl\/ciudad-del-este\/#\/schema\/person\/0debeea140e397b5d490ee7e553255d8"},"headline":"COGNITA STUDENT CHALLENG: COMPETENCIA INTERNACIONAL","datePublished":"2024-06-03T15:37:57+00:00","mainEntityOfPage":{"@id":"https:\/\/www.manquecura.cl\/ciudad-del-este\/noticias\/cognita-student-challeng-competencia-internacional\/"},"wordCount":294,"commentCount":0,"publisher":{"@id":"https:\/\/www.manquecura.cl\/ciudad-del-este\/#organization"},"image":{"@id":"https:\/\/www.manquecura.cl\/ciudad-del-este\/noticias\/cognita-student-challeng-competencia-internacional\/#primaryimage"},"thumbnailUrl":"https:\/\/www.manquecura.cl\/ciudad-del-este\/wp-content\/uploads\/sites\/41\/2024\/06\/Sin-titulo-836-x-523-px-1.png","articleSection":["Vida Escolar"],"inLanguage":"es","potentialAction":[{"@type":"CommentAction","name":"Comment","target":["https:\/\/www.manquecura.cl\/ciudad-del-este\/noticias\/cognita-student-challeng-competencia-internacional\/#respond"]}]},{"@type":"WebPage","@id":"https:\/\/www.manquecura.cl\/ciudad-del-este\/noticias\/cognita-student-challeng-competencia-internacional\/","url":"https:\/\/www.manquecura.cl\/ciudad-del-este\/noticias\/cognita-student-challeng-competencia-internacional\/","name":"COGNITA STUDENT CHALLENG: COMPETENCIA INTERNACIONAL - Colegio Manquecura Ciudad del Este","isPartOf":{"@id":"https:\/\/www.manquecura.cl\/ciudad-del-este\/#website"},"primaryImageOfPage":{"@id":"https:\/\/www.manquecura.cl\/ciudad-del-este\/noticias\/cognita-student-challeng-competencia-internacional\/#primaryimage"},"image":{"@id":"https:\/\/www.manquecura.cl\/ciudad-del-este\/noticias\/cognita-student-challeng-competencia-internacional\/#primaryimage"},"thumbnailUrl":"https:\/\/www.manquecura.cl\/ciudad-del-este\/wp-content\/uploads\/sites\/41\/2024\/06\/Sin-titulo-836-x-523-px-1.png","datePublished":"2024-06-03T15:37:57+00:00","breadcrumb":{"@id":"https:\/\/www.manquecura.cl\/ciudad-del-este\/noticias\/cognita-student-challeng-competencia-internacional\/#breadcrumb"},"inLanguage":"es","potentialAction":[{"@type":"ReadAction","target":["https:\/\/www.manquecura.cl\/ciudad-del-este\/noticias\/cognita-student-challeng-competencia-internacional\/"]}]},{"@type":"ImageObject","inLanguage":"es","@id":"https:\/\/www.manquecura.cl\/ciudad-del-este\/noticias\/cognita-student-challeng-competencia-internacional\/#primaryimage","url":"https:\/\/www.manquecura.cl\/ciudad-del-este\/wp-content\/uploads\/sites\/41\/2024\/06\/Sin-titulo-836-x-523-px-1.png","contentUrl":"https:\/\/www.manquecura.cl\/ciudad-del-este\/wp-content\/uploads\/sites\/41\/2024\/06\/Sin-titulo-836-x-523-px-1.png","width":836,"height":523},{"@type":"BreadcrumbList","@id":"https:\/\/www.manquecura.cl\/ciudad-del-este\/noticias\/cognita-student-challeng-competencia-internacional\/#breadcrumb","itemListElement":[{"@type":"ListItem","position":1,"name":"Home","item":"https:\/\/www.manquecura.cl\/ciudad-del-este\/"},{"@type":"ListItem","position":2,"name":"COGNITA STUDENT CHALLENG: COMPETENCIA INTERNACIONAL"}]},{"@type":"WebSite","@id":"https:\/\/www.manquecura.cl\/ciudad-del-este\/#website","url":"https:\/\/www.manquecura.cl\/ciudad-del-este\/","name":"Colegio Manquecura Ciudad del Este","description":"","publisher":{"@id":"https:\/\/www.manquecura.cl\/ciudad-del-este\/#organization"},"potentialAction":[{"@type":"SearchAction","target":{"@type":"EntryPoint","urlTemplate":"https:\/\/www.manquecura.cl\/ciudad-del-este\/?s={search_term_string}"},"query-input":{"@type":"PropertyValueSpecification","valueRequired":true,"valueName":"search_term_string"}}],"inLanguage":"es"},{"@type":"Organization","@id":"https:\/\/www.manquecura.cl\/ciudad-del-este\/#organization","name":"Colegio Manquecura Ciudad del Este","url":"https:\/\/www.manquecura.cl\/ciudad-del-este\/","logo":{"@type":"ImageObject","inLanguage":"es","@id":"https:\/\/www.manquecura.cl\/ciudad-del-este\/#\/schema\/logo\/image\/","url":"https:\/\/www.manquecura.cl\/ciudad-del-este\/wp-content\/uploads\/sites\/41\/2023\/09\/logo_Manquecura_Ciudad-del-Este_horizontal_color-1.png","contentUrl":"https:\/\/www.manquecura.cl\/ciudad-del-este\/wp-content\/uploads\/sites\/41\/2023\/09\/logo_Manquecura_Ciudad-del-Este_horizontal_color-1.png","width":611,"height":183,"caption":"Colegio Manquecura Ciudad del Este"},"image":{"@id":"https:\/\/www.manquecura.cl\/ciudad-del-este\/#\/schema\/logo\/image\/"},"sameAs":["http:\/\/www.facebook.com\/ColegiosManquecura","http:\/\/www.instagram.com\/manquecura_ciudaddeleste\/","http:\/\/www.youtube.com\/c\/CognitaChile"]},{"@type":"Person","@id":"https:\/\/www.manquecura.cl\/ciudad-del-este\/#\/schema\/person\/0debeea140e397b5d490ee7e553255d8","name":"jorgedelcampo","image":{"@type":"ImageObject","inLanguage":"es","@id":"https:\/\/www.manquecura.cl\/ciudad-del-este\/#\/schema\/person\/image\/","url":"https:\/\/secure.gravatar.com\/avatar\/4a315f521213b2dc91dbda9bf799f711c8a98ab6f5606ec42cf5b33d1e762e8a?s=96&d=mm&r=g","contentUrl":"https:\/\/secure.gravatar.com\/avatar\/4a315f521213b2dc91dbda9bf799f711c8a98ab6f5606ec42cf5b33d1e762e8a?s=96&d=mm&r=g","caption":"jorgedelcampo"}}]}},"jetpack_featured_media_url":"https:\/\/www.manquecura.cl\/ciudad-del-este\/wp-content\/uploads\/sites\/41\/2024\/06\/Sin-titulo-836-x-523-px-1.png","previous_post_ID":25345,"previous_post_title":"\u00a1RECUERDA DEVOLVER TUS LIBROS A TIEMPO!","previous_post_excerpt":"&nbsp; Estimada Comunidad: Se informa a todos los estudiantes y apoderados que la fecha l\u00edmite para la devoluci\u00f3n de los libros prestados es el 19 de junio de 2024. Esta medida es fundamental para asegurar que todos los estudiantes puedan acceder a los recursos disponibles y mantener en circulaci\u00f3n los ejemplares m\u00e1s utilizados. En caso [&hellip;]","previous_post_link":"https:\/\/www.manquecura.cl\/ciudad-del-este\/noticias\/recuerda-devolver-tus-libros-a-tiempo\/","previous_post_class":["post-25345","post","type-post","status-publish","format-standard","has-post-thumbnail","hentry","category-vida-escolar"],"next_post_ID":25380,"next_post_title":"CELEBRACI\u00d3N 5TO BASICOS POR RESULTADOS SIMCE","next_post_excerpt":"&nbsp; Los estudiantes de 5\u00b0 B\u00e1sico celebraron su logro de ser los N\u00b01 en SIMCE 2023 en toda la comuna con un d\u00eda lleno de actividades. Partieron el d\u00eda con una entretenida pel\u00edcula y snacks para disfrutarla con todos sus compa\u00f1eros en el auditorio, seguido por convivencias organizadas con el apoyo de los apoderados, quienes [&hellip;]","next_post_link":"https:\/\/www.manquecura.cl\/ciudad-del-este\/noticias\/celebracion-5to-basicos-por-resultados-simce\/","next_post_class":["post-25380","post","type-post","status-publish","format-standard","has-post-thumbnail","hentry","category-vida-escolar"],"jetpack_sharing_enabled":true,"_links":{"self":[{"href":"https:\/\/www.manquecura.cl\/ciudad-del-este\/wp-json\/wp\/v2\/posts\/25358","targetHints":{"allow":["GET"]}}],"collection":[{"href":"https:\/\/www.manquecura.cl\/ciudad-del-este\/wp-json\/wp\/v2\/posts"}],"about":[{"href":"https:\/\/www.manquecura.cl\/ciudad-del-este\/wp-json\/wp\/v2\/types\/post"}],"author":[{"embeddable":true,"href":"https:\/\/www.manquecura.cl\/ciudad-del-este\/wp-json\/wp\/v2\/users\/14"}],"replies":[{"embeddable":true,"href":"https:\/\/www.manquecura.cl\/ciudad-del-este\/wp-json\/wp\/v2\/comments?post=25358"}],"version-history":[{"count":0,"href":"https:\/\/www.manquecura.cl\/ciudad-del-este\/wp-json\/wp\/v2\/posts\/25358\/revisions"}],"wp:featuredmedia":[{"embeddable":true,"href":"https:\/\/www.manquecura.cl\/ciudad-del-este\/wp-json\/wp\/v2\/media\/25374"}],"wp:attachment":[{"href":"https:\/\/www.manquecura.cl\/ciudad-del-este\/wp-json\/wp\/v2\/media?parent=25358"}],"wp:term":[{"taxonomy":"category","embeddable":true,"href":"https:\/\/www.manquecura.cl\/ciudad-del-este\/wp-json\/wp\/v2\/categories?post=25358"},{"taxonomy":"post_tag","embeddable":true,"href":"https:\/\/www.manquecura.cl\/ciudad-del-este\/wp-json\/wp\/v2\/tags?post=25358"}],"curies":[{"name":"wp","href":"https:\/\/api.w.org\/{rel}","templated":true}]}}