{"id":25345,"date":"2024-06-03T10:21:57","date_gmt":"2024-06-03T14:21:57","guid":{"rendered":"https:\/\/www.manquecura.cl\/ciudad-del-este\/?p=25345"},"modified":"2024-06-03T10:21:57","modified_gmt":"2024-06-03T14:21:57","slug":"recuerda-devolver-tus-libros-a-tiempo","status":"publish","type":"post","link":"https:\/\/www.manquecura.cl\/ciudad-del-este\/noticias\/recuerda-devolver-tus-libros-a-tiempo\/","title":{"rendered":"\u00a1RECUERDA DEVOLVER TUS LIBROS A TIEMPO!"},"content":{"rendered":"<p>&nbsp;<\/p>\n<p>Estimada Comunidad:<\/p>\n<p>Se informa a todos los estudiantes y apoderados que la fecha l\u00edmite para la devoluci\u00f3n de los libros prestados es el <strong>19 de junio de 2024<\/strong>. Esta medida es fundamental para asegurar que todos los estudiantes puedan acceder a los recursos disponibles y mantener en circulaci\u00f3n los ejemplares m\u00e1s utilizados.<\/p>\n<p><strong>En caso de p\u00e9rdida o da\u00f1o (p\u00e9rdida de hojas, cortes, da\u00f1os por rayos, etc.), el estudiante debe proporcionar un libro de las mismas caracter\u00edsticas y en perfectas condiciones o un ejemplar de la lista de lectura complementaria 2024.<\/strong><\/p>\n<p>&nbsp;<\/p>\n<h4 style=\"text-align: center\"><em><strong><a>LISTADO DE LECTURA COMPLEMENTARIA<\/a><\/strong><\/em><\/h4>\n<p>&nbsp;<\/p>\n<p><strong>Procedimiento para Solicitar un Libro en la Biblioteca<\/strong><\/p>\n<ul>\n<li><strong>Solicitud Presencial<\/strong>: El estudiante debe acercarse a la biblioteca del colegio, donde nuestra bibliotecaria estar\u00e1 disponible para asistirlo y orientarlo en su solicitud. Deber\u00e1 indicar el nombre del libro que necesita, junto con su curso, nombre y apellidos.<\/li>\n<li><strong>Registro de la Solicitud:<\/strong> Una vez realizada la solicitud, esta quedar\u00e1 registrada en nuestros sistemas. El estudiante recibir\u00e1 un comprobante con la fecha de devoluci\u00f3n o una extensi\u00f3n de tiempo en caso de renovaci\u00f3n.<\/li>\n<li><strong>Devoluci\u00f3n y Renovaci\u00f3n<\/strong>: El estudiante debe devolver el libro en el tiempo indicado o renovarlo antes de la fecha de vencimiento. El sistema no permitir\u00e1 realizar nuevos pr\u00e9stamos teniendo dos libros en vigencia y ninguno se encuentre con fecha de entrega vencida.<\/li>\n<li><strong>Uso Dentro de la Biblioteca<\/strong>: Los textos utilizados \u00fanicamente dentro de la biblioteca deben ser solicitados a la bibliotecaria. Despu\u00e9s de usarlos, deben ser depositados en el buz\u00f3n de libros o entregados en el mes\u00f3n de la biblioteca.<\/li>\n<\/ul>\n<p>La administraci\u00f3n de la biblioteca agradece la cooperaci\u00f3n de todos los usuarios en este asunto. Mantener la biblioteca en las mejores condiciones posibles es una prioridad, y esto incluye la disponibilidad continua de los libros m\u00e1s demandados por los estudiantes.<\/p>\n<p>Para cualquier consulta adicional, no duden en ponerse en contacto con nuestra Bibliotecaria, Carmen Elizondo, al correo\u00a0<a href=\"mailto:carmen.elizondo@colegiomanquecura.cl\" data-linkindex=\"2\">carmen.elizondo@colegiomanquecura.cl<\/a><\/p>\n<p><em><strong>Recuerda que la lectura no solo abre puertas al conocimiento, sino que tambi\u00e9n fomenta la responsabilidad. Devuelve los libros a tiempo y permite que otros disfruten del maravilloso mundo de los libros.<\/strong><\/em><\/p>\n<p>&nbsp;<\/p>\n"},"excerpt":{"rendered":"<p>&nbsp; Estimada Comunidad: Se informa a todos los estudiantes y apoderados que la fecha l\u00edmite para la devoluci\u00f3n de los libros prestados es el 19 de junio de 2024. Esta medida es fundamental para asegurar que todos los estudiantes puedan acceder a los recursos disponibles y mantener en circulaci\u00f3n los ejemplares m\u00e1s utilizados. En caso [&hellip;]<\/p>\n","protected":false},"author":14,"featured_media":25347,"comment_status":"open","ping_status":"open","sticky":false,"template":"","format":"standard","meta":{"_acf_changed":false,"content-type":"","_jetpack_memberships_contains_paid_content":false,"footnotes":""},"categories":[1],"tags":[],"class_list":["post-25345","post","type-post","status-publish","format-standard","has-post-thumbnail","hentry","category-vida-escolar"],"acf":[],"yoast_head":"<!-- This site is optimized with the Yoast SEO plugin v27.1.1 - https:\/\/yoast.com\/product\/yoast-seo-wordpress\/ -->\n<title>\u00a1RECUERDA DEVOLVER TUS LIBROS A TIEMPO! - Colegio Manquecura Ciudad del Este<\/title>\n<meta name=\"robots\" content=\"index, follow, max-snippet:-1, max-image-preview:large, max-video-preview:-1\" \/>\n<link rel=\"canonical\" href=\"https:\/\/www.manquecura.cl\/ciudad-del-este\/noticias\/recuerda-devolver-tus-libros-a-tiempo\/\" \/>\n<meta property=\"og:locale\" content=\"es_ES\" \/>\n<meta property=\"og:type\" content=\"article\" \/>\n<meta property=\"og:title\" content=\"\u00a1RECUERDA DEVOLVER TUS LIBROS A TIEMPO! - Colegio Manquecura Ciudad del Este\" \/>\n<meta property=\"og:description\" content=\"&nbsp; Estimada Comunidad: Se informa a todos los estudiantes y apoderados que la fecha l\u00edmite para la devoluci\u00f3n de los libros prestados es el 19 de junio de 2024. Esta medida es fundamental para asegurar que todos los estudiantes puedan acceder a los recursos disponibles y mantener en circulaci\u00f3n los ejemplares m\u00e1s utilizados. En caso [&hellip;]\" \/>\n<meta property=\"og:url\" content=\"https:\/\/www.manquecura.cl\/ciudad-del-este\/noticias\/recuerda-devolver-tus-libros-a-tiempo\/\" \/>\n<meta property=\"og:site_name\" content=\"Colegio Manquecura Ciudad del Este\" \/>\n<meta property=\"article:publisher\" content=\"http:\/\/www.facebook.com\/ColegiosManquecura\" \/>\n<meta property=\"article:published_time\" content=\"2024-06-03T14:21:57+00:00\" \/>\n<meta property=\"og:image\" content=\"https:\/\/www.manquecura.cl\/ciudad-del-este\/wp-content\/uploads\/sites\/41\/2024\/06\/Libros-sobre-la-mesa-de-la-biblioteca_-_-Foto-Premium-e1717424498684.jpeg\" \/>\n\t<meta property=\"og:image:width\" content=\"625\" \/>\n\t<meta property=\"og:image:height\" content=\"392\" \/>\n\t<meta property=\"og:image:type\" content=\"image\/jpeg\" \/>\n<meta name=\"author\" content=\"jorgedelcampo\" \/>\n<meta name=\"twitter:card\" content=\"summary_large_image\" \/>\n<meta name=\"twitter:label1\" content=\"Escrito por\" \/>\n\t<meta name=\"twitter:data1\" content=\"jorgedelcampo\" \/>\n\t<meta name=\"twitter:label2\" content=\"Tiempo de lectura\" \/>\n\t<meta name=\"twitter:data2\" content=\"2 minutos\" \/>\n<script type=\"application\/ld+json\" class=\"yoast-schema-graph\">{\"@context\":\"https:\/\/schema.org\",\"@graph\":[{\"@type\":\"Article\",\"@id\":\"https:\/\/www.manquecura.cl\/ciudad-del-este\/noticias\/recuerda-devolver-tus-libros-a-tiempo\/#article\",\"isPartOf\":{\"@id\":\"https:\/\/www.manquecura.cl\/ciudad-del-este\/noticias\/recuerda-devolver-tus-libros-a-tiempo\/\"},\"author\":{\"name\":\"jorgedelcampo\",\"@id\":\"https:\/\/www.manquecura.cl\/ciudad-del-este\/#\/schema\/person\/0debeea140e397b5d490ee7e553255d8\"},\"headline\":\"\u00a1RECUERDA DEVOLVER TUS LIBROS A TIEMPO!\",\"datePublished\":\"2024-06-03T14:21:57+00:00\",\"mainEntityOfPage\":{\"@id\":\"https:\/\/www.manquecura.cl\/ciudad-del-este\/noticias\/recuerda-devolver-tus-libros-a-tiempo\/\"},\"wordCount\":376,\"commentCount\":0,\"publisher\":{\"@id\":\"https:\/\/www.manquecura.cl\/ciudad-del-este\/#organization\"},\"image\":{\"@id\":\"https:\/\/www.manquecura.cl\/ciudad-del-este\/noticias\/recuerda-devolver-tus-libros-a-tiempo\/#primaryimage\"},\"thumbnailUrl\":\"https:\/\/www.manquecura.cl\/ciudad-del-este\/wp-content\/uploads\/sites\/41\/2024\/06\/Libros-sobre-la-mesa-de-la-biblioteca_-_-Foto-Premium-e1717424498684.jpeg\",\"articleSection\":[\"Vida Escolar\"],\"inLanguage\":\"es\",\"potentialAction\":[{\"@type\":\"CommentAction\",\"name\":\"Comment\",\"target\":[\"https:\/\/www.manquecura.cl\/ciudad-del-este\/noticias\/recuerda-devolver-tus-libros-a-tiempo\/#respond\"]}]},{\"@type\":\"WebPage\",\"@id\":\"https:\/\/www.manquecura.cl\/ciudad-del-este\/noticias\/recuerda-devolver-tus-libros-a-tiempo\/\",\"url\":\"https:\/\/www.manquecura.cl\/ciudad-del-este\/noticias\/recuerda-devolver-tus-libros-a-tiempo\/\",\"name\":\"\u00a1RECUERDA DEVOLVER TUS LIBROS A TIEMPO! - Colegio Manquecura Ciudad del Este\",\"isPartOf\":{\"@id\":\"https:\/\/www.manquecura.cl\/ciudad-del-este\/#website\"},\"primaryImageOfPage\":{\"@id\":\"https:\/\/www.manquecura.cl\/ciudad-del-este\/noticias\/recuerda-devolver-tus-libros-a-tiempo\/#primaryimage\"},\"image\":{\"@id\":\"https:\/\/www.manquecura.cl\/ciudad-del-este\/noticias\/recuerda-devolver-tus-libros-a-tiempo\/#primaryimage\"},\"thumbnailUrl\":\"https:\/\/www.manquecura.cl\/ciudad-del-este\/wp-content\/uploads\/sites\/41\/2024\/06\/Libros-sobre-la-mesa-de-la-biblioteca_-_-Foto-Premium-e1717424498684.jpeg\",\"datePublished\":\"2024-06-03T14:21:57+00:00\",\"breadcrumb\":{\"@id\":\"https:\/\/www.manquecura.cl\/ciudad-del-este\/noticias\/recuerda-devolver-tus-libros-a-tiempo\/#breadcrumb\"},\"inLanguage\":\"es\",\"potentialAction\":[{\"@type\":\"ReadAction\",\"target\":[\"https:\/\/www.manquecura.cl\/ciudad-del-este\/noticias\/recuerda-devolver-tus-libros-a-tiempo\/\"]}]},{\"@type\":\"ImageObject\",\"inLanguage\":\"es\",\"@id\":\"https:\/\/www.manquecura.cl\/ciudad-del-este\/noticias\/recuerda-devolver-tus-libros-a-tiempo\/#primaryimage\",\"url\":\"https:\/\/www.manquecura.cl\/ciudad-del-este\/wp-content\/uploads\/sites\/41\/2024\/06\/Libros-sobre-la-mesa-de-la-biblioteca_-_-Foto-Premium-e1717424498684.jpeg\",\"contentUrl\":\"https:\/\/www.manquecura.cl\/ciudad-del-este\/wp-content\/uploads\/sites\/41\/2024\/06\/Libros-sobre-la-mesa-de-la-biblioteca_-_-Foto-Premium-e1717424498684.jpeg\",\"width\":625,\"height\":392},{\"@type\":\"BreadcrumbList\",\"@id\":\"https:\/\/www.manquecura.cl\/ciudad-del-este\/noticias\/recuerda-devolver-tus-libros-a-tiempo\/#breadcrumb\",\"itemListElement\":[{\"@type\":\"ListItem\",\"position\":1,\"name\":\"Home\",\"item\":\"https:\/\/www.manquecura.cl\/ciudad-del-este\/\"},{\"@type\":\"ListItem\",\"position\":2,\"name\":\"\u00a1RECUERDA DEVOLVER TUS LIBROS A TIEMPO!\"}]},{\"@type\":\"WebSite\",\"@id\":\"https:\/\/www.manquecura.cl\/ciudad-del-este\/#website\",\"url\":\"https:\/\/www.manquecura.cl\/ciudad-del-este\/\",\"name\":\"Colegio Manquecura Ciudad del Este\",\"description\":\"\",\"publisher\":{\"@id\":\"https:\/\/www.manquecura.cl\/ciudad-del-este\/#organization\"},\"potentialAction\":[{\"@type\":\"SearchAction\",\"target\":{\"@type\":\"EntryPoint\",\"urlTemplate\":\"https:\/\/www.manquecura.cl\/ciudad-del-este\/?s={search_term_string}\"},\"query-input\":{\"@type\":\"PropertyValueSpecification\",\"valueRequired\":true,\"valueName\":\"search_term_string\"}}],\"inLanguage\":\"es\"},{\"@type\":\"Organization\",\"@id\":\"https:\/\/www.manquecura.cl\/ciudad-del-este\/#organization\",\"name\":\"Colegio Manquecura Ciudad del Este\",\"url\":\"https:\/\/www.manquecura.cl\/ciudad-del-este\/\",\"logo\":{\"@type\":\"ImageObject\",\"inLanguage\":\"es\",\"@id\":\"https:\/\/www.manquecura.cl\/ciudad-del-este\/#\/schema\/logo\/image\/\",\"url\":\"https:\/\/www.manquecura.cl\/ciudad-del-este\/wp-content\/uploads\/sites\/41\/2023\/09\/logo_Manquecura_Ciudad-del-Este_horizontal_color-1.png\",\"contentUrl\":\"https:\/\/www.manquecura.cl\/ciudad-del-este\/wp-content\/uploads\/sites\/41\/2023\/09\/logo_Manquecura_Ciudad-del-Este_horizontal_color-1.png\",\"width\":611,\"height\":183,\"caption\":\"Colegio Manquecura Ciudad del Este\"},\"image\":{\"@id\":\"https:\/\/www.manquecura.cl\/ciudad-del-este\/#\/schema\/logo\/image\/\"},\"sameAs\":[\"http:\/\/www.facebook.com\/ColegiosManquecura\",\"http:\/\/www.instagram.com\/manquecura_ciudaddeleste\/\",\"http:\/\/www.youtube.com\/c\/CognitaChile\"]},{\"@type\":\"Person\",\"@id\":\"https:\/\/www.manquecura.cl\/ciudad-del-este\/#\/schema\/person\/0debeea140e397b5d490ee7e553255d8\",\"name\":\"jorgedelcampo\",\"image\":{\"@type\":\"ImageObject\",\"inLanguage\":\"es\",\"@id\":\"https:\/\/www.manquecura.cl\/ciudad-del-este\/#\/schema\/person\/image\/\",\"url\":\"https:\/\/secure.gravatar.com\/avatar\/4a315f521213b2dc91dbda9bf799f711c8a98ab6f5606ec42cf5b33d1e762e8a?s=96&d=mm&r=g\",\"contentUrl\":\"https:\/\/secure.gravatar.com\/avatar\/4a315f521213b2dc91dbda9bf799f711c8a98ab6f5606ec42cf5b33d1e762e8a?s=96&d=mm&r=g\",\"caption\":\"jorgedelcampo\"}}]}<\/script>\n<!-- \/ Yoast SEO plugin. -->","yoast_head_json":{"title":"\u00a1RECUERDA DEVOLVER TUS LIBROS A TIEMPO! - Colegio Manquecura Ciudad del Este","robots":{"index":"index","follow":"follow","max-snippet":"max-snippet:-1","max-image-preview":"max-image-preview:large","max-video-preview":"max-video-preview:-1"},"canonical":"https:\/\/www.manquecura.cl\/ciudad-del-este\/noticias\/recuerda-devolver-tus-libros-a-tiempo\/","og_locale":"es_ES","og_type":"article","og_title":"\u00a1RECUERDA DEVOLVER TUS LIBROS A TIEMPO! - Colegio Manquecura Ciudad del Este","og_description":"&nbsp; Estimada Comunidad: Se informa a todos los estudiantes y apoderados que la fecha l\u00edmite para la devoluci\u00f3n de los libros prestados es el 19 de junio de 2024. Esta medida es fundamental para asegurar que todos los estudiantes puedan acceder a los recursos disponibles y mantener en circulaci\u00f3n los ejemplares m\u00e1s utilizados. En caso [&hellip;]","og_url":"https:\/\/www.manquecura.cl\/ciudad-del-este\/noticias\/recuerda-devolver-tus-libros-a-tiempo\/","og_site_name":"Colegio Manquecura Ciudad del Este","article_publisher":"http:\/\/www.facebook.com\/ColegiosManquecura","article_published_time":"2024-06-03T14:21:57+00:00","og_image":[{"width":625,"height":392,"url":"https:\/\/www.manquecura.cl\/ciudad-del-este\/wp-content\/uploads\/sites\/41\/2024\/06\/Libros-sobre-la-mesa-de-la-biblioteca_-_-Foto-Premium-e1717424498684.jpeg","type":"image\/jpeg"}],"author":"jorgedelcampo","twitter_card":"summary_large_image","twitter_misc":{"Escrito por":"jorgedelcampo","Tiempo de lectura":"2 minutos"},"schema":{"@context":"https:\/\/schema.org","@graph":[{"@type":"Article","@id":"https:\/\/www.manquecura.cl\/ciudad-del-este\/noticias\/recuerda-devolver-tus-libros-a-tiempo\/#article","isPartOf":{"@id":"https:\/\/www.manquecura.cl\/ciudad-del-este\/noticias\/recuerda-devolver-tus-libros-a-tiempo\/"},"author":{"name":"jorgedelcampo","@id":"https:\/\/www.manquecura.cl\/ciudad-del-este\/#\/schema\/person\/0debeea140e397b5d490ee7e553255d8"},"headline":"\u00a1RECUERDA DEVOLVER TUS LIBROS A TIEMPO!","datePublished":"2024-06-03T14:21:57+00:00","mainEntityOfPage":{"@id":"https:\/\/www.manquecura.cl\/ciudad-del-este\/noticias\/recuerda-devolver-tus-libros-a-tiempo\/"},"wordCount":376,"commentCount":0,"publisher":{"@id":"https:\/\/www.manquecura.cl\/ciudad-del-este\/#organization"},"image":{"@id":"https:\/\/www.manquecura.cl\/ciudad-del-este\/noticias\/recuerda-devolver-tus-libros-a-tiempo\/#primaryimage"},"thumbnailUrl":"https:\/\/www.manquecura.cl\/ciudad-del-este\/wp-content\/uploads\/sites\/41\/2024\/06\/Libros-sobre-la-mesa-de-la-biblioteca_-_-Foto-Premium-e1717424498684.jpeg","articleSection":["Vida Escolar"],"inLanguage":"es","potentialAction":[{"@type":"CommentAction","name":"Comment","target":["https:\/\/www.manquecura.cl\/ciudad-del-este\/noticias\/recuerda-devolver-tus-libros-a-tiempo\/#respond"]}]},{"@type":"WebPage","@id":"https:\/\/www.manquecura.cl\/ciudad-del-este\/noticias\/recuerda-devolver-tus-libros-a-tiempo\/","url":"https:\/\/www.manquecura.cl\/ciudad-del-este\/noticias\/recuerda-devolver-tus-libros-a-tiempo\/","name":"\u00a1RECUERDA DEVOLVER TUS LIBROS A TIEMPO! - Colegio Manquecura Ciudad del Este","isPartOf":{"@id":"https:\/\/www.manquecura.cl\/ciudad-del-este\/#website"},"primaryImageOfPage":{"@id":"https:\/\/www.manquecura.cl\/ciudad-del-este\/noticias\/recuerda-devolver-tus-libros-a-tiempo\/#primaryimage"},"image":{"@id":"https:\/\/www.manquecura.cl\/ciudad-del-este\/noticias\/recuerda-devolver-tus-libros-a-tiempo\/#primaryimage"},"thumbnailUrl":"https:\/\/www.manquecura.cl\/ciudad-del-este\/wp-content\/uploads\/sites\/41\/2024\/06\/Libros-sobre-la-mesa-de-la-biblioteca_-_-Foto-Premium-e1717424498684.jpeg","datePublished":"2024-06-03T14:21:57+00:00","breadcrumb":{"@id":"https:\/\/www.manquecura.cl\/ciudad-del-este\/noticias\/recuerda-devolver-tus-libros-a-tiempo\/#breadcrumb"},"inLanguage":"es","potentialAction":[{"@type":"ReadAction","target":["https:\/\/www.manquecura.cl\/ciudad-del-este\/noticias\/recuerda-devolver-tus-libros-a-tiempo\/"]}]},{"@type":"ImageObject","inLanguage":"es","@id":"https:\/\/www.manquecura.cl\/ciudad-del-este\/noticias\/recuerda-devolver-tus-libros-a-tiempo\/#primaryimage","url":"https:\/\/www.manquecura.cl\/ciudad-del-este\/wp-content\/uploads\/sites\/41\/2024\/06\/Libros-sobre-la-mesa-de-la-biblioteca_-_-Foto-Premium-e1717424498684.jpeg","contentUrl":"https:\/\/www.manquecura.cl\/ciudad-del-este\/wp-content\/uploads\/sites\/41\/2024\/06\/Libros-sobre-la-mesa-de-la-biblioteca_-_-Foto-Premium-e1717424498684.jpeg","width":625,"height":392},{"@type":"BreadcrumbList","@id":"https:\/\/www.manquecura.cl\/ciudad-del-este\/noticias\/recuerda-devolver-tus-libros-a-tiempo\/#breadcrumb","itemListElement":[{"@type":"ListItem","position":1,"name":"Home","item":"https:\/\/www.manquecura.cl\/ciudad-del-este\/"},{"@type":"ListItem","position":2,"name":"\u00a1RECUERDA DEVOLVER TUS LIBROS A TIEMPO!"}]},{"@type":"WebSite","@id":"https:\/\/www.manquecura.cl\/ciudad-del-este\/#website","url":"https:\/\/www.manquecura.cl\/ciudad-del-este\/","name":"Colegio Manquecura Ciudad del Este","description":"","publisher":{"@id":"https:\/\/www.manquecura.cl\/ciudad-del-este\/#organization"},"potentialAction":[{"@type":"SearchAction","target":{"@type":"EntryPoint","urlTemplate":"https:\/\/www.manquecura.cl\/ciudad-del-este\/?s={search_term_string}"},"query-input":{"@type":"PropertyValueSpecification","valueRequired":true,"valueName":"search_term_string"}}],"inLanguage":"es"},{"@type":"Organization","@id":"https:\/\/www.manquecura.cl\/ciudad-del-este\/#organization","name":"Colegio Manquecura Ciudad del Este","url":"https:\/\/www.manquecura.cl\/ciudad-del-este\/","logo":{"@type":"ImageObject","inLanguage":"es","@id":"https:\/\/www.manquecura.cl\/ciudad-del-este\/#\/schema\/logo\/image\/","url":"https:\/\/www.manquecura.cl\/ciudad-del-este\/wp-content\/uploads\/sites\/41\/2023\/09\/logo_Manquecura_Ciudad-del-Este_horizontal_color-1.png","contentUrl":"https:\/\/www.manquecura.cl\/ciudad-del-este\/wp-content\/uploads\/sites\/41\/2023\/09\/logo_Manquecura_Ciudad-del-Este_horizontal_color-1.png","width":611,"height":183,"caption":"Colegio Manquecura Ciudad del Este"},"image":{"@id":"https:\/\/www.manquecura.cl\/ciudad-del-este\/#\/schema\/logo\/image\/"},"sameAs":["http:\/\/www.facebook.com\/ColegiosManquecura","http:\/\/www.instagram.com\/manquecura_ciudaddeleste\/","http:\/\/www.youtube.com\/c\/CognitaChile"]},{"@type":"Person","@id":"https:\/\/www.manquecura.cl\/ciudad-del-este\/#\/schema\/person\/0debeea140e397b5d490ee7e553255d8","name":"jorgedelcampo","image":{"@type":"ImageObject","inLanguage":"es","@id":"https:\/\/www.manquecura.cl\/ciudad-del-este\/#\/schema\/person\/image\/","url":"https:\/\/secure.gravatar.com\/avatar\/4a315f521213b2dc91dbda9bf799f711c8a98ab6f5606ec42cf5b33d1e762e8a?s=96&d=mm&r=g","contentUrl":"https:\/\/secure.gravatar.com\/avatar\/4a315f521213b2dc91dbda9bf799f711c8a98ab6f5606ec42cf5b33d1e762e8a?s=96&d=mm&r=g","caption":"jorgedelcampo"}}]}},"jetpack_featured_media_url":"https:\/\/www.manquecura.cl\/ciudad-del-este\/wp-content\/uploads\/sites\/41\/2024\/06\/Libros-sobre-la-mesa-de-la-biblioteca_-_-Foto-Premium-e1717424498684.jpeg","previous_post_ID":25285,"previous_post_title":"\u00a1EMOCIONANTE JORNADA CON BOMBEROS!","previous_post_excerpt":"Siendo parte del Mes de la Seguridad, el pasado 27 de Mayo, nuestros alumnos participaron en una actividad educativa organizada en colaboraci\u00f3n con Bomberos. Durante esta jornada, los estudiantes tuvieron la oportunidad de aprender sobre la labor de la instituci\u00f3n, as\u00ed como tambi\u00e9n se instruyeron en t\u00e9cnicas de rescate, primeros auxilios y el uso y [&hellip;]","previous_post_link":"https:\/\/www.manquecura.cl\/ciudad-del-este\/noticias\/jornada-con-bomberos-en-colegio-manquecura-cde\/","previous_post_class":["post-25285","post","type-post","status-publish","format-standard","has-post-thumbnail","hentry","category-vida-escolar"],"next_post_ID":25358,"next_post_title":"COGNITA STUDENT CHALLENG: COMPETENCIA INTERNACIONAL","next_post_excerpt":"&nbsp; Nos llena de orgullo y alegr\u00eda compartir con ustedes una maravillosa noticia: estudiantes de IV Medio B, han sido seleccionados para participar en el Cognita Student Challenge. Esta competencia, organizada por la red Cognita, busca destacar la excelencia en el aprendizaje pr\u00e1ctico y real, conectando a estudiantes de todo el mundo en proyectos significativos [&hellip;]","next_post_link":"https:\/\/www.manquecura.cl\/ciudad-del-este\/noticias\/cognita-student-challeng-competencia-internacional\/","next_post_class":["post-25358","post","type-post","status-publish","format-standard","has-post-thumbnail","hentry","category-vida-escolar"],"jetpack_sharing_enabled":true,"_links":{"self":[{"href":"https:\/\/www.manquecura.cl\/ciudad-del-este\/wp-json\/wp\/v2\/posts\/25345","targetHints":{"allow":["GET"]}}],"collection":[{"href":"https:\/\/www.manquecura.cl\/ciudad-del-este\/wp-json\/wp\/v2\/posts"}],"about":[{"href":"https:\/\/www.manquecura.cl\/ciudad-del-este\/wp-json\/wp\/v2\/types\/post"}],"author":[{"embeddable":true,"href":"https:\/\/www.manquecura.cl\/ciudad-del-este\/wp-json\/wp\/v2\/users\/14"}],"replies":[{"embeddable":true,"href":"https:\/\/www.manquecura.cl\/ciudad-del-este\/wp-json\/wp\/v2\/comments?post=25345"}],"version-history":[{"count":0,"href":"https:\/\/www.manquecura.cl\/ciudad-del-este\/wp-json\/wp\/v2\/posts\/25345\/revisions"}],"wp:featuredmedia":[{"embeddable":true,"href":"https:\/\/www.manquecura.cl\/ciudad-del-este\/wp-json\/wp\/v2\/media\/25347"}],"wp:attachment":[{"href":"https:\/\/www.manquecura.cl\/ciudad-del-este\/wp-json\/wp\/v2\/media?parent=25345"}],"wp:term":[{"taxonomy":"category","embeddable":true,"href":"https:\/\/www.manquecura.cl\/ciudad-del-este\/wp-json\/wp\/v2\/categories?post=25345"},{"taxonomy":"post_tag","embeddable":true,"href":"https:\/\/www.manquecura.cl\/ciudad-del-este\/wp-json\/wp\/v2\/tags?post=25345"}],"curies":[{"name":"wp","href":"https:\/\/api.w.org\/{rel}","templated":true}]}}