{"id":25269,"date":"2024-05-25T15:50:24","date_gmt":"2024-05-25T19:50:24","guid":{"rendered":"https:\/\/www.manquecura.cl\/ciudad-del-este\/?p=25269"},"modified":"2024-05-25T15:50:24","modified_gmt":"2024-05-25T19:50:24","slug":"mayo-mes-de-la-seguridad","status":"publish","type":"post","link":"https:\/\/www.manquecura.cl\/ciudad-del-este\/noticias\/mayo-mes-de-la-seguridad\/","title":{"rendered":"MAYO: \u00a1MES DE LA SEGURIDAD!"},"content":{"rendered":"<p>Este a\u00f1o nuevamente celebramos en mayo el <strong>Mes de la Seguridad<\/strong>, instancia que busca reforzar nuestro compromiso con el bienestar y la seguridad; fortalecer las medidas de prevenci\u00f3n en nuestra comunidad, y difundir el trabajo coordinado que hoy realizan las \u00e1reas de <strong>Prevenci\u00f3n de Riesgos, Primeros Auxilios y Salvaguarda.<\/strong><\/p>\n<p>Durante este mes hemos realizado diferentes actividades para poder afianzar los conceptos de prevenci\u00f3n y seguridad en nuestros estudiantes, familias y colaboradores, actividades como:<\/p>\n<ul>\n<li>Concursos para estudiantes e intervenciones en salas de clases con participaci\u00f3n de alumnos, profesores y Encargado de Seguridad del Alumno.<\/li>\n<li>Charla Online sobre el &#8221; Sistemas de Retenci\u00f3n Infantil&#8221;, a cargo de Sergio Rendich, pediatra y presidente del Comit\u00e9 de Seguridad del Ni\u00f1o Pasajero de la Sociedad Chilena de Pediatr\u00eda.<\/li>\n<li>Educaci\u00f3n vial a cargo de Carabineros dirigido a estudiantes de k\u00ednder.<\/li>\n<li>Capacitaci\u00f3n campa\u00f1a porrazo de la ACHS para colaboradores a cargo de Comit\u00e9 Paritario.<\/li>\n<li>Soporte vital b\u00e1sico y funci\u00f3n de bomberos en rescates dirigido a estudiantes de III medios.<\/li>\n<li>Muestra de material mayor y menor (carros y herramientas), en colaboraci\u00f3n con Bomberos dirigidos para estudiantes del ciclo de educaci\u00f3n de p\u00e1rvulos, primero y segundo b\u00e1sico.<\/li>\n<li>Charlas de Responsabilidad Civil y Penal para adolescentes dictada por Carabineros, orientadas a los estudiantes de II\u00b0 medio.<\/li>\n<li>Este 28 de mayo, 19 horas, Charla Online: &#8220;Convivencia Vial&#8221;, dictada por Luz Infante, directora de CONASET.<\/li>\n<\/ul>\n<p>Gracias a la participaci\u00f3n activa de toda nuestra comunidad, hemos logrado generar conciencia sobre la importancia de la seguridad en cada \u00e1mbito de nuestra vida. Continuemos trabajando juntos para mantener un entorno seguro y saludable para todos.<\/p>\n<p><strong>\u00a1Sigamos construyendo una cultura de prevenci\u00f3n y cuidado!<\/strong><\/p>\n"},"excerpt":{"rendered":"<p>Este a\u00f1o nuevamente celebramos en mayo el Mes de la Seguridad, instancia que busca reforzar nuestro compromiso con el bienestar y la seguridad; fortalecer las medidas de prevenci\u00f3n en nuestra comunidad, y difundir el trabajo coordinado que hoy realizan las \u00e1reas de Prevenci\u00f3n de Riesgos, Primeros Auxilios y Salvaguarda. Durante este mes hemos realizado diferentes [&hellip;]<\/p>\n","protected":false},"author":14,"featured_media":25270,"comment_status":"open","ping_status":"open","sticky":false,"template":"","format":"standard","meta":{"_acf_changed":false,"content-type":"","_jetpack_memberships_contains_paid_content":false,"footnotes":""},"categories":[1],"tags":[],"class_list":["post-25269","post","type-post","status-publish","format-standard","has-post-thumbnail","hentry","category-vida-escolar"],"acf":[],"yoast_head":"<!-- This site is optimized with the Yoast SEO plugin v27.1.1 - https:\/\/yoast.com\/product\/yoast-seo-wordpress\/ -->\n<title>MAYO: \u00a1MES DE LA SEGURIDAD! - Colegio Manquecura Ciudad del Este<\/title>\n<meta name=\"robots\" content=\"index, follow, max-snippet:-1, max-image-preview:large, max-video-preview:-1\" \/>\n<link rel=\"canonical\" href=\"https:\/\/www.manquecura.cl\/ciudad-del-este\/noticias\/mayo-mes-de-la-seguridad\/\" \/>\n<meta property=\"og:locale\" content=\"es_ES\" \/>\n<meta property=\"og:type\" content=\"article\" \/>\n<meta property=\"og:title\" content=\"MAYO: \u00a1MES DE LA SEGURIDAD! - Colegio Manquecura Ciudad del Este\" \/>\n<meta property=\"og:description\" content=\"Este a\u00f1o nuevamente celebramos en mayo el Mes de la Seguridad, instancia que busca reforzar nuestro compromiso con el bienestar y la seguridad; fortalecer las medidas de prevenci\u00f3n en nuestra comunidad, y difundir el trabajo coordinado que hoy realizan las \u00e1reas de Prevenci\u00f3n de Riesgos, Primeros Auxilios y Salvaguarda. Durante este mes hemos realizado diferentes [&hellip;]\" \/>\n<meta property=\"og:url\" content=\"https:\/\/www.manquecura.cl\/ciudad-del-este\/noticias\/mayo-mes-de-la-seguridad\/\" \/>\n<meta property=\"og:site_name\" content=\"Colegio Manquecura Ciudad del Este\" \/>\n<meta property=\"article:publisher\" content=\"http:\/\/www.facebook.com\/ColegiosManquecura\" \/>\n<meta property=\"article:published_time\" content=\"2024-05-25T19:50:24+00:00\" \/>\n<meta property=\"og:image\" content=\"https:\/\/www.manquecura.cl\/ciudad-del-este\/wp-content\/uploads\/sites\/41\/2024\/05\/Imagen-de-WhatsApp-2024-05-23-a-las-14.35.56_aecfd388-e1716666333248.jpg\" \/>\n\t<meta property=\"og:image:width\" content=\"1600\" \/>\n\t<meta property=\"og:image:height\" content=\"1002\" \/>\n\t<meta property=\"og:image:type\" content=\"image\/jpeg\" \/>\n<meta name=\"author\" content=\"jorgedelcampo\" \/>\n<meta name=\"twitter:card\" content=\"summary_large_image\" \/>\n<meta name=\"twitter:label1\" content=\"Escrito por\" \/>\n\t<meta name=\"twitter:data1\" content=\"jorgedelcampo\" \/>\n\t<meta name=\"twitter:label2\" content=\"Tiempo de lectura\" \/>\n\t<meta name=\"twitter:data2\" content=\"2 minutos\" \/>\n<script type=\"application\/ld+json\" class=\"yoast-schema-graph\">{\"@context\":\"https:\/\/schema.org\",\"@graph\":[{\"@type\":\"Article\",\"@id\":\"https:\/\/www.manquecura.cl\/ciudad-del-este\/noticias\/mayo-mes-de-la-seguridad\/#article\",\"isPartOf\":{\"@id\":\"https:\/\/www.manquecura.cl\/ciudad-del-este\/noticias\/mayo-mes-de-la-seguridad\/\"},\"author\":{\"name\":\"jorgedelcampo\",\"@id\":\"https:\/\/www.manquecura.cl\/ciudad-del-este\/#\/schema\/person\/0debeea140e397b5d490ee7e553255d8\"},\"headline\":\"MAYO: \u00a1MES DE LA SEGURIDAD!\",\"datePublished\":\"2024-05-25T19:50:24+00:00\",\"mainEntityOfPage\":{\"@id\":\"https:\/\/www.manquecura.cl\/ciudad-del-este\/noticias\/mayo-mes-de-la-seguridad\/\"},\"wordCount\":290,\"commentCount\":0,\"publisher\":{\"@id\":\"https:\/\/www.manquecura.cl\/ciudad-del-este\/#organization\"},\"image\":{\"@id\":\"https:\/\/www.manquecura.cl\/ciudad-del-este\/noticias\/mayo-mes-de-la-seguridad\/#primaryimage\"},\"thumbnailUrl\":\"https:\/\/www.manquecura.cl\/ciudad-del-este\/wp-content\/uploads\/sites\/41\/2024\/05\/Imagen-de-WhatsApp-2024-05-23-a-las-14.35.56_aecfd388-e1716666333248.jpg\",\"articleSection\":[\"Vida Escolar\"],\"inLanguage\":\"es\",\"potentialAction\":[{\"@type\":\"CommentAction\",\"name\":\"Comment\",\"target\":[\"https:\/\/www.manquecura.cl\/ciudad-del-este\/noticias\/mayo-mes-de-la-seguridad\/#respond\"]}]},{\"@type\":\"WebPage\",\"@id\":\"https:\/\/www.manquecura.cl\/ciudad-del-este\/noticias\/mayo-mes-de-la-seguridad\/\",\"url\":\"https:\/\/www.manquecura.cl\/ciudad-del-este\/noticias\/mayo-mes-de-la-seguridad\/\",\"name\":\"MAYO: \u00a1MES DE LA SEGURIDAD! - Colegio Manquecura Ciudad del Este\",\"isPartOf\":{\"@id\":\"https:\/\/www.manquecura.cl\/ciudad-del-este\/#website\"},\"primaryImageOfPage\":{\"@id\":\"https:\/\/www.manquecura.cl\/ciudad-del-este\/noticias\/mayo-mes-de-la-seguridad\/#primaryimage\"},\"image\":{\"@id\":\"https:\/\/www.manquecura.cl\/ciudad-del-este\/noticias\/mayo-mes-de-la-seguridad\/#primaryimage\"},\"thumbnailUrl\":\"https:\/\/www.manquecura.cl\/ciudad-del-este\/wp-content\/uploads\/sites\/41\/2024\/05\/Imagen-de-WhatsApp-2024-05-23-a-las-14.35.56_aecfd388-e1716666333248.jpg\",\"datePublished\":\"2024-05-25T19:50:24+00:00\",\"breadcrumb\":{\"@id\":\"https:\/\/www.manquecura.cl\/ciudad-del-este\/noticias\/mayo-mes-de-la-seguridad\/#breadcrumb\"},\"inLanguage\":\"es\",\"potentialAction\":[{\"@type\":\"ReadAction\",\"target\":[\"https:\/\/www.manquecura.cl\/ciudad-del-este\/noticias\/mayo-mes-de-la-seguridad\/\"]}]},{\"@type\":\"ImageObject\",\"inLanguage\":\"es\",\"@id\":\"https:\/\/www.manquecura.cl\/ciudad-del-este\/noticias\/mayo-mes-de-la-seguridad\/#primaryimage\",\"url\":\"https:\/\/www.manquecura.cl\/ciudad-del-este\/wp-content\/uploads\/sites\/41\/2024\/05\/Imagen-de-WhatsApp-2024-05-23-a-las-14.35.56_aecfd388-e1716666333248.jpg\",\"contentUrl\":\"https:\/\/www.manquecura.cl\/ciudad-del-este\/wp-content\/uploads\/sites\/41\/2024\/05\/Imagen-de-WhatsApp-2024-05-23-a-las-14.35.56_aecfd388-e1716666333248.jpg\",\"width\":1600,\"height\":1002},{\"@type\":\"BreadcrumbList\",\"@id\":\"https:\/\/www.manquecura.cl\/ciudad-del-este\/noticias\/mayo-mes-de-la-seguridad\/#breadcrumb\",\"itemListElement\":[{\"@type\":\"ListItem\",\"position\":1,\"name\":\"Home\",\"item\":\"https:\/\/www.manquecura.cl\/ciudad-del-este\/\"},{\"@type\":\"ListItem\",\"position\":2,\"name\":\"MAYO: \u00a1MES DE LA SEGURIDAD!\"}]},{\"@type\":\"WebSite\",\"@id\":\"https:\/\/www.manquecura.cl\/ciudad-del-este\/#website\",\"url\":\"https:\/\/www.manquecura.cl\/ciudad-del-este\/\",\"name\":\"Colegio Manquecura Ciudad del Este\",\"description\":\"\",\"publisher\":{\"@id\":\"https:\/\/www.manquecura.cl\/ciudad-del-este\/#organization\"},\"potentialAction\":[{\"@type\":\"SearchAction\",\"target\":{\"@type\":\"EntryPoint\",\"urlTemplate\":\"https:\/\/www.manquecura.cl\/ciudad-del-este\/?s={search_term_string}\"},\"query-input\":{\"@type\":\"PropertyValueSpecification\",\"valueRequired\":true,\"valueName\":\"search_term_string\"}}],\"inLanguage\":\"es\"},{\"@type\":\"Organization\",\"@id\":\"https:\/\/www.manquecura.cl\/ciudad-del-este\/#organization\",\"name\":\"Colegio Manquecura Ciudad del Este\",\"url\":\"https:\/\/www.manquecura.cl\/ciudad-del-este\/\",\"logo\":{\"@type\":\"ImageObject\",\"inLanguage\":\"es\",\"@id\":\"https:\/\/www.manquecura.cl\/ciudad-del-este\/#\/schema\/logo\/image\/\",\"url\":\"https:\/\/www.manquecura.cl\/ciudad-del-este\/wp-content\/uploads\/sites\/41\/2023\/09\/logo_Manquecura_Ciudad-del-Este_horizontal_color-1.png\",\"contentUrl\":\"https:\/\/www.manquecura.cl\/ciudad-del-este\/wp-content\/uploads\/sites\/41\/2023\/09\/logo_Manquecura_Ciudad-del-Este_horizontal_color-1.png\",\"width\":611,\"height\":183,\"caption\":\"Colegio Manquecura Ciudad del Este\"},\"image\":{\"@id\":\"https:\/\/www.manquecura.cl\/ciudad-del-este\/#\/schema\/logo\/image\/\"},\"sameAs\":[\"http:\/\/www.facebook.com\/ColegiosManquecura\",\"http:\/\/www.instagram.com\/manquecura_ciudaddeleste\/\",\"http:\/\/www.youtube.com\/c\/CognitaChile\"]},{\"@type\":\"Person\",\"@id\":\"https:\/\/www.manquecura.cl\/ciudad-del-este\/#\/schema\/person\/0debeea140e397b5d490ee7e553255d8\",\"name\":\"jorgedelcampo\",\"image\":{\"@type\":\"ImageObject\",\"inLanguage\":\"es\",\"@id\":\"https:\/\/www.manquecura.cl\/ciudad-del-este\/#\/schema\/person\/image\/\",\"url\":\"https:\/\/secure.gravatar.com\/avatar\/4a315f521213b2dc91dbda9bf799f711c8a98ab6f5606ec42cf5b33d1e762e8a?s=96&d=mm&r=g\",\"contentUrl\":\"https:\/\/secure.gravatar.com\/avatar\/4a315f521213b2dc91dbda9bf799f711c8a98ab6f5606ec42cf5b33d1e762e8a?s=96&d=mm&r=g\",\"caption\":\"jorgedelcampo\"}}]}<\/script>\n<!-- \/ Yoast SEO plugin. -->","yoast_head_json":{"title":"MAYO: \u00a1MES DE LA SEGURIDAD! - Colegio Manquecura Ciudad del Este","robots":{"index":"index","follow":"follow","max-snippet":"max-snippet:-1","max-image-preview":"max-image-preview:large","max-video-preview":"max-video-preview:-1"},"canonical":"https:\/\/www.manquecura.cl\/ciudad-del-este\/noticias\/mayo-mes-de-la-seguridad\/","og_locale":"es_ES","og_type":"article","og_title":"MAYO: \u00a1MES DE LA SEGURIDAD! - Colegio Manquecura Ciudad del Este","og_description":"Este a\u00f1o nuevamente celebramos en mayo el Mes de la Seguridad, instancia que busca reforzar nuestro compromiso con el bienestar y la seguridad; fortalecer las medidas de prevenci\u00f3n en nuestra comunidad, y difundir el trabajo coordinado que hoy realizan las \u00e1reas de Prevenci\u00f3n de Riesgos, Primeros Auxilios y Salvaguarda. Durante este mes hemos realizado diferentes [&hellip;]","og_url":"https:\/\/www.manquecura.cl\/ciudad-del-este\/noticias\/mayo-mes-de-la-seguridad\/","og_site_name":"Colegio Manquecura Ciudad del Este","article_publisher":"http:\/\/www.facebook.com\/ColegiosManquecura","article_published_time":"2024-05-25T19:50:24+00:00","og_image":[{"width":1600,"height":1002,"url":"https:\/\/www.manquecura.cl\/ciudad-del-este\/wp-content\/uploads\/sites\/41\/2024\/05\/Imagen-de-WhatsApp-2024-05-23-a-las-14.35.56_aecfd388-e1716666333248.jpg","type":"image\/jpeg"}],"author":"jorgedelcampo","twitter_card":"summary_large_image","twitter_misc":{"Escrito por":"jorgedelcampo","Tiempo de lectura":"2 minutos"},"schema":{"@context":"https:\/\/schema.org","@graph":[{"@type":"Article","@id":"https:\/\/www.manquecura.cl\/ciudad-del-este\/noticias\/mayo-mes-de-la-seguridad\/#article","isPartOf":{"@id":"https:\/\/www.manquecura.cl\/ciudad-del-este\/noticias\/mayo-mes-de-la-seguridad\/"},"author":{"name":"jorgedelcampo","@id":"https:\/\/www.manquecura.cl\/ciudad-del-este\/#\/schema\/person\/0debeea140e397b5d490ee7e553255d8"},"headline":"MAYO: \u00a1MES DE LA SEGURIDAD!","datePublished":"2024-05-25T19:50:24+00:00","mainEntityOfPage":{"@id":"https:\/\/www.manquecura.cl\/ciudad-del-este\/noticias\/mayo-mes-de-la-seguridad\/"},"wordCount":290,"commentCount":0,"publisher":{"@id":"https:\/\/www.manquecura.cl\/ciudad-del-este\/#organization"},"image":{"@id":"https:\/\/www.manquecura.cl\/ciudad-del-este\/noticias\/mayo-mes-de-la-seguridad\/#primaryimage"},"thumbnailUrl":"https:\/\/www.manquecura.cl\/ciudad-del-este\/wp-content\/uploads\/sites\/41\/2024\/05\/Imagen-de-WhatsApp-2024-05-23-a-las-14.35.56_aecfd388-e1716666333248.jpg","articleSection":["Vida Escolar"],"inLanguage":"es","potentialAction":[{"@type":"CommentAction","name":"Comment","target":["https:\/\/www.manquecura.cl\/ciudad-del-este\/noticias\/mayo-mes-de-la-seguridad\/#respond"]}]},{"@type":"WebPage","@id":"https:\/\/www.manquecura.cl\/ciudad-del-este\/noticias\/mayo-mes-de-la-seguridad\/","url":"https:\/\/www.manquecura.cl\/ciudad-del-este\/noticias\/mayo-mes-de-la-seguridad\/","name":"MAYO: \u00a1MES DE LA SEGURIDAD! - Colegio Manquecura Ciudad del Este","isPartOf":{"@id":"https:\/\/www.manquecura.cl\/ciudad-del-este\/#website"},"primaryImageOfPage":{"@id":"https:\/\/www.manquecura.cl\/ciudad-del-este\/noticias\/mayo-mes-de-la-seguridad\/#primaryimage"},"image":{"@id":"https:\/\/www.manquecura.cl\/ciudad-del-este\/noticias\/mayo-mes-de-la-seguridad\/#primaryimage"},"thumbnailUrl":"https:\/\/www.manquecura.cl\/ciudad-del-este\/wp-content\/uploads\/sites\/41\/2024\/05\/Imagen-de-WhatsApp-2024-05-23-a-las-14.35.56_aecfd388-e1716666333248.jpg","datePublished":"2024-05-25T19:50:24+00:00","breadcrumb":{"@id":"https:\/\/www.manquecura.cl\/ciudad-del-este\/noticias\/mayo-mes-de-la-seguridad\/#breadcrumb"},"inLanguage":"es","potentialAction":[{"@type":"ReadAction","target":["https:\/\/www.manquecura.cl\/ciudad-del-este\/noticias\/mayo-mes-de-la-seguridad\/"]}]},{"@type":"ImageObject","inLanguage":"es","@id":"https:\/\/www.manquecura.cl\/ciudad-del-este\/noticias\/mayo-mes-de-la-seguridad\/#primaryimage","url":"https:\/\/www.manquecura.cl\/ciudad-del-este\/wp-content\/uploads\/sites\/41\/2024\/05\/Imagen-de-WhatsApp-2024-05-23-a-las-14.35.56_aecfd388-e1716666333248.jpg","contentUrl":"https:\/\/www.manquecura.cl\/ciudad-del-este\/wp-content\/uploads\/sites\/41\/2024\/05\/Imagen-de-WhatsApp-2024-05-23-a-las-14.35.56_aecfd388-e1716666333248.jpg","width":1600,"height":1002},{"@type":"BreadcrumbList","@id":"https:\/\/www.manquecura.cl\/ciudad-del-este\/noticias\/mayo-mes-de-la-seguridad\/#breadcrumb","itemListElement":[{"@type":"ListItem","position":1,"name":"Home","item":"https:\/\/www.manquecura.cl\/ciudad-del-este\/"},{"@type":"ListItem","position":2,"name":"MAYO: \u00a1MES DE LA SEGURIDAD!"}]},{"@type":"WebSite","@id":"https:\/\/www.manquecura.cl\/ciudad-del-este\/#website","url":"https:\/\/www.manquecura.cl\/ciudad-del-este\/","name":"Colegio Manquecura Ciudad del Este","description":"","publisher":{"@id":"https:\/\/www.manquecura.cl\/ciudad-del-este\/#organization"},"potentialAction":[{"@type":"SearchAction","target":{"@type":"EntryPoint","urlTemplate":"https:\/\/www.manquecura.cl\/ciudad-del-este\/?s={search_term_string}"},"query-input":{"@type":"PropertyValueSpecification","valueRequired":true,"valueName":"search_term_string"}}],"inLanguage":"es"},{"@type":"Organization","@id":"https:\/\/www.manquecura.cl\/ciudad-del-este\/#organization","name":"Colegio Manquecura Ciudad del Este","url":"https:\/\/www.manquecura.cl\/ciudad-del-este\/","logo":{"@type":"ImageObject","inLanguage":"es","@id":"https:\/\/www.manquecura.cl\/ciudad-del-este\/#\/schema\/logo\/image\/","url":"https:\/\/www.manquecura.cl\/ciudad-del-este\/wp-content\/uploads\/sites\/41\/2023\/09\/logo_Manquecura_Ciudad-del-Este_horizontal_color-1.png","contentUrl":"https:\/\/www.manquecura.cl\/ciudad-del-este\/wp-content\/uploads\/sites\/41\/2023\/09\/logo_Manquecura_Ciudad-del-Este_horizontal_color-1.png","width":611,"height":183,"caption":"Colegio Manquecura Ciudad del Este"},"image":{"@id":"https:\/\/www.manquecura.cl\/ciudad-del-este\/#\/schema\/logo\/image\/"},"sameAs":["http:\/\/www.facebook.com\/ColegiosManquecura","http:\/\/www.instagram.com\/manquecura_ciudaddeleste\/","http:\/\/www.youtube.com\/c\/CognitaChile"]},{"@type":"Person","@id":"https:\/\/www.manquecura.cl\/ciudad-del-este\/#\/schema\/person\/0debeea140e397b5d490ee7e553255d8","name":"jorgedelcampo","image":{"@type":"ImageObject","inLanguage":"es","@id":"https:\/\/www.manquecura.cl\/ciudad-del-este\/#\/schema\/person\/image\/","url":"https:\/\/secure.gravatar.com\/avatar\/4a315f521213b2dc91dbda9bf799f711c8a98ab6f5606ec42cf5b33d1e762e8a?s=96&d=mm&r=g","contentUrl":"https:\/\/secure.gravatar.com\/avatar\/4a315f521213b2dc91dbda9bf799f711c8a98ab6f5606ec42cf5b33d1e762e8a?s=96&d=mm&r=g","caption":"jorgedelcampo"}}]}},"jetpack_featured_media_url":"https:\/\/www.manquecura.cl\/ciudad-del-este\/wp-content\/uploads\/sites\/41\/2024\/05\/Imagen-de-WhatsApp-2024-05-23-a-las-14.35.56_aecfd388-e1716666333248.jpg","previous_post_ID":25227,"previous_post_title":"CELEBRACI\u00d3N D\u00cdA DEL ESTUDIANTE","previous_post_excerpt":"El pasado 10 de mayo, nuestra comunidad educativa se reuni\u00f3 para celebrar de manera especial el D\u00eda del Estudiante, con una jornada llena de actividades l\u00fadicas y entretenidas que dejaron a todos los participantes con una sonrisa en el rostro. La alegr\u00eda se hizo presente con una vibrante batucada patrocinada por el CAMPUR General de [&hellip;]","previous_post_link":"https:\/\/www.manquecura.cl\/ciudad-del-este\/noticias\/celebracion-dia-del-estudiante\/","previous_post_class":["post-25227","post","type-post","status-publish","format-standard","has-post-thumbnail","hentry","category-vida-escolar"],"next_post_ID":25285,"next_post_title":"\u00a1EMOCIONANTE JORNADA CON BOMBEROS!","next_post_excerpt":"Siendo parte del Mes de la Seguridad, el pasado 27 de Mayo, nuestros alumnos participaron en una actividad educativa organizada en colaboraci\u00f3n con Bomberos. Durante esta jornada, los estudiantes tuvieron la oportunidad de aprender sobre la labor de la instituci\u00f3n, as\u00ed como tambi\u00e9n se instruyeron en t\u00e9cnicas de rescate, primeros auxilios y el uso y [&hellip;]","next_post_link":"https:\/\/www.manquecura.cl\/ciudad-del-este\/noticias\/jornada-con-bomberos-en-colegio-manquecura-cde\/","next_post_class":["post-25285","post","type-post","status-publish","format-standard","has-post-thumbnail","hentry","category-vida-escolar"],"jetpack_sharing_enabled":true,"_links":{"self":[{"href":"https:\/\/www.manquecura.cl\/ciudad-del-este\/wp-json\/wp\/v2\/posts\/25269","targetHints":{"allow":["GET"]}}],"collection":[{"href":"https:\/\/www.manquecura.cl\/ciudad-del-este\/wp-json\/wp\/v2\/posts"}],"about":[{"href":"https:\/\/www.manquecura.cl\/ciudad-del-este\/wp-json\/wp\/v2\/types\/post"}],"author":[{"embeddable":true,"href":"https:\/\/www.manquecura.cl\/ciudad-del-este\/wp-json\/wp\/v2\/users\/14"}],"replies":[{"embeddable":true,"href":"https:\/\/www.manquecura.cl\/ciudad-del-este\/wp-json\/wp\/v2\/comments?post=25269"}],"version-history":[{"count":0,"href":"https:\/\/www.manquecura.cl\/ciudad-del-este\/wp-json\/wp\/v2\/posts\/25269\/revisions"}],"wp:featuredmedia":[{"embeddable":true,"href":"https:\/\/www.manquecura.cl\/ciudad-del-este\/wp-json\/wp\/v2\/media\/25270"}],"wp:attachment":[{"href":"https:\/\/www.manquecura.cl\/ciudad-del-este\/wp-json\/wp\/v2\/media?parent=25269"}],"wp:term":[{"taxonomy":"category","embeddable":true,"href":"https:\/\/www.manquecura.cl\/ciudad-del-este\/wp-json\/wp\/v2\/categories?post=25269"},{"taxonomy":"post_tag","embeddable":true,"href":"https:\/\/www.manquecura.cl\/ciudad-del-este\/wp-json\/wp\/v2\/tags?post=25269"}],"curies":[{"name":"wp","href":"https:\/\/api.w.org\/{rel}","templated":true}]}}