{"id":25217,"date":"2024-05-13T11:50:55","date_gmt":"2024-05-13T15:50:55","guid":{"rendered":"https:\/\/www.manquecura.cl\/ciudad-del-este\/?p=25217"},"modified":"2024-05-13T11:50:55","modified_gmt":"2024-05-13T15:50:55","slug":"desayuno-por-el-dia-de-las-madres-iv-medios","status":"publish","type":"post","link":"https:\/\/www.manquecura.cl\/ciudad-del-este\/noticias\/desayuno-por-el-dia-de-las-madres-iv-medios\/","title":{"rendered":"DESAYUNO POR EL D\u00cdA DE LAS MADRES &#8211; IV MEDIOS"},"content":{"rendered":"<p>El pasado 8 de mayo, los estudiantes de IV Medios organizaron un emotivo desayuno para celebrar el D\u00eda de las Madres junto a sus mam\u00e1s. La jornada estuvo llena de momentos entra\u00f1ables y actividades dise\u00f1adas especialmente para honrar a las mujeres que ocupan un lugar especial en la vida de cada estudiante.<\/p>\n<p>Desde tempranas horas de la ma\u00f1ana, el ambiente en la instituci\u00f3n educativa se impregn\u00f3 de afecto y gratitud. Los estudiantes recibieron a sus madres con entusiasmo, mostrando su aprecio a trav\u00e9s de gestos cari\u00f1osos y preparando todo para una experiencia inolvidable.<\/p>\n<p>Durante el desayuno, se llevaron a cabo diversas din\u00e1micas que fortalecieron a\u00fan m\u00e1s los lazos entre madre e hijo. Un emotivo discurso, juegos, presentaciones de canto y espect\u00e1culos de baile animaron la celebraci\u00f3n, generando risas y momentos de alegr\u00eda compartida. Los estudiantes se esforzaron por atender a sus madres, ofreci\u00e9ndoles una amplia variedad de deliciosos caf\u00e9s, jugos y exquisitas opciones gastron\u00f3micas.<\/p>\n<p>Al finalizar la instancia, cada estudiante dedic\u00f3 un momento especial para entregar un detalle elaborado con cari\u00f1o a su madre. Estos obsequios, cargados de significado y emotividad, fueron recibidos con profunda emoci\u00f3n por parte de las homenajeadas, quienes se sintieron valoradas y apreciadas en su d\u00eda.<\/p>\n<p>La actividad no solo represent\u00f3 una oportunidad para celebrar el amor y la dedicaci\u00f3n de las madres, sino tambi\u00e9n para reconocer el esfuerzo y la creatividad de los estudiantes de IV Medios al organizar un evento tan especial y memorable.<\/p>\n<p>Esta celebraci\u00f3n dej\u00f3 una huella imborrable en la comunidad educativa, record\u00e1ndonos la importancia de valorar y agradecer el amor incondicional de nuestras madres en cada momento de nuestras vidas.<\/p>\n<p>&nbsp;<\/p>\n<div class=\"w-full text-token-text-primary\" dir=\"auto\" data-testid=\"conversation-turn-9\" data-scroll-anchor=\"true\">\n<div class=\"py-2 px-3 text-base md:px-4 m-auto md:px-5 lg:px-1 xl:px-5\">\n<div class=\"mx-auto flex flex-1 gap-3 text-base juice:gap-4 juice:md:gap-6 md:max-w-3xl lg:max-w-[40rem] xl:max-w-[48rem]\">\n<div class=\"relative flex w-full min-w-0 flex-col agent-turn\">\n<div class=\"flex-col gap-1 md:gap-3\">\n<div class=\"flex flex-grow flex-col max-w-full\">\n<div class=\"min-h-[20px] text-message flex flex-col items-start whitespace-pre-wrap break-words [.text-message+&amp;]:mt-5 juice:w-full juice:items-end overflow-x-auto gap-3\" dir=\"auto\" data-message-author-role=\"assistant\" data-message-id=\"181edd8b-113e-4d40-ac14-9ef469bacd9b\">\n<div class=\"markdown prose w-full break-words dark:prose-invert dark\">\n<p><strong>\u00a1Feliz D\u00eda de las Madres a todas las que desempe\u00f1an ese rol en la vida de nuestros estudiantes!<\/strong><\/p>\n<\/div>\n<\/div>\n<\/div>\n<\/div>\n<\/div>\n<\/div>\n<\/div>\n<\/div>\n"},"excerpt":{"rendered":"<p>El pasado 8 de mayo, los estudiantes de IV Medios organizaron un emotivo desayuno para celebrar el D\u00eda de las Madres junto a sus mam\u00e1s. La jornada estuvo llena de momentos entra\u00f1ables y actividades dise\u00f1adas especialmente para honrar a las mujeres que ocupan un lugar especial en la vida de cada estudiante. Desde tempranas horas [&hellip;]<\/p>\n","protected":false},"author":14,"featured_media":25225,"comment_status":"open","ping_status":"open","sticky":false,"template":"","format":"standard","meta":{"_acf_changed":false,"content-type":"","_jetpack_memberships_contains_paid_content":false,"footnotes":""},"categories":[1],"tags":[],"class_list":["post-25217","post","type-post","status-publish","format-standard","has-post-thumbnail","hentry","category-vida-escolar"],"acf":[],"yoast_head":"<!-- This site is optimized with the Yoast SEO plugin v27.1.1 - https:\/\/yoast.com\/product\/yoast-seo-wordpress\/ -->\n<title>DESAYUNO POR EL D\u00cdA DE LAS MADRES - IV MEDIOS - Colegio Manquecura Ciudad del Este<\/title>\n<meta name=\"robots\" content=\"index, follow, max-snippet:-1, max-image-preview:large, max-video-preview:-1\" \/>\n<link rel=\"canonical\" href=\"https:\/\/www.manquecura.cl\/ciudad-del-este\/noticias\/desayuno-por-el-dia-de-las-madres-iv-medios\/\" \/>\n<meta property=\"og:locale\" content=\"es_ES\" \/>\n<meta property=\"og:type\" content=\"article\" \/>\n<meta property=\"og:title\" content=\"DESAYUNO POR EL D\u00cdA DE LAS MADRES - IV MEDIOS - Colegio Manquecura Ciudad del Este\" \/>\n<meta property=\"og:description\" content=\"El pasado 8 de mayo, los estudiantes de IV Medios organizaron un emotivo desayuno para celebrar el D\u00eda de las Madres junto a sus mam\u00e1s. La jornada estuvo llena de momentos entra\u00f1ables y actividades dise\u00f1adas especialmente para honrar a las mujeres que ocupan un lugar especial en la vida de cada estudiante. Desde tempranas horas [&hellip;]\" \/>\n<meta property=\"og:url\" content=\"https:\/\/www.manquecura.cl\/ciudad-del-este\/noticias\/desayuno-por-el-dia-de-las-madres-iv-medios\/\" \/>\n<meta property=\"og:site_name\" content=\"Colegio Manquecura Ciudad del Este\" \/>\n<meta property=\"article:publisher\" content=\"http:\/\/www.facebook.com\/ColegiosManquecura\" \/>\n<meta property=\"article:published_time\" content=\"2024-05-13T15:50:55+00:00\" \/>\n<meta property=\"og:image\" content=\"https:\/\/www.manquecura.cl\/ciudad-del-este\/wp-content\/uploads\/sites\/41\/2024\/05\/Dia-de-las-madres.png\" \/>\n\t<meta property=\"og:image:width\" content=\"836\" \/>\n\t<meta property=\"og:image:height\" content=\"523\" \/>\n\t<meta property=\"og:image:type\" content=\"image\/png\" \/>\n<meta name=\"author\" content=\"jorgedelcampo\" \/>\n<meta name=\"twitter:card\" content=\"summary_large_image\" \/>\n<meta name=\"twitter:label1\" content=\"Escrito por\" \/>\n\t<meta name=\"twitter:data1\" content=\"jorgedelcampo\" \/>\n\t<meta name=\"twitter:label2\" content=\"Tiempo de lectura\" \/>\n\t<meta name=\"twitter:data2\" content=\"2 minutos\" \/>\n<script type=\"application\/ld+json\" class=\"yoast-schema-graph\">{\"@context\":\"https:\/\/schema.org\",\"@graph\":[{\"@type\":\"Article\",\"@id\":\"https:\/\/www.manquecura.cl\/ciudad-del-este\/noticias\/desayuno-por-el-dia-de-las-madres-iv-medios\/#article\",\"isPartOf\":{\"@id\":\"https:\/\/www.manquecura.cl\/ciudad-del-este\/noticias\/desayuno-por-el-dia-de-las-madres-iv-medios\/\"},\"author\":{\"name\":\"jorgedelcampo\",\"@id\":\"https:\/\/www.manquecura.cl\/ciudad-del-este\/#\/schema\/person\/0debeea140e397b5d490ee7e553255d8\"},\"headline\":\"DESAYUNO POR EL D\u00cdA DE LAS MADRES &#8211; IV MEDIOS\",\"datePublished\":\"2024-05-13T15:50:55+00:00\",\"mainEntityOfPage\":{\"@id\":\"https:\/\/www.manquecura.cl\/ciudad-del-este\/noticias\/desayuno-por-el-dia-de-las-madres-iv-medios\/\"},\"wordCount\":324,\"commentCount\":0,\"publisher\":{\"@id\":\"https:\/\/www.manquecura.cl\/ciudad-del-este\/#organization\"},\"image\":{\"@id\":\"https:\/\/www.manquecura.cl\/ciudad-del-este\/noticias\/desayuno-por-el-dia-de-las-madres-iv-medios\/#primaryimage\"},\"thumbnailUrl\":\"https:\/\/www.manquecura.cl\/ciudad-del-este\/wp-content\/uploads\/sites\/41\/2024\/05\/Dia-de-las-madres.png\",\"articleSection\":[\"Vida Escolar\"],\"inLanguage\":\"es\",\"potentialAction\":[{\"@type\":\"CommentAction\",\"name\":\"Comment\",\"target\":[\"https:\/\/www.manquecura.cl\/ciudad-del-este\/noticias\/desayuno-por-el-dia-de-las-madres-iv-medios\/#respond\"]}]},{\"@type\":\"WebPage\",\"@id\":\"https:\/\/www.manquecura.cl\/ciudad-del-este\/noticias\/desayuno-por-el-dia-de-las-madres-iv-medios\/\",\"url\":\"https:\/\/www.manquecura.cl\/ciudad-del-este\/noticias\/desayuno-por-el-dia-de-las-madres-iv-medios\/\",\"name\":\"DESAYUNO POR EL D\u00cdA DE LAS MADRES - IV MEDIOS - Colegio Manquecura Ciudad del Este\",\"isPartOf\":{\"@id\":\"https:\/\/www.manquecura.cl\/ciudad-del-este\/#website\"},\"primaryImageOfPage\":{\"@id\":\"https:\/\/www.manquecura.cl\/ciudad-del-este\/noticias\/desayuno-por-el-dia-de-las-madres-iv-medios\/#primaryimage\"},\"image\":{\"@id\":\"https:\/\/www.manquecura.cl\/ciudad-del-este\/noticias\/desayuno-por-el-dia-de-las-madres-iv-medios\/#primaryimage\"},\"thumbnailUrl\":\"https:\/\/www.manquecura.cl\/ciudad-del-este\/wp-content\/uploads\/sites\/41\/2024\/05\/Dia-de-las-madres.png\",\"datePublished\":\"2024-05-13T15:50:55+00:00\",\"breadcrumb\":{\"@id\":\"https:\/\/www.manquecura.cl\/ciudad-del-este\/noticias\/desayuno-por-el-dia-de-las-madres-iv-medios\/#breadcrumb\"},\"inLanguage\":\"es\",\"potentialAction\":[{\"@type\":\"ReadAction\",\"target\":[\"https:\/\/www.manquecura.cl\/ciudad-del-este\/noticias\/desayuno-por-el-dia-de-las-madres-iv-medios\/\"]}]},{\"@type\":\"ImageObject\",\"inLanguage\":\"es\",\"@id\":\"https:\/\/www.manquecura.cl\/ciudad-del-este\/noticias\/desayuno-por-el-dia-de-las-madres-iv-medios\/#primaryimage\",\"url\":\"https:\/\/www.manquecura.cl\/ciudad-del-este\/wp-content\/uploads\/sites\/41\/2024\/05\/Dia-de-las-madres.png\",\"contentUrl\":\"https:\/\/www.manquecura.cl\/ciudad-del-este\/wp-content\/uploads\/sites\/41\/2024\/05\/Dia-de-las-madres.png\",\"width\":836,\"height\":523},{\"@type\":\"BreadcrumbList\",\"@id\":\"https:\/\/www.manquecura.cl\/ciudad-del-este\/noticias\/desayuno-por-el-dia-de-las-madres-iv-medios\/#breadcrumb\",\"itemListElement\":[{\"@type\":\"ListItem\",\"position\":1,\"name\":\"Home\",\"item\":\"https:\/\/www.manquecura.cl\/ciudad-del-este\/\"},{\"@type\":\"ListItem\",\"position\":2,\"name\":\"DESAYUNO POR EL D\u00cdA DE LAS MADRES &#8211; IV MEDIOS\"}]},{\"@type\":\"WebSite\",\"@id\":\"https:\/\/www.manquecura.cl\/ciudad-del-este\/#website\",\"url\":\"https:\/\/www.manquecura.cl\/ciudad-del-este\/\",\"name\":\"Colegio Manquecura Ciudad del Este\",\"description\":\"\",\"publisher\":{\"@id\":\"https:\/\/www.manquecura.cl\/ciudad-del-este\/#organization\"},\"potentialAction\":[{\"@type\":\"SearchAction\",\"target\":{\"@type\":\"EntryPoint\",\"urlTemplate\":\"https:\/\/www.manquecura.cl\/ciudad-del-este\/?s={search_term_string}\"},\"query-input\":{\"@type\":\"PropertyValueSpecification\",\"valueRequired\":true,\"valueName\":\"search_term_string\"}}],\"inLanguage\":\"es\"},{\"@type\":\"Organization\",\"@id\":\"https:\/\/www.manquecura.cl\/ciudad-del-este\/#organization\",\"name\":\"Colegio Manquecura Ciudad del Este\",\"url\":\"https:\/\/www.manquecura.cl\/ciudad-del-este\/\",\"logo\":{\"@type\":\"ImageObject\",\"inLanguage\":\"es\",\"@id\":\"https:\/\/www.manquecura.cl\/ciudad-del-este\/#\/schema\/logo\/image\/\",\"url\":\"https:\/\/www.manquecura.cl\/ciudad-del-este\/wp-content\/uploads\/sites\/41\/2023\/09\/logo_Manquecura_Ciudad-del-Este_horizontal_color-1.png\",\"contentUrl\":\"https:\/\/www.manquecura.cl\/ciudad-del-este\/wp-content\/uploads\/sites\/41\/2023\/09\/logo_Manquecura_Ciudad-del-Este_horizontal_color-1.png\",\"width\":611,\"height\":183,\"caption\":\"Colegio Manquecura Ciudad del Este\"},\"image\":{\"@id\":\"https:\/\/www.manquecura.cl\/ciudad-del-este\/#\/schema\/logo\/image\/\"},\"sameAs\":[\"http:\/\/www.facebook.com\/ColegiosManquecura\",\"http:\/\/www.instagram.com\/manquecura_ciudaddeleste\/\",\"http:\/\/www.youtube.com\/c\/CognitaChile\"]},{\"@type\":\"Person\",\"@id\":\"https:\/\/www.manquecura.cl\/ciudad-del-este\/#\/schema\/person\/0debeea140e397b5d490ee7e553255d8\",\"name\":\"jorgedelcampo\",\"image\":{\"@type\":\"ImageObject\",\"inLanguage\":\"es\",\"@id\":\"https:\/\/www.manquecura.cl\/ciudad-del-este\/#\/schema\/person\/image\/\",\"url\":\"https:\/\/secure.gravatar.com\/avatar\/4a315f521213b2dc91dbda9bf799f711c8a98ab6f5606ec42cf5b33d1e762e8a?s=96&d=mm&r=g\",\"contentUrl\":\"https:\/\/secure.gravatar.com\/avatar\/4a315f521213b2dc91dbda9bf799f711c8a98ab6f5606ec42cf5b33d1e762e8a?s=96&d=mm&r=g\",\"caption\":\"jorgedelcampo\"}}]}<\/script>\n<!-- \/ Yoast SEO plugin. -->","yoast_head_json":{"title":"DESAYUNO POR EL D\u00cdA DE LAS MADRES - IV MEDIOS - Colegio Manquecura Ciudad del Este","robots":{"index":"index","follow":"follow","max-snippet":"max-snippet:-1","max-image-preview":"max-image-preview:large","max-video-preview":"max-video-preview:-1"},"canonical":"https:\/\/www.manquecura.cl\/ciudad-del-este\/noticias\/desayuno-por-el-dia-de-las-madres-iv-medios\/","og_locale":"es_ES","og_type":"article","og_title":"DESAYUNO POR EL D\u00cdA DE LAS MADRES - IV MEDIOS - Colegio Manquecura Ciudad del Este","og_description":"El pasado 8 de mayo, los estudiantes de IV Medios organizaron un emotivo desayuno para celebrar el D\u00eda de las Madres junto a sus mam\u00e1s. La jornada estuvo llena de momentos entra\u00f1ables y actividades dise\u00f1adas especialmente para honrar a las mujeres que ocupan un lugar especial en la vida de cada estudiante. Desde tempranas horas [&hellip;]","og_url":"https:\/\/www.manquecura.cl\/ciudad-del-este\/noticias\/desayuno-por-el-dia-de-las-madres-iv-medios\/","og_site_name":"Colegio Manquecura Ciudad del Este","article_publisher":"http:\/\/www.facebook.com\/ColegiosManquecura","article_published_time":"2024-05-13T15:50:55+00:00","og_image":[{"width":836,"height":523,"url":"https:\/\/www.manquecura.cl\/ciudad-del-este\/wp-content\/uploads\/sites\/41\/2024\/05\/Dia-de-las-madres.png","type":"image\/png"}],"author":"jorgedelcampo","twitter_card":"summary_large_image","twitter_misc":{"Escrito por":"jorgedelcampo","Tiempo de lectura":"2 minutos"},"schema":{"@context":"https:\/\/schema.org","@graph":[{"@type":"Article","@id":"https:\/\/www.manquecura.cl\/ciudad-del-este\/noticias\/desayuno-por-el-dia-de-las-madres-iv-medios\/#article","isPartOf":{"@id":"https:\/\/www.manquecura.cl\/ciudad-del-este\/noticias\/desayuno-por-el-dia-de-las-madres-iv-medios\/"},"author":{"name":"jorgedelcampo","@id":"https:\/\/www.manquecura.cl\/ciudad-del-este\/#\/schema\/person\/0debeea140e397b5d490ee7e553255d8"},"headline":"DESAYUNO POR EL D\u00cdA DE LAS MADRES &#8211; IV MEDIOS","datePublished":"2024-05-13T15:50:55+00:00","mainEntityOfPage":{"@id":"https:\/\/www.manquecura.cl\/ciudad-del-este\/noticias\/desayuno-por-el-dia-de-las-madres-iv-medios\/"},"wordCount":324,"commentCount":0,"publisher":{"@id":"https:\/\/www.manquecura.cl\/ciudad-del-este\/#organization"},"image":{"@id":"https:\/\/www.manquecura.cl\/ciudad-del-este\/noticias\/desayuno-por-el-dia-de-las-madres-iv-medios\/#primaryimage"},"thumbnailUrl":"https:\/\/www.manquecura.cl\/ciudad-del-este\/wp-content\/uploads\/sites\/41\/2024\/05\/Dia-de-las-madres.png","articleSection":["Vida Escolar"],"inLanguage":"es","potentialAction":[{"@type":"CommentAction","name":"Comment","target":["https:\/\/www.manquecura.cl\/ciudad-del-este\/noticias\/desayuno-por-el-dia-de-las-madres-iv-medios\/#respond"]}]},{"@type":"WebPage","@id":"https:\/\/www.manquecura.cl\/ciudad-del-este\/noticias\/desayuno-por-el-dia-de-las-madres-iv-medios\/","url":"https:\/\/www.manquecura.cl\/ciudad-del-este\/noticias\/desayuno-por-el-dia-de-las-madres-iv-medios\/","name":"DESAYUNO POR EL D\u00cdA DE LAS MADRES - IV MEDIOS - Colegio Manquecura Ciudad del Este","isPartOf":{"@id":"https:\/\/www.manquecura.cl\/ciudad-del-este\/#website"},"primaryImageOfPage":{"@id":"https:\/\/www.manquecura.cl\/ciudad-del-este\/noticias\/desayuno-por-el-dia-de-las-madres-iv-medios\/#primaryimage"},"image":{"@id":"https:\/\/www.manquecura.cl\/ciudad-del-este\/noticias\/desayuno-por-el-dia-de-las-madres-iv-medios\/#primaryimage"},"thumbnailUrl":"https:\/\/www.manquecura.cl\/ciudad-del-este\/wp-content\/uploads\/sites\/41\/2024\/05\/Dia-de-las-madres.png","datePublished":"2024-05-13T15:50:55+00:00","breadcrumb":{"@id":"https:\/\/www.manquecura.cl\/ciudad-del-este\/noticias\/desayuno-por-el-dia-de-las-madres-iv-medios\/#breadcrumb"},"inLanguage":"es","potentialAction":[{"@type":"ReadAction","target":["https:\/\/www.manquecura.cl\/ciudad-del-este\/noticias\/desayuno-por-el-dia-de-las-madres-iv-medios\/"]}]},{"@type":"ImageObject","inLanguage":"es","@id":"https:\/\/www.manquecura.cl\/ciudad-del-este\/noticias\/desayuno-por-el-dia-de-las-madres-iv-medios\/#primaryimage","url":"https:\/\/www.manquecura.cl\/ciudad-del-este\/wp-content\/uploads\/sites\/41\/2024\/05\/Dia-de-las-madres.png","contentUrl":"https:\/\/www.manquecura.cl\/ciudad-del-este\/wp-content\/uploads\/sites\/41\/2024\/05\/Dia-de-las-madres.png","width":836,"height":523},{"@type":"BreadcrumbList","@id":"https:\/\/www.manquecura.cl\/ciudad-del-este\/noticias\/desayuno-por-el-dia-de-las-madres-iv-medios\/#breadcrumb","itemListElement":[{"@type":"ListItem","position":1,"name":"Home","item":"https:\/\/www.manquecura.cl\/ciudad-del-este\/"},{"@type":"ListItem","position":2,"name":"DESAYUNO POR EL D\u00cdA DE LAS MADRES &#8211; IV MEDIOS"}]},{"@type":"WebSite","@id":"https:\/\/www.manquecura.cl\/ciudad-del-este\/#website","url":"https:\/\/www.manquecura.cl\/ciudad-del-este\/","name":"Colegio Manquecura Ciudad del Este","description":"","publisher":{"@id":"https:\/\/www.manquecura.cl\/ciudad-del-este\/#organization"},"potentialAction":[{"@type":"SearchAction","target":{"@type":"EntryPoint","urlTemplate":"https:\/\/www.manquecura.cl\/ciudad-del-este\/?s={search_term_string}"},"query-input":{"@type":"PropertyValueSpecification","valueRequired":true,"valueName":"search_term_string"}}],"inLanguage":"es"},{"@type":"Organization","@id":"https:\/\/www.manquecura.cl\/ciudad-del-este\/#organization","name":"Colegio Manquecura Ciudad del Este","url":"https:\/\/www.manquecura.cl\/ciudad-del-este\/","logo":{"@type":"ImageObject","inLanguage":"es","@id":"https:\/\/www.manquecura.cl\/ciudad-del-este\/#\/schema\/logo\/image\/","url":"https:\/\/www.manquecura.cl\/ciudad-del-este\/wp-content\/uploads\/sites\/41\/2023\/09\/logo_Manquecura_Ciudad-del-Este_horizontal_color-1.png","contentUrl":"https:\/\/www.manquecura.cl\/ciudad-del-este\/wp-content\/uploads\/sites\/41\/2023\/09\/logo_Manquecura_Ciudad-del-Este_horizontal_color-1.png","width":611,"height":183,"caption":"Colegio Manquecura Ciudad del Este"},"image":{"@id":"https:\/\/www.manquecura.cl\/ciudad-del-este\/#\/schema\/logo\/image\/"},"sameAs":["http:\/\/www.facebook.com\/ColegiosManquecura","http:\/\/www.instagram.com\/manquecura_ciudaddeleste\/","http:\/\/www.youtube.com\/c\/CognitaChile"]},{"@type":"Person","@id":"https:\/\/www.manquecura.cl\/ciudad-del-este\/#\/schema\/person\/0debeea140e397b5d490ee7e553255d8","name":"jorgedelcampo","image":{"@type":"ImageObject","inLanguage":"es","@id":"https:\/\/www.manquecura.cl\/ciudad-del-este\/#\/schema\/person\/image\/","url":"https:\/\/secure.gravatar.com\/avatar\/4a315f521213b2dc91dbda9bf799f711c8a98ab6f5606ec42cf5b33d1e762e8a?s=96&d=mm&r=g","contentUrl":"https:\/\/secure.gravatar.com\/avatar\/4a315f521213b2dc91dbda9bf799f711c8a98ab6f5606ec42cf5b33d1e762e8a?s=96&d=mm&r=g","caption":"jorgedelcampo"}}]}},"jetpack_featured_media_url":"https:\/\/www.manquecura.cl\/ciudad-del-este\/wp-content\/uploads\/sites\/41\/2024\/05\/Dia-de-las-madres.png","previous_post_ID":25166,"previous_post_title":"ENGLISH WEEK - SEMANA DEL INGLES 2024","previous_post_excerpt":"Durante la pasada English Week, desde Playgroup hasta IV \u00b0 M, nuestros estudiantes se unieron en una emocionante celebraci\u00f3n del idioma ingl\u00e9s, que impregn\u00f3 a toda nuestra comunidad educativa con diversas actividades dise\u00f1adas para hacer del aprendizaje una experiencia divertida, did\u00e1ctica y aut\u00e9ntica. Una vez m\u00e1s, nuestros estudiantes demostraron sus notables avances y exhibieron sus [&hellip;]","previous_post_link":"https:\/\/www.manquecura.cl\/ciudad-del-este\/noticias\/english-week-semana-del-ingles-2024\/","previous_post_class":["post-25166","post","type-post","status-publish","format-standard","has-post-thumbnail","hentry","category-vida-escolar"],"next_post_ID":25227,"next_post_title":"CELEBRACI\u00d3N D\u00cdA DEL ESTUDIANTE","next_post_excerpt":"El pasado 10 de mayo, nuestra comunidad educativa se reuni\u00f3 para celebrar de manera especial el D\u00eda del Estudiante, con una jornada llena de actividades l\u00fadicas y entretenidas que dejaron a todos los participantes con una sonrisa en el rostro. La alegr\u00eda se hizo presente con una vibrante batucada patrocinada por el CAMPUR General de [&hellip;]","next_post_link":"https:\/\/www.manquecura.cl\/ciudad-del-este\/noticias\/celebracion-dia-del-estudiante\/","next_post_class":["post-25227","post","type-post","status-publish","format-standard","has-post-thumbnail","hentry","category-vida-escolar"],"jetpack_sharing_enabled":true,"_links":{"self":[{"href":"https:\/\/www.manquecura.cl\/ciudad-del-este\/wp-json\/wp\/v2\/posts\/25217","targetHints":{"allow":["GET"]}}],"collection":[{"href":"https:\/\/www.manquecura.cl\/ciudad-del-este\/wp-json\/wp\/v2\/posts"}],"about":[{"href":"https:\/\/www.manquecura.cl\/ciudad-del-este\/wp-json\/wp\/v2\/types\/post"}],"author":[{"embeddable":true,"href":"https:\/\/www.manquecura.cl\/ciudad-del-este\/wp-json\/wp\/v2\/users\/14"}],"replies":[{"embeddable":true,"href":"https:\/\/www.manquecura.cl\/ciudad-del-este\/wp-json\/wp\/v2\/comments?post=25217"}],"version-history":[{"count":0,"href":"https:\/\/www.manquecura.cl\/ciudad-del-este\/wp-json\/wp\/v2\/posts\/25217\/revisions"}],"wp:featuredmedia":[{"embeddable":true,"href":"https:\/\/www.manquecura.cl\/ciudad-del-este\/wp-json\/wp\/v2\/media\/25225"}],"wp:attachment":[{"href":"https:\/\/www.manquecura.cl\/ciudad-del-este\/wp-json\/wp\/v2\/media?parent=25217"}],"wp:term":[{"taxonomy":"category","embeddable":true,"href":"https:\/\/www.manquecura.cl\/ciudad-del-este\/wp-json\/wp\/v2\/categories?post=25217"},{"taxonomy":"post_tag","embeddable":true,"href":"https:\/\/www.manquecura.cl\/ciudad-del-este\/wp-json\/wp\/v2\/tags?post=25217"}],"curies":[{"name":"wp","href":"https:\/\/api.w.org\/{rel}","templated":true}]}}