{"id":25076,"date":"2024-04-28T20:19:08","date_gmt":"2024-04-29T00:19:08","guid":{"rendered":"https:\/\/www.manquecura.cl\/ciudad-del-este\/?p=25076"},"modified":"2024-04-28T20:19:08","modified_gmt":"2024-04-29T00:19:08","slug":"jornada-de-vacunacion","status":"publish","type":"post","link":"https:\/\/www.manquecura.cl\/ciudad-del-este\/noticias\/jornada-de-vacunacion\/","title":{"rendered":"JORNADA DE VACUNACI\u00d3N INFLUENZA 2024"},"content":{"rendered":"<h4><strong>\u00a1Atenci\u00f3n Comunidad Manquecura!<\/strong><\/h4>\n<p>Nos complace informarles que los pr\u00f3ximos d\u00edas 7 y 8 de mayo se llevar\u00e1 a cabo en nuestro colegio el procedimiento del Plan de Vacunaci\u00f3n Escolar, conforme al calendario 2024.<\/p>\n<p>En esta ocasi\u00f3n, se administrar\u00e1 la vacuna contra la Influenza a los siguientes niveles: Playgroup, Jard\u00edn Infantil, Prek\u00ednder, K\u00ednder y 1\u00b0 a 5\u00b0 B\u00e1sicos.<\/p>\n<p>Es importante destacar que esta vacunaci\u00f3n es obligatoria para los grupos objetivos designados, por lo que no se requiere consentimiento ni autorizaci\u00f3n de los apoderados. Al final de este comunicado, encontrar\u00e1n el Decreto Ministerial correspondiente.<\/p>\n<p>Para facilitar el proceso, solicitamos a los padres y apoderados informar a nuestra Encargada de Primeros Auxilios, Miss Fernanda Cornejo (<a target=\"_new\" rel=\"noopener\">fernanda.cornejo@colegiomanquecura.cl<\/a>), si sus hijos ya han sido vacunados.<\/p>\n<p>En caso de que alg\u00fan estudiante tenga alguna condici\u00f3n que requiera precauciones especiales, contraindicaciones o necesite suspender la vacunaci\u00f3n, les pedimos que lo notifiquen oportunamente al establecimiento educacional adjuntando un certificado m\u00e9dico, as\u00ed como al vacunatorio m\u00e1s cercano.<\/p>\n<p>Se espera que los efectos probables posteriores a la administraci\u00f3n de la vacuna incluyan enrojecimiento e induraci\u00f3n en el sitio de la inyecci\u00f3n, irritabilidad, somnolencia, malestar general, dolor de cabeza y fiebre, esta \u00faltima no deber\u00e1 superar los 39\u00b0C.<\/p>\n<p>Por ello, recomendamos observar el lugar de aplicaci\u00f3n de la vacuna y aplicar compresas fr\u00edas en caso de enrojecimiento y\/o dolor, as\u00ed como controlar la temperatura si es necesario.<\/p>\n<p>En el caso de que un estudiante presente un cuadro febril (en los 3 d\u00edas previos a la vacunaci\u00f3n) o alguna infecci\u00f3n aguda, se postergar\u00e1 el proceso y deber\u00e1 dirigirse a cualquier vacunatorio de nuestra comuna en compa\u00f1\u00eda de un adulto responsable.<\/p>\n<p>Para aquellos padres que no deseen que sus hijos sean vacunados en el colegio, les solicitamos que informen a nuestra Encargada de Primeros Auxilios, Miss Fernanda Cornejo (<a target=\"_new\" rel=\"noopener\">fernanda.cornejo@colegiomanquecura.cl<\/a>), y que asistan de forma presencial al Establecimiento de Salud correspondiente, donde recibir\u00e1n una breve consejer\u00eda.<\/p>\n<ul>\n<li><a href=\"https:\/\/cognitaschoolsuk-my.sharepoint.com\/personal\/victoria_penaloza_cognita_com\/_layouts\/15\/onedrive.aspx?id=%2Fpersonal%2Fvictoria%5Fpenaloza%5Fcognita%5Fcom%2FDocuments%2FINFORMATIVO%20A%20LOS%20PADRES%202024%201%2Epdf&amp;parent=%2Fpersonal%2Fvictoria%5Fpenaloza%5Fcognita%5Fcom%2FDocuments&amp;ct=1714409059064&amp;or=OWA%2DNT%2DMail&amp;cid=4acd054e%2D1323%2D1696%2D598f%2Dc69985b5cd59&amp;ga=1\">INFORMATIVO CESFAM PADRE MANUEL VILLASECA<\/a><\/li>\n<li><a href=\"https:\/\/mcusercontent.com\/b29e954ab3aaaaf6beb56b494\/files\/79a46383-3d7c-89ce-ca35-a994f3db78b9\/OBLIGATORIEDAD_DECRETO_EXENTO_N_deg_23_SSP_2024.pdf\">DECRETO MINISTERIO DE SALUD<\/a><\/li>\n<\/ul>\n<p><strong>Agradecemos su colaboraci\u00f3n y compromiso con la salud y bienestar de nuestros estudiantes.<\/strong><\/p>\n"},"excerpt":{"rendered":"<p>\u00a1Atenci\u00f3n Comunidad Manquecura! Nos complace informarles que los pr\u00f3ximos d\u00edas 7 y 8 de mayo se llevar\u00e1 a cabo en nuestro colegio el procedimiento del Plan de Vacunaci\u00f3n Escolar, conforme al calendario 2024. En esta ocasi\u00f3n, se administrar\u00e1 la vacuna contra la Influenza a los siguientes niveles: Playgroup, Jard\u00edn Infantil, Prek\u00ednder, K\u00ednder y 1\u00b0 a [&hellip;]<\/p>\n","protected":false},"author":14,"featured_media":25161,"comment_status":"open","ping_status":"open","sticky":false,"template":"","format":"standard","meta":{"_acf_changed":false,"content-type":"","_jetpack_memberships_contains_paid_content":false,"footnotes":""},"categories":[1],"tags":[],"class_list":["post-25076","post","type-post","status-publish","format-standard","has-post-thumbnail","hentry","category-vida-escolar"],"acf":[],"yoast_head":"<!-- This site is optimized with the Yoast SEO plugin v27.1.1 - https:\/\/yoast.com\/product\/yoast-seo-wordpress\/ -->\n<title>JORNADA DE VACUNACI\u00d3N INFLUENZA 2024 - Colegio Manquecura Ciudad del Este<\/title>\n<meta name=\"robots\" content=\"index, follow, max-snippet:-1, max-image-preview:large, max-video-preview:-1\" \/>\n<link rel=\"canonical\" href=\"https:\/\/www.manquecura.cl\/ciudad-del-este\/noticias\/jornada-de-vacunacion\/\" \/>\n<meta property=\"og:locale\" content=\"es_ES\" \/>\n<meta property=\"og:type\" content=\"article\" \/>\n<meta property=\"og:title\" content=\"JORNADA DE VACUNACI\u00d3N INFLUENZA 2024 - Colegio Manquecura Ciudad del Este\" \/>\n<meta property=\"og:description\" content=\"\u00a1Atenci\u00f3n Comunidad Manquecura! Nos complace informarles que los pr\u00f3ximos d\u00edas 7 y 8 de mayo se llevar\u00e1 a cabo en nuestro colegio el procedimiento del Plan de Vacunaci\u00f3n Escolar, conforme al calendario 2024. En esta ocasi\u00f3n, se administrar\u00e1 la vacuna contra la Influenza a los siguientes niveles: Playgroup, Jard\u00edn Infantil, Prek\u00ednder, K\u00ednder y 1\u00b0 a [&hellip;]\" \/>\n<meta property=\"og:url\" content=\"https:\/\/www.manquecura.cl\/ciudad-del-este\/noticias\/jornada-de-vacunacion\/\" \/>\n<meta property=\"og:site_name\" content=\"Colegio Manquecura Ciudad del Este\" \/>\n<meta property=\"article:publisher\" content=\"http:\/\/www.facebook.com\/ColegiosManquecura\" \/>\n<meta property=\"article:published_time\" content=\"2024-04-29T00:19:08+00:00\" \/>\n<meta property=\"og:image\" content=\"https:\/\/www.manquecura.cl\/ciudad-del-este\/wp-content\/uploads\/sites\/41\/2024\/04\/VACUNA-INFLUENZA.png\" \/>\n\t<meta property=\"og:image:width\" content=\"836\" \/>\n\t<meta property=\"og:image:height\" content=\"523\" \/>\n\t<meta property=\"og:image:type\" content=\"image\/png\" \/>\n<meta name=\"author\" content=\"jorgedelcampo\" \/>\n<meta name=\"twitter:card\" content=\"summary_large_image\" \/>\n<meta name=\"twitter:label1\" content=\"Escrito por\" \/>\n\t<meta name=\"twitter:data1\" content=\"jorgedelcampo\" \/>\n\t<meta name=\"twitter:label2\" content=\"Tiempo de lectura\" \/>\n\t<meta name=\"twitter:data2\" content=\"2 minutos\" \/>\n<script type=\"application\/ld+json\" class=\"yoast-schema-graph\">{\"@context\":\"https:\/\/schema.org\",\"@graph\":[{\"@type\":\"Article\",\"@id\":\"https:\/\/www.manquecura.cl\/ciudad-del-este\/noticias\/jornada-de-vacunacion\/#article\",\"isPartOf\":{\"@id\":\"https:\/\/www.manquecura.cl\/ciudad-del-este\/noticias\/jornada-de-vacunacion\/\"},\"author\":{\"name\":\"jorgedelcampo\",\"@id\":\"https:\/\/www.manquecura.cl\/ciudad-del-este\/#\/schema\/person\/0debeea140e397b5d490ee7e553255d8\"},\"headline\":\"JORNADA DE VACUNACI\u00d3N INFLUENZA 2024\",\"datePublished\":\"2024-04-29T00:19:08+00:00\",\"mainEntityOfPage\":{\"@id\":\"https:\/\/www.manquecura.cl\/ciudad-del-este\/noticias\/jornada-de-vacunacion\/\"},\"wordCount\":369,\"commentCount\":0,\"publisher\":{\"@id\":\"https:\/\/www.manquecura.cl\/ciudad-del-este\/#organization\"},\"image\":{\"@id\":\"https:\/\/www.manquecura.cl\/ciudad-del-este\/noticias\/jornada-de-vacunacion\/#primaryimage\"},\"thumbnailUrl\":\"https:\/\/www.manquecura.cl\/ciudad-del-este\/wp-content\/uploads\/sites\/41\/2024\/04\/VACUNA-INFLUENZA.png\",\"articleSection\":[\"Vida Escolar\"],\"inLanguage\":\"es\",\"potentialAction\":[{\"@type\":\"CommentAction\",\"name\":\"Comment\",\"target\":[\"https:\/\/www.manquecura.cl\/ciudad-del-este\/noticias\/jornada-de-vacunacion\/#respond\"]}]},{\"@type\":\"WebPage\",\"@id\":\"https:\/\/www.manquecura.cl\/ciudad-del-este\/noticias\/jornada-de-vacunacion\/\",\"url\":\"https:\/\/www.manquecura.cl\/ciudad-del-este\/noticias\/jornada-de-vacunacion\/\",\"name\":\"JORNADA DE VACUNACI\u00d3N INFLUENZA 2024 - Colegio Manquecura Ciudad del Este\",\"isPartOf\":{\"@id\":\"https:\/\/www.manquecura.cl\/ciudad-del-este\/#website\"},\"primaryImageOfPage\":{\"@id\":\"https:\/\/www.manquecura.cl\/ciudad-del-este\/noticias\/jornada-de-vacunacion\/#primaryimage\"},\"image\":{\"@id\":\"https:\/\/www.manquecura.cl\/ciudad-del-este\/noticias\/jornada-de-vacunacion\/#primaryimage\"},\"thumbnailUrl\":\"https:\/\/www.manquecura.cl\/ciudad-del-este\/wp-content\/uploads\/sites\/41\/2024\/04\/VACUNA-INFLUENZA.png\",\"datePublished\":\"2024-04-29T00:19:08+00:00\",\"breadcrumb\":{\"@id\":\"https:\/\/www.manquecura.cl\/ciudad-del-este\/noticias\/jornada-de-vacunacion\/#breadcrumb\"},\"inLanguage\":\"es\",\"potentialAction\":[{\"@type\":\"ReadAction\",\"target\":[\"https:\/\/www.manquecura.cl\/ciudad-del-este\/noticias\/jornada-de-vacunacion\/\"]}]},{\"@type\":\"ImageObject\",\"inLanguage\":\"es\",\"@id\":\"https:\/\/www.manquecura.cl\/ciudad-del-este\/noticias\/jornada-de-vacunacion\/#primaryimage\",\"url\":\"https:\/\/www.manquecura.cl\/ciudad-del-este\/wp-content\/uploads\/sites\/41\/2024\/04\/VACUNA-INFLUENZA.png\",\"contentUrl\":\"https:\/\/www.manquecura.cl\/ciudad-del-este\/wp-content\/uploads\/sites\/41\/2024\/04\/VACUNA-INFLUENZA.png\",\"width\":836,\"height\":523},{\"@type\":\"BreadcrumbList\",\"@id\":\"https:\/\/www.manquecura.cl\/ciudad-del-este\/noticias\/jornada-de-vacunacion\/#breadcrumb\",\"itemListElement\":[{\"@type\":\"ListItem\",\"position\":1,\"name\":\"Home\",\"item\":\"https:\/\/www.manquecura.cl\/ciudad-del-este\/\"},{\"@type\":\"ListItem\",\"position\":2,\"name\":\"JORNADA DE VACUNACI\u00d3N INFLUENZA 2024\"}]},{\"@type\":\"WebSite\",\"@id\":\"https:\/\/www.manquecura.cl\/ciudad-del-este\/#website\",\"url\":\"https:\/\/www.manquecura.cl\/ciudad-del-este\/\",\"name\":\"Colegio Manquecura Ciudad del Este\",\"description\":\"\",\"publisher\":{\"@id\":\"https:\/\/www.manquecura.cl\/ciudad-del-este\/#organization\"},\"potentialAction\":[{\"@type\":\"SearchAction\",\"target\":{\"@type\":\"EntryPoint\",\"urlTemplate\":\"https:\/\/www.manquecura.cl\/ciudad-del-este\/?s={search_term_string}\"},\"query-input\":{\"@type\":\"PropertyValueSpecification\",\"valueRequired\":true,\"valueName\":\"search_term_string\"}}],\"inLanguage\":\"es\"},{\"@type\":\"Organization\",\"@id\":\"https:\/\/www.manquecura.cl\/ciudad-del-este\/#organization\",\"name\":\"Colegio Manquecura Ciudad del Este\",\"url\":\"https:\/\/www.manquecura.cl\/ciudad-del-este\/\",\"logo\":{\"@type\":\"ImageObject\",\"inLanguage\":\"es\",\"@id\":\"https:\/\/www.manquecura.cl\/ciudad-del-este\/#\/schema\/logo\/image\/\",\"url\":\"https:\/\/www.manquecura.cl\/ciudad-del-este\/wp-content\/uploads\/sites\/41\/2023\/09\/logo_Manquecura_Ciudad-del-Este_horizontal_color-1.png\",\"contentUrl\":\"https:\/\/www.manquecura.cl\/ciudad-del-este\/wp-content\/uploads\/sites\/41\/2023\/09\/logo_Manquecura_Ciudad-del-Este_horizontal_color-1.png\",\"width\":611,\"height\":183,\"caption\":\"Colegio Manquecura Ciudad del Este\"},\"image\":{\"@id\":\"https:\/\/www.manquecura.cl\/ciudad-del-este\/#\/schema\/logo\/image\/\"},\"sameAs\":[\"http:\/\/www.facebook.com\/ColegiosManquecura\",\"http:\/\/www.instagram.com\/manquecura_ciudaddeleste\/\",\"http:\/\/www.youtube.com\/c\/CognitaChile\"]},{\"@type\":\"Person\",\"@id\":\"https:\/\/www.manquecura.cl\/ciudad-del-este\/#\/schema\/person\/0debeea140e397b5d490ee7e553255d8\",\"name\":\"jorgedelcampo\",\"image\":{\"@type\":\"ImageObject\",\"inLanguage\":\"es\",\"@id\":\"https:\/\/www.manquecura.cl\/ciudad-del-este\/#\/schema\/person\/image\/\",\"url\":\"https:\/\/secure.gravatar.com\/avatar\/4a315f521213b2dc91dbda9bf799f711c8a98ab6f5606ec42cf5b33d1e762e8a?s=96&d=mm&r=g\",\"contentUrl\":\"https:\/\/secure.gravatar.com\/avatar\/4a315f521213b2dc91dbda9bf799f711c8a98ab6f5606ec42cf5b33d1e762e8a?s=96&d=mm&r=g\",\"caption\":\"jorgedelcampo\"}}]}<\/script>\n<!-- \/ Yoast SEO plugin. -->","yoast_head_json":{"title":"JORNADA DE VACUNACI\u00d3N INFLUENZA 2024 - Colegio Manquecura Ciudad del Este","robots":{"index":"index","follow":"follow","max-snippet":"max-snippet:-1","max-image-preview":"max-image-preview:large","max-video-preview":"max-video-preview:-1"},"canonical":"https:\/\/www.manquecura.cl\/ciudad-del-este\/noticias\/jornada-de-vacunacion\/","og_locale":"es_ES","og_type":"article","og_title":"JORNADA DE VACUNACI\u00d3N INFLUENZA 2024 - Colegio Manquecura Ciudad del Este","og_description":"\u00a1Atenci\u00f3n Comunidad Manquecura! Nos complace informarles que los pr\u00f3ximos d\u00edas 7 y 8 de mayo se llevar\u00e1 a cabo en nuestro colegio el procedimiento del Plan de Vacunaci\u00f3n Escolar, conforme al calendario 2024. En esta ocasi\u00f3n, se administrar\u00e1 la vacuna contra la Influenza a los siguientes niveles: Playgroup, Jard\u00edn Infantil, Prek\u00ednder, K\u00ednder y 1\u00b0 a [&hellip;]","og_url":"https:\/\/www.manquecura.cl\/ciudad-del-este\/noticias\/jornada-de-vacunacion\/","og_site_name":"Colegio Manquecura Ciudad del Este","article_publisher":"http:\/\/www.facebook.com\/ColegiosManquecura","article_published_time":"2024-04-29T00:19:08+00:00","og_image":[{"width":836,"height":523,"url":"https:\/\/www.manquecura.cl\/ciudad-del-este\/wp-content\/uploads\/sites\/41\/2024\/04\/VACUNA-INFLUENZA.png","type":"image\/png"}],"author":"jorgedelcampo","twitter_card":"summary_large_image","twitter_misc":{"Escrito por":"jorgedelcampo","Tiempo de lectura":"2 minutos"},"schema":{"@context":"https:\/\/schema.org","@graph":[{"@type":"Article","@id":"https:\/\/www.manquecura.cl\/ciudad-del-este\/noticias\/jornada-de-vacunacion\/#article","isPartOf":{"@id":"https:\/\/www.manquecura.cl\/ciudad-del-este\/noticias\/jornada-de-vacunacion\/"},"author":{"name":"jorgedelcampo","@id":"https:\/\/www.manquecura.cl\/ciudad-del-este\/#\/schema\/person\/0debeea140e397b5d490ee7e553255d8"},"headline":"JORNADA DE VACUNACI\u00d3N INFLUENZA 2024","datePublished":"2024-04-29T00:19:08+00:00","mainEntityOfPage":{"@id":"https:\/\/www.manquecura.cl\/ciudad-del-este\/noticias\/jornada-de-vacunacion\/"},"wordCount":369,"commentCount":0,"publisher":{"@id":"https:\/\/www.manquecura.cl\/ciudad-del-este\/#organization"},"image":{"@id":"https:\/\/www.manquecura.cl\/ciudad-del-este\/noticias\/jornada-de-vacunacion\/#primaryimage"},"thumbnailUrl":"https:\/\/www.manquecura.cl\/ciudad-del-este\/wp-content\/uploads\/sites\/41\/2024\/04\/VACUNA-INFLUENZA.png","articleSection":["Vida Escolar"],"inLanguage":"es","potentialAction":[{"@type":"CommentAction","name":"Comment","target":["https:\/\/www.manquecura.cl\/ciudad-del-este\/noticias\/jornada-de-vacunacion\/#respond"]}]},{"@type":"WebPage","@id":"https:\/\/www.manquecura.cl\/ciudad-del-este\/noticias\/jornada-de-vacunacion\/","url":"https:\/\/www.manquecura.cl\/ciudad-del-este\/noticias\/jornada-de-vacunacion\/","name":"JORNADA DE VACUNACI\u00d3N INFLUENZA 2024 - Colegio Manquecura Ciudad del Este","isPartOf":{"@id":"https:\/\/www.manquecura.cl\/ciudad-del-este\/#website"},"primaryImageOfPage":{"@id":"https:\/\/www.manquecura.cl\/ciudad-del-este\/noticias\/jornada-de-vacunacion\/#primaryimage"},"image":{"@id":"https:\/\/www.manquecura.cl\/ciudad-del-este\/noticias\/jornada-de-vacunacion\/#primaryimage"},"thumbnailUrl":"https:\/\/www.manquecura.cl\/ciudad-del-este\/wp-content\/uploads\/sites\/41\/2024\/04\/VACUNA-INFLUENZA.png","datePublished":"2024-04-29T00:19:08+00:00","breadcrumb":{"@id":"https:\/\/www.manquecura.cl\/ciudad-del-este\/noticias\/jornada-de-vacunacion\/#breadcrumb"},"inLanguage":"es","potentialAction":[{"@type":"ReadAction","target":["https:\/\/www.manquecura.cl\/ciudad-del-este\/noticias\/jornada-de-vacunacion\/"]}]},{"@type":"ImageObject","inLanguage":"es","@id":"https:\/\/www.manquecura.cl\/ciudad-del-este\/noticias\/jornada-de-vacunacion\/#primaryimage","url":"https:\/\/www.manquecura.cl\/ciudad-del-este\/wp-content\/uploads\/sites\/41\/2024\/04\/VACUNA-INFLUENZA.png","contentUrl":"https:\/\/www.manquecura.cl\/ciudad-del-este\/wp-content\/uploads\/sites\/41\/2024\/04\/VACUNA-INFLUENZA.png","width":836,"height":523},{"@type":"BreadcrumbList","@id":"https:\/\/www.manquecura.cl\/ciudad-del-este\/noticias\/jornada-de-vacunacion\/#breadcrumb","itemListElement":[{"@type":"ListItem","position":1,"name":"Home","item":"https:\/\/www.manquecura.cl\/ciudad-del-este\/"},{"@type":"ListItem","position":2,"name":"JORNADA DE VACUNACI\u00d3N INFLUENZA 2024"}]},{"@type":"WebSite","@id":"https:\/\/www.manquecura.cl\/ciudad-del-este\/#website","url":"https:\/\/www.manquecura.cl\/ciudad-del-este\/","name":"Colegio Manquecura Ciudad del Este","description":"","publisher":{"@id":"https:\/\/www.manquecura.cl\/ciudad-del-este\/#organization"},"potentialAction":[{"@type":"SearchAction","target":{"@type":"EntryPoint","urlTemplate":"https:\/\/www.manquecura.cl\/ciudad-del-este\/?s={search_term_string}"},"query-input":{"@type":"PropertyValueSpecification","valueRequired":true,"valueName":"search_term_string"}}],"inLanguage":"es"},{"@type":"Organization","@id":"https:\/\/www.manquecura.cl\/ciudad-del-este\/#organization","name":"Colegio Manquecura Ciudad del Este","url":"https:\/\/www.manquecura.cl\/ciudad-del-este\/","logo":{"@type":"ImageObject","inLanguage":"es","@id":"https:\/\/www.manquecura.cl\/ciudad-del-este\/#\/schema\/logo\/image\/","url":"https:\/\/www.manquecura.cl\/ciudad-del-este\/wp-content\/uploads\/sites\/41\/2023\/09\/logo_Manquecura_Ciudad-del-Este_horizontal_color-1.png","contentUrl":"https:\/\/www.manquecura.cl\/ciudad-del-este\/wp-content\/uploads\/sites\/41\/2023\/09\/logo_Manquecura_Ciudad-del-Este_horizontal_color-1.png","width":611,"height":183,"caption":"Colegio Manquecura Ciudad del Este"},"image":{"@id":"https:\/\/www.manquecura.cl\/ciudad-del-este\/#\/schema\/logo\/image\/"},"sameAs":["http:\/\/www.facebook.com\/ColegiosManquecura","http:\/\/www.instagram.com\/manquecura_ciudaddeleste\/","http:\/\/www.youtube.com\/c\/CognitaChile"]},{"@type":"Person","@id":"https:\/\/www.manquecura.cl\/ciudad-del-este\/#\/schema\/person\/0debeea140e397b5d490ee7e553255d8","name":"jorgedelcampo","image":{"@type":"ImageObject","inLanguage":"es","@id":"https:\/\/www.manquecura.cl\/ciudad-del-este\/#\/schema\/person\/image\/","url":"https:\/\/secure.gravatar.com\/avatar\/4a315f521213b2dc91dbda9bf799f711c8a98ab6f5606ec42cf5b33d1e762e8a?s=96&d=mm&r=g","contentUrl":"https:\/\/secure.gravatar.com\/avatar\/4a315f521213b2dc91dbda9bf799f711c8a98ab6f5606ec42cf5b33d1e762e8a?s=96&d=mm&r=g","caption":"jorgedelcampo"}}]}},"jetpack_featured_media_url":"https:\/\/www.manquecura.cl\/ciudad-del-este\/wp-content\/uploads\/sites\/41\/2024\/04\/VACUNA-INFLUENZA.png","previous_post_ID":24995,"previous_post_title":"CELEBRACI\u00d3N D\u00cdA DEL LIBRO 2024","previous_post_excerpt":"&nbsp; El pasado martes 23 de abril, el Colegio Manquecura Ciudad Del Este se visti\u00f3 de fiesta para celebrar el D\u00eda del Libro, una jornada dedicada a fomentar el amor por la lectura y honrar la importancia de los libros en nuestras vidas.\u00a0Los estudiantes del colegio demostraron su entusiasmo y creatividad al prepararse para esta [&hellip;]","previous_post_link":"https:\/\/www.manquecura.cl\/ciudad-del-este\/noticias\/celebracion-dia-del-libro-2024\/","previous_post_class":["post-24995","post","type-post","status-publish","format-standard","has-post-thumbnail","hentry","category-vida-escolar"],"next_post_ID":25129,"next_post_title":"\u00a1EST\u00c1S CORDIALMENTE INVITADO!","next_post_excerpt":"&nbsp; Nos complace anunciarles que el pr\u00f3ximo s\u00e1bado 11 de mayo, de 11:30 a 13:00 hrs., se llevar\u00e1 a cabo nuestra tan esperada Feria de las Pulgas, organizada por el CAMPUR General de Estudiantes. Este evento, ya convertido en una tradici\u00f3n emocionante, promete ser una oportunidad \u00fanica para disfrutar, intercambiar y encontrar grandes tesoros. La [&hellip;]","next_post_link":"https:\/\/www.manquecura.cl\/ciudad-del-este\/noticias\/estas-cordialmente-invitado-a-nuestra-feria-de-las-pulgas\/","next_post_class":["post-25129","post","type-post","status-publish","format-standard","has-post-thumbnail","hentry","category-vida-escolar"],"jetpack_sharing_enabled":true,"_links":{"self":[{"href":"https:\/\/www.manquecura.cl\/ciudad-del-este\/wp-json\/wp\/v2\/posts\/25076","targetHints":{"allow":["GET"]}}],"collection":[{"href":"https:\/\/www.manquecura.cl\/ciudad-del-este\/wp-json\/wp\/v2\/posts"}],"about":[{"href":"https:\/\/www.manquecura.cl\/ciudad-del-este\/wp-json\/wp\/v2\/types\/post"}],"author":[{"embeddable":true,"href":"https:\/\/www.manquecura.cl\/ciudad-del-este\/wp-json\/wp\/v2\/users\/14"}],"replies":[{"embeddable":true,"href":"https:\/\/www.manquecura.cl\/ciudad-del-este\/wp-json\/wp\/v2\/comments?post=25076"}],"version-history":[{"count":0,"href":"https:\/\/www.manquecura.cl\/ciudad-del-este\/wp-json\/wp\/v2\/posts\/25076\/revisions"}],"wp:featuredmedia":[{"embeddable":true,"href":"https:\/\/www.manquecura.cl\/ciudad-del-este\/wp-json\/wp\/v2\/media\/25161"}],"wp:attachment":[{"href":"https:\/\/www.manquecura.cl\/ciudad-del-este\/wp-json\/wp\/v2\/media?parent=25076"}],"wp:term":[{"taxonomy":"category","embeddable":true,"href":"https:\/\/www.manquecura.cl\/ciudad-del-este\/wp-json\/wp\/v2\/categories?post=25076"},{"taxonomy":"post_tag","embeddable":true,"href":"https:\/\/www.manquecura.cl\/ciudad-del-este\/wp-json\/wp\/v2\/tags?post=25076"}],"curies":[{"name":"wp","href":"https:\/\/api.w.org\/{rel}","templated":true}]}}