{"id":24995,"date":"2024-04-25T13:17:47","date_gmt":"2024-04-25T17:17:47","guid":{"rendered":"https:\/\/www.manquecura.cl\/ciudad-del-este\/?p=24995"},"modified":"2024-04-25T13:17:47","modified_gmt":"2024-04-25T17:17:47","slug":"celebracion-dia-del-libro-2024","status":"publish","type":"post","link":"https:\/\/www.manquecura.cl\/ciudad-del-este\/noticias\/celebracion-dia-del-libro-2024\/","title":{"rendered":"CELEBRACI\u00d3N D\u00cdA DEL LIBRO 2024"},"content":{"rendered":"<p>&nbsp;<\/p>\n<p>El pasado martes 23 de abril, el Colegio Manquecura Ciudad Del Este se visti\u00f3 de fiesta para celebrar el D\u00eda del Libro, una jornada dedicada a fomentar el amor por la lectura y honrar la importancia de los libros en nuestras vidas.\u00a0Los estudiantes del colegio demostraron su entusiasmo y creatividad al prepararse para esta ocasi\u00f3n especial. Desde semanas antes, se dedicaron a elaborar disfraces inspirados en sus personajes literarios favoritos, decorar stands tem\u00e1ticos y participar en la planificaci\u00f3n de actividades junto con sus profesores.<\/p>\n<p>El evento fue una verdadera muestra del compromiso y la dedicaci\u00f3n de toda la comunidad educativa. Las aulas, puertas y murales del colegio se transformaron en verdaderos homenajes a la literatura, con coloridas decoraciones que invitaban a sumergirse en mundos imaginarios.<\/p>\n<p>Una de las actividades m\u00e1s destacadas fue el desfile de personajes literarios, donde los estudiantes desfilaron caracterizados como sus h\u00e9roes y hero\u00ednas de cuentos y novelas. La feria literaria &#8220;<strong>Mitos y Leyendas<\/strong>&#8221; fue otro punto culminante del d\u00eda, donde se compartieron historias ancestrales y se exploraron los misterios de la literatura fant\u00e1stica.<\/p>\n<p>Tambi\u00e9n el mi\u00e9rcoles 24 de abril, se llev\u00f3 a cabo un emocionante cuento interactivo para los estudiantes de tercer a\u00f1o b\u00e1sico. Bajo el t\u00edtulo &#8220;<strong>Adaptaci\u00f3n del Libro de la Selva<\/strong>&#8220;, los ni\u00f1os y ni\u00f1as participaron activamente en la narrativa, interactuando con los personajes, emitiendo sonidos caracter\u00edsticos, respondiendo preguntas y recreando movimientos, todo ello gracias al uso de herramientas tecnol\u00f3gicas innovadoras. La actividad fue coordinada por el profesor <strong>Lucas G\u00f3mez<\/strong>, quien se encarg\u00f3 de la programaci\u00f3n en Scratch para crear una experiencia digital envolvente, y por <strong>Carmen Elizondo<\/strong>, responsable de la elaboraci\u00f3n del texto y la narrativa del cuento.<\/p>\n<p>Por otra parte, la biblioteca fue el escenario de una emocionante visita el viernes 26 de abril para todos los estudiantes del ciclo de p\u00e1rvulo. Acompa\u00f1ados por sus respectivas educadoras, cada nivel recorri\u00f3 los diferentes espacios del lugar, familiariz\u00e1ndose con el entorno y fortaleciendo su v\u00ednculo con la lectura. Durante la visita, los ni\u00f1os y ni\u00f1as tuvieron la oportunidad de disfrutar de una narraci\u00f3n especial. En esta ocasi\u00f3n, se les present\u00f3 el cuento &#8220;<strong>El Incre\u00edble Ni\u00f1o Comelibros<\/strong>&#8220;, una historia cautivadora que despert\u00f3 su imaginaci\u00f3n y curiosidad. Con excepci\u00f3n del grupo Playgroup, quienes disfrutaron de una narraci\u00f3n con personajes de papel a cargo de su educadora <strong>Miriam Pacheco<\/strong>, todos los dem\u00e1s niveles fueron parte de esta experiencia en video. El feedback recibido fue muy positivo, evidenciando el impacto positivo de esta actividad en su desarrollo cognitivo y emocional.<\/p>\n<p>En resumen,\u00a0 la celebraci\u00f3n por el D\u00eda del Libro en nuestro colegio fue un rotundo \u00e9xito, gracias al esfuerzo y la dedicaci\u00f3n de todos los involucrados. Esta celebraci\u00f3n no solo fortaleci\u00f3 el v\u00ednculo de los estudiantes con la lectura, sino que tambi\u00e9n les brind\u00f3 la oportunidad de expresar su creatividad y compartir su pasi\u00f3n por los libros con toda la comunidad escolar. Adem\u00e1s, queremos extender nuestro m\u00e1s sincero agradecimiento a la talentosa fot\u00f3grafa <strong>Nayareth Greys<\/strong>, quien captur\u00f3 momentos memorables de este evento. En caso de requerir alguna fotograf\u00eda de su hijo, no duden en contactarla directamente. Su profesionalismo y habilidad para inmortalizar estos momentos a\u00f1aden un valor invaluable a nuestros recuerdos.<\/p>\n<h4><strong><em>\u00a1Que viva la literatura y el amor por la lectura!<\/em><\/strong><\/h4>\n"},"excerpt":{"rendered":"<p>&nbsp; El pasado martes 23 de abril, el Colegio Manquecura Ciudad Del Este se visti\u00f3 de fiesta para celebrar el D\u00eda del Libro, una jornada dedicada a fomentar el amor por la lectura y honrar la importancia de los libros en nuestras vidas.\u00a0Los estudiantes del colegio demostraron su entusiasmo y creatividad al prepararse para esta [&hellip;]<\/p>\n","protected":false},"author":14,"featured_media":25000,"comment_status":"open","ping_status":"open","sticky":false,"template":"","format":"standard","meta":{"_acf_changed":false,"content-type":"","_jetpack_memberships_contains_paid_content":false,"footnotes":""},"categories":[1],"tags":[],"class_list":["post-24995","post","type-post","status-publish","format-standard","has-post-thumbnail","hentry","category-vida-escolar"],"acf":[],"yoast_head":"<!-- This site is optimized with the Yoast SEO plugin v27.1.1 - https:\/\/yoast.com\/product\/yoast-seo-wordpress\/ -->\n<title>CELEBRACI\u00d3N D\u00cdA DEL LIBRO 2024 - Colegio Manquecura Ciudad del Este<\/title>\n<meta name=\"robots\" content=\"index, follow, max-snippet:-1, max-image-preview:large, max-video-preview:-1\" \/>\n<link rel=\"canonical\" href=\"https:\/\/www.manquecura.cl\/ciudad-del-este\/noticias\/celebracion-dia-del-libro-2024\/\" \/>\n<meta property=\"og:locale\" content=\"es_ES\" \/>\n<meta property=\"og:type\" content=\"article\" \/>\n<meta property=\"og:title\" content=\"CELEBRACI\u00d3N D\u00cdA DEL LIBRO 2024 - Colegio Manquecura Ciudad del Este\" \/>\n<meta property=\"og:description\" content=\"&nbsp; El pasado martes 23 de abril, el Colegio Manquecura Ciudad Del Este se visti\u00f3 de fiesta para celebrar el D\u00eda del Libro, una jornada dedicada a fomentar el amor por la lectura y honrar la importancia de los libros en nuestras vidas.\u00a0Los estudiantes del colegio demostraron su entusiasmo y creatividad al prepararse para esta [&hellip;]\" \/>\n<meta property=\"og:url\" content=\"https:\/\/www.manquecura.cl\/ciudad-del-este\/noticias\/celebracion-dia-del-libro-2024\/\" \/>\n<meta property=\"og:site_name\" content=\"Colegio Manquecura Ciudad del Este\" \/>\n<meta property=\"article:publisher\" content=\"http:\/\/www.facebook.com\/ColegiosManquecura\" \/>\n<meta property=\"article:published_time\" content=\"2024-04-25T17:17:47+00:00\" \/>\n<meta property=\"og:image\" content=\"https:\/\/www.manquecura.cl\/ciudad-del-este\/wp-content\/uploads\/sites\/41\/2024\/04\/Imagen-de-WhatsApp-2024-04-23-a-las-18.32.29_ff5752a5-e1714090841511.jpg\" \/>\n\t<meta property=\"og:image:width\" content=\"1280\" \/>\n\t<meta property=\"og:image:height\" content=\"802\" \/>\n\t<meta property=\"og:image:type\" content=\"image\/jpeg\" \/>\n<meta name=\"author\" content=\"jorgedelcampo\" \/>\n<meta name=\"twitter:card\" content=\"summary_large_image\" \/>\n<meta name=\"twitter:label1\" content=\"Escrito por\" \/>\n\t<meta name=\"twitter:data1\" content=\"jorgedelcampo\" \/>\n\t<meta name=\"twitter:label2\" content=\"Tiempo de lectura\" \/>\n\t<meta name=\"twitter:data2\" content=\"3 minutos\" \/>\n<script type=\"application\/ld+json\" class=\"yoast-schema-graph\">{\"@context\":\"https:\/\/schema.org\",\"@graph\":[{\"@type\":\"Article\",\"@id\":\"https:\/\/www.manquecura.cl\/ciudad-del-este\/noticias\/celebracion-dia-del-libro-2024\/#article\",\"isPartOf\":{\"@id\":\"https:\/\/www.manquecura.cl\/ciudad-del-este\/noticias\/celebracion-dia-del-libro-2024\/\"},\"author\":{\"name\":\"jorgedelcampo\",\"@id\":\"https:\/\/www.manquecura.cl\/ciudad-del-este\/#\/schema\/person\/0debeea140e397b5d490ee7e553255d8\"},\"headline\":\"CELEBRACI\u00d3N D\u00cdA DEL LIBRO 2024\",\"datePublished\":\"2024-04-25T17:17:47+00:00\",\"mainEntityOfPage\":{\"@id\":\"https:\/\/www.manquecura.cl\/ciudad-del-este\/noticias\/celebracion-dia-del-libro-2024\/\"},\"wordCount\":587,\"commentCount\":0,\"publisher\":{\"@id\":\"https:\/\/www.manquecura.cl\/ciudad-del-este\/#organization\"},\"image\":{\"@id\":\"https:\/\/www.manquecura.cl\/ciudad-del-este\/noticias\/celebracion-dia-del-libro-2024\/#primaryimage\"},\"thumbnailUrl\":\"https:\/\/www.manquecura.cl\/ciudad-del-este\/wp-content\/uploads\/sites\/41\/2024\/04\/Imagen-de-WhatsApp-2024-04-23-a-las-18.32.29_ff5752a5-e1714090841511.jpg\",\"articleSection\":[\"Vida Escolar\"],\"inLanguage\":\"es\",\"potentialAction\":[{\"@type\":\"CommentAction\",\"name\":\"Comment\",\"target\":[\"https:\/\/www.manquecura.cl\/ciudad-del-este\/noticias\/celebracion-dia-del-libro-2024\/#respond\"]}]},{\"@type\":\"WebPage\",\"@id\":\"https:\/\/www.manquecura.cl\/ciudad-del-este\/noticias\/celebracion-dia-del-libro-2024\/\",\"url\":\"https:\/\/www.manquecura.cl\/ciudad-del-este\/noticias\/celebracion-dia-del-libro-2024\/\",\"name\":\"CELEBRACI\u00d3N D\u00cdA DEL LIBRO 2024 - Colegio Manquecura Ciudad del Este\",\"isPartOf\":{\"@id\":\"https:\/\/www.manquecura.cl\/ciudad-del-este\/#website\"},\"primaryImageOfPage\":{\"@id\":\"https:\/\/www.manquecura.cl\/ciudad-del-este\/noticias\/celebracion-dia-del-libro-2024\/#primaryimage\"},\"image\":{\"@id\":\"https:\/\/www.manquecura.cl\/ciudad-del-este\/noticias\/celebracion-dia-del-libro-2024\/#primaryimage\"},\"thumbnailUrl\":\"https:\/\/www.manquecura.cl\/ciudad-del-este\/wp-content\/uploads\/sites\/41\/2024\/04\/Imagen-de-WhatsApp-2024-04-23-a-las-18.32.29_ff5752a5-e1714090841511.jpg\",\"datePublished\":\"2024-04-25T17:17:47+00:00\",\"breadcrumb\":{\"@id\":\"https:\/\/www.manquecura.cl\/ciudad-del-este\/noticias\/celebracion-dia-del-libro-2024\/#breadcrumb\"},\"inLanguage\":\"es\",\"potentialAction\":[{\"@type\":\"ReadAction\",\"target\":[\"https:\/\/www.manquecura.cl\/ciudad-del-este\/noticias\/celebracion-dia-del-libro-2024\/\"]}]},{\"@type\":\"ImageObject\",\"inLanguage\":\"es\",\"@id\":\"https:\/\/www.manquecura.cl\/ciudad-del-este\/noticias\/celebracion-dia-del-libro-2024\/#primaryimage\",\"url\":\"https:\/\/www.manquecura.cl\/ciudad-del-este\/wp-content\/uploads\/sites\/41\/2024\/04\/Imagen-de-WhatsApp-2024-04-23-a-las-18.32.29_ff5752a5-e1714090841511.jpg\",\"contentUrl\":\"https:\/\/www.manquecura.cl\/ciudad-del-este\/wp-content\/uploads\/sites\/41\/2024\/04\/Imagen-de-WhatsApp-2024-04-23-a-las-18.32.29_ff5752a5-e1714090841511.jpg\",\"width\":1280,\"height\":802},{\"@type\":\"BreadcrumbList\",\"@id\":\"https:\/\/www.manquecura.cl\/ciudad-del-este\/noticias\/celebracion-dia-del-libro-2024\/#breadcrumb\",\"itemListElement\":[{\"@type\":\"ListItem\",\"position\":1,\"name\":\"Home\",\"item\":\"https:\/\/www.manquecura.cl\/ciudad-del-este\/\"},{\"@type\":\"ListItem\",\"position\":2,\"name\":\"CELEBRACI\u00d3N D\u00cdA DEL LIBRO 2024\"}]},{\"@type\":\"WebSite\",\"@id\":\"https:\/\/www.manquecura.cl\/ciudad-del-este\/#website\",\"url\":\"https:\/\/www.manquecura.cl\/ciudad-del-este\/\",\"name\":\"Colegio Manquecura Ciudad del Este\",\"description\":\"\",\"publisher\":{\"@id\":\"https:\/\/www.manquecura.cl\/ciudad-del-este\/#organization\"},\"potentialAction\":[{\"@type\":\"SearchAction\",\"target\":{\"@type\":\"EntryPoint\",\"urlTemplate\":\"https:\/\/www.manquecura.cl\/ciudad-del-este\/?s={search_term_string}\"},\"query-input\":{\"@type\":\"PropertyValueSpecification\",\"valueRequired\":true,\"valueName\":\"search_term_string\"}}],\"inLanguage\":\"es\"},{\"@type\":\"Organization\",\"@id\":\"https:\/\/www.manquecura.cl\/ciudad-del-este\/#organization\",\"name\":\"Colegio Manquecura Ciudad del Este\",\"url\":\"https:\/\/www.manquecura.cl\/ciudad-del-este\/\",\"logo\":{\"@type\":\"ImageObject\",\"inLanguage\":\"es\",\"@id\":\"https:\/\/www.manquecura.cl\/ciudad-del-este\/#\/schema\/logo\/image\/\",\"url\":\"https:\/\/www.manquecura.cl\/ciudad-del-este\/wp-content\/uploads\/sites\/41\/2023\/09\/logo_Manquecura_Ciudad-del-Este_horizontal_color-1.png\",\"contentUrl\":\"https:\/\/www.manquecura.cl\/ciudad-del-este\/wp-content\/uploads\/sites\/41\/2023\/09\/logo_Manquecura_Ciudad-del-Este_horizontal_color-1.png\",\"width\":611,\"height\":183,\"caption\":\"Colegio Manquecura Ciudad del Este\"},\"image\":{\"@id\":\"https:\/\/www.manquecura.cl\/ciudad-del-este\/#\/schema\/logo\/image\/\"},\"sameAs\":[\"http:\/\/www.facebook.com\/ColegiosManquecura\",\"http:\/\/www.instagram.com\/manquecura_ciudaddeleste\/\",\"http:\/\/www.youtube.com\/c\/CognitaChile\"]},{\"@type\":\"Person\",\"@id\":\"https:\/\/www.manquecura.cl\/ciudad-del-este\/#\/schema\/person\/0debeea140e397b5d490ee7e553255d8\",\"name\":\"jorgedelcampo\",\"image\":{\"@type\":\"ImageObject\",\"inLanguage\":\"es\",\"@id\":\"https:\/\/www.manquecura.cl\/ciudad-del-este\/#\/schema\/person\/image\/\",\"url\":\"https:\/\/secure.gravatar.com\/avatar\/4a315f521213b2dc91dbda9bf799f711c8a98ab6f5606ec42cf5b33d1e762e8a?s=96&d=mm&r=g\",\"contentUrl\":\"https:\/\/secure.gravatar.com\/avatar\/4a315f521213b2dc91dbda9bf799f711c8a98ab6f5606ec42cf5b33d1e762e8a?s=96&d=mm&r=g\",\"caption\":\"jorgedelcampo\"}}]}<\/script>\n<!-- \/ Yoast SEO plugin. -->","yoast_head_json":{"title":"CELEBRACI\u00d3N D\u00cdA DEL LIBRO 2024 - Colegio Manquecura Ciudad del Este","robots":{"index":"index","follow":"follow","max-snippet":"max-snippet:-1","max-image-preview":"max-image-preview:large","max-video-preview":"max-video-preview:-1"},"canonical":"https:\/\/www.manquecura.cl\/ciudad-del-este\/noticias\/celebracion-dia-del-libro-2024\/","og_locale":"es_ES","og_type":"article","og_title":"CELEBRACI\u00d3N D\u00cdA DEL LIBRO 2024 - Colegio Manquecura Ciudad del Este","og_description":"&nbsp; El pasado martes 23 de abril, el Colegio Manquecura Ciudad Del Este se visti\u00f3 de fiesta para celebrar el D\u00eda del Libro, una jornada dedicada a fomentar el amor por la lectura y honrar la importancia de los libros en nuestras vidas.\u00a0Los estudiantes del colegio demostraron su entusiasmo y creatividad al prepararse para esta [&hellip;]","og_url":"https:\/\/www.manquecura.cl\/ciudad-del-este\/noticias\/celebracion-dia-del-libro-2024\/","og_site_name":"Colegio Manquecura Ciudad del Este","article_publisher":"http:\/\/www.facebook.com\/ColegiosManquecura","article_published_time":"2024-04-25T17:17:47+00:00","og_image":[{"width":1280,"height":802,"url":"https:\/\/www.manquecura.cl\/ciudad-del-este\/wp-content\/uploads\/sites\/41\/2024\/04\/Imagen-de-WhatsApp-2024-04-23-a-las-18.32.29_ff5752a5-e1714090841511.jpg","type":"image\/jpeg"}],"author":"jorgedelcampo","twitter_card":"summary_large_image","twitter_misc":{"Escrito por":"jorgedelcampo","Tiempo de lectura":"3 minutos"},"schema":{"@context":"https:\/\/schema.org","@graph":[{"@type":"Article","@id":"https:\/\/www.manquecura.cl\/ciudad-del-este\/noticias\/celebracion-dia-del-libro-2024\/#article","isPartOf":{"@id":"https:\/\/www.manquecura.cl\/ciudad-del-este\/noticias\/celebracion-dia-del-libro-2024\/"},"author":{"name":"jorgedelcampo","@id":"https:\/\/www.manquecura.cl\/ciudad-del-este\/#\/schema\/person\/0debeea140e397b5d490ee7e553255d8"},"headline":"CELEBRACI\u00d3N D\u00cdA DEL LIBRO 2024","datePublished":"2024-04-25T17:17:47+00:00","mainEntityOfPage":{"@id":"https:\/\/www.manquecura.cl\/ciudad-del-este\/noticias\/celebracion-dia-del-libro-2024\/"},"wordCount":587,"commentCount":0,"publisher":{"@id":"https:\/\/www.manquecura.cl\/ciudad-del-este\/#organization"},"image":{"@id":"https:\/\/www.manquecura.cl\/ciudad-del-este\/noticias\/celebracion-dia-del-libro-2024\/#primaryimage"},"thumbnailUrl":"https:\/\/www.manquecura.cl\/ciudad-del-este\/wp-content\/uploads\/sites\/41\/2024\/04\/Imagen-de-WhatsApp-2024-04-23-a-las-18.32.29_ff5752a5-e1714090841511.jpg","articleSection":["Vida Escolar"],"inLanguage":"es","potentialAction":[{"@type":"CommentAction","name":"Comment","target":["https:\/\/www.manquecura.cl\/ciudad-del-este\/noticias\/celebracion-dia-del-libro-2024\/#respond"]}]},{"@type":"WebPage","@id":"https:\/\/www.manquecura.cl\/ciudad-del-este\/noticias\/celebracion-dia-del-libro-2024\/","url":"https:\/\/www.manquecura.cl\/ciudad-del-este\/noticias\/celebracion-dia-del-libro-2024\/","name":"CELEBRACI\u00d3N D\u00cdA DEL LIBRO 2024 - Colegio Manquecura Ciudad del Este","isPartOf":{"@id":"https:\/\/www.manquecura.cl\/ciudad-del-este\/#website"},"primaryImageOfPage":{"@id":"https:\/\/www.manquecura.cl\/ciudad-del-este\/noticias\/celebracion-dia-del-libro-2024\/#primaryimage"},"image":{"@id":"https:\/\/www.manquecura.cl\/ciudad-del-este\/noticias\/celebracion-dia-del-libro-2024\/#primaryimage"},"thumbnailUrl":"https:\/\/www.manquecura.cl\/ciudad-del-este\/wp-content\/uploads\/sites\/41\/2024\/04\/Imagen-de-WhatsApp-2024-04-23-a-las-18.32.29_ff5752a5-e1714090841511.jpg","datePublished":"2024-04-25T17:17:47+00:00","breadcrumb":{"@id":"https:\/\/www.manquecura.cl\/ciudad-del-este\/noticias\/celebracion-dia-del-libro-2024\/#breadcrumb"},"inLanguage":"es","potentialAction":[{"@type":"ReadAction","target":["https:\/\/www.manquecura.cl\/ciudad-del-este\/noticias\/celebracion-dia-del-libro-2024\/"]}]},{"@type":"ImageObject","inLanguage":"es","@id":"https:\/\/www.manquecura.cl\/ciudad-del-este\/noticias\/celebracion-dia-del-libro-2024\/#primaryimage","url":"https:\/\/www.manquecura.cl\/ciudad-del-este\/wp-content\/uploads\/sites\/41\/2024\/04\/Imagen-de-WhatsApp-2024-04-23-a-las-18.32.29_ff5752a5-e1714090841511.jpg","contentUrl":"https:\/\/www.manquecura.cl\/ciudad-del-este\/wp-content\/uploads\/sites\/41\/2024\/04\/Imagen-de-WhatsApp-2024-04-23-a-las-18.32.29_ff5752a5-e1714090841511.jpg","width":1280,"height":802},{"@type":"BreadcrumbList","@id":"https:\/\/www.manquecura.cl\/ciudad-del-este\/noticias\/celebracion-dia-del-libro-2024\/#breadcrumb","itemListElement":[{"@type":"ListItem","position":1,"name":"Home","item":"https:\/\/www.manquecura.cl\/ciudad-del-este\/"},{"@type":"ListItem","position":2,"name":"CELEBRACI\u00d3N D\u00cdA DEL LIBRO 2024"}]},{"@type":"WebSite","@id":"https:\/\/www.manquecura.cl\/ciudad-del-este\/#website","url":"https:\/\/www.manquecura.cl\/ciudad-del-este\/","name":"Colegio Manquecura Ciudad del Este","description":"","publisher":{"@id":"https:\/\/www.manquecura.cl\/ciudad-del-este\/#organization"},"potentialAction":[{"@type":"SearchAction","target":{"@type":"EntryPoint","urlTemplate":"https:\/\/www.manquecura.cl\/ciudad-del-este\/?s={search_term_string}"},"query-input":{"@type":"PropertyValueSpecification","valueRequired":true,"valueName":"search_term_string"}}],"inLanguage":"es"},{"@type":"Organization","@id":"https:\/\/www.manquecura.cl\/ciudad-del-este\/#organization","name":"Colegio Manquecura Ciudad del Este","url":"https:\/\/www.manquecura.cl\/ciudad-del-este\/","logo":{"@type":"ImageObject","inLanguage":"es","@id":"https:\/\/www.manquecura.cl\/ciudad-del-este\/#\/schema\/logo\/image\/","url":"https:\/\/www.manquecura.cl\/ciudad-del-este\/wp-content\/uploads\/sites\/41\/2023\/09\/logo_Manquecura_Ciudad-del-Este_horizontal_color-1.png","contentUrl":"https:\/\/www.manquecura.cl\/ciudad-del-este\/wp-content\/uploads\/sites\/41\/2023\/09\/logo_Manquecura_Ciudad-del-Este_horizontal_color-1.png","width":611,"height":183,"caption":"Colegio Manquecura Ciudad del Este"},"image":{"@id":"https:\/\/www.manquecura.cl\/ciudad-del-este\/#\/schema\/logo\/image\/"},"sameAs":["http:\/\/www.facebook.com\/ColegiosManquecura","http:\/\/www.instagram.com\/manquecura_ciudaddeleste\/","http:\/\/www.youtube.com\/c\/CognitaChile"]},{"@type":"Person","@id":"https:\/\/www.manquecura.cl\/ciudad-del-este\/#\/schema\/person\/0debeea140e397b5d490ee7e553255d8","name":"jorgedelcampo","image":{"@type":"ImageObject","inLanguage":"es","@id":"https:\/\/www.manquecura.cl\/ciudad-del-este\/#\/schema\/person\/image\/","url":"https:\/\/secure.gravatar.com\/avatar\/4a315f521213b2dc91dbda9bf799f711c8a98ab6f5606ec42cf5b33d1e762e8a?s=96&d=mm&r=g","contentUrl":"https:\/\/secure.gravatar.com\/avatar\/4a315f521213b2dc91dbda9bf799f711c8a98ab6f5606ec42cf5b33d1e762e8a?s=96&d=mm&r=g","caption":"jorgedelcampo"}}]}},"jetpack_featured_media_url":"https:\/\/www.manquecura.cl\/ciudad-del-este\/wp-content\/uploads\/sites\/41\/2024\/04\/Imagen-de-WhatsApp-2024-04-23-a-las-18.32.29_ff5752a5-e1714090841511.jpg","previous_post_ID":24975,"previous_post_title":"ENTREGA DE CARNET DE BIBLIOTECA PARA 1\u00b0B\u00c1SICOS","previous_post_excerpt":"&nbsp; El Colegio Manquecura celebr\u00f3 una emocionante jornada dedicada a fomentar el amor por la lectura entre sus estudiantes. En un esfuerzo por incentivar la visita a la biblioteca como un espacio de lectura, estudio y encuentro, se llev\u00f3 a cabo la entrega de carnets de biblioteca. El evento tuvo lugar el lunes 22 de [&hellip;]","previous_post_link":"https:\/\/www.manquecura.cl\/ciudad-del-este\/noticias\/entrega-de-carnet-de-biblioteca-para-1basicos\/","previous_post_class":["post-24975","post","type-post","status-publish","format-standard","has-post-thumbnail","hentry","category-vida-escolar"],"next_post_ID":25076,"next_post_title":"JORNADA DE VACUNACI\u00d3N INFLUENZA 2024","next_post_excerpt":"\u00a1Atenci\u00f3n Comunidad Manquecura! Nos complace informarles que los pr\u00f3ximos d\u00edas 7 y 8 de mayo se llevar\u00e1 a cabo en nuestro colegio el procedimiento del Plan de Vacunaci\u00f3n Escolar, conforme al calendario 2024. En esta ocasi\u00f3n, se administrar\u00e1 la vacuna contra la Influenza a los siguientes niveles: Playgroup, Jard\u00edn Infantil, Prek\u00ednder, K\u00ednder y 1\u00b0 a [&hellip;]","next_post_link":"https:\/\/www.manquecura.cl\/ciudad-del-este\/noticias\/jornada-de-vacunacion\/","next_post_class":["post-25076","post","type-post","status-publish","format-standard","has-post-thumbnail","hentry","category-vida-escolar"],"jetpack_sharing_enabled":true,"_links":{"self":[{"href":"https:\/\/www.manquecura.cl\/ciudad-del-este\/wp-json\/wp\/v2\/posts\/24995","targetHints":{"allow":["GET"]}}],"collection":[{"href":"https:\/\/www.manquecura.cl\/ciudad-del-este\/wp-json\/wp\/v2\/posts"}],"about":[{"href":"https:\/\/www.manquecura.cl\/ciudad-del-este\/wp-json\/wp\/v2\/types\/post"}],"author":[{"embeddable":true,"href":"https:\/\/www.manquecura.cl\/ciudad-del-este\/wp-json\/wp\/v2\/users\/14"}],"replies":[{"embeddable":true,"href":"https:\/\/www.manquecura.cl\/ciudad-del-este\/wp-json\/wp\/v2\/comments?post=24995"}],"version-history":[{"count":0,"href":"https:\/\/www.manquecura.cl\/ciudad-del-este\/wp-json\/wp\/v2\/posts\/24995\/revisions"}],"wp:featuredmedia":[{"embeddable":true,"href":"https:\/\/www.manquecura.cl\/ciudad-del-este\/wp-json\/wp\/v2\/media\/25000"}],"wp:attachment":[{"href":"https:\/\/www.manquecura.cl\/ciudad-del-este\/wp-json\/wp\/v2\/media?parent=24995"}],"wp:term":[{"taxonomy":"category","embeddable":true,"href":"https:\/\/www.manquecura.cl\/ciudad-del-este\/wp-json\/wp\/v2\/categories?post=24995"},{"taxonomy":"post_tag","embeddable":true,"href":"https:\/\/www.manquecura.cl\/ciudad-del-este\/wp-json\/wp\/v2\/tags?post=24995"}],"curies":[{"name":"wp","href":"https:\/\/api.w.org\/{rel}","templated":true}]}}