{"id":24880,"date":"2024-04-10T18:10:44","date_gmt":"2024-04-10T22:10:44","guid":{"rendered":"https:\/\/www.manquecura.cl\/ciudad-del-este\/?p=24880"},"modified":"2024-04-10T18:10:44","modified_gmt":"2024-04-10T22:10:44","slug":"ganadores-jornada-deportiva-2024","status":"publish","type":"post","link":"https:\/\/www.manquecura.cl\/ciudad-del-este\/noticias\/ganadores-jornada-deportiva-2024\/","title":{"rendered":"GANADORES JORNADA DEPORTIVA 2024"},"content":{"rendered":"<p>Recordando nuestra reciente Jornada Deportiva, el Gimnasio Energy de Mall Plaza Tobalaba se uni\u00f3 a la celebraci\u00f3n y decidi\u00f3 premiar a los asistentes m\u00e1s motivados con membres\u00edas exclusivas.<\/p>\n<p>Nos complace anunciar que los siguientes ganadores reconocidos por su dedicaci\u00f3n y entusiasmo durante la jornada:<\/p>\n<ul>\n<li>Jessica Leyton<\/li>\n<li>Nataly Parra<\/li>\n<li>Alessandra Loxi<\/li>\n<li>Eduardo Esp\u00edndola<\/li>\n<li>Barbara Andrewartha<\/li>\n<li>Jessica Garmanal<\/li>\n<li>Ayline Zu\u00f1iga<\/li>\n<li>Karla Arra\u00f1o<\/li>\n<li>Carolina Gajardo<\/li>\n<li>\u00c1lvaro Salas<\/li>\n<li>Mauricio Quijada<\/li>\n<li>Jonathan Villalobos<\/li>\n<li>David P\u00e1ez<\/li>\n<li>Sergio Arancibia<\/li>\n<li>Natalia R\u00edos<\/li>\n<li>Tiare Ot\u00e1rola<\/li>\n<li>Daniela Riveros<\/li>\n<\/ul>\n<p>Adem\u00e1s, queremos informarles que el Gimnasio Energy se comunicar\u00e1 con los premiados para explicarles el uso de este beneficio y resolver cualquier duda que puedan tener al respecto.<\/p>\n<p>Extendemos nuestro m\u00e1s sincero agradecimiento al Gimnasio Energy, al instructor Guillermo Le\u00f3n y a todo el equipo de preparadores f\u00edsicos por su generoso apoyo durante esta jornada. Su contribuci\u00f3n fue fundamental para el \u00e9xito de este evento y esperamos seguir colaborando en futuras ocasiones para promover la actividad f\u00edsica y el bienestar en nuestra comunidad escolar.<\/p>\n<p><strong>\u00a1Felicidades a todos los premiados y gracias a todos los que participaron en esta emocionante jornada!<\/strong><\/p>\n"},"excerpt":{"rendered":"<p>Recordando nuestra reciente Jornada Deportiva, el Gimnasio Energy de Mall Plaza Tobalaba se uni\u00f3 a la celebraci\u00f3n y decidi\u00f3 premiar a los asistentes m\u00e1s motivados con membres\u00edas exclusivas. Nos complace anunciar que los siguientes ganadores reconocidos por su dedicaci\u00f3n y entusiasmo durante la jornada: Jessica Leyton Nataly Parra Alessandra Loxi Eduardo Esp\u00edndola Barbara Andrewartha Jessica [&hellip;]<\/p>\n","protected":false},"author":14,"featured_media":24734,"comment_status":"open","ping_status":"open","sticky":false,"template":"","format":"standard","meta":{"_acf_changed":false,"content-type":"","_jetpack_memberships_contains_paid_content":false,"footnotes":""},"categories":[1],"tags":[],"class_list":["post-24880","post","type-post","status-publish","format-standard","has-post-thumbnail","hentry","category-vida-escolar"],"acf":[],"yoast_head":"<!-- This site is optimized with the Yoast SEO plugin v27.1.1 - https:\/\/yoast.com\/product\/yoast-seo-wordpress\/ -->\n<title>GANADORES JORNADA DEPORTIVA 2024 - Colegio Manquecura Ciudad del Este<\/title>\n<meta name=\"robots\" content=\"index, follow, max-snippet:-1, max-image-preview:large, max-video-preview:-1\" \/>\n<link rel=\"canonical\" href=\"https:\/\/www.manquecura.cl\/ciudad-del-este\/noticias\/ganadores-jornada-deportiva-2024\/\" \/>\n<meta property=\"og:locale\" content=\"es_ES\" \/>\n<meta property=\"og:type\" content=\"article\" \/>\n<meta property=\"og:title\" content=\"GANADORES JORNADA DEPORTIVA 2024 - Colegio Manquecura Ciudad del Este\" \/>\n<meta property=\"og:description\" content=\"Recordando nuestra reciente Jornada Deportiva, el Gimnasio Energy de Mall Plaza Tobalaba se uni\u00f3 a la celebraci\u00f3n y decidi\u00f3 premiar a los asistentes m\u00e1s motivados con membres\u00edas exclusivas. Nos complace anunciar que los siguientes ganadores reconocidos por su dedicaci\u00f3n y entusiasmo durante la jornada: Jessica Leyton Nataly Parra Alessandra Loxi Eduardo Esp\u00edndola Barbara Andrewartha Jessica [&hellip;]\" \/>\n<meta property=\"og:url\" content=\"https:\/\/www.manquecura.cl\/ciudad-del-este\/noticias\/ganadores-jornada-deportiva-2024\/\" \/>\n<meta property=\"og:site_name\" content=\"Colegio Manquecura Ciudad del Este\" \/>\n<meta property=\"article:publisher\" content=\"http:\/\/www.facebook.com\/ColegiosManquecura\" \/>\n<meta property=\"article:published_time\" content=\"2024-04-10T22:10:44+00:00\" \/>\n<meta property=\"og:image\" content=\"https:\/\/www.manquecura.cl\/ciudad-del-este\/wp-content\/uploads\/sites\/41\/2024\/03\/WhatsApp-Image-2024-03-23-at-1.17.46-PM-e1712787020759.jpeg\" \/>\n\t<meta property=\"og:image:width\" content=\"1512\" \/>\n\t<meta property=\"og:image:height\" content=\"947\" \/>\n\t<meta property=\"og:image:type\" content=\"image\/jpeg\" \/>\n<meta name=\"author\" content=\"jorgedelcampo\" \/>\n<meta name=\"twitter:card\" content=\"summary_large_image\" \/>\n<meta name=\"twitter:label1\" content=\"Escrito por\" \/>\n\t<meta name=\"twitter:data1\" content=\"jorgedelcampo\" \/>\n\t<meta name=\"twitter:label2\" content=\"Tiempo de lectura\" \/>\n\t<meta name=\"twitter:data2\" content=\"2 minutos\" \/>\n<script type=\"application\/ld+json\" class=\"yoast-schema-graph\">{\"@context\":\"https:\/\/schema.org\",\"@graph\":[{\"@type\":\"Article\",\"@id\":\"https:\/\/www.manquecura.cl\/ciudad-del-este\/noticias\/ganadores-jornada-deportiva-2024\/#article\",\"isPartOf\":{\"@id\":\"https:\/\/www.manquecura.cl\/ciudad-del-este\/noticias\/ganadores-jornada-deportiva-2024\/\"},\"author\":{\"name\":\"jorgedelcampo\",\"@id\":\"https:\/\/www.manquecura.cl\/ciudad-del-este\/#\/schema\/person\/0debeea140e397b5d490ee7e553255d8\"},\"headline\":\"GANADORES JORNADA DEPORTIVA 2024\",\"datePublished\":\"2024-04-10T22:10:44+00:00\",\"mainEntityOfPage\":{\"@id\":\"https:\/\/www.manquecura.cl\/ciudad-del-este\/noticias\/ganadores-jornada-deportiva-2024\/\"},\"wordCount\":197,\"commentCount\":0,\"publisher\":{\"@id\":\"https:\/\/www.manquecura.cl\/ciudad-del-este\/#organization\"},\"image\":{\"@id\":\"https:\/\/www.manquecura.cl\/ciudad-del-este\/noticias\/ganadores-jornada-deportiva-2024\/#primaryimage\"},\"thumbnailUrl\":\"https:\/\/www.manquecura.cl\/ciudad-del-este\/wp-content\/uploads\/sites\/41\/2024\/03\/WhatsApp-Image-2024-03-23-at-1.17.46-PM-e1712787020759.jpeg\",\"articleSection\":[\"Vida Escolar\"],\"inLanguage\":\"es\",\"potentialAction\":[{\"@type\":\"CommentAction\",\"name\":\"Comment\",\"target\":[\"https:\/\/www.manquecura.cl\/ciudad-del-este\/noticias\/ganadores-jornada-deportiva-2024\/#respond\"]}]},{\"@type\":\"WebPage\",\"@id\":\"https:\/\/www.manquecura.cl\/ciudad-del-este\/noticias\/ganadores-jornada-deportiva-2024\/\",\"url\":\"https:\/\/www.manquecura.cl\/ciudad-del-este\/noticias\/ganadores-jornada-deportiva-2024\/\",\"name\":\"GANADORES JORNADA DEPORTIVA 2024 - Colegio Manquecura Ciudad del Este\",\"isPartOf\":{\"@id\":\"https:\/\/www.manquecura.cl\/ciudad-del-este\/#website\"},\"primaryImageOfPage\":{\"@id\":\"https:\/\/www.manquecura.cl\/ciudad-del-este\/noticias\/ganadores-jornada-deportiva-2024\/#primaryimage\"},\"image\":{\"@id\":\"https:\/\/www.manquecura.cl\/ciudad-del-este\/noticias\/ganadores-jornada-deportiva-2024\/#primaryimage\"},\"thumbnailUrl\":\"https:\/\/www.manquecura.cl\/ciudad-del-este\/wp-content\/uploads\/sites\/41\/2024\/03\/WhatsApp-Image-2024-03-23-at-1.17.46-PM-e1712787020759.jpeg\",\"datePublished\":\"2024-04-10T22:10:44+00:00\",\"breadcrumb\":{\"@id\":\"https:\/\/www.manquecura.cl\/ciudad-del-este\/noticias\/ganadores-jornada-deportiva-2024\/#breadcrumb\"},\"inLanguage\":\"es\",\"potentialAction\":[{\"@type\":\"ReadAction\",\"target\":[\"https:\/\/www.manquecura.cl\/ciudad-del-este\/noticias\/ganadores-jornada-deportiva-2024\/\"]}]},{\"@type\":\"ImageObject\",\"inLanguage\":\"es\",\"@id\":\"https:\/\/www.manquecura.cl\/ciudad-del-este\/noticias\/ganadores-jornada-deportiva-2024\/#primaryimage\",\"url\":\"https:\/\/www.manquecura.cl\/ciudad-del-este\/wp-content\/uploads\/sites\/41\/2024\/03\/WhatsApp-Image-2024-03-23-at-1.17.46-PM-e1712787020759.jpeg\",\"contentUrl\":\"https:\/\/www.manquecura.cl\/ciudad-del-este\/wp-content\/uploads\/sites\/41\/2024\/03\/WhatsApp-Image-2024-03-23-at-1.17.46-PM-e1712787020759.jpeg\",\"width\":1512,\"height\":947},{\"@type\":\"BreadcrumbList\",\"@id\":\"https:\/\/www.manquecura.cl\/ciudad-del-este\/noticias\/ganadores-jornada-deportiva-2024\/#breadcrumb\",\"itemListElement\":[{\"@type\":\"ListItem\",\"position\":1,\"name\":\"Home\",\"item\":\"https:\/\/www.manquecura.cl\/ciudad-del-este\/\"},{\"@type\":\"ListItem\",\"position\":2,\"name\":\"GANADORES JORNADA DEPORTIVA 2024\"}]},{\"@type\":\"WebSite\",\"@id\":\"https:\/\/www.manquecura.cl\/ciudad-del-este\/#website\",\"url\":\"https:\/\/www.manquecura.cl\/ciudad-del-este\/\",\"name\":\"Colegio Manquecura Ciudad del Este\",\"description\":\"\",\"publisher\":{\"@id\":\"https:\/\/www.manquecura.cl\/ciudad-del-este\/#organization\"},\"potentialAction\":[{\"@type\":\"SearchAction\",\"target\":{\"@type\":\"EntryPoint\",\"urlTemplate\":\"https:\/\/www.manquecura.cl\/ciudad-del-este\/?s={search_term_string}\"},\"query-input\":{\"@type\":\"PropertyValueSpecification\",\"valueRequired\":true,\"valueName\":\"search_term_string\"}}],\"inLanguage\":\"es\"},{\"@type\":\"Organization\",\"@id\":\"https:\/\/www.manquecura.cl\/ciudad-del-este\/#organization\",\"name\":\"Colegio Manquecura Ciudad del Este\",\"url\":\"https:\/\/www.manquecura.cl\/ciudad-del-este\/\",\"logo\":{\"@type\":\"ImageObject\",\"inLanguage\":\"es\",\"@id\":\"https:\/\/www.manquecura.cl\/ciudad-del-este\/#\/schema\/logo\/image\/\",\"url\":\"https:\/\/www.manquecura.cl\/ciudad-del-este\/wp-content\/uploads\/sites\/41\/2023\/09\/logo_Manquecura_Ciudad-del-Este_horizontal_color-1.png\",\"contentUrl\":\"https:\/\/www.manquecura.cl\/ciudad-del-este\/wp-content\/uploads\/sites\/41\/2023\/09\/logo_Manquecura_Ciudad-del-Este_horizontal_color-1.png\",\"width\":611,\"height\":183,\"caption\":\"Colegio Manquecura Ciudad del Este\"},\"image\":{\"@id\":\"https:\/\/www.manquecura.cl\/ciudad-del-este\/#\/schema\/logo\/image\/\"},\"sameAs\":[\"http:\/\/www.facebook.com\/ColegiosManquecura\",\"http:\/\/www.instagram.com\/manquecura_ciudaddeleste\/\",\"http:\/\/www.youtube.com\/c\/CognitaChile\"]},{\"@type\":\"Person\",\"@id\":\"https:\/\/www.manquecura.cl\/ciudad-del-este\/#\/schema\/person\/0debeea140e397b5d490ee7e553255d8\",\"name\":\"jorgedelcampo\",\"image\":{\"@type\":\"ImageObject\",\"inLanguage\":\"es\",\"@id\":\"https:\/\/www.manquecura.cl\/ciudad-del-este\/#\/schema\/person\/image\/\",\"url\":\"https:\/\/secure.gravatar.com\/avatar\/4a315f521213b2dc91dbda9bf799f711c8a98ab6f5606ec42cf5b33d1e762e8a?s=96&d=mm&r=g\",\"contentUrl\":\"https:\/\/secure.gravatar.com\/avatar\/4a315f521213b2dc91dbda9bf799f711c8a98ab6f5606ec42cf5b33d1e762e8a?s=96&d=mm&r=g\",\"caption\":\"jorgedelcampo\"}}]}<\/script>\n<!-- \/ Yoast SEO plugin. -->","yoast_head_json":{"title":"GANADORES JORNADA DEPORTIVA 2024 - Colegio Manquecura Ciudad del Este","robots":{"index":"index","follow":"follow","max-snippet":"max-snippet:-1","max-image-preview":"max-image-preview:large","max-video-preview":"max-video-preview:-1"},"canonical":"https:\/\/www.manquecura.cl\/ciudad-del-este\/noticias\/ganadores-jornada-deportiva-2024\/","og_locale":"es_ES","og_type":"article","og_title":"GANADORES JORNADA DEPORTIVA 2024 - Colegio Manquecura Ciudad del Este","og_description":"Recordando nuestra reciente Jornada Deportiva, el Gimnasio Energy de Mall Plaza Tobalaba se uni\u00f3 a la celebraci\u00f3n y decidi\u00f3 premiar a los asistentes m\u00e1s motivados con membres\u00edas exclusivas. Nos complace anunciar que los siguientes ganadores reconocidos por su dedicaci\u00f3n y entusiasmo durante la jornada: Jessica Leyton Nataly Parra Alessandra Loxi Eduardo Esp\u00edndola Barbara Andrewartha Jessica [&hellip;]","og_url":"https:\/\/www.manquecura.cl\/ciudad-del-este\/noticias\/ganadores-jornada-deportiva-2024\/","og_site_name":"Colegio Manquecura Ciudad del Este","article_publisher":"http:\/\/www.facebook.com\/ColegiosManquecura","article_published_time":"2024-04-10T22:10:44+00:00","og_image":[{"width":1512,"height":947,"url":"https:\/\/www.manquecura.cl\/ciudad-del-este\/wp-content\/uploads\/sites\/41\/2024\/03\/WhatsApp-Image-2024-03-23-at-1.17.46-PM-e1712787020759.jpeg","type":"image\/jpeg"}],"author":"jorgedelcampo","twitter_card":"summary_large_image","twitter_misc":{"Escrito por":"jorgedelcampo","Tiempo de lectura":"2 minutos"},"schema":{"@context":"https:\/\/schema.org","@graph":[{"@type":"Article","@id":"https:\/\/www.manquecura.cl\/ciudad-del-este\/noticias\/ganadores-jornada-deportiva-2024\/#article","isPartOf":{"@id":"https:\/\/www.manquecura.cl\/ciudad-del-este\/noticias\/ganadores-jornada-deportiva-2024\/"},"author":{"name":"jorgedelcampo","@id":"https:\/\/www.manquecura.cl\/ciudad-del-este\/#\/schema\/person\/0debeea140e397b5d490ee7e553255d8"},"headline":"GANADORES JORNADA DEPORTIVA 2024","datePublished":"2024-04-10T22:10:44+00:00","mainEntityOfPage":{"@id":"https:\/\/www.manquecura.cl\/ciudad-del-este\/noticias\/ganadores-jornada-deportiva-2024\/"},"wordCount":197,"commentCount":0,"publisher":{"@id":"https:\/\/www.manquecura.cl\/ciudad-del-este\/#organization"},"image":{"@id":"https:\/\/www.manquecura.cl\/ciudad-del-este\/noticias\/ganadores-jornada-deportiva-2024\/#primaryimage"},"thumbnailUrl":"https:\/\/www.manquecura.cl\/ciudad-del-este\/wp-content\/uploads\/sites\/41\/2024\/03\/WhatsApp-Image-2024-03-23-at-1.17.46-PM-e1712787020759.jpeg","articleSection":["Vida Escolar"],"inLanguage":"es","potentialAction":[{"@type":"CommentAction","name":"Comment","target":["https:\/\/www.manquecura.cl\/ciudad-del-este\/noticias\/ganadores-jornada-deportiva-2024\/#respond"]}]},{"@type":"WebPage","@id":"https:\/\/www.manquecura.cl\/ciudad-del-este\/noticias\/ganadores-jornada-deportiva-2024\/","url":"https:\/\/www.manquecura.cl\/ciudad-del-este\/noticias\/ganadores-jornada-deportiva-2024\/","name":"GANADORES JORNADA DEPORTIVA 2024 - Colegio Manquecura Ciudad del Este","isPartOf":{"@id":"https:\/\/www.manquecura.cl\/ciudad-del-este\/#website"},"primaryImageOfPage":{"@id":"https:\/\/www.manquecura.cl\/ciudad-del-este\/noticias\/ganadores-jornada-deportiva-2024\/#primaryimage"},"image":{"@id":"https:\/\/www.manquecura.cl\/ciudad-del-este\/noticias\/ganadores-jornada-deportiva-2024\/#primaryimage"},"thumbnailUrl":"https:\/\/www.manquecura.cl\/ciudad-del-este\/wp-content\/uploads\/sites\/41\/2024\/03\/WhatsApp-Image-2024-03-23-at-1.17.46-PM-e1712787020759.jpeg","datePublished":"2024-04-10T22:10:44+00:00","breadcrumb":{"@id":"https:\/\/www.manquecura.cl\/ciudad-del-este\/noticias\/ganadores-jornada-deportiva-2024\/#breadcrumb"},"inLanguage":"es","potentialAction":[{"@type":"ReadAction","target":["https:\/\/www.manquecura.cl\/ciudad-del-este\/noticias\/ganadores-jornada-deportiva-2024\/"]}]},{"@type":"ImageObject","inLanguage":"es","@id":"https:\/\/www.manquecura.cl\/ciudad-del-este\/noticias\/ganadores-jornada-deportiva-2024\/#primaryimage","url":"https:\/\/www.manquecura.cl\/ciudad-del-este\/wp-content\/uploads\/sites\/41\/2024\/03\/WhatsApp-Image-2024-03-23-at-1.17.46-PM-e1712787020759.jpeg","contentUrl":"https:\/\/www.manquecura.cl\/ciudad-del-este\/wp-content\/uploads\/sites\/41\/2024\/03\/WhatsApp-Image-2024-03-23-at-1.17.46-PM-e1712787020759.jpeg","width":1512,"height":947},{"@type":"BreadcrumbList","@id":"https:\/\/www.manquecura.cl\/ciudad-del-este\/noticias\/ganadores-jornada-deportiva-2024\/#breadcrumb","itemListElement":[{"@type":"ListItem","position":1,"name":"Home","item":"https:\/\/www.manquecura.cl\/ciudad-del-este\/"},{"@type":"ListItem","position":2,"name":"GANADORES JORNADA DEPORTIVA 2024"}]},{"@type":"WebSite","@id":"https:\/\/www.manquecura.cl\/ciudad-del-este\/#website","url":"https:\/\/www.manquecura.cl\/ciudad-del-este\/","name":"Colegio Manquecura Ciudad del Este","description":"","publisher":{"@id":"https:\/\/www.manquecura.cl\/ciudad-del-este\/#organization"},"potentialAction":[{"@type":"SearchAction","target":{"@type":"EntryPoint","urlTemplate":"https:\/\/www.manquecura.cl\/ciudad-del-este\/?s={search_term_string}"},"query-input":{"@type":"PropertyValueSpecification","valueRequired":true,"valueName":"search_term_string"}}],"inLanguage":"es"},{"@type":"Organization","@id":"https:\/\/www.manquecura.cl\/ciudad-del-este\/#organization","name":"Colegio Manquecura Ciudad del Este","url":"https:\/\/www.manquecura.cl\/ciudad-del-este\/","logo":{"@type":"ImageObject","inLanguage":"es","@id":"https:\/\/www.manquecura.cl\/ciudad-del-este\/#\/schema\/logo\/image\/","url":"https:\/\/www.manquecura.cl\/ciudad-del-este\/wp-content\/uploads\/sites\/41\/2023\/09\/logo_Manquecura_Ciudad-del-Este_horizontal_color-1.png","contentUrl":"https:\/\/www.manquecura.cl\/ciudad-del-este\/wp-content\/uploads\/sites\/41\/2023\/09\/logo_Manquecura_Ciudad-del-Este_horizontal_color-1.png","width":611,"height":183,"caption":"Colegio Manquecura Ciudad del Este"},"image":{"@id":"https:\/\/www.manquecura.cl\/ciudad-del-este\/#\/schema\/logo\/image\/"},"sameAs":["http:\/\/www.facebook.com\/ColegiosManquecura","http:\/\/www.instagram.com\/manquecura_ciudaddeleste\/","http:\/\/www.youtube.com\/c\/CognitaChile"]},{"@type":"Person","@id":"https:\/\/www.manquecura.cl\/ciudad-del-este\/#\/schema\/person\/0debeea140e397b5d490ee7e553255d8","name":"jorgedelcampo","image":{"@type":"ImageObject","inLanguage":"es","@id":"https:\/\/www.manquecura.cl\/ciudad-del-este\/#\/schema\/person\/image\/","url":"https:\/\/secure.gravatar.com\/avatar\/4a315f521213b2dc91dbda9bf799f711c8a98ab6f5606ec42cf5b33d1e762e8a?s=96&d=mm&r=g","contentUrl":"https:\/\/secure.gravatar.com\/avatar\/4a315f521213b2dc91dbda9bf799f711c8a98ab6f5606ec42cf5b33d1e762e8a?s=96&d=mm&r=g","caption":"jorgedelcampo"}}]}},"jetpack_featured_media_url":"https:\/\/www.manquecura.cl\/ciudad-del-este\/wp-content\/uploads\/sites\/41\/2024\/03\/WhatsApp-Image-2024-03-23-at-1.17.46-PM-e1712787020759.jpeg","previous_post_ID":24822,"previous_post_title":"APADRINAMIENTO 1\u00b0B\u00c1SICOS","previous_post_excerpt":"\u00a1Una emocionante iniciativa ha cobrado vida en nuestro colegio, liderada por nuestros estudiantes de IV Medio! En un gesto de solidaridad y liderazgo, cada estudiante de IV Medio ha sido emparejado con un alumno de 1\u00b0 B\u00e1sico, en un programa de apadrinamiento que est\u00e1 creando lazos especiales y momentos inolvidables. A trav\u00e9s de esta asociaci\u00f3n [&hellip;]","previous_post_link":"https:\/\/www.manquecura.cl\/ciudad-del-este\/noticias\/apadrinamiento_primeros_basicos\/","previous_post_class":["post-24822","post","type-post","status-publish","format-standard","has-post-thumbnail","hentry","category-vida-escolar"],"next_post_ID":24894,"next_post_title":"\u00a1EL MES DEL LIBRO LLEGA CON TODA SU MAGIA A NUESTRO COLEGIO!","next_post_excerpt":"GANADORES DEL CONCURSO: Tom\u00e1s \u00c1lvarez Pre K\u00ednder B Aline Saenz I\u00b0A Joaqu\u00edn Saravia III\u00b0C Estamos emocionados de anunciar nuestra celebraci\u00f3n literaria este 23 de Abril en Colegio Manquecura Ciudad Del Este, donde la imaginaci\u00f3n y la creatividad ser\u00e1n las protagonistas. Invitamos a todos nuestros estudiantes a unirse a la diversi\u00f3n y al aprendizaje viniendo disfrazados [&hellip;]","next_post_link":"https:\/\/www.manquecura.cl\/ciudad-del-este\/noticias\/el-mes-del-libro-llega-con-toda-su-magia-a-nuestro-colegio\/","next_post_class":["post-24894","post","type-post","status-publish","format-standard","has-post-thumbnail","hentry","category-vida-escolar"],"jetpack_sharing_enabled":true,"_links":{"self":[{"href":"https:\/\/www.manquecura.cl\/ciudad-del-este\/wp-json\/wp\/v2\/posts\/24880","targetHints":{"allow":["GET"]}}],"collection":[{"href":"https:\/\/www.manquecura.cl\/ciudad-del-este\/wp-json\/wp\/v2\/posts"}],"about":[{"href":"https:\/\/www.manquecura.cl\/ciudad-del-este\/wp-json\/wp\/v2\/types\/post"}],"author":[{"embeddable":true,"href":"https:\/\/www.manquecura.cl\/ciudad-del-este\/wp-json\/wp\/v2\/users\/14"}],"replies":[{"embeddable":true,"href":"https:\/\/www.manquecura.cl\/ciudad-del-este\/wp-json\/wp\/v2\/comments?post=24880"}],"version-history":[{"count":0,"href":"https:\/\/www.manquecura.cl\/ciudad-del-este\/wp-json\/wp\/v2\/posts\/24880\/revisions"}],"wp:featuredmedia":[{"embeddable":true,"href":"https:\/\/www.manquecura.cl\/ciudad-del-este\/wp-json\/wp\/v2\/media\/24734"}],"wp:attachment":[{"href":"https:\/\/www.manquecura.cl\/ciudad-del-este\/wp-json\/wp\/v2\/media?parent=24880"}],"wp:term":[{"taxonomy":"category","embeddable":true,"href":"https:\/\/www.manquecura.cl\/ciudad-del-este\/wp-json\/wp\/v2\/categories?post=24880"},{"taxonomy":"post_tag","embeddable":true,"href":"https:\/\/www.manquecura.cl\/ciudad-del-este\/wp-json\/wp\/v2\/tags?post=24880"}],"curies":[{"name":"wp","href":"https:\/\/api.w.org\/{rel}","templated":true}]}}