{"id":24810,"date":"2024-04-08T13:18:46","date_gmt":"2024-04-08T17:18:46","guid":{"rendered":"https:\/\/www.manquecura.cl\/ciudad-del-este\/?p=24810"},"modified":"2024-04-08T13:18:46","modified_gmt":"2024-04-08T17:18:46","slug":"postulacion-tarjeta-nacional-estudiantil","status":"publish","type":"post","link":"https:\/\/www.manquecura.cl\/ciudad-del-este\/noticias\/postulacion-tarjeta-nacional-estudiantil\/","title":{"rendered":"POSTULACI\u00d3N TARJETA NACIONAL ESTUDIANTIL"},"content":{"rendered":"<p>&nbsp;<\/p>\n<p>Ya comenzamos a recibir la documentaci\u00f3n requerida para la <strong>postulaci\u00f3n de la TNE (5\u00b0 B\u00e1sico a IV\u00b0 Medio)<\/strong> y para la renovaci\u00f3n del mismo documento (alumnos antiguos con beneficio quienes ser\u00e1n inscritos autom\u00e1ticamente al sistema), cuyo <strong>plazo de recepci\u00f3n ser\u00e1 hasta el 29 de abril de 2024.<\/strong> Para realizar la solicitud deben enviar al correo <a href=\"mailto:jessica.guzman@cognita.com\">jessica.guzman@cognita.com<\/a> los siguientes antecedentes:<\/p>\n<p><strong>Nuevos Postulantes:<\/strong><\/p>\n<ul>\n<li>Ultima liquidaci\u00f3n de sueldo de los integrantes del hogar con trabajo remunerado legalizada ante notario.<\/li>\n<li>Nombre completo del estudiante.<\/li>\n<li>Rut del estudiante.<\/li>\n<li>Rut padre.<\/li>\n<li>Rut madre.<\/li>\n<li>Curso del estudiante (a\u00f1o actual).<\/li>\n<li>Fecha de nacimiento.<\/li>\n<li>N\u00famero de integrantes del grupo familiar.<\/li>\n<\/ul>\n<p><strong>Renovantes:<\/strong><\/p>\n<ul>\n<li>Nombre completo del estudiante.<\/li>\n<li>Rut del estudiante.<\/li>\n<li>Rut padre.<\/li>\n<li>Rut madre.<\/li>\n<li>Curso del estudiante (a\u00f1o actual).<\/li>\n<li>Fecha de nacimiento.<\/li>\n<li>N\u00famero de integrantes del grupo familiar.<\/li>\n<\/ul>\n<p><strong>Resumen del proceso de inscripci\u00f3n:<\/strong><\/p>\n<p>1. Acreditar el desmedro socioecon\u00f3mico por parte de alumnos y apoderados. Ingreso familiar per c\u00e1pita igual o inferior a $352.743. La documentaci\u00f3n del alumno debe quedar archivada en el colegio (por ning\u00fan motivo enviar documentos personales de alumnos\/familiares a JUNAEB).<\/p>\n<p>2. El ingreso per c\u00e1pita del hogar se calcula identificando todos los ingresos del hogar (el valor bruto menos los descuentos legales) y dividirlo por la cantidad de integrantes del grupo familiar.<\/p>\n<p>3. Los descuentos realizados por planilla de sueldo, como pr\u00e9stamos de caja de compensaci\u00f3n, aportes voluntarios y otros similares, no se consideran como descuentos legales, se deben incluir como ingreso familiar.<\/p>\n<p>4. Captura fotogr\u00e1fica: Para este a\u00f1o 2024 los procesos de captura fotogr\u00e1fica se encuentran disponibles tanto el capturador online <a href=\"https:\/\/capturadortne.cl\/\">https:\/\/capturadortne.cl\/<\/a>\u00a0como en las oficinas TNE <a href=\"https:\/\/www.junaeb.cl\/oficinas-tne\/\">https:\/\/www.tne.cl\/?page_id=8214.<\/a><\/p>\n<p><strong>Deben realizarse una vez informe el colegio.<\/strong><\/p>\n<ul>\n<li>Entrega de reposici\u00f3n de tarjetas (p\u00e9rdida, robo o deterioro): Atenci\u00f3n presencial a trav\u00e9s de agendamiento previo solicitado por canales virtuales.<\/li>\n<li>Distribuci\u00f3n de tarjetas nuevas: Se realizan directamente en el establecimiento y demora aproximadamente un mes en ser enviada en cuanto se inscriba el alumno en el sistema TNE y sea aprobado por JUNAEB.<\/li>\n<li>El funcionamiento de oficina quedar\u00e1 sujeto a las indicaciones que entregue la autoridad, se ruega verificar el funcionamiento, direcciones y horarios en <a href=\"http:\/\/www.tne.cl\">www.tne.cl<\/a><\/li>\n<\/ul>\n"},"excerpt":{"rendered":"<p>&nbsp; Ya comenzamos a recibir la documentaci\u00f3n requerida para la postulaci\u00f3n de la TNE (5\u00b0 B\u00e1sico a IV\u00b0 Medio) y para la renovaci\u00f3n del mismo documento (alumnos antiguos con beneficio quienes ser\u00e1n inscritos autom\u00e1ticamente al sistema), cuyo plazo de recepci\u00f3n ser\u00e1 hasta el 29 de abril de 2024. Para realizar la solicitud deben enviar al [&hellip;]<\/p>\n","protected":false},"author":14,"featured_media":24842,"comment_status":"open","ping_status":"open","sticky":false,"template":"","format":"standard","meta":{"_acf_changed":false,"content-type":"","_jetpack_memberships_contains_paid_content":false,"footnotes":""},"categories":[1],"tags":[],"class_list":["post-24810","post","type-post","status-publish","format-standard","has-post-thumbnail","hentry","category-vida-escolar"],"acf":[],"yoast_head":"<!-- This site is optimized with the Yoast SEO plugin v27.1.1 - https:\/\/yoast.com\/product\/yoast-seo-wordpress\/ -->\n<title>POSTULACI\u00d3N TARJETA NACIONAL ESTUDIANTIL - Colegio Manquecura Ciudad del Este<\/title>\n<meta name=\"robots\" content=\"index, follow, max-snippet:-1, max-image-preview:large, max-video-preview:-1\" \/>\n<link rel=\"canonical\" href=\"https:\/\/www.manquecura.cl\/ciudad-del-este\/noticias\/postulacion-tarjeta-nacional-estudiantil\/\" \/>\n<meta property=\"og:locale\" content=\"es_ES\" \/>\n<meta property=\"og:type\" content=\"article\" \/>\n<meta property=\"og:title\" content=\"POSTULACI\u00d3N TARJETA NACIONAL ESTUDIANTIL - Colegio Manquecura Ciudad del Este\" \/>\n<meta property=\"og:description\" content=\"&nbsp; Ya comenzamos a recibir la documentaci\u00f3n requerida para la postulaci\u00f3n de la TNE (5\u00b0 B\u00e1sico a IV\u00b0 Medio) y para la renovaci\u00f3n del mismo documento (alumnos antiguos con beneficio quienes ser\u00e1n inscritos autom\u00e1ticamente al sistema), cuyo plazo de recepci\u00f3n ser\u00e1 hasta el 29 de abril de 2024. Para realizar la solicitud deben enviar al [&hellip;]\" \/>\n<meta property=\"og:url\" content=\"https:\/\/www.manquecura.cl\/ciudad-del-este\/noticias\/postulacion-tarjeta-nacional-estudiantil\/\" \/>\n<meta property=\"og:site_name\" content=\"Colegio Manquecura Ciudad del Este\" \/>\n<meta property=\"article:publisher\" content=\"http:\/\/www.facebook.com\/ColegiosManquecura\" \/>\n<meta property=\"article:published_time\" content=\"2024-04-08T17:18:46+00:00\" \/>\n<meta property=\"og:image\" content=\"https:\/\/www.manquecura.cl\/ciudad-del-este\/wp-content\/uploads\/sites\/41\/2024\/04\/Diseno-sin-titulo-60-e1712606882516.png\" \/>\n\t<meta property=\"og:image:width\" content=\"1080\" \/>\n\t<meta property=\"og:image:height\" content=\"676\" \/>\n\t<meta property=\"og:image:type\" content=\"image\/png\" \/>\n<meta name=\"author\" content=\"jorgedelcampo\" \/>\n<meta name=\"twitter:card\" content=\"summary_large_image\" \/>\n<meta name=\"twitter:label1\" content=\"Escrito por\" \/>\n\t<meta name=\"twitter:data1\" content=\"jorgedelcampo\" \/>\n\t<meta name=\"twitter:label2\" content=\"Tiempo de lectura\" \/>\n\t<meta name=\"twitter:data2\" content=\"2 minutos\" \/>\n<script type=\"application\/ld+json\" class=\"yoast-schema-graph\">{\"@context\":\"https:\/\/schema.org\",\"@graph\":[{\"@type\":\"Article\",\"@id\":\"https:\/\/www.manquecura.cl\/ciudad-del-este\/noticias\/postulacion-tarjeta-nacional-estudiantil\/#article\",\"isPartOf\":{\"@id\":\"https:\/\/www.manquecura.cl\/ciudad-del-este\/noticias\/postulacion-tarjeta-nacional-estudiantil\/\"},\"author\":{\"name\":\"jorgedelcampo\",\"@id\":\"https:\/\/www.manquecura.cl\/ciudad-del-este\/#\/schema\/person\/0debeea140e397b5d490ee7e553255d8\"},\"headline\":\"POSTULACI\u00d3N TARJETA NACIONAL ESTUDIANTIL\",\"datePublished\":\"2024-04-08T17:18:46+00:00\",\"mainEntityOfPage\":{\"@id\":\"https:\/\/www.manquecura.cl\/ciudad-del-este\/noticias\/postulacion-tarjeta-nacional-estudiantil\/\"},\"wordCount\":382,\"commentCount\":0,\"publisher\":{\"@id\":\"https:\/\/www.manquecura.cl\/ciudad-del-este\/#organization\"},\"image\":{\"@id\":\"https:\/\/www.manquecura.cl\/ciudad-del-este\/noticias\/postulacion-tarjeta-nacional-estudiantil\/#primaryimage\"},\"thumbnailUrl\":\"https:\/\/www.manquecura.cl\/ciudad-del-este\/wp-content\/uploads\/sites\/41\/2024\/04\/Diseno-sin-titulo-60-e1712606882516.png\",\"articleSection\":[\"Vida Escolar\"],\"inLanguage\":\"es\",\"potentialAction\":[{\"@type\":\"CommentAction\",\"name\":\"Comment\",\"target\":[\"https:\/\/www.manquecura.cl\/ciudad-del-este\/noticias\/postulacion-tarjeta-nacional-estudiantil\/#respond\"]}]},{\"@type\":\"WebPage\",\"@id\":\"https:\/\/www.manquecura.cl\/ciudad-del-este\/noticias\/postulacion-tarjeta-nacional-estudiantil\/\",\"url\":\"https:\/\/www.manquecura.cl\/ciudad-del-este\/noticias\/postulacion-tarjeta-nacional-estudiantil\/\",\"name\":\"POSTULACI\u00d3N TARJETA NACIONAL ESTUDIANTIL - Colegio Manquecura Ciudad del Este\",\"isPartOf\":{\"@id\":\"https:\/\/www.manquecura.cl\/ciudad-del-este\/#website\"},\"primaryImageOfPage\":{\"@id\":\"https:\/\/www.manquecura.cl\/ciudad-del-este\/noticias\/postulacion-tarjeta-nacional-estudiantil\/#primaryimage\"},\"image\":{\"@id\":\"https:\/\/www.manquecura.cl\/ciudad-del-este\/noticias\/postulacion-tarjeta-nacional-estudiantil\/#primaryimage\"},\"thumbnailUrl\":\"https:\/\/www.manquecura.cl\/ciudad-del-este\/wp-content\/uploads\/sites\/41\/2024\/04\/Diseno-sin-titulo-60-e1712606882516.png\",\"datePublished\":\"2024-04-08T17:18:46+00:00\",\"breadcrumb\":{\"@id\":\"https:\/\/www.manquecura.cl\/ciudad-del-este\/noticias\/postulacion-tarjeta-nacional-estudiantil\/#breadcrumb\"},\"inLanguage\":\"es\",\"potentialAction\":[{\"@type\":\"ReadAction\",\"target\":[\"https:\/\/www.manquecura.cl\/ciudad-del-este\/noticias\/postulacion-tarjeta-nacional-estudiantil\/\"]}]},{\"@type\":\"ImageObject\",\"inLanguage\":\"es\",\"@id\":\"https:\/\/www.manquecura.cl\/ciudad-del-este\/noticias\/postulacion-tarjeta-nacional-estudiantil\/#primaryimage\",\"url\":\"https:\/\/www.manquecura.cl\/ciudad-del-este\/wp-content\/uploads\/sites\/41\/2024\/04\/Diseno-sin-titulo-60-e1712606882516.png\",\"contentUrl\":\"https:\/\/www.manquecura.cl\/ciudad-del-este\/wp-content\/uploads\/sites\/41\/2024\/04\/Diseno-sin-titulo-60-e1712606882516.png\",\"width\":1080,\"height\":676},{\"@type\":\"BreadcrumbList\",\"@id\":\"https:\/\/www.manquecura.cl\/ciudad-del-este\/noticias\/postulacion-tarjeta-nacional-estudiantil\/#breadcrumb\",\"itemListElement\":[{\"@type\":\"ListItem\",\"position\":1,\"name\":\"Home\",\"item\":\"https:\/\/www.manquecura.cl\/ciudad-del-este\/\"},{\"@type\":\"ListItem\",\"position\":2,\"name\":\"POSTULACI\u00d3N TARJETA NACIONAL ESTUDIANTIL\"}]},{\"@type\":\"WebSite\",\"@id\":\"https:\/\/www.manquecura.cl\/ciudad-del-este\/#website\",\"url\":\"https:\/\/www.manquecura.cl\/ciudad-del-este\/\",\"name\":\"Colegio Manquecura Ciudad del Este\",\"description\":\"\",\"publisher\":{\"@id\":\"https:\/\/www.manquecura.cl\/ciudad-del-este\/#organization\"},\"potentialAction\":[{\"@type\":\"SearchAction\",\"target\":{\"@type\":\"EntryPoint\",\"urlTemplate\":\"https:\/\/www.manquecura.cl\/ciudad-del-este\/?s={search_term_string}\"},\"query-input\":{\"@type\":\"PropertyValueSpecification\",\"valueRequired\":true,\"valueName\":\"search_term_string\"}}],\"inLanguage\":\"es\"},{\"@type\":\"Organization\",\"@id\":\"https:\/\/www.manquecura.cl\/ciudad-del-este\/#organization\",\"name\":\"Colegio Manquecura Ciudad del Este\",\"url\":\"https:\/\/www.manquecura.cl\/ciudad-del-este\/\",\"logo\":{\"@type\":\"ImageObject\",\"inLanguage\":\"es\",\"@id\":\"https:\/\/www.manquecura.cl\/ciudad-del-este\/#\/schema\/logo\/image\/\",\"url\":\"https:\/\/www.manquecura.cl\/ciudad-del-este\/wp-content\/uploads\/sites\/41\/2023\/09\/logo_Manquecura_Ciudad-del-Este_horizontal_color-1.png\",\"contentUrl\":\"https:\/\/www.manquecura.cl\/ciudad-del-este\/wp-content\/uploads\/sites\/41\/2023\/09\/logo_Manquecura_Ciudad-del-Este_horizontal_color-1.png\",\"width\":611,\"height\":183,\"caption\":\"Colegio Manquecura Ciudad del Este\"},\"image\":{\"@id\":\"https:\/\/www.manquecura.cl\/ciudad-del-este\/#\/schema\/logo\/image\/\"},\"sameAs\":[\"http:\/\/www.facebook.com\/ColegiosManquecura\",\"http:\/\/www.instagram.com\/manquecura_ciudaddeleste\/\",\"http:\/\/www.youtube.com\/c\/CognitaChile\"]},{\"@type\":\"Person\",\"@id\":\"https:\/\/www.manquecura.cl\/ciudad-del-este\/#\/schema\/person\/0debeea140e397b5d490ee7e553255d8\",\"name\":\"jorgedelcampo\",\"image\":{\"@type\":\"ImageObject\",\"inLanguage\":\"es\",\"@id\":\"https:\/\/www.manquecura.cl\/ciudad-del-este\/#\/schema\/person\/image\/\",\"url\":\"https:\/\/secure.gravatar.com\/avatar\/4a315f521213b2dc91dbda9bf799f711c8a98ab6f5606ec42cf5b33d1e762e8a?s=96&d=mm&r=g\",\"contentUrl\":\"https:\/\/secure.gravatar.com\/avatar\/4a315f521213b2dc91dbda9bf799f711c8a98ab6f5606ec42cf5b33d1e762e8a?s=96&d=mm&r=g\",\"caption\":\"jorgedelcampo\"}}]}<\/script>\n<!-- \/ Yoast SEO plugin. -->","yoast_head_json":{"title":"POSTULACI\u00d3N TARJETA NACIONAL ESTUDIANTIL - Colegio Manquecura Ciudad del Este","robots":{"index":"index","follow":"follow","max-snippet":"max-snippet:-1","max-image-preview":"max-image-preview:large","max-video-preview":"max-video-preview:-1"},"canonical":"https:\/\/www.manquecura.cl\/ciudad-del-este\/noticias\/postulacion-tarjeta-nacional-estudiantil\/","og_locale":"es_ES","og_type":"article","og_title":"POSTULACI\u00d3N TARJETA NACIONAL ESTUDIANTIL - Colegio Manquecura Ciudad del Este","og_description":"&nbsp; Ya comenzamos a recibir la documentaci\u00f3n requerida para la postulaci\u00f3n de la TNE (5\u00b0 B\u00e1sico a IV\u00b0 Medio) y para la renovaci\u00f3n del mismo documento (alumnos antiguos con beneficio quienes ser\u00e1n inscritos autom\u00e1ticamente al sistema), cuyo plazo de recepci\u00f3n ser\u00e1 hasta el 29 de abril de 2024. Para realizar la solicitud deben enviar al [&hellip;]","og_url":"https:\/\/www.manquecura.cl\/ciudad-del-este\/noticias\/postulacion-tarjeta-nacional-estudiantil\/","og_site_name":"Colegio Manquecura Ciudad del Este","article_publisher":"http:\/\/www.facebook.com\/ColegiosManquecura","article_published_time":"2024-04-08T17:18:46+00:00","og_image":[{"width":1080,"height":676,"url":"https:\/\/www.manquecura.cl\/ciudad-del-este\/wp-content\/uploads\/sites\/41\/2024\/04\/Diseno-sin-titulo-60-e1712606882516.png","type":"image\/png"}],"author":"jorgedelcampo","twitter_card":"summary_large_image","twitter_misc":{"Escrito por":"jorgedelcampo","Tiempo de lectura":"2 minutos"},"schema":{"@context":"https:\/\/schema.org","@graph":[{"@type":"Article","@id":"https:\/\/www.manquecura.cl\/ciudad-del-este\/noticias\/postulacion-tarjeta-nacional-estudiantil\/#article","isPartOf":{"@id":"https:\/\/www.manquecura.cl\/ciudad-del-este\/noticias\/postulacion-tarjeta-nacional-estudiantil\/"},"author":{"name":"jorgedelcampo","@id":"https:\/\/www.manquecura.cl\/ciudad-del-este\/#\/schema\/person\/0debeea140e397b5d490ee7e553255d8"},"headline":"POSTULACI\u00d3N TARJETA NACIONAL ESTUDIANTIL","datePublished":"2024-04-08T17:18:46+00:00","mainEntityOfPage":{"@id":"https:\/\/www.manquecura.cl\/ciudad-del-este\/noticias\/postulacion-tarjeta-nacional-estudiantil\/"},"wordCount":382,"commentCount":0,"publisher":{"@id":"https:\/\/www.manquecura.cl\/ciudad-del-este\/#organization"},"image":{"@id":"https:\/\/www.manquecura.cl\/ciudad-del-este\/noticias\/postulacion-tarjeta-nacional-estudiantil\/#primaryimage"},"thumbnailUrl":"https:\/\/www.manquecura.cl\/ciudad-del-este\/wp-content\/uploads\/sites\/41\/2024\/04\/Diseno-sin-titulo-60-e1712606882516.png","articleSection":["Vida Escolar"],"inLanguage":"es","potentialAction":[{"@type":"CommentAction","name":"Comment","target":["https:\/\/www.manquecura.cl\/ciudad-del-este\/noticias\/postulacion-tarjeta-nacional-estudiantil\/#respond"]}]},{"@type":"WebPage","@id":"https:\/\/www.manquecura.cl\/ciudad-del-este\/noticias\/postulacion-tarjeta-nacional-estudiantil\/","url":"https:\/\/www.manquecura.cl\/ciudad-del-este\/noticias\/postulacion-tarjeta-nacional-estudiantil\/","name":"POSTULACI\u00d3N TARJETA NACIONAL ESTUDIANTIL - Colegio Manquecura Ciudad del Este","isPartOf":{"@id":"https:\/\/www.manquecura.cl\/ciudad-del-este\/#website"},"primaryImageOfPage":{"@id":"https:\/\/www.manquecura.cl\/ciudad-del-este\/noticias\/postulacion-tarjeta-nacional-estudiantil\/#primaryimage"},"image":{"@id":"https:\/\/www.manquecura.cl\/ciudad-del-este\/noticias\/postulacion-tarjeta-nacional-estudiantil\/#primaryimage"},"thumbnailUrl":"https:\/\/www.manquecura.cl\/ciudad-del-este\/wp-content\/uploads\/sites\/41\/2024\/04\/Diseno-sin-titulo-60-e1712606882516.png","datePublished":"2024-04-08T17:18:46+00:00","breadcrumb":{"@id":"https:\/\/www.manquecura.cl\/ciudad-del-este\/noticias\/postulacion-tarjeta-nacional-estudiantil\/#breadcrumb"},"inLanguage":"es","potentialAction":[{"@type":"ReadAction","target":["https:\/\/www.manquecura.cl\/ciudad-del-este\/noticias\/postulacion-tarjeta-nacional-estudiantil\/"]}]},{"@type":"ImageObject","inLanguage":"es","@id":"https:\/\/www.manquecura.cl\/ciudad-del-este\/noticias\/postulacion-tarjeta-nacional-estudiantil\/#primaryimage","url":"https:\/\/www.manquecura.cl\/ciudad-del-este\/wp-content\/uploads\/sites\/41\/2024\/04\/Diseno-sin-titulo-60-e1712606882516.png","contentUrl":"https:\/\/www.manquecura.cl\/ciudad-del-este\/wp-content\/uploads\/sites\/41\/2024\/04\/Diseno-sin-titulo-60-e1712606882516.png","width":1080,"height":676},{"@type":"BreadcrumbList","@id":"https:\/\/www.manquecura.cl\/ciudad-del-este\/noticias\/postulacion-tarjeta-nacional-estudiantil\/#breadcrumb","itemListElement":[{"@type":"ListItem","position":1,"name":"Home","item":"https:\/\/www.manquecura.cl\/ciudad-del-este\/"},{"@type":"ListItem","position":2,"name":"POSTULACI\u00d3N TARJETA NACIONAL ESTUDIANTIL"}]},{"@type":"WebSite","@id":"https:\/\/www.manquecura.cl\/ciudad-del-este\/#website","url":"https:\/\/www.manquecura.cl\/ciudad-del-este\/","name":"Colegio Manquecura Ciudad del Este","description":"","publisher":{"@id":"https:\/\/www.manquecura.cl\/ciudad-del-este\/#organization"},"potentialAction":[{"@type":"SearchAction","target":{"@type":"EntryPoint","urlTemplate":"https:\/\/www.manquecura.cl\/ciudad-del-este\/?s={search_term_string}"},"query-input":{"@type":"PropertyValueSpecification","valueRequired":true,"valueName":"search_term_string"}}],"inLanguage":"es"},{"@type":"Organization","@id":"https:\/\/www.manquecura.cl\/ciudad-del-este\/#organization","name":"Colegio Manquecura Ciudad del Este","url":"https:\/\/www.manquecura.cl\/ciudad-del-este\/","logo":{"@type":"ImageObject","inLanguage":"es","@id":"https:\/\/www.manquecura.cl\/ciudad-del-este\/#\/schema\/logo\/image\/","url":"https:\/\/www.manquecura.cl\/ciudad-del-este\/wp-content\/uploads\/sites\/41\/2023\/09\/logo_Manquecura_Ciudad-del-Este_horizontal_color-1.png","contentUrl":"https:\/\/www.manquecura.cl\/ciudad-del-este\/wp-content\/uploads\/sites\/41\/2023\/09\/logo_Manquecura_Ciudad-del-Este_horizontal_color-1.png","width":611,"height":183,"caption":"Colegio Manquecura Ciudad del Este"},"image":{"@id":"https:\/\/www.manquecura.cl\/ciudad-del-este\/#\/schema\/logo\/image\/"},"sameAs":["http:\/\/www.facebook.com\/ColegiosManquecura","http:\/\/www.instagram.com\/manquecura_ciudaddeleste\/","http:\/\/www.youtube.com\/c\/CognitaChile"]},{"@type":"Person","@id":"https:\/\/www.manquecura.cl\/ciudad-del-este\/#\/schema\/person\/0debeea140e397b5d490ee7e553255d8","name":"jorgedelcampo","image":{"@type":"ImageObject","inLanguage":"es","@id":"https:\/\/www.manquecura.cl\/ciudad-del-este\/#\/schema\/person\/image\/","url":"https:\/\/secure.gravatar.com\/avatar\/4a315f521213b2dc91dbda9bf799f711c8a98ab6f5606ec42cf5b33d1e762e8a?s=96&d=mm&r=g","contentUrl":"https:\/\/secure.gravatar.com\/avatar\/4a315f521213b2dc91dbda9bf799f711c8a98ab6f5606ec42cf5b33d1e762e8a?s=96&d=mm&r=g","caption":"jorgedelcampo"}}]}},"jetpack_featured_media_url":"https:\/\/www.manquecura.cl\/ciudad-del-este\/wp-content\/uploads\/sites\/41\/2024\/04\/Diseno-sin-titulo-60-e1712606882516.png","previous_post_ID":24804,"previous_post_title":"ELECCIONES CAMPUR ESTUDIANTES 2024","previous_post_excerpt":"&nbsp; El pasado 3 de abril, se llevaron a cabo con \u00e9xito las elecciones del CAMPUR de Estudiantes 2024 en nuestro colegio. Los estudiantes desde 5\u00b0 b\u00e1sico hasta IV Medio tuvieron la oportunidad de expresar su opini\u00f3n sobre la representaci\u00f3n de la lista A. Con una notable participaci\u00f3n, los resultados fueron los siguientes: 630 votos [&hellip;]","previous_post_link":"https:\/\/www.manquecura.cl\/ciudad-del-este\/noticias\/votaciones-campur-estudiantes-2024\/","previous_post_class":["post-24804","post","type-post","status-publish","format-standard","has-post-thumbnail","hentry","category-vida-escolar"],"next_post_ID":24815,"next_post_title":"PARTICIPA EN NUESTRO DESAF\u00cdO: \u00a1EL AGUA ES VIDA!","next_post_excerpt":"El agua es un recurso invaluable, vital para nuestra existencia y el funcionamiento de nuestro colegio. Sin embargo, su acceso no siempre es ilimitado y debemos tomar conciencia de su importancia y cuidarla como el tesoro que es. Por eso, te invitamos junto con tu familia y amigos a participar en una emocionante iniciativa: la [&hellip;]","next_post_link":"https:\/\/www.manquecura.cl\/ciudad-del-este\/noticias\/participa-en-nuestro-desafio-el-agua-es-vida\/","next_post_class":["post-24815","post","type-post","status-publish","format-standard","has-post-thumbnail","hentry","category-vida-escolar"],"jetpack_sharing_enabled":true,"_links":{"self":[{"href":"https:\/\/www.manquecura.cl\/ciudad-del-este\/wp-json\/wp\/v2\/posts\/24810","targetHints":{"allow":["GET"]}}],"collection":[{"href":"https:\/\/www.manquecura.cl\/ciudad-del-este\/wp-json\/wp\/v2\/posts"}],"about":[{"href":"https:\/\/www.manquecura.cl\/ciudad-del-este\/wp-json\/wp\/v2\/types\/post"}],"author":[{"embeddable":true,"href":"https:\/\/www.manquecura.cl\/ciudad-del-este\/wp-json\/wp\/v2\/users\/14"}],"replies":[{"embeddable":true,"href":"https:\/\/www.manquecura.cl\/ciudad-del-este\/wp-json\/wp\/v2\/comments?post=24810"}],"version-history":[{"count":0,"href":"https:\/\/www.manquecura.cl\/ciudad-del-este\/wp-json\/wp\/v2\/posts\/24810\/revisions"}],"wp:featuredmedia":[{"embeddable":true,"href":"https:\/\/www.manquecura.cl\/ciudad-del-este\/wp-json\/wp\/v2\/media\/24842"}],"wp:attachment":[{"href":"https:\/\/www.manquecura.cl\/ciudad-del-este\/wp-json\/wp\/v2\/media?parent=24810"}],"wp:term":[{"taxonomy":"category","embeddable":true,"href":"https:\/\/www.manquecura.cl\/ciudad-del-este\/wp-json\/wp\/v2\/categories?post=24810"},{"taxonomy":"post_tag","embeddable":true,"href":"https:\/\/www.manquecura.cl\/ciudad-del-este\/wp-json\/wp\/v2\/tags?post=24810"}],"curies":[{"name":"wp","href":"https:\/\/api.w.org\/{rel}","templated":true}]}}