{"id":24700,"date":"2024-03-28T11:26:40","date_gmt":"2024-03-28T14:26:40","guid":{"rendered":"https:\/\/www.manquecura.cl\/ciudad-del-este\/?p=24700"},"modified":"2024-03-28T11:26:40","modified_gmt":"2024-03-28T14:26:40","slug":"exitosa-jornada-deportiva-en-el-colegio-manquecura","status":"publish","type":"post","link":"https:\/\/www.manquecura.cl\/ciudad-del-este\/noticias\/exitosa-jornada-deportiva-en-el-colegio-manquecura\/","title":{"rendered":"\u00a1EXITOSA JORNADA DEPORTIVA!"},"content":{"rendered":"<p style=\"text-align: left\">El pasado 23 de abril, el Colegio Manquecura se llen\u00f3 de entusiasmo y energ\u00eda con la celebraci\u00f3n de nuestra esperada <strong>Jornada Deportiva<\/strong>. Este emocionante evento, que reuni\u00f3 a toda nuestra comunidad escolar, fue una verdadera muestra de camarader\u00eda y esp\u00edritu deportivo.<\/p>\n<p style=\"text-align: left\">Nos complace destacar la masiva participaci\u00f3n de apoderados, estudiantes, funcionarios y docentes, quienes se unieron con entusiasmo a todas las actividades programadas. Desde la emocionante cicletada hasta las intensas competencias de voleibol, b\u00e1squetbol y f\u00fatbol, pasando por relajantes sesiones de yoga y el divertido baile entretenido, \u00a1cada momento estuvo lleno de emoci\u00f3n y diversi\u00f3n!<\/p>\n<p style=\"text-align: left\">Pero la jornada no estar\u00eda completa sin la vibrante <strong>Fiesta de Colores<\/strong> que cerr\u00f3 este d\u00eda lleno de actividades deportivas. La m\u00fasica, la alegr\u00eda y los colores se fusionaron en una experiencia \u00fanica e inolvidable para todos los presentes.<\/p>\n<p>Queremos expresar nuestro sincero agradecimiento al Gimnasio Energy de Mall Plaza Tobalaba y a su instructor Guillermo Le\u00f3n, quien junto con su equipo de preparadores f\u00edsicos brindaron su apoyo para hacer de esta jornada un \u00e9xito rotundo. Tambi\u00e9n extendemos nuestro reconocimiento al DJ FASTB3AT por animar toda la jornada con su contagiosa m\u00fasica.<\/p>\n<p>Adem\u00e1s, queremos dedicar un especial reconocimiento y agradecimiento a las t\u00edas del aseo por su incansable trabajo y dedicaci\u00f3n, asegurando que nuestro colegio estuviera impecable para recibir a todos los participantes y garantizar el \u00e9xito de la jornada. Su labor es fundamental para el funcionamiento de nuestra comunidad escolar y valoramos profundamente su compromiso.<\/p>\n<p style=\"text-align: left\">Adem\u00e1s, agradecemos a los stands de <strong>Nutrition &amp; Healthy Life y Road Safety<\/strong> por su participaci\u00f3n en el evento, compartiendo informaci\u00f3n valiosa para promover estilos de vida saludables y la seguridad vial entre nuestra comunidad Manquecura Ciudad Del Este.<\/p>\n<p>Sigamos promoviendo el deporte, el compa\u00f1erismo y la alegr\u00eda en nuestro colegio, cultivando valores que fortalecen nuestra comunidad y nos permiten crecer juntos como una gran familia.<\/p>\n<p>&nbsp;<\/p>\n<div class=\"flex flex-grow flex-col max-w-full\" style=\"text-align: left\">\n<div class=\"min-h-[20px] text-message flex flex-col items-start gap-3 whitespace-pre-wrap break-words [.text-message+&amp;]:mt-5 overflow-x-auto\" data-message-author-role=\"assistant\" data-message-id=\"028d801e-2304-4f75-afad-0540a31f13f4\">\n<div class=\"markdown prose w-full break-words dark:prose-invert light\">\n<p><strong>\u00a1Gracias a todos los que hicieron posible esta maravillosa jornada deportiva!<\/strong><\/p>\n<\/div>\n<\/div>\n<\/div>\n"},"excerpt":{"rendered":"<p>El pasado 23 de abril, el Colegio Manquecura se llen\u00f3 de entusiasmo y energ\u00eda con la celebraci\u00f3n de nuestra esperada Jornada Deportiva. Este emocionante evento, que reuni\u00f3 a toda nuestra comunidad escolar, fue una verdadera muestra de camarader\u00eda y esp\u00edritu deportivo. Nos complace destacar la masiva participaci\u00f3n de apoderados, estudiantes, funcionarios y docentes, quienes se [&hellip;]<\/p>\n","protected":false},"author":14,"featured_media":24738,"comment_status":"open","ping_status":"open","sticky":false,"template":"","format":"standard","meta":{"_acf_changed":false,"content-type":"","_jetpack_memberships_contains_paid_content":false,"footnotes":""},"categories":[1],"tags":[],"class_list":["post-24700","post","type-post","status-publish","format-standard","has-post-thumbnail","hentry","category-vida-escolar"],"acf":[],"yoast_head":"<!-- This site is optimized with the Yoast SEO plugin v27.1.1 - https:\/\/yoast.com\/product\/yoast-seo-wordpress\/ -->\n<title>\u00a1EXITOSA JORNADA DEPORTIVA! - Colegio Manquecura Ciudad del Este<\/title>\n<meta name=\"robots\" content=\"index, follow, max-snippet:-1, max-image-preview:large, max-video-preview:-1\" \/>\n<link rel=\"canonical\" href=\"https:\/\/www.manquecura.cl\/ciudad-del-este\/noticias\/exitosa-jornada-deportiva-en-el-colegio-manquecura\/\" \/>\n<meta property=\"og:locale\" content=\"es_ES\" \/>\n<meta property=\"og:type\" content=\"article\" \/>\n<meta property=\"og:title\" content=\"\u00a1EXITOSA JORNADA DEPORTIVA! - Colegio Manquecura Ciudad del Este\" \/>\n<meta property=\"og:description\" content=\"El pasado 23 de abril, el Colegio Manquecura se llen\u00f3 de entusiasmo y energ\u00eda con la celebraci\u00f3n de nuestra esperada Jornada Deportiva. Este emocionante evento, que reuni\u00f3 a toda nuestra comunidad escolar, fue una verdadera muestra de camarader\u00eda y esp\u00edritu deportivo. Nos complace destacar la masiva participaci\u00f3n de apoderados, estudiantes, funcionarios y docentes, quienes se [&hellip;]\" \/>\n<meta property=\"og:url\" content=\"https:\/\/www.manquecura.cl\/ciudad-del-este\/noticias\/exitosa-jornada-deportiva-en-el-colegio-manquecura\/\" \/>\n<meta property=\"og:site_name\" content=\"Colegio Manquecura Ciudad del Este\" \/>\n<meta property=\"article:publisher\" content=\"http:\/\/www.facebook.com\/ColegiosManquecura\" \/>\n<meta property=\"article:published_time\" content=\"2024-03-28T14:26:40+00:00\" \/>\n<meta property=\"og:image\" content=\"https:\/\/www.manquecura.cl\/ciudad-del-este\/wp-content\/uploads\/sites\/41\/2024\/03\/WhatsApp-Image-2024-03-23-at-1.17.38-PM-e1711638544528.jpeg\" \/>\n\t<meta property=\"og:image:width\" content=\"1512\" \/>\n\t<meta property=\"og:image:height\" content=\"947\" \/>\n\t<meta property=\"og:image:type\" content=\"image\/jpeg\" \/>\n<meta name=\"author\" content=\"jorgedelcampo\" \/>\n<meta name=\"twitter:card\" content=\"summary_large_image\" \/>\n<meta name=\"twitter:label1\" content=\"Escrito por\" \/>\n\t<meta name=\"twitter:data1\" content=\"jorgedelcampo\" \/>\n\t<meta name=\"twitter:label2\" content=\"Tiempo de lectura\" \/>\n\t<meta name=\"twitter:data2\" content=\"2 minutos\" \/>\n<script type=\"application\/ld+json\" class=\"yoast-schema-graph\">{\"@context\":\"https:\/\/schema.org\",\"@graph\":[{\"@type\":\"Article\",\"@id\":\"https:\/\/www.manquecura.cl\/ciudad-del-este\/noticias\/exitosa-jornada-deportiva-en-el-colegio-manquecura\/#article\",\"isPartOf\":{\"@id\":\"https:\/\/www.manquecura.cl\/ciudad-del-este\/noticias\/exitosa-jornada-deportiva-en-el-colegio-manquecura\/\"},\"author\":{\"name\":\"jorgedelcampo\",\"@id\":\"https:\/\/www.manquecura.cl\/ciudad-del-este\/#\/schema\/person\/0debeea140e397b5d490ee7e553255d8\"},\"headline\":\"\u00a1EXITOSA JORNADA DEPORTIVA!\",\"datePublished\":\"2024-03-28T14:26:40+00:00\",\"mainEntityOfPage\":{\"@id\":\"https:\/\/www.manquecura.cl\/ciudad-del-este\/noticias\/exitosa-jornada-deportiva-en-el-colegio-manquecura\/\"},\"wordCount\":347,\"commentCount\":0,\"publisher\":{\"@id\":\"https:\/\/www.manquecura.cl\/ciudad-del-este\/#organization\"},\"image\":{\"@id\":\"https:\/\/www.manquecura.cl\/ciudad-del-este\/noticias\/exitosa-jornada-deportiva-en-el-colegio-manquecura\/#primaryimage\"},\"thumbnailUrl\":\"https:\/\/www.manquecura.cl\/ciudad-del-este\/wp-content\/uploads\/sites\/41\/2024\/03\/WhatsApp-Image-2024-03-23-at-1.17.38-PM-e1711638544528.jpeg\",\"articleSection\":[\"Vida Escolar\"],\"inLanguage\":\"es\",\"potentialAction\":[{\"@type\":\"CommentAction\",\"name\":\"Comment\",\"target\":[\"https:\/\/www.manquecura.cl\/ciudad-del-este\/noticias\/exitosa-jornada-deportiva-en-el-colegio-manquecura\/#respond\"]}]},{\"@type\":\"WebPage\",\"@id\":\"https:\/\/www.manquecura.cl\/ciudad-del-este\/noticias\/exitosa-jornada-deportiva-en-el-colegio-manquecura\/\",\"url\":\"https:\/\/www.manquecura.cl\/ciudad-del-este\/noticias\/exitosa-jornada-deportiva-en-el-colegio-manquecura\/\",\"name\":\"\u00a1EXITOSA JORNADA DEPORTIVA! - Colegio Manquecura Ciudad del Este\",\"isPartOf\":{\"@id\":\"https:\/\/www.manquecura.cl\/ciudad-del-este\/#website\"},\"primaryImageOfPage\":{\"@id\":\"https:\/\/www.manquecura.cl\/ciudad-del-este\/noticias\/exitosa-jornada-deportiva-en-el-colegio-manquecura\/#primaryimage\"},\"image\":{\"@id\":\"https:\/\/www.manquecura.cl\/ciudad-del-este\/noticias\/exitosa-jornada-deportiva-en-el-colegio-manquecura\/#primaryimage\"},\"thumbnailUrl\":\"https:\/\/www.manquecura.cl\/ciudad-del-este\/wp-content\/uploads\/sites\/41\/2024\/03\/WhatsApp-Image-2024-03-23-at-1.17.38-PM-e1711638544528.jpeg\",\"datePublished\":\"2024-03-28T14:26:40+00:00\",\"breadcrumb\":{\"@id\":\"https:\/\/www.manquecura.cl\/ciudad-del-este\/noticias\/exitosa-jornada-deportiva-en-el-colegio-manquecura\/#breadcrumb\"},\"inLanguage\":\"es\",\"potentialAction\":[{\"@type\":\"ReadAction\",\"target\":[\"https:\/\/www.manquecura.cl\/ciudad-del-este\/noticias\/exitosa-jornada-deportiva-en-el-colegio-manquecura\/\"]}]},{\"@type\":\"ImageObject\",\"inLanguage\":\"es\",\"@id\":\"https:\/\/www.manquecura.cl\/ciudad-del-este\/noticias\/exitosa-jornada-deportiva-en-el-colegio-manquecura\/#primaryimage\",\"url\":\"https:\/\/www.manquecura.cl\/ciudad-del-este\/wp-content\/uploads\/sites\/41\/2024\/03\/WhatsApp-Image-2024-03-23-at-1.17.38-PM-e1711638544528.jpeg\",\"contentUrl\":\"https:\/\/www.manquecura.cl\/ciudad-del-este\/wp-content\/uploads\/sites\/41\/2024\/03\/WhatsApp-Image-2024-03-23-at-1.17.38-PM-e1711638544528.jpeg\",\"width\":1512,\"height\":947},{\"@type\":\"BreadcrumbList\",\"@id\":\"https:\/\/www.manquecura.cl\/ciudad-del-este\/noticias\/exitosa-jornada-deportiva-en-el-colegio-manquecura\/#breadcrumb\",\"itemListElement\":[{\"@type\":\"ListItem\",\"position\":1,\"name\":\"Home\",\"item\":\"https:\/\/www.manquecura.cl\/ciudad-del-este\/\"},{\"@type\":\"ListItem\",\"position\":2,\"name\":\"\u00a1EXITOSA JORNADA DEPORTIVA!\"}]},{\"@type\":\"WebSite\",\"@id\":\"https:\/\/www.manquecura.cl\/ciudad-del-este\/#website\",\"url\":\"https:\/\/www.manquecura.cl\/ciudad-del-este\/\",\"name\":\"Colegio Manquecura Ciudad del Este\",\"description\":\"\",\"publisher\":{\"@id\":\"https:\/\/www.manquecura.cl\/ciudad-del-este\/#organization\"},\"potentialAction\":[{\"@type\":\"SearchAction\",\"target\":{\"@type\":\"EntryPoint\",\"urlTemplate\":\"https:\/\/www.manquecura.cl\/ciudad-del-este\/?s={search_term_string}\"},\"query-input\":{\"@type\":\"PropertyValueSpecification\",\"valueRequired\":true,\"valueName\":\"search_term_string\"}}],\"inLanguage\":\"es\"},{\"@type\":\"Organization\",\"@id\":\"https:\/\/www.manquecura.cl\/ciudad-del-este\/#organization\",\"name\":\"Colegio Manquecura Ciudad del Este\",\"url\":\"https:\/\/www.manquecura.cl\/ciudad-del-este\/\",\"logo\":{\"@type\":\"ImageObject\",\"inLanguage\":\"es\",\"@id\":\"https:\/\/www.manquecura.cl\/ciudad-del-este\/#\/schema\/logo\/image\/\",\"url\":\"https:\/\/www.manquecura.cl\/ciudad-del-este\/wp-content\/uploads\/sites\/41\/2023\/09\/logo_Manquecura_Ciudad-del-Este_horizontal_color-1.png\",\"contentUrl\":\"https:\/\/www.manquecura.cl\/ciudad-del-este\/wp-content\/uploads\/sites\/41\/2023\/09\/logo_Manquecura_Ciudad-del-Este_horizontal_color-1.png\",\"width\":611,\"height\":183,\"caption\":\"Colegio Manquecura Ciudad del Este\"},\"image\":{\"@id\":\"https:\/\/www.manquecura.cl\/ciudad-del-este\/#\/schema\/logo\/image\/\"},\"sameAs\":[\"http:\/\/www.facebook.com\/ColegiosManquecura\",\"http:\/\/www.instagram.com\/manquecura_ciudaddeleste\/\",\"http:\/\/www.youtube.com\/c\/CognitaChile\"]},{\"@type\":\"Person\",\"@id\":\"https:\/\/www.manquecura.cl\/ciudad-del-este\/#\/schema\/person\/0debeea140e397b5d490ee7e553255d8\",\"name\":\"jorgedelcampo\",\"image\":{\"@type\":\"ImageObject\",\"inLanguage\":\"es\",\"@id\":\"https:\/\/www.manquecura.cl\/ciudad-del-este\/#\/schema\/person\/image\/\",\"url\":\"https:\/\/secure.gravatar.com\/avatar\/4a315f521213b2dc91dbda9bf799f711c8a98ab6f5606ec42cf5b33d1e762e8a?s=96&d=mm&r=g\",\"contentUrl\":\"https:\/\/secure.gravatar.com\/avatar\/4a315f521213b2dc91dbda9bf799f711c8a98ab6f5606ec42cf5b33d1e762e8a?s=96&d=mm&r=g\",\"caption\":\"jorgedelcampo\"}}]}<\/script>\n<!-- \/ Yoast SEO plugin. -->","yoast_head_json":{"title":"\u00a1EXITOSA JORNADA DEPORTIVA! - Colegio Manquecura Ciudad del Este","robots":{"index":"index","follow":"follow","max-snippet":"max-snippet:-1","max-image-preview":"max-image-preview:large","max-video-preview":"max-video-preview:-1"},"canonical":"https:\/\/www.manquecura.cl\/ciudad-del-este\/noticias\/exitosa-jornada-deportiva-en-el-colegio-manquecura\/","og_locale":"es_ES","og_type":"article","og_title":"\u00a1EXITOSA JORNADA DEPORTIVA! - Colegio Manquecura Ciudad del Este","og_description":"El pasado 23 de abril, el Colegio Manquecura se llen\u00f3 de entusiasmo y energ\u00eda con la celebraci\u00f3n de nuestra esperada Jornada Deportiva. Este emocionante evento, que reuni\u00f3 a toda nuestra comunidad escolar, fue una verdadera muestra de camarader\u00eda y esp\u00edritu deportivo. Nos complace destacar la masiva participaci\u00f3n de apoderados, estudiantes, funcionarios y docentes, quienes se [&hellip;]","og_url":"https:\/\/www.manquecura.cl\/ciudad-del-este\/noticias\/exitosa-jornada-deportiva-en-el-colegio-manquecura\/","og_site_name":"Colegio Manquecura Ciudad del Este","article_publisher":"http:\/\/www.facebook.com\/ColegiosManquecura","article_published_time":"2024-03-28T14:26:40+00:00","og_image":[{"width":1512,"height":947,"url":"https:\/\/www.manquecura.cl\/ciudad-del-este\/wp-content\/uploads\/sites\/41\/2024\/03\/WhatsApp-Image-2024-03-23-at-1.17.38-PM-e1711638544528.jpeg","type":"image\/jpeg"}],"author":"jorgedelcampo","twitter_card":"summary_large_image","twitter_misc":{"Escrito por":"jorgedelcampo","Tiempo de lectura":"2 minutos"},"schema":{"@context":"https:\/\/schema.org","@graph":[{"@type":"Article","@id":"https:\/\/www.manquecura.cl\/ciudad-del-este\/noticias\/exitosa-jornada-deportiva-en-el-colegio-manquecura\/#article","isPartOf":{"@id":"https:\/\/www.manquecura.cl\/ciudad-del-este\/noticias\/exitosa-jornada-deportiva-en-el-colegio-manquecura\/"},"author":{"name":"jorgedelcampo","@id":"https:\/\/www.manquecura.cl\/ciudad-del-este\/#\/schema\/person\/0debeea140e397b5d490ee7e553255d8"},"headline":"\u00a1EXITOSA JORNADA DEPORTIVA!","datePublished":"2024-03-28T14:26:40+00:00","mainEntityOfPage":{"@id":"https:\/\/www.manquecura.cl\/ciudad-del-este\/noticias\/exitosa-jornada-deportiva-en-el-colegio-manquecura\/"},"wordCount":347,"commentCount":0,"publisher":{"@id":"https:\/\/www.manquecura.cl\/ciudad-del-este\/#organization"},"image":{"@id":"https:\/\/www.manquecura.cl\/ciudad-del-este\/noticias\/exitosa-jornada-deportiva-en-el-colegio-manquecura\/#primaryimage"},"thumbnailUrl":"https:\/\/www.manquecura.cl\/ciudad-del-este\/wp-content\/uploads\/sites\/41\/2024\/03\/WhatsApp-Image-2024-03-23-at-1.17.38-PM-e1711638544528.jpeg","articleSection":["Vida Escolar"],"inLanguage":"es","potentialAction":[{"@type":"CommentAction","name":"Comment","target":["https:\/\/www.manquecura.cl\/ciudad-del-este\/noticias\/exitosa-jornada-deportiva-en-el-colegio-manquecura\/#respond"]}]},{"@type":"WebPage","@id":"https:\/\/www.manquecura.cl\/ciudad-del-este\/noticias\/exitosa-jornada-deportiva-en-el-colegio-manquecura\/","url":"https:\/\/www.manquecura.cl\/ciudad-del-este\/noticias\/exitosa-jornada-deportiva-en-el-colegio-manquecura\/","name":"\u00a1EXITOSA JORNADA DEPORTIVA! - Colegio Manquecura Ciudad del Este","isPartOf":{"@id":"https:\/\/www.manquecura.cl\/ciudad-del-este\/#website"},"primaryImageOfPage":{"@id":"https:\/\/www.manquecura.cl\/ciudad-del-este\/noticias\/exitosa-jornada-deportiva-en-el-colegio-manquecura\/#primaryimage"},"image":{"@id":"https:\/\/www.manquecura.cl\/ciudad-del-este\/noticias\/exitosa-jornada-deportiva-en-el-colegio-manquecura\/#primaryimage"},"thumbnailUrl":"https:\/\/www.manquecura.cl\/ciudad-del-este\/wp-content\/uploads\/sites\/41\/2024\/03\/WhatsApp-Image-2024-03-23-at-1.17.38-PM-e1711638544528.jpeg","datePublished":"2024-03-28T14:26:40+00:00","breadcrumb":{"@id":"https:\/\/www.manquecura.cl\/ciudad-del-este\/noticias\/exitosa-jornada-deportiva-en-el-colegio-manquecura\/#breadcrumb"},"inLanguage":"es","potentialAction":[{"@type":"ReadAction","target":["https:\/\/www.manquecura.cl\/ciudad-del-este\/noticias\/exitosa-jornada-deportiva-en-el-colegio-manquecura\/"]}]},{"@type":"ImageObject","inLanguage":"es","@id":"https:\/\/www.manquecura.cl\/ciudad-del-este\/noticias\/exitosa-jornada-deportiva-en-el-colegio-manquecura\/#primaryimage","url":"https:\/\/www.manquecura.cl\/ciudad-del-este\/wp-content\/uploads\/sites\/41\/2024\/03\/WhatsApp-Image-2024-03-23-at-1.17.38-PM-e1711638544528.jpeg","contentUrl":"https:\/\/www.manquecura.cl\/ciudad-del-este\/wp-content\/uploads\/sites\/41\/2024\/03\/WhatsApp-Image-2024-03-23-at-1.17.38-PM-e1711638544528.jpeg","width":1512,"height":947},{"@type":"BreadcrumbList","@id":"https:\/\/www.manquecura.cl\/ciudad-del-este\/noticias\/exitosa-jornada-deportiva-en-el-colegio-manquecura\/#breadcrumb","itemListElement":[{"@type":"ListItem","position":1,"name":"Home","item":"https:\/\/www.manquecura.cl\/ciudad-del-este\/"},{"@type":"ListItem","position":2,"name":"\u00a1EXITOSA JORNADA DEPORTIVA!"}]},{"@type":"WebSite","@id":"https:\/\/www.manquecura.cl\/ciudad-del-este\/#website","url":"https:\/\/www.manquecura.cl\/ciudad-del-este\/","name":"Colegio Manquecura Ciudad del Este","description":"","publisher":{"@id":"https:\/\/www.manquecura.cl\/ciudad-del-este\/#organization"},"potentialAction":[{"@type":"SearchAction","target":{"@type":"EntryPoint","urlTemplate":"https:\/\/www.manquecura.cl\/ciudad-del-este\/?s={search_term_string}"},"query-input":{"@type":"PropertyValueSpecification","valueRequired":true,"valueName":"search_term_string"}}],"inLanguage":"es"},{"@type":"Organization","@id":"https:\/\/www.manquecura.cl\/ciudad-del-este\/#organization","name":"Colegio Manquecura Ciudad del Este","url":"https:\/\/www.manquecura.cl\/ciudad-del-este\/","logo":{"@type":"ImageObject","inLanguage":"es","@id":"https:\/\/www.manquecura.cl\/ciudad-del-este\/#\/schema\/logo\/image\/","url":"https:\/\/www.manquecura.cl\/ciudad-del-este\/wp-content\/uploads\/sites\/41\/2023\/09\/logo_Manquecura_Ciudad-del-Este_horizontal_color-1.png","contentUrl":"https:\/\/www.manquecura.cl\/ciudad-del-este\/wp-content\/uploads\/sites\/41\/2023\/09\/logo_Manquecura_Ciudad-del-Este_horizontal_color-1.png","width":611,"height":183,"caption":"Colegio Manquecura Ciudad del Este"},"image":{"@id":"https:\/\/www.manquecura.cl\/ciudad-del-este\/#\/schema\/logo\/image\/"},"sameAs":["http:\/\/www.facebook.com\/ColegiosManquecura","http:\/\/www.instagram.com\/manquecura_ciudaddeleste\/","http:\/\/www.youtube.com\/c\/CognitaChile"]},{"@type":"Person","@id":"https:\/\/www.manquecura.cl\/ciudad-del-este\/#\/schema\/person\/0debeea140e397b5d490ee7e553255d8","name":"jorgedelcampo","image":{"@type":"ImageObject","inLanguage":"es","@id":"https:\/\/www.manquecura.cl\/ciudad-del-este\/#\/schema\/person\/image\/","url":"https:\/\/secure.gravatar.com\/avatar\/4a315f521213b2dc91dbda9bf799f711c8a98ab6f5606ec42cf5b33d1e762e8a?s=96&d=mm&r=g","contentUrl":"https:\/\/secure.gravatar.com\/avatar\/4a315f521213b2dc91dbda9bf799f711c8a98ab6f5606ec42cf5b33d1e762e8a?s=96&d=mm&r=g","caption":"jorgedelcampo"}}]}},"jetpack_featured_media_url":"https:\/\/www.manquecura.cl\/ciudad-del-este\/wp-content\/uploads\/sites\/41\/2024\/03\/WhatsApp-Image-2024-03-23-at-1.17.38-PM-e1711638544528.jpeg","previous_post_ID":24584,"previous_post_title":"JORNADA DEPORTIVA DE COLORES","previous_post_excerpt":"\u00a1La alegr\u00eda y el color est\u00e1n a punto de invadir nuestros d\u00edas! Con gran emoci\u00f3n, les informamos que realizaremos nuestra Jornada Deportiva Familiar este s\u00e1bado 23 de marzo desde las 9:30 hasta las 12:00 hrs. En donde habr\u00e1n actividades deportivas para disfrutar con los estudiantes, sus familias y amigos. La programaci\u00f3n de esta jornada ser\u00e1 [&hellip;]","previous_post_link":"https:\/\/www.manquecura.cl\/ciudad-del-este\/noticias\/jornada-deportiva-de-colores\/","previous_post_class":["post-24584","post","type-post","status-publish","format-standard","has-post-thumbnail","hentry","category-vida-escolar"],"next_post_ID":24804,"next_post_title":"ELECCIONES CAMPUR ESTUDIANTES 2024","next_post_excerpt":"&nbsp; El pasado 3 de abril, se llevaron a cabo con \u00e9xito las elecciones del CAMPUR de Estudiantes 2024 en nuestro colegio. Los estudiantes desde 5\u00b0 b\u00e1sico hasta IV Medio tuvieron la oportunidad de expresar su opini\u00f3n sobre la representaci\u00f3n de la lista A. Con una notable participaci\u00f3n, los resultados fueron los siguientes: 630 votos [&hellip;]","next_post_link":"https:\/\/www.manquecura.cl\/ciudad-del-este\/noticias\/votaciones-campur-estudiantes-2024\/","next_post_class":["post-24804","post","type-post","status-publish","format-standard","has-post-thumbnail","hentry","category-vida-escolar"],"jetpack_sharing_enabled":true,"_links":{"self":[{"href":"https:\/\/www.manquecura.cl\/ciudad-del-este\/wp-json\/wp\/v2\/posts\/24700","targetHints":{"allow":["GET"]}}],"collection":[{"href":"https:\/\/www.manquecura.cl\/ciudad-del-este\/wp-json\/wp\/v2\/posts"}],"about":[{"href":"https:\/\/www.manquecura.cl\/ciudad-del-este\/wp-json\/wp\/v2\/types\/post"}],"author":[{"embeddable":true,"href":"https:\/\/www.manquecura.cl\/ciudad-del-este\/wp-json\/wp\/v2\/users\/14"}],"replies":[{"embeddable":true,"href":"https:\/\/www.manquecura.cl\/ciudad-del-este\/wp-json\/wp\/v2\/comments?post=24700"}],"version-history":[{"count":0,"href":"https:\/\/www.manquecura.cl\/ciudad-del-este\/wp-json\/wp\/v2\/posts\/24700\/revisions"}],"wp:featuredmedia":[{"embeddable":true,"href":"https:\/\/www.manquecura.cl\/ciudad-del-este\/wp-json\/wp\/v2\/media\/24738"}],"wp:attachment":[{"href":"https:\/\/www.manquecura.cl\/ciudad-del-este\/wp-json\/wp\/v2\/media?parent=24700"}],"wp:term":[{"taxonomy":"category","embeddable":true,"href":"https:\/\/www.manquecura.cl\/ciudad-del-este\/wp-json\/wp\/v2\/categories?post=24700"},{"taxonomy":"post_tag","embeddable":true,"href":"https:\/\/www.manquecura.cl\/ciudad-del-este\/wp-json\/wp\/v2\/tags?post=24700"}],"curies":[{"name":"wp","href":"https:\/\/api.w.org\/{rel}","templated":true}]}}