{"id":24081,"date":"2023-12-06T09:00:26","date_gmt":"2023-12-06T12:00:26","guid":{"rendered":"https:\/\/www.manquecura.cl\/ciudad-del-este\/?p=24081"},"modified":"2023-12-06T09:00:26","modified_gmt":"2023-12-06T12:00:26","slug":"unidad-de-metodo-de-proyecto-de-kinder-vamos-a-la-playa","status":"publish","type":"post","link":"https:\/\/www.manquecura.cl\/ciudad-del-este\/noticias\/unidad-de-metodo-de-proyecto-de-kinder-vamos-a-la-playa\/","title":{"rendered":"Unidad de M\u00e9todo de Proyecto de K\u00ednder: &#8220;Vamos a la playa&#8221;"},"content":{"rendered":"<p>Todos nuestros estudiantes de K\u00ednder participaron durante el mes noviembre en la unidad de m\u00e9todo del proyecto: \u201cVamos a la playa\u201d, que inici\u00f3 con un desfile de los ni\u00f1os y ni\u00f1as caracterizados con tenida veraniega, dando as\u00ed la partida a un periodo estival completo de aprendizajes, disfrutando la tem\u00e1tica, explorando, experimentando y viviendo muchas m\u00e1s actividades.<\/p>\n<p>Para finalizar, todos los K\u00ednder y sus misses, realizaron una exposici\u00f3n de maquetas confeccionadas en familia c\u00f3mo actividad de t\u00e9rmino, utilizando la geograf\u00eda caracter\u00edstica de del borde costero.<\/p>\n<p style=\"text-align: center\"><strong>Colegio Manquecura Ciudad del Este<\/strong><\/p>\n<p>[multimedia id=&#8221;1&#8243;]<\/p>\n"},"excerpt":{"rendered":"<p>Todos nuestros estudiantes de K\u00ednder participaron durante el mes noviembre en la unidad de m\u00e9todo del proyecto: \u201cVamos a la playa\u201d, que inici\u00f3 con un desfile de los ni\u00f1os y ni\u00f1as caracterizados con tenida veraniega, dando as\u00ed la partida a un periodo estival completo de aprendizajes, disfrutando la tem\u00e1tica, explorando, experimentando y viviendo muchas m\u00e1s [&hellip;]<\/p>\n","protected":false},"author":14,"featured_media":24083,"comment_status":"open","ping_status":"open","sticky":false,"template":"","format":"standard","meta":{"_acf_changed":false,"content-type":"","_jetpack_memberships_contains_paid_content":false,"footnotes":""},"categories":[1],"tags":[],"class_list":["post-24081","post","type-post","status-publish","format-standard","has-post-thumbnail","hentry","category-vida-escolar"],"acf":[],"yoast_head":"<!-- This site is optimized with the Yoast SEO plugin v27.1.1 - https:\/\/yoast.com\/product\/yoast-seo-wordpress\/ -->\n<title>Unidad de M\u00e9todo de Proyecto de K\u00ednder: &quot;Vamos a la playa&quot; - Colegio Manquecura Ciudad del Este<\/title>\n<meta name=\"robots\" content=\"index, follow, max-snippet:-1, max-image-preview:large, max-video-preview:-1\" \/>\n<link rel=\"canonical\" href=\"https:\/\/www.manquecura.cl\/ciudad-del-este\/noticias\/unidad-de-metodo-de-proyecto-de-kinder-vamos-a-la-playa\/\" \/>\n<meta property=\"og:locale\" content=\"es_ES\" \/>\n<meta property=\"og:type\" content=\"article\" \/>\n<meta property=\"og:title\" content=\"Unidad de M\u00e9todo de Proyecto de K\u00ednder: &quot;Vamos a la playa&quot; - Colegio Manquecura Ciudad del Este\" \/>\n<meta property=\"og:description\" content=\"Todos nuestros estudiantes de K\u00ednder participaron durante el mes noviembre en la unidad de m\u00e9todo del proyecto: \u201cVamos a la playa\u201d, que inici\u00f3 con un desfile de los ni\u00f1os y ni\u00f1as caracterizados con tenida veraniega, dando as\u00ed la partida a un periodo estival completo de aprendizajes, disfrutando la tem\u00e1tica, explorando, experimentando y viviendo muchas m\u00e1s [&hellip;]\" \/>\n<meta property=\"og:url\" content=\"https:\/\/www.manquecura.cl\/ciudad-del-este\/noticias\/unidad-de-metodo-de-proyecto-de-kinder-vamos-a-la-playa\/\" \/>\n<meta property=\"og:site_name\" content=\"Colegio Manquecura Ciudad del Este\" \/>\n<meta property=\"article:publisher\" content=\"http:\/\/www.facebook.com\/ColegiosManquecura\" \/>\n<meta property=\"article:published_time\" content=\"2023-12-06T12:00:26+00:00\" \/>\n<meta name=\"author\" content=\"jorgedelcampo\" \/>\n<meta name=\"twitter:card\" content=\"summary_large_image\" \/>\n<meta name=\"twitter:label1\" content=\"Escrito por\" \/>\n\t<meta name=\"twitter:data1\" content=\"jorgedelcampo\" \/>\n\t<meta name=\"twitter:label2\" content=\"Tiempo de lectura\" \/>\n\t<meta name=\"twitter:data2\" content=\"1 minuto\" \/>\n<script type=\"application\/ld+json\" class=\"yoast-schema-graph\">{\"@context\":\"https:\/\/schema.org\",\"@graph\":[{\"@type\":\"Article\",\"@id\":\"https:\/\/www.manquecura.cl\/ciudad-del-este\/noticias\/unidad-de-metodo-de-proyecto-de-kinder-vamos-a-la-playa\/#article\",\"isPartOf\":{\"@id\":\"https:\/\/www.manquecura.cl\/ciudad-del-este\/noticias\/unidad-de-metodo-de-proyecto-de-kinder-vamos-a-la-playa\/\"},\"author\":{\"name\":\"jorgedelcampo\",\"@id\":\"https:\/\/www.manquecura.cl\/ciudad-del-este\/#\/schema\/person\/0debeea140e397b5d490ee7e553255d8\"},\"headline\":\"Unidad de M\u00e9todo de Proyecto de K\u00ednder: &#8220;Vamos a la playa&#8221;\",\"datePublished\":\"2023-12-06T12:00:26+00:00\",\"mainEntityOfPage\":{\"@id\":\"https:\/\/www.manquecura.cl\/ciudad-del-este\/noticias\/unidad-de-metodo-de-proyecto-de-kinder-vamos-a-la-playa\/\"},\"wordCount\":116,\"commentCount\":0,\"publisher\":{\"@id\":\"https:\/\/www.manquecura.cl\/ciudad-del-este\/#organization\"},\"image\":{\"@id\":\"https:\/\/www.manquecura.cl\/ciudad-del-este\/noticias\/unidad-de-metodo-de-proyecto-de-kinder-vamos-a-la-playa\/#primaryimage\"},\"thumbnailUrl\":\"https:\/\/www.manquecura.cl\/ciudad-del-este\/wp-content\/uploads\/sites\/41\/2023\/12\/2-2.png\",\"articleSection\":[\"Vida Escolar\"],\"inLanguage\":\"es\",\"potentialAction\":[{\"@type\":\"CommentAction\",\"name\":\"Comment\",\"target\":[\"https:\/\/www.manquecura.cl\/ciudad-del-este\/noticias\/unidad-de-metodo-de-proyecto-de-kinder-vamos-a-la-playa\/#respond\"]}]},{\"@type\":\"WebPage\",\"@id\":\"https:\/\/www.manquecura.cl\/ciudad-del-este\/noticias\/unidad-de-metodo-de-proyecto-de-kinder-vamos-a-la-playa\/\",\"url\":\"https:\/\/www.manquecura.cl\/ciudad-del-este\/noticias\/unidad-de-metodo-de-proyecto-de-kinder-vamos-a-la-playa\/\",\"name\":\"Unidad de M\u00e9todo de Proyecto de K\u00ednder: \\\"Vamos a la playa\\\" - Colegio Manquecura Ciudad del Este\",\"isPartOf\":{\"@id\":\"https:\/\/www.manquecura.cl\/ciudad-del-este\/#website\"},\"primaryImageOfPage\":{\"@id\":\"https:\/\/www.manquecura.cl\/ciudad-del-este\/noticias\/unidad-de-metodo-de-proyecto-de-kinder-vamos-a-la-playa\/#primaryimage\"},\"image\":{\"@id\":\"https:\/\/www.manquecura.cl\/ciudad-del-este\/noticias\/unidad-de-metodo-de-proyecto-de-kinder-vamos-a-la-playa\/#primaryimage\"},\"thumbnailUrl\":\"https:\/\/www.manquecura.cl\/ciudad-del-este\/wp-content\/uploads\/sites\/41\/2023\/12\/2-2.png\",\"datePublished\":\"2023-12-06T12:00:26+00:00\",\"breadcrumb\":{\"@id\":\"https:\/\/www.manquecura.cl\/ciudad-del-este\/noticias\/unidad-de-metodo-de-proyecto-de-kinder-vamos-a-la-playa\/#breadcrumb\"},\"inLanguage\":\"es\",\"potentialAction\":[{\"@type\":\"ReadAction\",\"target\":[\"https:\/\/www.manquecura.cl\/ciudad-del-este\/noticias\/unidad-de-metodo-de-proyecto-de-kinder-vamos-a-la-playa\/\"]}]},{\"@type\":\"ImageObject\",\"inLanguage\":\"es\",\"@id\":\"https:\/\/www.manquecura.cl\/ciudad-del-este\/noticias\/unidad-de-metodo-de-proyecto-de-kinder-vamos-a-la-playa\/#primaryimage\",\"url\":\"https:\/\/www.manquecura.cl\/ciudad-del-este\/wp-content\/uploads\/sites\/41\/2023\/12\/2-2.png\",\"contentUrl\":\"https:\/\/www.manquecura.cl\/ciudad-del-este\/wp-content\/uploads\/sites\/41\/2023\/12\/2-2.png\",\"width\":836,\"height\":523},{\"@type\":\"BreadcrumbList\",\"@id\":\"https:\/\/www.manquecura.cl\/ciudad-del-este\/noticias\/unidad-de-metodo-de-proyecto-de-kinder-vamos-a-la-playa\/#breadcrumb\",\"itemListElement\":[{\"@type\":\"ListItem\",\"position\":1,\"name\":\"Home\",\"item\":\"https:\/\/www.manquecura.cl\/ciudad-del-este\/\"},{\"@type\":\"ListItem\",\"position\":2,\"name\":\"Unidad de M\u00e9todo de Proyecto de K\u00ednder: &#8220;Vamos a la playa&#8221;\"}]},{\"@type\":\"WebSite\",\"@id\":\"https:\/\/www.manquecura.cl\/ciudad-del-este\/#website\",\"url\":\"https:\/\/www.manquecura.cl\/ciudad-del-este\/\",\"name\":\"Colegio Manquecura Ciudad del Este\",\"description\":\"\",\"publisher\":{\"@id\":\"https:\/\/www.manquecura.cl\/ciudad-del-este\/#organization\"},\"potentialAction\":[{\"@type\":\"SearchAction\",\"target\":{\"@type\":\"EntryPoint\",\"urlTemplate\":\"https:\/\/www.manquecura.cl\/ciudad-del-este\/?s={search_term_string}\"},\"query-input\":{\"@type\":\"PropertyValueSpecification\",\"valueRequired\":true,\"valueName\":\"search_term_string\"}}],\"inLanguage\":\"es\"},{\"@type\":\"Organization\",\"@id\":\"https:\/\/www.manquecura.cl\/ciudad-del-este\/#organization\",\"name\":\"Colegio Manquecura Ciudad del Este\",\"url\":\"https:\/\/www.manquecura.cl\/ciudad-del-este\/\",\"logo\":{\"@type\":\"ImageObject\",\"inLanguage\":\"es\",\"@id\":\"https:\/\/www.manquecura.cl\/ciudad-del-este\/#\/schema\/logo\/image\/\",\"url\":\"https:\/\/www.manquecura.cl\/ciudad-del-este\/wp-content\/uploads\/sites\/41\/2023\/09\/logo_Manquecura_Ciudad-del-Este_horizontal_color-1.png\",\"contentUrl\":\"https:\/\/www.manquecura.cl\/ciudad-del-este\/wp-content\/uploads\/sites\/41\/2023\/09\/logo_Manquecura_Ciudad-del-Este_horizontal_color-1.png\",\"width\":611,\"height\":183,\"caption\":\"Colegio Manquecura Ciudad del Este\"},\"image\":{\"@id\":\"https:\/\/www.manquecura.cl\/ciudad-del-este\/#\/schema\/logo\/image\/\"},\"sameAs\":[\"http:\/\/www.facebook.com\/ColegiosManquecura\",\"http:\/\/www.instagram.com\/manquecura_ciudaddeleste\/\",\"http:\/\/www.youtube.com\/c\/CognitaChile\"]},{\"@type\":\"Person\",\"@id\":\"https:\/\/www.manquecura.cl\/ciudad-del-este\/#\/schema\/person\/0debeea140e397b5d490ee7e553255d8\",\"name\":\"jorgedelcampo\",\"image\":{\"@type\":\"ImageObject\",\"inLanguage\":\"es\",\"@id\":\"https:\/\/www.manquecura.cl\/ciudad-del-este\/#\/schema\/person\/image\/\",\"url\":\"https:\/\/secure.gravatar.com\/avatar\/4a315f521213b2dc91dbda9bf799f711c8a98ab6f5606ec42cf5b33d1e762e8a?s=96&d=mm&r=g\",\"contentUrl\":\"https:\/\/secure.gravatar.com\/avatar\/4a315f521213b2dc91dbda9bf799f711c8a98ab6f5606ec42cf5b33d1e762e8a?s=96&d=mm&r=g\",\"caption\":\"jorgedelcampo\"}}]}<\/script>\n<!-- \/ Yoast SEO plugin. -->","yoast_head_json":{"title":"Unidad de M\u00e9todo de Proyecto de K\u00ednder: \"Vamos a la playa\" - Colegio Manquecura Ciudad del Este","robots":{"index":"index","follow":"follow","max-snippet":"max-snippet:-1","max-image-preview":"max-image-preview:large","max-video-preview":"max-video-preview:-1"},"canonical":"https:\/\/www.manquecura.cl\/ciudad-del-este\/noticias\/unidad-de-metodo-de-proyecto-de-kinder-vamos-a-la-playa\/","og_locale":"es_ES","og_type":"article","og_title":"Unidad de M\u00e9todo de Proyecto de K\u00ednder: \"Vamos a la playa\" - Colegio Manquecura Ciudad del Este","og_description":"Todos nuestros estudiantes de K\u00ednder participaron durante el mes noviembre en la unidad de m\u00e9todo del proyecto: \u201cVamos a la playa\u201d, que inici\u00f3 con un desfile de los ni\u00f1os y ni\u00f1as caracterizados con tenida veraniega, dando as\u00ed la partida a un periodo estival completo de aprendizajes, disfrutando la tem\u00e1tica, explorando, experimentando y viviendo muchas m\u00e1s [&hellip;]","og_url":"https:\/\/www.manquecura.cl\/ciudad-del-este\/noticias\/unidad-de-metodo-de-proyecto-de-kinder-vamos-a-la-playa\/","og_site_name":"Colegio Manquecura Ciudad del Este","article_publisher":"http:\/\/www.facebook.com\/ColegiosManquecura","article_published_time":"2023-12-06T12:00:26+00:00","author":"jorgedelcampo","twitter_card":"summary_large_image","twitter_misc":{"Escrito por":"jorgedelcampo","Tiempo de lectura":"1 minuto"},"schema":{"@context":"https:\/\/schema.org","@graph":[{"@type":"Article","@id":"https:\/\/www.manquecura.cl\/ciudad-del-este\/noticias\/unidad-de-metodo-de-proyecto-de-kinder-vamos-a-la-playa\/#article","isPartOf":{"@id":"https:\/\/www.manquecura.cl\/ciudad-del-este\/noticias\/unidad-de-metodo-de-proyecto-de-kinder-vamos-a-la-playa\/"},"author":{"name":"jorgedelcampo","@id":"https:\/\/www.manquecura.cl\/ciudad-del-este\/#\/schema\/person\/0debeea140e397b5d490ee7e553255d8"},"headline":"Unidad de M\u00e9todo de Proyecto de K\u00ednder: &#8220;Vamos a la playa&#8221;","datePublished":"2023-12-06T12:00:26+00:00","mainEntityOfPage":{"@id":"https:\/\/www.manquecura.cl\/ciudad-del-este\/noticias\/unidad-de-metodo-de-proyecto-de-kinder-vamos-a-la-playa\/"},"wordCount":116,"commentCount":0,"publisher":{"@id":"https:\/\/www.manquecura.cl\/ciudad-del-este\/#organization"},"image":{"@id":"https:\/\/www.manquecura.cl\/ciudad-del-este\/noticias\/unidad-de-metodo-de-proyecto-de-kinder-vamos-a-la-playa\/#primaryimage"},"thumbnailUrl":"https:\/\/www.manquecura.cl\/ciudad-del-este\/wp-content\/uploads\/sites\/41\/2023\/12\/2-2.png","articleSection":["Vida Escolar"],"inLanguage":"es","potentialAction":[{"@type":"CommentAction","name":"Comment","target":["https:\/\/www.manquecura.cl\/ciudad-del-este\/noticias\/unidad-de-metodo-de-proyecto-de-kinder-vamos-a-la-playa\/#respond"]}]},{"@type":"WebPage","@id":"https:\/\/www.manquecura.cl\/ciudad-del-este\/noticias\/unidad-de-metodo-de-proyecto-de-kinder-vamos-a-la-playa\/","url":"https:\/\/www.manquecura.cl\/ciudad-del-este\/noticias\/unidad-de-metodo-de-proyecto-de-kinder-vamos-a-la-playa\/","name":"Unidad de M\u00e9todo de Proyecto de K\u00ednder: \"Vamos a la playa\" - Colegio Manquecura Ciudad del Este","isPartOf":{"@id":"https:\/\/www.manquecura.cl\/ciudad-del-este\/#website"},"primaryImageOfPage":{"@id":"https:\/\/www.manquecura.cl\/ciudad-del-este\/noticias\/unidad-de-metodo-de-proyecto-de-kinder-vamos-a-la-playa\/#primaryimage"},"image":{"@id":"https:\/\/www.manquecura.cl\/ciudad-del-este\/noticias\/unidad-de-metodo-de-proyecto-de-kinder-vamos-a-la-playa\/#primaryimage"},"thumbnailUrl":"https:\/\/www.manquecura.cl\/ciudad-del-este\/wp-content\/uploads\/sites\/41\/2023\/12\/2-2.png","datePublished":"2023-12-06T12:00:26+00:00","breadcrumb":{"@id":"https:\/\/www.manquecura.cl\/ciudad-del-este\/noticias\/unidad-de-metodo-de-proyecto-de-kinder-vamos-a-la-playa\/#breadcrumb"},"inLanguage":"es","potentialAction":[{"@type":"ReadAction","target":["https:\/\/www.manquecura.cl\/ciudad-del-este\/noticias\/unidad-de-metodo-de-proyecto-de-kinder-vamos-a-la-playa\/"]}]},{"@type":"ImageObject","inLanguage":"es","@id":"https:\/\/www.manquecura.cl\/ciudad-del-este\/noticias\/unidad-de-metodo-de-proyecto-de-kinder-vamos-a-la-playa\/#primaryimage","url":"https:\/\/www.manquecura.cl\/ciudad-del-este\/wp-content\/uploads\/sites\/41\/2023\/12\/2-2.png","contentUrl":"https:\/\/www.manquecura.cl\/ciudad-del-este\/wp-content\/uploads\/sites\/41\/2023\/12\/2-2.png","width":836,"height":523},{"@type":"BreadcrumbList","@id":"https:\/\/www.manquecura.cl\/ciudad-del-este\/noticias\/unidad-de-metodo-de-proyecto-de-kinder-vamos-a-la-playa\/#breadcrumb","itemListElement":[{"@type":"ListItem","position":1,"name":"Home","item":"https:\/\/www.manquecura.cl\/ciudad-del-este\/"},{"@type":"ListItem","position":2,"name":"Unidad de M\u00e9todo de Proyecto de K\u00ednder: &#8220;Vamos a la playa&#8221;"}]},{"@type":"WebSite","@id":"https:\/\/www.manquecura.cl\/ciudad-del-este\/#website","url":"https:\/\/www.manquecura.cl\/ciudad-del-este\/","name":"Colegio Manquecura Ciudad del Este","description":"","publisher":{"@id":"https:\/\/www.manquecura.cl\/ciudad-del-este\/#organization"},"potentialAction":[{"@type":"SearchAction","target":{"@type":"EntryPoint","urlTemplate":"https:\/\/www.manquecura.cl\/ciudad-del-este\/?s={search_term_string}"},"query-input":{"@type":"PropertyValueSpecification","valueRequired":true,"valueName":"search_term_string"}}],"inLanguage":"es"},{"@type":"Organization","@id":"https:\/\/www.manquecura.cl\/ciudad-del-este\/#organization","name":"Colegio Manquecura Ciudad del Este","url":"https:\/\/www.manquecura.cl\/ciudad-del-este\/","logo":{"@type":"ImageObject","inLanguage":"es","@id":"https:\/\/www.manquecura.cl\/ciudad-del-este\/#\/schema\/logo\/image\/","url":"https:\/\/www.manquecura.cl\/ciudad-del-este\/wp-content\/uploads\/sites\/41\/2023\/09\/logo_Manquecura_Ciudad-del-Este_horizontal_color-1.png","contentUrl":"https:\/\/www.manquecura.cl\/ciudad-del-este\/wp-content\/uploads\/sites\/41\/2023\/09\/logo_Manquecura_Ciudad-del-Este_horizontal_color-1.png","width":611,"height":183,"caption":"Colegio Manquecura Ciudad del Este"},"image":{"@id":"https:\/\/www.manquecura.cl\/ciudad-del-este\/#\/schema\/logo\/image\/"},"sameAs":["http:\/\/www.facebook.com\/ColegiosManquecura","http:\/\/www.instagram.com\/manquecura_ciudaddeleste\/","http:\/\/www.youtube.com\/c\/CognitaChile"]},{"@type":"Person","@id":"https:\/\/www.manquecura.cl\/ciudad-del-este\/#\/schema\/person\/0debeea140e397b5d490ee7e553255d8","name":"jorgedelcampo","image":{"@type":"ImageObject","inLanguage":"es","@id":"https:\/\/www.manquecura.cl\/ciudad-del-este\/#\/schema\/person\/image\/","url":"https:\/\/secure.gravatar.com\/avatar\/4a315f521213b2dc91dbda9bf799f711c8a98ab6f5606ec42cf5b33d1e762e8a?s=96&d=mm&r=g","contentUrl":"https:\/\/secure.gravatar.com\/avatar\/4a315f521213b2dc91dbda9bf799f711c8a98ab6f5606ec42cf5b33d1e762e8a?s=96&d=mm&r=g","caption":"jorgedelcampo"}}]}},"jetpack_featured_media_url":"https:\/\/www.manquecura.cl\/ciudad-del-este\/wp-content\/uploads\/sites\/41\/2023\/12\/2-2.png","previous_post_ID":24054,"previous_post_title":"Proyecto CAMPUR 2do B: \u201cExplorando juntos: Un viaje al pasado\u201d","previous_post_excerpt":"Los estudiantes de 2do B\u00e1sico B, participaron junto a su profesora jefe, Gabriela Braun, de un entretenido proyecto CAMPUR de curso, cuyo objetivo consist\u00eda en fomentar la colaboraci\u00f3n y el intercambio de experiencias entre los alumnos y sus educadoras de K\u00ednder, misses Delia Maceiras y Camila \u00c1lvarez. La oportunidad permiti\u00f3 compartir convivencia, entregar cartas y [&hellip;]","previous_post_link":"https:\/\/www.manquecura.cl\/ciudad-del-este\/noticias\/proyecto-campur-2do-b-explorando-juntos-un-viaje-al-pasado\/","previous_post_class":["post-24054","post","type-post","status-publish","format-standard","has-post-thumbnail","hentry","category-vida-escolar"],"next_post_ID":24089,"next_post_title":"\u00a1Revive nuestro School of The Future!","next_post_excerpt":"A trav\u00e9s de los siguientes videos queremos compartir con nuestra comunidad escolar un resumen de los mejores momentos vividos en nuestra reciente School Of The Future (SOTF), evento que convoc\u00f3 a estudiantes, profesores y expertos nacionales e internacionales. Los profesores de CDE pudieron participar tanto como moderadores como l\u00edderes de grupo, y que, junto a [&hellip;]","next_post_link":"https:\/\/www.manquecura.cl\/ciudad-del-este\/noticias\/revive-nuestro-school-of-the-future\/","next_post_class":["post-24089","post","type-post","status-publish","format-standard","has-post-thumbnail","hentry","category-vida-escolar"],"jetpack_sharing_enabled":true,"_links":{"self":[{"href":"https:\/\/www.manquecura.cl\/ciudad-del-este\/wp-json\/wp\/v2\/posts\/24081","targetHints":{"allow":["GET"]}}],"collection":[{"href":"https:\/\/www.manquecura.cl\/ciudad-del-este\/wp-json\/wp\/v2\/posts"}],"about":[{"href":"https:\/\/www.manquecura.cl\/ciudad-del-este\/wp-json\/wp\/v2\/types\/post"}],"author":[{"embeddable":true,"href":"https:\/\/www.manquecura.cl\/ciudad-del-este\/wp-json\/wp\/v2\/users\/14"}],"replies":[{"embeddable":true,"href":"https:\/\/www.manquecura.cl\/ciudad-del-este\/wp-json\/wp\/v2\/comments?post=24081"}],"version-history":[{"count":0,"href":"https:\/\/www.manquecura.cl\/ciudad-del-este\/wp-json\/wp\/v2\/posts\/24081\/revisions"}],"wp:featuredmedia":[{"embeddable":true,"href":"https:\/\/www.manquecura.cl\/ciudad-del-este\/wp-json\/wp\/v2\/media\/24083"}],"wp:attachment":[{"href":"https:\/\/www.manquecura.cl\/ciudad-del-este\/wp-json\/wp\/v2\/media?parent=24081"}],"wp:term":[{"taxonomy":"category","embeddable":true,"href":"https:\/\/www.manquecura.cl\/ciudad-del-este\/wp-json\/wp\/v2\/categories?post=24081"},{"taxonomy":"post_tag","embeddable":true,"href":"https:\/\/www.manquecura.cl\/ciudad-del-este\/wp-json\/wp\/v2\/tags?post=24081"}],"curies":[{"name":"wp","href":"https:\/\/api.w.org\/{rel}","templated":true}]}}