{"id":23624,"date":"2023-11-13T10:32:04","date_gmt":"2023-11-13T13:32:04","guid":{"rendered":"https:\/\/www.manquecura.cl\/ciudad-del-este\/?p=23624"},"modified":"2023-11-13T10:32:04","modified_gmt":"2023-11-13T13:32:04","slug":"ceremonias-de-graduacion-liderazgo-y-emprendimiento-2023","status":"publish","type":"post","link":"https:\/\/www.manquecura.cl\/ciudad-del-este\/noticias\/ceremonias-de-graduacion-liderazgo-y-emprendimiento-2023\/","title":{"rendered":"Ceremonias de Graduaci\u00f3n Liderazgo y Emprendimiento 2023"},"content":{"rendered":"<p>Nuestros estudiantes que participaron durante todo este a\u00f1o en los programas sello \u201cL\u00edderes del Ma\u00f1ana\u201d y \u201cEmprendimiento Empresarial\u201d, cerraron su ciclo con la Ceremonia de Graduaci\u00f3n, en un acto donde recibieron la piocha que los identifica como L\u00edderes y Emprendedores, y el diploma que certifica su participaci\u00f3n en los programas.<\/p>\n<p>Los esfuerzos, el trabajo y el compromiso realizado por cada uno nuestros alumnos participantes, culmin\u00f3 en este acto de reconocimiento a trav\u00e9s de los monitores Nicol\u00e1s Monsalve y Dafne Rojas, para Liderazgo; y Damaris Irigoyen y Pablo P\u00e9rez, para Emprendimiento, en compa\u00f1\u00eda del equipo directivo del colegio.<\/p>\n<p>Los alumnos que efectuaron estos programas optaron por complementar su formaci\u00f3n, desarrollando competencias claves para el mundo de hoy, tales como la responsabilidad personal, la proactividad, la planificaci\u00f3n, el trabajo en equipo, la inteligencia social y emocional, entre otras. Adem\u00e1s, han aprendido a lograr metas tan transversales, como la autogesti\u00f3n, el autoconocimiento, el conocimiento de temas empresariales, entre otros.<\/p>\n<p>\u00a1Felicitaciones a todos nuestros graduados!<\/p>\n<p style=\"text-align: center\"><strong>Colegio Manquecura Ciudad del Este<\/strong><\/p>\n<p>&nbsp;<\/p>\n<p>[multimedia id=&#8221;1&#8243;]<\/p>\n"},"excerpt":{"rendered":"<p>Nuestros estudiantes que participaron durante todo este a\u00f1o en los programas sello \u201cL\u00edderes del Ma\u00f1ana\u201d y \u201cEmprendimiento Empresarial\u201d, cerraron su ciclo con la Ceremonia de Graduaci\u00f3n, en un acto donde recibieron la piocha que los identifica como L\u00edderes y Emprendedores, y el diploma que certifica su participaci\u00f3n en los programas. Los esfuerzos, el trabajo y [&hellip;]<\/p>\n","protected":false},"author":14,"featured_media":23685,"comment_status":"open","ping_status":"open","sticky":false,"template":"","format":"standard","meta":{"_acf_changed":false,"content-type":"","_jetpack_memberships_contains_paid_content":false,"footnotes":""},"categories":[1],"tags":[],"class_list":["post-23624","post","type-post","status-publish","format-standard","has-post-thumbnail","hentry","category-vida-escolar"],"acf":[],"yoast_head":"<!-- This site is optimized with the Yoast SEO plugin v27.1.1 - https:\/\/yoast.com\/product\/yoast-seo-wordpress\/ -->\n<title>Ceremonias de Graduaci\u00f3n Liderazgo y Emprendimiento 2023 - Colegio Manquecura Ciudad del Este<\/title>\n<meta name=\"robots\" content=\"index, follow, max-snippet:-1, max-image-preview:large, max-video-preview:-1\" \/>\n<link rel=\"canonical\" href=\"https:\/\/www.manquecura.cl\/ciudad-del-este\/noticias\/ceremonias-de-graduacion-liderazgo-y-emprendimiento-2023\/\" \/>\n<meta property=\"og:locale\" content=\"es_ES\" \/>\n<meta property=\"og:type\" content=\"article\" \/>\n<meta property=\"og:title\" content=\"Ceremonias de Graduaci\u00f3n Liderazgo y Emprendimiento 2023 - Colegio Manquecura Ciudad del Este\" \/>\n<meta property=\"og:description\" content=\"Nuestros estudiantes que participaron durante todo este a\u00f1o en los programas sello \u201cL\u00edderes del Ma\u00f1ana\u201d y \u201cEmprendimiento Empresarial\u201d, cerraron su ciclo con la Ceremonia de Graduaci\u00f3n, en un acto donde recibieron la piocha que los identifica como L\u00edderes y Emprendedores, y el diploma que certifica su participaci\u00f3n en los programas. Los esfuerzos, el trabajo y [&hellip;]\" \/>\n<meta property=\"og:url\" content=\"https:\/\/www.manquecura.cl\/ciudad-del-este\/noticias\/ceremonias-de-graduacion-liderazgo-y-emprendimiento-2023\/\" \/>\n<meta property=\"og:site_name\" content=\"Colegio Manquecura Ciudad del Este\" \/>\n<meta property=\"article:publisher\" content=\"http:\/\/www.facebook.com\/ColegiosManquecura\" \/>\n<meta property=\"article:published_time\" content=\"2023-11-13T13:32:04+00:00\" \/>\n<meta name=\"author\" content=\"jorgedelcampo\" \/>\n<meta name=\"twitter:card\" content=\"summary_large_image\" \/>\n<meta name=\"twitter:label1\" content=\"Escrito por\" \/>\n\t<meta name=\"twitter:data1\" content=\"jorgedelcampo\" \/>\n\t<meta name=\"twitter:label2\" content=\"Tiempo de lectura\" \/>\n\t<meta name=\"twitter:data2\" content=\"1 minuto\" \/>\n<script type=\"application\/ld+json\" class=\"yoast-schema-graph\">{\"@context\":\"https:\/\/schema.org\",\"@graph\":[{\"@type\":\"Article\",\"@id\":\"https:\/\/www.manquecura.cl\/ciudad-del-este\/noticias\/ceremonias-de-graduacion-liderazgo-y-emprendimiento-2023\/#article\",\"isPartOf\":{\"@id\":\"https:\/\/www.manquecura.cl\/ciudad-del-este\/noticias\/ceremonias-de-graduacion-liderazgo-y-emprendimiento-2023\/\"},\"author\":{\"name\":\"jorgedelcampo\",\"@id\":\"https:\/\/www.manquecura.cl\/ciudad-del-este\/#\/schema\/person\/0debeea140e397b5d490ee7e553255d8\"},\"headline\":\"Ceremonias de Graduaci\u00f3n Liderazgo y Emprendimiento 2023\",\"datePublished\":\"2023-11-13T13:32:04+00:00\",\"mainEntityOfPage\":{\"@id\":\"https:\/\/www.manquecura.cl\/ciudad-del-este\/noticias\/ceremonias-de-graduacion-liderazgo-y-emprendimiento-2023\/\"},\"wordCount\":190,\"commentCount\":0,\"publisher\":{\"@id\":\"https:\/\/www.manquecura.cl\/ciudad-del-este\/#organization\"},\"image\":{\"@id\":\"https:\/\/www.manquecura.cl\/ciudad-del-este\/noticias\/ceremonias-de-graduacion-liderazgo-y-emprendimiento-2023\/#primaryimage\"},\"thumbnailUrl\":\"https:\/\/www.manquecura.cl\/ciudad-del-este\/wp-content\/uploads\/sites\/41\/2023\/11\/6-1.png\",\"articleSection\":[\"Vida Escolar\"],\"inLanguage\":\"es\",\"potentialAction\":[{\"@type\":\"CommentAction\",\"name\":\"Comment\",\"target\":[\"https:\/\/www.manquecura.cl\/ciudad-del-este\/noticias\/ceremonias-de-graduacion-liderazgo-y-emprendimiento-2023\/#respond\"]}]},{\"@type\":\"WebPage\",\"@id\":\"https:\/\/www.manquecura.cl\/ciudad-del-este\/noticias\/ceremonias-de-graduacion-liderazgo-y-emprendimiento-2023\/\",\"url\":\"https:\/\/www.manquecura.cl\/ciudad-del-este\/noticias\/ceremonias-de-graduacion-liderazgo-y-emprendimiento-2023\/\",\"name\":\"Ceremonias de Graduaci\u00f3n Liderazgo y Emprendimiento 2023 - Colegio Manquecura Ciudad del Este\",\"isPartOf\":{\"@id\":\"https:\/\/www.manquecura.cl\/ciudad-del-este\/#website\"},\"primaryImageOfPage\":{\"@id\":\"https:\/\/www.manquecura.cl\/ciudad-del-este\/noticias\/ceremonias-de-graduacion-liderazgo-y-emprendimiento-2023\/#primaryimage\"},\"image\":{\"@id\":\"https:\/\/www.manquecura.cl\/ciudad-del-este\/noticias\/ceremonias-de-graduacion-liderazgo-y-emprendimiento-2023\/#primaryimage\"},\"thumbnailUrl\":\"https:\/\/www.manquecura.cl\/ciudad-del-este\/wp-content\/uploads\/sites\/41\/2023\/11\/6-1.png\",\"datePublished\":\"2023-11-13T13:32:04+00:00\",\"breadcrumb\":{\"@id\":\"https:\/\/www.manquecura.cl\/ciudad-del-este\/noticias\/ceremonias-de-graduacion-liderazgo-y-emprendimiento-2023\/#breadcrumb\"},\"inLanguage\":\"es\",\"potentialAction\":[{\"@type\":\"ReadAction\",\"target\":[\"https:\/\/www.manquecura.cl\/ciudad-del-este\/noticias\/ceremonias-de-graduacion-liderazgo-y-emprendimiento-2023\/\"]}]},{\"@type\":\"ImageObject\",\"inLanguage\":\"es\",\"@id\":\"https:\/\/www.manquecura.cl\/ciudad-del-este\/noticias\/ceremonias-de-graduacion-liderazgo-y-emprendimiento-2023\/#primaryimage\",\"url\":\"https:\/\/www.manquecura.cl\/ciudad-del-este\/wp-content\/uploads\/sites\/41\/2023\/11\/6-1.png\",\"contentUrl\":\"https:\/\/www.manquecura.cl\/ciudad-del-este\/wp-content\/uploads\/sites\/41\/2023\/11\/6-1.png\",\"width\":836,\"height\":523},{\"@type\":\"BreadcrumbList\",\"@id\":\"https:\/\/www.manquecura.cl\/ciudad-del-este\/noticias\/ceremonias-de-graduacion-liderazgo-y-emprendimiento-2023\/#breadcrumb\",\"itemListElement\":[{\"@type\":\"ListItem\",\"position\":1,\"name\":\"Home\",\"item\":\"https:\/\/www.manquecura.cl\/ciudad-del-este\/\"},{\"@type\":\"ListItem\",\"position\":2,\"name\":\"Ceremonias de Graduaci\u00f3n Liderazgo y Emprendimiento 2023\"}]},{\"@type\":\"WebSite\",\"@id\":\"https:\/\/www.manquecura.cl\/ciudad-del-este\/#website\",\"url\":\"https:\/\/www.manquecura.cl\/ciudad-del-este\/\",\"name\":\"Colegio Manquecura Ciudad del Este\",\"description\":\"\",\"publisher\":{\"@id\":\"https:\/\/www.manquecura.cl\/ciudad-del-este\/#organization\"},\"potentialAction\":[{\"@type\":\"SearchAction\",\"target\":{\"@type\":\"EntryPoint\",\"urlTemplate\":\"https:\/\/www.manquecura.cl\/ciudad-del-este\/?s={search_term_string}\"},\"query-input\":{\"@type\":\"PropertyValueSpecification\",\"valueRequired\":true,\"valueName\":\"search_term_string\"}}],\"inLanguage\":\"es\"},{\"@type\":\"Organization\",\"@id\":\"https:\/\/www.manquecura.cl\/ciudad-del-este\/#organization\",\"name\":\"Colegio Manquecura Ciudad del Este\",\"url\":\"https:\/\/www.manquecura.cl\/ciudad-del-este\/\",\"logo\":{\"@type\":\"ImageObject\",\"inLanguage\":\"es\",\"@id\":\"https:\/\/www.manquecura.cl\/ciudad-del-este\/#\/schema\/logo\/image\/\",\"url\":\"https:\/\/www.manquecura.cl\/ciudad-del-este\/wp-content\/uploads\/sites\/41\/2023\/09\/logo_Manquecura_Ciudad-del-Este_horizontal_color-1.png\",\"contentUrl\":\"https:\/\/www.manquecura.cl\/ciudad-del-este\/wp-content\/uploads\/sites\/41\/2023\/09\/logo_Manquecura_Ciudad-del-Este_horizontal_color-1.png\",\"width\":611,\"height\":183,\"caption\":\"Colegio Manquecura Ciudad del Este\"},\"image\":{\"@id\":\"https:\/\/www.manquecura.cl\/ciudad-del-este\/#\/schema\/logo\/image\/\"},\"sameAs\":[\"http:\/\/www.facebook.com\/ColegiosManquecura\",\"http:\/\/www.instagram.com\/manquecura_ciudaddeleste\/\",\"http:\/\/www.youtube.com\/c\/CognitaChile\"]},{\"@type\":\"Person\",\"@id\":\"https:\/\/www.manquecura.cl\/ciudad-del-este\/#\/schema\/person\/0debeea140e397b5d490ee7e553255d8\",\"name\":\"jorgedelcampo\",\"image\":{\"@type\":\"ImageObject\",\"inLanguage\":\"es\",\"@id\":\"https:\/\/www.manquecura.cl\/ciudad-del-este\/#\/schema\/person\/image\/\",\"url\":\"https:\/\/secure.gravatar.com\/avatar\/4a315f521213b2dc91dbda9bf799f711c8a98ab6f5606ec42cf5b33d1e762e8a?s=96&d=mm&r=g\",\"contentUrl\":\"https:\/\/secure.gravatar.com\/avatar\/4a315f521213b2dc91dbda9bf799f711c8a98ab6f5606ec42cf5b33d1e762e8a?s=96&d=mm&r=g\",\"caption\":\"jorgedelcampo\"}}]}<\/script>\n<!-- \/ Yoast SEO plugin. -->","yoast_head_json":{"title":"Ceremonias de Graduaci\u00f3n Liderazgo y Emprendimiento 2023 - Colegio Manquecura Ciudad del Este","robots":{"index":"index","follow":"follow","max-snippet":"max-snippet:-1","max-image-preview":"max-image-preview:large","max-video-preview":"max-video-preview:-1"},"canonical":"https:\/\/www.manquecura.cl\/ciudad-del-este\/noticias\/ceremonias-de-graduacion-liderazgo-y-emprendimiento-2023\/","og_locale":"es_ES","og_type":"article","og_title":"Ceremonias de Graduaci\u00f3n Liderazgo y Emprendimiento 2023 - Colegio Manquecura Ciudad del Este","og_description":"Nuestros estudiantes que participaron durante todo este a\u00f1o en los programas sello \u201cL\u00edderes del Ma\u00f1ana\u201d y \u201cEmprendimiento Empresarial\u201d, cerraron su ciclo con la Ceremonia de Graduaci\u00f3n, en un acto donde recibieron la piocha que los identifica como L\u00edderes y Emprendedores, y el diploma que certifica su participaci\u00f3n en los programas. Los esfuerzos, el trabajo y [&hellip;]","og_url":"https:\/\/www.manquecura.cl\/ciudad-del-este\/noticias\/ceremonias-de-graduacion-liderazgo-y-emprendimiento-2023\/","og_site_name":"Colegio Manquecura Ciudad del Este","article_publisher":"http:\/\/www.facebook.com\/ColegiosManquecura","article_published_time":"2023-11-13T13:32:04+00:00","author":"jorgedelcampo","twitter_card":"summary_large_image","twitter_misc":{"Escrito por":"jorgedelcampo","Tiempo de lectura":"1 minuto"},"schema":{"@context":"https:\/\/schema.org","@graph":[{"@type":"Article","@id":"https:\/\/www.manquecura.cl\/ciudad-del-este\/noticias\/ceremonias-de-graduacion-liderazgo-y-emprendimiento-2023\/#article","isPartOf":{"@id":"https:\/\/www.manquecura.cl\/ciudad-del-este\/noticias\/ceremonias-de-graduacion-liderazgo-y-emprendimiento-2023\/"},"author":{"name":"jorgedelcampo","@id":"https:\/\/www.manquecura.cl\/ciudad-del-este\/#\/schema\/person\/0debeea140e397b5d490ee7e553255d8"},"headline":"Ceremonias de Graduaci\u00f3n Liderazgo y Emprendimiento 2023","datePublished":"2023-11-13T13:32:04+00:00","mainEntityOfPage":{"@id":"https:\/\/www.manquecura.cl\/ciudad-del-este\/noticias\/ceremonias-de-graduacion-liderazgo-y-emprendimiento-2023\/"},"wordCount":190,"commentCount":0,"publisher":{"@id":"https:\/\/www.manquecura.cl\/ciudad-del-este\/#organization"},"image":{"@id":"https:\/\/www.manquecura.cl\/ciudad-del-este\/noticias\/ceremonias-de-graduacion-liderazgo-y-emprendimiento-2023\/#primaryimage"},"thumbnailUrl":"https:\/\/www.manquecura.cl\/ciudad-del-este\/wp-content\/uploads\/sites\/41\/2023\/11\/6-1.png","articleSection":["Vida Escolar"],"inLanguage":"es","potentialAction":[{"@type":"CommentAction","name":"Comment","target":["https:\/\/www.manquecura.cl\/ciudad-del-este\/noticias\/ceremonias-de-graduacion-liderazgo-y-emprendimiento-2023\/#respond"]}]},{"@type":"WebPage","@id":"https:\/\/www.manquecura.cl\/ciudad-del-este\/noticias\/ceremonias-de-graduacion-liderazgo-y-emprendimiento-2023\/","url":"https:\/\/www.manquecura.cl\/ciudad-del-este\/noticias\/ceremonias-de-graduacion-liderazgo-y-emprendimiento-2023\/","name":"Ceremonias de Graduaci\u00f3n Liderazgo y Emprendimiento 2023 - Colegio Manquecura Ciudad del Este","isPartOf":{"@id":"https:\/\/www.manquecura.cl\/ciudad-del-este\/#website"},"primaryImageOfPage":{"@id":"https:\/\/www.manquecura.cl\/ciudad-del-este\/noticias\/ceremonias-de-graduacion-liderazgo-y-emprendimiento-2023\/#primaryimage"},"image":{"@id":"https:\/\/www.manquecura.cl\/ciudad-del-este\/noticias\/ceremonias-de-graduacion-liderazgo-y-emprendimiento-2023\/#primaryimage"},"thumbnailUrl":"https:\/\/www.manquecura.cl\/ciudad-del-este\/wp-content\/uploads\/sites\/41\/2023\/11\/6-1.png","datePublished":"2023-11-13T13:32:04+00:00","breadcrumb":{"@id":"https:\/\/www.manquecura.cl\/ciudad-del-este\/noticias\/ceremonias-de-graduacion-liderazgo-y-emprendimiento-2023\/#breadcrumb"},"inLanguage":"es","potentialAction":[{"@type":"ReadAction","target":["https:\/\/www.manquecura.cl\/ciudad-del-este\/noticias\/ceremonias-de-graduacion-liderazgo-y-emprendimiento-2023\/"]}]},{"@type":"ImageObject","inLanguage":"es","@id":"https:\/\/www.manquecura.cl\/ciudad-del-este\/noticias\/ceremonias-de-graduacion-liderazgo-y-emprendimiento-2023\/#primaryimage","url":"https:\/\/www.manquecura.cl\/ciudad-del-este\/wp-content\/uploads\/sites\/41\/2023\/11\/6-1.png","contentUrl":"https:\/\/www.manquecura.cl\/ciudad-del-este\/wp-content\/uploads\/sites\/41\/2023\/11\/6-1.png","width":836,"height":523},{"@type":"BreadcrumbList","@id":"https:\/\/www.manquecura.cl\/ciudad-del-este\/noticias\/ceremonias-de-graduacion-liderazgo-y-emprendimiento-2023\/#breadcrumb","itemListElement":[{"@type":"ListItem","position":1,"name":"Home","item":"https:\/\/www.manquecura.cl\/ciudad-del-este\/"},{"@type":"ListItem","position":2,"name":"Ceremonias de Graduaci\u00f3n Liderazgo y Emprendimiento 2023"}]},{"@type":"WebSite","@id":"https:\/\/www.manquecura.cl\/ciudad-del-este\/#website","url":"https:\/\/www.manquecura.cl\/ciudad-del-este\/","name":"Colegio Manquecura Ciudad del Este","description":"","publisher":{"@id":"https:\/\/www.manquecura.cl\/ciudad-del-este\/#organization"},"potentialAction":[{"@type":"SearchAction","target":{"@type":"EntryPoint","urlTemplate":"https:\/\/www.manquecura.cl\/ciudad-del-este\/?s={search_term_string}"},"query-input":{"@type":"PropertyValueSpecification","valueRequired":true,"valueName":"search_term_string"}}],"inLanguage":"es"},{"@type":"Organization","@id":"https:\/\/www.manquecura.cl\/ciudad-del-este\/#organization","name":"Colegio Manquecura Ciudad del Este","url":"https:\/\/www.manquecura.cl\/ciudad-del-este\/","logo":{"@type":"ImageObject","inLanguage":"es","@id":"https:\/\/www.manquecura.cl\/ciudad-del-este\/#\/schema\/logo\/image\/","url":"https:\/\/www.manquecura.cl\/ciudad-del-este\/wp-content\/uploads\/sites\/41\/2023\/09\/logo_Manquecura_Ciudad-del-Este_horizontal_color-1.png","contentUrl":"https:\/\/www.manquecura.cl\/ciudad-del-este\/wp-content\/uploads\/sites\/41\/2023\/09\/logo_Manquecura_Ciudad-del-Este_horizontal_color-1.png","width":611,"height":183,"caption":"Colegio Manquecura Ciudad del Este"},"image":{"@id":"https:\/\/www.manquecura.cl\/ciudad-del-este\/#\/schema\/logo\/image\/"},"sameAs":["http:\/\/www.facebook.com\/ColegiosManquecura","http:\/\/www.instagram.com\/manquecura_ciudaddeleste\/","http:\/\/www.youtube.com\/c\/CognitaChile"]},{"@type":"Person","@id":"https:\/\/www.manquecura.cl\/ciudad-del-este\/#\/schema\/person\/0debeea140e397b5d490ee7e553255d8","name":"jorgedelcampo","image":{"@type":"ImageObject","inLanguage":"es","@id":"https:\/\/www.manquecura.cl\/ciudad-del-este\/#\/schema\/person\/image\/","url":"https:\/\/secure.gravatar.com\/avatar\/4a315f521213b2dc91dbda9bf799f711c8a98ab6f5606ec42cf5b33d1e762e8a?s=96&d=mm&r=g","contentUrl":"https:\/\/secure.gravatar.com\/avatar\/4a315f521213b2dc91dbda9bf799f711c8a98ab6f5606ec42cf5b33d1e762e8a?s=96&d=mm&r=g","caption":"jorgedelcampo"}}]}},"jetpack_featured_media_url":"https:\/\/www.manquecura.cl\/ciudad-del-este\/wp-content\/uploads\/sites\/41\/2023\/11\/6-1.png","previous_post_ID":125748,"previous_post_title":"Escuela de V\u00f3leibol de CDE se enfrenta a Colegio Mayor","previous_post_excerpt":"Nuestra Escuela de V\u00f3leibol particip\u00f3 de un encuentro amistoso frente al Colegio Mayor de Tobalaba, donde se desarrollaron adem\u00e1s encuentros formativos a trav\u00e9s de una serie de partidos en la disciplina. Las categor\u00edas participantes fueron de 3rro a 6to B\u00e1sico, con grandes avances en sus rendimientos, por los que nos mantienen muy orgullosos como colegio. [&hellip;]","previous_post_link":"https:\/\/www.manquecura.cl\/ciudad-del-este\/noticias\/escuela-de-voleibol-de-cde-se-enfrenta-a-colegio-mayor\/","previous_post_class":["post-125748","post","type-post","status-publish","format-standard","has-post-thumbnail","hentry","category-vida-escolar"],"next_post_ID":23644,"next_post_title":"Cambio de cintur\u00f3n en Academia de Taekwondo","next_post_excerpt":"Los alumnos que participan de la Academia de Taekwondo participaron del cambio cintur\u00f3n, incluyendo a quienes forman los grados mayores y quienes ingresaron el segundo semestre. Se realiz\u00f3 el examen por parte de los encargados de cintur\u00f3n amarillo, amarillo pta. verde y verde, con la participaci\u00f3n de los apoderados de todos ellos, quienes pudieron apreciar [&hellip;]","next_post_link":"https:\/\/www.manquecura.cl\/ciudad-del-este\/noticias\/cambio-de-cinturon-en-academia-de-taekwondo\/","next_post_class":["post-23644","post","type-post","status-publish","format-standard","has-post-thumbnail","hentry","category-vida-escolar"],"jetpack_sharing_enabled":true,"_links":{"self":[{"href":"https:\/\/www.manquecura.cl\/ciudad-del-este\/wp-json\/wp\/v2\/posts\/23624","targetHints":{"allow":["GET"]}}],"collection":[{"href":"https:\/\/www.manquecura.cl\/ciudad-del-este\/wp-json\/wp\/v2\/posts"}],"about":[{"href":"https:\/\/www.manquecura.cl\/ciudad-del-este\/wp-json\/wp\/v2\/types\/post"}],"author":[{"embeddable":true,"href":"https:\/\/www.manquecura.cl\/ciudad-del-este\/wp-json\/wp\/v2\/users\/14"}],"replies":[{"embeddable":true,"href":"https:\/\/www.manquecura.cl\/ciudad-del-este\/wp-json\/wp\/v2\/comments?post=23624"}],"version-history":[{"count":0,"href":"https:\/\/www.manquecura.cl\/ciudad-del-este\/wp-json\/wp\/v2\/posts\/23624\/revisions"}],"wp:featuredmedia":[{"embeddable":true,"href":"https:\/\/www.manquecura.cl\/ciudad-del-este\/wp-json\/wp\/v2\/media\/23685"}],"wp:attachment":[{"href":"https:\/\/www.manquecura.cl\/ciudad-del-este\/wp-json\/wp\/v2\/media?parent=23624"}],"wp:term":[{"taxonomy":"category","embeddable":true,"href":"https:\/\/www.manquecura.cl\/ciudad-del-este\/wp-json\/wp\/v2\/categories?post=23624"},{"taxonomy":"post_tag","embeddable":true,"href":"https:\/\/www.manquecura.cl\/ciudad-del-este\/wp-json\/wp\/v2\/tags?post=23624"}],"curies":[{"name":"wp","href":"https:\/\/api.w.org\/{rel}","templated":true}]}}