{"id":23589,"date":"2023-11-06T10:09:02","date_gmt":"2023-11-06T13:09:02","guid":{"rendered":"https:\/\/www.manquecura.cl\/ciudad-del-este\/?p=23589"},"modified":"2023-11-06T10:09:02","modified_gmt":"2023-11-06T13:09:02","slug":"obra-de-teatro-de-los-2dos-basicos-se-mato-un-tomate","status":"publish","type":"post","link":"https:\/\/www.manquecura.cl\/ciudad-del-este\/noticias\/obra-de-teatro-de-los-2dos-basicos-se-mato-un-tomate\/","title":{"rendered":"Obra de Teatro de los 2dos B\u00e1sicos: Se mat\u00f3 un tomate"},"content":{"rendered":"<p>Todos los ni\u00f1os y ni\u00f1as de 2do B\u00e1sico participaron de una obra teatral, interpretando el libro de poema: &#8220;Se mat\u00f3 un tomate&#8221;.<\/p>\n<p>En la actividad participaron los padres y apoderados, asistiendo al auditorio de nuestro colegio, para disfrutar de luna presentaci\u00f3n que se mezcla con el g\u00e9nero l\u00edrico.<\/p>\n<p>\u00a1Felicitaciones a todos por sus fant\u00e1sticas representaciones!<\/p>\n<p style=\"text-align: center\">[multimedia id=&#8221;1&#8243;]<\/p>\n<p style=\"text-align: center\"><strong>Colegio Manquecura Ciudad del Este<\/strong><\/p>\n"},"excerpt":{"rendered":"<p>Todos los ni\u00f1os y ni\u00f1as de 2do B\u00e1sico participaron de una obra teatral, interpretando el libro de poema: &#8220;Se mat\u00f3 un tomate&#8221;. En la actividad participaron los padres y apoderados, asistiendo al auditorio de nuestro colegio, para disfrutar de luna presentaci\u00f3n que se mezcla con el g\u00e9nero l\u00edrico. \u00a1Felicitaciones a todos por sus fant\u00e1sticas representaciones! [&hellip;]<\/p>\n","protected":false},"author":14,"featured_media":23659,"comment_status":"open","ping_status":"open","sticky":false,"template":"","format":"standard","meta":{"_acf_changed":false,"content-type":"","_jetpack_memberships_contains_paid_content":false,"footnotes":""},"categories":[1],"tags":[],"class_list":["post-23589","post","type-post","status-publish","format-standard","has-post-thumbnail","hentry","category-vida-escolar"],"acf":[],"yoast_head":"<!-- This site is optimized with the Yoast SEO plugin v27.1.1 - https:\/\/yoast.com\/product\/yoast-seo-wordpress\/ -->\n<title>Obra de Teatro de los 2dos B\u00e1sicos: Se mat\u00f3 un tomate - Colegio Manquecura Ciudad del Este<\/title>\n<meta name=\"robots\" content=\"index, follow, max-snippet:-1, max-image-preview:large, max-video-preview:-1\" \/>\n<link rel=\"canonical\" href=\"https:\/\/www.manquecura.cl\/ciudad-del-este\/noticias\/obra-de-teatro-de-los-2dos-basicos-se-mato-un-tomate\/\" \/>\n<meta property=\"og:locale\" content=\"es_ES\" \/>\n<meta property=\"og:type\" content=\"article\" \/>\n<meta property=\"og:title\" content=\"Obra de Teatro de los 2dos B\u00e1sicos: Se mat\u00f3 un tomate - Colegio Manquecura Ciudad del Este\" \/>\n<meta property=\"og:description\" content=\"Todos los ni\u00f1os y ni\u00f1as de 2do B\u00e1sico participaron de una obra teatral, interpretando el libro de poema: &#8220;Se mat\u00f3 un tomate&#8221;. En la actividad participaron los padres y apoderados, asistiendo al auditorio de nuestro colegio, para disfrutar de luna presentaci\u00f3n que se mezcla con el g\u00e9nero l\u00edrico. \u00a1Felicitaciones a todos por sus fant\u00e1sticas representaciones! [&hellip;]\" \/>\n<meta property=\"og:url\" content=\"https:\/\/www.manquecura.cl\/ciudad-del-este\/noticias\/obra-de-teatro-de-los-2dos-basicos-se-mato-un-tomate\/\" \/>\n<meta property=\"og:site_name\" content=\"Colegio Manquecura Ciudad del Este\" \/>\n<meta property=\"article:publisher\" content=\"http:\/\/www.facebook.com\/ColegiosManquecura\" \/>\n<meta property=\"article:published_time\" content=\"2023-11-06T13:09:02+00:00\" \/>\n<meta name=\"author\" content=\"jorgedelcampo\" \/>\n<meta name=\"twitter:card\" content=\"summary_large_image\" \/>\n<meta name=\"twitter:label1\" content=\"Escrito por\" \/>\n\t<meta name=\"twitter:data1\" content=\"jorgedelcampo\" \/>\n<script type=\"application\/ld+json\" class=\"yoast-schema-graph\">{\"@context\":\"https:\/\/schema.org\",\"@graph\":[{\"@type\":\"Article\",\"@id\":\"https:\/\/www.manquecura.cl\/ciudad-del-este\/noticias\/obra-de-teatro-de-los-2dos-basicos-se-mato-un-tomate\/#article\",\"isPartOf\":{\"@id\":\"https:\/\/www.manquecura.cl\/ciudad-del-este\/noticias\/obra-de-teatro-de-los-2dos-basicos-se-mato-un-tomate\/\"},\"author\":{\"name\":\"jorgedelcampo\",\"@id\":\"https:\/\/www.manquecura.cl\/ciudad-del-este\/#\/schema\/person\/0debeea140e397b5d490ee7e553255d8\"},\"headline\":\"Obra de Teatro de los 2dos B\u00e1sicos: Se mat\u00f3 un tomate\",\"datePublished\":\"2023-11-06T13:09:02+00:00\",\"mainEntityOfPage\":{\"@id\":\"https:\/\/www.manquecura.cl\/ciudad-del-este\/noticias\/obra-de-teatro-de-los-2dos-basicos-se-mato-un-tomate\/\"},\"wordCount\":81,\"commentCount\":0,\"publisher\":{\"@id\":\"https:\/\/www.manquecura.cl\/ciudad-del-este\/#organization\"},\"image\":{\"@id\":\"https:\/\/www.manquecura.cl\/ciudad-del-este\/noticias\/obra-de-teatro-de-los-2dos-basicos-se-mato-un-tomate\/#primaryimage\"},\"thumbnailUrl\":\"https:\/\/www.manquecura.cl\/ciudad-del-este\/wp-content\/uploads\/sites\/41\/2023\/11\/1-1.jpg\",\"articleSection\":[\"Vida Escolar\"],\"inLanguage\":\"es\",\"potentialAction\":[{\"@type\":\"CommentAction\",\"name\":\"Comment\",\"target\":[\"https:\/\/www.manquecura.cl\/ciudad-del-este\/noticias\/obra-de-teatro-de-los-2dos-basicos-se-mato-un-tomate\/#respond\"]}]},{\"@type\":\"WebPage\",\"@id\":\"https:\/\/www.manquecura.cl\/ciudad-del-este\/noticias\/obra-de-teatro-de-los-2dos-basicos-se-mato-un-tomate\/\",\"url\":\"https:\/\/www.manquecura.cl\/ciudad-del-este\/noticias\/obra-de-teatro-de-los-2dos-basicos-se-mato-un-tomate\/\",\"name\":\"Obra de Teatro de los 2dos B\u00e1sicos: Se mat\u00f3 un tomate - Colegio Manquecura Ciudad del Este\",\"isPartOf\":{\"@id\":\"https:\/\/www.manquecura.cl\/ciudad-del-este\/#website\"},\"primaryImageOfPage\":{\"@id\":\"https:\/\/www.manquecura.cl\/ciudad-del-este\/noticias\/obra-de-teatro-de-los-2dos-basicos-se-mato-un-tomate\/#primaryimage\"},\"image\":{\"@id\":\"https:\/\/www.manquecura.cl\/ciudad-del-este\/noticias\/obra-de-teatro-de-los-2dos-basicos-se-mato-un-tomate\/#primaryimage\"},\"thumbnailUrl\":\"https:\/\/www.manquecura.cl\/ciudad-del-este\/wp-content\/uploads\/sites\/41\/2023\/11\/1-1.jpg\",\"datePublished\":\"2023-11-06T13:09:02+00:00\",\"breadcrumb\":{\"@id\":\"https:\/\/www.manquecura.cl\/ciudad-del-este\/noticias\/obra-de-teatro-de-los-2dos-basicos-se-mato-un-tomate\/#breadcrumb\"},\"inLanguage\":\"es\",\"potentialAction\":[{\"@type\":\"ReadAction\",\"target\":[\"https:\/\/www.manquecura.cl\/ciudad-del-este\/noticias\/obra-de-teatro-de-los-2dos-basicos-se-mato-un-tomate\/\"]}]},{\"@type\":\"ImageObject\",\"inLanguage\":\"es\",\"@id\":\"https:\/\/www.manquecura.cl\/ciudad-del-este\/noticias\/obra-de-teatro-de-los-2dos-basicos-se-mato-un-tomate\/#primaryimage\",\"url\":\"https:\/\/www.manquecura.cl\/ciudad-del-este\/wp-content\/uploads\/sites\/41\/2023\/11\/1-1.jpg\",\"contentUrl\":\"https:\/\/www.manquecura.cl\/ciudad-del-este\/wp-content\/uploads\/sites\/41\/2023\/11\/1-1.jpg\",\"width\":836,\"height\":523},{\"@type\":\"BreadcrumbList\",\"@id\":\"https:\/\/www.manquecura.cl\/ciudad-del-este\/noticias\/obra-de-teatro-de-los-2dos-basicos-se-mato-un-tomate\/#breadcrumb\",\"itemListElement\":[{\"@type\":\"ListItem\",\"position\":1,\"name\":\"Home\",\"item\":\"https:\/\/www.manquecura.cl\/ciudad-del-este\/\"},{\"@type\":\"ListItem\",\"position\":2,\"name\":\"Obra de Teatro de los 2dos B\u00e1sicos: Se mat\u00f3 un tomate\"}]},{\"@type\":\"WebSite\",\"@id\":\"https:\/\/www.manquecura.cl\/ciudad-del-este\/#website\",\"url\":\"https:\/\/www.manquecura.cl\/ciudad-del-este\/\",\"name\":\"Colegio Manquecura Ciudad del Este\",\"description\":\"\",\"publisher\":{\"@id\":\"https:\/\/www.manquecura.cl\/ciudad-del-este\/#organization\"},\"potentialAction\":[{\"@type\":\"SearchAction\",\"target\":{\"@type\":\"EntryPoint\",\"urlTemplate\":\"https:\/\/www.manquecura.cl\/ciudad-del-este\/?s={search_term_string}\"},\"query-input\":{\"@type\":\"PropertyValueSpecification\",\"valueRequired\":true,\"valueName\":\"search_term_string\"}}],\"inLanguage\":\"es\"},{\"@type\":\"Organization\",\"@id\":\"https:\/\/www.manquecura.cl\/ciudad-del-este\/#organization\",\"name\":\"Colegio Manquecura Ciudad del Este\",\"url\":\"https:\/\/www.manquecura.cl\/ciudad-del-este\/\",\"logo\":{\"@type\":\"ImageObject\",\"inLanguage\":\"es\",\"@id\":\"https:\/\/www.manquecura.cl\/ciudad-del-este\/#\/schema\/logo\/image\/\",\"url\":\"https:\/\/www.manquecura.cl\/ciudad-del-este\/wp-content\/uploads\/sites\/41\/2023\/09\/logo_Manquecura_Ciudad-del-Este_horizontal_color-1.png\",\"contentUrl\":\"https:\/\/www.manquecura.cl\/ciudad-del-este\/wp-content\/uploads\/sites\/41\/2023\/09\/logo_Manquecura_Ciudad-del-Este_horizontal_color-1.png\",\"width\":611,\"height\":183,\"caption\":\"Colegio Manquecura Ciudad del Este\"},\"image\":{\"@id\":\"https:\/\/www.manquecura.cl\/ciudad-del-este\/#\/schema\/logo\/image\/\"},\"sameAs\":[\"http:\/\/www.facebook.com\/ColegiosManquecura\",\"http:\/\/www.instagram.com\/manquecura_ciudaddeleste\/\",\"http:\/\/www.youtube.com\/c\/CognitaChile\"]},{\"@type\":\"Person\",\"@id\":\"https:\/\/www.manquecura.cl\/ciudad-del-este\/#\/schema\/person\/0debeea140e397b5d490ee7e553255d8\",\"name\":\"jorgedelcampo\",\"image\":{\"@type\":\"ImageObject\",\"inLanguage\":\"es\",\"@id\":\"https:\/\/www.manquecura.cl\/ciudad-del-este\/#\/schema\/person\/image\/\",\"url\":\"https:\/\/secure.gravatar.com\/avatar\/4a315f521213b2dc91dbda9bf799f711c8a98ab6f5606ec42cf5b33d1e762e8a?s=96&d=mm&r=g\",\"contentUrl\":\"https:\/\/secure.gravatar.com\/avatar\/4a315f521213b2dc91dbda9bf799f711c8a98ab6f5606ec42cf5b33d1e762e8a?s=96&d=mm&r=g\",\"caption\":\"jorgedelcampo\"}}]}<\/script>\n<!-- \/ Yoast SEO plugin. -->","yoast_head_json":{"title":"Obra de Teatro de los 2dos B\u00e1sicos: Se mat\u00f3 un tomate - Colegio Manquecura Ciudad del Este","robots":{"index":"index","follow":"follow","max-snippet":"max-snippet:-1","max-image-preview":"max-image-preview:large","max-video-preview":"max-video-preview:-1"},"canonical":"https:\/\/www.manquecura.cl\/ciudad-del-este\/noticias\/obra-de-teatro-de-los-2dos-basicos-se-mato-un-tomate\/","og_locale":"es_ES","og_type":"article","og_title":"Obra de Teatro de los 2dos B\u00e1sicos: Se mat\u00f3 un tomate - Colegio Manquecura Ciudad del Este","og_description":"Todos los ni\u00f1os y ni\u00f1as de 2do B\u00e1sico participaron de una obra teatral, interpretando el libro de poema: &#8220;Se mat\u00f3 un tomate&#8221;. En la actividad participaron los padres y apoderados, asistiendo al auditorio de nuestro colegio, para disfrutar de luna presentaci\u00f3n que se mezcla con el g\u00e9nero l\u00edrico. \u00a1Felicitaciones a todos por sus fant\u00e1sticas representaciones! [&hellip;]","og_url":"https:\/\/www.manquecura.cl\/ciudad-del-este\/noticias\/obra-de-teatro-de-los-2dos-basicos-se-mato-un-tomate\/","og_site_name":"Colegio Manquecura Ciudad del Este","article_publisher":"http:\/\/www.facebook.com\/ColegiosManquecura","article_published_time":"2023-11-06T13:09:02+00:00","author":"jorgedelcampo","twitter_card":"summary_large_image","twitter_misc":{"Escrito por":"jorgedelcampo"},"schema":{"@context":"https:\/\/schema.org","@graph":[{"@type":"Article","@id":"https:\/\/www.manquecura.cl\/ciudad-del-este\/noticias\/obra-de-teatro-de-los-2dos-basicos-se-mato-un-tomate\/#article","isPartOf":{"@id":"https:\/\/www.manquecura.cl\/ciudad-del-este\/noticias\/obra-de-teatro-de-los-2dos-basicos-se-mato-un-tomate\/"},"author":{"name":"jorgedelcampo","@id":"https:\/\/www.manquecura.cl\/ciudad-del-este\/#\/schema\/person\/0debeea140e397b5d490ee7e553255d8"},"headline":"Obra de Teatro de los 2dos B\u00e1sicos: Se mat\u00f3 un tomate","datePublished":"2023-11-06T13:09:02+00:00","mainEntityOfPage":{"@id":"https:\/\/www.manquecura.cl\/ciudad-del-este\/noticias\/obra-de-teatro-de-los-2dos-basicos-se-mato-un-tomate\/"},"wordCount":81,"commentCount":0,"publisher":{"@id":"https:\/\/www.manquecura.cl\/ciudad-del-este\/#organization"},"image":{"@id":"https:\/\/www.manquecura.cl\/ciudad-del-este\/noticias\/obra-de-teatro-de-los-2dos-basicos-se-mato-un-tomate\/#primaryimage"},"thumbnailUrl":"https:\/\/www.manquecura.cl\/ciudad-del-este\/wp-content\/uploads\/sites\/41\/2023\/11\/1-1.jpg","articleSection":["Vida Escolar"],"inLanguage":"es","potentialAction":[{"@type":"CommentAction","name":"Comment","target":["https:\/\/www.manquecura.cl\/ciudad-del-este\/noticias\/obra-de-teatro-de-los-2dos-basicos-se-mato-un-tomate\/#respond"]}]},{"@type":"WebPage","@id":"https:\/\/www.manquecura.cl\/ciudad-del-este\/noticias\/obra-de-teatro-de-los-2dos-basicos-se-mato-un-tomate\/","url":"https:\/\/www.manquecura.cl\/ciudad-del-este\/noticias\/obra-de-teatro-de-los-2dos-basicos-se-mato-un-tomate\/","name":"Obra de Teatro de los 2dos B\u00e1sicos: Se mat\u00f3 un tomate - Colegio Manquecura Ciudad del Este","isPartOf":{"@id":"https:\/\/www.manquecura.cl\/ciudad-del-este\/#website"},"primaryImageOfPage":{"@id":"https:\/\/www.manquecura.cl\/ciudad-del-este\/noticias\/obra-de-teatro-de-los-2dos-basicos-se-mato-un-tomate\/#primaryimage"},"image":{"@id":"https:\/\/www.manquecura.cl\/ciudad-del-este\/noticias\/obra-de-teatro-de-los-2dos-basicos-se-mato-un-tomate\/#primaryimage"},"thumbnailUrl":"https:\/\/www.manquecura.cl\/ciudad-del-este\/wp-content\/uploads\/sites\/41\/2023\/11\/1-1.jpg","datePublished":"2023-11-06T13:09:02+00:00","breadcrumb":{"@id":"https:\/\/www.manquecura.cl\/ciudad-del-este\/noticias\/obra-de-teatro-de-los-2dos-basicos-se-mato-un-tomate\/#breadcrumb"},"inLanguage":"es","potentialAction":[{"@type":"ReadAction","target":["https:\/\/www.manquecura.cl\/ciudad-del-este\/noticias\/obra-de-teatro-de-los-2dos-basicos-se-mato-un-tomate\/"]}]},{"@type":"ImageObject","inLanguage":"es","@id":"https:\/\/www.manquecura.cl\/ciudad-del-este\/noticias\/obra-de-teatro-de-los-2dos-basicos-se-mato-un-tomate\/#primaryimage","url":"https:\/\/www.manquecura.cl\/ciudad-del-este\/wp-content\/uploads\/sites\/41\/2023\/11\/1-1.jpg","contentUrl":"https:\/\/www.manquecura.cl\/ciudad-del-este\/wp-content\/uploads\/sites\/41\/2023\/11\/1-1.jpg","width":836,"height":523},{"@type":"BreadcrumbList","@id":"https:\/\/www.manquecura.cl\/ciudad-del-este\/noticias\/obra-de-teatro-de-los-2dos-basicos-se-mato-un-tomate\/#breadcrumb","itemListElement":[{"@type":"ListItem","position":1,"name":"Home","item":"https:\/\/www.manquecura.cl\/ciudad-del-este\/"},{"@type":"ListItem","position":2,"name":"Obra de Teatro de los 2dos B\u00e1sicos: Se mat\u00f3 un tomate"}]},{"@type":"WebSite","@id":"https:\/\/www.manquecura.cl\/ciudad-del-este\/#website","url":"https:\/\/www.manquecura.cl\/ciudad-del-este\/","name":"Colegio Manquecura Ciudad del Este","description":"","publisher":{"@id":"https:\/\/www.manquecura.cl\/ciudad-del-este\/#organization"},"potentialAction":[{"@type":"SearchAction","target":{"@type":"EntryPoint","urlTemplate":"https:\/\/www.manquecura.cl\/ciudad-del-este\/?s={search_term_string}"},"query-input":{"@type":"PropertyValueSpecification","valueRequired":true,"valueName":"search_term_string"}}],"inLanguage":"es"},{"@type":"Organization","@id":"https:\/\/www.manquecura.cl\/ciudad-del-este\/#organization","name":"Colegio Manquecura Ciudad del Este","url":"https:\/\/www.manquecura.cl\/ciudad-del-este\/","logo":{"@type":"ImageObject","inLanguage":"es","@id":"https:\/\/www.manquecura.cl\/ciudad-del-este\/#\/schema\/logo\/image\/","url":"https:\/\/www.manquecura.cl\/ciudad-del-este\/wp-content\/uploads\/sites\/41\/2023\/09\/logo_Manquecura_Ciudad-del-Este_horizontal_color-1.png","contentUrl":"https:\/\/www.manquecura.cl\/ciudad-del-este\/wp-content\/uploads\/sites\/41\/2023\/09\/logo_Manquecura_Ciudad-del-Este_horizontal_color-1.png","width":611,"height":183,"caption":"Colegio Manquecura Ciudad del Este"},"image":{"@id":"https:\/\/www.manquecura.cl\/ciudad-del-este\/#\/schema\/logo\/image\/"},"sameAs":["http:\/\/www.facebook.com\/ColegiosManquecura","http:\/\/www.instagram.com\/manquecura_ciudaddeleste\/","http:\/\/www.youtube.com\/c\/CognitaChile"]},{"@type":"Person","@id":"https:\/\/www.manquecura.cl\/ciudad-del-este\/#\/schema\/person\/0debeea140e397b5d490ee7e553255d8","name":"jorgedelcampo","image":{"@type":"ImageObject","inLanguage":"es","@id":"https:\/\/www.manquecura.cl\/ciudad-del-este\/#\/schema\/person\/image\/","url":"https:\/\/secure.gravatar.com\/avatar\/4a315f521213b2dc91dbda9bf799f711c8a98ab6f5606ec42cf5b33d1e762e8a?s=96&d=mm&r=g","contentUrl":"https:\/\/secure.gravatar.com\/avatar\/4a315f521213b2dc91dbda9bf799f711c8a98ab6f5606ec42cf5b33d1e762e8a?s=96&d=mm&r=g","caption":"jorgedelcampo"}}]}},"jetpack_featured_media_url":"https:\/\/www.manquecura.cl\/ciudad-del-este\/wp-content\/uploads\/sites\/41\/2023\/11\/1-1.jpg","previous_post_ID":23521,"previous_post_title":"Estudiantes de nuestro colegio participan en Conferencia Global de tecnolog\u00eda y educaci\u00f3n SOTF","previous_post_excerpt":"Estudiantes y docentes, participar\u00e1n en SCHOOL OF THE FUTURE, conferencia de educaci\u00f3n y tecnolog\u00eda organizada por Cognita Chile, entre el 6 y 8 de noviembre. El evento, en el que participar\u00e1n 25 establecimientos de seis pa\u00edses, incluido Chile, reunir\u00e1 en m\u00e1s de 20 mesas redondas a los mejores proyectos de Am\u00e9rica, Europa y Asia, con [&hellip;]","previous_post_link":"https:\/\/www.manquecura.cl\/ciudad-del-este\/noticias\/estudiantes-de-nuestro-colegio-participan-en-conferencia-global-de-tecnologia-y-educacion-sotf\/","previous_post_class":["post-23521","post","type-post","status-publish","format-standard","has-post-thumbnail","hentry","category-vida-escolar"],"next_post_ID":23601,"next_post_title":"Feria de Educaci\u00f3n Sexual","next_post_excerpt":"Los II Medios organizaron una Feria de Educaci\u00f3n Sexual, como una instancia de encuentro y aprendizaje para entregar informaci\u00f3n relevante a todos los alumnos de I a IV Medio, por medio de stands, con organizaci\u00f3n y apoyo de las apoderadas del II Medio A y B, quienes trataron tem\u00e1ticas dedicadas a \u00e1rea de salud. &nbsp; [&hellip;]","next_post_link":"https:\/\/www.manquecura.cl\/ciudad-del-este\/noticias\/feria-de-educacion-sexual\/","next_post_class":["post-23601","post","type-post","status-publish","format-standard","has-post-thumbnail","hentry","category-vida-escolar"],"jetpack_sharing_enabled":true,"_links":{"self":[{"href":"https:\/\/www.manquecura.cl\/ciudad-del-este\/wp-json\/wp\/v2\/posts\/23589","targetHints":{"allow":["GET"]}}],"collection":[{"href":"https:\/\/www.manquecura.cl\/ciudad-del-este\/wp-json\/wp\/v2\/posts"}],"about":[{"href":"https:\/\/www.manquecura.cl\/ciudad-del-este\/wp-json\/wp\/v2\/types\/post"}],"author":[{"embeddable":true,"href":"https:\/\/www.manquecura.cl\/ciudad-del-este\/wp-json\/wp\/v2\/users\/14"}],"replies":[{"embeddable":true,"href":"https:\/\/www.manquecura.cl\/ciudad-del-este\/wp-json\/wp\/v2\/comments?post=23589"}],"version-history":[{"count":0,"href":"https:\/\/www.manquecura.cl\/ciudad-del-este\/wp-json\/wp\/v2\/posts\/23589\/revisions"}],"wp:featuredmedia":[{"embeddable":true,"href":"https:\/\/www.manquecura.cl\/ciudad-del-este\/wp-json\/wp\/v2\/media\/23659"}],"wp:attachment":[{"href":"https:\/\/www.manquecura.cl\/ciudad-del-este\/wp-json\/wp\/v2\/media?parent=23589"}],"wp:term":[{"taxonomy":"category","embeddable":true,"href":"https:\/\/www.manquecura.cl\/ciudad-del-este\/wp-json\/wp\/v2\/categories?post=23589"},{"taxonomy":"post_tag","embeddable":true,"href":"https:\/\/www.manquecura.cl\/ciudad-del-este\/wp-json\/wp\/v2\/tags?post=23589"}],"curies":[{"name":"wp","href":"https:\/\/api.w.org\/{rel}","templated":true}]}}