{"id":23527,"date":"2023-11-06T11:55:28","date_gmt":"2023-11-06T14:55:28","guid":{"rendered":"https:\/\/www.manquecura.cl\/ciudad-del-este\/?p=23527"},"modified":"2023-11-06T11:55:28","modified_gmt":"2023-11-06T14:55:28","slug":"actividades-realizadas-en-la-1era-semana-de-la-salud-mental","status":"publish","type":"post","link":"https:\/\/www.manquecura.cl\/ciudad-del-este\/noticias\/actividades-realizadas-en-la-1era-semana-de-la-salud-mental\/","title":{"rendered":"Actividades realizadas en la 1era Semana de la Salud Mental"},"content":{"rendered":"<p>En Manquecura Ciudad del Este, hemos realizado por primera vez una semana de actividades dedicadas a la Salud Mental, en la que destacamos la participaci\u00f3n de todos los estudiantes, a trav\u00e9s de diversas iniciativas tales como:<\/p>\n<p><strong>1era Feria de Salud Mental:<\/strong> Su trabajo tuvo como objetivo el promover el bienestar y sanidad mental de manera integral en nuestros estudiantes y docentes, haciendo \u00e9nfasis en todas sus dimensiones.<\/p>\n<p><strong>Asambleas en Educaci\u00f3n Parvularia:<\/strong><br \/>\n&#8211; D\u00eda del Pijama que record\u00f3 la importancia del buen dormir, para algunos cursos del ciclo.<br \/>\n&#8211; Divisi\u00f3n de tem\u00e1ticas para trabajar por cursos. Play group y Jard\u00edn. Amor propio. Pre K\u00ednder: Buen dormir. K\u00ednder: Tiempo en pantallas.<\/p>\n<p>Las actividades se desarrollaron hacer en relaci\u00f3n con el cuidado de cuerpo, mente, esp\u00edritu y coraz\u00f3n, todo en directa relaci\u00f3n a la salud.<\/p>\n<p>Felicitaciones a a todos los organizadores y a quienes participaron por hacer de esta semana un espacio significativo para el aprendizaje del bienestar y autocuidado.<\/p>\n<p><a href=\"https:\/\/www.manquecura.cl\/ciudad-del-este\/galeria-1era-feria-de-salud-mental\/\">Galer\u00eda 1era Feria de Salud Mental<\/a><\/p>\n<p>Galer\u00eda actividades en Educaci\u00f3n Parvularia<\/p>\n<p>&nbsp;<\/p>\n<p style=\"text-align: center\"><strong>Colegio Manquecura Ciudad del Este<\/strong><\/p>\n<p>\u00a0[multimedia id=&#8221;1&#8243;]<\/p>\n"},"excerpt":{"rendered":"<p>En Manquecura Ciudad del Este, hemos realizado por primera vez una semana de actividades dedicadas a la Salud Mental, en la que destacamos la participaci\u00f3n de todos los estudiantes, a trav\u00e9s de diversas iniciativas tales como: 1era Feria de Salud Mental: Su trabajo tuvo como objetivo el promover el bienestar y sanidad mental de manera [&hellip;]<\/p>\n","protected":false},"author":14,"featured_media":23334,"comment_status":"open","ping_status":"open","sticky":false,"template":"","format":"standard","meta":{"_acf_changed":false,"content-type":"","_jetpack_memberships_contains_paid_content":false,"footnotes":""},"categories":[1],"tags":[],"class_list":["post-23527","post","type-post","status-publish","format-standard","has-post-thumbnail","hentry","category-vida-escolar"],"acf":[],"yoast_head":"<!-- This site is optimized with the Yoast SEO plugin v27.1.1 - https:\/\/yoast.com\/product\/yoast-seo-wordpress\/ -->\n<title>Actividades realizadas en la 1era Semana de la Salud Mental - Colegio Manquecura Ciudad del Este<\/title>\n<meta name=\"robots\" content=\"index, follow, max-snippet:-1, max-image-preview:large, max-video-preview:-1\" \/>\n<link rel=\"canonical\" href=\"https:\/\/www.manquecura.cl\/ciudad-del-este\/noticias\/actividades-realizadas-en-la-1era-semana-de-la-salud-mental\/\" \/>\n<meta property=\"og:locale\" content=\"es_ES\" \/>\n<meta property=\"og:type\" content=\"article\" \/>\n<meta property=\"og:title\" content=\"Actividades realizadas en la 1era Semana de la Salud Mental - Colegio Manquecura Ciudad del Este\" \/>\n<meta property=\"og:description\" content=\"En Manquecura Ciudad del Este, hemos realizado por primera vez una semana de actividades dedicadas a la Salud Mental, en la que destacamos la participaci\u00f3n de todos los estudiantes, a trav\u00e9s de diversas iniciativas tales como: 1era Feria de Salud Mental: Su trabajo tuvo como objetivo el promover el bienestar y sanidad mental de manera [&hellip;]\" \/>\n<meta property=\"og:url\" content=\"https:\/\/www.manquecura.cl\/ciudad-del-este\/noticias\/actividades-realizadas-en-la-1era-semana-de-la-salud-mental\/\" \/>\n<meta property=\"og:site_name\" content=\"Colegio Manquecura Ciudad del Este\" \/>\n<meta property=\"article:publisher\" content=\"http:\/\/www.facebook.com\/ColegiosManquecura\" \/>\n<meta property=\"article:published_time\" content=\"2023-11-06T14:55:28+00:00\" \/>\n<meta name=\"author\" content=\"jorgedelcampo\" \/>\n<meta name=\"twitter:card\" content=\"summary_large_image\" \/>\n<meta name=\"twitter:label1\" content=\"Escrito por\" \/>\n\t<meta name=\"twitter:data1\" content=\"jorgedelcampo\" \/>\n\t<meta name=\"twitter:label2\" content=\"Tiempo de lectura\" \/>\n\t<meta name=\"twitter:data2\" content=\"1 minuto\" \/>\n<script type=\"application\/ld+json\" class=\"yoast-schema-graph\">{\"@context\":\"https:\/\/schema.org\",\"@graph\":[{\"@type\":\"Article\",\"@id\":\"https:\/\/www.manquecura.cl\/ciudad-del-este\/noticias\/actividades-realizadas-en-la-1era-semana-de-la-salud-mental\/#article\",\"isPartOf\":{\"@id\":\"https:\/\/www.manquecura.cl\/ciudad-del-este\/noticias\/actividades-realizadas-en-la-1era-semana-de-la-salud-mental\/\"},\"author\":{\"name\":\"jorgedelcampo\",\"@id\":\"https:\/\/www.manquecura.cl\/ciudad-del-este\/#\/schema\/person\/0debeea140e397b5d490ee7e553255d8\"},\"headline\":\"Actividades realizadas en la 1era Semana de la Salud Mental\",\"datePublished\":\"2023-11-06T14:55:28+00:00\",\"mainEntityOfPage\":{\"@id\":\"https:\/\/www.manquecura.cl\/ciudad-del-este\/noticias\/actividades-realizadas-en-la-1era-semana-de-la-salud-mental\/\"},\"wordCount\":202,\"commentCount\":0,\"publisher\":{\"@id\":\"https:\/\/www.manquecura.cl\/ciudad-del-este\/#organization\"},\"image\":{\"@id\":\"https:\/\/www.manquecura.cl\/ciudad-del-este\/noticias\/actividades-realizadas-en-la-1era-semana-de-la-salud-mental\/#primaryimage\"},\"thumbnailUrl\":\"https:\/\/www.manquecura.cl\/ciudad-del-este\/wp-content\/uploads\/sites\/41\/2023\/10\/FERIA-DE-SALUD-MENTAL.png\",\"articleSection\":[\"Vida Escolar\"],\"inLanguage\":\"es\",\"potentialAction\":[{\"@type\":\"CommentAction\",\"name\":\"Comment\",\"target\":[\"https:\/\/www.manquecura.cl\/ciudad-del-este\/noticias\/actividades-realizadas-en-la-1era-semana-de-la-salud-mental\/#respond\"]}]},{\"@type\":\"WebPage\",\"@id\":\"https:\/\/www.manquecura.cl\/ciudad-del-este\/noticias\/actividades-realizadas-en-la-1era-semana-de-la-salud-mental\/\",\"url\":\"https:\/\/www.manquecura.cl\/ciudad-del-este\/noticias\/actividades-realizadas-en-la-1era-semana-de-la-salud-mental\/\",\"name\":\"Actividades realizadas en la 1era Semana de la Salud Mental - Colegio Manquecura Ciudad del Este\",\"isPartOf\":{\"@id\":\"https:\/\/www.manquecura.cl\/ciudad-del-este\/#website\"},\"primaryImageOfPage\":{\"@id\":\"https:\/\/www.manquecura.cl\/ciudad-del-este\/noticias\/actividades-realizadas-en-la-1era-semana-de-la-salud-mental\/#primaryimage\"},\"image\":{\"@id\":\"https:\/\/www.manquecura.cl\/ciudad-del-este\/noticias\/actividades-realizadas-en-la-1era-semana-de-la-salud-mental\/#primaryimage\"},\"thumbnailUrl\":\"https:\/\/www.manquecura.cl\/ciudad-del-este\/wp-content\/uploads\/sites\/41\/2023\/10\/FERIA-DE-SALUD-MENTAL.png\",\"datePublished\":\"2023-11-06T14:55:28+00:00\",\"breadcrumb\":{\"@id\":\"https:\/\/www.manquecura.cl\/ciudad-del-este\/noticias\/actividades-realizadas-en-la-1era-semana-de-la-salud-mental\/#breadcrumb\"},\"inLanguage\":\"es\",\"potentialAction\":[{\"@type\":\"ReadAction\",\"target\":[\"https:\/\/www.manquecura.cl\/ciudad-del-este\/noticias\/actividades-realizadas-en-la-1era-semana-de-la-salud-mental\/\"]}]},{\"@type\":\"ImageObject\",\"inLanguage\":\"es\",\"@id\":\"https:\/\/www.manquecura.cl\/ciudad-del-este\/noticias\/actividades-realizadas-en-la-1era-semana-de-la-salud-mental\/#primaryimage\",\"url\":\"https:\/\/www.manquecura.cl\/ciudad-del-este\/wp-content\/uploads\/sites\/41\/2023\/10\/FERIA-DE-SALUD-MENTAL.png\",\"contentUrl\":\"https:\/\/www.manquecura.cl\/ciudad-del-este\/wp-content\/uploads\/sites\/41\/2023\/10\/FERIA-DE-SALUD-MENTAL.png\",\"width\":836,\"height\":523},{\"@type\":\"BreadcrumbList\",\"@id\":\"https:\/\/www.manquecura.cl\/ciudad-del-este\/noticias\/actividades-realizadas-en-la-1era-semana-de-la-salud-mental\/#breadcrumb\",\"itemListElement\":[{\"@type\":\"ListItem\",\"position\":1,\"name\":\"Home\",\"item\":\"https:\/\/www.manquecura.cl\/ciudad-del-este\/\"},{\"@type\":\"ListItem\",\"position\":2,\"name\":\"Actividades realizadas en la 1era Semana de la Salud Mental\"}]},{\"@type\":\"WebSite\",\"@id\":\"https:\/\/www.manquecura.cl\/ciudad-del-este\/#website\",\"url\":\"https:\/\/www.manquecura.cl\/ciudad-del-este\/\",\"name\":\"Colegio Manquecura Ciudad del Este\",\"description\":\"\",\"publisher\":{\"@id\":\"https:\/\/www.manquecura.cl\/ciudad-del-este\/#organization\"},\"potentialAction\":[{\"@type\":\"SearchAction\",\"target\":{\"@type\":\"EntryPoint\",\"urlTemplate\":\"https:\/\/www.manquecura.cl\/ciudad-del-este\/?s={search_term_string}\"},\"query-input\":{\"@type\":\"PropertyValueSpecification\",\"valueRequired\":true,\"valueName\":\"search_term_string\"}}],\"inLanguage\":\"es\"},{\"@type\":\"Organization\",\"@id\":\"https:\/\/www.manquecura.cl\/ciudad-del-este\/#organization\",\"name\":\"Colegio Manquecura Ciudad del Este\",\"url\":\"https:\/\/www.manquecura.cl\/ciudad-del-este\/\",\"logo\":{\"@type\":\"ImageObject\",\"inLanguage\":\"es\",\"@id\":\"https:\/\/www.manquecura.cl\/ciudad-del-este\/#\/schema\/logo\/image\/\",\"url\":\"https:\/\/www.manquecura.cl\/ciudad-del-este\/wp-content\/uploads\/sites\/41\/2023\/09\/logo_Manquecura_Ciudad-del-Este_horizontal_color-1.png\",\"contentUrl\":\"https:\/\/www.manquecura.cl\/ciudad-del-este\/wp-content\/uploads\/sites\/41\/2023\/09\/logo_Manquecura_Ciudad-del-Este_horizontal_color-1.png\",\"width\":611,\"height\":183,\"caption\":\"Colegio Manquecura Ciudad del Este\"},\"image\":{\"@id\":\"https:\/\/www.manquecura.cl\/ciudad-del-este\/#\/schema\/logo\/image\/\"},\"sameAs\":[\"http:\/\/www.facebook.com\/ColegiosManquecura\",\"http:\/\/www.instagram.com\/manquecura_ciudaddeleste\/\",\"http:\/\/www.youtube.com\/c\/CognitaChile\"]},{\"@type\":\"Person\",\"@id\":\"https:\/\/www.manquecura.cl\/ciudad-del-este\/#\/schema\/person\/0debeea140e397b5d490ee7e553255d8\",\"name\":\"jorgedelcampo\",\"image\":{\"@type\":\"ImageObject\",\"inLanguage\":\"es\",\"@id\":\"https:\/\/www.manquecura.cl\/ciudad-del-este\/#\/schema\/person\/image\/\",\"url\":\"https:\/\/secure.gravatar.com\/avatar\/4a315f521213b2dc91dbda9bf799f711c8a98ab6f5606ec42cf5b33d1e762e8a?s=96&d=mm&r=g\",\"contentUrl\":\"https:\/\/secure.gravatar.com\/avatar\/4a315f521213b2dc91dbda9bf799f711c8a98ab6f5606ec42cf5b33d1e762e8a?s=96&d=mm&r=g\",\"caption\":\"jorgedelcampo\"}}]}<\/script>\n<!-- \/ Yoast SEO plugin. -->","yoast_head_json":{"title":"Actividades realizadas en la 1era Semana de la Salud Mental - Colegio Manquecura Ciudad del Este","robots":{"index":"index","follow":"follow","max-snippet":"max-snippet:-1","max-image-preview":"max-image-preview:large","max-video-preview":"max-video-preview:-1"},"canonical":"https:\/\/www.manquecura.cl\/ciudad-del-este\/noticias\/actividades-realizadas-en-la-1era-semana-de-la-salud-mental\/","og_locale":"es_ES","og_type":"article","og_title":"Actividades realizadas en la 1era Semana de la Salud Mental - Colegio Manquecura Ciudad del Este","og_description":"En Manquecura Ciudad del Este, hemos realizado por primera vez una semana de actividades dedicadas a la Salud Mental, en la que destacamos la participaci\u00f3n de todos los estudiantes, a trav\u00e9s de diversas iniciativas tales como: 1era Feria de Salud Mental: Su trabajo tuvo como objetivo el promover el bienestar y sanidad mental de manera [&hellip;]","og_url":"https:\/\/www.manquecura.cl\/ciudad-del-este\/noticias\/actividades-realizadas-en-la-1era-semana-de-la-salud-mental\/","og_site_name":"Colegio Manquecura Ciudad del Este","article_publisher":"http:\/\/www.facebook.com\/ColegiosManquecura","article_published_time":"2023-11-06T14:55:28+00:00","author":"jorgedelcampo","twitter_card":"summary_large_image","twitter_misc":{"Escrito por":"jorgedelcampo","Tiempo de lectura":"1 minuto"},"schema":{"@context":"https:\/\/schema.org","@graph":[{"@type":"Article","@id":"https:\/\/www.manquecura.cl\/ciudad-del-este\/noticias\/actividades-realizadas-en-la-1era-semana-de-la-salud-mental\/#article","isPartOf":{"@id":"https:\/\/www.manquecura.cl\/ciudad-del-este\/noticias\/actividades-realizadas-en-la-1era-semana-de-la-salud-mental\/"},"author":{"name":"jorgedelcampo","@id":"https:\/\/www.manquecura.cl\/ciudad-del-este\/#\/schema\/person\/0debeea140e397b5d490ee7e553255d8"},"headline":"Actividades realizadas en la 1era Semana de la Salud Mental","datePublished":"2023-11-06T14:55:28+00:00","mainEntityOfPage":{"@id":"https:\/\/www.manquecura.cl\/ciudad-del-este\/noticias\/actividades-realizadas-en-la-1era-semana-de-la-salud-mental\/"},"wordCount":202,"commentCount":0,"publisher":{"@id":"https:\/\/www.manquecura.cl\/ciudad-del-este\/#organization"},"image":{"@id":"https:\/\/www.manquecura.cl\/ciudad-del-este\/noticias\/actividades-realizadas-en-la-1era-semana-de-la-salud-mental\/#primaryimage"},"thumbnailUrl":"https:\/\/www.manquecura.cl\/ciudad-del-este\/wp-content\/uploads\/sites\/41\/2023\/10\/FERIA-DE-SALUD-MENTAL.png","articleSection":["Vida Escolar"],"inLanguage":"es","potentialAction":[{"@type":"CommentAction","name":"Comment","target":["https:\/\/www.manquecura.cl\/ciudad-del-este\/noticias\/actividades-realizadas-en-la-1era-semana-de-la-salud-mental\/#respond"]}]},{"@type":"WebPage","@id":"https:\/\/www.manquecura.cl\/ciudad-del-este\/noticias\/actividades-realizadas-en-la-1era-semana-de-la-salud-mental\/","url":"https:\/\/www.manquecura.cl\/ciudad-del-este\/noticias\/actividades-realizadas-en-la-1era-semana-de-la-salud-mental\/","name":"Actividades realizadas en la 1era Semana de la Salud Mental - Colegio Manquecura Ciudad del Este","isPartOf":{"@id":"https:\/\/www.manquecura.cl\/ciudad-del-este\/#website"},"primaryImageOfPage":{"@id":"https:\/\/www.manquecura.cl\/ciudad-del-este\/noticias\/actividades-realizadas-en-la-1era-semana-de-la-salud-mental\/#primaryimage"},"image":{"@id":"https:\/\/www.manquecura.cl\/ciudad-del-este\/noticias\/actividades-realizadas-en-la-1era-semana-de-la-salud-mental\/#primaryimage"},"thumbnailUrl":"https:\/\/www.manquecura.cl\/ciudad-del-este\/wp-content\/uploads\/sites\/41\/2023\/10\/FERIA-DE-SALUD-MENTAL.png","datePublished":"2023-11-06T14:55:28+00:00","breadcrumb":{"@id":"https:\/\/www.manquecura.cl\/ciudad-del-este\/noticias\/actividades-realizadas-en-la-1era-semana-de-la-salud-mental\/#breadcrumb"},"inLanguage":"es","potentialAction":[{"@type":"ReadAction","target":["https:\/\/www.manquecura.cl\/ciudad-del-este\/noticias\/actividades-realizadas-en-la-1era-semana-de-la-salud-mental\/"]}]},{"@type":"ImageObject","inLanguage":"es","@id":"https:\/\/www.manquecura.cl\/ciudad-del-este\/noticias\/actividades-realizadas-en-la-1era-semana-de-la-salud-mental\/#primaryimage","url":"https:\/\/www.manquecura.cl\/ciudad-del-este\/wp-content\/uploads\/sites\/41\/2023\/10\/FERIA-DE-SALUD-MENTAL.png","contentUrl":"https:\/\/www.manquecura.cl\/ciudad-del-este\/wp-content\/uploads\/sites\/41\/2023\/10\/FERIA-DE-SALUD-MENTAL.png","width":836,"height":523},{"@type":"BreadcrumbList","@id":"https:\/\/www.manquecura.cl\/ciudad-del-este\/noticias\/actividades-realizadas-en-la-1era-semana-de-la-salud-mental\/#breadcrumb","itemListElement":[{"@type":"ListItem","position":1,"name":"Home","item":"https:\/\/www.manquecura.cl\/ciudad-del-este\/"},{"@type":"ListItem","position":2,"name":"Actividades realizadas en la 1era Semana de la Salud Mental"}]},{"@type":"WebSite","@id":"https:\/\/www.manquecura.cl\/ciudad-del-este\/#website","url":"https:\/\/www.manquecura.cl\/ciudad-del-este\/","name":"Colegio Manquecura Ciudad del Este","description":"","publisher":{"@id":"https:\/\/www.manquecura.cl\/ciudad-del-este\/#organization"},"potentialAction":[{"@type":"SearchAction","target":{"@type":"EntryPoint","urlTemplate":"https:\/\/www.manquecura.cl\/ciudad-del-este\/?s={search_term_string}"},"query-input":{"@type":"PropertyValueSpecification","valueRequired":true,"valueName":"search_term_string"}}],"inLanguage":"es"},{"@type":"Organization","@id":"https:\/\/www.manquecura.cl\/ciudad-del-este\/#organization","name":"Colegio Manquecura Ciudad del Este","url":"https:\/\/www.manquecura.cl\/ciudad-del-este\/","logo":{"@type":"ImageObject","inLanguage":"es","@id":"https:\/\/www.manquecura.cl\/ciudad-del-este\/#\/schema\/logo\/image\/","url":"https:\/\/www.manquecura.cl\/ciudad-del-este\/wp-content\/uploads\/sites\/41\/2023\/09\/logo_Manquecura_Ciudad-del-Este_horizontal_color-1.png","contentUrl":"https:\/\/www.manquecura.cl\/ciudad-del-este\/wp-content\/uploads\/sites\/41\/2023\/09\/logo_Manquecura_Ciudad-del-Este_horizontal_color-1.png","width":611,"height":183,"caption":"Colegio Manquecura Ciudad del Este"},"image":{"@id":"https:\/\/www.manquecura.cl\/ciudad-del-este\/#\/schema\/logo\/image\/"},"sameAs":["http:\/\/www.facebook.com\/ColegiosManquecura","http:\/\/www.instagram.com\/manquecura_ciudaddeleste\/","http:\/\/www.youtube.com\/c\/CognitaChile"]},{"@type":"Person","@id":"https:\/\/www.manquecura.cl\/ciudad-del-este\/#\/schema\/person\/0debeea140e397b5d490ee7e553255d8","name":"jorgedelcampo","image":{"@type":"ImageObject","inLanguage":"es","@id":"https:\/\/www.manquecura.cl\/ciudad-del-este\/#\/schema\/person\/image\/","url":"https:\/\/secure.gravatar.com\/avatar\/4a315f521213b2dc91dbda9bf799f711c8a98ab6f5606ec42cf5b33d1e762e8a?s=96&d=mm&r=g","contentUrl":"https:\/\/secure.gravatar.com\/avatar\/4a315f521213b2dc91dbda9bf799f711c8a98ab6f5606ec42cf5b33d1e762e8a?s=96&d=mm&r=g","caption":"jorgedelcampo"}}]}},"jetpack_featured_media_url":"https:\/\/www.manquecura.cl\/ciudad-del-este\/wp-content\/uploads\/sites\/41\/2023\/10\/FERIA-DE-SALUD-MENTAL.png","previous_post_ID":23550,"previous_post_title":"Actividades de la Semana de la Salud en Educaci\u00f3n Parvularia","previous_post_excerpt":"","previous_post_link":"https:\/\/www.manquecura.cl\/ciudad-del-este\/noticias\/actividades-de-la-semana-de-la-salud-en-educacion-parvularia\/","previous_post_class":["post-23550","post","type-post","status-publish","format-standard","has-post-thumbnail","hentry","category-vida-escolar"],"next_post_ID":125750,"next_post_title":"Salida Pedag\u00f3gica 8vo B\u00e1sico","next_post_excerpt":"Los octavos b\u00e1sicos realizaron una entretenida salida al parque Natural Aguas de Ram\u00f3n, participando de una charla acerca de los principios de no dejar rastro, pudiendo acceder a charlas con los guardaparques quienes hablaron de la flora y fauna del lugar. Manquecura Ciudad del Este &nbsp; [multimedia id=&#8221;1&#8243;]","next_post_link":"https:\/\/www.manquecura.cl\/ciudad-del-este\/noticias\/salida-pedagogica-8vo-basico\/","next_post_class":["post-125750","post","type-post","status-publish","format-standard","has-post-thumbnail","hentry","category-vida-escolar"],"jetpack_sharing_enabled":true,"_links":{"self":[{"href":"https:\/\/www.manquecura.cl\/ciudad-del-este\/wp-json\/wp\/v2\/posts\/23527","targetHints":{"allow":["GET"]}}],"collection":[{"href":"https:\/\/www.manquecura.cl\/ciudad-del-este\/wp-json\/wp\/v2\/posts"}],"about":[{"href":"https:\/\/www.manquecura.cl\/ciudad-del-este\/wp-json\/wp\/v2\/types\/post"}],"author":[{"embeddable":true,"href":"https:\/\/www.manquecura.cl\/ciudad-del-este\/wp-json\/wp\/v2\/users\/14"}],"replies":[{"embeddable":true,"href":"https:\/\/www.manquecura.cl\/ciudad-del-este\/wp-json\/wp\/v2\/comments?post=23527"}],"version-history":[{"count":0,"href":"https:\/\/www.manquecura.cl\/ciudad-del-este\/wp-json\/wp\/v2\/posts\/23527\/revisions"}],"wp:featuredmedia":[{"embeddable":true,"href":"https:\/\/www.manquecura.cl\/ciudad-del-este\/wp-json\/wp\/v2\/media\/23334"}],"wp:attachment":[{"href":"https:\/\/www.manquecura.cl\/ciudad-del-este\/wp-json\/wp\/v2\/media?parent=23527"}],"wp:term":[{"taxonomy":"category","embeddable":true,"href":"https:\/\/www.manquecura.cl\/ciudad-del-este\/wp-json\/wp\/v2\/categories?post=23527"},{"taxonomy":"post_tag","embeddable":true,"href":"https:\/\/www.manquecura.cl\/ciudad-del-este\/wp-json\/wp\/v2\/tags?post=23527"}],"curies":[{"name":"wp","href":"https:\/\/api.w.org\/{rel}","templated":true}]}}